{"id":26402,"date":"2025-08-18T20:43:47","date_gmt":"2025-08-18T23:43:47","guid":{"rendered":"https:\/\/agenciainfra.com\/blog\/?p=26402"},"modified":"2025-08-18T20:43:50","modified_gmt":"2025-08-18T23:43:50","slug":"jope-isb-e-onu-fazem-acordo-de-apoio-a-migrantes-em-vulnerabilidade","status":"publish","type":"post","link":"https:\/\/agenciainfra.com\/blog\/jope-isb-e-onu-fazem-acordo-de-apoio-a-migrantes-em-vulnerabilidade\/","title":{"rendered":"Jope ISB e ONU fazem acordo de apoio a migrantes em vulnerabilidade"},"content":{"rendered":"\n<p class=\"has-text-align-right\"><strong>da Ag\u00eancia iNFRA<\/strong><\/p>\n\n\n\n<p>A Jope ISB, controladora das Sociedades de Prop\u00f3sito Espec\u00edfico Inova BH e Sa\u00fade BH, e a OIM, Ag\u00eancia da ONU para as Migra\u00e7\u00f5es, assinaram, em S\u00e3o Paulo, um memorando de entendimento para ampliar a parceria entre as organiza\u00e7\u00f5es.&nbsp;<\/p>\n\n\n\n<p>O acordo inclui a proposi\u00e7\u00e3o de a\u00e7\u00f5es de apoio econ\u00f4mico e social para migrantes em condi\u00e7\u00f5es de vulnerabilidade que cheguem ao pa\u00eds. A oferta de trabalho para esses migrantes nos novos projetos da Jope ISB, em Minas Gerais e no Rio Grande do Sul, deve come\u00e7ar a ocorrer em breve.<\/p>\n\n\n\n<p>Jope ISB e OIM ir\u00e3o a partir da assinatura do memorando come\u00e7ar o di\u00e1logo para a identifica\u00e7\u00e3o de oportunidades de projetos e abertura de ofertas de trabalho qualificado para migrantes, que ser\u00e3o anunciadas oportunamente. A OIM tamb\u00e9m se prepara para organizar encontros com gestores da Jope ISB a fim de trein\u00e1-los sobre como devem atuar na recep\u00e7\u00e3o e orienta\u00e7\u00e3o dos migrantes quando forem contratados.<\/p>\n\n\n\n<p><\/p>\n","protected":false},"excerpt":{"rendered":"<p>da Ag\u00eancia iNFRA A Jope ISB, controladora das Sociedades de Prop\u00f3sito Espec\u00edfico Inova BH e Sa\u00fade BH, e a OIM, Ag\u00eancia da ONU para as Migra\u00e7\u00f5es, assinaram, em S\u00e3o Paulo, um memorando de entendimento para ampliar a parceria entre as organiza\u00e7\u00f5es.&nbsp; O acordo inclui a proposi\u00e7\u00e3o de a\u00e7\u00f5es de apoio econ\u00f4mico e social para migrantes [&hellip;]<\/p>\n","protected":false},"author":1,"featured_media":26403,"comment_status":"closed","ping_status":"closed","sticky":false,"template":"","format":"standard","meta":{"_monsterinsights_skip_tracking":false,"_monsterinsights_sitenote_active":false,"_monsterinsights_sitenote_note":"","_monsterinsights_sitenote_category":0,"footnotes":""},"categories":[1,13576],"tags":[14234,14874,14872,14875],"class_list":["post-26402","post","type-post","status-publish","format-standard","has-post-thumbnail","hentry","category-geral","category-giro-infra","tag-jope-isb","tag-migrantes","tag-oni","tag-vulnerabilidade"],"yoast_head":"<!-- This site is optimized with the Yoast SEO Premium plugin v25.4 (Yoast SEO v26.0) - https:\/\/yoast.com\/wordpress\/plugins\/seo\/ -->\n<title>Jope ISB e ONU fazem acordo de apoio a migrantes em vulnerabilidade - Ag\u00eancia iNFRA<\/title>\n<meta name=\"robots\" content=\"index, follow, max-snippet:-1, max-image-preview:large, max-video-preview:-1\" \/>\n<link rel=\"canonical\" href=\"https:\/\/agenciainfra.com\/blog\/jope-isb-e-onu-fazem-acordo-de-apoio-a-migrantes-em-vulnerabilidade\/\" \/>\n<meta property=\"og:locale\" content=\"pt_BR\" \/>\n<meta property=\"og:type\" content=\"article\" \/>\n<meta property=\"og:title\" content=\"Jope ISB e ONU fazem acordo de apoio a migrantes em vulnerabilidade\" \/>\n<meta property=\"og:description\" content=\"da Ag\u00eancia iNFRA A Jope ISB, controladora das Sociedades de Prop\u00f3sito Espec\u00edfico Inova BH e Sa\u00fade BH, e a OIM, Ag\u00eancia da ONU para as Migra\u00e7\u00f5es, assinaram, em S\u00e3o Paulo, um memorando de entendimento para ampliar a parceria entre as organiza\u00e7\u00f5es.&nbsp; O acordo inclui a proposi\u00e7\u00e3o de a\u00e7\u00f5es de apoio econ\u00f4mico e social para migrantes [&hellip;]\" \/>\n<meta property=\"og:url\" content=\"https:\/\/agenciainfra.com\/blog\/jope-isb-e-onu-fazem-acordo-de-apoio-a-migrantes-em-vulnerabilidade\/\" \/>\n<meta property=\"og:site_name\" content=\"Ag\u00eancia iNFRA\" \/>\n<meta property=\"article:publisher\" content=\"https:\/\/www.facebook.com\/ageninfra\" \/>\n<meta property=\"article:published_time\" content=\"2025-08-18T23:43:47+00:00\" \/>\n<meta property=\"article:modified_time\" content=\"2025-08-18T23:43:50+00:00\" \/>\n<meta property=\"og:image\" content=\"https:\/\/agenciainfra.com\/blog\/wp-content\/uploads\/2025\/08\/oim-migrantes-venezuelanos-.jpg\" \/>\n\t<meta property=\"og:image:width\" content=\"1200\" \/>\n\t<meta property=\"og:image:height\" content=\"630\" \/>\n\t<meta property=\"og:image:type\" content=\"image\/jpeg\" \/>\n<meta name=\"author\" content=\"Ag\u00eancia iNFRA\" \/>\n<meta name=\"twitter:card\" content=\"summary_large_image\" \/>\n<meta name=\"twitter:creator\" content=\"@agencia_infra\" \/>\n<meta name=\"twitter:site\" content=\"@agencia_infra\" \/>\n<meta name=\"twitter:label1\" content=\"Escrito por\" \/>\n\t<meta name=\"twitter:data1\" content=\"Ag\u00eancia iNFRA\" \/>\n\t<meta name=\"twitter:label2\" content=\"Est. tempo de leitura\" \/>\n\t<meta name=\"twitter:data2\" content=\"1 minuto\" \/>\n<script type=\"application\/ld+json\" class=\"yoast-schema-graph\">{\"@context\":\"https:\/\/schema.org\",\"@graph\":[{\"@type\":\"Article\",\"@id\":\"https:\/\/agenciainfra.com\/blog\/jope-isb-e-onu-fazem-acordo-de-apoio-a-migrantes-em-vulnerabilidade\/#article\",\"isPartOf\":{\"@id\":\"https:\/\/agenciainfra.com\/blog\/jope-isb-e-onu-fazem-acordo-de-apoio-a-migrantes-em-vulnerabilidade\/\"},\"author\":{\"name\":\"Ag\u00eancia iNFRA\",\"@id\":\"https:\/\/agenciainfra.com\/blog\/#\/schema\/person\/34af08dff6adea4cb22b06612ba7acfa\"},\"headline\":\"Jope ISB e ONU fazem acordo de apoio a migrantes em vulnerabilidade\",\"datePublished\":\"2025-08-18T23:43:47+00:00\",\"dateModified\":\"2025-08-18T23:43:50+00:00\",\"mainEntityOfPage\":{\"@id\":\"https:\/\/agenciainfra.com\/blog\/jope-isb-e-onu-fazem-acordo-de-apoio-a-migrantes-em-vulnerabilidade\/\"},\"wordCount\":191,\"publisher\":{\"@id\":\"https:\/\/agenciainfra.com\/blog\/#organization\"},\"image\":{\"@id\":\"https:\/\/agenciainfra.com\/blog\/jope-isb-e-onu-fazem-acordo-de-apoio-a-migrantes-em-vulnerabilidade\/#primaryimage\"},\"thumbnailUrl\":\"https:\/\/agenciainfra.com\/blog\/wp-content\/uploads\/2025\/08\/oim-migrantes-venezuelanos-.jpg\",\"keywords\":[\"JOPE ISB\",\"migrantes\",\"ONI\",\"vulnerabilidade\"],\"articleSection\":[\"Geral\",\"Giro iNFRA\"],\"inLanguage\":\"pt-BR\",\"copyrightYear\":\"2025\",\"copyrightHolder\":{\"@id\":\"https:\/\/agenciainfra.com\/blog\/#organization\"}},{\"@type\":\"WebPage\",\"@id\":\"https:\/\/agenciainfra.com\/blog\/jope-isb-e-onu-fazem-acordo-de-apoio-a-migrantes-em-vulnerabilidade\/\",\"url\":\"https:\/\/agenciainfra.com\/blog\/jope-isb-e-onu-fazem-acordo-de-apoio-a-migrantes-em-vulnerabilidade\/\",\"name\":\"Jope ISB e ONU fazem acordo de apoio a migrantes em vulnerabilidade - Ag\u00eancia iNFRA\",\"isPartOf\":{\"@id\":\"https:\/\/agenciainfra.com\/blog\/#website\"},\"primaryImageOfPage\":{\"@id\":\"https:\/\/agenciainfra.com\/blog\/jope-isb-e-onu-fazem-acordo-de-apoio-a-migrantes-em-vulnerabilidade\/#primaryimage\"},\"image\":{\"@id\":\"https:\/\/agenciainfra.com\/blog\/jope-isb-e-onu-fazem-acordo-de-apoio-a-migrantes-em-vulnerabilidade\/#primaryimage\"},\"thumbnailUrl\":\"https:\/\/agenciainfra.com\/blog\/wp-content\/uploads\/2025\/08\/oim-migrantes-venezuelanos-.jpg\",\"datePublished\":\"2025-08-18T23:43:47+00:00\",\"dateModified\":\"2025-08-18T23:43:50+00:00\",\"breadcrumb\":{\"@id\":\"https:\/\/agenciainfra.com\/blog\/jope-isb-e-onu-fazem-acordo-de-apoio-a-migrantes-em-vulnerabilidade\/#breadcrumb\"},\"inLanguage\":\"pt-BR\",\"potentialAction\":[{\"@type\":\"ReadAction\",\"target\":[\"https:\/\/agenciainfra.com\/blog\/jope-isb-e-onu-fazem-acordo-de-apoio-a-migrantes-em-vulnerabilidade\/\"]}]},{\"@type\":\"ImageObject\",\"inLanguage\":\"pt-BR\",\"@id\":\"https:\/\/agenciainfra.com\/blog\/jope-isb-e-onu-fazem-acordo-de-apoio-a-migrantes-em-vulnerabilidade\/#primaryimage\",\"url\":\"https:\/\/agenciainfra.com\/blog\/wp-content\/uploads\/2025\/08\/oim-migrantes-venezuelanos-.jpg\",\"contentUrl\":\"https:\/\/agenciainfra.com\/blog\/wp-content\/uploads\/2025\/08\/oim-migrantes-venezuelanos-.jpg\",\"width\":1200,\"height\":630,\"caption\":\"Foto: Divulga\u00e7\u00e3o\/OIM ONU\"},{\"@type\":\"BreadcrumbList\",\"@id\":\"https:\/\/agenciainfra.com\/blog\/jope-isb-e-onu-fazem-acordo-de-apoio-a-migrantes-em-vulnerabilidade\/#breadcrumb\",\"itemListElement\":[{\"@type\":\"ListItem\",\"position\":1,\"name\":\"In\u00edcio\",\"item\":\"https:\/\/agenciainfra.com\/blog\/\"},{\"@type\":\"ListItem\",\"position\":2,\"name\":\"Jope ISB e ONU fazem acordo de apoio a migrantes em vulnerabilidade\"}]},{\"@type\":\"WebSite\",\"@id\":\"https:\/\/agenciainfra.com\/blog\/#website\",\"url\":\"https:\/\/agenciainfra.com\/blog\/\",\"name\":\"Ag\u00eancia iNFRA\",\"description\":\"Multiplataforma de informa\u00e7\u00e3o jornal\u00edstica refer\u00eancia na \u00e1rea de infraestrutura no Brasil!\",\"publisher\":{\"@id\":\"https:\/\/agenciainfra.com\/blog\/#organization\"},\"potentialAction\":[{\"@type\":\"SearchAction\",\"target\":{\"@type\":\"EntryPoint\",\"urlTemplate\":\"https:\/\/agenciainfra.com\/blog\/?s={search_term_string}\"},\"query-input\":{\"@type\":\"PropertyValueSpecification\",\"valueRequired\":true,\"valueName\":\"search_term_string\"}}],\"inLanguage\":\"pt-BR\"},{\"@type\":\"Organization\",\"@id\":\"https:\/\/agenciainfra.com\/blog\/#organization\",\"name\":\"Ag\u00eancia iNFRA\",\"url\":\"https:\/\/agenciainfra.com\/blog\/\",\"logo\":{\"@type\":\"ImageObject\",\"inLanguage\":\"pt-BR\",\"@id\":\"https:\/\/agenciainfra.com\/blog\/#\/schema\/logo\/image\/\",\"url\":\"https:\/\/agenciainfra.com\/blog\/wp-content\/uploads\/2023\/09\/iNFRA_5-e1761735885940.png\",\"contentUrl\":\"https:\/\/agenciainfra.com\/blog\/wp-content\/uploads\/2023\/09\/iNFRA_5-e1761735885940.png\",\"width\":1672,\"height\":454,\"caption\":\"Ag\u00eancia iNFRA\"},\"image\":{\"@id\":\"https:\/\/agenciainfra.com\/blog\/#\/schema\/logo\/image\/\"},\"sameAs\":[\"https:\/\/www.facebook.com\/ageninfra\",\"https:\/\/x.com\/agencia_infra\",\"https:\/\/www.linkedin.com\/company\/ag\u00eanciainfra\/\",\"https:\/\/www.instagram.com\/agenciainfra\/\"]},{\"@type\":\"Person\",\"@id\":\"https:\/\/agenciainfra.com\/blog\/#\/schema\/person\/34af08dff6adea4cb22b06612ba7acfa\",\"name\":\"Ag\u00eancia iNFRA\",\"image\":{\"@type\":\"ImageObject\",\"inLanguage\":\"pt-BR\",\"@id\":\"https:\/\/agenciainfra.com\/blog\/#\/schema\/person\/image\/\",\"url\":\"https:\/\/secure.gravatar.com\/avatar\/d189e01678f06d8eb84d4e01f08eb848b3fffe3f8443818d3c356c66892f5be8?s=96&d=mm&r=g\",\"contentUrl\":\"https:\/\/secure.gravatar.com\/avatar\/d189e01678f06d8eb84d4e01f08eb848b3fffe3f8443818d3c356c66892f5be8?s=96&d=mm&r=g\",\"caption\":\"Ag\u00eancia iNFRA\"},\"url\":\"https:\/\/agenciainfra.com\/blog\/author\/admin\/\"}]}<\/script>\n<!-- \/ Yoast SEO Premium plugin. -->","yoast_head_json":{"title":"Jope ISB e ONU fazem acordo de apoio a migrantes em vulnerabilidade - Ag\u00eancia iNFRA","robots":{"index":"index","follow":"follow","max-snippet":"max-snippet:-1","max-image-preview":"max-image-preview:large","max-video-preview":"max-video-preview:-1"},"canonical":"https:\/\/agenciainfra.com\/blog\/jope-isb-e-onu-fazem-acordo-de-apoio-a-migrantes-em-vulnerabilidade\/","og_locale":"pt_BR","og_type":"article","og_title":"Jope ISB e ONU fazem acordo de apoio a migrantes em vulnerabilidade","og_description":"da Ag\u00eancia iNFRA A Jope ISB, controladora das Sociedades de Prop\u00f3sito Espec\u00edfico Inova BH e Sa\u00fade BH, e a OIM, Ag\u00eancia da ONU para as Migra\u00e7\u00f5es, assinaram, em S\u00e3o Paulo, um memorando de entendimento para ampliar a parceria entre as organiza\u00e7\u00f5es.&nbsp; O acordo inclui a proposi\u00e7\u00e3o de a\u00e7\u00f5es de apoio econ\u00f4mico e social para migrantes [&hellip;]","og_url":"https:\/\/agenciainfra.com\/blog\/jope-isb-e-onu-fazem-acordo-de-apoio-a-migrantes-em-vulnerabilidade\/","og_site_name":"Ag\u00eancia iNFRA","article_publisher":"https:\/\/www.facebook.com\/ageninfra","article_published_time":"2025-08-18T23:43:47+00:00","article_modified_time":"2025-08-18T23:43:50+00:00","og_image":[{"width":1200,"height":630,"url":"https:\/\/agenciainfra.com\/blog\/wp-content\/uploads\/2025\/08\/oim-migrantes-venezuelanos-.jpg","type":"image\/jpeg"}],"author":"Ag\u00eancia iNFRA","twitter_card":"summary_large_image","twitter_creator":"@agencia_infra","twitter_site":"@agencia_infra","twitter_misc":{"Escrito por":"Ag\u00eancia iNFRA","Est. tempo de leitura":"1 minuto"},"schema":{"@context":"https:\/\/schema.org","@graph":[{"@type":"Article","@id":"https:\/\/agenciainfra.com\/blog\/jope-isb-e-onu-fazem-acordo-de-apoio-a-migrantes-em-vulnerabilidade\/#article","isPartOf":{"@id":"https:\/\/agenciainfra.com\/blog\/jope-isb-e-onu-fazem-acordo-de-apoio-a-migrantes-em-vulnerabilidade\/"},"author":{"name":"Ag\u00eancia iNFRA","@id":"https:\/\/agenciainfra.com\/blog\/#\/schema\/person\/34af08dff6adea4cb22b06612ba7acfa"},"headline":"Jope ISB e ONU fazem acordo de apoio a migrantes em vulnerabilidade","datePublished":"2025-08-18T23:43:47+00:00","dateModified":"2025-08-18T23:43:50+00:00","mainEntityOfPage":{"@id":"https:\/\/agenciainfra.com\/blog\/jope-isb-e-onu-fazem-acordo-de-apoio-a-migrantes-em-vulnerabilidade\/"},"wordCount":191,"publisher":{"@id":"https:\/\/agenciainfra.com\/blog\/#organization"},"image":{"@id":"https:\/\/agenciainfra.com\/blog\/jope-isb-e-onu-fazem-acordo-de-apoio-a-migrantes-em-vulnerabilidade\/#primaryimage"},"thumbnailUrl":"https:\/\/agenciainfra.com\/blog\/wp-content\/uploads\/2025\/08\/oim-migrantes-venezuelanos-.jpg","keywords":["JOPE ISB","migrantes","ONI","vulnerabilidade"],"articleSection":["Geral","Giro iNFRA"],"inLanguage":"pt-BR","copyrightYear":"2025","copyrightHolder":{"@id":"https:\/\/agenciainfra.com\/blog\/#organization"}},{"@type":"WebPage","@id":"https:\/\/agenciainfra.com\/blog\/jope-isb-e-onu-fazem-acordo-de-apoio-a-migrantes-em-vulnerabilidade\/","url":"https:\/\/agenciainfra.com\/blog\/jope-isb-e-onu-fazem-acordo-de-apoio-a-migrantes-em-vulnerabilidade\/","name":"Jope ISB e ONU fazem acordo de apoio a migrantes em vulnerabilidade - Ag\u00eancia iNFRA","isPartOf":{"@id":"https:\/\/agenciainfra.com\/blog\/#website"},"primaryImageOfPage":{"@id":"https:\/\/agenciainfra.com\/blog\/jope-isb-e-onu-fazem-acordo-de-apoio-a-migrantes-em-vulnerabilidade\/#primaryimage"},"image":{"@id":"https:\/\/agenciainfra.com\/blog\/jope-isb-e-onu-fazem-acordo-de-apoio-a-migrantes-em-vulnerabilidade\/#primaryimage"},"thumbnailUrl":"https:\/\/agenciainfra.com\/blog\/wp-content\/uploads\/2025\/08\/oim-migrantes-venezuelanos-.jpg","datePublished":"2025-08-18T23:43:47+00:00","dateModified":"2025-08-18T23:43:50+00:00","breadcrumb":{"@id":"https:\/\/agenciainfra.com\/blog\/jope-isb-e-onu-fazem-acordo-de-apoio-a-migrantes-em-vulnerabilidade\/#breadcrumb"},"inLanguage":"pt-BR","potentialAction":[{"@type":"ReadAction","target":["https:\/\/agenciainfra.com\/blog\/jope-isb-e-onu-fazem-acordo-de-apoio-a-migrantes-em-vulnerabilidade\/"]}]},{"@type":"ImageObject","inLanguage":"pt-BR","@id":"https:\/\/agenciainfra.com\/blog\/jope-isb-e-onu-fazem-acordo-de-apoio-a-migrantes-em-vulnerabilidade\/#primaryimage","url":"https:\/\/agenciainfra.com\/blog\/wp-content\/uploads\/2025\/08\/oim-migrantes-venezuelanos-.jpg","contentUrl":"https:\/\/agenciainfra.com\/blog\/wp-content\/uploads\/2025\/08\/oim-migrantes-venezuelanos-.jpg","width":1200,"height":630,"caption":"Foto: Divulga\u00e7\u00e3o\/OIM ONU"},{"@type":"BreadcrumbList","@id":"https:\/\/agenciainfra.com\/blog\/jope-isb-e-onu-fazem-acordo-de-apoio-a-migrantes-em-vulnerabilidade\/#breadcrumb","itemListElement":[{"@type":"ListItem","position":1,"name":"In\u00edcio","item":"https:\/\/agenciainfra.com\/blog\/"},{"@type":"ListItem","position":2,"name":"Jope ISB e ONU fazem acordo de apoio a migrantes em vulnerabilidade"}]},{"@type":"WebSite","@id":"https:\/\/agenciainfra.com\/blog\/#website","url":"https:\/\/agenciainfra.com\/blog\/","name":"Ag\u00eancia iNFRA","description":"Multiplataforma de informa\u00e7\u00e3o jornal\u00edstica refer\u00eancia na \u00e1rea de infraestrutura no Brasil!","publisher":{"@id":"https:\/\/agenciainfra.com\/blog\/#organization"},"potentialAction":[{"@type":"SearchAction","target":{"@type":"EntryPoint","urlTemplate":"https:\/\/agenciainfra.com\/blog\/?s={search_term_string}"},"query-input":{"@type":"PropertyValueSpecification","valueRequired":true,"valueName":"search_term_string"}}],"inLanguage":"pt-BR"},{"@type":"Organization","@id":"https:\/\/agenciainfra.com\/blog\/#organization","name":"Ag\u00eancia iNFRA","url":"https:\/\/agenciainfra.com\/blog\/","logo":{"@type":"ImageObject","inLanguage":"pt-BR","@id":"https:\/\/agenciainfra.com\/blog\/#\/schema\/logo\/image\/","url":"https:\/\/agenciainfra.com\/blog\/wp-content\/uploads\/2023\/09\/iNFRA_5-e1761735885940.png","contentUrl":"https:\/\/agenciainfra.com\/blog\/wp-content\/uploads\/2023\/09\/iNFRA_5-e1761735885940.png","width":1672,"height":454,"caption":"Ag\u00eancia iNFRA"},"image":{"@id":"https:\/\/agenciainfra.com\/blog\/#\/schema\/logo\/image\/"},"sameAs":["https:\/\/www.facebook.com\/ageninfra","https:\/\/x.com\/agencia_infra","https:\/\/www.linkedin.com\/company\/ag\u00eanciainfra\/","https:\/\/www.instagram.com\/agenciainfra\/"]},{"@type":"Person","@id":"https:\/\/agenciainfra.com\/blog\/#\/schema\/person\/34af08dff6adea4cb22b06612ba7acfa","name":"Ag\u00eancia iNFRA","image":{"@type":"ImageObject","inLanguage":"pt-BR","@id":"https:\/\/agenciainfra.com\/blog\/#\/schema\/person\/image\/","url":"https:\/\/secure.gravatar.com\/avatar\/d189e01678f06d8eb84d4e01f08eb848b3fffe3f8443818d3c356c66892f5be8?s=96&d=mm&r=g","contentUrl":"https:\/\/secure.gravatar.com\/avatar\/d189e01678f06d8eb84d4e01f08eb848b3fffe3f8443818d3c356c66892f5be8?s=96&d=mm&r=g","caption":"Ag\u00eancia iNFRA"},"url":"https:\/\/agenciainfra.com\/blog\/author\/admin\/"}]}},"_links":{"self":[{"href":"https:\/\/agenciainfra.com\/blog\/wp-json\/wp\/v2\/posts\/26402","targetHints":{"allow":["GET"]}}],"collection":[{"href":"https:\/\/agenciainfra.com\/blog\/wp-json\/wp\/v2\/posts"}],"about":[{"href":"https:\/\/agenciainfra.com\/blog\/wp-json\/wp\/v2\/types\/post"}],"author":[{"embeddable":true,"href":"https:\/\/agenciainfra.com\/blog\/wp-json\/wp\/v2\/users\/1"}],"replies":[{"embeddable":true,"href":"https:\/\/agenciainfra.com\/blog\/wp-json\/wp\/v2\/comments?post=26402"}],"version-history":[{"count":1,"href":"https:\/\/agenciainfra.com\/blog\/wp-json\/wp\/v2\/posts\/26402\/revisions"}],"predecessor-version":[{"id":26404,"href":"https:\/\/agenciainfra.com\/blog\/wp-json\/wp\/v2\/posts\/26402\/revisions\/26404"}],"wp:featuredmedia":[{"embeddable":true,"href":"https:\/\/agenciainfra.com\/blog\/wp-json\/wp\/v2\/media\/26403"}],"wp:attachment":[{"href":"https:\/\/agenciainfra.com\/blog\/wp-json\/wp\/v2\/media?parent=26402"}],"wp:term":[{"taxonomy":"category","embeddable":true,"href":"https:\/\/agenciainfra.com\/blog\/wp-json\/wp\/v2\/categories?post=26402"},{"taxonomy":"post_tag","embeddable":true,"href":"https:\/\/agenciainfra.com\/blog\/wp-json\/wp\/v2\/tags?post=26402"}],"curies":[{"name":"wp","href":"https:\/\/api.w.org\/{rel}","templated":true}]}}