{"id":26405,"date":"2025-08-19T08:23:00","date_gmt":"2025-08-19T11:23:00","guid":{"rendered":"https:\/\/agenciainfra.com\/blog\/?p=26405"},"modified":"2025-08-20T11:08:24","modified_gmt":"2025-08-20T14:08:24","slug":"comprovacao-de-capacidade-financeira-reduz-irregularidade-no-saneamento","status":"publish","type":"post","link":"https:\/\/agenciainfra.com\/blog\/comprovacao-de-capacidade-financeira-reduz-irregularidade-no-saneamento\/","title":{"rendered":"Comprova\u00e7\u00e3o de capacidade financeira reduz irregularidade no saneamento"},"content":{"rendered":"\n<p class=\"has-text-align-right\"><strong>Sheyla Santos, da Ag\u00eancia iNFRA<\/strong><\/p>\n\n\n\n<p>A exig\u00eancia de comprova\u00e7\u00e3o de\u00a0capacidade econ\u00f4mico-financeira dos prestadores de servi\u00e7o de saneamento contribuiu para reduzir &#8220;significativamente&#8221; a irregularidade contratual no setor. Essa \u00e9 uma das conclus\u00f5es\u00a0do estudo \u201cAvan\u00e7os do Marco Legal do Saneamento B\u00e1sico no Brasil de 2025 (SINISA, 2023)\u201d, divulgado nesta ter\u00e7a-feira (19) pelo Instituto Trata Brasil em parceria com a GO Associados.<br><br>O <a href=\"https:\/\/tratabrasil.org.br\/avancos-do-novo-marco-legal-do-saneamento-basico-no-brasil-2025-sinisa-2023\/\">documento<\/a> avalia os avan\u00e7os do marco legal sob as perspectivas regulat\u00f3ria e institucional e tem como base dados do Sistema Nacional de Informa\u00e7\u00f5es em Saneamento B\u00e1sico de 2019 a 2023.<br><br>A exig\u00eancia de comprova\u00e7\u00e3o de capacidade econ\u00f4mico-financeira foi uma das diretrizes do marco legal, regulamentada por decreto. Em an\u00e1lise a partir\u00a0de dados fornecidos pela ANA (Ag\u00eancia Nacional de \u00c1guas e Saneamento B\u00e1sico), o estudo aponta que\u00a0tanto o n\u00famero de munic\u00edpios em situa\u00e7\u00e3o pendente de comprova\u00e7\u00e3o de capacidade econ\u00f4mico-financeira quanto a popula\u00e7\u00e3o residente nos munic\u00edpios com contratos considerados irregulares reduziram-se praticamente para um ter\u00e7o do que eram antes.<br><br>O n\u00famero de munic\u00edpios diminuiu de 1.106 para 363. Com isso, hoje, apenas cerca de 7% das cidades\u00a0(representando 3% da popula\u00e7\u00e3o) permanecem irregulares, localizadas principalmente no Acre, na Para\u00edba e em Roraima.\u00a0A principal explica\u00e7\u00e3o para o avan\u00e7o, segundo o estudo, \u00e9 a realiza\u00e7\u00e3o de licita\u00e7\u00f5es com a inclus\u00e3o de modelos com a participa\u00e7\u00e3o privada ou a reestrutura\u00e7\u00e3o de contratos existentes em grandes centros urbanos, al\u00e9m da desestatiza\u00e7\u00e3o de companhias estaduais, como a Corsan (Companhia Riograndense de Saneamento) e a Sabesp (SP).<br><br>O documento tamb\u00e9m mostra que os munic\u00edpios com operadores sem capacidade econ\u00f4mico-financeira de cumprir compromissos s\u00e3o justamente os que\u00a0investem menos de um quarto do valor m\u00e9dio (R$ 53,63) estipulado pelo Plansab (Plano Nacional de Saneamento B\u00e1sico) para a universaliza\u00e7\u00e3o, que \u00e9 de R$ 223,82 por habitante.<br><br>&#8220;J\u00e1 os munic\u00edpios regulares investiram R$ 121,26 por habitante, mais que o dobro do montante investido nos irregulares. Esses n\u00fameros demonstram que, sem seguran\u00e7a jur\u00eddica e econ\u00f4mica, dificilmente os munic\u00edpios irregulares conseguir\u00e3o mobilizar os recursos necess\u00e1rios para cumprir as metas de 2033&#8221;, aponta o estudo.<br><br><strong>Recursos<\/strong><br>O atual cen\u00e1rio levantado pelo\u00a0Trata Brasil e a GO Associados\u00a0mostra que o pa\u00eds tem hoje 1.557 munic\u00edpios mobilizados para a universaliza\u00e7\u00e3o dos servi\u00e7os de saneamento e R$ 370 bilh\u00f5es em investimentos contratados. H\u00e1 no mercado ao menos 66 projetos em andamento em parceria com a iniciativa privada, distribu\u00eddos por 21 estados, com alcance estimado em cerca de 80 milh\u00f5es de pessoas \u2013 n\u00fameros que, segundo o estudo, evidenciam a ampla dissemina\u00e7\u00e3o geogr\u00e1fica dos novos arranjos institucionais e contratuais no setor.<br><br>Apesar do andamento considerado lento para a meta de universaliza\u00e7\u00e3o, que mira 2033,\u00a0o documento destaca a realiza\u00e7\u00e3o de licita\u00e7\u00f5es significativas no per\u00edodo, incluindo recentes disputas por blocos regionais para presta\u00e7\u00e3o dos servi\u00e7os nos estados do Esp\u00edrito Santo e Par\u00e1. Segundo o texto, os projetos em fase de estrutura\u00e7\u00e3o est\u00e3o reunidos em 1.460 munic\u00edpios, com alcance de mais 36 milh\u00f5es de pessoas, e t\u00eam atua\u00e7\u00e3o relevante do BNDES (Banco Nacional de Desenvolvimento Econ\u00f4mico e Social), que dever\u00e1 se manter como ator importante nos pr\u00f3ximos anos.<br><br>O documento lista dez projetos em estrutura\u00e7\u00e3o pelo banco no setor, com previs\u00f5es de licita\u00e7\u00e3o para 2026 e 2027. Seis deles est\u00e3o na modalidade de concess\u00e3o nos estados de Pernambuco, Maranh\u00e3o, Rio Grande do Norte, Rio Grande do Sul, Rond\u00f4nia e Alagoas; dois s\u00e3o\u00a0PPPs (Parcerias P\u00fablico-Privadas), sendo uma no estado da Para\u00edba e outra em Goi\u00e1s. Completa a lista a privatiza\u00e7\u00e3o da Copasa (Companhia de Saneamento de Minas Gerais), ainda em debate.\u00a0<br><br>De acordo com o estudo, o potencial de habitantes diretamente beneficiados pelo marco legal, considerando os projetos j\u00e1 executados e previstos, seria de, aproximadamente, 115 milh\u00f5es, ou seja, 54,3% da popula\u00e7\u00e3o.<br><br>O crescimento da iniciativa privada no setor vai ao encontro de um dos objetivos do marco legal, que visa atrair capital para investimento por meio de concess\u00f5es plenas de servi\u00e7os de \u00e1gua e esgoto ou PPPs\u00a0com os prestadores regionais.\u00a0A avalia\u00e7\u00e3o do estudo, contudo, \u00e9 de que, ao mesmo tempo em que a estrutura\u00e7\u00e3o dos projetos no setor avan\u00e7a, os resultados da cobertura ainda n\u00e3o s\u00e3o sentidos pela popula\u00e7\u00e3o.<br><br>O levantamento\u00a0pondera, no entanto, que os dados analisados s\u00e3o limitados at\u00e9 o ano de 2023, tr\u00eas anos ap\u00f3s a promulga\u00e7\u00e3o da lei, per\u00edodo que pode ser considerado curto para efeitos significativos sobre os indicadores. O texto ainda diz ser prov\u00e1vel que a melhoria nos indicadores ocorra no m\u00e9dio e no longo prazo, dado que a estrutura\u00e7\u00e3o de projetos, licenciamentos e a realiza\u00e7\u00e3o de obras s\u00e3o demorados.<\/p>\n","protected":false},"excerpt":{"rendered":"<p>Sheyla Santos, da Ag\u00eancia iNFRA A exig\u00eancia de comprova\u00e7\u00e3o de\u00a0capacidade econ\u00f4mico-financeira dos prestadores de servi\u00e7o de saneamento contribuiu para reduzir &#8220;significativamente&#8221; a irregularidade contratual no setor. Essa \u00e9 uma das conclus\u00f5es\u00a0do estudo \u201cAvan\u00e7os do Marco Legal do Saneamento B\u00e1sico no Brasil de 2025 (SINISA, 2023)\u201d, divulgado nesta ter\u00e7a-feira (19) pelo Instituto Trata Brasil em parceria [&hellip;]<\/p>\n","protected":false},"author":1,"featured_media":11349,"comment_status":"closed","ping_status":"closed","sticky":false,"template":"","format":"standard","meta":{"_monsterinsights_skip_tracking":false,"_monsterinsights_sitenote_active":false,"_monsterinsights_sitenote_note":"","_monsterinsights_sitenote_category":0,"footnotes":""},"categories":[1,7827],"tags":[14733,1712,5506,73,8838,2192],"class_list":["post-26405","post","type-post","status-publish","format-standard","has-post-thumbnail","hentry","category-geral","category-infrasaneamento","tag-agencia-nacional-de-aguas-e-saneamento-basico-2","tag-go-associados","tag-instituto-trata-brasil","tag-saneamento-basico","tag-sheyla-santos","tag-universalizacao"],"yoast_head":"<!-- This site is optimized with the Yoast SEO Premium plugin v25.4 (Yoast SEO v26.0) - https:\/\/yoast.com\/wordpress\/plugins\/seo\/ -->\n<title>Comprova\u00e7\u00e3o de capacidade financeira reduz irregularidade no saneamento - Ag\u00eancia iNFRA<\/title>\n<meta name=\"robots\" content=\"index, follow, max-snippet:-1, max-image-preview:large, max-video-preview:-1\" \/>\n<link rel=\"canonical\" href=\"https:\/\/agenciainfra.com\/blog\/comprovacao-de-capacidade-financeira-reduz-irregularidade-no-saneamento\/\" \/>\n<meta property=\"og:locale\" content=\"pt_BR\" \/>\n<meta property=\"og:type\" content=\"article\" \/>\n<meta property=\"og:title\" content=\"Comprova\u00e7\u00e3o de capacidade financeira reduz irregularidade no saneamento\" \/>\n<meta property=\"og:description\" content=\"Sheyla Santos, da Ag\u00eancia iNFRA A exig\u00eancia de comprova\u00e7\u00e3o de\u00a0capacidade econ\u00f4mico-financeira dos prestadores de servi\u00e7o de saneamento contribuiu para reduzir &#8220;significativamente&#8221; a irregularidade contratual no setor. Essa \u00e9 uma das conclus\u00f5es\u00a0do estudo \u201cAvan\u00e7os do Marco Legal do Saneamento B\u00e1sico no Brasil de 2025 (SINISA, 2023)\u201d, divulgado nesta ter\u00e7a-feira (19) pelo Instituto Trata Brasil em parceria [&hellip;]\" \/>\n<meta property=\"og:url\" content=\"https:\/\/agenciainfra.com\/blog\/comprovacao-de-capacidade-financeira-reduz-irregularidade-no-saneamento\/\" \/>\n<meta property=\"og:site_name\" content=\"Ag\u00eancia iNFRA\" \/>\n<meta property=\"article:publisher\" content=\"https:\/\/www.facebook.com\/ageninfra\" \/>\n<meta property=\"article:published_time\" content=\"2025-08-19T11:23:00+00:00\" \/>\n<meta property=\"article:modified_time\" content=\"2025-08-20T14:08:24+00:00\" \/>\n<meta property=\"og:image\" content=\"https:\/\/agenciainfra.com\/blog\/wp-content\/uploads\/2022\/09\/ppp-saneamento-foto-cagece.png\" \/>\n\t<meta property=\"og:image:width\" content=\"1280\" \/>\n\t<meta property=\"og:image:height\" content=\"851\" \/>\n\t<meta property=\"og:image:type\" content=\"image\/png\" \/>\n<meta name=\"author\" content=\"Ag\u00eancia iNFRA\" \/>\n<meta name=\"twitter:card\" content=\"summary_large_image\" \/>\n<meta name=\"twitter:creator\" content=\"@agencia_infra\" \/>\n<meta name=\"twitter:site\" content=\"@agencia_infra\" \/>\n<meta name=\"twitter:label1\" content=\"Escrito por\" \/>\n\t<meta name=\"twitter:data1\" content=\"Ag\u00eancia iNFRA\" \/>\n\t<meta name=\"twitter:label2\" content=\"Est. tempo de leitura\" \/>\n\t<meta name=\"twitter:data2\" content=\"4 minutos\" \/>\n<script type=\"application\/ld+json\" class=\"yoast-schema-graph\">{\"@context\":\"https:\/\/schema.org\",\"@graph\":[{\"@type\":\"Article\",\"@id\":\"https:\/\/agenciainfra.com\/blog\/comprovacao-de-capacidade-financeira-reduz-irregularidade-no-saneamento\/#article\",\"isPartOf\":{\"@id\":\"https:\/\/agenciainfra.com\/blog\/comprovacao-de-capacidade-financeira-reduz-irregularidade-no-saneamento\/\"},\"author\":{\"name\":\"Ag\u00eancia iNFRA\",\"@id\":\"https:\/\/agenciainfra.com\/blog\/#\/schema\/person\/34af08dff6adea4cb22b06612ba7acfa\"},\"headline\":\"Comprova\u00e7\u00e3o de capacidade financeira reduz irregularidade no saneamento\",\"datePublished\":\"2025-08-19T11:23:00+00:00\",\"dateModified\":\"2025-08-20T14:08:24+00:00\",\"mainEntityOfPage\":{\"@id\":\"https:\/\/agenciainfra.com\/blog\/comprovacao-de-capacidade-financeira-reduz-irregularidade-no-saneamento\/\"},\"wordCount\":836,\"publisher\":{\"@id\":\"https:\/\/agenciainfra.com\/blog\/#organization\"},\"image\":{\"@id\":\"https:\/\/agenciainfra.com\/blog\/comprovacao-de-capacidade-financeira-reduz-irregularidade-no-saneamento\/#primaryimage\"},\"thumbnailUrl\":\"https:\/\/agenciainfra.com\/blog\/wp-content\/uploads\/2022\/09\/ppp-saneamento-foto-cagece.png\",\"keywords\":[\"ag\u00eancia nacional de \u00e1guas e saneamento b\u00e1sico\",\"GO Associados\",\"Instituto Trata Brasil\",\"Saneamento B\u00e1sico\",\"Sheyla Santos\",\"universaliza\u00e7\u00e3o\"],\"articleSection\":[\"Geral\",\"iNFRASaneamento\"],\"inLanguage\":\"pt-BR\",\"copyrightYear\":\"2025\",\"copyrightHolder\":{\"@id\":\"https:\/\/agenciainfra.com\/blog\/#organization\"}},{\"@type\":\"WebPage\",\"@id\":\"https:\/\/agenciainfra.com\/blog\/comprovacao-de-capacidade-financeira-reduz-irregularidade-no-saneamento\/\",\"url\":\"https:\/\/agenciainfra.com\/blog\/comprovacao-de-capacidade-financeira-reduz-irregularidade-no-saneamento\/\",\"name\":\"Comprova\u00e7\u00e3o de capacidade financeira reduz irregularidade no saneamento - Ag\u00eancia iNFRA\",\"isPartOf\":{\"@id\":\"https:\/\/agenciainfra.com\/blog\/#website\"},\"primaryImageOfPage\":{\"@id\":\"https:\/\/agenciainfra.com\/blog\/comprovacao-de-capacidade-financeira-reduz-irregularidade-no-saneamento\/#primaryimage\"},\"image\":{\"@id\":\"https:\/\/agenciainfra.com\/blog\/comprovacao-de-capacidade-financeira-reduz-irregularidade-no-saneamento\/#primaryimage\"},\"thumbnailUrl\":\"https:\/\/agenciainfra.com\/blog\/wp-content\/uploads\/2022\/09\/ppp-saneamento-foto-cagece.png\",\"datePublished\":\"2025-08-19T11:23:00+00:00\",\"dateModified\":\"2025-08-20T14:08:24+00:00\",\"breadcrumb\":{\"@id\":\"https:\/\/agenciainfra.com\/blog\/comprovacao-de-capacidade-financeira-reduz-irregularidade-no-saneamento\/#breadcrumb\"},\"inLanguage\":\"pt-BR\",\"potentialAction\":[{\"@type\":\"ReadAction\",\"target\":[\"https:\/\/agenciainfra.com\/blog\/comprovacao-de-capacidade-financeira-reduz-irregularidade-no-saneamento\/\"]}]},{\"@type\":\"ImageObject\",\"inLanguage\":\"pt-BR\",\"@id\":\"https:\/\/agenciainfra.com\/blog\/comprovacao-de-capacidade-financeira-reduz-irregularidade-no-saneamento\/#primaryimage\",\"url\":\"https:\/\/agenciainfra.com\/blog\/wp-content\/uploads\/2022\/09\/ppp-saneamento-foto-cagece.png\",\"contentUrl\":\"https:\/\/agenciainfra.com\/blog\/wp-content\/uploads\/2022\/09\/ppp-saneamento-foto-cagece.png\",\"width\":1280,\"height\":851,\"caption\":\"Foto: Cagece\"},{\"@type\":\"BreadcrumbList\",\"@id\":\"https:\/\/agenciainfra.com\/blog\/comprovacao-de-capacidade-financeira-reduz-irregularidade-no-saneamento\/#breadcrumb\",\"itemListElement\":[{\"@type\":\"ListItem\",\"position\":1,\"name\":\"In\u00edcio\",\"item\":\"https:\/\/agenciainfra.com\/blog\/\"},{\"@type\":\"ListItem\",\"position\":2,\"name\":\"Comprova\u00e7\u00e3o de capacidade financeira reduz irregularidade no saneamento\"}]},{\"@type\":\"WebSite\",\"@id\":\"https:\/\/agenciainfra.com\/blog\/#website\",\"url\":\"https:\/\/agenciainfra.com\/blog\/\",\"name\":\"Ag\u00eancia iNFRA\",\"description\":\"Multiplataforma de informa\u00e7\u00e3o jornal\u00edstica refer\u00eancia na \u00e1rea de infraestrutura no Brasil!\",\"publisher\":{\"@id\":\"https:\/\/agenciainfra.com\/blog\/#organization\"},\"potentialAction\":[{\"@type\":\"SearchAction\",\"target\":{\"@type\":\"EntryPoint\",\"urlTemplate\":\"https:\/\/agenciainfra.com\/blog\/?s={search_term_string}\"},\"query-input\":{\"@type\":\"PropertyValueSpecification\",\"valueRequired\":true,\"valueName\":\"search_term_string\"}}],\"inLanguage\":\"pt-BR\"},{\"@type\":\"Organization\",\"@id\":\"https:\/\/agenciainfra.com\/blog\/#organization\",\"name\":\"Ag\u00eancia iNFRA\",\"url\":\"https:\/\/agenciainfra.com\/blog\/\",\"logo\":{\"@type\":\"ImageObject\",\"inLanguage\":\"pt-BR\",\"@id\":\"https:\/\/agenciainfra.com\/blog\/#\/schema\/logo\/image\/\",\"url\":\"https:\/\/agenciainfra.com\/blog\/wp-content\/uploads\/2023\/09\/iNFRA_5-e1761735885940.png\",\"contentUrl\":\"https:\/\/agenciainfra.com\/blog\/wp-content\/uploads\/2023\/09\/iNFRA_5-e1761735885940.png\",\"width\":1672,\"height\":454,\"caption\":\"Ag\u00eancia iNFRA\"},\"image\":{\"@id\":\"https:\/\/agenciainfra.com\/blog\/#\/schema\/logo\/image\/\"},\"sameAs\":[\"https:\/\/www.facebook.com\/ageninfra\",\"https:\/\/x.com\/agencia_infra\",\"https:\/\/www.linkedin.com\/company\/ag\u00eanciainfra\/\",\"https:\/\/www.instagram.com\/agenciainfra\/\"]},{\"@type\":\"Person\",\"@id\":\"https:\/\/agenciainfra.com\/blog\/#\/schema\/person\/34af08dff6adea4cb22b06612ba7acfa\",\"name\":\"Ag\u00eancia iNFRA\",\"image\":{\"@type\":\"ImageObject\",\"inLanguage\":\"pt-BR\",\"@id\":\"https:\/\/agenciainfra.com\/blog\/#\/schema\/person\/image\/\",\"url\":\"https:\/\/secure.gravatar.com\/avatar\/d189e01678f06d8eb84d4e01f08eb848b3fffe3f8443818d3c356c66892f5be8?s=96&d=mm&r=g\",\"contentUrl\":\"https:\/\/secure.gravatar.com\/avatar\/d189e01678f06d8eb84d4e01f08eb848b3fffe3f8443818d3c356c66892f5be8?s=96&d=mm&r=g\",\"caption\":\"Ag\u00eancia iNFRA\"},\"url\":\"https:\/\/agenciainfra.com\/blog\/author\/admin\/\"}]}<\/script>\n<!-- \/ Yoast SEO Premium plugin. -->","yoast_head_json":{"title":"Comprova\u00e7\u00e3o de capacidade financeira reduz irregularidade no saneamento - Ag\u00eancia iNFRA","robots":{"index":"index","follow":"follow","max-snippet":"max-snippet:-1","max-image-preview":"max-image-preview:large","max-video-preview":"max-video-preview:-1"},"canonical":"https:\/\/agenciainfra.com\/blog\/comprovacao-de-capacidade-financeira-reduz-irregularidade-no-saneamento\/","og_locale":"pt_BR","og_type":"article","og_title":"Comprova\u00e7\u00e3o de capacidade financeira reduz irregularidade no saneamento","og_description":"Sheyla Santos, da Ag\u00eancia iNFRA A exig\u00eancia de comprova\u00e7\u00e3o de\u00a0capacidade econ\u00f4mico-financeira dos prestadores de servi\u00e7o de saneamento contribuiu para reduzir &#8220;significativamente&#8221; a irregularidade contratual no setor. Essa \u00e9 uma das conclus\u00f5es\u00a0do estudo \u201cAvan\u00e7os do Marco Legal do Saneamento B\u00e1sico no Brasil de 2025 (SINISA, 2023)\u201d, divulgado nesta ter\u00e7a-feira (19) pelo Instituto Trata Brasil em parceria [&hellip;]","og_url":"https:\/\/agenciainfra.com\/blog\/comprovacao-de-capacidade-financeira-reduz-irregularidade-no-saneamento\/","og_site_name":"Ag\u00eancia iNFRA","article_publisher":"https:\/\/www.facebook.com\/ageninfra","article_published_time":"2025-08-19T11:23:00+00:00","article_modified_time":"2025-08-20T14:08:24+00:00","og_image":[{"width":1280,"height":851,"url":"https:\/\/agenciainfra.com\/blog\/wp-content\/uploads\/2022\/09\/ppp-saneamento-foto-cagece.png","type":"image\/png"}],"author":"Ag\u00eancia iNFRA","twitter_card":"summary_large_image","twitter_creator":"@agencia_infra","twitter_site":"@agencia_infra","twitter_misc":{"Escrito por":"Ag\u00eancia iNFRA","Est. tempo de leitura":"4 minutos"},"schema":{"@context":"https:\/\/schema.org","@graph":[{"@type":"Article","@id":"https:\/\/agenciainfra.com\/blog\/comprovacao-de-capacidade-financeira-reduz-irregularidade-no-saneamento\/#article","isPartOf":{"@id":"https:\/\/agenciainfra.com\/blog\/comprovacao-de-capacidade-financeira-reduz-irregularidade-no-saneamento\/"},"author":{"name":"Ag\u00eancia iNFRA","@id":"https:\/\/agenciainfra.com\/blog\/#\/schema\/person\/34af08dff6adea4cb22b06612ba7acfa"},"headline":"Comprova\u00e7\u00e3o de capacidade financeira reduz irregularidade no saneamento","datePublished":"2025-08-19T11:23:00+00:00","dateModified":"2025-08-20T14:08:24+00:00","mainEntityOfPage":{"@id":"https:\/\/agenciainfra.com\/blog\/comprovacao-de-capacidade-financeira-reduz-irregularidade-no-saneamento\/"},"wordCount":836,"publisher":{"@id":"https:\/\/agenciainfra.com\/blog\/#organization"},"image":{"@id":"https:\/\/agenciainfra.com\/blog\/comprovacao-de-capacidade-financeira-reduz-irregularidade-no-saneamento\/#primaryimage"},"thumbnailUrl":"https:\/\/agenciainfra.com\/blog\/wp-content\/uploads\/2022\/09\/ppp-saneamento-foto-cagece.png","keywords":["ag\u00eancia nacional de \u00e1guas e saneamento b\u00e1sico","GO Associados","Instituto Trata Brasil","Saneamento B\u00e1sico","Sheyla Santos","universaliza\u00e7\u00e3o"],"articleSection":["Geral","iNFRASaneamento"],"inLanguage":"pt-BR","copyrightYear":"2025","copyrightHolder":{"@id":"https:\/\/agenciainfra.com\/blog\/#organization"}},{"@type":"WebPage","@id":"https:\/\/agenciainfra.com\/blog\/comprovacao-de-capacidade-financeira-reduz-irregularidade-no-saneamento\/","url":"https:\/\/agenciainfra.com\/blog\/comprovacao-de-capacidade-financeira-reduz-irregularidade-no-saneamento\/","name":"Comprova\u00e7\u00e3o de capacidade financeira reduz irregularidade no saneamento - Ag\u00eancia iNFRA","isPartOf":{"@id":"https:\/\/agenciainfra.com\/blog\/#website"},"primaryImageOfPage":{"@id":"https:\/\/agenciainfra.com\/blog\/comprovacao-de-capacidade-financeira-reduz-irregularidade-no-saneamento\/#primaryimage"},"image":{"@id":"https:\/\/agenciainfra.com\/blog\/comprovacao-de-capacidade-financeira-reduz-irregularidade-no-saneamento\/#primaryimage"},"thumbnailUrl":"https:\/\/agenciainfra.com\/blog\/wp-content\/uploads\/2022\/09\/ppp-saneamento-foto-cagece.png","datePublished":"2025-08-19T11:23:00+00:00","dateModified":"2025-08-20T14:08:24+00:00","breadcrumb":{"@id":"https:\/\/agenciainfra.com\/blog\/comprovacao-de-capacidade-financeira-reduz-irregularidade-no-saneamento\/#breadcrumb"},"inLanguage":"pt-BR","potentialAction":[{"@type":"ReadAction","target":["https:\/\/agenciainfra.com\/blog\/comprovacao-de-capacidade-financeira-reduz-irregularidade-no-saneamento\/"]}]},{"@type":"ImageObject","inLanguage":"pt-BR","@id":"https:\/\/agenciainfra.com\/blog\/comprovacao-de-capacidade-financeira-reduz-irregularidade-no-saneamento\/#primaryimage","url":"https:\/\/agenciainfra.com\/blog\/wp-content\/uploads\/2022\/09\/ppp-saneamento-foto-cagece.png","contentUrl":"https:\/\/agenciainfra.com\/blog\/wp-content\/uploads\/2022\/09\/ppp-saneamento-foto-cagece.png","width":1280,"height":851,"caption":"Foto: Cagece"},{"@type":"BreadcrumbList","@id":"https:\/\/agenciainfra.com\/blog\/comprovacao-de-capacidade-financeira-reduz-irregularidade-no-saneamento\/#breadcrumb","itemListElement":[{"@type":"ListItem","position":1,"name":"In\u00edcio","item":"https:\/\/agenciainfra.com\/blog\/"},{"@type":"ListItem","position":2,"name":"Comprova\u00e7\u00e3o de capacidade financeira reduz irregularidade no saneamento"}]},{"@type":"WebSite","@id":"https:\/\/agenciainfra.com\/blog\/#website","url":"https:\/\/agenciainfra.com\/blog\/","name":"Ag\u00eancia iNFRA","description":"Multiplataforma de informa\u00e7\u00e3o jornal\u00edstica refer\u00eancia na \u00e1rea de infraestrutura no Brasil!","publisher":{"@id":"https:\/\/agenciainfra.com\/blog\/#organization"},"potentialAction":[{"@type":"SearchAction","target":{"@type":"EntryPoint","urlTemplate":"https:\/\/agenciainfra.com\/blog\/?s={search_term_string}"},"query-input":{"@type":"PropertyValueSpecification","valueRequired":true,"valueName":"search_term_string"}}],"inLanguage":"pt-BR"},{"@type":"Organization","@id":"https:\/\/agenciainfra.com\/blog\/#organization","name":"Ag\u00eancia iNFRA","url":"https:\/\/agenciainfra.com\/blog\/","logo":{"@type":"ImageObject","inLanguage":"pt-BR","@id":"https:\/\/agenciainfra.com\/blog\/#\/schema\/logo\/image\/","url":"https:\/\/agenciainfra.com\/blog\/wp-content\/uploads\/2023\/09\/iNFRA_5-e1761735885940.png","contentUrl":"https:\/\/agenciainfra.com\/blog\/wp-content\/uploads\/2023\/09\/iNFRA_5-e1761735885940.png","width":1672,"height":454,"caption":"Ag\u00eancia iNFRA"},"image":{"@id":"https:\/\/agenciainfra.com\/blog\/#\/schema\/logo\/image\/"},"sameAs":["https:\/\/www.facebook.com\/ageninfra","https:\/\/x.com\/agencia_infra","https:\/\/www.linkedin.com\/company\/ag\u00eanciainfra\/","https:\/\/www.instagram.com\/agenciainfra\/"]},{"@type":"Person","@id":"https:\/\/agenciainfra.com\/blog\/#\/schema\/person\/34af08dff6adea4cb22b06612ba7acfa","name":"Ag\u00eancia iNFRA","image":{"@type":"ImageObject","inLanguage":"pt-BR","@id":"https:\/\/agenciainfra.com\/blog\/#\/schema\/person\/image\/","url":"https:\/\/secure.gravatar.com\/avatar\/d189e01678f06d8eb84d4e01f08eb848b3fffe3f8443818d3c356c66892f5be8?s=96&d=mm&r=g","contentUrl":"https:\/\/secure.gravatar.com\/avatar\/d189e01678f06d8eb84d4e01f08eb848b3fffe3f8443818d3c356c66892f5be8?s=96&d=mm&r=g","caption":"Ag\u00eancia iNFRA"},"url":"https:\/\/agenciainfra.com\/blog\/author\/admin\/"}]}},"_links":{"self":[{"href":"https:\/\/agenciainfra.com\/blog\/wp-json\/wp\/v2\/posts\/26405","targetHints":{"allow":["GET"]}}],"collection":[{"href":"https:\/\/agenciainfra.com\/blog\/wp-json\/wp\/v2\/posts"}],"about":[{"href":"https:\/\/agenciainfra.com\/blog\/wp-json\/wp\/v2\/types\/post"}],"author":[{"embeddable":true,"href":"https:\/\/agenciainfra.com\/blog\/wp-json\/wp\/v2\/users\/1"}],"replies":[{"embeddable":true,"href":"https:\/\/agenciainfra.com\/blog\/wp-json\/wp\/v2\/comments?post=26405"}],"version-history":[{"count":1,"href":"https:\/\/agenciainfra.com\/blog\/wp-json\/wp\/v2\/posts\/26405\/revisions"}],"predecessor-version":[{"id":26406,"href":"https:\/\/agenciainfra.com\/blog\/wp-json\/wp\/v2\/posts\/26405\/revisions\/26406"}],"wp:featuredmedia":[{"embeddable":true,"href":"https:\/\/agenciainfra.com\/blog\/wp-json\/wp\/v2\/media\/11349"}],"wp:attachment":[{"href":"https:\/\/agenciainfra.com\/blog\/wp-json\/wp\/v2\/media?parent=26405"}],"wp:term":[{"taxonomy":"category","embeddable":true,"href":"https:\/\/agenciainfra.com\/blog\/wp-json\/wp\/v2\/categories?post=26405"},{"taxonomy":"post_tag","embeddable":true,"href":"https:\/\/agenciainfra.com\/blog\/wp-json\/wp\/v2\/tags?post=26405"}],"curies":[{"name":"wp","href":"https:\/\/api.w.org\/{rel}","templated":true}]}}