{"id":26412,"date":"2025-08-19T10:06:37","date_gmt":"2025-08-19T13:06:37","guid":{"rendered":"https:\/\/agenciainfra.com\/blog\/?p=26412"},"modified":"2025-08-20T13:54:29","modified_gmt":"2025-08-20T16:54:29","slug":"aneel-aprova-renovacao-antecipada-da-concessao-da-enel-rj","status":"publish","type":"post","link":"https:\/\/agenciainfra.com\/blog\/aneel-aprova-renovacao-antecipada-da-concessao-da-enel-rj\/","title":{"rendered":"ANEEL aprova renova\u00e7\u00e3o antecipada da concess\u00e3o da Enel RJ"},"content":{"rendered":"\n<p class=\"has-text-align-right\"><strong>Lais Carregosa, da Ag\u00eancia iNFRA<\/strong><\/p>\n\n\n\n<p>A diretoria da ANEEL (Ag\u00eancia Nacional de Energia El\u00e9trica) aprovou nesta ter\u00e7a-feira (19) a recomenda\u00e7\u00e3o ao MME (Minist\u00e9rio de Minas e Energia) para renovar a concess\u00e3o da Enel RJ de forma antecipada. A maioria dos diretores seguiu a relatora, a ex-diretora substituta Ludimila Lima, pela aprova\u00e7\u00e3o. O diretor Fernando Mosna, no entanto, apresentou voto-vista para negar o pleito da empresa.<\/p>\n\n\n\n<p>Por quatro votos a um, a diretoria entendeu que a Enel RJ cumpriu todos os crit\u00e9rios estabelecidos pelo governo federal para a renova\u00e7\u00e3o da concess\u00e3o por mais 30 anos. Votaram com Ludimila o diretor-geral, Sandoval Feitosa, a diretora Agnes Costa e o diretor-substituto Daniel Danna.<\/p>\n\n\n\n<p>Em seu voto-vista, Mosna retomou a discuss\u00e3o travada na renova\u00e7\u00e3o da EDP Esp\u00edrito Santo para inclus\u00e3o de crit\u00e9rios adicionais para renova\u00e7\u00e3o das concess\u00f5es de distribui\u00e7\u00e3o. Na ocasi\u00e3o, o diretor defendeu a ado\u00e7\u00e3o dos indicadores de qualidade com expurgos (interrup\u00e7\u00f5es exclu\u00eddas dos c\u00e1lculos regulat\u00f3rios) para a an\u00e1lise das concess\u00f5es, os quais a Enel RJ n\u00e3o atenderia, segundo voto apresentado nesta ter\u00e7a (19).<\/p>\n\n\n\n<p>Al\u00e9m disso, Mosna afirmou que a Enel RJ n\u00e3o atende ao crit\u00e9rio de m\u00e9dia m\u00ednima de 50 no Iasc (\u00cdndice ANEEL de Satisfa\u00e7\u00e3o do Consumidor) entre 2022 e 2024 nem ao crit\u00e9rio de percentual de obras atrasadas abaixo da m\u00e9dia nacional. O \u00fanico crit\u00e9rio adicional atendido pela Enel RJ, segundo Mosna, seria o TMAE (Tempo M\u00e9dio de Atendimento a Demandas Emergenciais) abaixo da m\u00e9dia nacional.<\/p>\n\n\n\n<p>Ap\u00f3s a delibera\u00e7\u00e3o, o presidente da Enel RJ, Francesco Moliterni, disse que a aprova\u00e7\u00e3o na ANEEL \u00e9 &#8220;uma etapa importante&#8221;. Agora, o processo vai para o MME, a quem compete decidir sobre a renova\u00e7\u00e3o. A concess\u00e3o da Enel RJ vence em dezembro de 2026.<\/p>\n\n\n\n<p>&#8220;De maneira firme, vamos continuar com nosso plano de investimentos, estamos avan\u00e7ando com o plano de podas nesta fase pr\u00e9-ver\u00e3o, a equipe est\u00e1 totalmente envolvida para trabalhar para fornecer um servi\u00e7o melhor&#8221;, afirmou Francesco Moliterni.<\/p>\n","protected":false},"excerpt":{"rendered":"<p>Lais Carregosa, da Ag\u00eancia iNFRA A diretoria da ANEEL (Ag\u00eancia Nacional de Energia El\u00e9trica) aprovou nesta ter\u00e7a-feira (19) a recomenda\u00e7\u00e3o ao MME (Minist\u00e9rio de Minas e Energia) para renovar a concess\u00e3o da Enel RJ de forma antecipada. A maioria dos diretores seguiu a relatora, a ex-diretora substituta Ludimila Lima, pela aprova\u00e7\u00e3o. O diretor Fernando Mosna, [&hellip;]<\/p>\n","protected":false},"author":1,"featured_media":10277,"comment_status":"closed","ping_status":"closed","sticky":false,"template":"","format":"standard","meta":{"_monsterinsights_skip_tracking":false,"_monsterinsights_sitenote_active":false,"_monsterinsights_sitenote_note":"","_monsterinsights_sitenote_category":0,"footnotes":""},"categories":[7250,1,10],"tags":[53,3575,7014,13132,84],"class_list":["post-26412","post","type-post","status-publish","format-standard","has-post-thumbnail","hentry","category-destaque-lista","category-geral","category-infraenergia","tag-aneel","tag-enel-rj","tag-fernando-mosna","tag-lais-carregosa","tag-renovacao-antecipada"],"yoast_head":"<!-- This site is optimized with the Yoast SEO Premium plugin v25.4 (Yoast SEO v26.0) - https:\/\/yoast.com\/wordpress\/plugins\/seo\/ -->\n<title>ANEEL aprova renova\u00e7\u00e3o antecipada da concess\u00e3o da Enel RJ - Ag\u00eancia iNFRA<\/title>\n<meta name=\"robots\" content=\"index, follow, max-snippet:-1, max-image-preview:large, max-video-preview:-1\" \/>\n<link rel=\"canonical\" href=\"https:\/\/agenciainfra.com\/blog\/aneel-aprova-renovacao-antecipada-da-concessao-da-enel-rj\/\" \/>\n<meta property=\"og:locale\" content=\"pt_BR\" \/>\n<meta property=\"og:type\" content=\"article\" \/>\n<meta property=\"og:title\" content=\"ANEEL aprova renova\u00e7\u00e3o antecipada da concess\u00e3o da Enel RJ\" \/>\n<meta property=\"og:description\" content=\"Lais Carregosa, da Ag\u00eancia iNFRA A diretoria da ANEEL (Ag\u00eancia Nacional de Energia El\u00e9trica) aprovou nesta ter\u00e7a-feira (19) a recomenda\u00e7\u00e3o ao MME (Minist\u00e9rio de Minas e Energia) para renovar a concess\u00e3o da Enel RJ de forma antecipada. A maioria dos diretores seguiu a relatora, a ex-diretora substituta Ludimila Lima, pela aprova\u00e7\u00e3o. O diretor Fernando Mosna, [&hellip;]\" \/>\n<meta property=\"og:url\" content=\"https:\/\/agenciainfra.com\/blog\/aneel-aprova-renovacao-antecipada-da-concessao-da-enel-rj\/\" \/>\n<meta property=\"og:site_name\" content=\"Ag\u00eancia iNFRA\" \/>\n<meta property=\"article:publisher\" content=\"https:\/\/www.facebook.com\/ageninfra\" \/>\n<meta property=\"article:published_time\" content=\"2025-08-19T13:06:37+00:00\" \/>\n<meta property=\"article:modified_time\" content=\"2025-08-20T16:54:29+00:00\" \/>\n<meta property=\"og:image\" content=\"https:\/\/agenciainfra.com\/blog\/wp-content\/uploads\/2022\/05\/enel-divulgacao.jpg\" \/>\n\t<meta property=\"og:image:width\" content=\"1300\" \/>\n\t<meta property=\"og:image:height\" content=\"866\" \/>\n\t<meta property=\"og:image:type\" content=\"image\/jpeg\" \/>\n<meta name=\"author\" content=\"Ag\u00eancia iNFRA\" \/>\n<meta name=\"twitter:card\" content=\"summary_large_image\" \/>\n<meta name=\"twitter:creator\" content=\"@agencia_infra\" \/>\n<meta name=\"twitter:site\" content=\"@agencia_infra\" \/>\n<meta name=\"twitter:label1\" content=\"Escrito por\" \/>\n\t<meta name=\"twitter:data1\" content=\"Ag\u00eancia iNFRA\" \/>\n\t<meta name=\"twitter:label2\" content=\"Est. tempo de leitura\" \/>\n\t<meta name=\"twitter:data2\" content=\"2 minutos\" \/>\n<script type=\"application\/ld+json\" class=\"yoast-schema-graph\">{\"@context\":\"https:\/\/schema.org\",\"@graph\":[{\"@type\":\"Article\",\"@id\":\"https:\/\/agenciainfra.com\/blog\/aneel-aprova-renovacao-antecipada-da-concessao-da-enel-rj\/#article\",\"isPartOf\":{\"@id\":\"https:\/\/agenciainfra.com\/blog\/aneel-aprova-renovacao-antecipada-da-concessao-da-enel-rj\/\"},\"author\":{\"name\":\"Ag\u00eancia iNFRA\",\"@id\":\"https:\/\/agenciainfra.com\/blog\/#\/schema\/person\/34af08dff6adea4cb22b06612ba7acfa\"},\"headline\":\"ANEEL aprova renova\u00e7\u00e3o antecipada da concess\u00e3o da Enel RJ\",\"datePublished\":\"2025-08-19T13:06:37+00:00\",\"dateModified\":\"2025-08-20T16:54:29+00:00\",\"mainEntityOfPage\":{\"@id\":\"https:\/\/agenciainfra.com\/blog\/aneel-aprova-renovacao-antecipada-da-concessao-da-enel-rj\/\"},\"wordCount\":367,\"publisher\":{\"@id\":\"https:\/\/agenciainfra.com\/blog\/#organization\"},\"image\":{\"@id\":\"https:\/\/agenciainfra.com\/blog\/aneel-aprova-renovacao-antecipada-da-concessao-da-enel-rj\/#primaryimage\"},\"thumbnailUrl\":\"https:\/\/agenciainfra.com\/blog\/wp-content\/uploads\/2022\/05\/enel-divulgacao-e1771018989275.jpg\",\"keywords\":[\"ANEEL\",\"Enel RJ\",\"Fernando Mosna\",\"Lais Carregosa\",\"Renova\u00e7\u00e3o antecipada\"],\"articleSection\":[\"Destaque lista\",\"Geral\",\"iNFRAEnergia\"],\"inLanguage\":\"pt-BR\",\"copyrightYear\":\"2025\",\"copyrightHolder\":{\"@id\":\"https:\/\/agenciainfra.com\/blog\/#organization\"}},{\"@type\":\"WebPage\",\"@id\":\"https:\/\/agenciainfra.com\/blog\/aneel-aprova-renovacao-antecipada-da-concessao-da-enel-rj\/\",\"url\":\"https:\/\/agenciainfra.com\/blog\/aneel-aprova-renovacao-antecipada-da-concessao-da-enel-rj\/\",\"name\":\"ANEEL aprova renova\u00e7\u00e3o antecipada da concess\u00e3o da Enel RJ - Ag\u00eancia iNFRA\",\"isPartOf\":{\"@id\":\"https:\/\/agenciainfra.com\/blog\/#website\"},\"primaryImageOfPage\":{\"@id\":\"https:\/\/agenciainfra.com\/blog\/aneel-aprova-renovacao-antecipada-da-concessao-da-enel-rj\/#primaryimage\"},\"image\":{\"@id\":\"https:\/\/agenciainfra.com\/blog\/aneel-aprova-renovacao-antecipada-da-concessao-da-enel-rj\/#primaryimage\"},\"thumbnailUrl\":\"https:\/\/agenciainfra.com\/blog\/wp-content\/uploads\/2022\/05\/enel-divulgacao-e1771018989275.jpg\",\"datePublished\":\"2025-08-19T13:06:37+00:00\",\"dateModified\":\"2025-08-20T16:54:29+00:00\",\"breadcrumb\":{\"@id\":\"https:\/\/agenciainfra.com\/blog\/aneel-aprova-renovacao-antecipada-da-concessao-da-enel-rj\/#breadcrumb\"},\"inLanguage\":\"pt-BR\",\"potentialAction\":[{\"@type\":\"ReadAction\",\"target\":[\"https:\/\/agenciainfra.com\/blog\/aneel-aprova-renovacao-antecipada-da-concessao-da-enel-rj\/\"]}]},{\"@type\":\"ImageObject\",\"inLanguage\":\"pt-BR\",\"@id\":\"https:\/\/agenciainfra.com\/blog\/aneel-aprova-renovacao-antecipada-da-concessao-da-enel-rj\/#primaryimage\",\"url\":\"https:\/\/agenciainfra.com\/blog\/wp-content\/uploads\/2022\/05\/enel-divulgacao-e1771018989275.jpg\",\"contentUrl\":\"https:\/\/agenciainfra.com\/blog\/wp-content\/uploads\/2022\/05\/enel-divulgacao-e1771018989275.jpg\",\"width\":1280,\"height\":853,\"caption\":\"Foto: Enel\"},{\"@type\":\"BreadcrumbList\",\"@id\":\"https:\/\/agenciainfra.com\/blog\/aneel-aprova-renovacao-antecipada-da-concessao-da-enel-rj\/#breadcrumb\",\"itemListElement\":[{\"@type\":\"ListItem\",\"position\":1,\"name\":\"In\u00edcio\",\"item\":\"https:\/\/agenciainfra.com\/blog\/\"},{\"@type\":\"ListItem\",\"position\":2,\"name\":\"ANEEL aprova renova\u00e7\u00e3o antecipada da concess\u00e3o da Enel RJ\"}]},{\"@type\":\"WebSite\",\"@id\":\"https:\/\/agenciainfra.com\/blog\/#website\",\"url\":\"https:\/\/agenciainfra.com\/blog\/\",\"name\":\"Ag\u00eancia iNFRA\",\"description\":\"Multiplataforma de informa\u00e7\u00e3o jornal\u00edstica refer\u00eancia na \u00e1rea de infraestrutura no Brasil!\",\"publisher\":{\"@id\":\"https:\/\/agenciainfra.com\/blog\/#organization\"},\"potentialAction\":[{\"@type\":\"SearchAction\",\"target\":{\"@type\":\"EntryPoint\",\"urlTemplate\":\"https:\/\/agenciainfra.com\/blog\/?s={search_term_string}\"},\"query-input\":{\"@type\":\"PropertyValueSpecification\",\"valueRequired\":true,\"valueName\":\"search_term_string\"}}],\"inLanguage\":\"pt-BR\"},{\"@type\":\"Organization\",\"@id\":\"https:\/\/agenciainfra.com\/blog\/#organization\",\"name\":\"Ag\u00eancia iNFRA\",\"url\":\"https:\/\/agenciainfra.com\/blog\/\",\"logo\":{\"@type\":\"ImageObject\",\"inLanguage\":\"pt-BR\",\"@id\":\"https:\/\/agenciainfra.com\/blog\/#\/schema\/logo\/image\/\",\"url\":\"https:\/\/agenciainfra.com\/blog\/wp-content\/uploads\/2023\/09\/iNFRA_5-e1761735885940.png\",\"contentUrl\":\"https:\/\/agenciainfra.com\/blog\/wp-content\/uploads\/2023\/09\/iNFRA_5-e1761735885940.png\",\"width\":1672,\"height\":454,\"caption\":\"Ag\u00eancia iNFRA\"},\"image\":{\"@id\":\"https:\/\/agenciainfra.com\/blog\/#\/schema\/logo\/image\/\"},\"sameAs\":[\"https:\/\/www.facebook.com\/ageninfra\",\"https:\/\/x.com\/agencia_infra\",\"https:\/\/www.linkedin.com\/company\/ag\u00eanciainfra\/\",\"https:\/\/www.instagram.com\/agenciainfra\/\"]},{\"@type\":\"Person\",\"@id\":\"https:\/\/agenciainfra.com\/blog\/#\/schema\/person\/34af08dff6adea4cb22b06612ba7acfa\",\"name\":\"Ag\u00eancia iNFRA\",\"image\":{\"@type\":\"ImageObject\",\"inLanguage\":\"pt-BR\",\"@id\":\"https:\/\/agenciainfra.com\/blog\/#\/schema\/person\/image\/\",\"url\":\"https:\/\/secure.gravatar.com\/avatar\/d189e01678f06d8eb84d4e01f08eb848b3fffe3f8443818d3c356c66892f5be8?s=96&d=mm&r=g\",\"contentUrl\":\"https:\/\/secure.gravatar.com\/avatar\/d189e01678f06d8eb84d4e01f08eb848b3fffe3f8443818d3c356c66892f5be8?s=96&d=mm&r=g\",\"caption\":\"Ag\u00eancia iNFRA\"},\"url\":\"https:\/\/agenciainfra.com\/blog\/author\/admin\/\"}]}<\/script>\n<!-- \/ Yoast SEO Premium plugin. -->","yoast_head_json":{"title":"ANEEL aprova renova\u00e7\u00e3o antecipada da concess\u00e3o da Enel RJ - Ag\u00eancia iNFRA","robots":{"index":"index","follow":"follow","max-snippet":"max-snippet:-1","max-image-preview":"max-image-preview:large","max-video-preview":"max-video-preview:-1"},"canonical":"https:\/\/agenciainfra.com\/blog\/aneel-aprova-renovacao-antecipada-da-concessao-da-enel-rj\/","og_locale":"pt_BR","og_type":"article","og_title":"ANEEL aprova renova\u00e7\u00e3o antecipada da concess\u00e3o da Enel RJ","og_description":"Lais Carregosa, da Ag\u00eancia iNFRA A diretoria da ANEEL (Ag\u00eancia Nacional de Energia El\u00e9trica) aprovou nesta ter\u00e7a-feira (19) a recomenda\u00e7\u00e3o ao MME (Minist\u00e9rio de Minas e Energia) para renovar a concess\u00e3o da Enel RJ de forma antecipada. A maioria dos diretores seguiu a relatora, a ex-diretora substituta Ludimila Lima, pela aprova\u00e7\u00e3o. O diretor Fernando Mosna, [&hellip;]","og_url":"https:\/\/agenciainfra.com\/blog\/aneel-aprova-renovacao-antecipada-da-concessao-da-enel-rj\/","og_site_name":"Ag\u00eancia iNFRA","article_publisher":"https:\/\/www.facebook.com\/ageninfra","article_published_time":"2025-08-19T13:06:37+00:00","article_modified_time":"2025-08-20T16:54:29+00:00","og_image":[{"width":1300,"height":866,"url":"https:\/\/agenciainfra.com\/blog\/wp-content\/uploads\/2022\/05\/enel-divulgacao.jpg","type":"image\/jpeg"}],"author":"Ag\u00eancia iNFRA","twitter_card":"summary_large_image","twitter_creator":"@agencia_infra","twitter_site":"@agencia_infra","twitter_misc":{"Escrito por":"Ag\u00eancia iNFRA","Est. tempo de leitura":"2 minutos"},"schema":{"@context":"https:\/\/schema.org","@graph":[{"@type":"Article","@id":"https:\/\/agenciainfra.com\/blog\/aneel-aprova-renovacao-antecipada-da-concessao-da-enel-rj\/#article","isPartOf":{"@id":"https:\/\/agenciainfra.com\/blog\/aneel-aprova-renovacao-antecipada-da-concessao-da-enel-rj\/"},"author":{"name":"Ag\u00eancia iNFRA","@id":"https:\/\/agenciainfra.com\/blog\/#\/schema\/person\/34af08dff6adea4cb22b06612ba7acfa"},"headline":"ANEEL aprova renova\u00e7\u00e3o antecipada da concess\u00e3o da Enel RJ","datePublished":"2025-08-19T13:06:37+00:00","dateModified":"2025-08-20T16:54:29+00:00","mainEntityOfPage":{"@id":"https:\/\/agenciainfra.com\/blog\/aneel-aprova-renovacao-antecipada-da-concessao-da-enel-rj\/"},"wordCount":367,"publisher":{"@id":"https:\/\/agenciainfra.com\/blog\/#organization"},"image":{"@id":"https:\/\/agenciainfra.com\/blog\/aneel-aprova-renovacao-antecipada-da-concessao-da-enel-rj\/#primaryimage"},"thumbnailUrl":"https:\/\/agenciainfra.com\/blog\/wp-content\/uploads\/2022\/05\/enel-divulgacao-e1771018989275.jpg","keywords":["ANEEL","Enel RJ","Fernando Mosna","Lais Carregosa","Renova\u00e7\u00e3o antecipada"],"articleSection":["Destaque lista","Geral","iNFRAEnergia"],"inLanguage":"pt-BR","copyrightYear":"2025","copyrightHolder":{"@id":"https:\/\/agenciainfra.com\/blog\/#organization"}},{"@type":"WebPage","@id":"https:\/\/agenciainfra.com\/blog\/aneel-aprova-renovacao-antecipada-da-concessao-da-enel-rj\/","url":"https:\/\/agenciainfra.com\/blog\/aneel-aprova-renovacao-antecipada-da-concessao-da-enel-rj\/","name":"ANEEL aprova renova\u00e7\u00e3o antecipada da concess\u00e3o da Enel RJ - Ag\u00eancia iNFRA","isPartOf":{"@id":"https:\/\/agenciainfra.com\/blog\/#website"},"primaryImageOfPage":{"@id":"https:\/\/agenciainfra.com\/blog\/aneel-aprova-renovacao-antecipada-da-concessao-da-enel-rj\/#primaryimage"},"image":{"@id":"https:\/\/agenciainfra.com\/blog\/aneel-aprova-renovacao-antecipada-da-concessao-da-enel-rj\/#primaryimage"},"thumbnailUrl":"https:\/\/agenciainfra.com\/blog\/wp-content\/uploads\/2022\/05\/enel-divulgacao-e1771018989275.jpg","datePublished":"2025-08-19T13:06:37+00:00","dateModified":"2025-08-20T16:54:29+00:00","breadcrumb":{"@id":"https:\/\/agenciainfra.com\/blog\/aneel-aprova-renovacao-antecipada-da-concessao-da-enel-rj\/#breadcrumb"},"inLanguage":"pt-BR","potentialAction":[{"@type":"ReadAction","target":["https:\/\/agenciainfra.com\/blog\/aneel-aprova-renovacao-antecipada-da-concessao-da-enel-rj\/"]}]},{"@type":"ImageObject","inLanguage":"pt-BR","@id":"https:\/\/agenciainfra.com\/blog\/aneel-aprova-renovacao-antecipada-da-concessao-da-enel-rj\/#primaryimage","url":"https:\/\/agenciainfra.com\/blog\/wp-content\/uploads\/2022\/05\/enel-divulgacao-e1771018989275.jpg","contentUrl":"https:\/\/agenciainfra.com\/blog\/wp-content\/uploads\/2022\/05\/enel-divulgacao-e1771018989275.jpg","width":1280,"height":853,"caption":"Foto: Enel"},{"@type":"BreadcrumbList","@id":"https:\/\/agenciainfra.com\/blog\/aneel-aprova-renovacao-antecipada-da-concessao-da-enel-rj\/#breadcrumb","itemListElement":[{"@type":"ListItem","position":1,"name":"In\u00edcio","item":"https:\/\/agenciainfra.com\/blog\/"},{"@type":"ListItem","position":2,"name":"ANEEL aprova renova\u00e7\u00e3o antecipada da concess\u00e3o da Enel RJ"}]},{"@type":"WebSite","@id":"https:\/\/agenciainfra.com\/blog\/#website","url":"https:\/\/agenciainfra.com\/blog\/","name":"Ag\u00eancia iNFRA","description":"Multiplataforma de informa\u00e7\u00e3o jornal\u00edstica refer\u00eancia na \u00e1rea de infraestrutura no Brasil!","publisher":{"@id":"https:\/\/agenciainfra.com\/blog\/#organization"},"potentialAction":[{"@type":"SearchAction","target":{"@type":"EntryPoint","urlTemplate":"https:\/\/agenciainfra.com\/blog\/?s={search_term_string}"},"query-input":{"@type":"PropertyValueSpecification","valueRequired":true,"valueName":"search_term_string"}}],"inLanguage":"pt-BR"},{"@type":"Organization","@id":"https:\/\/agenciainfra.com\/blog\/#organization","name":"Ag\u00eancia iNFRA","url":"https:\/\/agenciainfra.com\/blog\/","logo":{"@type":"ImageObject","inLanguage":"pt-BR","@id":"https:\/\/agenciainfra.com\/blog\/#\/schema\/logo\/image\/","url":"https:\/\/agenciainfra.com\/blog\/wp-content\/uploads\/2023\/09\/iNFRA_5-e1761735885940.png","contentUrl":"https:\/\/agenciainfra.com\/blog\/wp-content\/uploads\/2023\/09\/iNFRA_5-e1761735885940.png","width":1672,"height":454,"caption":"Ag\u00eancia iNFRA"},"image":{"@id":"https:\/\/agenciainfra.com\/blog\/#\/schema\/logo\/image\/"},"sameAs":["https:\/\/www.facebook.com\/ageninfra","https:\/\/x.com\/agencia_infra","https:\/\/www.linkedin.com\/company\/ag\u00eanciainfra\/","https:\/\/www.instagram.com\/agenciainfra\/"]},{"@type":"Person","@id":"https:\/\/agenciainfra.com\/blog\/#\/schema\/person\/34af08dff6adea4cb22b06612ba7acfa","name":"Ag\u00eancia iNFRA","image":{"@type":"ImageObject","inLanguage":"pt-BR","@id":"https:\/\/agenciainfra.com\/blog\/#\/schema\/person\/image\/","url":"https:\/\/secure.gravatar.com\/avatar\/d189e01678f06d8eb84d4e01f08eb848b3fffe3f8443818d3c356c66892f5be8?s=96&d=mm&r=g","contentUrl":"https:\/\/secure.gravatar.com\/avatar\/d189e01678f06d8eb84d4e01f08eb848b3fffe3f8443818d3c356c66892f5be8?s=96&d=mm&r=g","caption":"Ag\u00eancia iNFRA"},"url":"https:\/\/agenciainfra.com\/blog\/author\/admin\/"}]}},"_links":{"self":[{"href":"https:\/\/agenciainfra.com\/blog\/wp-json\/wp\/v2\/posts\/26412","targetHints":{"allow":["GET"]}}],"collection":[{"href":"https:\/\/agenciainfra.com\/blog\/wp-json\/wp\/v2\/posts"}],"about":[{"href":"https:\/\/agenciainfra.com\/blog\/wp-json\/wp\/v2\/types\/post"}],"author":[{"embeddable":true,"href":"https:\/\/agenciainfra.com\/blog\/wp-json\/wp\/v2\/users\/1"}],"replies":[{"embeddable":true,"href":"https:\/\/agenciainfra.com\/blog\/wp-json\/wp\/v2\/comments?post=26412"}],"version-history":[{"count":3,"href":"https:\/\/agenciainfra.com\/blog\/wp-json\/wp\/v2\/posts\/26412\/revisions"}],"predecessor-version":[{"id":26421,"href":"https:\/\/agenciainfra.com\/blog\/wp-json\/wp\/v2\/posts\/26412\/revisions\/26421"}],"wp:featuredmedia":[{"embeddable":true,"href":"https:\/\/agenciainfra.com\/blog\/wp-json\/wp\/v2\/media\/10277"}],"wp:attachment":[{"href":"https:\/\/agenciainfra.com\/blog\/wp-json\/wp\/v2\/media?parent=26412"}],"wp:term":[{"taxonomy":"category","embeddable":true,"href":"https:\/\/agenciainfra.com\/blog\/wp-json\/wp\/v2\/categories?post=26412"},{"taxonomy":"post_tag","embeddable":true,"href":"https:\/\/agenciainfra.com\/blog\/wp-json\/wp\/v2\/tags?post=26412"}],"curies":[{"name":"wp","href":"https:\/\/api.w.org\/{rel}","templated":true}]}}