{"id":2642,"date":"2018-11-27T04:00:44","date_gmt":"2018-11-27T07:00:44","guid":{"rendered":"http:\/\/www.agenciainfra.com\/blog\/?p=2642"},"modified":"2018-11-26T13:41:18","modified_gmt":"2018-11-26T16:41:18","slug":"infradebate-aviacao-para-os-proximos-20-anos-por-dario-rais-lopes","status":"publish","type":"post","link":"https:\/\/agenciainfra.com\/blog\/infradebate-aviacao-para-os-proximos-20-anos-por-dario-rais-lopes\/","title":{"rendered":"iNFRADebate: Avia\u00e7\u00e3o para os pr\u00f3ximos 20 anos, por Dario Rais Lopes"},"content":{"rendered":"<h5 style=\"text-align: right;\"><strong>Dario Rais Lopes*<\/strong><\/h5>\n<p>Ao longo das duas \u00faltimas d\u00e9cadas o transporte a\u00e9reo brasileiro passou por significativas altera\u00e7\u00f5es regulamentares e institucionais, que estimularam o crescimento da demanda. E este per\u00edodo de crescimento tende a se prolongar. O volume de passageiros nos aeroportos brasileiros deve crescer a uma taxa m\u00e9dia de 4,6% ao ano, ultrapassando a casa dos 500 milh\u00f5es de embarques e desembarques em 2033, mais que o dobro da movimenta\u00e7\u00e3o atual.<\/p>\n<p>Um crescimento desta magnitude requer a\u00e7\u00f5es planejadas, antevis\u00e3o de problemas e de suas correspondentes solu\u00e7\u00f5es. Para tanto, o Minist\u00e9rio dos Transportes, Portos e Avia\u00e7\u00e3o Civil elaborou o Plano Aerovi\u00e1rio Nacional \u2013 PAN, um planejamento para os pr\u00f3ximos 20 anos para o setor de avia\u00e7\u00e3o civil, definindo as premissas, objetivos e necessidades para o seu desenvolvimento sustent\u00e1vel.<\/p>\n<p>O Plano tem como refer\u00eancia um conjunto de objetivos estrat\u00e9gicos a serem atingidos pelo setor: seguran\u00e7a; garantia aos direitos dos usu\u00e1rios; qualidade e facilita\u00e7\u00e3o; conserva\u00e7\u00e3o do meio ambiente; desenvolvimento t\u00e9cnico e institucional; acessibilidade; conectividade; efici\u00eancia; e o desenvolvimento do setor de transporte a\u00e9reo.<\/p>\n<p>A partir dos estudos de demanda, da avalia\u00e7\u00e3o da capacidade das infraestruturas existentes e da aplica\u00e7\u00e3o de modelos matem\u00e1ticos de an\u00e1lise de redes, foi poss\u00edvel desenhar a configura\u00e7\u00e3o de aeroportos e a opera\u00e7\u00e3o futura que melhor atende esses objetivos estrat\u00e9gicos, com foco na maximiza\u00e7\u00e3o dos resultados positivos para a popula\u00e7\u00e3o, e com modicidade na aplica\u00e7\u00e3o dos recursos p\u00fablicos.<\/p>\n<p>A rede referencial do PAN \u00e9 constitu\u00edda por 164 aeroportos, com oferta de voos regulares distribu\u00eddos por todo territ\u00f3rio. Esta \u00e9 a configura\u00e7\u00e3o que consegue ofertar n\u00edveis \u00f3timos de acessibilidade e conectividade para a popula\u00e7\u00e3o, e garante a efici\u00eancia e o desenvolvimento do setor. Nesta configura\u00e7\u00e3o, 99% da popula\u00e7\u00e3o brasileira acessaria um aeroporto com no m\u00e1ximo de 2 horas de deslocamento rodovi\u00e1rio ou hidrovi\u00e1rio.<\/p>\n<p>Para o pleno desenvolvimento desta rede h\u00e1 a necessidade de R$ 25,5 bilh\u00f5es em investimentos nos pr\u00f3ximos 20 anos. Uma das fontes de recursos \u00e9 o Fundo Nacional da Avia\u00e7\u00e3o Civil \u2013 FNAC, cuja previs\u00e3o de arrecada\u00e7\u00e3o \u00e9 superior \u00e0 R$ 140 bilh\u00f5es no mesmo per\u00edodo. Mas o Plano indica que a rentabilidade projetada para grandes e m\u00e9dios aeroportos ainda n\u00e3o concedidos pode ser outra fonte de recursos para investimento e custeio da rede de aeroportos, refor\u00e7ando o modelo de subs\u00eddios cruzados em poss\u00edveis lotes de concess\u00f5es futuras. Desta forma, o setor de avia\u00e7\u00e3o civil se mostra autossustent\u00e1vel, com capacidade financeira de manter, investir e operar a infraestrutura necess\u00e1ria para o crescimento e desenvolvimento da avia\u00e7\u00e3o.<\/p>\n<p>Os aeroportos que atendem a \u00c1rea Terminal de S\u00e3o Paulo merecem destaque no PAN, visto que este \u00e9 o principal mercado do setor, com 36% da demanda de passageiros do pa\u00eds. Para que a demanda projetada no horizonte do Plano (180 milh\u00f5es de passageiros em 2038) seja plenamente atendida, um novo aeroporto dever\u00e1 ser constru\u00eddo, para operar em conjunto com Guarulhos, Congonhas e Viracopos.<\/p>\n<p>Sabe-se que somente o investimento em infraestrutura n\u00e3o garante a opera\u00e7\u00e3o e a qualidade dos servi\u00e7os ofertados, evidenciando a necessidade do poder p\u00fablico e da iniciativa privada se comprometerem com o alcance de todos os objetivos. Por isso, h\u00e1 um conjunto de a\u00e7\u00f5es, programas, pol\u00edticas e regula\u00e7\u00f5es elencados como estrat\u00e9gicos para o transporte a\u00e9reo.<\/p>\n<p>Por fim, \u00e9 importante destacar que este \u00e9 um marco para o transporte a\u00e9reo brasileiro, por ser o primeiro plano estrat\u00e9gico a ser publicado no setor e por estar alinhado com as diretrizes estabelecidas na Pol\u00edtica Nacional de Transportes, na Pol\u00edtica Nacional de Avia\u00e7\u00e3o Civil, e nas recomenda\u00e7\u00f5es de organismos internacionais.<\/p>\n<h6><em>* Dario Rais Lopes \u00e9 Engenheiro de Aeron\u00e1utica e Secret\u00e1rio Nacional de Avia\u00e7\u00e3o Civil do Minist\u00e9rio dos Transportes<\/em><\/h6>\n<h5>O iNFRADebate \u00e9 o espa\u00e7o de artigos da Ag\u00eancia iNFRA com opini\u00f5es de seus atores que n\u00e3o refletem necessariamente o pensamento da Ag\u00eancia iNFRA, sendo de total responsabilidade do autor as informa\u00e7\u00f5es, ju\u00edzos de valor e conceitos descritos no texto.<\/h5>\n","protected":false},"excerpt":{"rendered":"<p>Dario Rais Lopes* Ao longo das duas \u00faltimas d\u00e9cadas o transporte a\u00e9reo brasileiro passou por significativas altera\u00e7\u00f5es regulamentares e institucionais, que estimularam o crescimento da demanda. E este per\u00edodo de crescimento tende a se prolongar. O volume de passageiros nos aeroportos brasileiros deve crescer a uma taxa m\u00e9dia de 4,6% ao ano, ultrapassando a casa [&hellip;]<\/p>\n","protected":false},"author":1,"featured_media":2643,"comment_status":"closed","ping_status":"open","sticky":false,"template":"","format":"standard","meta":{"_monsterinsights_skip_tracking":false,"_monsterinsights_sitenote_active":false,"_monsterinsights_sitenote_note":"","_monsterinsights_sitenote_category":0,"footnotes":""},"categories":[11],"tags":[107,242,236,683,682],"class_list":["post-2642","post","type-post","status-publish","format-standard","has-post-thumbnail","hentry","category-infradebate","tag-aeroportos","tag-anac","tag-aviacao","tag-plano-aeroviario-nacional","tag-sac"],"yoast_head":"<!-- This site is optimized with the Yoast SEO Premium plugin v25.4 (Yoast SEO v26.0) - https:\/\/yoast.com\/wordpress\/plugins\/seo\/ -->\n<title>iNFRADebate: Avia\u00e7\u00e3o para os pr\u00f3ximos 20 anos, por Dario Rais Lopes - Ag\u00eancia iNFRA<\/title>\n<meta name=\"robots\" content=\"index, follow, max-snippet:-1, max-image-preview:large, max-video-preview:-1\" \/>\n<link rel=\"canonical\" href=\"https:\/\/agenciainfra.com\/blog\/infradebate-aviacao-para-os-proximos-20-anos-por-dario-rais-lopes\/\" \/>\n<meta property=\"og:locale\" content=\"pt_BR\" \/>\n<meta property=\"og:type\" content=\"article\" \/>\n<meta property=\"og:title\" content=\"iNFRADebate: Avia\u00e7\u00e3o para os pr\u00f3ximos 20 anos, por Dario Rais Lopes\" \/>\n<meta property=\"og:description\" content=\"Dario Rais Lopes* Ao longo das duas \u00faltimas d\u00e9cadas o transporte a\u00e9reo brasileiro passou por significativas altera\u00e7\u00f5es regulamentares e institucionais, que estimularam o crescimento da demanda. E este per\u00edodo de crescimento tende a se prolongar. O volume de passageiros nos aeroportos brasileiros deve crescer a uma taxa m\u00e9dia de 4,6% ao ano, ultrapassando a casa [&hellip;]\" \/>\n<meta property=\"og:url\" content=\"https:\/\/agenciainfra.com\/blog\/infradebate-aviacao-para-os-proximos-20-anos-por-dario-rais-lopes\/\" \/>\n<meta property=\"og:site_name\" content=\"Ag\u00eancia iNFRA\" \/>\n<meta property=\"article:publisher\" content=\"https:\/\/www.facebook.com\/ageninfra\" \/>\n<meta property=\"article:published_time\" content=\"2018-11-27T07:00:44+00:00\" \/>\n<meta property=\"og:image\" content=\"https:\/\/agenciainfra.com\/blog\/wp-content\/uploads\/2018\/11\/dario_rais_divulgacao_airport_infra.jpeg\" \/>\n\t<meta property=\"og:image:width\" content=\"1024\" \/>\n\t<meta property=\"og:image:height\" content=\"683\" \/>\n\t<meta property=\"og:image:type\" content=\"image\/jpeg\" \/>\n<meta name=\"author\" content=\"Ag\u00eancia iNFRA\" \/>\n<meta name=\"twitter:card\" content=\"summary_large_image\" \/>\n<meta name=\"twitter:creator\" content=\"@agencia_infra\" \/>\n<meta name=\"twitter:site\" content=\"@agencia_infra\" \/>\n<meta name=\"twitter:label1\" content=\"Escrito por\" \/>\n\t<meta name=\"twitter:data1\" content=\"Ag\u00eancia iNFRA\" \/>\n\t<meta name=\"twitter:label2\" content=\"Est. tempo de leitura\" \/>\n\t<meta name=\"twitter:data2\" content=\"4 minutos\" \/>\n<script type=\"application\/ld+json\" class=\"yoast-schema-graph\">{\"@context\":\"https:\/\/schema.org\",\"@graph\":[{\"@type\":\"Article\",\"@id\":\"https:\/\/agenciainfra.com\/blog\/infradebate-aviacao-para-os-proximos-20-anos-por-dario-rais-lopes\/#article\",\"isPartOf\":{\"@id\":\"https:\/\/agenciainfra.com\/blog\/infradebate-aviacao-para-os-proximos-20-anos-por-dario-rais-lopes\/\"},\"author\":{\"name\":\"Ag\u00eancia iNFRA\",\"@id\":\"https:\/\/agenciainfra.com\/blog\/#\/schema\/person\/34af08dff6adea4cb22b06612ba7acfa\"},\"headline\":\"iNFRADebate: Avia\u00e7\u00e3o para os pr\u00f3ximos 20 anos, por Dario Rais Lopes\",\"datePublished\":\"2018-11-27T07:00:44+00:00\",\"mainEntityOfPage\":{\"@id\":\"https:\/\/agenciainfra.com\/blog\/infradebate-aviacao-para-os-proximos-20-anos-por-dario-rais-lopes\/\"},\"wordCount\":717,\"publisher\":{\"@id\":\"https:\/\/agenciainfra.com\/blog\/#organization\"},\"image\":{\"@id\":\"https:\/\/agenciainfra.com\/blog\/infradebate-aviacao-para-os-proximos-20-anos-por-dario-rais-lopes\/#primaryimage\"},\"thumbnailUrl\":\"https:\/\/agenciainfra.com\/blog\/wp-content\/uploads\/2018\/11\/dario_rais_divulgacao_airport_infra.jpeg\",\"keywords\":[\"aeroportos\",\"ANAC\",\"avia\u00e7\u00e3o\",\"Plano Aerovi\u00e1rio Nacional\",\"SAC\"],\"articleSection\":[\"iNFRADebate\"],\"inLanguage\":\"pt-BR\",\"copyrightYear\":\"2018\",\"copyrightHolder\":{\"@id\":\"https:\/\/agenciainfra.com\/blog\/#organization\"}},{\"@type\":\"WebPage\",\"@id\":\"https:\/\/agenciainfra.com\/blog\/infradebate-aviacao-para-os-proximos-20-anos-por-dario-rais-lopes\/\",\"url\":\"https:\/\/agenciainfra.com\/blog\/infradebate-aviacao-para-os-proximos-20-anos-por-dario-rais-lopes\/\",\"name\":\"iNFRADebate: Avia\u00e7\u00e3o para os pr\u00f3ximos 20 anos, por Dario Rais Lopes - Ag\u00eancia iNFRA\",\"isPartOf\":{\"@id\":\"https:\/\/agenciainfra.com\/blog\/#website\"},\"primaryImageOfPage\":{\"@id\":\"https:\/\/agenciainfra.com\/blog\/infradebate-aviacao-para-os-proximos-20-anos-por-dario-rais-lopes\/#primaryimage\"},\"image\":{\"@id\":\"https:\/\/agenciainfra.com\/blog\/infradebate-aviacao-para-os-proximos-20-anos-por-dario-rais-lopes\/#primaryimage\"},\"thumbnailUrl\":\"https:\/\/agenciainfra.com\/blog\/wp-content\/uploads\/2018\/11\/dario_rais_divulgacao_airport_infra.jpeg\",\"datePublished\":\"2018-11-27T07:00:44+00:00\",\"breadcrumb\":{\"@id\":\"https:\/\/agenciainfra.com\/blog\/infradebate-aviacao-para-os-proximos-20-anos-por-dario-rais-lopes\/#breadcrumb\"},\"inLanguage\":\"pt-BR\",\"potentialAction\":[{\"@type\":\"ReadAction\",\"target\":[\"https:\/\/agenciainfra.com\/blog\/infradebate-aviacao-para-os-proximos-20-anos-por-dario-rais-lopes\/\"]}]},{\"@type\":\"ImageObject\",\"inLanguage\":\"pt-BR\",\"@id\":\"https:\/\/agenciainfra.com\/blog\/infradebate-aviacao-para-os-proximos-20-anos-por-dario-rais-lopes\/#primaryimage\",\"url\":\"https:\/\/agenciainfra.com\/blog\/wp-content\/uploads\/2018\/11\/dario_rais_divulgacao_airport_infra.jpeg\",\"contentUrl\":\"https:\/\/agenciainfra.com\/blog\/wp-content\/uploads\/2018\/11\/dario_rais_divulgacao_airport_infra.jpeg\",\"width\":1024,\"height\":683},{\"@type\":\"BreadcrumbList\",\"@id\":\"https:\/\/agenciainfra.com\/blog\/infradebate-aviacao-para-os-proximos-20-anos-por-dario-rais-lopes\/#breadcrumb\",\"itemListElement\":[{\"@type\":\"ListItem\",\"position\":1,\"name\":\"In\u00edcio\",\"item\":\"https:\/\/agenciainfra.com\/blog\/\"},{\"@type\":\"ListItem\",\"position\":2,\"name\":\"iNFRADebate: Avia\u00e7\u00e3o para os pr\u00f3ximos 20 anos, por Dario Rais Lopes\"}]},{\"@type\":\"WebSite\",\"@id\":\"https:\/\/agenciainfra.com\/blog\/#website\",\"url\":\"https:\/\/agenciainfra.com\/blog\/\",\"name\":\"Ag\u00eancia iNFRA\",\"description\":\"Multiplataforma de informa\u00e7\u00e3o jornal\u00edstica refer\u00eancia na \u00e1rea de infraestrutura no Brasil!\",\"publisher\":{\"@id\":\"https:\/\/agenciainfra.com\/blog\/#organization\"},\"potentialAction\":[{\"@type\":\"SearchAction\",\"target\":{\"@type\":\"EntryPoint\",\"urlTemplate\":\"https:\/\/agenciainfra.com\/blog\/?s={search_term_string}\"},\"query-input\":{\"@type\":\"PropertyValueSpecification\",\"valueRequired\":true,\"valueName\":\"search_term_string\"}}],\"inLanguage\":\"pt-BR\"},{\"@type\":\"Organization\",\"@id\":\"https:\/\/agenciainfra.com\/blog\/#organization\",\"name\":\"Ag\u00eancia iNFRA\",\"url\":\"https:\/\/agenciainfra.com\/blog\/\",\"logo\":{\"@type\":\"ImageObject\",\"inLanguage\":\"pt-BR\",\"@id\":\"https:\/\/agenciainfra.com\/blog\/#\/schema\/logo\/image\/\",\"url\":\"https:\/\/agenciainfra.com\/blog\/wp-content\/uploads\/2023\/09\/iNFRA_5-e1761735885940.png\",\"contentUrl\":\"https:\/\/agenciainfra.com\/blog\/wp-content\/uploads\/2023\/09\/iNFRA_5-e1761735885940.png\",\"width\":1672,\"height\":454,\"caption\":\"Ag\u00eancia iNFRA\"},\"image\":{\"@id\":\"https:\/\/agenciainfra.com\/blog\/#\/schema\/logo\/image\/\"},\"sameAs\":[\"https:\/\/www.facebook.com\/ageninfra\",\"https:\/\/x.com\/agencia_infra\",\"https:\/\/www.linkedin.com\/company\/ag\u00eanciainfra\/\",\"https:\/\/www.instagram.com\/agenciainfra\/\"]},{\"@type\":\"Person\",\"@id\":\"https:\/\/agenciainfra.com\/blog\/#\/schema\/person\/34af08dff6adea4cb22b06612ba7acfa\",\"name\":\"Ag\u00eancia iNFRA\",\"image\":{\"@type\":\"ImageObject\",\"inLanguage\":\"pt-BR\",\"@id\":\"https:\/\/agenciainfra.com\/blog\/#\/schema\/person\/image\/\",\"url\":\"https:\/\/secure.gravatar.com\/avatar\/d189e01678f06d8eb84d4e01f08eb848b3fffe3f8443818d3c356c66892f5be8?s=96&d=mm&r=g\",\"contentUrl\":\"https:\/\/secure.gravatar.com\/avatar\/d189e01678f06d8eb84d4e01f08eb848b3fffe3f8443818d3c356c66892f5be8?s=96&d=mm&r=g\",\"caption\":\"Ag\u00eancia iNFRA\"},\"url\":\"https:\/\/agenciainfra.com\/blog\/author\/admin\/\"}]}<\/script>\n<!-- \/ Yoast SEO Premium plugin. -->","yoast_head_json":{"title":"iNFRADebate: Avia\u00e7\u00e3o para os pr\u00f3ximos 20 anos, por Dario Rais Lopes - Ag\u00eancia iNFRA","robots":{"index":"index","follow":"follow","max-snippet":"max-snippet:-1","max-image-preview":"max-image-preview:large","max-video-preview":"max-video-preview:-1"},"canonical":"https:\/\/agenciainfra.com\/blog\/infradebate-aviacao-para-os-proximos-20-anos-por-dario-rais-lopes\/","og_locale":"pt_BR","og_type":"article","og_title":"iNFRADebate: Avia\u00e7\u00e3o para os pr\u00f3ximos 20 anos, por Dario Rais Lopes","og_description":"Dario Rais Lopes* Ao longo das duas \u00faltimas d\u00e9cadas o transporte a\u00e9reo brasileiro passou por significativas altera\u00e7\u00f5es regulamentares e institucionais, que estimularam o crescimento da demanda. E este per\u00edodo de crescimento tende a se prolongar. O volume de passageiros nos aeroportos brasileiros deve crescer a uma taxa m\u00e9dia de 4,6% ao ano, ultrapassando a casa [&hellip;]","og_url":"https:\/\/agenciainfra.com\/blog\/infradebate-aviacao-para-os-proximos-20-anos-por-dario-rais-lopes\/","og_site_name":"Ag\u00eancia iNFRA","article_publisher":"https:\/\/www.facebook.com\/ageninfra","article_published_time":"2018-11-27T07:00:44+00:00","og_image":[{"width":1024,"height":683,"url":"https:\/\/agenciainfra.com\/blog\/wp-content\/uploads\/2018\/11\/dario_rais_divulgacao_airport_infra.jpeg","type":"image\/jpeg"}],"author":"Ag\u00eancia iNFRA","twitter_card":"summary_large_image","twitter_creator":"@agencia_infra","twitter_site":"@agencia_infra","twitter_misc":{"Escrito por":"Ag\u00eancia iNFRA","Est. tempo de leitura":"4 minutos"},"schema":{"@context":"https:\/\/schema.org","@graph":[{"@type":"Article","@id":"https:\/\/agenciainfra.com\/blog\/infradebate-aviacao-para-os-proximos-20-anos-por-dario-rais-lopes\/#article","isPartOf":{"@id":"https:\/\/agenciainfra.com\/blog\/infradebate-aviacao-para-os-proximos-20-anos-por-dario-rais-lopes\/"},"author":{"name":"Ag\u00eancia iNFRA","@id":"https:\/\/agenciainfra.com\/blog\/#\/schema\/person\/34af08dff6adea4cb22b06612ba7acfa"},"headline":"iNFRADebate: Avia\u00e7\u00e3o para os pr\u00f3ximos 20 anos, por Dario Rais Lopes","datePublished":"2018-11-27T07:00:44+00:00","mainEntityOfPage":{"@id":"https:\/\/agenciainfra.com\/blog\/infradebate-aviacao-para-os-proximos-20-anos-por-dario-rais-lopes\/"},"wordCount":717,"publisher":{"@id":"https:\/\/agenciainfra.com\/blog\/#organization"},"image":{"@id":"https:\/\/agenciainfra.com\/blog\/infradebate-aviacao-para-os-proximos-20-anos-por-dario-rais-lopes\/#primaryimage"},"thumbnailUrl":"https:\/\/agenciainfra.com\/blog\/wp-content\/uploads\/2018\/11\/dario_rais_divulgacao_airport_infra.jpeg","keywords":["aeroportos","ANAC","avia\u00e7\u00e3o","Plano Aerovi\u00e1rio Nacional","SAC"],"articleSection":["iNFRADebate"],"inLanguage":"pt-BR","copyrightYear":"2018","copyrightHolder":{"@id":"https:\/\/agenciainfra.com\/blog\/#organization"}},{"@type":"WebPage","@id":"https:\/\/agenciainfra.com\/blog\/infradebate-aviacao-para-os-proximos-20-anos-por-dario-rais-lopes\/","url":"https:\/\/agenciainfra.com\/blog\/infradebate-aviacao-para-os-proximos-20-anos-por-dario-rais-lopes\/","name":"iNFRADebate: Avia\u00e7\u00e3o para os pr\u00f3ximos 20 anos, por Dario Rais Lopes - Ag\u00eancia iNFRA","isPartOf":{"@id":"https:\/\/agenciainfra.com\/blog\/#website"},"primaryImageOfPage":{"@id":"https:\/\/agenciainfra.com\/blog\/infradebate-aviacao-para-os-proximos-20-anos-por-dario-rais-lopes\/#primaryimage"},"image":{"@id":"https:\/\/agenciainfra.com\/blog\/infradebate-aviacao-para-os-proximos-20-anos-por-dario-rais-lopes\/#primaryimage"},"thumbnailUrl":"https:\/\/agenciainfra.com\/blog\/wp-content\/uploads\/2018\/11\/dario_rais_divulgacao_airport_infra.jpeg","datePublished":"2018-11-27T07:00:44+00:00","breadcrumb":{"@id":"https:\/\/agenciainfra.com\/blog\/infradebate-aviacao-para-os-proximos-20-anos-por-dario-rais-lopes\/#breadcrumb"},"inLanguage":"pt-BR","potentialAction":[{"@type":"ReadAction","target":["https:\/\/agenciainfra.com\/blog\/infradebate-aviacao-para-os-proximos-20-anos-por-dario-rais-lopes\/"]}]},{"@type":"ImageObject","inLanguage":"pt-BR","@id":"https:\/\/agenciainfra.com\/blog\/infradebate-aviacao-para-os-proximos-20-anos-por-dario-rais-lopes\/#primaryimage","url":"https:\/\/agenciainfra.com\/blog\/wp-content\/uploads\/2018\/11\/dario_rais_divulgacao_airport_infra.jpeg","contentUrl":"https:\/\/agenciainfra.com\/blog\/wp-content\/uploads\/2018\/11\/dario_rais_divulgacao_airport_infra.jpeg","width":1024,"height":683},{"@type":"BreadcrumbList","@id":"https:\/\/agenciainfra.com\/blog\/infradebate-aviacao-para-os-proximos-20-anos-por-dario-rais-lopes\/#breadcrumb","itemListElement":[{"@type":"ListItem","position":1,"name":"In\u00edcio","item":"https:\/\/agenciainfra.com\/blog\/"},{"@type":"ListItem","position":2,"name":"iNFRADebate: Avia\u00e7\u00e3o para os pr\u00f3ximos 20 anos, por Dario Rais Lopes"}]},{"@type":"WebSite","@id":"https:\/\/agenciainfra.com\/blog\/#website","url":"https:\/\/agenciainfra.com\/blog\/","name":"Ag\u00eancia iNFRA","description":"Multiplataforma de informa\u00e7\u00e3o jornal\u00edstica refer\u00eancia na \u00e1rea de infraestrutura no Brasil!","publisher":{"@id":"https:\/\/agenciainfra.com\/blog\/#organization"},"potentialAction":[{"@type":"SearchAction","target":{"@type":"EntryPoint","urlTemplate":"https:\/\/agenciainfra.com\/blog\/?s={search_term_string}"},"query-input":{"@type":"PropertyValueSpecification","valueRequired":true,"valueName":"search_term_string"}}],"inLanguage":"pt-BR"},{"@type":"Organization","@id":"https:\/\/agenciainfra.com\/blog\/#organization","name":"Ag\u00eancia iNFRA","url":"https:\/\/agenciainfra.com\/blog\/","logo":{"@type":"ImageObject","inLanguage":"pt-BR","@id":"https:\/\/agenciainfra.com\/blog\/#\/schema\/logo\/image\/","url":"https:\/\/agenciainfra.com\/blog\/wp-content\/uploads\/2023\/09\/iNFRA_5-e1761735885940.png","contentUrl":"https:\/\/agenciainfra.com\/blog\/wp-content\/uploads\/2023\/09\/iNFRA_5-e1761735885940.png","width":1672,"height":454,"caption":"Ag\u00eancia iNFRA"},"image":{"@id":"https:\/\/agenciainfra.com\/blog\/#\/schema\/logo\/image\/"},"sameAs":["https:\/\/www.facebook.com\/ageninfra","https:\/\/x.com\/agencia_infra","https:\/\/www.linkedin.com\/company\/ag\u00eanciainfra\/","https:\/\/www.instagram.com\/agenciainfra\/"]},{"@type":"Person","@id":"https:\/\/agenciainfra.com\/blog\/#\/schema\/person\/34af08dff6adea4cb22b06612ba7acfa","name":"Ag\u00eancia iNFRA","image":{"@type":"ImageObject","inLanguage":"pt-BR","@id":"https:\/\/agenciainfra.com\/blog\/#\/schema\/person\/image\/","url":"https:\/\/secure.gravatar.com\/avatar\/d189e01678f06d8eb84d4e01f08eb848b3fffe3f8443818d3c356c66892f5be8?s=96&d=mm&r=g","contentUrl":"https:\/\/secure.gravatar.com\/avatar\/d189e01678f06d8eb84d4e01f08eb848b3fffe3f8443818d3c356c66892f5be8?s=96&d=mm&r=g","caption":"Ag\u00eancia iNFRA"},"url":"https:\/\/agenciainfra.com\/blog\/author\/admin\/"}]}},"_links":{"self":[{"href":"https:\/\/agenciainfra.com\/blog\/wp-json\/wp\/v2\/posts\/2642","targetHints":{"allow":["GET"]}}],"collection":[{"href":"https:\/\/agenciainfra.com\/blog\/wp-json\/wp\/v2\/posts"}],"about":[{"href":"https:\/\/agenciainfra.com\/blog\/wp-json\/wp\/v2\/types\/post"}],"author":[{"embeddable":true,"href":"https:\/\/agenciainfra.com\/blog\/wp-json\/wp\/v2\/users\/1"}],"replies":[{"embeddable":true,"href":"https:\/\/agenciainfra.com\/blog\/wp-json\/wp\/v2\/comments?post=2642"}],"version-history":[{"count":0,"href":"https:\/\/agenciainfra.com\/blog\/wp-json\/wp\/v2\/posts\/2642\/revisions"}],"wp:featuredmedia":[{"embeddable":true,"href":"https:\/\/agenciainfra.com\/blog\/wp-json\/wp\/v2\/media\/2643"}],"wp:attachment":[{"href":"https:\/\/agenciainfra.com\/blog\/wp-json\/wp\/v2\/media?parent=2642"}],"wp:term":[{"taxonomy":"category","embeddable":true,"href":"https:\/\/agenciainfra.com\/blog\/wp-json\/wp\/v2\/categories?post=2642"},{"taxonomy":"post_tag","embeddable":true,"href":"https:\/\/agenciainfra.com\/blog\/wp-json\/wp\/v2\/tags?post=2642"}],"curies":[{"name":"wp","href":"https:\/\/api.w.org\/{rel}","templated":true}]}}