{"id":26422,"date":"2025-08-19T11:29:51","date_gmt":"2025-08-19T14:29:51","guid":{"rendered":"https:\/\/agenciainfra.com\/blog\/?p=26422"},"modified":"2025-08-19T11:29:55","modified_gmt":"2025-08-19T14:29:55","slug":"opiniao-adesao-compulsoria-de-municipios-a-microrregioes-de-saneamento-a-luz-do-entendimento-do-stf","status":"publish","type":"post","link":"https:\/\/agenciainfra.com\/blog\/opiniao-adesao-compulsoria-de-municipios-a-microrregioes-de-saneamento-a-luz-do-entendimento-do-stf\/","title":{"rendered":"Opini\u00e3o \u2013 Ades\u00e3o compuls\u00f3ria de munic\u00edpios a microrregi\u00f5es de saneamento \u00e0 luz do entendimento do STF"},"content":{"rendered":"\n<p class=\"has-text-align-right\"><strong><strong><strong><strong>Diogo Albaneze Gomes Ribeiro*<\/strong><\/strong><\/strong><\/strong><\/p>\n\n\n\n<p>Diante da situa\u00e7\u00e3o dram\u00e1tica dos servi\u00e7os de abastecimento de \u00e1gua pot\u00e1vel e esgotamento sanit\u00e1rio no pa\u00eds (em que ainda hoje quase metade da popula\u00e7\u00e3o brasileira nem sequer possui servi\u00e7os de coleta de esgoto), o setor incorporou, por meio da Lei federal n\u00ba 14.026\/2020, importantes altera\u00e7\u00f5es regulat\u00f3rias que visam, em \u00faltima an\u00e1lise, a contribuir com a dif\u00edcil tarefa de universaliza\u00e7\u00e3o desses servi\u00e7os em um prazo razo\u00e1vel.<\/p>\n\n\n\n<p>Dentre essas inova\u00e7\u00f5es, podemos destacar: a restri\u00e7\u00e3o \u00e0 formaliza\u00e7\u00e3o de novos contratos de programa (art. 10 da Lei de Saneamento); a necessidade de comprova\u00e7\u00e3o, pelos prestadores, de capacidade econ\u00f4mico-financeira para a realiza\u00e7\u00e3o dos investimentos necess\u00e1rios \u00e0 universaliza\u00e7\u00e3o dos servi\u00e7os; e a busca de uma maior uniformiza\u00e7\u00e3o regulat\u00f3ria, concentrando na ANA (Ag\u00eancia Nacional de \u00c1guas e Saneamento B\u00e1sico) a compet\u00eancia para a edi\u00e7\u00e3o de normas de refer\u00eancia a serem observadas pelos titulares do servi\u00e7o e pelas demais entidades reguladoras.<\/p>\n\n\n\n<p>Outro importante aspecto trazido pela Lei 14.026\/2020 foi a prioriza\u00e7\u00e3o da presta\u00e7\u00e3o regionalizada desses servi\u00e7os \u2013 tema esse que ainda vem gerando algumas discuss\u00f5es jur\u00eddicas, sobretudo por conta da cria\u00e7\u00e3o de MRAEs (Microrregi\u00f5es de \u00c1gua e Esgoto) de ades\u00e3o compuls\u00f3ria pelos munic\u00edpios. O ponto que vem sendo questionado por alguns munic\u00edpios gira em torno do fato de que essa ades\u00e3o compuls\u00f3ria estaria ocasionando uma transfer\u00eancia ilegal de titularidade dos servi\u00e7os de saneamento para os estados.<\/p>\n\n\n\n<p>A compet\u00eancia para que os estados possam instituir, mediante lei complementar, regi\u00f5es metropolitanas, aglomera\u00e7\u00f5es urbanas e microrregi\u00f5es, visando a execu\u00e7\u00e3o de fun\u00e7\u00f5es p\u00fablicas de interesse comum, est\u00e1 no art. 25, \u00a73\u00ba, da Constitui\u00e7\u00e3o Federal. A defini\u00e7\u00e3o dos par\u00e2metros essenciais para essa institui\u00e7\u00e3o foi tratada pelo STF (Supremo Tribunal Federal) na ADI (A\u00e7\u00e3o Direta de Inconstitucionalidade) 1842, ao analisar a legisla\u00e7\u00e3o que instituiu a Regi\u00e3o Metropolitana do Rio de Janeiro e a Microrregi\u00e3o dos Lagos.<\/p>\n\n\n\n<p>No \u00e2mbito dessa ADI (j\u00e1 bastante conhecida pelo setor), consolidou-se o entendimento de que o \u201cinteresse comum e a compulsoriedade da integra\u00e7\u00e3o metropolitana n\u00e3o s\u00e3o incompat\u00edveis com a autonomia municipal\u201d. Segundo a Corte, a autonomia conferida aos munic\u00edpios para legislar sobre assuntos de interesse local (art. 30, I, da Constitui\u00e7\u00e3o) convive com a norma que atribui aos estados a compet\u00eancia para institu\u00edrem regi\u00f5es metropolitanas com base na exist\u00eancia de interesse comum (art. 25, \u00a7 3\u00ba, da Constitui\u00e7\u00e3o).<\/p>\n\n\n\n<p>Al\u00e9m do fundamento constitucional, o STF vem justificando o cabimento dessa ades\u00e3o compuls\u00f3ria como necess\u00e1rio para contribuir com o objetivo de executar e planejar a fun\u00e7\u00e3o p\u00fablica do saneamento b\u00e1sico, com vistas \u00e0 obten\u00e7\u00e3o de economias de escala, bem como \u00e0 facilita\u00e7\u00e3o de modelagens de concess\u00f5es. Com isso, aqueles munic\u00edpios que n\u00e3o teriam viabilidade econ\u00f4mica para uma concess\u00e3o isolada podem se beneficiar de uma presta\u00e7\u00e3o regionalizada (valendo-se do chamado subs\u00eddio cruzado) \u2013 tudo para concorrer para a universaliza\u00e7\u00e3o dos servi\u00e7os.<\/p>\n\n\n\n<p>Essa \u00e9 a hip\u00f3tese tratada pelo STF na ADI 6.882\/DF, em que ficou consagrado o entendimento de que a regionaliza\u00e7\u00e3o dos servi\u00e7os de saneamento b\u00e1sico tornaria a sua implementa\u00e7\u00e3o mais sustent\u00e1vel, econ\u00f4mico e financeiramente, favorecendo a viabilidade de parcerias entre a Administra\u00e7\u00e3o P\u00fablica e a iniciativa privada.<\/p>\n\n\n\n<p>Recentemente, esse tema voltou \u00e0 tona. O estado do Par\u00e1, por meio da LC 71 (Lei Complementar 71, de 21 de dezembro de 2023), instituiu uma microrregi\u00e3o, voltada para \u00e1gua e esgoto. Ato cont\u00ednuo, em 2024 o estado publicou o Edital de Concorr\u00eancia P\u00fablica n\u00ba 002\/2024, com vistas a conceder \u00e0 iniciativa privada os servi\u00e7os de \u00e1gua e esgotamento sanit\u00e1rio e, para tanto, dividiu o estado em quatro blocos, de \u201cA\u201d a \u201cD\u201d, licitando individualmente cada um desses blocos.&nbsp;<\/p>\n\n\n\n<p>Em maio de 2025, a Assemae (Associa\u00e7\u00e3o Nacional dos Servi\u00e7os Municipais de Saneamento) ajuizou a A\u00e7\u00e3o Direta de Inconstitucionalidade de n\u00ba 7800, questionando a LC 71. Dentre outros argumentos, a autora defende que a cria\u00e7\u00e3o da MRAE teria gerado les\u00e3o \u00e0 autonomia municipal, em raz\u00e3o da inser\u00e7\u00e3o compuls\u00f3ria dos munic\u00edpios \u00e0 entidade criada. Al\u00e9m disso, afirma-se que, ao se adotar este modelo, haveria uma transfer\u00eancia ilegal de titularidade dos servi\u00e7os de saneamento.&nbsp;<\/p>\n\n\n\n<p>Em paralelo \u00e0 ADI, o munic\u00edpio de Parauapebas (PA), integrante do bloco D da referida concorr\u00eancia, ajuizou uma a\u00e7\u00e3o civil p\u00fablica em face do estado, pleiteando a sua retirada da MRAE, a suspens\u00e3o da licita\u00e7\u00e3o e a inconstitucionalidade incidental da legisla\u00e7\u00e3o estadual, respons\u00e1vel por criar a MRAE.&nbsp;<\/p>\n\n\n\n<p>Ap\u00f3s decis\u00e3o do Tribunal de Justi\u00e7a do Par\u00e1, em sede de agravo de instrumento, determinando a suspens\u00e3o da Concorr\u00eancia P\u00fablica n\u00ba 002\/2024, no que se refere \u00e0 participa\u00e7\u00e3o compuls\u00f3ria do munic\u00edpio de Parauapebas, o ministro Luis Roberto Barroso, no \u00e2mbito do Pedido de Suspens\u00e3o de n\u00ba 1077, revogou os efeitos da referida decis\u00e3o, de modo a autorizar o seguimento da concorr\u00eancia.&nbsp;<\/p>\n\n\n\n<p>O entendimento do ministro reitera a tese anteriormente fixada pelo STF de que as microrregi\u00f5es de saneamento b\u00e1sico se fundam em interesse comum<em> <\/em>dos munic\u00edpios que a integram, raz\u00e3o pela qual, a inclus\u00e3o de um munic\u00edpio, mesmo que compulsoriamente na MRAE, n\u00e3o viola a sua autonomia nem mesmo transfere a compet\u00eancia de execu\u00e7\u00e3o dos servi\u00e7os, mas sim potencializa a sua presta\u00e7\u00e3o por conjugar os interesses locais (desde que seja preservada aos munic\u00edpios a maioria de representa\u00e7\u00e3o nessas microrregi\u00f5es).&nbsp;&nbsp;<\/p>\n\n\n\n<p>Com isso, o STF vem transmitindo o recado de que, sendo garantido aos munic\u00edpios o efetivo exerc\u00edcio da sua autonomia, por meio da maioria dos votos representativos nas delibera\u00e7\u00f5es microrregionais,<sup> <\/sup>a ades\u00e3o compuls\u00f3ria desses munic\u00edpios a microrregi\u00f5es, via lei complementar, encontra-se em conformidade com o ordenamento jur\u00eddico.<\/p>\n\n\n\n<p><strong>*<strong><strong>Diogo Albaneze Gomes Ribeiro<\/strong><\/strong><\/strong> \u00e9 doutor e mestre em Direito Administrativo pela PUC\/SP e s\u00f3cio do Cescon Barrieu Advogados.<\/p>\n\n\n\n<p class=\"has-luminous-vivid-orange-color has-text-color has-link-color wp-elements-afaaa81626125a77b95b6a69457c218d\">As opini\u00f5es dos autores n\u00e3o refletem necessariamente o pensamento da<strong>&nbsp;Ag\u00eancia iNFRA<\/strong>, sendo de total responsabilidade do autor as informa\u00e7\u00f5es, ju\u00edzos de valor e conceitos descritos no texto.<\/p>\n","protected":false},"excerpt":{"rendered":"<p>Diogo Albaneze Gomes Ribeiro* Diante da situa\u00e7\u00e3o dram\u00e1tica dos servi\u00e7os de abastecimento de \u00e1gua pot\u00e1vel e esgotamento sanit\u00e1rio no pa\u00eds (em que ainda hoje quase metade da popula\u00e7\u00e3o brasileira nem sequer possui servi\u00e7os de coleta de esgoto), o setor incorporou, por meio da Lei federal n\u00ba 14.026\/2020, importantes altera\u00e7\u00f5es regulat\u00f3rias que visam, em \u00faltima an\u00e1lise, [&hellip;]<\/p>\n","protected":false},"author":1,"featured_media":26423,"comment_status":"closed","ping_status":"closed","sticky":false,"template":"","format":"standard","meta":{"_monsterinsights_skip_tracking":false,"_monsterinsights_sitenote_active":false,"_monsterinsights_sitenote_note":"","_monsterinsights_sitenote_category":0,"footnotes":""},"categories":[1,7827],"tags":[3949,14877,73,372,2192],"class_list":["post-26422","post","type-post","status-publish","format-standard","has-post-thumbnail","hentry","category-geral","category-infrasaneamento","tag-diogo-albaneze-gomes-ribeiro","tag-mircorregioes","tag-saneamento-basico","tag-stf","tag-universalizacao"],"yoast_head":"<!-- This site is optimized with the Yoast SEO Premium plugin v25.4 (Yoast SEO v26.0) - https:\/\/yoast.com\/wordpress\/plugins\/seo\/ -->\n<title>Opini\u00e3o \u2013 Ades\u00e3o compuls\u00f3ria de munic\u00edpios a microrregi\u00f5es de saneamento \u00e0 luz do entendimento do STF - Ag\u00eancia iNFRA<\/title>\n<meta name=\"robots\" content=\"index, follow, max-snippet:-1, max-image-preview:large, max-video-preview:-1\" \/>\n<link rel=\"canonical\" href=\"https:\/\/agenciainfra.com\/blog\/opiniao-adesao-compulsoria-de-municipios-a-microrregioes-de-saneamento-a-luz-do-entendimento-do-stf\/\" \/>\n<meta property=\"og:locale\" content=\"pt_BR\" \/>\n<meta property=\"og:type\" content=\"article\" \/>\n<meta property=\"og:title\" content=\"Opini\u00e3o \u2013 Ades\u00e3o compuls\u00f3ria de munic\u00edpios a microrregi\u00f5es de saneamento \u00e0 luz do entendimento do STF\" \/>\n<meta property=\"og:description\" content=\"Diogo Albaneze Gomes Ribeiro* Diante da situa\u00e7\u00e3o dram\u00e1tica dos servi\u00e7os de abastecimento de \u00e1gua pot\u00e1vel e esgotamento sanit\u00e1rio no pa\u00eds (em que ainda hoje quase metade da popula\u00e7\u00e3o brasileira nem sequer possui servi\u00e7os de coleta de esgoto), o setor incorporou, por meio da Lei federal n\u00ba 14.026\/2020, importantes altera\u00e7\u00f5es regulat\u00f3rias que visam, em \u00faltima an\u00e1lise, [&hellip;]\" \/>\n<meta property=\"og:url\" content=\"https:\/\/agenciainfra.com\/blog\/opiniao-adesao-compulsoria-de-municipios-a-microrregioes-de-saneamento-a-luz-do-entendimento-do-stf\/\" \/>\n<meta property=\"og:site_name\" content=\"Ag\u00eancia iNFRA\" \/>\n<meta property=\"article:publisher\" content=\"https:\/\/www.facebook.com\/ageninfra\" \/>\n<meta property=\"article:published_time\" content=\"2025-08-19T14:29:51+00:00\" \/>\n<meta property=\"article:modified_time\" content=\"2025-08-19T14:29:55+00:00\" \/>\n<meta property=\"og:image\" content=\"https:\/\/agenciainfra.com\/blog\/wp-content\/uploads\/2025\/08\/diogo-albaneze-foto-divulgacao.png\" \/>\n\t<meta property=\"og:image:width\" content=\"1280\" \/>\n\t<meta property=\"og:image:height\" content=\"787\" \/>\n\t<meta property=\"og:image:type\" content=\"image\/png\" \/>\n<meta name=\"author\" content=\"Ag\u00eancia iNFRA\" \/>\n<meta name=\"twitter:card\" content=\"summary_large_image\" \/>\n<meta name=\"twitter:creator\" content=\"@agencia_infra\" \/>\n<meta name=\"twitter:site\" content=\"@agencia_infra\" \/>\n<meta name=\"twitter:label1\" content=\"Escrito por\" \/>\n\t<meta name=\"twitter:data1\" content=\"Ag\u00eancia iNFRA\" \/>\n\t<meta name=\"twitter:label2\" content=\"Est. tempo de leitura\" \/>\n\t<meta name=\"twitter:data2\" content=\"5 minutos\" \/>\n<script type=\"application\/ld+json\" class=\"yoast-schema-graph\">{\"@context\":\"https:\/\/schema.org\",\"@graph\":[{\"@type\":\"Article\",\"@id\":\"https:\/\/agenciainfra.com\/blog\/opiniao-adesao-compulsoria-de-municipios-a-microrregioes-de-saneamento-a-luz-do-entendimento-do-stf\/#article\",\"isPartOf\":{\"@id\":\"https:\/\/agenciainfra.com\/blog\/opiniao-adesao-compulsoria-de-municipios-a-microrregioes-de-saneamento-a-luz-do-entendimento-do-stf\/\"},\"author\":{\"name\":\"Ag\u00eancia iNFRA\",\"@id\":\"https:\/\/agenciainfra.com\/blog\/#\/schema\/person\/34af08dff6adea4cb22b06612ba7acfa\"},\"headline\":\"Opini\u00e3o \u2013 Ades\u00e3o compuls\u00f3ria de munic\u00edpios a microrregi\u00f5es de saneamento \u00e0 luz do entendimento do STF\",\"datePublished\":\"2025-08-19T14:29:51+00:00\",\"dateModified\":\"2025-08-19T14:29:55+00:00\",\"mainEntityOfPage\":{\"@id\":\"https:\/\/agenciainfra.com\/blog\/opiniao-adesao-compulsoria-de-municipios-a-microrregioes-de-saneamento-a-luz-do-entendimento-do-stf\/\"},\"wordCount\":1089,\"publisher\":{\"@id\":\"https:\/\/agenciainfra.com\/blog\/#organization\"},\"image\":{\"@id\":\"https:\/\/agenciainfra.com\/blog\/opiniao-adesao-compulsoria-de-municipios-a-microrregioes-de-saneamento-a-luz-do-entendimento-do-stf\/#primaryimage\"},\"thumbnailUrl\":\"https:\/\/agenciainfra.com\/blog\/wp-content\/uploads\/2025\/08\/diogo-albaneze-foto-divulgacao.png\",\"keywords\":[\"Diogo Albaneze Gomes Ribeiro\",\"mircorregi\u00f5es\",\"Saneamento B\u00e1sico\",\"STF\",\"universaliza\u00e7\u00e3o\"],\"articleSection\":[\"Geral\",\"iNFRASaneamento\"],\"inLanguage\":\"pt-BR\",\"copyrightYear\":\"2025\",\"copyrightHolder\":{\"@id\":\"https:\/\/agenciainfra.com\/blog\/#organization\"}},{\"@type\":\"WebPage\",\"@id\":\"https:\/\/agenciainfra.com\/blog\/opiniao-adesao-compulsoria-de-municipios-a-microrregioes-de-saneamento-a-luz-do-entendimento-do-stf\/\",\"url\":\"https:\/\/agenciainfra.com\/blog\/opiniao-adesao-compulsoria-de-municipios-a-microrregioes-de-saneamento-a-luz-do-entendimento-do-stf\/\",\"name\":\"Opini\u00e3o \u2013 Ades\u00e3o compuls\u00f3ria de munic\u00edpios a microrregi\u00f5es de saneamento \u00e0 luz do entendimento do STF - Ag\u00eancia iNFRA\",\"isPartOf\":{\"@id\":\"https:\/\/agenciainfra.com\/blog\/#website\"},\"primaryImageOfPage\":{\"@id\":\"https:\/\/agenciainfra.com\/blog\/opiniao-adesao-compulsoria-de-municipios-a-microrregioes-de-saneamento-a-luz-do-entendimento-do-stf\/#primaryimage\"},\"image\":{\"@id\":\"https:\/\/agenciainfra.com\/blog\/opiniao-adesao-compulsoria-de-municipios-a-microrregioes-de-saneamento-a-luz-do-entendimento-do-stf\/#primaryimage\"},\"thumbnailUrl\":\"https:\/\/agenciainfra.com\/blog\/wp-content\/uploads\/2025\/08\/diogo-albaneze-foto-divulgacao.png\",\"datePublished\":\"2025-08-19T14:29:51+00:00\",\"dateModified\":\"2025-08-19T14:29:55+00:00\",\"breadcrumb\":{\"@id\":\"https:\/\/agenciainfra.com\/blog\/opiniao-adesao-compulsoria-de-municipios-a-microrregioes-de-saneamento-a-luz-do-entendimento-do-stf\/#breadcrumb\"},\"inLanguage\":\"pt-BR\",\"potentialAction\":[{\"@type\":\"ReadAction\",\"target\":[\"https:\/\/agenciainfra.com\/blog\/opiniao-adesao-compulsoria-de-municipios-a-microrregioes-de-saneamento-a-luz-do-entendimento-do-stf\/\"]}]},{\"@type\":\"ImageObject\",\"inLanguage\":\"pt-BR\",\"@id\":\"https:\/\/agenciainfra.com\/blog\/opiniao-adesao-compulsoria-de-municipios-a-microrregioes-de-saneamento-a-luz-do-entendimento-do-stf\/#primaryimage\",\"url\":\"https:\/\/agenciainfra.com\/blog\/wp-content\/uploads\/2025\/08\/diogo-albaneze-foto-divulgacao.png\",\"contentUrl\":\"https:\/\/agenciainfra.com\/blog\/wp-content\/uploads\/2025\/08\/diogo-albaneze-foto-divulgacao.png\",\"width\":1280,\"height\":787,\"caption\":\"Foto: Divulga\u00e7\u00e3o\"},{\"@type\":\"BreadcrumbList\",\"@id\":\"https:\/\/agenciainfra.com\/blog\/opiniao-adesao-compulsoria-de-municipios-a-microrregioes-de-saneamento-a-luz-do-entendimento-do-stf\/#breadcrumb\",\"itemListElement\":[{\"@type\":\"ListItem\",\"position\":1,\"name\":\"In\u00edcio\",\"item\":\"https:\/\/agenciainfra.com\/blog\/\"},{\"@type\":\"ListItem\",\"position\":2,\"name\":\"Opini\u00e3o \u2013 Ades\u00e3o compuls\u00f3ria de munic\u00edpios a microrregi\u00f5es de saneamento \u00e0 luz do entendimento do STF\"}]},{\"@type\":\"WebSite\",\"@id\":\"https:\/\/agenciainfra.com\/blog\/#website\",\"url\":\"https:\/\/agenciainfra.com\/blog\/\",\"name\":\"Ag\u00eancia iNFRA\",\"description\":\"Multiplataforma de informa\u00e7\u00e3o jornal\u00edstica refer\u00eancia na \u00e1rea de infraestrutura no Brasil!\",\"publisher\":{\"@id\":\"https:\/\/agenciainfra.com\/blog\/#organization\"},\"potentialAction\":[{\"@type\":\"SearchAction\",\"target\":{\"@type\":\"EntryPoint\",\"urlTemplate\":\"https:\/\/agenciainfra.com\/blog\/?s={search_term_string}\"},\"query-input\":{\"@type\":\"PropertyValueSpecification\",\"valueRequired\":true,\"valueName\":\"search_term_string\"}}],\"inLanguage\":\"pt-BR\"},{\"@type\":\"Organization\",\"@id\":\"https:\/\/agenciainfra.com\/blog\/#organization\",\"name\":\"Ag\u00eancia iNFRA\",\"url\":\"https:\/\/agenciainfra.com\/blog\/\",\"logo\":{\"@type\":\"ImageObject\",\"inLanguage\":\"pt-BR\",\"@id\":\"https:\/\/agenciainfra.com\/blog\/#\/schema\/logo\/image\/\",\"url\":\"https:\/\/agenciainfra.com\/blog\/wp-content\/uploads\/2023\/09\/iNFRA_5-e1761735885940.png\",\"contentUrl\":\"https:\/\/agenciainfra.com\/blog\/wp-content\/uploads\/2023\/09\/iNFRA_5-e1761735885940.png\",\"width\":1672,\"height\":454,\"caption\":\"Ag\u00eancia iNFRA\"},\"image\":{\"@id\":\"https:\/\/agenciainfra.com\/blog\/#\/schema\/logo\/image\/\"},\"sameAs\":[\"https:\/\/www.facebook.com\/ageninfra\",\"https:\/\/x.com\/agencia_infra\",\"https:\/\/www.linkedin.com\/company\/ag\u00eanciainfra\/\",\"https:\/\/www.instagram.com\/agenciainfra\/\"]},{\"@type\":\"Person\",\"@id\":\"https:\/\/agenciainfra.com\/blog\/#\/schema\/person\/34af08dff6adea4cb22b06612ba7acfa\",\"name\":\"Ag\u00eancia iNFRA\",\"image\":{\"@type\":\"ImageObject\",\"inLanguage\":\"pt-BR\",\"@id\":\"https:\/\/agenciainfra.com\/blog\/#\/schema\/person\/image\/\",\"url\":\"https:\/\/secure.gravatar.com\/avatar\/d189e01678f06d8eb84d4e01f08eb848b3fffe3f8443818d3c356c66892f5be8?s=96&d=mm&r=g\",\"contentUrl\":\"https:\/\/secure.gravatar.com\/avatar\/d189e01678f06d8eb84d4e01f08eb848b3fffe3f8443818d3c356c66892f5be8?s=96&d=mm&r=g\",\"caption\":\"Ag\u00eancia iNFRA\"},\"url\":\"https:\/\/agenciainfra.com\/blog\/author\/admin\/\"}]}<\/script>\n<!-- \/ Yoast SEO Premium plugin. -->","yoast_head_json":{"title":"Opini\u00e3o \u2013 Ades\u00e3o compuls\u00f3ria de munic\u00edpios a microrregi\u00f5es de saneamento \u00e0 luz do entendimento do STF - Ag\u00eancia iNFRA","robots":{"index":"index","follow":"follow","max-snippet":"max-snippet:-1","max-image-preview":"max-image-preview:large","max-video-preview":"max-video-preview:-1"},"canonical":"https:\/\/agenciainfra.com\/blog\/opiniao-adesao-compulsoria-de-municipios-a-microrregioes-de-saneamento-a-luz-do-entendimento-do-stf\/","og_locale":"pt_BR","og_type":"article","og_title":"Opini\u00e3o \u2013 Ades\u00e3o compuls\u00f3ria de munic\u00edpios a microrregi\u00f5es de saneamento \u00e0 luz do entendimento do STF","og_description":"Diogo Albaneze Gomes Ribeiro* Diante da situa\u00e7\u00e3o dram\u00e1tica dos servi\u00e7os de abastecimento de \u00e1gua pot\u00e1vel e esgotamento sanit\u00e1rio no pa\u00eds (em que ainda hoje quase metade da popula\u00e7\u00e3o brasileira nem sequer possui servi\u00e7os de coleta de esgoto), o setor incorporou, por meio da Lei federal n\u00ba 14.026\/2020, importantes altera\u00e7\u00f5es regulat\u00f3rias que visam, em \u00faltima an\u00e1lise, [&hellip;]","og_url":"https:\/\/agenciainfra.com\/blog\/opiniao-adesao-compulsoria-de-municipios-a-microrregioes-de-saneamento-a-luz-do-entendimento-do-stf\/","og_site_name":"Ag\u00eancia iNFRA","article_publisher":"https:\/\/www.facebook.com\/ageninfra","article_published_time":"2025-08-19T14:29:51+00:00","article_modified_time":"2025-08-19T14:29:55+00:00","og_image":[{"width":1280,"height":787,"url":"https:\/\/agenciainfra.com\/blog\/wp-content\/uploads\/2025\/08\/diogo-albaneze-foto-divulgacao.png","type":"image\/png"}],"author":"Ag\u00eancia iNFRA","twitter_card":"summary_large_image","twitter_creator":"@agencia_infra","twitter_site":"@agencia_infra","twitter_misc":{"Escrito por":"Ag\u00eancia iNFRA","Est. tempo de leitura":"5 minutos"},"schema":{"@context":"https:\/\/schema.org","@graph":[{"@type":"Article","@id":"https:\/\/agenciainfra.com\/blog\/opiniao-adesao-compulsoria-de-municipios-a-microrregioes-de-saneamento-a-luz-do-entendimento-do-stf\/#article","isPartOf":{"@id":"https:\/\/agenciainfra.com\/blog\/opiniao-adesao-compulsoria-de-municipios-a-microrregioes-de-saneamento-a-luz-do-entendimento-do-stf\/"},"author":{"name":"Ag\u00eancia iNFRA","@id":"https:\/\/agenciainfra.com\/blog\/#\/schema\/person\/34af08dff6adea4cb22b06612ba7acfa"},"headline":"Opini\u00e3o \u2013 Ades\u00e3o compuls\u00f3ria de munic\u00edpios a microrregi\u00f5es de saneamento \u00e0 luz do entendimento do STF","datePublished":"2025-08-19T14:29:51+00:00","dateModified":"2025-08-19T14:29:55+00:00","mainEntityOfPage":{"@id":"https:\/\/agenciainfra.com\/blog\/opiniao-adesao-compulsoria-de-municipios-a-microrregioes-de-saneamento-a-luz-do-entendimento-do-stf\/"},"wordCount":1089,"publisher":{"@id":"https:\/\/agenciainfra.com\/blog\/#organization"},"image":{"@id":"https:\/\/agenciainfra.com\/blog\/opiniao-adesao-compulsoria-de-municipios-a-microrregioes-de-saneamento-a-luz-do-entendimento-do-stf\/#primaryimage"},"thumbnailUrl":"https:\/\/agenciainfra.com\/blog\/wp-content\/uploads\/2025\/08\/diogo-albaneze-foto-divulgacao.png","keywords":["Diogo Albaneze Gomes Ribeiro","mircorregi\u00f5es","Saneamento B\u00e1sico","STF","universaliza\u00e7\u00e3o"],"articleSection":["Geral","iNFRASaneamento"],"inLanguage":"pt-BR","copyrightYear":"2025","copyrightHolder":{"@id":"https:\/\/agenciainfra.com\/blog\/#organization"}},{"@type":"WebPage","@id":"https:\/\/agenciainfra.com\/blog\/opiniao-adesao-compulsoria-de-municipios-a-microrregioes-de-saneamento-a-luz-do-entendimento-do-stf\/","url":"https:\/\/agenciainfra.com\/blog\/opiniao-adesao-compulsoria-de-municipios-a-microrregioes-de-saneamento-a-luz-do-entendimento-do-stf\/","name":"Opini\u00e3o \u2013 Ades\u00e3o compuls\u00f3ria de munic\u00edpios a microrregi\u00f5es de saneamento \u00e0 luz do entendimento do STF - Ag\u00eancia iNFRA","isPartOf":{"@id":"https:\/\/agenciainfra.com\/blog\/#website"},"primaryImageOfPage":{"@id":"https:\/\/agenciainfra.com\/blog\/opiniao-adesao-compulsoria-de-municipios-a-microrregioes-de-saneamento-a-luz-do-entendimento-do-stf\/#primaryimage"},"image":{"@id":"https:\/\/agenciainfra.com\/blog\/opiniao-adesao-compulsoria-de-municipios-a-microrregioes-de-saneamento-a-luz-do-entendimento-do-stf\/#primaryimage"},"thumbnailUrl":"https:\/\/agenciainfra.com\/blog\/wp-content\/uploads\/2025\/08\/diogo-albaneze-foto-divulgacao.png","datePublished":"2025-08-19T14:29:51+00:00","dateModified":"2025-08-19T14:29:55+00:00","breadcrumb":{"@id":"https:\/\/agenciainfra.com\/blog\/opiniao-adesao-compulsoria-de-municipios-a-microrregioes-de-saneamento-a-luz-do-entendimento-do-stf\/#breadcrumb"},"inLanguage":"pt-BR","potentialAction":[{"@type":"ReadAction","target":["https:\/\/agenciainfra.com\/blog\/opiniao-adesao-compulsoria-de-municipios-a-microrregioes-de-saneamento-a-luz-do-entendimento-do-stf\/"]}]},{"@type":"ImageObject","inLanguage":"pt-BR","@id":"https:\/\/agenciainfra.com\/blog\/opiniao-adesao-compulsoria-de-municipios-a-microrregioes-de-saneamento-a-luz-do-entendimento-do-stf\/#primaryimage","url":"https:\/\/agenciainfra.com\/blog\/wp-content\/uploads\/2025\/08\/diogo-albaneze-foto-divulgacao.png","contentUrl":"https:\/\/agenciainfra.com\/blog\/wp-content\/uploads\/2025\/08\/diogo-albaneze-foto-divulgacao.png","width":1280,"height":787,"caption":"Foto: Divulga\u00e7\u00e3o"},{"@type":"BreadcrumbList","@id":"https:\/\/agenciainfra.com\/blog\/opiniao-adesao-compulsoria-de-municipios-a-microrregioes-de-saneamento-a-luz-do-entendimento-do-stf\/#breadcrumb","itemListElement":[{"@type":"ListItem","position":1,"name":"In\u00edcio","item":"https:\/\/agenciainfra.com\/blog\/"},{"@type":"ListItem","position":2,"name":"Opini\u00e3o \u2013 Ades\u00e3o compuls\u00f3ria de munic\u00edpios a microrregi\u00f5es de saneamento \u00e0 luz do entendimento do STF"}]},{"@type":"WebSite","@id":"https:\/\/agenciainfra.com\/blog\/#website","url":"https:\/\/agenciainfra.com\/blog\/","name":"Ag\u00eancia iNFRA","description":"Multiplataforma de informa\u00e7\u00e3o jornal\u00edstica refer\u00eancia na \u00e1rea de infraestrutura no Brasil!","publisher":{"@id":"https:\/\/agenciainfra.com\/blog\/#organization"},"potentialAction":[{"@type":"SearchAction","target":{"@type":"EntryPoint","urlTemplate":"https:\/\/agenciainfra.com\/blog\/?s={search_term_string}"},"query-input":{"@type":"PropertyValueSpecification","valueRequired":true,"valueName":"search_term_string"}}],"inLanguage":"pt-BR"},{"@type":"Organization","@id":"https:\/\/agenciainfra.com\/blog\/#organization","name":"Ag\u00eancia iNFRA","url":"https:\/\/agenciainfra.com\/blog\/","logo":{"@type":"ImageObject","inLanguage":"pt-BR","@id":"https:\/\/agenciainfra.com\/blog\/#\/schema\/logo\/image\/","url":"https:\/\/agenciainfra.com\/blog\/wp-content\/uploads\/2023\/09\/iNFRA_5-e1761735885940.png","contentUrl":"https:\/\/agenciainfra.com\/blog\/wp-content\/uploads\/2023\/09\/iNFRA_5-e1761735885940.png","width":1672,"height":454,"caption":"Ag\u00eancia iNFRA"},"image":{"@id":"https:\/\/agenciainfra.com\/blog\/#\/schema\/logo\/image\/"},"sameAs":["https:\/\/www.facebook.com\/ageninfra","https:\/\/x.com\/agencia_infra","https:\/\/www.linkedin.com\/company\/ag\u00eanciainfra\/","https:\/\/www.instagram.com\/agenciainfra\/"]},{"@type":"Person","@id":"https:\/\/agenciainfra.com\/blog\/#\/schema\/person\/34af08dff6adea4cb22b06612ba7acfa","name":"Ag\u00eancia iNFRA","image":{"@type":"ImageObject","inLanguage":"pt-BR","@id":"https:\/\/agenciainfra.com\/blog\/#\/schema\/person\/image\/","url":"https:\/\/secure.gravatar.com\/avatar\/d189e01678f06d8eb84d4e01f08eb848b3fffe3f8443818d3c356c66892f5be8?s=96&d=mm&r=g","contentUrl":"https:\/\/secure.gravatar.com\/avatar\/d189e01678f06d8eb84d4e01f08eb848b3fffe3f8443818d3c356c66892f5be8?s=96&d=mm&r=g","caption":"Ag\u00eancia iNFRA"},"url":"https:\/\/agenciainfra.com\/blog\/author\/admin\/"}]}},"_links":{"self":[{"href":"https:\/\/agenciainfra.com\/blog\/wp-json\/wp\/v2\/posts\/26422","targetHints":{"allow":["GET"]}}],"collection":[{"href":"https:\/\/agenciainfra.com\/blog\/wp-json\/wp\/v2\/posts"}],"about":[{"href":"https:\/\/agenciainfra.com\/blog\/wp-json\/wp\/v2\/types\/post"}],"author":[{"embeddable":true,"href":"https:\/\/agenciainfra.com\/blog\/wp-json\/wp\/v2\/users\/1"}],"replies":[{"embeddable":true,"href":"https:\/\/agenciainfra.com\/blog\/wp-json\/wp\/v2\/comments?post=26422"}],"version-history":[{"count":1,"href":"https:\/\/agenciainfra.com\/blog\/wp-json\/wp\/v2\/posts\/26422\/revisions"}],"predecessor-version":[{"id":26424,"href":"https:\/\/agenciainfra.com\/blog\/wp-json\/wp\/v2\/posts\/26422\/revisions\/26424"}],"wp:featuredmedia":[{"embeddable":true,"href":"https:\/\/agenciainfra.com\/blog\/wp-json\/wp\/v2\/media\/26423"}],"wp:attachment":[{"href":"https:\/\/agenciainfra.com\/blog\/wp-json\/wp\/v2\/media?parent=26422"}],"wp:term":[{"taxonomy":"category","embeddable":true,"href":"https:\/\/agenciainfra.com\/blog\/wp-json\/wp\/v2\/categories?post=26422"},{"taxonomy":"post_tag","embeddable":true,"href":"https:\/\/agenciainfra.com\/blog\/wp-json\/wp\/v2\/tags?post=26422"}],"curies":[{"name":"wp","href":"https:\/\/api.w.org\/{rel}","templated":true}]}}