{"id":26430,"date":"2025-08-19T12:45:48","date_gmt":"2025-08-19T15:45:48","guid":{"rendered":"https:\/\/agenciainfra.com\/blog\/?p=26430"},"modified":"2025-08-19T12:45:48","modified_gmt":"2025-08-19T15:45:48","slug":"debate-sobre-desincompatibilizacao-atrasa-sabatina-de-indicados-a-agencias","status":"publish","type":"post","link":"https:\/\/agenciainfra.com\/blog\/debate-sobre-desincompatibilizacao-atrasa-sabatina-de-indicados-a-agencias\/","title":{"rendered":"Debate sobre desincompatibiliza\u00e7\u00e3o atrasa sabatina de indicados a ag\u00eancias"},"content":{"rendered":"\n<p class=\"has-text-align-right\"><strong>Geraldo Campos Jr., da Ag\u00eancia iNFRA<\/strong><\/p>\n\n\n\n<p>A CI (Comiss\u00e3o de Infraestrutura) do Senado atrasou o in\u00edcio das sabatinas nesta ter\u00e7a-feira (19) em meio a uma discuss\u00e3o sobre a obriga\u00e7\u00e3o de ren\u00fancia dos indicados \u00e0s ag\u00eancias reguladoras com cargos em empresas e entidades reguladas. A quest\u00e3o afeta v\u00e1rias indica\u00e7\u00f5es. Foi fechado acordo que permite que a desincompatibiliza\u00e7\u00e3o seja feita ap\u00f3s aprova\u00e7\u00e3o em plen\u00e1rio.<\/p>\n\n\n\n<p>No centro da discuss\u00e3o est\u00e1 a indica\u00e7\u00e3o \u00e0 ANP (Ag\u00eancia Nacional do Petr\u00f3leo, G\u00e1s Natural e Biocombust\u00edveis) do secret\u00e1rio de Petr\u00f3leo e G\u00e1s do MME (Minist\u00e9rio de Minas e Energia), Pietro Mendes. Atualmente, ele \u00e9 presidente do Conselho de Administra\u00e7\u00e3o da Petrobras.<\/p>\n\n\n\n<p>A quest\u00e3o, no entanto, tamb\u00e9m afeta outros nomes, como o outro indicado \u00e0 ANP, Artur Watt, que \u00e9 consultor da PPSA, e o secret\u00e1rio de Energia El\u00e9trica, Gentil Nogueira, que integra o conselho do ONS (Operador Nacional do Sistema El\u00e9trico). Al\u00e9m de indicados \u00e0 ANTT (Ag\u00eancia Nacional de Transportes Terrestres) e \u00e0 ANAC (Ag\u00eancia Nacional de Avia\u00e7\u00e3o Civil) que integram as estatais Infra S.A. e Infraero.<\/p>\n\n\n\n<p>O impasse estava em debate desde a semana passada, quando houve a leitura dos relat\u00f3rios sobre as indica\u00e7\u00f5es. Alguns senadores argumentaram o risco de exigir a ren\u00fancia antes da aprova\u00e7\u00e3o e o nome no final n\u00e3o ter aval do plen\u00e1rio, provocando preju\u00edzo ao indicado.<\/p>\n\n\n\n<p>O presidente da CI, senador Marcos Rog\u00e9rio (PL-RO), anunciou, ap\u00f3s negocia\u00e7\u00e3o com senadores, que a desincompatibiliza\u00e7\u00e3o dos indicados dever\u00e1 ocorrer at\u00e9 o fim do processo de indica\u00e7\u00e3o, ou seja, at\u00e9 o envio do resultado da vota\u00e7\u00e3o no plen\u00e1rio \u00e0 Presid\u00eancia da Rep\u00fablica. Ser\u00e1 estabelecido um prazo ap\u00f3s a aprova\u00e7\u00e3o no plen\u00e1rio do Senado para que os indicados enviem a comprova\u00e7\u00e3o de ren\u00fancia dos cargos atuais, visando que a mensagem de aprova\u00e7\u00e3o seja encaminhada \u00e0 Presid\u00eancia.<\/p>\n\n\n\n<p>Segundo fontes, diante do acordo fechado, Pietro Mendes j\u00e1 se comprometeu a entregar a ren\u00fancia na Petrobras assim que houver a aprova\u00e7\u00e3o em plen\u00e1rio. J\u00e1 o secret\u00e1rio de Energia El\u00e9trica do MME, Gentil Nogueira, j\u00e1 renunciou ao cargo que ocupava no conselho do ONS, afirmaram interlocutores.<\/p>\n","protected":false},"excerpt":{"rendered":"<p>Geraldo Campos Jr., da Ag\u00eancia iNFRA A CI (Comiss\u00e3o de Infraestrutura) do Senado atrasou o in\u00edcio das sabatinas nesta ter\u00e7a-feira (19) em meio a uma discuss\u00e3o sobre a obriga\u00e7\u00e3o de ren\u00fancia dos indicados \u00e0s ag\u00eancias reguladoras com cargos em empresas e entidades reguladas. A quest\u00e3o afeta v\u00e1rias indica\u00e7\u00f5es. Foi fechado acordo que permite que a [&hellip;]<\/p>\n","protected":false},"author":1,"featured_media":26432,"comment_status":"closed","ping_status":"closed","sticky":false,"template":"","format":"standard","meta":{"_monsterinsights_skip_tracking":false,"_monsterinsights_sitenote_active":false,"_monsterinsights_sitenote_note":"","_monsterinsights_sitenote_category":0,"footnotes":""},"categories":[7250,1],"tags":[46,242,1101,19,9541,1498,14882,6781,11594,1193,6335,5320],"class_list":["post-26430","post","type-post","status-publish","format-standard","has-post-thumbnail","hentry","category-destaque-lista","category-geral","tag-agencias-reguladoras","tag-anac","tag-anp","tag-antt","tag-artur-watt","tag-comissao-de-infraestrutura","tag-desincompatibilizacao","tag-gentil-nogueira","tag-geraldo-campos-jr","tag-marcos-rogerio","tag-pietro-mendes","tag-sabatinas"],"yoast_head":"<!-- This site is optimized with the Yoast SEO Premium plugin v25.4 (Yoast SEO v26.0) - https:\/\/yoast.com\/wordpress\/plugins\/seo\/ -->\n<title>Debate sobre desincompatibiliza\u00e7\u00e3o atrasa sabatina de indicados a ag\u00eancias - Ag\u00eancia iNFRA<\/title>\n<meta name=\"robots\" content=\"index, follow, max-snippet:-1, max-image-preview:large, max-video-preview:-1\" \/>\n<link rel=\"canonical\" href=\"https:\/\/agenciainfra.com\/blog\/debate-sobre-desincompatibilizacao-atrasa-sabatina-de-indicados-a-agencias\/\" \/>\n<meta property=\"og:locale\" content=\"pt_BR\" \/>\n<meta property=\"og:type\" content=\"article\" \/>\n<meta property=\"og:title\" content=\"Debate sobre desincompatibiliza\u00e7\u00e3o atrasa sabatina de indicados a ag\u00eancias\" \/>\n<meta property=\"og:description\" content=\"Geraldo Campos Jr., da Ag\u00eancia iNFRA A CI (Comiss\u00e3o de Infraestrutura) do Senado atrasou o in\u00edcio das sabatinas nesta ter\u00e7a-feira (19) em meio a uma discuss\u00e3o sobre a obriga\u00e7\u00e3o de ren\u00fancia dos indicados \u00e0s ag\u00eancias reguladoras com cargos em empresas e entidades reguladas. A quest\u00e3o afeta v\u00e1rias indica\u00e7\u00f5es. Foi fechado acordo que permite que a [&hellip;]\" \/>\n<meta property=\"og:url\" content=\"https:\/\/agenciainfra.com\/blog\/debate-sobre-desincompatibilizacao-atrasa-sabatina-de-indicados-a-agencias\/\" \/>\n<meta property=\"og:site_name\" content=\"Ag\u00eancia iNFRA\" \/>\n<meta property=\"article:publisher\" content=\"https:\/\/www.facebook.com\/ageninfra\" \/>\n<meta property=\"article:published_time\" content=\"2025-08-19T15:45:48+00:00\" \/>\n<meta name=\"author\" content=\"Ag\u00eancia iNFRA\" \/>\n<meta name=\"twitter:card\" content=\"summary_large_image\" \/>\n<meta name=\"twitter:creator\" content=\"@agencia_infra\" \/>\n<meta name=\"twitter:site\" content=\"@agencia_infra\" \/>\n<meta name=\"twitter:label1\" content=\"Escrito por\" \/>\n\t<meta name=\"twitter:data1\" content=\"Ag\u00eancia iNFRA\" \/>\n\t<meta name=\"twitter:label2\" content=\"Est. tempo de leitura\" \/>\n\t<meta name=\"twitter:data2\" content=\"2 minutos\" \/>\n<script type=\"application\/ld+json\" class=\"yoast-schema-graph\">{\"@context\":\"https:\/\/schema.org\",\"@graph\":[{\"@type\":\"Article\",\"@id\":\"https:\/\/agenciainfra.com\/blog\/debate-sobre-desincompatibilizacao-atrasa-sabatina-de-indicados-a-agencias\/#article\",\"isPartOf\":{\"@id\":\"https:\/\/agenciainfra.com\/blog\/debate-sobre-desincompatibilizacao-atrasa-sabatina-de-indicados-a-agencias\/\"},\"author\":{\"name\":\"Ag\u00eancia iNFRA\",\"@id\":\"https:\/\/agenciainfra.com\/blog\/#\/schema\/person\/34af08dff6adea4cb22b06612ba7acfa\"},\"headline\":\"Debate sobre desincompatibiliza\u00e7\u00e3o atrasa sabatina de indicados a ag\u00eancias\",\"datePublished\":\"2025-08-19T15:45:48+00:00\",\"mainEntityOfPage\":{\"@id\":\"https:\/\/agenciainfra.com\/blog\/debate-sobre-desincompatibilizacao-atrasa-sabatina-de-indicados-a-agencias\/\"},\"wordCount\":401,\"publisher\":{\"@id\":\"https:\/\/agenciainfra.com\/blog\/#organization\"},\"image\":{\"@id\":\"https:\/\/agenciainfra.com\/blog\/debate-sobre-desincompatibilizacao-atrasa-sabatina-de-indicados-a-agencias\/#primaryimage\"},\"thumbnailUrl\":\"https:\/\/agenciainfra.com\/blog\/wp-content\/uploads\/2025\/08\/comissao-infraestrutura-foto-andressa-anholete-agencia-senado.jpg\",\"keywords\":[\"Ag\u00eancias Reguladoras\",\"ANAC\",\"ANP\",\"ANTT\",\"Artur Watt\",\"Comiss\u00e3o de Infraestrutura\",\"desincompatibiliza\u00e7\u00e3o\",\"Gentil Nogueira\",\"Geraldo Campos Jr.\",\"Marcos Rog\u00e9rio\",\"Pietro Mendes\",\"sabatinas\"],\"articleSection\":[\"Destaque lista\",\"Geral\"],\"inLanguage\":\"pt-BR\",\"copyrightYear\":\"2025\",\"copyrightHolder\":{\"@id\":\"https:\/\/agenciainfra.com\/blog\/#organization\"}},{\"@type\":\"WebPage\",\"@id\":\"https:\/\/agenciainfra.com\/blog\/debate-sobre-desincompatibilizacao-atrasa-sabatina-de-indicados-a-agencias\/\",\"url\":\"https:\/\/agenciainfra.com\/blog\/debate-sobre-desincompatibilizacao-atrasa-sabatina-de-indicados-a-agencias\/\",\"name\":\"Debate sobre desincompatibiliza\u00e7\u00e3o atrasa sabatina de indicados a ag\u00eancias - Ag\u00eancia iNFRA\",\"isPartOf\":{\"@id\":\"https:\/\/agenciainfra.com\/blog\/#website\"},\"primaryImageOfPage\":{\"@id\":\"https:\/\/agenciainfra.com\/blog\/debate-sobre-desincompatibilizacao-atrasa-sabatina-de-indicados-a-agencias\/#primaryimage\"},\"image\":{\"@id\":\"https:\/\/agenciainfra.com\/blog\/debate-sobre-desincompatibilizacao-atrasa-sabatina-de-indicados-a-agencias\/#primaryimage\"},\"thumbnailUrl\":\"https:\/\/agenciainfra.com\/blog\/wp-content\/uploads\/2025\/08\/comissao-infraestrutura-foto-andressa-anholete-agencia-senado.jpg\",\"datePublished\":\"2025-08-19T15:45:48+00:00\",\"breadcrumb\":{\"@id\":\"https:\/\/agenciainfra.com\/blog\/debate-sobre-desincompatibilizacao-atrasa-sabatina-de-indicados-a-agencias\/#breadcrumb\"},\"inLanguage\":\"pt-BR\",\"potentialAction\":[{\"@type\":\"ReadAction\",\"target\":[\"https:\/\/agenciainfra.com\/blog\/debate-sobre-desincompatibilizacao-atrasa-sabatina-de-indicados-a-agencias\/\"]}]},{\"@type\":\"ImageObject\",\"inLanguage\":\"pt-BR\",\"@id\":\"https:\/\/agenciainfra.com\/blog\/debate-sobre-desincompatibilizacao-atrasa-sabatina-de-indicados-a-agencias\/#primaryimage\",\"url\":\"https:\/\/agenciainfra.com\/blog\/wp-content\/uploads\/2025\/08\/comissao-infraestrutura-foto-andressa-anholete-agencia-senado.jpg\",\"contentUrl\":\"https:\/\/agenciainfra.com\/blog\/wp-content\/uploads\/2025\/08\/comissao-infraestrutura-foto-andressa-anholete-agencia-senado.jpg\",\"width\":1280,\"height\":853,\"caption\":\"Foto: Andressa Anholete\/Ag\u00eancia Senado\"},{\"@type\":\"BreadcrumbList\",\"@id\":\"https:\/\/agenciainfra.com\/blog\/debate-sobre-desincompatibilizacao-atrasa-sabatina-de-indicados-a-agencias\/#breadcrumb\",\"itemListElement\":[{\"@type\":\"ListItem\",\"position\":1,\"name\":\"In\u00edcio\",\"item\":\"https:\/\/agenciainfra.com\/blog\/\"},{\"@type\":\"ListItem\",\"position\":2,\"name\":\"Debate sobre desincompatibiliza\u00e7\u00e3o atrasa sabatina de indicados a ag\u00eancias\"}]},{\"@type\":\"WebSite\",\"@id\":\"https:\/\/agenciainfra.com\/blog\/#website\",\"url\":\"https:\/\/agenciainfra.com\/blog\/\",\"name\":\"Ag\u00eancia iNFRA\",\"description\":\"Multiplataforma de informa\u00e7\u00e3o jornal\u00edstica refer\u00eancia na \u00e1rea de infraestrutura no Brasil!\",\"publisher\":{\"@id\":\"https:\/\/agenciainfra.com\/blog\/#organization\"},\"potentialAction\":[{\"@type\":\"SearchAction\",\"target\":{\"@type\":\"EntryPoint\",\"urlTemplate\":\"https:\/\/agenciainfra.com\/blog\/?s={search_term_string}\"},\"query-input\":{\"@type\":\"PropertyValueSpecification\",\"valueRequired\":true,\"valueName\":\"search_term_string\"}}],\"inLanguage\":\"pt-BR\"},{\"@type\":\"Organization\",\"@id\":\"https:\/\/agenciainfra.com\/blog\/#organization\",\"name\":\"Ag\u00eancia iNFRA\",\"url\":\"https:\/\/agenciainfra.com\/blog\/\",\"logo\":{\"@type\":\"ImageObject\",\"inLanguage\":\"pt-BR\",\"@id\":\"https:\/\/agenciainfra.com\/blog\/#\/schema\/logo\/image\/\",\"url\":\"https:\/\/agenciainfra.com\/blog\/wp-content\/uploads\/2023\/09\/iNFRA_5-e1761735885940.png\",\"contentUrl\":\"https:\/\/agenciainfra.com\/blog\/wp-content\/uploads\/2023\/09\/iNFRA_5-e1761735885940.png\",\"width\":1672,\"height\":454,\"caption\":\"Ag\u00eancia iNFRA\"},\"image\":{\"@id\":\"https:\/\/agenciainfra.com\/blog\/#\/schema\/logo\/image\/\"},\"sameAs\":[\"https:\/\/www.facebook.com\/ageninfra\",\"https:\/\/x.com\/agencia_infra\",\"https:\/\/www.linkedin.com\/company\/ag\u00eanciainfra\/\",\"https:\/\/www.instagram.com\/agenciainfra\/\"]},{\"@type\":\"Person\",\"@id\":\"https:\/\/agenciainfra.com\/blog\/#\/schema\/person\/34af08dff6adea4cb22b06612ba7acfa\",\"name\":\"Ag\u00eancia iNFRA\",\"image\":{\"@type\":\"ImageObject\",\"inLanguage\":\"pt-BR\",\"@id\":\"https:\/\/agenciainfra.com\/blog\/#\/schema\/person\/image\/\",\"url\":\"https:\/\/secure.gravatar.com\/avatar\/d189e01678f06d8eb84d4e01f08eb848b3fffe3f8443818d3c356c66892f5be8?s=96&d=mm&r=g\",\"contentUrl\":\"https:\/\/secure.gravatar.com\/avatar\/d189e01678f06d8eb84d4e01f08eb848b3fffe3f8443818d3c356c66892f5be8?s=96&d=mm&r=g\",\"caption\":\"Ag\u00eancia iNFRA\"},\"url\":\"https:\/\/agenciainfra.com\/blog\/author\/admin\/\"}]}<\/script>\n<!-- \/ Yoast SEO Premium plugin. -->","yoast_head_json":{"title":"Debate sobre desincompatibiliza\u00e7\u00e3o atrasa sabatina de indicados a ag\u00eancias - Ag\u00eancia iNFRA","robots":{"index":"index","follow":"follow","max-snippet":"max-snippet:-1","max-image-preview":"max-image-preview:large","max-video-preview":"max-video-preview:-1"},"canonical":"https:\/\/agenciainfra.com\/blog\/debate-sobre-desincompatibilizacao-atrasa-sabatina-de-indicados-a-agencias\/","og_locale":"pt_BR","og_type":"article","og_title":"Debate sobre desincompatibiliza\u00e7\u00e3o atrasa sabatina de indicados a ag\u00eancias","og_description":"Geraldo Campos Jr., da Ag\u00eancia iNFRA A CI (Comiss\u00e3o de Infraestrutura) do Senado atrasou o in\u00edcio das sabatinas nesta ter\u00e7a-feira (19) em meio a uma discuss\u00e3o sobre a obriga\u00e7\u00e3o de ren\u00fancia dos indicados \u00e0s ag\u00eancias reguladoras com cargos em empresas e entidades reguladas. A quest\u00e3o afeta v\u00e1rias indica\u00e7\u00f5es. Foi fechado acordo que permite que a [&hellip;]","og_url":"https:\/\/agenciainfra.com\/blog\/debate-sobre-desincompatibilizacao-atrasa-sabatina-de-indicados-a-agencias\/","og_site_name":"Ag\u00eancia iNFRA","article_publisher":"https:\/\/www.facebook.com\/ageninfra","article_published_time":"2025-08-19T15:45:48+00:00","author":"Ag\u00eancia iNFRA","twitter_card":"summary_large_image","twitter_creator":"@agencia_infra","twitter_site":"@agencia_infra","twitter_misc":{"Escrito por":"Ag\u00eancia iNFRA","Est. tempo de leitura":"2 minutos"},"schema":{"@context":"https:\/\/schema.org","@graph":[{"@type":"Article","@id":"https:\/\/agenciainfra.com\/blog\/debate-sobre-desincompatibilizacao-atrasa-sabatina-de-indicados-a-agencias\/#article","isPartOf":{"@id":"https:\/\/agenciainfra.com\/blog\/debate-sobre-desincompatibilizacao-atrasa-sabatina-de-indicados-a-agencias\/"},"author":{"name":"Ag\u00eancia iNFRA","@id":"https:\/\/agenciainfra.com\/blog\/#\/schema\/person\/34af08dff6adea4cb22b06612ba7acfa"},"headline":"Debate sobre desincompatibiliza\u00e7\u00e3o atrasa sabatina de indicados a ag\u00eancias","datePublished":"2025-08-19T15:45:48+00:00","mainEntityOfPage":{"@id":"https:\/\/agenciainfra.com\/blog\/debate-sobre-desincompatibilizacao-atrasa-sabatina-de-indicados-a-agencias\/"},"wordCount":401,"publisher":{"@id":"https:\/\/agenciainfra.com\/blog\/#organization"},"image":{"@id":"https:\/\/agenciainfra.com\/blog\/debate-sobre-desincompatibilizacao-atrasa-sabatina-de-indicados-a-agencias\/#primaryimage"},"thumbnailUrl":"https:\/\/agenciainfra.com\/blog\/wp-content\/uploads\/2025\/08\/comissao-infraestrutura-foto-andressa-anholete-agencia-senado.jpg","keywords":["Ag\u00eancias Reguladoras","ANAC","ANP","ANTT","Artur Watt","Comiss\u00e3o de Infraestrutura","desincompatibiliza\u00e7\u00e3o","Gentil Nogueira","Geraldo Campos Jr.","Marcos Rog\u00e9rio","Pietro Mendes","sabatinas"],"articleSection":["Destaque lista","Geral"],"inLanguage":"pt-BR","copyrightYear":"2025","copyrightHolder":{"@id":"https:\/\/agenciainfra.com\/blog\/#organization"}},{"@type":"WebPage","@id":"https:\/\/agenciainfra.com\/blog\/debate-sobre-desincompatibilizacao-atrasa-sabatina-de-indicados-a-agencias\/","url":"https:\/\/agenciainfra.com\/blog\/debate-sobre-desincompatibilizacao-atrasa-sabatina-de-indicados-a-agencias\/","name":"Debate sobre desincompatibiliza\u00e7\u00e3o atrasa sabatina de indicados a ag\u00eancias - Ag\u00eancia iNFRA","isPartOf":{"@id":"https:\/\/agenciainfra.com\/blog\/#website"},"primaryImageOfPage":{"@id":"https:\/\/agenciainfra.com\/blog\/debate-sobre-desincompatibilizacao-atrasa-sabatina-de-indicados-a-agencias\/#primaryimage"},"image":{"@id":"https:\/\/agenciainfra.com\/blog\/debate-sobre-desincompatibilizacao-atrasa-sabatina-de-indicados-a-agencias\/#primaryimage"},"thumbnailUrl":"https:\/\/agenciainfra.com\/blog\/wp-content\/uploads\/2025\/08\/comissao-infraestrutura-foto-andressa-anholete-agencia-senado.jpg","datePublished":"2025-08-19T15:45:48+00:00","breadcrumb":{"@id":"https:\/\/agenciainfra.com\/blog\/debate-sobre-desincompatibilizacao-atrasa-sabatina-de-indicados-a-agencias\/#breadcrumb"},"inLanguage":"pt-BR","potentialAction":[{"@type":"ReadAction","target":["https:\/\/agenciainfra.com\/blog\/debate-sobre-desincompatibilizacao-atrasa-sabatina-de-indicados-a-agencias\/"]}]},{"@type":"ImageObject","inLanguage":"pt-BR","@id":"https:\/\/agenciainfra.com\/blog\/debate-sobre-desincompatibilizacao-atrasa-sabatina-de-indicados-a-agencias\/#primaryimage","url":"https:\/\/agenciainfra.com\/blog\/wp-content\/uploads\/2025\/08\/comissao-infraestrutura-foto-andressa-anholete-agencia-senado.jpg","contentUrl":"https:\/\/agenciainfra.com\/blog\/wp-content\/uploads\/2025\/08\/comissao-infraestrutura-foto-andressa-anholete-agencia-senado.jpg","width":1280,"height":853,"caption":"Foto: Andressa Anholete\/Ag\u00eancia Senado"},{"@type":"BreadcrumbList","@id":"https:\/\/agenciainfra.com\/blog\/debate-sobre-desincompatibilizacao-atrasa-sabatina-de-indicados-a-agencias\/#breadcrumb","itemListElement":[{"@type":"ListItem","position":1,"name":"In\u00edcio","item":"https:\/\/agenciainfra.com\/blog\/"},{"@type":"ListItem","position":2,"name":"Debate sobre desincompatibiliza\u00e7\u00e3o atrasa sabatina de indicados a ag\u00eancias"}]},{"@type":"WebSite","@id":"https:\/\/agenciainfra.com\/blog\/#website","url":"https:\/\/agenciainfra.com\/blog\/","name":"Ag\u00eancia iNFRA","description":"Multiplataforma de informa\u00e7\u00e3o jornal\u00edstica refer\u00eancia na \u00e1rea de infraestrutura no Brasil!","publisher":{"@id":"https:\/\/agenciainfra.com\/blog\/#organization"},"potentialAction":[{"@type":"SearchAction","target":{"@type":"EntryPoint","urlTemplate":"https:\/\/agenciainfra.com\/blog\/?s={search_term_string}"},"query-input":{"@type":"PropertyValueSpecification","valueRequired":true,"valueName":"search_term_string"}}],"inLanguage":"pt-BR"},{"@type":"Organization","@id":"https:\/\/agenciainfra.com\/blog\/#organization","name":"Ag\u00eancia iNFRA","url":"https:\/\/agenciainfra.com\/blog\/","logo":{"@type":"ImageObject","inLanguage":"pt-BR","@id":"https:\/\/agenciainfra.com\/blog\/#\/schema\/logo\/image\/","url":"https:\/\/agenciainfra.com\/blog\/wp-content\/uploads\/2023\/09\/iNFRA_5-e1761735885940.png","contentUrl":"https:\/\/agenciainfra.com\/blog\/wp-content\/uploads\/2023\/09\/iNFRA_5-e1761735885940.png","width":1672,"height":454,"caption":"Ag\u00eancia iNFRA"},"image":{"@id":"https:\/\/agenciainfra.com\/blog\/#\/schema\/logo\/image\/"},"sameAs":["https:\/\/www.facebook.com\/ageninfra","https:\/\/x.com\/agencia_infra","https:\/\/www.linkedin.com\/company\/ag\u00eanciainfra\/","https:\/\/www.instagram.com\/agenciainfra\/"]},{"@type":"Person","@id":"https:\/\/agenciainfra.com\/blog\/#\/schema\/person\/34af08dff6adea4cb22b06612ba7acfa","name":"Ag\u00eancia iNFRA","image":{"@type":"ImageObject","inLanguage":"pt-BR","@id":"https:\/\/agenciainfra.com\/blog\/#\/schema\/person\/image\/","url":"https:\/\/secure.gravatar.com\/avatar\/d189e01678f06d8eb84d4e01f08eb848b3fffe3f8443818d3c356c66892f5be8?s=96&d=mm&r=g","contentUrl":"https:\/\/secure.gravatar.com\/avatar\/d189e01678f06d8eb84d4e01f08eb848b3fffe3f8443818d3c356c66892f5be8?s=96&d=mm&r=g","caption":"Ag\u00eancia iNFRA"},"url":"https:\/\/agenciainfra.com\/blog\/author\/admin\/"}]}},"_links":{"self":[{"href":"https:\/\/agenciainfra.com\/blog\/wp-json\/wp\/v2\/posts\/26430","targetHints":{"allow":["GET"]}}],"collection":[{"href":"https:\/\/agenciainfra.com\/blog\/wp-json\/wp\/v2\/posts"}],"about":[{"href":"https:\/\/agenciainfra.com\/blog\/wp-json\/wp\/v2\/types\/post"}],"author":[{"embeddable":true,"href":"https:\/\/agenciainfra.com\/blog\/wp-json\/wp\/v2\/users\/1"}],"replies":[{"embeddable":true,"href":"https:\/\/agenciainfra.com\/blog\/wp-json\/wp\/v2\/comments?post=26430"}],"version-history":[{"count":1,"href":"https:\/\/agenciainfra.com\/blog\/wp-json\/wp\/v2\/posts\/26430\/revisions"}],"predecessor-version":[{"id":26433,"href":"https:\/\/agenciainfra.com\/blog\/wp-json\/wp\/v2\/posts\/26430\/revisions\/26433"}],"wp:featuredmedia":[{"embeddable":true,"href":"https:\/\/agenciainfra.com\/blog\/wp-json\/wp\/v2\/media\/26432"}],"wp:attachment":[{"href":"https:\/\/agenciainfra.com\/blog\/wp-json\/wp\/v2\/media?parent=26430"}],"wp:term":[{"taxonomy":"category","embeddable":true,"href":"https:\/\/agenciainfra.com\/blog\/wp-json\/wp\/v2\/categories?post=26430"},{"taxonomy":"post_tag","embeddable":true,"href":"https:\/\/agenciainfra.com\/blog\/wp-json\/wp\/v2\/tags?post=26430"}],"curies":[{"name":"wp","href":"https:\/\/api.w.org\/{rel}","templated":true}]}}