{"id":26473,"date":"2025-08-20T08:51:33","date_gmt":"2025-08-20T11:51:33","guid":{"rendered":"https:\/\/agenciainfra.com\/blog\/?p=26473"},"modified":"2025-08-21T10:42:27","modified_gmt":"2025-08-21T13:42:27","slug":"senado-aprova-novos-diretores-para-agencias-de-energia-eletrica-e-petroleo","status":"publish","type":"post","link":"https:\/\/agenciainfra.com\/blog\/senado-aprova-novos-diretores-para-agencias-de-energia-eletrica-e-petroleo\/","title":{"rendered":"Senado aprova novos diretores para ag\u00eancias de Energia El\u00e9trica e Petr\u00f3leo"},"content":{"rendered":"\n<p class=\"has-text-align-right\"><strong>Geraldo Campos Jr., Lais Carregosa e Marisa Wanzeller, da Ag\u00eancia iNFRA*<\/strong><\/p>\n\n\n\n<p>O Senado Federal aprovou nesta ter\u00e7a-feira (19) os nomes dos novos diretores da ANEEL (Ag\u00eancia Nacional de Energia El\u00e9trica), Gentil Nogueira e Willamy Frota, e da ANP (Ag\u00eancia Nacional do Petr\u00f3leo, G\u00e1s Natural e Biocombust\u00edveis), Artur Watt, para a cadeira de diretor-geral, e Pietro Mendes. Agora, as aprova\u00e7\u00f5es ser\u00e3o encaminhadas ao Pal\u00e1cio do Planalto, que dever\u00e1 publicar as nomea\u00e7\u00f5es.&nbsp;<br><br>Os novos diretores foram sabatinados na CI (Comiss\u00e3o de Servi\u00e7os de Infraestrutura) na tarde de ter\u00e7a (19) e tiveram suas indica\u00e7\u00f5es aprovadas no colegiado e em plen\u00e1rio.&nbsp;<br><br>At\u00e9 a sabatina, havia incerteza em rela\u00e7\u00e3o ao indicado do governo para a ANP, o secret\u00e1rio de petr\u00f3leo do MME (Minist\u00e9rio de Minas e Energia), Pietro Mendes, cujo nome emperrou em meio \u00e0 disputa pol\u00edtica envolvendo parte do Senado o seu padrinho, o&nbsp;ministro do MME,&nbsp;Alexandre Silveira.<br><br>Tamb\u00e9m houve uma tentativa do l\u00edder do governo no Senado, Jaques Wagner (PT-BA), de emplacar um aliado na vaga, o advogado \u00c2ngelo Rezende. A indica\u00e7\u00e3o de Pietro s\u00f3 andou ap\u00f3s ser abra\u00e7ada pelo senador La\u00e9rcio Oliveira (PP-SE).<br><br><strong>Placar<\/strong><br>Veja o placar de vota\u00e7\u00e3o para cada um dos diretores no plen\u00e1rio:<\/p>\n\n\n\n<ul class=\"wp-block-list\">\n<li><strong>Artur Watt<\/strong>: 47 votos sim e 1 voto n\u00e3o;<\/li>\n\n\n\n<li><strong>Pietro Mendes<\/strong>: 46 sim e 1 n\u00e3o;<\/li>\n\n\n\n<li><strong>Gentil Nogueira<\/strong>: 45 sim e 2 n\u00e3o;<\/li>\n\n\n\n<li><strong>Willamy Frota<\/strong>: 44 sim e 3 n\u00e3o.<\/li>\n<\/ul>\n\n\n\n<p><\/p>\n\n\n\n<p><strong>Desincompatibiliza\u00e7\u00e3o<\/strong><br>Foi aprovado acordo na CI para garantir aos indicados que possam renunciar a cargos com conflito de interesse apenas ap\u00f3s a aprova\u00e7\u00e3o do plen\u00e1rio, mas antes do encaminhamento das mensagens de aprova\u00e7\u00e3o \u00e0 Presid\u00eancia da Rep\u00fablica, visando a nomea\u00e7\u00e3o. O debate sobre o tema chegou a atrasar o in\u00edcio das sabatinas na manh\u00e3 de ter\u00e7a.<br><br>Pelo entendimento fechado, os aprovados ter\u00e3o um prazo at\u00e9 o envio da comunica\u00e7\u00e3o ao Pal\u00e1cio do Planalto para apresentarem a ren\u00fancia. Segundo o presidente da CI, senador Marcos Rog\u00e9rio (PL-RO), esse prazo deve ser de 24 horas.<br><br>O acordo beneficia aprovados para v\u00e1rias ag\u00eancias, mas em especial Pietro Mendes, que \u00e9 presidente do Conselho de Administra\u00e7\u00e3o da Petrobras, a maior empresa de energia do pa\u00eds. Segundo fontes, ele j\u00e1 tinha se comprometido a entregar a ren\u00fancia na estatal assim que houvesse a aprova\u00e7\u00e3o em plen\u00e1rio.<br><br><strong>Compromissos<\/strong><br>Durante a sabatina na CI, Pietro fez um discurso emocionado devido \u00e0s idas e vindas de sua indica\u00e7\u00e3o. Como compromisso para a ANP, defendeu a explora\u00e7\u00e3o de novas fronteiras de petr\u00f3leo e g\u00e1s, como a Margem Equatorial, para repor as reservas do pa\u00eds ap\u00f3s 2030.<br><br>Sobre g\u00e1s natural, ele sinalizou compromisso com a continuidade da abertura do mercado, por meio da entrada de novos agentes e esfor\u00e7os de desverticaliza\u00e7\u00e3o. &#8220;Sem a ANP n\u00e3o tem c\u00e1lculo de tarifas, sem a ANP n\u00e3o tem resolu\u00e7\u00e3o de controv\u00e9rsias no que se refere \u00e0s infraestruturas essenciais&#8221;, disse.<br><br>J\u00e1 o aprovado para a diretoria-geral da ANP, Artur Watt, prometeu intensificar a fiscaliza\u00e7\u00e3o de fraudes e adultera\u00e7\u00e3o dos combust\u00edveis. Essa \u00e9 uma das principais pautas do setor de distribui\u00e7\u00e3o e revenda de combust\u00edveis.<br><br>\u201cA ANP manter\u00e1 seu foco intransigente no combate \u00e0 fraude e \u00e0 adultera\u00e7\u00e3o de combust\u00edveis, um problema crescente. Essas pr\u00e1ticas ilegais n\u00e3o apenas lesam o consumidor, mas tamb\u00e9m distorcem a concorr\u00eancia e prejudicam os agentes do mercado que atuam dentro da lei\u201d, afirmou.<br><br>Aprovado para a diretoria da ANEEL, o secret\u00e1rio de Energia El\u00e9trica do MME, Gentil Nogueira, disse ter o compromisso de \u201cdedicar especial aten\u00e7\u00e3o ao valor da conta de energia e \u00e0 qualidade do fornecimento\u201d durante seu mandato na reguladora. Ele tamb\u00e9m pontuou seguran\u00e7a do suprimento e transi\u00e7\u00e3o energ\u00e9tica como desafios a serem enfrentados na cadeira da ANEEL.<br><br>O ex-presidente da Eletronorte Willamy Frota, tamb\u00e9m aprovado para a diretoria da ANEEL, defendeu o avan\u00e7o da agenda regulat\u00f3ria em temas como hidrog\u00eanio verde, armazenamento em baterias, usinas revers\u00edveis e eventos clim\u00e1ticos extremos.<br><br>Aos senadores da CI, Frota disse que a ANEEL precisa prosseguir no trabalho de moderniza\u00e7\u00e3o do setor, garantindo a seguran\u00e7a energ\u00e9tica com redu\u00e7\u00e3o de custos e modicidade tarif\u00e1ria.<br><br><em>*Colaborou: Gabriel Vasconcelos<\/em><\/p>\n","protected":false},"excerpt":{"rendered":"<p>Geraldo Campos Jr., Lais Carregosa e Marisa Wanzeller, da Ag\u00eancia iNFRA* O Senado Federal aprovou nesta ter\u00e7a-feira (19) os nomes dos novos diretores da ANEEL (Ag\u00eancia Nacional de Energia El\u00e9trica), Gentil Nogueira e Willamy Frota, e da ANP (Ag\u00eancia Nacional do Petr\u00f3leo, G\u00e1s Natural e Biocombust\u00edveis), Artur Watt, para a cadeira de diretor-geral, e Pietro [&hellip;]<\/p>\n","protected":false},"author":1,"featured_media":26474,"comment_status":"closed","ping_status":"closed","sticky":false,"template":"","format":"standard","meta":{"_monsterinsights_skip_tracking":false,"_monsterinsights_sitenote_active":false,"_monsterinsights_sitenote_note":"","_monsterinsights_sitenote_category":0,"footnotes":""},"categories":[1,10],"tags":[53,1101,9541,6781,11594,13132,7366,6335,11892],"class_list":["post-26473","post","type-post","status-publish","format-standard","has-post-thumbnail","hentry","category-geral","category-infraenergia","tag-aneel","tag-anp","tag-artur-watt","tag-gentil-nogueira","tag-geraldo-campos-jr","tag-lais-carregosa","tag-marisa-wanzeller","tag-pietro-mendes","tag-willamy-frota"],"yoast_head":"<!-- This site is optimized with the Yoast SEO Premium plugin v25.4 (Yoast SEO v26.0) - https:\/\/yoast.com\/wordpress\/plugins\/seo\/ -->\n<title>Senado aprova novos diretores para ag\u00eancias de Energia El\u00e9trica e Petr\u00f3leo - Ag\u00eancia iNFRA<\/title>\n<meta name=\"robots\" content=\"index, follow, max-snippet:-1, max-image-preview:large, max-video-preview:-1\" \/>\n<link rel=\"canonical\" href=\"https:\/\/agenciainfra.com\/blog\/senado-aprova-novos-diretores-para-agencias-de-energia-eletrica-e-petroleo\/\" \/>\n<meta property=\"og:locale\" content=\"pt_BR\" \/>\n<meta property=\"og:type\" content=\"article\" \/>\n<meta property=\"og:title\" content=\"Senado aprova novos diretores para ag\u00eancias de Energia El\u00e9trica e Petr\u00f3leo\" \/>\n<meta property=\"og:description\" content=\"Geraldo Campos Jr., Lais Carregosa e Marisa Wanzeller, da Ag\u00eancia iNFRA* O Senado Federal aprovou nesta ter\u00e7a-feira (19) os nomes dos novos diretores da ANEEL (Ag\u00eancia Nacional de Energia El\u00e9trica), Gentil Nogueira e Willamy Frota, e da ANP (Ag\u00eancia Nacional do Petr\u00f3leo, G\u00e1s Natural e Biocombust\u00edveis), Artur Watt, para a cadeira de diretor-geral, e Pietro [&hellip;]\" \/>\n<meta property=\"og:url\" content=\"https:\/\/agenciainfra.com\/blog\/senado-aprova-novos-diretores-para-agencias-de-energia-eletrica-e-petroleo\/\" \/>\n<meta property=\"og:site_name\" content=\"Ag\u00eancia iNFRA\" \/>\n<meta property=\"article:publisher\" content=\"https:\/\/www.facebook.com\/ageninfra\" \/>\n<meta property=\"article:published_time\" content=\"2025-08-20T11:51:33+00:00\" \/>\n<meta property=\"article:modified_time\" content=\"2025-08-21T13:42:27+00:00\" \/>\n<meta property=\"og:image\" content=\"https:\/\/agenciainfra.com\/blog\/wp-content\/uploads\/2025\/08\/pietro-mendes-artur-watt-marcos-rogerio-willamy-frota-e-gentil-nogueira-foto-saulo-cruz-agencia-senado.jpg\" \/>\n\t<meta property=\"og:image:width\" content=\"1280\" \/>\n\t<meta property=\"og:image:height\" content=\"853\" \/>\n\t<meta property=\"og:image:type\" content=\"image\/jpeg\" \/>\n<meta name=\"author\" content=\"Ag\u00eancia iNFRA\" \/>\n<meta name=\"twitter:card\" content=\"summary_large_image\" \/>\n<meta name=\"twitter:creator\" content=\"@agencia_infra\" \/>\n<meta name=\"twitter:site\" content=\"@agencia_infra\" \/>\n<meta name=\"twitter:label1\" content=\"Escrito por\" \/>\n\t<meta name=\"twitter:data1\" content=\"Ag\u00eancia iNFRA\" \/>\n\t<meta name=\"twitter:label2\" content=\"Est. tempo de leitura\" \/>\n\t<meta name=\"twitter:data2\" content=\"4 minutos\" \/>\n<script type=\"application\/ld+json\" class=\"yoast-schema-graph\">{\"@context\":\"https:\/\/schema.org\",\"@graph\":[{\"@type\":\"Article\",\"@id\":\"https:\/\/agenciainfra.com\/blog\/senado-aprova-novos-diretores-para-agencias-de-energia-eletrica-e-petroleo\/#article\",\"isPartOf\":{\"@id\":\"https:\/\/agenciainfra.com\/blog\/senado-aprova-novos-diretores-para-agencias-de-energia-eletrica-e-petroleo\/\"},\"author\":{\"name\":\"Ag\u00eancia iNFRA\",\"@id\":\"https:\/\/agenciainfra.com\/blog\/#\/schema\/person\/34af08dff6adea4cb22b06612ba7acfa\"},\"headline\":\"Senado aprova novos diretores para ag\u00eancias de Energia El\u00e9trica e Petr\u00f3leo\",\"datePublished\":\"2025-08-20T11:51:33+00:00\",\"dateModified\":\"2025-08-21T13:42:27+00:00\",\"mainEntityOfPage\":{\"@id\":\"https:\/\/agenciainfra.com\/blog\/senado-aprova-novos-diretores-para-agencias-de-energia-eletrica-e-petroleo\/\"},\"wordCount\":756,\"publisher\":{\"@id\":\"https:\/\/agenciainfra.com\/blog\/#organization\"},\"image\":{\"@id\":\"https:\/\/agenciainfra.com\/blog\/senado-aprova-novos-diretores-para-agencias-de-energia-eletrica-e-petroleo\/#primaryimage\"},\"thumbnailUrl\":\"https:\/\/agenciainfra.com\/blog\/wp-content\/uploads\/2025\/08\/pietro-mendes-artur-watt-marcos-rogerio-willamy-frota-e-gentil-nogueira-foto-saulo-cruz-agencia-senado.jpg\",\"keywords\":[\"ANEEL\",\"ANP\",\"Artur Watt\",\"Gentil Nogueira\",\"Geraldo Campos Jr.\",\"Lais Carregosa\",\"Marisa Wanzeller\",\"Pietro Mendes\",\"Willamy Frota\"],\"articleSection\":[\"Geral\",\"iNFRAEnergia\"],\"inLanguage\":\"pt-BR\",\"copyrightYear\":\"2025\",\"copyrightHolder\":{\"@id\":\"https:\/\/agenciainfra.com\/blog\/#organization\"}},{\"@type\":\"WebPage\",\"@id\":\"https:\/\/agenciainfra.com\/blog\/senado-aprova-novos-diretores-para-agencias-de-energia-eletrica-e-petroleo\/\",\"url\":\"https:\/\/agenciainfra.com\/blog\/senado-aprova-novos-diretores-para-agencias-de-energia-eletrica-e-petroleo\/\",\"name\":\"Senado aprova novos diretores para ag\u00eancias de Energia El\u00e9trica e Petr\u00f3leo - Ag\u00eancia iNFRA\",\"isPartOf\":{\"@id\":\"https:\/\/agenciainfra.com\/blog\/#website\"},\"primaryImageOfPage\":{\"@id\":\"https:\/\/agenciainfra.com\/blog\/senado-aprova-novos-diretores-para-agencias-de-energia-eletrica-e-petroleo\/#primaryimage\"},\"image\":{\"@id\":\"https:\/\/agenciainfra.com\/blog\/senado-aprova-novos-diretores-para-agencias-de-energia-eletrica-e-petroleo\/#primaryimage\"},\"thumbnailUrl\":\"https:\/\/agenciainfra.com\/blog\/wp-content\/uploads\/2025\/08\/pietro-mendes-artur-watt-marcos-rogerio-willamy-frota-e-gentil-nogueira-foto-saulo-cruz-agencia-senado.jpg\",\"datePublished\":\"2025-08-20T11:51:33+00:00\",\"dateModified\":\"2025-08-21T13:42:27+00:00\",\"breadcrumb\":{\"@id\":\"https:\/\/agenciainfra.com\/blog\/senado-aprova-novos-diretores-para-agencias-de-energia-eletrica-e-petroleo\/#breadcrumb\"},\"inLanguage\":\"pt-BR\",\"potentialAction\":[{\"@type\":\"ReadAction\",\"target\":[\"https:\/\/agenciainfra.com\/blog\/senado-aprova-novos-diretores-para-agencias-de-energia-eletrica-e-petroleo\/\"]}]},{\"@type\":\"ImageObject\",\"inLanguage\":\"pt-BR\",\"@id\":\"https:\/\/agenciainfra.com\/blog\/senado-aprova-novos-diretores-para-agencias-de-energia-eletrica-e-petroleo\/#primaryimage\",\"url\":\"https:\/\/agenciainfra.com\/blog\/wp-content\/uploads\/2025\/08\/pietro-mendes-artur-watt-marcos-rogerio-willamy-frota-e-gentil-nogueira-foto-saulo-cruz-agencia-senado.jpg\",\"contentUrl\":\"https:\/\/agenciainfra.com\/blog\/wp-content\/uploads\/2025\/08\/pietro-mendes-artur-watt-marcos-rogerio-willamy-frota-e-gentil-nogueira-foto-saulo-cruz-agencia-senado.jpg\",\"width\":1280,\"height\":853,\"caption\":\"Foto: Saulo Cruz\/Ag\u00eancia Senado\"},{\"@type\":\"BreadcrumbList\",\"@id\":\"https:\/\/agenciainfra.com\/blog\/senado-aprova-novos-diretores-para-agencias-de-energia-eletrica-e-petroleo\/#breadcrumb\",\"itemListElement\":[{\"@type\":\"ListItem\",\"position\":1,\"name\":\"In\u00edcio\",\"item\":\"https:\/\/agenciainfra.com\/blog\/\"},{\"@type\":\"ListItem\",\"position\":2,\"name\":\"Senado aprova novos diretores para ag\u00eancias de Energia El\u00e9trica e Petr\u00f3leo\"}]},{\"@type\":\"WebSite\",\"@id\":\"https:\/\/agenciainfra.com\/blog\/#website\",\"url\":\"https:\/\/agenciainfra.com\/blog\/\",\"name\":\"Ag\u00eancia iNFRA\",\"description\":\"Multiplataforma de informa\u00e7\u00e3o jornal\u00edstica refer\u00eancia na \u00e1rea de infraestrutura no Brasil!\",\"publisher\":{\"@id\":\"https:\/\/agenciainfra.com\/blog\/#organization\"},\"potentialAction\":[{\"@type\":\"SearchAction\",\"target\":{\"@type\":\"EntryPoint\",\"urlTemplate\":\"https:\/\/agenciainfra.com\/blog\/?s={search_term_string}\"},\"query-input\":{\"@type\":\"PropertyValueSpecification\",\"valueRequired\":true,\"valueName\":\"search_term_string\"}}],\"inLanguage\":\"pt-BR\"},{\"@type\":\"Organization\",\"@id\":\"https:\/\/agenciainfra.com\/blog\/#organization\",\"name\":\"Ag\u00eancia iNFRA\",\"url\":\"https:\/\/agenciainfra.com\/blog\/\",\"logo\":{\"@type\":\"ImageObject\",\"inLanguage\":\"pt-BR\",\"@id\":\"https:\/\/agenciainfra.com\/blog\/#\/schema\/logo\/image\/\",\"url\":\"https:\/\/agenciainfra.com\/blog\/wp-content\/uploads\/2023\/09\/iNFRA_5-e1761735885940.png\",\"contentUrl\":\"https:\/\/agenciainfra.com\/blog\/wp-content\/uploads\/2023\/09\/iNFRA_5-e1761735885940.png\",\"width\":1672,\"height\":454,\"caption\":\"Ag\u00eancia iNFRA\"},\"image\":{\"@id\":\"https:\/\/agenciainfra.com\/blog\/#\/schema\/logo\/image\/\"},\"sameAs\":[\"https:\/\/www.facebook.com\/ageninfra\",\"https:\/\/x.com\/agencia_infra\",\"https:\/\/www.linkedin.com\/company\/ag\u00eanciainfra\/\",\"https:\/\/www.instagram.com\/agenciainfra\/\"]},{\"@type\":\"Person\",\"@id\":\"https:\/\/agenciainfra.com\/blog\/#\/schema\/person\/34af08dff6adea4cb22b06612ba7acfa\",\"name\":\"Ag\u00eancia iNFRA\",\"image\":{\"@type\":\"ImageObject\",\"inLanguage\":\"pt-BR\",\"@id\":\"https:\/\/agenciainfra.com\/blog\/#\/schema\/person\/image\/\",\"url\":\"https:\/\/secure.gravatar.com\/avatar\/d189e01678f06d8eb84d4e01f08eb848b3fffe3f8443818d3c356c66892f5be8?s=96&d=mm&r=g\",\"contentUrl\":\"https:\/\/secure.gravatar.com\/avatar\/d189e01678f06d8eb84d4e01f08eb848b3fffe3f8443818d3c356c66892f5be8?s=96&d=mm&r=g\",\"caption\":\"Ag\u00eancia iNFRA\"},\"url\":\"https:\/\/agenciainfra.com\/blog\/author\/admin\/\"}]}<\/script>\n<!-- \/ Yoast SEO Premium plugin. -->","yoast_head_json":{"title":"Senado aprova novos diretores para ag\u00eancias de Energia El\u00e9trica e Petr\u00f3leo - Ag\u00eancia iNFRA","robots":{"index":"index","follow":"follow","max-snippet":"max-snippet:-1","max-image-preview":"max-image-preview:large","max-video-preview":"max-video-preview:-1"},"canonical":"https:\/\/agenciainfra.com\/blog\/senado-aprova-novos-diretores-para-agencias-de-energia-eletrica-e-petroleo\/","og_locale":"pt_BR","og_type":"article","og_title":"Senado aprova novos diretores para ag\u00eancias de Energia El\u00e9trica e Petr\u00f3leo","og_description":"Geraldo Campos Jr., Lais Carregosa e Marisa Wanzeller, da Ag\u00eancia iNFRA* O Senado Federal aprovou nesta ter\u00e7a-feira (19) os nomes dos novos diretores da ANEEL (Ag\u00eancia Nacional de Energia El\u00e9trica), Gentil Nogueira e Willamy Frota, e da ANP (Ag\u00eancia Nacional do Petr\u00f3leo, G\u00e1s Natural e Biocombust\u00edveis), Artur Watt, para a cadeira de diretor-geral, e Pietro [&hellip;]","og_url":"https:\/\/agenciainfra.com\/blog\/senado-aprova-novos-diretores-para-agencias-de-energia-eletrica-e-petroleo\/","og_site_name":"Ag\u00eancia iNFRA","article_publisher":"https:\/\/www.facebook.com\/ageninfra","article_published_time":"2025-08-20T11:51:33+00:00","article_modified_time":"2025-08-21T13:42:27+00:00","og_image":[{"width":1280,"height":853,"url":"https:\/\/agenciainfra.com\/blog\/wp-content\/uploads\/2025\/08\/pietro-mendes-artur-watt-marcos-rogerio-willamy-frota-e-gentil-nogueira-foto-saulo-cruz-agencia-senado.jpg","type":"image\/jpeg"}],"author":"Ag\u00eancia iNFRA","twitter_card":"summary_large_image","twitter_creator":"@agencia_infra","twitter_site":"@agencia_infra","twitter_misc":{"Escrito por":"Ag\u00eancia iNFRA","Est. tempo de leitura":"4 minutos"},"schema":{"@context":"https:\/\/schema.org","@graph":[{"@type":"Article","@id":"https:\/\/agenciainfra.com\/blog\/senado-aprova-novos-diretores-para-agencias-de-energia-eletrica-e-petroleo\/#article","isPartOf":{"@id":"https:\/\/agenciainfra.com\/blog\/senado-aprova-novos-diretores-para-agencias-de-energia-eletrica-e-petroleo\/"},"author":{"name":"Ag\u00eancia iNFRA","@id":"https:\/\/agenciainfra.com\/blog\/#\/schema\/person\/34af08dff6adea4cb22b06612ba7acfa"},"headline":"Senado aprova novos diretores para ag\u00eancias de Energia El\u00e9trica e Petr\u00f3leo","datePublished":"2025-08-20T11:51:33+00:00","dateModified":"2025-08-21T13:42:27+00:00","mainEntityOfPage":{"@id":"https:\/\/agenciainfra.com\/blog\/senado-aprova-novos-diretores-para-agencias-de-energia-eletrica-e-petroleo\/"},"wordCount":756,"publisher":{"@id":"https:\/\/agenciainfra.com\/blog\/#organization"},"image":{"@id":"https:\/\/agenciainfra.com\/blog\/senado-aprova-novos-diretores-para-agencias-de-energia-eletrica-e-petroleo\/#primaryimage"},"thumbnailUrl":"https:\/\/agenciainfra.com\/blog\/wp-content\/uploads\/2025\/08\/pietro-mendes-artur-watt-marcos-rogerio-willamy-frota-e-gentil-nogueira-foto-saulo-cruz-agencia-senado.jpg","keywords":["ANEEL","ANP","Artur Watt","Gentil Nogueira","Geraldo Campos Jr.","Lais Carregosa","Marisa Wanzeller","Pietro Mendes","Willamy Frota"],"articleSection":["Geral","iNFRAEnergia"],"inLanguage":"pt-BR","copyrightYear":"2025","copyrightHolder":{"@id":"https:\/\/agenciainfra.com\/blog\/#organization"}},{"@type":"WebPage","@id":"https:\/\/agenciainfra.com\/blog\/senado-aprova-novos-diretores-para-agencias-de-energia-eletrica-e-petroleo\/","url":"https:\/\/agenciainfra.com\/blog\/senado-aprova-novos-diretores-para-agencias-de-energia-eletrica-e-petroleo\/","name":"Senado aprova novos diretores para ag\u00eancias de Energia El\u00e9trica e Petr\u00f3leo - Ag\u00eancia iNFRA","isPartOf":{"@id":"https:\/\/agenciainfra.com\/blog\/#website"},"primaryImageOfPage":{"@id":"https:\/\/agenciainfra.com\/blog\/senado-aprova-novos-diretores-para-agencias-de-energia-eletrica-e-petroleo\/#primaryimage"},"image":{"@id":"https:\/\/agenciainfra.com\/blog\/senado-aprova-novos-diretores-para-agencias-de-energia-eletrica-e-petroleo\/#primaryimage"},"thumbnailUrl":"https:\/\/agenciainfra.com\/blog\/wp-content\/uploads\/2025\/08\/pietro-mendes-artur-watt-marcos-rogerio-willamy-frota-e-gentil-nogueira-foto-saulo-cruz-agencia-senado.jpg","datePublished":"2025-08-20T11:51:33+00:00","dateModified":"2025-08-21T13:42:27+00:00","breadcrumb":{"@id":"https:\/\/agenciainfra.com\/blog\/senado-aprova-novos-diretores-para-agencias-de-energia-eletrica-e-petroleo\/#breadcrumb"},"inLanguage":"pt-BR","potentialAction":[{"@type":"ReadAction","target":["https:\/\/agenciainfra.com\/blog\/senado-aprova-novos-diretores-para-agencias-de-energia-eletrica-e-petroleo\/"]}]},{"@type":"ImageObject","inLanguage":"pt-BR","@id":"https:\/\/agenciainfra.com\/blog\/senado-aprova-novos-diretores-para-agencias-de-energia-eletrica-e-petroleo\/#primaryimage","url":"https:\/\/agenciainfra.com\/blog\/wp-content\/uploads\/2025\/08\/pietro-mendes-artur-watt-marcos-rogerio-willamy-frota-e-gentil-nogueira-foto-saulo-cruz-agencia-senado.jpg","contentUrl":"https:\/\/agenciainfra.com\/blog\/wp-content\/uploads\/2025\/08\/pietro-mendes-artur-watt-marcos-rogerio-willamy-frota-e-gentil-nogueira-foto-saulo-cruz-agencia-senado.jpg","width":1280,"height":853,"caption":"Foto: Saulo Cruz\/Ag\u00eancia Senado"},{"@type":"BreadcrumbList","@id":"https:\/\/agenciainfra.com\/blog\/senado-aprova-novos-diretores-para-agencias-de-energia-eletrica-e-petroleo\/#breadcrumb","itemListElement":[{"@type":"ListItem","position":1,"name":"In\u00edcio","item":"https:\/\/agenciainfra.com\/blog\/"},{"@type":"ListItem","position":2,"name":"Senado aprova novos diretores para ag\u00eancias de Energia El\u00e9trica e Petr\u00f3leo"}]},{"@type":"WebSite","@id":"https:\/\/agenciainfra.com\/blog\/#website","url":"https:\/\/agenciainfra.com\/blog\/","name":"Ag\u00eancia iNFRA","description":"Multiplataforma de informa\u00e7\u00e3o jornal\u00edstica refer\u00eancia na \u00e1rea de infraestrutura no Brasil!","publisher":{"@id":"https:\/\/agenciainfra.com\/blog\/#organization"},"potentialAction":[{"@type":"SearchAction","target":{"@type":"EntryPoint","urlTemplate":"https:\/\/agenciainfra.com\/blog\/?s={search_term_string}"},"query-input":{"@type":"PropertyValueSpecification","valueRequired":true,"valueName":"search_term_string"}}],"inLanguage":"pt-BR"},{"@type":"Organization","@id":"https:\/\/agenciainfra.com\/blog\/#organization","name":"Ag\u00eancia iNFRA","url":"https:\/\/agenciainfra.com\/blog\/","logo":{"@type":"ImageObject","inLanguage":"pt-BR","@id":"https:\/\/agenciainfra.com\/blog\/#\/schema\/logo\/image\/","url":"https:\/\/agenciainfra.com\/blog\/wp-content\/uploads\/2023\/09\/iNFRA_5-e1761735885940.png","contentUrl":"https:\/\/agenciainfra.com\/blog\/wp-content\/uploads\/2023\/09\/iNFRA_5-e1761735885940.png","width":1672,"height":454,"caption":"Ag\u00eancia iNFRA"},"image":{"@id":"https:\/\/agenciainfra.com\/blog\/#\/schema\/logo\/image\/"},"sameAs":["https:\/\/www.facebook.com\/ageninfra","https:\/\/x.com\/agencia_infra","https:\/\/www.linkedin.com\/company\/ag\u00eanciainfra\/","https:\/\/www.instagram.com\/agenciainfra\/"]},{"@type":"Person","@id":"https:\/\/agenciainfra.com\/blog\/#\/schema\/person\/34af08dff6adea4cb22b06612ba7acfa","name":"Ag\u00eancia iNFRA","image":{"@type":"ImageObject","inLanguage":"pt-BR","@id":"https:\/\/agenciainfra.com\/blog\/#\/schema\/person\/image\/","url":"https:\/\/secure.gravatar.com\/avatar\/d189e01678f06d8eb84d4e01f08eb848b3fffe3f8443818d3c356c66892f5be8?s=96&d=mm&r=g","contentUrl":"https:\/\/secure.gravatar.com\/avatar\/d189e01678f06d8eb84d4e01f08eb848b3fffe3f8443818d3c356c66892f5be8?s=96&d=mm&r=g","caption":"Ag\u00eancia iNFRA"},"url":"https:\/\/agenciainfra.com\/blog\/author\/admin\/"}]}},"_links":{"self":[{"href":"https:\/\/agenciainfra.com\/blog\/wp-json\/wp\/v2\/posts\/26473","targetHints":{"allow":["GET"]}}],"collection":[{"href":"https:\/\/agenciainfra.com\/blog\/wp-json\/wp\/v2\/posts"}],"about":[{"href":"https:\/\/agenciainfra.com\/blog\/wp-json\/wp\/v2\/types\/post"}],"author":[{"embeddable":true,"href":"https:\/\/agenciainfra.com\/blog\/wp-json\/wp\/v2\/users\/1"}],"replies":[{"embeddable":true,"href":"https:\/\/agenciainfra.com\/blog\/wp-json\/wp\/v2\/comments?post=26473"}],"version-history":[{"count":2,"href":"https:\/\/agenciainfra.com\/blog\/wp-json\/wp\/v2\/posts\/26473\/revisions"}],"predecessor-version":[{"id":26476,"href":"https:\/\/agenciainfra.com\/blog\/wp-json\/wp\/v2\/posts\/26473\/revisions\/26476"}],"wp:featuredmedia":[{"embeddable":true,"href":"https:\/\/agenciainfra.com\/blog\/wp-json\/wp\/v2\/media\/26474"}],"wp:attachment":[{"href":"https:\/\/agenciainfra.com\/blog\/wp-json\/wp\/v2\/media?parent=26473"}],"wp:term":[{"taxonomy":"category","embeddable":true,"href":"https:\/\/agenciainfra.com\/blog\/wp-json\/wp\/v2\/categories?post=26473"},{"taxonomy":"post_tag","embeddable":true,"href":"https:\/\/agenciainfra.com\/blog\/wp-json\/wp\/v2\/tags?post=26473"}],"curies":[{"name":"wp","href":"https:\/\/api.w.org\/{rel}","templated":true}]}}