{"id":26477,"date":"2025-08-20T10:00:00","date_gmt":"2025-08-20T13:00:00","guid":{"rendered":"https:\/\/agenciainfra.com\/blog\/?p=26477"},"modified":"2025-08-21T11:07:45","modified_gmt":"2025-08-21T14:07:45","slug":"mp-da-tarifa-social-deve-caducar-dizem-fontes-silveira-nega","status":"publish","type":"post","link":"https:\/\/agenciainfra.com\/blog\/mp-da-tarifa-social-deve-caducar-dizem-fontes-silveira-nega\/","title":{"rendered":"MP da Tarifa Social deve caducar, dizem fontes; Silveira nega"},"content":{"rendered":"\n<p class=\"has-text-align-right\"><strong>Lais Carregosa, Marisa Wanzeller e Rafael Bitencourt, da Ag\u00eancia iNFRA*<\/strong><\/p>\n\n\n\n<p>A&nbsp;<a href=\"https:\/\/agenciainfra.us14.list-manage.com\/track\/click?u=d460dd1bcf9ba0ae040e1fc0f&amp;id=47a71d7767&amp;e=c099169394\" target=\"_blank\" rel=\"noreferrer noopener\">MP (Medida Provis\u00f3ria) 1.300\/2025<\/a>, que amplia a tarifa social e trata da reforma do setor el\u00e9trico, deve caducar, disseram fontes do Congresso Nacional. No entanto, o ministro de Minas e Energia, Alexandre Silveira, afirmou que teve a garantia do senador Eduardo Braga (MDB-AM) de que a comiss\u00e3o mista da medida seria instalada. Braga \u00e9 l\u00edder do partido e apontado como presidente da comiss\u00e3o.<\/p>\n\n\n\n<p>\u201cO Eduardo me garantiu que n\u00e3o [caduca]\u201d, disse Silveira \u00e0\u00a0<strong>Ag\u00eancia iNFRA<\/strong>, referindo-se ao senador. Segundo ele, Braga informou que \u201cj\u00e1 teria uma ideia muito bem formada sobre o que precisa fazer\u201d para avan\u00e7ar com a tramita\u00e7\u00e3o da MP 1.300.<\/p>\n\n\n\n<p>Nos corredores do Congresso, a informa\u00e7\u00e3o \u00e9 de que a comiss\u00e3o da\u00a0<a href=\"https:\/\/agenciainfra.us14.list-manage.com\/track\/click?u=d460dd1bcf9ba0ae040e1fc0f&amp;id=dd1d3aacc0&amp;e=c099169394\" target=\"_blank\" rel=\"noreferrer noopener\">MP 1.304\/2025<\/a>\u00a0\u2013 que fixa um teto para a CDE (Conta de Desenvolvimento Energ\u00e9tico) est\u00e1 prestes a ser instalada. A medida substituiria a MP 1.300 ao absorver o seu texto, incluindo a amplia\u00e7\u00e3o da tarifa social. A MP 1.300, por outro lado, caducaria.<\/p>\n\n\n\n<p><strong>Instala\u00e7\u00e3o de comiss\u00f5es<\/strong><br>Segundo interlocutores, a comiss\u00e3o da medida que trata do teto para a CDE, a MP 1.304, poderia ser instalada ainda nesta quarta-feira (20). No mais tardar, pode ficar para a pr\u00f3xima semana.&nbsp;<\/p>\n\n\n\n<p>H\u00e1 uma articula\u00e7\u00e3o para que Braga assuma a relatoria da medida. Circulam informa\u00e7\u00f5es de que haveria uma invers\u00e3o da relatoria e presid\u00eancia das medidas, j\u00e1 que a relatoria da MP 1.304 \u00e9 do Senado, enquanto a da 1.300 era da C\u00e2mara.&nbsp;<\/p>\n\n\n\n<p>Desta forma, o movimento \u00e9 para que o deputado Fernando Coelho Filho (Uni\u00e3o-PE), apontado como relator da 1.300, seja o presidente da 1.304 e Braga o relator. No entanto, a vaga de relator tamb\u00e9m \u00e9 disputada pelo senador La\u00e9rcio Oliveira (PP-SE), que tamb\u00e9m teria manifestado interesse.\u00a0<\/p>\n\n\n\n<p><strong>Tarifa social<\/strong><br>Uma das grandes preocupa\u00e7\u00f5es do governo em torno da MP 1.300 se d\u00e1 pela amplia\u00e7\u00e3o da tarifa social de energia. O programa j\u00e1 est\u00e1 em vigor nos novos moldes desde 5 de julho e a eventual perda de vig\u00eancia da medida amea\u00e7a a sua manuten\u00e7\u00e3o.<\/p>\n\n\n\n<p>H\u00e1, no entanto, duas interpreta\u00e7\u00f5es quanto ao tema. Alguns especialistas entendem que a caducidade da medida implicaria em um retorno ao modelo de funcionamento antigo do programa imediatamente. Outros, entendem que esse retorno s\u00f3 ocorreria no pr\u00f3ximo ciclo tarif\u00e1rio das distribuidoras, ou seja, em 2026.&nbsp;<\/p>\n\n\n\n<p>No segundo cen\u00e1rio, mesmo que a MP 1.300 caduque em 17 de setembro, haveria tempo h\u00e1bil para se aprovar a tarifa social em outra medida, seja a MP 1.304 ou um projeto de lei. Isso porque o or\u00e7amento da CDE de 2025 j\u00e1 conta com o valor do subs\u00eddio para a nova tarifa social at\u00e9 dezembro.<\/p>\n\n\n\n<p><em>*Colaborou: Geraldo Campos Jr.<\/em><\/p>\n","protected":false},"excerpt":{"rendered":"<p>Lais Carregosa, Marisa Wanzeller e Rafael Bitencourt, da Ag\u00eancia iNFRA* A&nbsp;MP (Medida Provis\u00f3ria) 1.300\/2025, que amplia a tarifa social e trata da reforma do setor el\u00e9trico, deve caducar, disseram fontes do Congresso Nacional. No entanto, o ministro de Minas e Energia, Alexandre Silveira, afirmou que teve a garantia do senador Eduardo Braga (MDB-AM) de que [&hellip;]<\/p>\n","protected":false},"author":1,"featured_media":26478,"comment_status":"closed","ping_status":"closed","sticky":false,"template":"","format":"standard","meta":{"_monsterinsights_skip_tracking":false,"_monsterinsights_sitenote_active":false,"_monsterinsights_sitenote_note":"","_monsterinsights_sitenote_category":0,"footnotes":""},"categories":[1,10],"tags":[6040,56,1252,1254,11594,1482,13132,7366,96,13449,14378,14893,13813,10710],"class_list":["post-26477","post","type-post","status-publish","format-standard","has-post-thumbnail","hentry","category-geral","category-infraenergia","tag-alexandre-silveira","tag-cde","tag-eduardo-braga","tag-fernando-coelho-filho","tag-geraldo-campos-jr","tag-laercio-oliveira","tag-lais-carregosa","tag-marisa-wanzeller","tag-ministerio-de-minas-e-energia","tag-mp-1-300","tag-mp-1-304","tag-mp-da-tarifa-social","tag-rafael-bitencourt","tag-reforma-do-setor-eletrico"],"yoast_head":"<!-- This site is optimized with the Yoast SEO Premium plugin v25.4 (Yoast SEO v26.0) - https:\/\/yoast.com\/wordpress\/plugins\/seo\/ -->\n<title>MP da Tarifa Social deve caducar, dizem fontes; Silveira nega - Ag\u00eancia iNFRA<\/title>\n<meta name=\"robots\" content=\"index, follow, max-snippet:-1, max-image-preview:large, max-video-preview:-1\" \/>\n<link rel=\"canonical\" href=\"https:\/\/agenciainfra.com\/blog\/mp-da-tarifa-social-deve-caducar-dizem-fontes-silveira-nega\/\" \/>\n<meta property=\"og:locale\" content=\"pt_BR\" \/>\n<meta property=\"og:type\" content=\"article\" \/>\n<meta property=\"og:title\" content=\"MP da Tarifa Social deve caducar, dizem fontes; Silveira nega\" \/>\n<meta property=\"og:description\" content=\"Lais Carregosa, Marisa Wanzeller e Rafael Bitencourt, da Ag\u00eancia iNFRA* A&nbsp;MP (Medida Provis\u00f3ria) 1.300\/2025, que amplia a tarifa social e trata da reforma do setor el\u00e9trico, deve caducar, disseram fontes do Congresso Nacional. No entanto, o ministro de Minas e Energia, Alexandre Silveira, afirmou que teve a garantia do senador Eduardo Braga (MDB-AM) de que [&hellip;]\" \/>\n<meta property=\"og:url\" content=\"https:\/\/agenciainfra.com\/blog\/mp-da-tarifa-social-deve-caducar-dizem-fontes-silveira-nega\/\" \/>\n<meta property=\"og:site_name\" content=\"Ag\u00eancia iNFRA\" \/>\n<meta property=\"article:publisher\" content=\"https:\/\/www.facebook.com\/ageninfra\" \/>\n<meta property=\"article:published_time\" content=\"2025-08-20T13:00:00+00:00\" \/>\n<meta property=\"article:modified_time\" content=\"2025-08-21T14:07:45+00:00\" \/>\n<meta property=\"og:image\" content=\"https:\/\/agenciainfra.com\/blog\/wp-content\/uploads\/2025\/08\/alexandre-silveira-foto-geraldo-magela-agencia-senado.jpg\" \/>\n\t<meta property=\"og:image:width\" content=\"1280\" \/>\n\t<meta property=\"og:image:height\" content=\"853\" \/>\n\t<meta property=\"og:image:type\" content=\"image\/jpeg\" \/>\n<meta name=\"author\" content=\"Ag\u00eancia iNFRA\" \/>\n<meta name=\"twitter:card\" content=\"summary_large_image\" \/>\n<meta name=\"twitter:creator\" content=\"@agencia_infra\" \/>\n<meta name=\"twitter:site\" content=\"@agencia_infra\" \/>\n<meta name=\"twitter:label1\" content=\"Escrito por\" \/>\n\t<meta name=\"twitter:data1\" content=\"Ag\u00eancia iNFRA\" \/>\n\t<meta name=\"twitter:label2\" content=\"Est. tempo de leitura\" \/>\n\t<meta name=\"twitter:data2\" content=\"2 minutos\" \/>\n<script type=\"application\/ld+json\" class=\"yoast-schema-graph\">{\"@context\":\"https:\/\/schema.org\",\"@graph\":[{\"@type\":\"Article\",\"@id\":\"https:\/\/agenciainfra.com\/blog\/mp-da-tarifa-social-deve-caducar-dizem-fontes-silveira-nega\/#article\",\"isPartOf\":{\"@id\":\"https:\/\/agenciainfra.com\/blog\/mp-da-tarifa-social-deve-caducar-dizem-fontes-silveira-nega\/\"},\"author\":{\"name\":\"Ag\u00eancia iNFRA\",\"@id\":\"https:\/\/agenciainfra.com\/blog\/#\/schema\/person\/34af08dff6adea4cb22b06612ba7acfa\"},\"headline\":\"MP da Tarifa Social deve caducar, dizem fontes; Silveira nega\",\"datePublished\":\"2025-08-20T13:00:00+00:00\",\"dateModified\":\"2025-08-21T14:07:45+00:00\",\"mainEntityOfPage\":{\"@id\":\"https:\/\/agenciainfra.com\/blog\/mp-da-tarifa-social-deve-caducar-dizem-fontes-silveira-nega\/\"},\"wordCount\":471,\"publisher\":{\"@id\":\"https:\/\/agenciainfra.com\/blog\/#organization\"},\"image\":{\"@id\":\"https:\/\/agenciainfra.com\/blog\/mp-da-tarifa-social-deve-caducar-dizem-fontes-silveira-nega\/#primaryimage\"},\"thumbnailUrl\":\"https:\/\/agenciainfra.com\/blog\/wp-content\/uploads\/2025\/08\/alexandre-silveira-foto-geraldo-magela-agencia-senado.jpg\",\"keywords\":[\"Alexandre Silveira\",\"CDE\",\"Eduardo Braga\",\"Fernando Coelho Filho\",\"Geraldo Campos Jr.\",\"La\u00e9rcio Oliveira\",\"Lais Carregosa\",\"Marisa Wanzeller\",\"Minist\u00e9rio de Minas e Energia\",\"mp 1.300\",\"MP 1.304\",\"MP da Tarifa Social\",\"Rafael Bitencourt\",\"Reforma do Setor El\u00e9trico\"],\"articleSection\":[\"Geral\",\"iNFRAEnergia\"],\"inLanguage\":\"pt-BR\",\"copyrightYear\":\"2025\",\"copyrightHolder\":{\"@id\":\"https:\/\/agenciainfra.com\/blog\/#organization\"}},{\"@type\":\"WebPage\",\"@id\":\"https:\/\/agenciainfra.com\/blog\/mp-da-tarifa-social-deve-caducar-dizem-fontes-silveira-nega\/\",\"url\":\"https:\/\/agenciainfra.com\/blog\/mp-da-tarifa-social-deve-caducar-dizem-fontes-silveira-nega\/\",\"name\":\"MP da Tarifa Social deve caducar, dizem fontes; Silveira nega - Ag\u00eancia iNFRA\",\"isPartOf\":{\"@id\":\"https:\/\/agenciainfra.com\/blog\/#website\"},\"primaryImageOfPage\":{\"@id\":\"https:\/\/agenciainfra.com\/blog\/mp-da-tarifa-social-deve-caducar-dizem-fontes-silveira-nega\/#primaryimage\"},\"image\":{\"@id\":\"https:\/\/agenciainfra.com\/blog\/mp-da-tarifa-social-deve-caducar-dizem-fontes-silveira-nega\/#primaryimage\"},\"thumbnailUrl\":\"https:\/\/agenciainfra.com\/blog\/wp-content\/uploads\/2025\/08\/alexandre-silveira-foto-geraldo-magela-agencia-senado.jpg\",\"datePublished\":\"2025-08-20T13:00:00+00:00\",\"dateModified\":\"2025-08-21T14:07:45+00:00\",\"breadcrumb\":{\"@id\":\"https:\/\/agenciainfra.com\/blog\/mp-da-tarifa-social-deve-caducar-dizem-fontes-silveira-nega\/#breadcrumb\"},\"inLanguage\":\"pt-BR\",\"potentialAction\":[{\"@type\":\"ReadAction\",\"target\":[\"https:\/\/agenciainfra.com\/blog\/mp-da-tarifa-social-deve-caducar-dizem-fontes-silveira-nega\/\"]}]},{\"@type\":\"ImageObject\",\"inLanguage\":\"pt-BR\",\"@id\":\"https:\/\/agenciainfra.com\/blog\/mp-da-tarifa-social-deve-caducar-dizem-fontes-silveira-nega\/#primaryimage\",\"url\":\"https:\/\/agenciainfra.com\/blog\/wp-content\/uploads\/2025\/08\/alexandre-silveira-foto-geraldo-magela-agencia-senado.jpg\",\"contentUrl\":\"https:\/\/agenciainfra.com\/blog\/wp-content\/uploads\/2025\/08\/alexandre-silveira-foto-geraldo-magela-agencia-senado.jpg\",\"width\":1280,\"height\":853,\"caption\":\"Foto: Geraldo Magela\/Ag\u00eancia Senado\"},{\"@type\":\"BreadcrumbList\",\"@id\":\"https:\/\/agenciainfra.com\/blog\/mp-da-tarifa-social-deve-caducar-dizem-fontes-silveira-nega\/#breadcrumb\",\"itemListElement\":[{\"@type\":\"ListItem\",\"position\":1,\"name\":\"In\u00edcio\",\"item\":\"https:\/\/agenciainfra.com\/blog\/\"},{\"@type\":\"ListItem\",\"position\":2,\"name\":\"MP da Tarifa Social deve caducar, dizem fontes; Silveira nega\"}]},{\"@type\":\"WebSite\",\"@id\":\"https:\/\/agenciainfra.com\/blog\/#website\",\"url\":\"https:\/\/agenciainfra.com\/blog\/\",\"name\":\"Ag\u00eancia iNFRA\",\"description\":\"Multiplataforma de informa\u00e7\u00e3o jornal\u00edstica refer\u00eancia na \u00e1rea de infraestrutura no Brasil!\",\"publisher\":{\"@id\":\"https:\/\/agenciainfra.com\/blog\/#organization\"},\"potentialAction\":[{\"@type\":\"SearchAction\",\"target\":{\"@type\":\"EntryPoint\",\"urlTemplate\":\"https:\/\/agenciainfra.com\/blog\/?s={search_term_string}\"},\"query-input\":{\"@type\":\"PropertyValueSpecification\",\"valueRequired\":true,\"valueName\":\"search_term_string\"}}],\"inLanguage\":\"pt-BR\"},{\"@type\":\"Organization\",\"@id\":\"https:\/\/agenciainfra.com\/blog\/#organization\",\"name\":\"Ag\u00eancia iNFRA\",\"url\":\"https:\/\/agenciainfra.com\/blog\/\",\"logo\":{\"@type\":\"ImageObject\",\"inLanguage\":\"pt-BR\",\"@id\":\"https:\/\/agenciainfra.com\/blog\/#\/schema\/logo\/image\/\",\"url\":\"https:\/\/agenciainfra.com\/blog\/wp-content\/uploads\/2023\/09\/iNFRA_5-e1761735885940.png\",\"contentUrl\":\"https:\/\/agenciainfra.com\/blog\/wp-content\/uploads\/2023\/09\/iNFRA_5-e1761735885940.png\",\"width\":1672,\"height\":454,\"caption\":\"Ag\u00eancia iNFRA\"},\"image\":{\"@id\":\"https:\/\/agenciainfra.com\/blog\/#\/schema\/logo\/image\/\"},\"sameAs\":[\"https:\/\/www.facebook.com\/ageninfra\",\"https:\/\/x.com\/agencia_infra\",\"https:\/\/www.linkedin.com\/company\/ag\u00eanciainfra\/\",\"https:\/\/www.instagram.com\/agenciainfra\/\"]},{\"@type\":\"Person\",\"@id\":\"https:\/\/agenciainfra.com\/blog\/#\/schema\/person\/34af08dff6adea4cb22b06612ba7acfa\",\"name\":\"Ag\u00eancia iNFRA\",\"image\":{\"@type\":\"ImageObject\",\"inLanguage\":\"pt-BR\",\"@id\":\"https:\/\/agenciainfra.com\/blog\/#\/schema\/person\/image\/\",\"url\":\"https:\/\/secure.gravatar.com\/avatar\/d189e01678f06d8eb84d4e01f08eb848b3fffe3f8443818d3c356c66892f5be8?s=96&d=mm&r=g\",\"contentUrl\":\"https:\/\/secure.gravatar.com\/avatar\/d189e01678f06d8eb84d4e01f08eb848b3fffe3f8443818d3c356c66892f5be8?s=96&d=mm&r=g\",\"caption\":\"Ag\u00eancia iNFRA\"},\"url\":\"https:\/\/agenciainfra.com\/blog\/author\/admin\/\"}]}<\/script>\n<!-- \/ Yoast SEO Premium plugin. -->","yoast_head_json":{"title":"MP da Tarifa Social deve caducar, dizem fontes; Silveira nega - Ag\u00eancia iNFRA","robots":{"index":"index","follow":"follow","max-snippet":"max-snippet:-1","max-image-preview":"max-image-preview:large","max-video-preview":"max-video-preview:-1"},"canonical":"https:\/\/agenciainfra.com\/blog\/mp-da-tarifa-social-deve-caducar-dizem-fontes-silveira-nega\/","og_locale":"pt_BR","og_type":"article","og_title":"MP da Tarifa Social deve caducar, dizem fontes; Silveira nega","og_description":"Lais Carregosa, Marisa Wanzeller e Rafael Bitencourt, da Ag\u00eancia iNFRA* A&nbsp;MP (Medida Provis\u00f3ria) 1.300\/2025, que amplia a tarifa social e trata da reforma do setor el\u00e9trico, deve caducar, disseram fontes do Congresso Nacional. No entanto, o ministro de Minas e Energia, Alexandre Silveira, afirmou que teve a garantia do senador Eduardo Braga (MDB-AM) de que [&hellip;]","og_url":"https:\/\/agenciainfra.com\/blog\/mp-da-tarifa-social-deve-caducar-dizem-fontes-silveira-nega\/","og_site_name":"Ag\u00eancia iNFRA","article_publisher":"https:\/\/www.facebook.com\/ageninfra","article_published_time":"2025-08-20T13:00:00+00:00","article_modified_time":"2025-08-21T14:07:45+00:00","og_image":[{"width":1280,"height":853,"url":"https:\/\/agenciainfra.com\/blog\/wp-content\/uploads\/2025\/08\/alexandre-silveira-foto-geraldo-magela-agencia-senado.jpg","type":"image\/jpeg"}],"author":"Ag\u00eancia iNFRA","twitter_card":"summary_large_image","twitter_creator":"@agencia_infra","twitter_site":"@agencia_infra","twitter_misc":{"Escrito por":"Ag\u00eancia iNFRA","Est. tempo de leitura":"2 minutos"},"schema":{"@context":"https:\/\/schema.org","@graph":[{"@type":"Article","@id":"https:\/\/agenciainfra.com\/blog\/mp-da-tarifa-social-deve-caducar-dizem-fontes-silveira-nega\/#article","isPartOf":{"@id":"https:\/\/agenciainfra.com\/blog\/mp-da-tarifa-social-deve-caducar-dizem-fontes-silveira-nega\/"},"author":{"name":"Ag\u00eancia iNFRA","@id":"https:\/\/agenciainfra.com\/blog\/#\/schema\/person\/34af08dff6adea4cb22b06612ba7acfa"},"headline":"MP da Tarifa Social deve caducar, dizem fontes; Silveira nega","datePublished":"2025-08-20T13:00:00+00:00","dateModified":"2025-08-21T14:07:45+00:00","mainEntityOfPage":{"@id":"https:\/\/agenciainfra.com\/blog\/mp-da-tarifa-social-deve-caducar-dizem-fontes-silveira-nega\/"},"wordCount":471,"publisher":{"@id":"https:\/\/agenciainfra.com\/blog\/#organization"},"image":{"@id":"https:\/\/agenciainfra.com\/blog\/mp-da-tarifa-social-deve-caducar-dizem-fontes-silveira-nega\/#primaryimage"},"thumbnailUrl":"https:\/\/agenciainfra.com\/blog\/wp-content\/uploads\/2025\/08\/alexandre-silveira-foto-geraldo-magela-agencia-senado.jpg","keywords":["Alexandre Silveira","CDE","Eduardo Braga","Fernando Coelho Filho","Geraldo Campos Jr.","La\u00e9rcio Oliveira","Lais Carregosa","Marisa Wanzeller","Minist\u00e9rio de Minas e Energia","mp 1.300","MP 1.304","MP da Tarifa Social","Rafael Bitencourt","Reforma do Setor El\u00e9trico"],"articleSection":["Geral","iNFRAEnergia"],"inLanguage":"pt-BR","copyrightYear":"2025","copyrightHolder":{"@id":"https:\/\/agenciainfra.com\/blog\/#organization"}},{"@type":"WebPage","@id":"https:\/\/agenciainfra.com\/blog\/mp-da-tarifa-social-deve-caducar-dizem-fontes-silveira-nega\/","url":"https:\/\/agenciainfra.com\/blog\/mp-da-tarifa-social-deve-caducar-dizem-fontes-silveira-nega\/","name":"MP da Tarifa Social deve caducar, dizem fontes; Silveira nega - Ag\u00eancia iNFRA","isPartOf":{"@id":"https:\/\/agenciainfra.com\/blog\/#website"},"primaryImageOfPage":{"@id":"https:\/\/agenciainfra.com\/blog\/mp-da-tarifa-social-deve-caducar-dizem-fontes-silveira-nega\/#primaryimage"},"image":{"@id":"https:\/\/agenciainfra.com\/blog\/mp-da-tarifa-social-deve-caducar-dizem-fontes-silveira-nega\/#primaryimage"},"thumbnailUrl":"https:\/\/agenciainfra.com\/blog\/wp-content\/uploads\/2025\/08\/alexandre-silveira-foto-geraldo-magela-agencia-senado.jpg","datePublished":"2025-08-20T13:00:00+00:00","dateModified":"2025-08-21T14:07:45+00:00","breadcrumb":{"@id":"https:\/\/agenciainfra.com\/blog\/mp-da-tarifa-social-deve-caducar-dizem-fontes-silveira-nega\/#breadcrumb"},"inLanguage":"pt-BR","potentialAction":[{"@type":"ReadAction","target":["https:\/\/agenciainfra.com\/blog\/mp-da-tarifa-social-deve-caducar-dizem-fontes-silveira-nega\/"]}]},{"@type":"ImageObject","inLanguage":"pt-BR","@id":"https:\/\/agenciainfra.com\/blog\/mp-da-tarifa-social-deve-caducar-dizem-fontes-silveira-nega\/#primaryimage","url":"https:\/\/agenciainfra.com\/blog\/wp-content\/uploads\/2025\/08\/alexandre-silveira-foto-geraldo-magela-agencia-senado.jpg","contentUrl":"https:\/\/agenciainfra.com\/blog\/wp-content\/uploads\/2025\/08\/alexandre-silveira-foto-geraldo-magela-agencia-senado.jpg","width":1280,"height":853,"caption":"Foto: Geraldo Magela\/Ag\u00eancia Senado"},{"@type":"BreadcrumbList","@id":"https:\/\/agenciainfra.com\/blog\/mp-da-tarifa-social-deve-caducar-dizem-fontes-silveira-nega\/#breadcrumb","itemListElement":[{"@type":"ListItem","position":1,"name":"In\u00edcio","item":"https:\/\/agenciainfra.com\/blog\/"},{"@type":"ListItem","position":2,"name":"MP da Tarifa Social deve caducar, dizem fontes; Silveira nega"}]},{"@type":"WebSite","@id":"https:\/\/agenciainfra.com\/blog\/#website","url":"https:\/\/agenciainfra.com\/blog\/","name":"Ag\u00eancia iNFRA","description":"Multiplataforma de informa\u00e7\u00e3o jornal\u00edstica refer\u00eancia na \u00e1rea de infraestrutura no Brasil!","publisher":{"@id":"https:\/\/agenciainfra.com\/blog\/#organization"},"potentialAction":[{"@type":"SearchAction","target":{"@type":"EntryPoint","urlTemplate":"https:\/\/agenciainfra.com\/blog\/?s={search_term_string}"},"query-input":{"@type":"PropertyValueSpecification","valueRequired":true,"valueName":"search_term_string"}}],"inLanguage":"pt-BR"},{"@type":"Organization","@id":"https:\/\/agenciainfra.com\/blog\/#organization","name":"Ag\u00eancia iNFRA","url":"https:\/\/agenciainfra.com\/blog\/","logo":{"@type":"ImageObject","inLanguage":"pt-BR","@id":"https:\/\/agenciainfra.com\/blog\/#\/schema\/logo\/image\/","url":"https:\/\/agenciainfra.com\/blog\/wp-content\/uploads\/2023\/09\/iNFRA_5-e1761735885940.png","contentUrl":"https:\/\/agenciainfra.com\/blog\/wp-content\/uploads\/2023\/09\/iNFRA_5-e1761735885940.png","width":1672,"height":454,"caption":"Ag\u00eancia iNFRA"},"image":{"@id":"https:\/\/agenciainfra.com\/blog\/#\/schema\/logo\/image\/"},"sameAs":["https:\/\/www.facebook.com\/ageninfra","https:\/\/x.com\/agencia_infra","https:\/\/www.linkedin.com\/company\/ag\u00eanciainfra\/","https:\/\/www.instagram.com\/agenciainfra\/"]},{"@type":"Person","@id":"https:\/\/agenciainfra.com\/blog\/#\/schema\/person\/34af08dff6adea4cb22b06612ba7acfa","name":"Ag\u00eancia iNFRA","image":{"@type":"ImageObject","inLanguage":"pt-BR","@id":"https:\/\/agenciainfra.com\/blog\/#\/schema\/person\/image\/","url":"https:\/\/secure.gravatar.com\/avatar\/d189e01678f06d8eb84d4e01f08eb848b3fffe3f8443818d3c356c66892f5be8?s=96&d=mm&r=g","contentUrl":"https:\/\/secure.gravatar.com\/avatar\/d189e01678f06d8eb84d4e01f08eb848b3fffe3f8443818d3c356c66892f5be8?s=96&d=mm&r=g","caption":"Ag\u00eancia iNFRA"},"url":"https:\/\/agenciainfra.com\/blog\/author\/admin\/"}]}},"_links":{"self":[{"href":"https:\/\/agenciainfra.com\/blog\/wp-json\/wp\/v2\/posts\/26477","targetHints":{"allow":["GET"]}}],"collection":[{"href":"https:\/\/agenciainfra.com\/blog\/wp-json\/wp\/v2\/posts"}],"about":[{"href":"https:\/\/agenciainfra.com\/blog\/wp-json\/wp\/v2\/types\/post"}],"author":[{"embeddable":true,"href":"https:\/\/agenciainfra.com\/blog\/wp-json\/wp\/v2\/users\/1"}],"replies":[{"embeddable":true,"href":"https:\/\/agenciainfra.com\/blog\/wp-json\/wp\/v2\/comments?post=26477"}],"version-history":[{"count":1,"href":"https:\/\/agenciainfra.com\/blog\/wp-json\/wp\/v2\/posts\/26477\/revisions"}],"predecessor-version":[{"id":26479,"href":"https:\/\/agenciainfra.com\/blog\/wp-json\/wp\/v2\/posts\/26477\/revisions\/26479"}],"wp:featuredmedia":[{"embeddable":true,"href":"https:\/\/agenciainfra.com\/blog\/wp-json\/wp\/v2\/media\/26478"}],"wp:attachment":[{"href":"https:\/\/agenciainfra.com\/blog\/wp-json\/wp\/v2\/media?parent=26477"}],"wp:term":[{"taxonomy":"category","embeddable":true,"href":"https:\/\/agenciainfra.com\/blog\/wp-json\/wp\/v2\/categories?post=26477"},{"taxonomy":"post_tag","embeddable":true,"href":"https:\/\/agenciainfra.com\/blog\/wp-json\/wp\/v2\/tags?post=26477"}],"curies":[{"name":"wp","href":"https:\/\/api.w.org\/{rel}","templated":true}]}}