{"id":2648,"date":"2018-11-29T04:00:55","date_gmt":"2018-11-29T07:00:55","guid":{"rendered":"http:\/\/www.agenciainfra.com\/blog\/?p=2648"},"modified":"2018-11-26T13:59:32","modified_gmt":"2018-11-26T16:59:32","slug":"relicitacoes-de-concessoes-rodoviarias-da-decada-de-1990-so-deverao-ocorrer-em-2020","status":"publish","type":"post","link":"https:\/\/agenciainfra.com\/blog\/relicitacoes-de-concessoes-rodoviarias-da-decada-de-1990-so-deverao-ocorrer-em-2020\/","title":{"rendered":"Relicita\u00e7\u00f5es de concess\u00f5es rodovi\u00e1rias da d\u00e9cada de 1990 s\u00f3 dever\u00e3o ocorrer em 2020"},"content":{"rendered":"<div>\n<h5 style=\"text-align: right;\"><strong>Dimmi Amora,\u00a0da Ag\u00eancia iNFRA<\/strong><\/h5>\n<p>As licita\u00e7\u00f5es para escolher os novos concession\u00e1rios que v\u00e3o administrar as rodovias Presidente Dutra, Rio-Juiz de Fora e Rio-Teres\u00f3polis s\u00f3 dever\u00e3o ocorrer em 2020. \u00c9 o prazo suficiente para que sejam cumpridas todas as etapas necess\u00e1rias para que essas concorr\u00eancias ocorram, considerando os prazos legais previstos para cada etapa at\u00e9 o leil\u00e3o.<\/p>\n<p>Os estudos de viabilidade que est\u00e3o sendo feitos pela EPL (Empresa de Planejamento e Log\u00edstica) em parceria com o IFC (Internacional Finance Corporation) devem ficar prontos em fevereiro, de acordo com cronograma debatido entre\u00a0t\u00e9cnicos dos dois \u00f3rg\u00e3os em \u00faltimo encontro realizado h\u00e1 duas semanas.<\/p>\n<p>Caso a EPL consiga finalizar a proposta no m\u00eas seguinte, a ANTT (Ag\u00eancia Nacional de Transportes Terrestres) poderia colocar os projetos em audi\u00eancia p\u00fablica. A estimativa \u00e9 que o processo de consulta dure entre 45 dias e 60 dias, \u00a0que levaria o fim da consulta para maio.<\/p>\n<p>A relicita\u00e7\u00e3o desses trechos ser\u00e1 complexa, j\u00e1 que al\u00e9m das novas concess\u00f5es terem que fazer obras que j\u00e1 estavam previstas para as atuais concession\u00e1rias\u00a0e n\u00e3o foram feitas, o governo ainda pretende cobrar outorga das novas concession\u00e1rias e tamb\u00e9m incluir novos trechos, no que for poss\u00edvel.<\/p>\n<p>Uma an\u00e1lise e respostas em 60 dias das contribui\u00e7\u00f5es, o que \u00e9 um prazo r\u00e1pido, levaria o processo para a etapa seguinte, o envio ao TCU (Tribunal de Contas da Uni\u00e3o) em junho de 2020. O \u00f3rg\u00e3o de controle alterou este ano a Instru\u00e7\u00e3o Normativa sobre a an\u00e1lise de concess\u00f5es e agora tem 90 dias de prazo para fazer a an\u00e1lise (antes eram 45, mas em geral o \u00f3rg\u00e3o usava bem mais tempo que isso).<\/p>\n<p>Se cumprir os 90 dias de an\u00e1lise, o TCU poderia liberar a licita\u00e7\u00e3o no in\u00edcio de outubro. Nesse momento, come\u00e7a uma nova etapa de 100 dias, o prazo entre a publica\u00e7\u00e3o do edital e o leil\u00e3o, estabelecido pelo PPI (Programa de Parceria de Investimentos) e que tem sido cumprido desde o in\u00edcio do programa para a maioria das disputas.<\/p>\n<p><strong>Antecipar obras<\/strong><br \/>\nA inten\u00e7\u00e3o do governo ao iniciar o processo de estudos dessas tr\u00eas concess\u00f5es, que vencem em 2021 ap\u00f3s 25 anos, era antecipar as obras necess\u00e1rias para a melhoria dessas estradas, especialmente a Dutra e a Rio-Petr\u00f3polis, que n\u00e3o foram feitas pelas atuais concession\u00e1rias.<\/p>\n<p>No caso da Dutra, faltaram recursos previstos no contrato para a implementa\u00e7\u00e3o nova pista da Serra das Araras, no Rio de Janeiro. J\u00e1 a Rio-Juiz de Fora, a obra de implanta\u00e7\u00e3o de uma nova subida da Serra de Petr\u00f3polis foi interrompida por decis\u00f5es do TCU e da Justi\u00e7a por ind\u00edcios de superfaturamento, o que a concession\u00e1ria nega.<\/p>\n<p>A inten\u00e7\u00e3o era que o vencedor j\u00e1 come\u00e7asse os empreendimentos enquanto o atual mantinha a opera\u00e7\u00e3o da via at\u00e9 a data final do contrato. No entanto, o mais prov\u00e1vel \u00e9 que o vencedor j\u00e1 inicie a concess\u00e3o muito pr\u00f3ximo do vencimento do atual contrato.<\/p>\n<p>A Dutra, que liga S\u00e3o Paulo ao Rio de Janeiro, \u00e9 administrada pela CCR. J\u00e1 a Rio-Juiz de Fora tem como concession\u00e1ria a Concer, controlada pelo Grupo Triunfo. E a Rio-Teres\u00f3polis tem como respons\u00e1vel a CRT, com v\u00e1rias construtoras como acionistas.\u00a0No caso dessa concess\u00e3o, al\u00e9m das obras novas, o governo tentar\u00e1 ainda solucionar uma d\u00edvida com a concession\u00e1ria por altera\u00e7\u00f5es no contrato ao longo do per\u00edodo, que causaram desequil\u00edbrios j\u00e1 reconhecidos em favor da empresa.<\/p>\n<\/div>\n","protected":false},"excerpt":{"rendered":"<p>Dimmi Amora,\u00a0da Ag\u00eancia iNFRA As licita\u00e7\u00f5es para escolher os novos concession\u00e1rios que v\u00e3o administrar as rodovias Presidente Dutra, Rio-Juiz de Fora e Rio-Teres\u00f3polis s\u00f3 dever\u00e3o ocorrer em 2020. \u00c9 o prazo suficiente para que sejam cumpridas todas as etapas necess\u00e1rias para que essas concorr\u00eancias ocorram, considerando os prazos legais previstos para cada etapa at\u00e9 o [&hellip;]<\/p>\n","protected":false},"author":1,"featured_media":2215,"comment_status":"closed","ping_status":"open","sticky":false,"template":"","format":"standard","meta":{"_monsterinsights_skip_tracking":false,"_monsterinsights_sitenote_active":false,"_monsterinsights_sitenote_note":"","_monsterinsights_sitenote_category":0,"footnotes":""},"categories":[7],"tags":[588,505,22,687,685,34,686,21],"class_list":["post-2648","post","type-post","status-publish","format-standard","has-post-thumbnail","hentry","category-infratransporte","tag-ccr","tag-concer","tag-concessao","tag-crt","tag-dutra","tag-infraestrutura","tag-rio-petropolis","tag-rodovia"],"yoast_head":"<!-- This site is optimized with the Yoast SEO Premium plugin v25.4 (Yoast SEO v26.0) - https:\/\/yoast.com\/wordpress\/plugins\/seo\/ -->\n<title>Relicita\u00e7\u00f5es de concess\u00f5es rodovi\u00e1rias da d\u00e9cada de 1990 s\u00f3 dever\u00e3o ocorrer em 2020 - Ag\u00eancia iNFRA<\/title>\n<meta name=\"robots\" content=\"index, follow, max-snippet:-1, max-image-preview:large, max-video-preview:-1\" \/>\n<link rel=\"canonical\" href=\"https:\/\/agenciainfra.com\/blog\/relicitacoes-de-concessoes-rodoviarias-da-decada-de-1990-so-deverao-ocorrer-em-2020\/\" \/>\n<meta property=\"og:locale\" content=\"pt_BR\" \/>\n<meta property=\"og:type\" content=\"article\" \/>\n<meta property=\"og:title\" content=\"Relicita\u00e7\u00f5es de concess\u00f5es rodovi\u00e1rias da d\u00e9cada de 1990 s\u00f3 dever\u00e3o ocorrer em 2020\" \/>\n<meta property=\"og:description\" content=\"Dimmi Amora,\u00a0da Ag\u00eancia iNFRA As licita\u00e7\u00f5es para escolher os novos concession\u00e1rios que v\u00e3o administrar as rodovias Presidente Dutra, Rio-Juiz de Fora e Rio-Teres\u00f3polis s\u00f3 dever\u00e3o ocorrer em 2020. \u00c9 o prazo suficiente para que sejam cumpridas todas as etapas necess\u00e1rias para que essas concorr\u00eancias ocorram, considerando os prazos legais previstos para cada etapa at\u00e9 o [&hellip;]\" \/>\n<meta property=\"og:url\" content=\"https:\/\/agenciainfra.com\/blog\/relicitacoes-de-concessoes-rodoviarias-da-decada-de-1990-so-deverao-ocorrer-em-2020\/\" \/>\n<meta property=\"og:site_name\" content=\"Ag\u00eancia iNFRA\" \/>\n<meta property=\"article:publisher\" content=\"https:\/\/www.facebook.com\/ageninfra\" \/>\n<meta property=\"article:published_time\" content=\"2018-11-29T07:00:55+00:00\" \/>\n<meta property=\"og:image\" content=\"https:\/\/agenciainfra.com\/blog\/wp-content\/uploads\/2018\/07\/br290_divulgacao_concepa.jpg\" \/>\n\t<meta property=\"og:image:width\" content=\"700\" \/>\n\t<meta property=\"og:image:height\" content=\"466\" \/>\n\t<meta property=\"og:image:type\" content=\"image\/jpeg\" \/>\n<meta name=\"author\" content=\"Ag\u00eancia iNFRA\" \/>\n<meta name=\"twitter:card\" content=\"summary_large_image\" \/>\n<meta name=\"twitter:creator\" content=\"@agencia_infra\" \/>\n<meta name=\"twitter:site\" content=\"@agencia_infra\" \/>\n<meta name=\"twitter:label1\" content=\"Escrito por\" \/>\n\t<meta name=\"twitter:data1\" content=\"Ag\u00eancia iNFRA\" \/>\n\t<meta name=\"twitter:label2\" content=\"Est. tempo de leitura\" \/>\n\t<meta name=\"twitter:data2\" content=\"3 minutos\" \/>\n<script type=\"application\/ld+json\" class=\"yoast-schema-graph\">{\"@context\":\"https:\/\/schema.org\",\"@graph\":[{\"@type\":\"Article\",\"@id\":\"https:\/\/agenciainfra.com\/blog\/relicitacoes-de-concessoes-rodoviarias-da-decada-de-1990-so-deverao-ocorrer-em-2020\/#article\",\"isPartOf\":{\"@id\":\"https:\/\/agenciainfra.com\/blog\/relicitacoes-de-concessoes-rodoviarias-da-decada-de-1990-so-deverao-ocorrer-em-2020\/\"},\"author\":{\"name\":\"Ag\u00eancia iNFRA\",\"@id\":\"https:\/\/agenciainfra.com\/blog\/#\/schema\/person\/34af08dff6adea4cb22b06612ba7acfa\"},\"headline\":\"Relicita\u00e7\u00f5es de concess\u00f5es rodovi\u00e1rias da d\u00e9cada de 1990 s\u00f3 dever\u00e3o ocorrer em 2020\",\"datePublished\":\"2018-11-29T07:00:55+00:00\",\"mainEntityOfPage\":{\"@id\":\"https:\/\/agenciainfra.com\/blog\/relicitacoes-de-concessoes-rodoviarias-da-decada-de-1990-so-deverao-ocorrer-em-2020\/\"},\"wordCount\":626,\"publisher\":{\"@id\":\"https:\/\/agenciainfra.com\/blog\/#organization\"},\"image\":{\"@id\":\"https:\/\/agenciainfra.com\/blog\/relicitacoes-de-concessoes-rodoviarias-da-decada-de-1990-so-deverao-ocorrer-em-2020\/#primaryimage\"},\"thumbnailUrl\":\"https:\/\/agenciainfra.com\/blog\/wp-content\/uploads\/2018\/07\/br290_divulgacao_concepa.jpg\",\"keywords\":[\"CCR\",\"Concer\",\"Concess\u00e3o\",\"CRT\",\"Dutra\",\"Infraestrutura\",\"Rio-Petr\u00f3polis\",\"Rodovia\"],\"articleSection\":[\"iNFRATransporte\"],\"inLanguage\":\"pt-BR\",\"copyrightYear\":\"2018\",\"copyrightHolder\":{\"@id\":\"https:\/\/agenciainfra.com\/blog\/#organization\"}},{\"@type\":\"WebPage\",\"@id\":\"https:\/\/agenciainfra.com\/blog\/relicitacoes-de-concessoes-rodoviarias-da-decada-de-1990-so-deverao-ocorrer-em-2020\/\",\"url\":\"https:\/\/agenciainfra.com\/blog\/relicitacoes-de-concessoes-rodoviarias-da-decada-de-1990-so-deverao-ocorrer-em-2020\/\",\"name\":\"Relicita\u00e7\u00f5es de concess\u00f5es rodovi\u00e1rias da d\u00e9cada de 1990 s\u00f3 dever\u00e3o ocorrer em 2020 - Ag\u00eancia iNFRA\",\"isPartOf\":{\"@id\":\"https:\/\/agenciainfra.com\/blog\/#website\"},\"primaryImageOfPage\":{\"@id\":\"https:\/\/agenciainfra.com\/blog\/relicitacoes-de-concessoes-rodoviarias-da-decada-de-1990-so-deverao-ocorrer-em-2020\/#primaryimage\"},\"image\":{\"@id\":\"https:\/\/agenciainfra.com\/blog\/relicitacoes-de-concessoes-rodoviarias-da-decada-de-1990-so-deverao-ocorrer-em-2020\/#primaryimage\"},\"thumbnailUrl\":\"https:\/\/agenciainfra.com\/blog\/wp-content\/uploads\/2018\/07\/br290_divulgacao_concepa.jpg\",\"datePublished\":\"2018-11-29T07:00:55+00:00\",\"breadcrumb\":{\"@id\":\"https:\/\/agenciainfra.com\/blog\/relicitacoes-de-concessoes-rodoviarias-da-decada-de-1990-so-deverao-ocorrer-em-2020\/#breadcrumb\"},\"inLanguage\":\"pt-BR\",\"potentialAction\":[{\"@type\":\"ReadAction\",\"target\":[\"https:\/\/agenciainfra.com\/blog\/relicitacoes-de-concessoes-rodoviarias-da-decada-de-1990-so-deverao-ocorrer-em-2020\/\"]}]},{\"@type\":\"ImageObject\",\"inLanguage\":\"pt-BR\",\"@id\":\"https:\/\/agenciainfra.com\/blog\/relicitacoes-de-concessoes-rodoviarias-da-decada-de-1990-so-deverao-ocorrer-em-2020\/#primaryimage\",\"url\":\"https:\/\/agenciainfra.com\/blog\/wp-content\/uploads\/2018\/07\/br290_divulgacao_concepa.jpg\",\"contentUrl\":\"https:\/\/agenciainfra.com\/blog\/wp-content\/uploads\/2018\/07\/br290_divulgacao_concepa.jpg\",\"width\":700,\"height\":466},{\"@type\":\"BreadcrumbList\",\"@id\":\"https:\/\/agenciainfra.com\/blog\/relicitacoes-de-concessoes-rodoviarias-da-decada-de-1990-so-deverao-ocorrer-em-2020\/#breadcrumb\",\"itemListElement\":[{\"@type\":\"ListItem\",\"position\":1,\"name\":\"In\u00edcio\",\"item\":\"https:\/\/agenciainfra.com\/blog\/\"},{\"@type\":\"ListItem\",\"position\":2,\"name\":\"Relicita\u00e7\u00f5es de concess\u00f5es rodovi\u00e1rias da d\u00e9cada de 1990 s\u00f3 dever\u00e3o ocorrer em 2020\"}]},{\"@type\":\"WebSite\",\"@id\":\"https:\/\/agenciainfra.com\/blog\/#website\",\"url\":\"https:\/\/agenciainfra.com\/blog\/\",\"name\":\"Ag\u00eancia iNFRA\",\"description\":\"Multiplataforma de informa\u00e7\u00e3o jornal\u00edstica refer\u00eancia na \u00e1rea de infraestrutura no Brasil!\",\"publisher\":{\"@id\":\"https:\/\/agenciainfra.com\/blog\/#organization\"},\"potentialAction\":[{\"@type\":\"SearchAction\",\"target\":{\"@type\":\"EntryPoint\",\"urlTemplate\":\"https:\/\/agenciainfra.com\/blog\/?s={search_term_string}\"},\"query-input\":{\"@type\":\"PropertyValueSpecification\",\"valueRequired\":true,\"valueName\":\"search_term_string\"}}],\"inLanguage\":\"pt-BR\"},{\"@type\":\"Organization\",\"@id\":\"https:\/\/agenciainfra.com\/blog\/#organization\",\"name\":\"Ag\u00eancia iNFRA\",\"url\":\"https:\/\/agenciainfra.com\/blog\/\",\"logo\":{\"@type\":\"ImageObject\",\"inLanguage\":\"pt-BR\",\"@id\":\"https:\/\/agenciainfra.com\/blog\/#\/schema\/logo\/image\/\",\"url\":\"https:\/\/agenciainfra.com\/blog\/wp-content\/uploads\/2023\/09\/iNFRA_5-e1761735885940.png\",\"contentUrl\":\"https:\/\/agenciainfra.com\/blog\/wp-content\/uploads\/2023\/09\/iNFRA_5-e1761735885940.png\",\"width\":1672,\"height\":454,\"caption\":\"Ag\u00eancia iNFRA\"},\"image\":{\"@id\":\"https:\/\/agenciainfra.com\/blog\/#\/schema\/logo\/image\/\"},\"sameAs\":[\"https:\/\/www.facebook.com\/ageninfra\",\"https:\/\/x.com\/agencia_infra\",\"https:\/\/www.linkedin.com\/company\/ag\u00eanciainfra\/\",\"https:\/\/www.instagram.com\/agenciainfra\/\"]},{\"@type\":\"Person\",\"@id\":\"https:\/\/agenciainfra.com\/blog\/#\/schema\/person\/34af08dff6adea4cb22b06612ba7acfa\",\"name\":\"Ag\u00eancia iNFRA\",\"image\":{\"@type\":\"ImageObject\",\"inLanguage\":\"pt-BR\",\"@id\":\"https:\/\/agenciainfra.com\/blog\/#\/schema\/person\/image\/\",\"url\":\"https:\/\/secure.gravatar.com\/avatar\/d189e01678f06d8eb84d4e01f08eb848b3fffe3f8443818d3c356c66892f5be8?s=96&d=mm&r=g\",\"contentUrl\":\"https:\/\/secure.gravatar.com\/avatar\/d189e01678f06d8eb84d4e01f08eb848b3fffe3f8443818d3c356c66892f5be8?s=96&d=mm&r=g\",\"caption\":\"Ag\u00eancia iNFRA\"},\"url\":\"https:\/\/agenciainfra.com\/blog\/author\/admin\/\"}]}<\/script>\n<!-- \/ Yoast SEO Premium plugin. -->","yoast_head_json":{"title":"Relicita\u00e7\u00f5es de concess\u00f5es rodovi\u00e1rias da d\u00e9cada de 1990 s\u00f3 dever\u00e3o ocorrer em 2020 - Ag\u00eancia iNFRA","robots":{"index":"index","follow":"follow","max-snippet":"max-snippet:-1","max-image-preview":"max-image-preview:large","max-video-preview":"max-video-preview:-1"},"canonical":"https:\/\/agenciainfra.com\/blog\/relicitacoes-de-concessoes-rodoviarias-da-decada-de-1990-so-deverao-ocorrer-em-2020\/","og_locale":"pt_BR","og_type":"article","og_title":"Relicita\u00e7\u00f5es de concess\u00f5es rodovi\u00e1rias da d\u00e9cada de 1990 s\u00f3 dever\u00e3o ocorrer em 2020","og_description":"Dimmi Amora,\u00a0da Ag\u00eancia iNFRA As licita\u00e7\u00f5es para escolher os novos concession\u00e1rios que v\u00e3o administrar as rodovias Presidente Dutra, Rio-Juiz de Fora e Rio-Teres\u00f3polis s\u00f3 dever\u00e3o ocorrer em 2020. \u00c9 o prazo suficiente para que sejam cumpridas todas as etapas necess\u00e1rias para que essas concorr\u00eancias ocorram, considerando os prazos legais previstos para cada etapa at\u00e9 o [&hellip;]","og_url":"https:\/\/agenciainfra.com\/blog\/relicitacoes-de-concessoes-rodoviarias-da-decada-de-1990-so-deverao-ocorrer-em-2020\/","og_site_name":"Ag\u00eancia iNFRA","article_publisher":"https:\/\/www.facebook.com\/ageninfra","article_published_time":"2018-11-29T07:00:55+00:00","og_image":[{"width":700,"height":466,"url":"https:\/\/agenciainfra.com\/blog\/wp-content\/uploads\/2018\/07\/br290_divulgacao_concepa.jpg","type":"image\/jpeg"}],"author":"Ag\u00eancia iNFRA","twitter_card":"summary_large_image","twitter_creator":"@agencia_infra","twitter_site":"@agencia_infra","twitter_misc":{"Escrito por":"Ag\u00eancia iNFRA","Est. tempo de leitura":"3 minutos"},"schema":{"@context":"https:\/\/schema.org","@graph":[{"@type":"Article","@id":"https:\/\/agenciainfra.com\/blog\/relicitacoes-de-concessoes-rodoviarias-da-decada-de-1990-so-deverao-ocorrer-em-2020\/#article","isPartOf":{"@id":"https:\/\/agenciainfra.com\/blog\/relicitacoes-de-concessoes-rodoviarias-da-decada-de-1990-so-deverao-ocorrer-em-2020\/"},"author":{"name":"Ag\u00eancia iNFRA","@id":"https:\/\/agenciainfra.com\/blog\/#\/schema\/person\/34af08dff6adea4cb22b06612ba7acfa"},"headline":"Relicita\u00e7\u00f5es de concess\u00f5es rodovi\u00e1rias da d\u00e9cada de 1990 s\u00f3 dever\u00e3o ocorrer em 2020","datePublished":"2018-11-29T07:00:55+00:00","mainEntityOfPage":{"@id":"https:\/\/agenciainfra.com\/blog\/relicitacoes-de-concessoes-rodoviarias-da-decada-de-1990-so-deverao-ocorrer-em-2020\/"},"wordCount":626,"publisher":{"@id":"https:\/\/agenciainfra.com\/blog\/#organization"},"image":{"@id":"https:\/\/agenciainfra.com\/blog\/relicitacoes-de-concessoes-rodoviarias-da-decada-de-1990-so-deverao-ocorrer-em-2020\/#primaryimage"},"thumbnailUrl":"https:\/\/agenciainfra.com\/blog\/wp-content\/uploads\/2018\/07\/br290_divulgacao_concepa.jpg","keywords":["CCR","Concer","Concess\u00e3o","CRT","Dutra","Infraestrutura","Rio-Petr\u00f3polis","Rodovia"],"articleSection":["iNFRATransporte"],"inLanguage":"pt-BR","copyrightYear":"2018","copyrightHolder":{"@id":"https:\/\/agenciainfra.com\/blog\/#organization"}},{"@type":"WebPage","@id":"https:\/\/agenciainfra.com\/blog\/relicitacoes-de-concessoes-rodoviarias-da-decada-de-1990-so-deverao-ocorrer-em-2020\/","url":"https:\/\/agenciainfra.com\/blog\/relicitacoes-de-concessoes-rodoviarias-da-decada-de-1990-so-deverao-ocorrer-em-2020\/","name":"Relicita\u00e7\u00f5es de concess\u00f5es rodovi\u00e1rias da d\u00e9cada de 1990 s\u00f3 dever\u00e3o ocorrer em 2020 - Ag\u00eancia iNFRA","isPartOf":{"@id":"https:\/\/agenciainfra.com\/blog\/#website"},"primaryImageOfPage":{"@id":"https:\/\/agenciainfra.com\/blog\/relicitacoes-de-concessoes-rodoviarias-da-decada-de-1990-so-deverao-ocorrer-em-2020\/#primaryimage"},"image":{"@id":"https:\/\/agenciainfra.com\/blog\/relicitacoes-de-concessoes-rodoviarias-da-decada-de-1990-so-deverao-ocorrer-em-2020\/#primaryimage"},"thumbnailUrl":"https:\/\/agenciainfra.com\/blog\/wp-content\/uploads\/2018\/07\/br290_divulgacao_concepa.jpg","datePublished":"2018-11-29T07:00:55+00:00","breadcrumb":{"@id":"https:\/\/agenciainfra.com\/blog\/relicitacoes-de-concessoes-rodoviarias-da-decada-de-1990-so-deverao-ocorrer-em-2020\/#breadcrumb"},"inLanguage":"pt-BR","potentialAction":[{"@type":"ReadAction","target":["https:\/\/agenciainfra.com\/blog\/relicitacoes-de-concessoes-rodoviarias-da-decada-de-1990-so-deverao-ocorrer-em-2020\/"]}]},{"@type":"ImageObject","inLanguage":"pt-BR","@id":"https:\/\/agenciainfra.com\/blog\/relicitacoes-de-concessoes-rodoviarias-da-decada-de-1990-so-deverao-ocorrer-em-2020\/#primaryimage","url":"https:\/\/agenciainfra.com\/blog\/wp-content\/uploads\/2018\/07\/br290_divulgacao_concepa.jpg","contentUrl":"https:\/\/agenciainfra.com\/blog\/wp-content\/uploads\/2018\/07\/br290_divulgacao_concepa.jpg","width":700,"height":466},{"@type":"BreadcrumbList","@id":"https:\/\/agenciainfra.com\/blog\/relicitacoes-de-concessoes-rodoviarias-da-decada-de-1990-so-deverao-ocorrer-em-2020\/#breadcrumb","itemListElement":[{"@type":"ListItem","position":1,"name":"In\u00edcio","item":"https:\/\/agenciainfra.com\/blog\/"},{"@type":"ListItem","position":2,"name":"Relicita\u00e7\u00f5es de concess\u00f5es rodovi\u00e1rias da d\u00e9cada de 1990 s\u00f3 dever\u00e3o ocorrer em 2020"}]},{"@type":"WebSite","@id":"https:\/\/agenciainfra.com\/blog\/#website","url":"https:\/\/agenciainfra.com\/blog\/","name":"Ag\u00eancia iNFRA","description":"Multiplataforma de informa\u00e7\u00e3o jornal\u00edstica refer\u00eancia na \u00e1rea de infraestrutura no Brasil!","publisher":{"@id":"https:\/\/agenciainfra.com\/blog\/#organization"},"potentialAction":[{"@type":"SearchAction","target":{"@type":"EntryPoint","urlTemplate":"https:\/\/agenciainfra.com\/blog\/?s={search_term_string}"},"query-input":{"@type":"PropertyValueSpecification","valueRequired":true,"valueName":"search_term_string"}}],"inLanguage":"pt-BR"},{"@type":"Organization","@id":"https:\/\/agenciainfra.com\/blog\/#organization","name":"Ag\u00eancia iNFRA","url":"https:\/\/agenciainfra.com\/blog\/","logo":{"@type":"ImageObject","inLanguage":"pt-BR","@id":"https:\/\/agenciainfra.com\/blog\/#\/schema\/logo\/image\/","url":"https:\/\/agenciainfra.com\/blog\/wp-content\/uploads\/2023\/09\/iNFRA_5-e1761735885940.png","contentUrl":"https:\/\/agenciainfra.com\/blog\/wp-content\/uploads\/2023\/09\/iNFRA_5-e1761735885940.png","width":1672,"height":454,"caption":"Ag\u00eancia iNFRA"},"image":{"@id":"https:\/\/agenciainfra.com\/blog\/#\/schema\/logo\/image\/"},"sameAs":["https:\/\/www.facebook.com\/ageninfra","https:\/\/x.com\/agencia_infra","https:\/\/www.linkedin.com\/company\/ag\u00eanciainfra\/","https:\/\/www.instagram.com\/agenciainfra\/"]},{"@type":"Person","@id":"https:\/\/agenciainfra.com\/blog\/#\/schema\/person\/34af08dff6adea4cb22b06612ba7acfa","name":"Ag\u00eancia iNFRA","image":{"@type":"ImageObject","inLanguage":"pt-BR","@id":"https:\/\/agenciainfra.com\/blog\/#\/schema\/person\/image\/","url":"https:\/\/secure.gravatar.com\/avatar\/d189e01678f06d8eb84d4e01f08eb848b3fffe3f8443818d3c356c66892f5be8?s=96&d=mm&r=g","contentUrl":"https:\/\/secure.gravatar.com\/avatar\/d189e01678f06d8eb84d4e01f08eb848b3fffe3f8443818d3c356c66892f5be8?s=96&d=mm&r=g","caption":"Ag\u00eancia iNFRA"},"url":"https:\/\/agenciainfra.com\/blog\/author\/admin\/"}]}},"_links":{"self":[{"href":"https:\/\/agenciainfra.com\/blog\/wp-json\/wp\/v2\/posts\/2648","targetHints":{"allow":["GET"]}}],"collection":[{"href":"https:\/\/agenciainfra.com\/blog\/wp-json\/wp\/v2\/posts"}],"about":[{"href":"https:\/\/agenciainfra.com\/blog\/wp-json\/wp\/v2\/types\/post"}],"author":[{"embeddable":true,"href":"https:\/\/agenciainfra.com\/blog\/wp-json\/wp\/v2\/users\/1"}],"replies":[{"embeddable":true,"href":"https:\/\/agenciainfra.com\/blog\/wp-json\/wp\/v2\/comments?post=2648"}],"version-history":[{"count":0,"href":"https:\/\/agenciainfra.com\/blog\/wp-json\/wp\/v2\/posts\/2648\/revisions"}],"wp:featuredmedia":[{"embeddable":true,"href":"https:\/\/agenciainfra.com\/blog\/wp-json\/wp\/v2\/media\/2215"}],"wp:attachment":[{"href":"https:\/\/agenciainfra.com\/blog\/wp-json\/wp\/v2\/media?parent=2648"}],"wp:term":[{"taxonomy":"category","embeddable":true,"href":"https:\/\/agenciainfra.com\/blog\/wp-json\/wp\/v2\/categories?post=2648"},{"taxonomy":"post_tag","embeddable":true,"href":"https:\/\/agenciainfra.com\/blog\/wp-json\/wp\/v2\/tags?post=2648"}],"curies":[{"name":"wp","href":"https:\/\/api.w.org\/{rel}","templated":true}]}}