{"id":26499,"date":"2025-08-20T14:45:36","date_gmt":"2025-08-20T17:45:36","guid":{"rendered":"https:\/\/agenciainfra.com\/blog\/?p=26499"},"modified":"2025-08-20T14:52:29","modified_gmt":"2025-08-20T17:52:29","slug":"aeroportos-movimentam-73-milhoes-de-passageiros-em-sete-meses","status":"publish","type":"post","link":"https:\/\/agenciainfra.com\/blog\/aeroportos-movimentam-73-milhoes-de-passageiros-em-sete-meses\/","title":{"rendered":"Aeroportos movimentam 73 milh\u00f5es de passageiros em sete meses"},"content":{"rendered":"\n<p class=\"has-text-align-right\"><strong>da Ag\u00eancia iNFRA<\/strong><\/p>\n\n\n\n<p>Entre janeiro e julho deste ano, 73,4 milh\u00f5es de passageiros circularam pelos aeroportos brasileiros, alta de 9,6% em rela\u00e7\u00e3o ao mesmo per\u00edodo de 2024. Os dados da ANAC (Ag\u00eancia Nacional de Avia\u00e7\u00e3o Civil) divulgados pelo MPor (Minist\u00e9rio de Portos e Aeroportos) apontam crescimento tanto no mercado dom\u00e9stico quanto no internacional.<\/p>\n\n\n\n<p>Nos voos para o exterior, o avan\u00e7o foi de 15%, com 16,4 milh\u00f5es de passageiros. J\u00e1 nas rotas nacionais, o aumento foi de 8,2%, totalizando 57 milh\u00f5es de viajantes. Tamb\u00e9m houve expans\u00e3o no n\u00famero de voos: 554,4 mil opera\u00e7\u00f5es nos dois mercados, crescimento de 3,6% em rela\u00e7\u00e3o ao ano passado.<\/p>\n\n\n\n<p>Apenas em julho, 11,6 milh\u00f5es de passageiros foram transportados em voos dom\u00e9sticos e internacionais, alta de 7,5% frente a 2024. No mercado interno, foram registrados 9,03 milh\u00f5es de passageiros, superando o recorde de 8,9 milh\u00f5es em julho de 2015. No segmento internacional, julho somou 2,6 milh\u00f5es de viajantes, alta de 13,6%.<\/p>\n\n\n\n<p>Segundo o ministro de Portos e Aeroportos, Silvio Costa Filho, a expectativa \u00e9 fechar 2025 com cerca de 130 milh\u00f5es de passageiros, superando os 118 milh\u00f5es registrados em 2024. \u201cSe esse percentual de aumento se mantiver ao longo do segundo semestre, vamos fechar o ano de 2025 com cerca de 130 milh\u00f5es de passageiros&#8221;, afirmou.\u00a0<\/p>\n\n\n\n<p><strong>Movimenta\u00e7\u00e3o de cargas<\/strong><strong><br><\/strong>Apesar do desempenho positivo em passageiros, o transporte de cargas apresentou leve retra\u00e7\u00e3o. Em julho, foram movimentadas 115,1 mil toneladas, queda de 0,8% em rela\u00e7\u00e3o ao mesmo m\u00eas de 2024. O recuo foi puxado pelo mercado dom\u00e9stico, com 39,1 mil toneladas (-3,8%), enquanto o segmento internacional cresceu 0,8%, atingindo 76 mil toneladas.<\/p>\n\n\n\n<p><\/p>\n","protected":false},"excerpt":{"rendered":"<p>da Ag\u00eancia iNFRA Entre janeiro e julho deste ano, 73,4 milh\u00f5es de passageiros circularam pelos aeroportos brasileiros, alta de 9,6% em rela\u00e7\u00e3o ao mesmo per\u00edodo de 2024. Os dados da ANAC (Ag\u00eancia Nacional de Avia\u00e7\u00e3o Civil) divulgados pelo MPor (Minist\u00e9rio de Portos e Aeroportos) apontam crescimento tanto no mercado dom\u00e9stico quanto no internacional. Nos voos [&hellip;]<\/p>\n","protected":false},"author":1,"featured_media":8666,"comment_status":"closed","ping_status":"closed","sticky":false,"template":"","format":"standard","meta":{"_monsterinsights_skip_tracking":false,"_monsterinsights_sitenote_active":false,"_monsterinsights_sitenote_note":"","_monsterinsights_sitenote_category":0,"footnotes":""},"categories":[1,13576],"tags":[14655,242,6257,14062,13687,235],"class_list":["post-26499","post","type-post","status-publish","format-standard","has-post-thumbnail","hentry","category-geral","category-giro-infra","tag-aeroportos-brasileiros","tag-anac","tag-ministerio-de-portos-e-aeroportos","tag-movimentacao-aerea","tag-movimentacao-de-passageiros","tag-voos"],"yoast_head":"<!-- This site is optimized with the Yoast SEO Premium plugin v25.4 (Yoast SEO v26.0) - https:\/\/yoast.com\/wordpress\/plugins\/seo\/ -->\n<title>Aeroportos movimentam 73 milh\u00f5es de passageiros em sete meses - Ag\u00eancia iNFRA<\/title>\n<meta name=\"robots\" content=\"index, follow, max-snippet:-1, max-image-preview:large, max-video-preview:-1\" \/>\n<link rel=\"canonical\" href=\"https:\/\/agenciainfra.com\/blog\/aeroportos-movimentam-73-milhoes-de-passageiros-em-sete-meses\/\" \/>\n<meta property=\"og:locale\" content=\"pt_BR\" \/>\n<meta property=\"og:type\" content=\"article\" \/>\n<meta property=\"og:title\" content=\"Aeroportos movimentam 73 milh\u00f5es de passageiros em sete meses\" \/>\n<meta property=\"og:description\" content=\"da Ag\u00eancia iNFRA Entre janeiro e julho deste ano, 73,4 milh\u00f5es de passageiros circularam pelos aeroportos brasileiros, alta de 9,6% em rela\u00e7\u00e3o ao mesmo per\u00edodo de 2024. Os dados da ANAC (Ag\u00eancia Nacional de Avia\u00e7\u00e3o Civil) divulgados pelo MPor (Minist\u00e9rio de Portos e Aeroportos) apontam crescimento tanto no mercado dom\u00e9stico quanto no internacional. Nos voos [&hellip;]\" \/>\n<meta property=\"og:url\" content=\"https:\/\/agenciainfra.com\/blog\/aeroportos-movimentam-73-milhoes-de-passageiros-em-sete-meses\/\" \/>\n<meta property=\"og:site_name\" content=\"Ag\u00eancia iNFRA\" \/>\n<meta property=\"article:publisher\" content=\"https:\/\/www.facebook.com\/ageninfra\" \/>\n<meta property=\"article:published_time\" content=\"2025-08-20T17:45:36+00:00\" \/>\n<meta property=\"article:modified_time\" content=\"2025-08-20T17:52:29+00:00\" \/>\n<meta property=\"og:image\" content=\"https:\/\/agenciainfra.com\/blog\/wp-content\/uploads\/2021\/10\/aeroporto-galeao-foto-fernando-frazao-agencia-brasil.jpg\" \/>\n\t<meta property=\"og:image:width\" content=\"1280\" \/>\n\t<meta property=\"og:image:height\" content=\"716\" \/>\n\t<meta property=\"og:image:type\" content=\"image\/jpeg\" \/>\n<meta name=\"author\" content=\"Ag\u00eancia iNFRA\" \/>\n<meta name=\"twitter:card\" content=\"summary_large_image\" \/>\n<meta name=\"twitter:creator\" content=\"@agencia_infra\" \/>\n<meta name=\"twitter:site\" content=\"@agencia_infra\" \/>\n<meta name=\"twitter:label1\" content=\"Escrito por\" \/>\n\t<meta name=\"twitter:data1\" content=\"Ag\u00eancia iNFRA\" \/>\n\t<meta name=\"twitter:label2\" content=\"Est. tempo de leitura\" \/>\n\t<meta name=\"twitter:data2\" content=\"1 minuto\" \/>\n<script type=\"application\/ld+json\" class=\"yoast-schema-graph\">{\"@context\":\"https:\/\/schema.org\",\"@graph\":[{\"@type\":\"Article\",\"@id\":\"https:\/\/agenciainfra.com\/blog\/aeroportos-movimentam-73-milhoes-de-passageiros-em-sete-meses\/#article\",\"isPartOf\":{\"@id\":\"https:\/\/agenciainfra.com\/blog\/aeroportos-movimentam-73-milhoes-de-passageiros-em-sete-meses\/\"},\"author\":{\"name\":\"Ag\u00eancia iNFRA\",\"@id\":\"https:\/\/agenciainfra.com\/blog\/#\/schema\/person\/34af08dff6adea4cb22b06612ba7acfa\"},\"headline\":\"Aeroportos movimentam 73 milh\u00f5es de passageiros em sete meses\",\"datePublished\":\"2025-08-20T17:45:36+00:00\",\"dateModified\":\"2025-08-20T17:52:29+00:00\",\"mainEntityOfPage\":{\"@id\":\"https:\/\/agenciainfra.com\/blog\/aeroportos-movimentam-73-milhoes-de-passageiros-em-sete-meses\/\"},\"wordCount\":272,\"publisher\":{\"@id\":\"https:\/\/agenciainfra.com\/blog\/#organization\"},\"image\":{\"@id\":\"https:\/\/agenciainfra.com\/blog\/aeroportos-movimentam-73-milhoes-de-passageiros-em-sete-meses\/#primaryimage\"},\"thumbnailUrl\":\"https:\/\/agenciainfra.com\/blog\/wp-content\/uploads\/2021\/10\/aeroporto-galeao-foto-fernando-frazao-agencia-brasil.jpg\",\"keywords\":[\"Aeroportos brasileiros\",\"ANAC\",\"Minist\u00e9rio de Portos e Aeroportos\",\"movimenta\u00e7\u00e3o a\u00e9rea\",\"movimenta\u00e7\u00e3o de passageiros\",\"voos\"],\"articleSection\":[\"Geral\",\"Giro iNFRA\"],\"inLanguage\":\"pt-BR\",\"copyrightYear\":\"2025\",\"copyrightHolder\":{\"@id\":\"https:\/\/agenciainfra.com\/blog\/#organization\"}},{\"@type\":\"WebPage\",\"@id\":\"https:\/\/agenciainfra.com\/blog\/aeroportos-movimentam-73-milhoes-de-passageiros-em-sete-meses\/\",\"url\":\"https:\/\/agenciainfra.com\/blog\/aeroportos-movimentam-73-milhoes-de-passageiros-em-sete-meses\/\",\"name\":\"Aeroportos movimentam 73 milh\u00f5es de passageiros em sete meses - Ag\u00eancia iNFRA\",\"isPartOf\":{\"@id\":\"https:\/\/agenciainfra.com\/blog\/#website\"},\"primaryImageOfPage\":{\"@id\":\"https:\/\/agenciainfra.com\/blog\/aeroportos-movimentam-73-milhoes-de-passageiros-em-sete-meses\/#primaryimage\"},\"image\":{\"@id\":\"https:\/\/agenciainfra.com\/blog\/aeroportos-movimentam-73-milhoes-de-passageiros-em-sete-meses\/#primaryimage\"},\"thumbnailUrl\":\"https:\/\/agenciainfra.com\/blog\/wp-content\/uploads\/2021\/10\/aeroporto-galeao-foto-fernando-frazao-agencia-brasil.jpg\",\"datePublished\":\"2025-08-20T17:45:36+00:00\",\"dateModified\":\"2025-08-20T17:52:29+00:00\",\"breadcrumb\":{\"@id\":\"https:\/\/agenciainfra.com\/blog\/aeroportos-movimentam-73-milhoes-de-passageiros-em-sete-meses\/#breadcrumb\"},\"inLanguage\":\"pt-BR\",\"potentialAction\":[{\"@type\":\"ReadAction\",\"target\":[\"https:\/\/agenciainfra.com\/blog\/aeroportos-movimentam-73-milhoes-de-passageiros-em-sete-meses\/\"]}]},{\"@type\":\"ImageObject\",\"inLanguage\":\"pt-BR\",\"@id\":\"https:\/\/agenciainfra.com\/blog\/aeroportos-movimentam-73-milhoes-de-passageiros-em-sete-meses\/#primaryimage\",\"url\":\"https:\/\/agenciainfra.com\/blog\/wp-content\/uploads\/2021\/10\/aeroporto-galeao-foto-fernando-frazao-agencia-brasil.jpg\",\"contentUrl\":\"https:\/\/agenciainfra.com\/blog\/wp-content\/uploads\/2021\/10\/aeroporto-galeao-foto-fernando-frazao-agencia-brasil.jpg\",\"width\":1280,\"height\":716,\"caption\":\"Foto: Fernando Fraz\u00e3o\/Ag\u00eancia Brasil\"},{\"@type\":\"BreadcrumbList\",\"@id\":\"https:\/\/agenciainfra.com\/blog\/aeroportos-movimentam-73-milhoes-de-passageiros-em-sete-meses\/#breadcrumb\",\"itemListElement\":[{\"@type\":\"ListItem\",\"position\":1,\"name\":\"In\u00edcio\",\"item\":\"https:\/\/agenciainfra.com\/blog\/\"},{\"@type\":\"ListItem\",\"position\":2,\"name\":\"Aeroportos movimentam 73 milh\u00f5es de passageiros em sete meses\"}]},{\"@type\":\"WebSite\",\"@id\":\"https:\/\/agenciainfra.com\/blog\/#website\",\"url\":\"https:\/\/agenciainfra.com\/blog\/\",\"name\":\"Ag\u00eancia iNFRA\",\"description\":\"Multiplataforma de informa\u00e7\u00e3o jornal\u00edstica refer\u00eancia na \u00e1rea de infraestrutura no Brasil!\",\"publisher\":{\"@id\":\"https:\/\/agenciainfra.com\/blog\/#organization\"},\"potentialAction\":[{\"@type\":\"SearchAction\",\"target\":{\"@type\":\"EntryPoint\",\"urlTemplate\":\"https:\/\/agenciainfra.com\/blog\/?s={search_term_string}\"},\"query-input\":{\"@type\":\"PropertyValueSpecification\",\"valueRequired\":true,\"valueName\":\"search_term_string\"}}],\"inLanguage\":\"pt-BR\"},{\"@type\":\"Organization\",\"@id\":\"https:\/\/agenciainfra.com\/blog\/#organization\",\"name\":\"Ag\u00eancia iNFRA\",\"url\":\"https:\/\/agenciainfra.com\/blog\/\",\"logo\":{\"@type\":\"ImageObject\",\"inLanguage\":\"pt-BR\",\"@id\":\"https:\/\/agenciainfra.com\/blog\/#\/schema\/logo\/image\/\",\"url\":\"https:\/\/agenciainfra.com\/blog\/wp-content\/uploads\/2023\/09\/iNFRA_5-e1761735885940.png\",\"contentUrl\":\"https:\/\/agenciainfra.com\/blog\/wp-content\/uploads\/2023\/09\/iNFRA_5-e1761735885940.png\",\"width\":1672,\"height\":454,\"caption\":\"Ag\u00eancia iNFRA\"},\"image\":{\"@id\":\"https:\/\/agenciainfra.com\/blog\/#\/schema\/logo\/image\/\"},\"sameAs\":[\"https:\/\/www.facebook.com\/ageninfra\",\"https:\/\/x.com\/agencia_infra\",\"https:\/\/www.linkedin.com\/company\/ag\u00eanciainfra\/\",\"https:\/\/www.instagram.com\/agenciainfra\/\"]},{\"@type\":\"Person\",\"@id\":\"https:\/\/agenciainfra.com\/blog\/#\/schema\/person\/34af08dff6adea4cb22b06612ba7acfa\",\"name\":\"Ag\u00eancia iNFRA\",\"image\":{\"@type\":\"ImageObject\",\"inLanguage\":\"pt-BR\",\"@id\":\"https:\/\/agenciainfra.com\/blog\/#\/schema\/person\/image\/\",\"url\":\"https:\/\/secure.gravatar.com\/avatar\/d189e01678f06d8eb84d4e01f08eb848b3fffe3f8443818d3c356c66892f5be8?s=96&d=mm&r=g\",\"contentUrl\":\"https:\/\/secure.gravatar.com\/avatar\/d189e01678f06d8eb84d4e01f08eb848b3fffe3f8443818d3c356c66892f5be8?s=96&d=mm&r=g\",\"caption\":\"Ag\u00eancia iNFRA\"},\"url\":\"https:\/\/agenciainfra.com\/blog\/author\/admin\/\"}]}<\/script>\n<!-- \/ Yoast SEO Premium plugin. -->","yoast_head_json":{"title":"Aeroportos movimentam 73 milh\u00f5es de passageiros em sete meses - Ag\u00eancia iNFRA","robots":{"index":"index","follow":"follow","max-snippet":"max-snippet:-1","max-image-preview":"max-image-preview:large","max-video-preview":"max-video-preview:-1"},"canonical":"https:\/\/agenciainfra.com\/blog\/aeroportos-movimentam-73-milhoes-de-passageiros-em-sete-meses\/","og_locale":"pt_BR","og_type":"article","og_title":"Aeroportos movimentam 73 milh\u00f5es de passageiros em sete meses","og_description":"da Ag\u00eancia iNFRA Entre janeiro e julho deste ano, 73,4 milh\u00f5es de passageiros circularam pelos aeroportos brasileiros, alta de 9,6% em rela\u00e7\u00e3o ao mesmo per\u00edodo de 2024. Os dados da ANAC (Ag\u00eancia Nacional de Avia\u00e7\u00e3o Civil) divulgados pelo MPor (Minist\u00e9rio de Portos e Aeroportos) apontam crescimento tanto no mercado dom\u00e9stico quanto no internacional. Nos voos [&hellip;]","og_url":"https:\/\/agenciainfra.com\/blog\/aeroportos-movimentam-73-milhoes-de-passageiros-em-sete-meses\/","og_site_name":"Ag\u00eancia iNFRA","article_publisher":"https:\/\/www.facebook.com\/ageninfra","article_published_time":"2025-08-20T17:45:36+00:00","article_modified_time":"2025-08-20T17:52:29+00:00","og_image":[{"width":1280,"height":716,"url":"https:\/\/agenciainfra.com\/blog\/wp-content\/uploads\/2021\/10\/aeroporto-galeao-foto-fernando-frazao-agencia-brasil.jpg","type":"image\/jpeg"}],"author":"Ag\u00eancia iNFRA","twitter_card":"summary_large_image","twitter_creator":"@agencia_infra","twitter_site":"@agencia_infra","twitter_misc":{"Escrito por":"Ag\u00eancia iNFRA","Est. tempo de leitura":"1 minuto"},"schema":{"@context":"https:\/\/schema.org","@graph":[{"@type":"Article","@id":"https:\/\/agenciainfra.com\/blog\/aeroportos-movimentam-73-milhoes-de-passageiros-em-sete-meses\/#article","isPartOf":{"@id":"https:\/\/agenciainfra.com\/blog\/aeroportos-movimentam-73-milhoes-de-passageiros-em-sete-meses\/"},"author":{"name":"Ag\u00eancia iNFRA","@id":"https:\/\/agenciainfra.com\/blog\/#\/schema\/person\/34af08dff6adea4cb22b06612ba7acfa"},"headline":"Aeroportos movimentam 73 milh\u00f5es de passageiros em sete meses","datePublished":"2025-08-20T17:45:36+00:00","dateModified":"2025-08-20T17:52:29+00:00","mainEntityOfPage":{"@id":"https:\/\/agenciainfra.com\/blog\/aeroportos-movimentam-73-milhoes-de-passageiros-em-sete-meses\/"},"wordCount":272,"publisher":{"@id":"https:\/\/agenciainfra.com\/blog\/#organization"},"image":{"@id":"https:\/\/agenciainfra.com\/blog\/aeroportos-movimentam-73-milhoes-de-passageiros-em-sete-meses\/#primaryimage"},"thumbnailUrl":"https:\/\/agenciainfra.com\/blog\/wp-content\/uploads\/2021\/10\/aeroporto-galeao-foto-fernando-frazao-agencia-brasil.jpg","keywords":["Aeroportos brasileiros","ANAC","Minist\u00e9rio de Portos e Aeroportos","movimenta\u00e7\u00e3o a\u00e9rea","movimenta\u00e7\u00e3o de passageiros","voos"],"articleSection":["Geral","Giro iNFRA"],"inLanguage":"pt-BR","copyrightYear":"2025","copyrightHolder":{"@id":"https:\/\/agenciainfra.com\/blog\/#organization"}},{"@type":"WebPage","@id":"https:\/\/agenciainfra.com\/blog\/aeroportos-movimentam-73-milhoes-de-passageiros-em-sete-meses\/","url":"https:\/\/agenciainfra.com\/blog\/aeroportos-movimentam-73-milhoes-de-passageiros-em-sete-meses\/","name":"Aeroportos movimentam 73 milh\u00f5es de passageiros em sete meses - Ag\u00eancia iNFRA","isPartOf":{"@id":"https:\/\/agenciainfra.com\/blog\/#website"},"primaryImageOfPage":{"@id":"https:\/\/agenciainfra.com\/blog\/aeroportos-movimentam-73-milhoes-de-passageiros-em-sete-meses\/#primaryimage"},"image":{"@id":"https:\/\/agenciainfra.com\/blog\/aeroportos-movimentam-73-milhoes-de-passageiros-em-sete-meses\/#primaryimage"},"thumbnailUrl":"https:\/\/agenciainfra.com\/blog\/wp-content\/uploads\/2021\/10\/aeroporto-galeao-foto-fernando-frazao-agencia-brasil.jpg","datePublished":"2025-08-20T17:45:36+00:00","dateModified":"2025-08-20T17:52:29+00:00","breadcrumb":{"@id":"https:\/\/agenciainfra.com\/blog\/aeroportos-movimentam-73-milhoes-de-passageiros-em-sete-meses\/#breadcrumb"},"inLanguage":"pt-BR","potentialAction":[{"@type":"ReadAction","target":["https:\/\/agenciainfra.com\/blog\/aeroportos-movimentam-73-milhoes-de-passageiros-em-sete-meses\/"]}]},{"@type":"ImageObject","inLanguage":"pt-BR","@id":"https:\/\/agenciainfra.com\/blog\/aeroportos-movimentam-73-milhoes-de-passageiros-em-sete-meses\/#primaryimage","url":"https:\/\/agenciainfra.com\/blog\/wp-content\/uploads\/2021\/10\/aeroporto-galeao-foto-fernando-frazao-agencia-brasil.jpg","contentUrl":"https:\/\/agenciainfra.com\/blog\/wp-content\/uploads\/2021\/10\/aeroporto-galeao-foto-fernando-frazao-agencia-brasil.jpg","width":1280,"height":716,"caption":"Foto: Fernando Fraz\u00e3o\/Ag\u00eancia Brasil"},{"@type":"BreadcrumbList","@id":"https:\/\/agenciainfra.com\/blog\/aeroportos-movimentam-73-milhoes-de-passageiros-em-sete-meses\/#breadcrumb","itemListElement":[{"@type":"ListItem","position":1,"name":"In\u00edcio","item":"https:\/\/agenciainfra.com\/blog\/"},{"@type":"ListItem","position":2,"name":"Aeroportos movimentam 73 milh\u00f5es de passageiros em sete meses"}]},{"@type":"WebSite","@id":"https:\/\/agenciainfra.com\/blog\/#website","url":"https:\/\/agenciainfra.com\/blog\/","name":"Ag\u00eancia iNFRA","description":"Multiplataforma de informa\u00e7\u00e3o jornal\u00edstica refer\u00eancia na \u00e1rea de infraestrutura no Brasil!","publisher":{"@id":"https:\/\/agenciainfra.com\/blog\/#organization"},"potentialAction":[{"@type":"SearchAction","target":{"@type":"EntryPoint","urlTemplate":"https:\/\/agenciainfra.com\/blog\/?s={search_term_string}"},"query-input":{"@type":"PropertyValueSpecification","valueRequired":true,"valueName":"search_term_string"}}],"inLanguage":"pt-BR"},{"@type":"Organization","@id":"https:\/\/agenciainfra.com\/blog\/#organization","name":"Ag\u00eancia iNFRA","url":"https:\/\/agenciainfra.com\/blog\/","logo":{"@type":"ImageObject","inLanguage":"pt-BR","@id":"https:\/\/agenciainfra.com\/blog\/#\/schema\/logo\/image\/","url":"https:\/\/agenciainfra.com\/blog\/wp-content\/uploads\/2023\/09\/iNFRA_5-e1761735885940.png","contentUrl":"https:\/\/agenciainfra.com\/blog\/wp-content\/uploads\/2023\/09\/iNFRA_5-e1761735885940.png","width":1672,"height":454,"caption":"Ag\u00eancia iNFRA"},"image":{"@id":"https:\/\/agenciainfra.com\/blog\/#\/schema\/logo\/image\/"},"sameAs":["https:\/\/www.facebook.com\/ageninfra","https:\/\/x.com\/agencia_infra","https:\/\/www.linkedin.com\/company\/ag\u00eanciainfra\/","https:\/\/www.instagram.com\/agenciainfra\/"]},{"@type":"Person","@id":"https:\/\/agenciainfra.com\/blog\/#\/schema\/person\/34af08dff6adea4cb22b06612ba7acfa","name":"Ag\u00eancia iNFRA","image":{"@type":"ImageObject","inLanguage":"pt-BR","@id":"https:\/\/agenciainfra.com\/blog\/#\/schema\/person\/image\/","url":"https:\/\/secure.gravatar.com\/avatar\/d189e01678f06d8eb84d4e01f08eb848b3fffe3f8443818d3c356c66892f5be8?s=96&d=mm&r=g","contentUrl":"https:\/\/secure.gravatar.com\/avatar\/d189e01678f06d8eb84d4e01f08eb848b3fffe3f8443818d3c356c66892f5be8?s=96&d=mm&r=g","caption":"Ag\u00eancia iNFRA"},"url":"https:\/\/agenciainfra.com\/blog\/author\/admin\/"}]}},"_links":{"self":[{"href":"https:\/\/agenciainfra.com\/blog\/wp-json\/wp\/v2\/posts\/26499","targetHints":{"allow":["GET"]}}],"collection":[{"href":"https:\/\/agenciainfra.com\/blog\/wp-json\/wp\/v2\/posts"}],"about":[{"href":"https:\/\/agenciainfra.com\/blog\/wp-json\/wp\/v2\/types\/post"}],"author":[{"embeddable":true,"href":"https:\/\/agenciainfra.com\/blog\/wp-json\/wp\/v2\/users\/1"}],"replies":[{"embeddable":true,"href":"https:\/\/agenciainfra.com\/blog\/wp-json\/wp\/v2\/comments?post=26499"}],"version-history":[{"count":2,"href":"https:\/\/agenciainfra.com\/blog\/wp-json\/wp\/v2\/posts\/26499\/revisions"}],"predecessor-version":[{"id":26502,"href":"https:\/\/agenciainfra.com\/blog\/wp-json\/wp\/v2\/posts\/26499\/revisions\/26502"}],"wp:featuredmedia":[{"embeddable":true,"href":"https:\/\/agenciainfra.com\/blog\/wp-json\/wp\/v2\/media\/8666"}],"wp:attachment":[{"href":"https:\/\/agenciainfra.com\/blog\/wp-json\/wp\/v2\/media?parent=26499"}],"wp:term":[{"taxonomy":"category","embeddable":true,"href":"https:\/\/agenciainfra.com\/blog\/wp-json\/wp\/v2\/categories?post=26499"},{"taxonomy":"post_tag","embeddable":true,"href":"https:\/\/agenciainfra.com\/blog\/wp-json\/wp\/v2\/tags?post=26499"}],"curies":[{"name":"wp","href":"https:\/\/api.w.org\/{rel}","templated":true}]}}