{"id":26504,"date":"2025-08-20T15:47:47","date_gmt":"2025-08-20T18:47:47","guid":{"rendered":"https:\/\/agenciainfra.com\/blog\/?p=26504"},"modified":"2025-08-20T15:47:49","modified_gmt":"2025-08-20T18:47:49","slug":"oferta-permanente-de-partilha-tera-sete-blocos-na-terceira-rodada","status":"publish","type":"post","link":"https:\/\/agenciainfra.com\/blog\/oferta-permanente-de-partilha-tera-sete-blocos-na-terceira-rodada\/","title":{"rendered":"Oferta Permanente de Partilha ter\u00e1 sete blocos na terceira rodada"},"content":{"rendered":"\n<p class=\"has-text-align-right\"><strong>da Ag\u00eancia iNFRA<\/strong><\/p>\n\n\n\n<p>A ANP (Ag\u00eancia Nacional do Petr\u00f3leo, G\u00e1s Natural e Biocombust\u00edveis) divulgou que sete blocos estar\u00e3o dispon\u00edveis no terceiro ciclo da OPP (Oferta Permanente de Partilha da Produ\u00e7\u00e3o). De acordo com <a href=\"https:\/\/www.in.gov.br\/web\/dou\/-\/comunicado-649827505\">comunicado<\/a> publicado nesta quarta-feira (20) no Di\u00e1rio Oficial da Uni\u00e3o, os blocos em oferta s\u00e3o Jaspe, Citrino, Larimar, \u00d4nix, Itaimbezinho, Ametista e Esmeralda.&nbsp;<\/p>\n\n\n\n<p>Eles receberam declara\u00e7\u00e3o de interesse acompanhada de garantia de oferta das empresas inscritas na OPP, conforme j\u00e1 divulgado em julho. A sess\u00e3o p\u00fablica para apresenta\u00e7\u00e3o das ofertas ser\u00e1 realizada em 22 de outubro.<\/p>\n\n\n\n<p>As companhias com inscri\u00e7\u00e3o ativa no programa t\u00eam at\u00e9 11 de setembro para ampliar seu interesse, apresentando novas declara\u00e7\u00f5es e garantias adicionais. Empresas que n\u00e3o tenham manifestado interesse diretamente tamb\u00e9m poder\u00e3o participar em cons\u00f3rcio com licitantes habilitadas dentro do prazo previsto no cronograma.<\/p>\n","protected":false},"excerpt":{"rendered":"<p>da Ag\u00eancia iNFRA A ANP (Ag\u00eancia Nacional do Petr\u00f3leo, G\u00e1s Natural e Biocombust\u00edveis) divulgou que sete blocos estar\u00e3o dispon\u00edveis no terceiro ciclo da OPP (Oferta Permanente de Partilha da Produ\u00e7\u00e3o). De acordo com comunicado publicado nesta quarta-feira (20) no Di\u00e1rio Oficial da Uni\u00e3o, os blocos em oferta s\u00e3o Jaspe, Citrino, Larimar, \u00d4nix, Itaimbezinho, Ametista e [&hellip;]<\/p>\n","protected":false},"author":1,"featured_media":23148,"comment_status":"closed","ping_status":"closed","sticky":false,"template":"","format":"standard","meta":{"_monsterinsights_skip_tracking":false,"_monsterinsights_sitenote_active":false,"_monsterinsights_sitenote_note":"","_monsterinsights_sitenote_category":0,"footnotes":""},"categories":[1,13576],"tags":[1101,13566,14902,14154],"class_list":["post-26504","post","type-post","status-publish","format-standard","has-post-thumbnail","hentry","category-geral","category-giro-infra","tag-anp","tag-oferta-permanente-de-partilha","tag-opp","tag-producao-de-petroleo"],"yoast_head":"<!-- This site is optimized with the Yoast SEO Premium plugin v25.4 (Yoast SEO v26.0) - https:\/\/yoast.com\/wordpress\/plugins\/seo\/ -->\n<title>Oferta Permanente de Partilha ter\u00e1 sete blocos na terceira rodada - Ag\u00eancia iNFRA<\/title>\n<meta name=\"robots\" content=\"index, follow, max-snippet:-1, max-image-preview:large, max-video-preview:-1\" \/>\n<link rel=\"canonical\" href=\"https:\/\/agenciainfra.com\/blog\/oferta-permanente-de-partilha-tera-sete-blocos-na-terceira-rodada\/\" \/>\n<meta property=\"og:locale\" content=\"pt_BR\" \/>\n<meta property=\"og:type\" content=\"article\" \/>\n<meta property=\"og:title\" content=\"Oferta Permanente de Partilha ter\u00e1 sete blocos na terceira rodada\" \/>\n<meta property=\"og:description\" content=\"da Ag\u00eancia iNFRA A ANP (Ag\u00eancia Nacional do Petr\u00f3leo, G\u00e1s Natural e Biocombust\u00edveis) divulgou que sete blocos estar\u00e3o dispon\u00edveis no terceiro ciclo da OPP (Oferta Permanente de Partilha da Produ\u00e7\u00e3o). De acordo com comunicado publicado nesta quarta-feira (20) no Di\u00e1rio Oficial da Uni\u00e3o, os blocos em oferta s\u00e3o Jaspe, Citrino, Larimar, \u00d4nix, Itaimbezinho, Ametista e [&hellip;]\" \/>\n<meta property=\"og:url\" content=\"https:\/\/agenciainfra.com\/blog\/oferta-permanente-de-partilha-tera-sete-blocos-na-terceira-rodada\/\" \/>\n<meta property=\"og:site_name\" content=\"Ag\u00eancia iNFRA\" \/>\n<meta property=\"article:publisher\" content=\"https:\/\/www.facebook.com\/ageninfra\" \/>\n<meta property=\"article:published_time\" content=\"2025-08-20T18:47:47+00:00\" \/>\n<meta property=\"article:modified_time\" content=\"2025-08-20T18:47:49+00:00\" \/>\n<meta property=\"og:image\" content=\"https:\/\/agenciainfra.com\/blog\/wp-content\/uploads\/2025\/06\/Foto-divulgacao-MME.png\" \/>\n\t<meta property=\"og:image:width\" content=\"768\" \/>\n\t<meta property=\"og:image:height\" content=\"395\" \/>\n\t<meta property=\"og:image:type\" content=\"image\/png\" \/>\n<meta name=\"author\" content=\"Ag\u00eancia iNFRA\" \/>\n<meta name=\"twitter:card\" content=\"summary_large_image\" \/>\n<meta name=\"twitter:creator\" content=\"@agencia_infra\" \/>\n<meta name=\"twitter:site\" content=\"@agencia_infra\" \/>\n<meta name=\"twitter:label1\" content=\"Escrito por\" \/>\n\t<meta name=\"twitter:data1\" content=\"Ag\u00eancia iNFRA\" \/>\n\t<meta name=\"twitter:label2\" content=\"Est. tempo de leitura\" \/>\n\t<meta name=\"twitter:data2\" content=\"1 minuto\" \/>\n<script type=\"application\/ld+json\" class=\"yoast-schema-graph\">{\"@context\":\"https:\/\/schema.org\",\"@graph\":[{\"@type\":\"Article\",\"@id\":\"https:\/\/agenciainfra.com\/blog\/oferta-permanente-de-partilha-tera-sete-blocos-na-terceira-rodada\/#article\",\"isPartOf\":{\"@id\":\"https:\/\/agenciainfra.com\/blog\/oferta-permanente-de-partilha-tera-sete-blocos-na-terceira-rodada\/\"},\"author\":{\"name\":\"Ag\u00eancia iNFRA\",\"@id\":\"https:\/\/agenciainfra.com\/blog\/#\/schema\/person\/34af08dff6adea4cb22b06612ba7acfa\"},\"headline\":\"Oferta Permanente de Partilha ter\u00e1 sete blocos na terceira rodada\",\"datePublished\":\"2025-08-20T18:47:47+00:00\",\"dateModified\":\"2025-08-20T18:47:49+00:00\",\"mainEntityOfPage\":{\"@id\":\"https:\/\/agenciainfra.com\/blog\/oferta-permanente-de-partilha-tera-sete-blocos-na-terceira-rodada\/\"},\"wordCount\":162,\"publisher\":{\"@id\":\"https:\/\/agenciainfra.com\/blog\/#organization\"},\"image\":{\"@id\":\"https:\/\/agenciainfra.com\/blog\/oferta-permanente-de-partilha-tera-sete-blocos-na-terceira-rodada\/#primaryimage\"},\"thumbnailUrl\":\"https:\/\/agenciainfra.com\/blog\/wp-content\/uploads\/2025\/06\/Foto-divulgacao-MME.png\",\"keywords\":[\"ANP\",\"oferta permanente de partilha\",\"OPP\",\"produ\u00e7\u00e3o de petr\u00f3leo\"],\"articleSection\":[\"Geral\",\"Giro iNFRA\"],\"inLanguage\":\"pt-BR\",\"copyrightYear\":\"2025\",\"copyrightHolder\":{\"@id\":\"https:\/\/agenciainfra.com\/blog\/#organization\"}},{\"@type\":\"WebPage\",\"@id\":\"https:\/\/agenciainfra.com\/blog\/oferta-permanente-de-partilha-tera-sete-blocos-na-terceira-rodada\/\",\"url\":\"https:\/\/agenciainfra.com\/blog\/oferta-permanente-de-partilha-tera-sete-blocos-na-terceira-rodada\/\",\"name\":\"Oferta Permanente de Partilha ter\u00e1 sete blocos na terceira rodada - Ag\u00eancia iNFRA\",\"isPartOf\":{\"@id\":\"https:\/\/agenciainfra.com\/blog\/#website\"},\"primaryImageOfPage\":{\"@id\":\"https:\/\/agenciainfra.com\/blog\/oferta-permanente-de-partilha-tera-sete-blocos-na-terceira-rodada\/#primaryimage\"},\"image\":{\"@id\":\"https:\/\/agenciainfra.com\/blog\/oferta-permanente-de-partilha-tera-sete-blocos-na-terceira-rodada\/#primaryimage\"},\"thumbnailUrl\":\"https:\/\/agenciainfra.com\/blog\/wp-content\/uploads\/2025\/06\/Foto-divulgacao-MME.png\",\"datePublished\":\"2025-08-20T18:47:47+00:00\",\"dateModified\":\"2025-08-20T18:47:49+00:00\",\"breadcrumb\":{\"@id\":\"https:\/\/agenciainfra.com\/blog\/oferta-permanente-de-partilha-tera-sete-blocos-na-terceira-rodada\/#breadcrumb\"},\"inLanguage\":\"pt-BR\",\"potentialAction\":[{\"@type\":\"ReadAction\",\"target\":[\"https:\/\/agenciainfra.com\/blog\/oferta-permanente-de-partilha-tera-sete-blocos-na-terceira-rodada\/\"]}]},{\"@type\":\"ImageObject\",\"inLanguage\":\"pt-BR\",\"@id\":\"https:\/\/agenciainfra.com\/blog\/oferta-permanente-de-partilha-tera-sete-blocos-na-terceira-rodada\/#primaryimage\",\"url\":\"https:\/\/agenciainfra.com\/blog\/wp-content\/uploads\/2025\/06\/Foto-divulgacao-MME.png\",\"contentUrl\":\"https:\/\/agenciainfra.com\/blog\/wp-content\/uploads\/2025\/06\/Foto-divulgacao-MME.png\",\"width\":768,\"height\":395,\"caption\":\"Foto: MME\/Divulga\u00e7\u00e3o\"},{\"@type\":\"BreadcrumbList\",\"@id\":\"https:\/\/agenciainfra.com\/blog\/oferta-permanente-de-partilha-tera-sete-blocos-na-terceira-rodada\/#breadcrumb\",\"itemListElement\":[{\"@type\":\"ListItem\",\"position\":1,\"name\":\"In\u00edcio\",\"item\":\"https:\/\/agenciainfra.com\/blog\/\"},{\"@type\":\"ListItem\",\"position\":2,\"name\":\"Oferta Permanente de Partilha ter\u00e1 sete blocos na terceira rodada\"}]},{\"@type\":\"WebSite\",\"@id\":\"https:\/\/agenciainfra.com\/blog\/#website\",\"url\":\"https:\/\/agenciainfra.com\/blog\/\",\"name\":\"Ag\u00eancia iNFRA\",\"description\":\"Multiplataforma de informa\u00e7\u00e3o jornal\u00edstica refer\u00eancia na \u00e1rea de infraestrutura no Brasil!\",\"publisher\":{\"@id\":\"https:\/\/agenciainfra.com\/blog\/#organization\"},\"potentialAction\":[{\"@type\":\"SearchAction\",\"target\":{\"@type\":\"EntryPoint\",\"urlTemplate\":\"https:\/\/agenciainfra.com\/blog\/?s={search_term_string}\"},\"query-input\":{\"@type\":\"PropertyValueSpecification\",\"valueRequired\":true,\"valueName\":\"search_term_string\"}}],\"inLanguage\":\"pt-BR\"},{\"@type\":\"Organization\",\"@id\":\"https:\/\/agenciainfra.com\/blog\/#organization\",\"name\":\"Ag\u00eancia iNFRA\",\"url\":\"https:\/\/agenciainfra.com\/blog\/\",\"logo\":{\"@type\":\"ImageObject\",\"inLanguage\":\"pt-BR\",\"@id\":\"https:\/\/agenciainfra.com\/blog\/#\/schema\/logo\/image\/\",\"url\":\"https:\/\/agenciainfra.com\/blog\/wp-content\/uploads\/2023\/09\/iNFRA_5-e1761735885940.png\",\"contentUrl\":\"https:\/\/agenciainfra.com\/blog\/wp-content\/uploads\/2023\/09\/iNFRA_5-e1761735885940.png\",\"width\":1672,\"height\":454,\"caption\":\"Ag\u00eancia iNFRA\"},\"image\":{\"@id\":\"https:\/\/agenciainfra.com\/blog\/#\/schema\/logo\/image\/\"},\"sameAs\":[\"https:\/\/www.facebook.com\/ageninfra\",\"https:\/\/x.com\/agencia_infra\",\"https:\/\/www.linkedin.com\/company\/ag\u00eanciainfra\/\",\"https:\/\/www.instagram.com\/agenciainfra\/\"]},{\"@type\":\"Person\",\"@id\":\"https:\/\/agenciainfra.com\/blog\/#\/schema\/person\/34af08dff6adea4cb22b06612ba7acfa\",\"name\":\"Ag\u00eancia iNFRA\",\"image\":{\"@type\":\"ImageObject\",\"inLanguage\":\"pt-BR\",\"@id\":\"https:\/\/agenciainfra.com\/blog\/#\/schema\/person\/image\/\",\"url\":\"https:\/\/secure.gravatar.com\/avatar\/d189e01678f06d8eb84d4e01f08eb848b3fffe3f8443818d3c356c66892f5be8?s=96&d=mm&r=g\",\"contentUrl\":\"https:\/\/secure.gravatar.com\/avatar\/d189e01678f06d8eb84d4e01f08eb848b3fffe3f8443818d3c356c66892f5be8?s=96&d=mm&r=g\",\"caption\":\"Ag\u00eancia iNFRA\"},\"url\":\"https:\/\/agenciainfra.com\/blog\/author\/admin\/\"}]}<\/script>\n<!-- \/ Yoast SEO Premium plugin. -->","yoast_head_json":{"title":"Oferta Permanente de Partilha ter\u00e1 sete blocos na terceira rodada - Ag\u00eancia iNFRA","robots":{"index":"index","follow":"follow","max-snippet":"max-snippet:-1","max-image-preview":"max-image-preview:large","max-video-preview":"max-video-preview:-1"},"canonical":"https:\/\/agenciainfra.com\/blog\/oferta-permanente-de-partilha-tera-sete-blocos-na-terceira-rodada\/","og_locale":"pt_BR","og_type":"article","og_title":"Oferta Permanente de Partilha ter\u00e1 sete blocos na terceira rodada","og_description":"da Ag\u00eancia iNFRA A ANP (Ag\u00eancia Nacional do Petr\u00f3leo, G\u00e1s Natural e Biocombust\u00edveis) divulgou que sete blocos estar\u00e3o dispon\u00edveis no terceiro ciclo da OPP (Oferta Permanente de Partilha da Produ\u00e7\u00e3o). De acordo com comunicado publicado nesta quarta-feira (20) no Di\u00e1rio Oficial da Uni\u00e3o, os blocos em oferta s\u00e3o Jaspe, Citrino, Larimar, \u00d4nix, Itaimbezinho, Ametista e [&hellip;]","og_url":"https:\/\/agenciainfra.com\/blog\/oferta-permanente-de-partilha-tera-sete-blocos-na-terceira-rodada\/","og_site_name":"Ag\u00eancia iNFRA","article_publisher":"https:\/\/www.facebook.com\/ageninfra","article_published_time":"2025-08-20T18:47:47+00:00","article_modified_time":"2025-08-20T18:47:49+00:00","og_image":[{"width":768,"height":395,"url":"https:\/\/agenciainfra.com\/blog\/wp-content\/uploads\/2025\/06\/Foto-divulgacao-MME.png","type":"image\/png"}],"author":"Ag\u00eancia iNFRA","twitter_card":"summary_large_image","twitter_creator":"@agencia_infra","twitter_site":"@agencia_infra","twitter_misc":{"Escrito por":"Ag\u00eancia iNFRA","Est. tempo de leitura":"1 minuto"},"schema":{"@context":"https:\/\/schema.org","@graph":[{"@type":"Article","@id":"https:\/\/agenciainfra.com\/blog\/oferta-permanente-de-partilha-tera-sete-blocos-na-terceira-rodada\/#article","isPartOf":{"@id":"https:\/\/agenciainfra.com\/blog\/oferta-permanente-de-partilha-tera-sete-blocos-na-terceira-rodada\/"},"author":{"name":"Ag\u00eancia iNFRA","@id":"https:\/\/agenciainfra.com\/blog\/#\/schema\/person\/34af08dff6adea4cb22b06612ba7acfa"},"headline":"Oferta Permanente de Partilha ter\u00e1 sete blocos na terceira rodada","datePublished":"2025-08-20T18:47:47+00:00","dateModified":"2025-08-20T18:47:49+00:00","mainEntityOfPage":{"@id":"https:\/\/agenciainfra.com\/blog\/oferta-permanente-de-partilha-tera-sete-blocos-na-terceira-rodada\/"},"wordCount":162,"publisher":{"@id":"https:\/\/agenciainfra.com\/blog\/#organization"},"image":{"@id":"https:\/\/agenciainfra.com\/blog\/oferta-permanente-de-partilha-tera-sete-blocos-na-terceira-rodada\/#primaryimage"},"thumbnailUrl":"https:\/\/agenciainfra.com\/blog\/wp-content\/uploads\/2025\/06\/Foto-divulgacao-MME.png","keywords":["ANP","oferta permanente de partilha","OPP","produ\u00e7\u00e3o de petr\u00f3leo"],"articleSection":["Geral","Giro iNFRA"],"inLanguage":"pt-BR","copyrightYear":"2025","copyrightHolder":{"@id":"https:\/\/agenciainfra.com\/blog\/#organization"}},{"@type":"WebPage","@id":"https:\/\/agenciainfra.com\/blog\/oferta-permanente-de-partilha-tera-sete-blocos-na-terceira-rodada\/","url":"https:\/\/agenciainfra.com\/blog\/oferta-permanente-de-partilha-tera-sete-blocos-na-terceira-rodada\/","name":"Oferta Permanente de Partilha ter\u00e1 sete blocos na terceira rodada - Ag\u00eancia iNFRA","isPartOf":{"@id":"https:\/\/agenciainfra.com\/blog\/#website"},"primaryImageOfPage":{"@id":"https:\/\/agenciainfra.com\/blog\/oferta-permanente-de-partilha-tera-sete-blocos-na-terceira-rodada\/#primaryimage"},"image":{"@id":"https:\/\/agenciainfra.com\/blog\/oferta-permanente-de-partilha-tera-sete-blocos-na-terceira-rodada\/#primaryimage"},"thumbnailUrl":"https:\/\/agenciainfra.com\/blog\/wp-content\/uploads\/2025\/06\/Foto-divulgacao-MME.png","datePublished":"2025-08-20T18:47:47+00:00","dateModified":"2025-08-20T18:47:49+00:00","breadcrumb":{"@id":"https:\/\/agenciainfra.com\/blog\/oferta-permanente-de-partilha-tera-sete-blocos-na-terceira-rodada\/#breadcrumb"},"inLanguage":"pt-BR","potentialAction":[{"@type":"ReadAction","target":["https:\/\/agenciainfra.com\/blog\/oferta-permanente-de-partilha-tera-sete-blocos-na-terceira-rodada\/"]}]},{"@type":"ImageObject","inLanguage":"pt-BR","@id":"https:\/\/agenciainfra.com\/blog\/oferta-permanente-de-partilha-tera-sete-blocos-na-terceira-rodada\/#primaryimage","url":"https:\/\/agenciainfra.com\/blog\/wp-content\/uploads\/2025\/06\/Foto-divulgacao-MME.png","contentUrl":"https:\/\/agenciainfra.com\/blog\/wp-content\/uploads\/2025\/06\/Foto-divulgacao-MME.png","width":768,"height":395,"caption":"Foto: MME\/Divulga\u00e7\u00e3o"},{"@type":"BreadcrumbList","@id":"https:\/\/agenciainfra.com\/blog\/oferta-permanente-de-partilha-tera-sete-blocos-na-terceira-rodada\/#breadcrumb","itemListElement":[{"@type":"ListItem","position":1,"name":"In\u00edcio","item":"https:\/\/agenciainfra.com\/blog\/"},{"@type":"ListItem","position":2,"name":"Oferta Permanente de Partilha ter\u00e1 sete blocos na terceira rodada"}]},{"@type":"WebSite","@id":"https:\/\/agenciainfra.com\/blog\/#website","url":"https:\/\/agenciainfra.com\/blog\/","name":"Ag\u00eancia iNFRA","description":"Multiplataforma de informa\u00e7\u00e3o jornal\u00edstica refer\u00eancia na \u00e1rea de infraestrutura no Brasil!","publisher":{"@id":"https:\/\/agenciainfra.com\/blog\/#organization"},"potentialAction":[{"@type":"SearchAction","target":{"@type":"EntryPoint","urlTemplate":"https:\/\/agenciainfra.com\/blog\/?s={search_term_string}"},"query-input":{"@type":"PropertyValueSpecification","valueRequired":true,"valueName":"search_term_string"}}],"inLanguage":"pt-BR"},{"@type":"Organization","@id":"https:\/\/agenciainfra.com\/blog\/#organization","name":"Ag\u00eancia iNFRA","url":"https:\/\/agenciainfra.com\/blog\/","logo":{"@type":"ImageObject","inLanguage":"pt-BR","@id":"https:\/\/agenciainfra.com\/blog\/#\/schema\/logo\/image\/","url":"https:\/\/agenciainfra.com\/blog\/wp-content\/uploads\/2023\/09\/iNFRA_5-e1761735885940.png","contentUrl":"https:\/\/agenciainfra.com\/blog\/wp-content\/uploads\/2023\/09\/iNFRA_5-e1761735885940.png","width":1672,"height":454,"caption":"Ag\u00eancia iNFRA"},"image":{"@id":"https:\/\/agenciainfra.com\/blog\/#\/schema\/logo\/image\/"},"sameAs":["https:\/\/www.facebook.com\/ageninfra","https:\/\/x.com\/agencia_infra","https:\/\/www.linkedin.com\/company\/ag\u00eanciainfra\/","https:\/\/www.instagram.com\/agenciainfra\/"]},{"@type":"Person","@id":"https:\/\/agenciainfra.com\/blog\/#\/schema\/person\/34af08dff6adea4cb22b06612ba7acfa","name":"Ag\u00eancia iNFRA","image":{"@type":"ImageObject","inLanguage":"pt-BR","@id":"https:\/\/agenciainfra.com\/blog\/#\/schema\/person\/image\/","url":"https:\/\/secure.gravatar.com\/avatar\/d189e01678f06d8eb84d4e01f08eb848b3fffe3f8443818d3c356c66892f5be8?s=96&d=mm&r=g","contentUrl":"https:\/\/secure.gravatar.com\/avatar\/d189e01678f06d8eb84d4e01f08eb848b3fffe3f8443818d3c356c66892f5be8?s=96&d=mm&r=g","caption":"Ag\u00eancia iNFRA"},"url":"https:\/\/agenciainfra.com\/blog\/author\/admin\/"}]}},"_links":{"self":[{"href":"https:\/\/agenciainfra.com\/blog\/wp-json\/wp\/v2\/posts\/26504","targetHints":{"allow":["GET"]}}],"collection":[{"href":"https:\/\/agenciainfra.com\/blog\/wp-json\/wp\/v2\/posts"}],"about":[{"href":"https:\/\/agenciainfra.com\/blog\/wp-json\/wp\/v2\/types\/post"}],"author":[{"embeddable":true,"href":"https:\/\/agenciainfra.com\/blog\/wp-json\/wp\/v2\/users\/1"}],"replies":[{"embeddable":true,"href":"https:\/\/agenciainfra.com\/blog\/wp-json\/wp\/v2\/comments?post=26504"}],"version-history":[{"count":1,"href":"https:\/\/agenciainfra.com\/blog\/wp-json\/wp\/v2\/posts\/26504\/revisions"}],"predecessor-version":[{"id":26505,"href":"https:\/\/agenciainfra.com\/blog\/wp-json\/wp\/v2\/posts\/26504\/revisions\/26505"}],"wp:featuredmedia":[{"embeddable":true,"href":"https:\/\/agenciainfra.com\/blog\/wp-json\/wp\/v2\/media\/23148"}],"wp:attachment":[{"href":"https:\/\/agenciainfra.com\/blog\/wp-json\/wp\/v2\/media?parent=26504"}],"wp:term":[{"taxonomy":"category","embeddable":true,"href":"https:\/\/agenciainfra.com\/blog\/wp-json\/wp\/v2\/categories?post=26504"},{"taxonomy":"post_tag","embeddable":true,"href":"https:\/\/agenciainfra.com\/blog\/wp-json\/wp\/v2\/tags?post=26504"}],"curies":[{"name":"wp","href":"https:\/\/api.w.org\/{rel}","templated":true}]}}