{"id":26509,"date":"2025-08-20T16:40:25","date_gmt":"2025-08-20T19:40:25","guid":{"rendered":"https:\/\/agenciainfra.com\/blog\/?p=26509"},"modified":"2025-08-20T16:40:27","modified_gmt":"2025-08-20T19:40:27","slug":"restauracao-da-br-267-ms-avanca-e-previsao-e-liberar-mais-23-kms-neste-ano","status":"publish","type":"post","link":"https:\/\/agenciainfra.com\/blog\/restauracao-da-br-267-ms-avanca-e-previsao-e-liberar-mais-23-kms-neste-ano\/","title":{"rendered":"Restaura\u00e7\u00e3o da BR-267\/MS avan\u00e7a e previs\u00e3o \u00e9 liberar mais 23 kms neste ano"},"content":{"rendered":"\n<p class=\"has-text-align-right\"><strong>da Ag\u00eancia iNFRA<\/strong><\/p>\n\n\n\n<p>As obras de restaura\u00e7\u00e3o e adequa\u00e7\u00e3o de 101,1 quil\u00f4metros da BR-267\/MS est\u00e3o 44% conclu\u00eddas. O trecho entre Porto Murtinho e Alto Caracol (km 577 ao km 678,1) j\u00e1 teve a libera\u00e7\u00e3o ao tr\u00e1fego de 40 quil\u00f4metros de pistas renovadas da primeira etapa do empreendimento.&nbsp;<\/p>\n\n\n\n<p>At\u00e9 o final deste ano o DNIT (Departamento Nacional de Infraestrutura de Transportes) tem previs\u00e3o de liberar mais 23 quil\u00f4metros ao tr\u00e1fego. O empreendimento conta com investimento de aproximadamente R$ 240 milh\u00f5es do Novo PAC.<\/p>\n\n\n\n<p>No segmento de 23 quil\u00f4metros est\u00e3o em andamento diversos servi\u00e7os, incluindo a implanta\u00e7\u00e3o de mais de 10 quil\u00f4metros de terceira faixa, de duas novas interse\u00e7\u00f5es e melhorias em outras.<\/p>\n\n\n\n<p>O trecho em obras est\u00e1 recebendo ainda servi\u00e7os de reciclagem de base e aplica\u00e7\u00e3o de Concreto Betuminoso Usinado a Quente na pista existente. Est\u00e3o em execu\u00e7\u00e3o tamb\u00e9m sinaliza\u00e7\u00e3o horizontal e vertical, implanta\u00e7\u00e3o de defensas, constru\u00e7\u00e3o de novas obras de arte correntes, drenagem profunda e dispositivos de drenagem superficial.<\/p>\n\n\n\n<p>Essas obras levam at\u00e9 o novo corredor log\u00edstico, a partir do km 678,10, que vai conectar o Centro-Oeste brasileiro ao Paraguai e \u00e0 Argentina, at\u00e9 chegar aos portos de Iquique e Antofagasta, no Chile.&nbsp;<\/p>\n\n\n\n<p>O empreendimento \u00e9 importante j\u00e1 que amplia a integra\u00e7\u00e3o entre os pa\u00edses, facilitando o transporte de cargas e passageiros, bem como estreitando as rela\u00e7\u00f5es comerciais entre os pa\u00edses.<\/p>\n\n\n\n<p><\/p>\n","protected":false},"excerpt":{"rendered":"<p>da Ag\u00eancia iNFRA As obras de restaura\u00e7\u00e3o e adequa\u00e7\u00e3o de 101,1 quil\u00f4metros da BR-267\/MS est\u00e3o 44% conclu\u00eddas. O trecho entre Porto Murtinho e Alto Caracol (km 577 ao km 678,1) j\u00e1 teve a libera\u00e7\u00e3o ao tr\u00e1fego de 40 quil\u00f4metros de pistas renovadas da primeira etapa do empreendimento.&nbsp; At\u00e9 o final deste ano o DNIT (Departamento [&hellip;]<\/p>\n","protected":false},"author":1,"featured_media":26510,"comment_status":"closed","ping_status":"closed","sticky":false,"template":"","format":"standard","meta":{"_monsterinsights_skip_tracking":false,"_monsterinsights_sitenote_active":false,"_monsterinsights_sitenote_note":"","_monsterinsights_sitenote_category":0,"footnotes":""},"categories":[1,13576],"tags":[14903,1640,328,5992],"class_list":["post-26509","post","type-post","status-publish","format-standard","has-post-thumbnail","hentry","category-geral","category-giro-infra","tag-br-267-ms","tag-departamento-nacional-de-infraestrutura-de-transportes","tag-dnit","tag-novo-pac"],"yoast_head":"<!-- This site is optimized with the Yoast SEO Premium plugin v25.4 (Yoast SEO v26.0) - https:\/\/yoast.com\/wordpress\/plugins\/seo\/ -->\n<title>Restaura\u00e7\u00e3o da BR-267\/MS avan\u00e7a e previs\u00e3o \u00e9 liberar mais 23 kms neste ano - Ag\u00eancia iNFRA<\/title>\n<meta name=\"robots\" content=\"index, follow, max-snippet:-1, max-image-preview:large, max-video-preview:-1\" \/>\n<link rel=\"canonical\" href=\"https:\/\/agenciainfra.com\/blog\/restauracao-da-br-267-ms-avanca-e-previsao-e-liberar-mais-23-kms-neste-ano\/\" \/>\n<meta property=\"og:locale\" content=\"pt_BR\" \/>\n<meta property=\"og:type\" content=\"article\" \/>\n<meta property=\"og:title\" content=\"Restaura\u00e7\u00e3o da BR-267\/MS avan\u00e7a e previs\u00e3o \u00e9 liberar mais 23 kms neste ano\" \/>\n<meta property=\"og:description\" content=\"da Ag\u00eancia iNFRA As obras de restaura\u00e7\u00e3o e adequa\u00e7\u00e3o de 101,1 quil\u00f4metros da BR-267\/MS est\u00e3o 44% conclu\u00eddas. O trecho entre Porto Murtinho e Alto Caracol (km 577 ao km 678,1) j\u00e1 teve a libera\u00e7\u00e3o ao tr\u00e1fego de 40 quil\u00f4metros de pistas renovadas da primeira etapa do empreendimento.&nbsp; At\u00e9 o final deste ano o DNIT (Departamento [&hellip;]\" \/>\n<meta property=\"og:url\" content=\"https:\/\/agenciainfra.com\/blog\/restauracao-da-br-267-ms-avanca-e-previsao-e-liberar-mais-23-kms-neste-ano\/\" \/>\n<meta property=\"og:site_name\" content=\"Ag\u00eancia iNFRA\" \/>\n<meta property=\"article:publisher\" content=\"https:\/\/www.facebook.com\/ageninfra\" \/>\n<meta property=\"article:published_time\" content=\"2025-08-20T19:40:25+00:00\" \/>\n<meta property=\"article:modified_time\" content=\"2025-08-20T19:40:27+00:00\" \/>\n<meta property=\"og:image\" content=\"https:\/\/agenciainfra.com\/blog\/wp-content\/uploads\/2025\/08\/br-267-ms-dnit-1024x577.png\" \/>\n\t<meta property=\"og:image:width\" content=\"1024\" \/>\n\t<meta property=\"og:image:height\" content=\"577\" \/>\n\t<meta property=\"og:image:type\" content=\"image\/png\" \/>\n<meta name=\"author\" content=\"Ag\u00eancia iNFRA\" \/>\n<meta name=\"twitter:card\" content=\"summary_large_image\" \/>\n<meta name=\"twitter:creator\" content=\"@agencia_infra\" \/>\n<meta name=\"twitter:site\" content=\"@agencia_infra\" \/>\n<meta name=\"twitter:label1\" content=\"Escrito por\" \/>\n\t<meta name=\"twitter:data1\" content=\"Ag\u00eancia iNFRA\" \/>\n\t<meta name=\"twitter:label2\" content=\"Est. tempo de leitura\" \/>\n\t<meta name=\"twitter:data2\" content=\"1 minuto\" \/>\n<script type=\"application\/ld+json\" class=\"yoast-schema-graph\">{\"@context\":\"https:\/\/schema.org\",\"@graph\":[{\"@type\":\"Article\",\"@id\":\"https:\/\/agenciainfra.com\/blog\/restauracao-da-br-267-ms-avanca-e-previsao-e-liberar-mais-23-kms-neste-ano\/#article\",\"isPartOf\":{\"@id\":\"https:\/\/agenciainfra.com\/blog\/restauracao-da-br-267-ms-avanca-e-previsao-e-liberar-mais-23-kms-neste-ano\/\"},\"author\":{\"name\":\"Ag\u00eancia iNFRA\",\"@id\":\"https:\/\/agenciainfra.com\/blog\/#\/schema\/person\/34af08dff6adea4cb22b06612ba7acfa\"},\"headline\":\"Restaura\u00e7\u00e3o da BR-267\/MS avan\u00e7a e previs\u00e3o \u00e9 liberar mais 23 kms neste ano\",\"datePublished\":\"2025-08-20T19:40:25+00:00\",\"dateModified\":\"2025-08-20T19:40:27+00:00\",\"mainEntityOfPage\":{\"@id\":\"https:\/\/agenciainfra.com\/blog\/restauracao-da-br-267-ms-avanca-e-previsao-e-liberar-mais-23-kms-neste-ano\/\"},\"wordCount\":259,\"publisher\":{\"@id\":\"https:\/\/agenciainfra.com\/blog\/#organization\"},\"image\":{\"@id\":\"https:\/\/agenciainfra.com\/blog\/restauracao-da-br-267-ms-avanca-e-previsao-e-liberar-mais-23-kms-neste-ano\/#primaryimage\"},\"thumbnailUrl\":\"https:\/\/agenciainfra.com\/blog\/wp-content\/uploads\/2025\/08\/br-267-ms-dnit.png\",\"keywords\":[\"BR-267\/MS\",\"Departamento Nacional de Infraestrutura de Transportes\",\"DNIT\",\"Novo PAC\"],\"articleSection\":[\"Geral\",\"Giro iNFRA\"],\"inLanguage\":\"pt-BR\",\"copyrightYear\":\"2025\",\"copyrightHolder\":{\"@id\":\"https:\/\/agenciainfra.com\/blog\/#organization\"}},{\"@type\":\"WebPage\",\"@id\":\"https:\/\/agenciainfra.com\/blog\/restauracao-da-br-267-ms-avanca-e-previsao-e-liberar-mais-23-kms-neste-ano\/\",\"url\":\"https:\/\/agenciainfra.com\/blog\/restauracao-da-br-267-ms-avanca-e-previsao-e-liberar-mais-23-kms-neste-ano\/\",\"name\":\"Restaura\u00e7\u00e3o da BR-267\/MS avan\u00e7a e previs\u00e3o \u00e9 liberar mais 23 kms neste ano - Ag\u00eancia iNFRA\",\"isPartOf\":{\"@id\":\"https:\/\/agenciainfra.com\/blog\/#website\"},\"primaryImageOfPage\":{\"@id\":\"https:\/\/agenciainfra.com\/blog\/restauracao-da-br-267-ms-avanca-e-previsao-e-liberar-mais-23-kms-neste-ano\/#primaryimage\"},\"image\":{\"@id\":\"https:\/\/agenciainfra.com\/blog\/restauracao-da-br-267-ms-avanca-e-previsao-e-liberar-mais-23-kms-neste-ano\/#primaryimage\"},\"thumbnailUrl\":\"https:\/\/agenciainfra.com\/blog\/wp-content\/uploads\/2025\/08\/br-267-ms-dnit.png\",\"datePublished\":\"2025-08-20T19:40:25+00:00\",\"dateModified\":\"2025-08-20T19:40:27+00:00\",\"breadcrumb\":{\"@id\":\"https:\/\/agenciainfra.com\/blog\/restauracao-da-br-267-ms-avanca-e-previsao-e-liberar-mais-23-kms-neste-ano\/#breadcrumb\"},\"inLanguage\":\"pt-BR\",\"potentialAction\":[{\"@type\":\"ReadAction\",\"target\":[\"https:\/\/agenciainfra.com\/blog\/restauracao-da-br-267-ms-avanca-e-previsao-e-liberar-mais-23-kms-neste-ano\/\"]}]},{\"@type\":\"ImageObject\",\"inLanguage\":\"pt-BR\",\"@id\":\"https:\/\/agenciainfra.com\/blog\/restauracao-da-br-267-ms-avanca-e-previsao-e-liberar-mais-23-kms-neste-ano\/#primaryimage\",\"url\":\"https:\/\/agenciainfra.com\/blog\/wp-content\/uploads\/2025\/08\/br-267-ms-dnit.png\",\"contentUrl\":\"https:\/\/agenciainfra.com\/blog\/wp-content\/uploads\/2025\/08\/br-267-ms-dnit.png\",\"width\":1920,\"height\":1081,\"caption\":\"Foto: DNIT\"},{\"@type\":\"BreadcrumbList\",\"@id\":\"https:\/\/agenciainfra.com\/blog\/restauracao-da-br-267-ms-avanca-e-previsao-e-liberar-mais-23-kms-neste-ano\/#breadcrumb\",\"itemListElement\":[{\"@type\":\"ListItem\",\"position\":1,\"name\":\"In\u00edcio\",\"item\":\"https:\/\/agenciainfra.com\/blog\/\"},{\"@type\":\"ListItem\",\"position\":2,\"name\":\"Restaura\u00e7\u00e3o da BR-267\/MS avan\u00e7a e previs\u00e3o \u00e9 liberar mais 23 kms neste ano\"}]},{\"@type\":\"WebSite\",\"@id\":\"https:\/\/agenciainfra.com\/blog\/#website\",\"url\":\"https:\/\/agenciainfra.com\/blog\/\",\"name\":\"Ag\u00eancia iNFRA\",\"description\":\"Multiplataforma de informa\u00e7\u00e3o jornal\u00edstica refer\u00eancia na \u00e1rea de infraestrutura no Brasil!\",\"publisher\":{\"@id\":\"https:\/\/agenciainfra.com\/blog\/#organization\"},\"potentialAction\":[{\"@type\":\"SearchAction\",\"target\":{\"@type\":\"EntryPoint\",\"urlTemplate\":\"https:\/\/agenciainfra.com\/blog\/?s={search_term_string}\"},\"query-input\":{\"@type\":\"PropertyValueSpecification\",\"valueRequired\":true,\"valueName\":\"search_term_string\"}}],\"inLanguage\":\"pt-BR\"},{\"@type\":\"Organization\",\"@id\":\"https:\/\/agenciainfra.com\/blog\/#organization\",\"name\":\"Ag\u00eancia iNFRA\",\"url\":\"https:\/\/agenciainfra.com\/blog\/\",\"logo\":{\"@type\":\"ImageObject\",\"inLanguage\":\"pt-BR\",\"@id\":\"https:\/\/agenciainfra.com\/blog\/#\/schema\/logo\/image\/\",\"url\":\"https:\/\/agenciainfra.com\/blog\/wp-content\/uploads\/2023\/09\/iNFRA_5-e1761735885940.png\",\"contentUrl\":\"https:\/\/agenciainfra.com\/blog\/wp-content\/uploads\/2023\/09\/iNFRA_5-e1761735885940.png\",\"width\":1672,\"height\":454,\"caption\":\"Ag\u00eancia iNFRA\"},\"image\":{\"@id\":\"https:\/\/agenciainfra.com\/blog\/#\/schema\/logo\/image\/\"},\"sameAs\":[\"https:\/\/www.facebook.com\/ageninfra\",\"https:\/\/x.com\/agencia_infra\",\"https:\/\/www.linkedin.com\/company\/ag\u00eanciainfra\/\",\"https:\/\/www.instagram.com\/agenciainfra\/\"]},{\"@type\":\"Person\",\"@id\":\"https:\/\/agenciainfra.com\/blog\/#\/schema\/person\/34af08dff6adea4cb22b06612ba7acfa\",\"name\":\"Ag\u00eancia iNFRA\",\"image\":{\"@type\":\"ImageObject\",\"inLanguage\":\"pt-BR\",\"@id\":\"https:\/\/agenciainfra.com\/blog\/#\/schema\/person\/image\/\",\"url\":\"https:\/\/secure.gravatar.com\/avatar\/d189e01678f06d8eb84d4e01f08eb848b3fffe3f8443818d3c356c66892f5be8?s=96&d=mm&r=g\",\"contentUrl\":\"https:\/\/secure.gravatar.com\/avatar\/d189e01678f06d8eb84d4e01f08eb848b3fffe3f8443818d3c356c66892f5be8?s=96&d=mm&r=g\",\"caption\":\"Ag\u00eancia iNFRA\"},\"url\":\"https:\/\/agenciainfra.com\/blog\/author\/admin\/\"}]}<\/script>\n<!-- \/ Yoast SEO Premium plugin. -->","yoast_head_json":{"title":"Restaura\u00e7\u00e3o da BR-267\/MS avan\u00e7a e previs\u00e3o \u00e9 liberar mais 23 kms neste ano - Ag\u00eancia iNFRA","robots":{"index":"index","follow":"follow","max-snippet":"max-snippet:-1","max-image-preview":"max-image-preview:large","max-video-preview":"max-video-preview:-1"},"canonical":"https:\/\/agenciainfra.com\/blog\/restauracao-da-br-267-ms-avanca-e-previsao-e-liberar-mais-23-kms-neste-ano\/","og_locale":"pt_BR","og_type":"article","og_title":"Restaura\u00e7\u00e3o da BR-267\/MS avan\u00e7a e previs\u00e3o \u00e9 liberar mais 23 kms neste ano","og_description":"da Ag\u00eancia iNFRA As obras de restaura\u00e7\u00e3o e adequa\u00e7\u00e3o de 101,1 quil\u00f4metros da BR-267\/MS est\u00e3o 44% conclu\u00eddas. O trecho entre Porto Murtinho e Alto Caracol (km 577 ao km 678,1) j\u00e1 teve a libera\u00e7\u00e3o ao tr\u00e1fego de 40 quil\u00f4metros de pistas renovadas da primeira etapa do empreendimento.&nbsp; At\u00e9 o final deste ano o DNIT (Departamento [&hellip;]","og_url":"https:\/\/agenciainfra.com\/blog\/restauracao-da-br-267-ms-avanca-e-previsao-e-liberar-mais-23-kms-neste-ano\/","og_site_name":"Ag\u00eancia iNFRA","article_publisher":"https:\/\/www.facebook.com\/ageninfra","article_published_time":"2025-08-20T19:40:25+00:00","article_modified_time":"2025-08-20T19:40:27+00:00","og_image":[{"width":1024,"height":577,"url":"https:\/\/agenciainfra.com\/blog\/wp-content\/uploads\/2025\/08\/br-267-ms-dnit-1024x577.png","type":"image\/png"}],"author":"Ag\u00eancia iNFRA","twitter_card":"summary_large_image","twitter_creator":"@agencia_infra","twitter_site":"@agencia_infra","twitter_misc":{"Escrito por":"Ag\u00eancia iNFRA","Est. tempo de leitura":"1 minuto"},"schema":{"@context":"https:\/\/schema.org","@graph":[{"@type":"Article","@id":"https:\/\/agenciainfra.com\/blog\/restauracao-da-br-267-ms-avanca-e-previsao-e-liberar-mais-23-kms-neste-ano\/#article","isPartOf":{"@id":"https:\/\/agenciainfra.com\/blog\/restauracao-da-br-267-ms-avanca-e-previsao-e-liberar-mais-23-kms-neste-ano\/"},"author":{"name":"Ag\u00eancia iNFRA","@id":"https:\/\/agenciainfra.com\/blog\/#\/schema\/person\/34af08dff6adea4cb22b06612ba7acfa"},"headline":"Restaura\u00e7\u00e3o da BR-267\/MS avan\u00e7a e previs\u00e3o \u00e9 liberar mais 23 kms neste ano","datePublished":"2025-08-20T19:40:25+00:00","dateModified":"2025-08-20T19:40:27+00:00","mainEntityOfPage":{"@id":"https:\/\/agenciainfra.com\/blog\/restauracao-da-br-267-ms-avanca-e-previsao-e-liberar-mais-23-kms-neste-ano\/"},"wordCount":259,"publisher":{"@id":"https:\/\/agenciainfra.com\/blog\/#organization"},"image":{"@id":"https:\/\/agenciainfra.com\/blog\/restauracao-da-br-267-ms-avanca-e-previsao-e-liberar-mais-23-kms-neste-ano\/#primaryimage"},"thumbnailUrl":"https:\/\/agenciainfra.com\/blog\/wp-content\/uploads\/2025\/08\/br-267-ms-dnit.png","keywords":["BR-267\/MS","Departamento Nacional de Infraestrutura de Transportes","DNIT","Novo PAC"],"articleSection":["Geral","Giro iNFRA"],"inLanguage":"pt-BR","copyrightYear":"2025","copyrightHolder":{"@id":"https:\/\/agenciainfra.com\/blog\/#organization"}},{"@type":"WebPage","@id":"https:\/\/agenciainfra.com\/blog\/restauracao-da-br-267-ms-avanca-e-previsao-e-liberar-mais-23-kms-neste-ano\/","url":"https:\/\/agenciainfra.com\/blog\/restauracao-da-br-267-ms-avanca-e-previsao-e-liberar-mais-23-kms-neste-ano\/","name":"Restaura\u00e7\u00e3o da BR-267\/MS avan\u00e7a e previs\u00e3o \u00e9 liberar mais 23 kms neste ano - Ag\u00eancia iNFRA","isPartOf":{"@id":"https:\/\/agenciainfra.com\/blog\/#website"},"primaryImageOfPage":{"@id":"https:\/\/agenciainfra.com\/blog\/restauracao-da-br-267-ms-avanca-e-previsao-e-liberar-mais-23-kms-neste-ano\/#primaryimage"},"image":{"@id":"https:\/\/agenciainfra.com\/blog\/restauracao-da-br-267-ms-avanca-e-previsao-e-liberar-mais-23-kms-neste-ano\/#primaryimage"},"thumbnailUrl":"https:\/\/agenciainfra.com\/blog\/wp-content\/uploads\/2025\/08\/br-267-ms-dnit.png","datePublished":"2025-08-20T19:40:25+00:00","dateModified":"2025-08-20T19:40:27+00:00","breadcrumb":{"@id":"https:\/\/agenciainfra.com\/blog\/restauracao-da-br-267-ms-avanca-e-previsao-e-liberar-mais-23-kms-neste-ano\/#breadcrumb"},"inLanguage":"pt-BR","potentialAction":[{"@type":"ReadAction","target":["https:\/\/agenciainfra.com\/blog\/restauracao-da-br-267-ms-avanca-e-previsao-e-liberar-mais-23-kms-neste-ano\/"]}]},{"@type":"ImageObject","inLanguage":"pt-BR","@id":"https:\/\/agenciainfra.com\/blog\/restauracao-da-br-267-ms-avanca-e-previsao-e-liberar-mais-23-kms-neste-ano\/#primaryimage","url":"https:\/\/agenciainfra.com\/blog\/wp-content\/uploads\/2025\/08\/br-267-ms-dnit.png","contentUrl":"https:\/\/agenciainfra.com\/blog\/wp-content\/uploads\/2025\/08\/br-267-ms-dnit.png","width":1920,"height":1081,"caption":"Foto: DNIT"},{"@type":"BreadcrumbList","@id":"https:\/\/agenciainfra.com\/blog\/restauracao-da-br-267-ms-avanca-e-previsao-e-liberar-mais-23-kms-neste-ano\/#breadcrumb","itemListElement":[{"@type":"ListItem","position":1,"name":"In\u00edcio","item":"https:\/\/agenciainfra.com\/blog\/"},{"@type":"ListItem","position":2,"name":"Restaura\u00e7\u00e3o da BR-267\/MS avan\u00e7a e previs\u00e3o \u00e9 liberar mais 23 kms neste ano"}]},{"@type":"WebSite","@id":"https:\/\/agenciainfra.com\/blog\/#website","url":"https:\/\/agenciainfra.com\/blog\/","name":"Ag\u00eancia iNFRA","description":"Multiplataforma de informa\u00e7\u00e3o jornal\u00edstica refer\u00eancia na \u00e1rea de infraestrutura no Brasil!","publisher":{"@id":"https:\/\/agenciainfra.com\/blog\/#organization"},"potentialAction":[{"@type":"SearchAction","target":{"@type":"EntryPoint","urlTemplate":"https:\/\/agenciainfra.com\/blog\/?s={search_term_string}"},"query-input":{"@type":"PropertyValueSpecification","valueRequired":true,"valueName":"search_term_string"}}],"inLanguage":"pt-BR"},{"@type":"Organization","@id":"https:\/\/agenciainfra.com\/blog\/#organization","name":"Ag\u00eancia iNFRA","url":"https:\/\/agenciainfra.com\/blog\/","logo":{"@type":"ImageObject","inLanguage":"pt-BR","@id":"https:\/\/agenciainfra.com\/blog\/#\/schema\/logo\/image\/","url":"https:\/\/agenciainfra.com\/blog\/wp-content\/uploads\/2023\/09\/iNFRA_5-e1761735885940.png","contentUrl":"https:\/\/agenciainfra.com\/blog\/wp-content\/uploads\/2023\/09\/iNFRA_5-e1761735885940.png","width":1672,"height":454,"caption":"Ag\u00eancia iNFRA"},"image":{"@id":"https:\/\/agenciainfra.com\/blog\/#\/schema\/logo\/image\/"},"sameAs":["https:\/\/www.facebook.com\/ageninfra","https:\/\/x.com\/agencia_infra","https:\/\/www.linkedin.com\/company\/ag\u00eanciainfra\/","https:\/\/www.instagram.com\/agenciainfra\/"]},{"@type":"Person","@id":"https:\/\/agenciainfra.com\/blog\/#\/schema\/person\/34af08dff6adea4cb22b06612ba7acfa","name":"Ag\u00eancia iNFRA","image":{"@type":"ImageObject","inLanguage":"pt-BR","@id":"https:\/\/agenciainfra.com\/blog\/#\/schema\/person\/image\/","url":"https:\/\/secure.gravatar.com\/avatar\/d189e01678f06d8eb84d4e01f08eb848b3fffe3f8443818d3c356c66892f5be8?s=96&d=mm&r=g","contentUrl":"https:\/\/secure.gravatar.com\/avatar\/d189e01678f06d8eb84d4e01f08eb848b3fffe3f8443818d3c356c66892f5be8?s=96&d=mm&r=g","caption":"Ag\u00eancia iNFRA"},"url":"https:\/\/agenciainfra.com\/blog\/author\/admin\/"}]}},"_links":{"self":[{"href":"https:\/\/agenciainfra.com\/blog\/wp-json\/wp\/v2\/posts\/26509","targetHints":{"allow":["GET"]}}],"collection":[{"href":"https:\/\/agenciainfra.com\/blog\/wp-json\/wp\/v2\/posts"}],"about":[{"href":"https:\/\/agenciainfra.com\/blog\/wp-json\/wp\/v2\/types\/post"}],"author":[{"embeddable":true,"href":"https:\/\/agenciainfra.com\/blog\/wp-json\/wp\/v2\/users\/1"}],"replies":[{"embeddable":true,"href":"https:\/\/agenciainfra.com\/blog\/wp-json\/wp\/v2\/comments?post=26509"}],"version-history":[{"count":1,"href":"https:\/\/agenciainfra.com\/blog\/wp-json\/wp\/v2\/posts\/26509\/revisions"}],"predecessor-version":[{"id":26511,"href":"https:\/\/agenciainfra.com\/blog\/wp-json\/wp\/v2\/posts\/26509\/revisions\/26511"}],"wp:featuredmedia":[{"embeddable":true,"href":"https:\/\/agenciainfra.com\/blog\/wp-json\/wp\/v2\/media\/26510"}],"wp:attachment":[{"href":"https:\/\/agenciainfra.com\/blog\/wp-json\/wp\/v2\/media?parent=26509"}],"wp:term":[{"taxonomy":"category","embeddable":true,"href":"https:\/\/agenciainfra.com\/blog\/wp-json\/wp\/v2\/categories?post=26509"},{"taxonomy":"post_tag","embeddable":true,"href":"https:\/\/agenciainfra.com\/blog\/wp-json\/wp\/v2\/tags?post=26509"}],"curies":[{"name":"wp","href":"https:\/\/api.w.org\/{rel}","templated":true}]}}