{"id":2651,"date":"2018-11-30T04:00:09","date_gmt":"2018-11-30T07:00:09","guid":{"rendered":"http:\/\/www.agenciainfra.com\/blog\/?p=2651"},"modified":"2018-11-29T19:39:33","modified_gmt":"2018-11-29T22:39:33","slug":"quem-e-tarcisio-de-freitas-o-novo-ministro-da-infraestrutura","status":"publish","type":"post","link":"https:\/\/agenciainfra.com\/blog\/quem-e-tarcisio-de-freitas-o-novo-ministro-da-infraestrutura\/","title":{"rendered":"Quem \u00e9 Tarc\u00edsio de Freitas, o novo ministro da Infraestrutura?"},"content":{"rendered":"<div>\n<h5 style=\"text-align: right;\"><strong>Dimmi Amora,\u00a0da Ag\u00eancia iNFRA<\/strong><\/h5>\n<p>O futuro ministro da Infraestrutura, Tarc\u00edsio de Freitas, costuma falar com altivez sobre os processos que responde, que nas contas dele s\u00e3o mais de 20, desde que come\u00e7ou sua carreira como servidor p\u00fablico civil na \u00e1rea de infraestrutura no in\u00edcio dessa d\u00e9cada.<\/p>\n<p>&#8220;Quer processar? Processa. Mas eu nunca perdi nenhum&#8221;, costuma dizer\u00a0o ex-oficial do ex\u00e9rcito e ex-controlador da Uni\u00e3o, que por concurso ingressou na C\u00e2mara em 2014 como consultor legislativo, e desde 2016 integra o PPI (Programa de Parceria de Investimentos).<\/p>\n<p>O escolhido pelo presidente eleito Jair Bolsonaro para assumir a pasta que foi o minist\u00e9rio dos Transportes, Portos e Avia\u00e7\u00e3o Civil tem em seu curr\u00edculo processos de todos os tipos por uma caracter\u00edstica cada vez mais rara no servi\u00e7o p\u00fablico: n\u00e3o tem medo de comprar brigas.<\/p>\n<p>Nos \u00faltimos anos, n\u00e3o foram poucas. Indicado pelo ex-diretor da ANTT, Bernardo Figueiredo, para assumir a secretaria-executiva do DNIT (Departamento Nacional de Infraestrutura de Transportes), no meio de uma crise de den\u00fancia corrup\u00e7\u00e3o em 2011, Tarc\u00edsio teve que batalhar contra a m\u00e1quina do pr\u00f3prio \u00f3rg\u00e3o, paralisada pelos esc\u00e2ndalos, e tamb\u00e9m contra o sistema de controle que se voltou sobre o departamento de estradas.<\/p>\n<p>Foi no DNIT que Freitas come\u00e7ou seus embates com o que deve ser seu principal alvo no cargo: a \u00e1rea ambiental. A vis\u00e3o dele \u00e9 que o sistema de licenciamento est\u00e1 moldado n\u00e3o para proteger o meio ambiente, mas sim para criar dificuldades ao desenvolvimento.\u00a0 Suas cr\u00edticas aos \u00f3rg\u00e3os de licenciamento se intensificaram ap\u00f3s sua entrada no PPI, principalmente por causa dos problemas de autoriza\u00e7\u00e3o de \u00f3rg\u00e3os ambientais nas \u00e1reas de petr\u00f3leo e g\u00e1s e energia.<\/p>\n<p>A politiza\u00e7\u00e3o das ag\u00eancias reguladoras tamb\u00e9m dever\u00e1 ser outra briga que o ministro dever\u00e1 comprar. Tarc\u00edsio de Freitas chegou a ser cotado para assumir a diretoria-geral da ANTT (Ag\u00eancia Nacional de Transportes Terrestres) no ano passado, mas acabou preterido pelo atual diretor, M\u00e1rio Rodrigues, uma indica\u00e7\u00e3o do PR.<\/p>\n<p>Os militares que come\u00e7aram a desenhar o programa de governo de Bolsonaro fizeram consultas sobre como fazer altera\u00e7\u00f5es dr\u00e1sticas nas ag\u00eancias de transportes, inclusive com a fus\u00e3o de suas fun\u00e7\u00f5es, mas ainda n\u00e3o h\u00e1 uma decis\u00e3o sobre o que ser\u00e1 feito.<\/p>\n<p>Tarc\u00edsio de Freitas tem forma\u00e7\u00e3o militar e isso dever\u00e1 dar ao minist\u00e9rio uma vis\u00e3o mais estrat\u00e9gica sobre sua atua\u00e7\u00e3o. No entanto, seus \u00faltimos anos \u00e0 frente de cargos executivos deram a ele uma vis\u00e3o pragm\u00e1tica sobre o que deve ser feito para o pa\u00eds, pontos que foram levados ao presidente Bolsonaro para seu processo de escolha.<\/p>\n<p>Dentro dessa vis\u00e3o, o mais prov\u00e1vel \u00e9 que o ministro tenha uma agenda inicial para destravar os investimentos em concess\u00f5es que precisam ser renovadas ou refeitas, especialmente para o caso da renova\u00e7\u00e3o das concess\u00f5es ferrovi\u00e1rias.<\/p>\n<p>J\u00e1 o caso das concess\u00f5es de rodovias da 3\u00aa Etapa, a vis\u00e3o do PPI era que o ideal seria fazer a relicita\u00e7\u00e3o de todas elas. O \u00f3rg\u00e3o n\u00e3o concordou com o modelo apresentado que previa dar um tempo maior para a execu\u00e7\u00e3o das obras e acabou voto vencido nesse quesito.<\/p>\n<p>Ser\u00e3o muitas as batalhas nos pr\u00f3ximos meses e o governo de Bolsonaro ganhou, na \u00e1rea, um t\u00e9cnico que sabe quais escolher para lutar. Sem medo.<\/p>\n<\/div>\n","protected":false},"excerpt":{"rendered":"<p>Dimmi Amora,\u00a0da Ag\u00eancia iNFRA O futuro ministro da Infraestrutura, Tarc\u00edsio de Freitas, costuma falar com altivez sobre os processos que responde, que nas contas dele s\u00e3o mais de 20, desde que come\u00e7ou sua carreira como servidor p\u00fablico civil na \u00e1rea de infraestrutura no in\u00edcio dessa d\u00e9cada. &#8220;Quer processar? Processa. Mas eu nunca perdi nenhum&#8221;, costuma [&hellip;]<\/p>\n","protected":false},"author":1,"featured_media":2652,"comment_status":"closed","ping_status":"open","sticky":false,"template":"","format":"standard","meta":{"_monsterinsights_skip_tracking":false,"_monsterinsights_sitenote_active":false,"_monsterinsights_sitenote_note":"","_monsterinsights_sitenote_category":0,"footnotes":""},"categories":[7],"tags":[599,120,34,671,310,126,448,70],"class_list":["post-2651","post","type-post","status-publish","format-standard","has-post-thumbnail","hentry","category-infratransporte","tag-aviacao-civil","tag-ferrovias","tag-infraestrutura","tag-ministerio","tag-portos","tag-rodovias","tag-tarcisio-de-freitas","tag-transportes"],"yoast_head":"<!-- This site is optimized with the Yoast SEO Premium plugin v25.4 (Yoast SEO v26.0) - https:\/\/yoast.com\/wordpress\/plugins\/seo\/ -->\n<title>Quem \u00e9 Tarc\u00edsio de Freitas, o novo ministro da Infraestrutura? - Ag\u00eancia iNFRA<\/title>\n<meta name=\"robots\" content=\"index, follow, max-snippet:-1, max-image-preview:large, max-video-preview:-1\" \/>\n<link rel=\"canonical\" href=\"https:\/\/agenciainfra.com\/blog\/quem-e-tarcisio-de-freitas-o-novo-ministro-da-infraestrutura\/\" \/>\n<meta property=\"og:locale\" content=\"pt_BR\" \/>\n<meta property=\"og:type\" content=\"article\" \/>\n<meta property=\"og:title\" content=\"Quem \u00e9 Tarc\u00edsio de Freitas, o novo ministro da Infraestrutura?\" \/>\n<meta property=\"og:description\" content=\"Dimmi Amora,\u00a0da Ag\u00eancia iNFRA O futuro ministro da Infraestrutura, Tarc\u00edsio de Freitas, costuma falar com altivez sobre os processos que responde, que nas contas dele s\u00e3o mais de 20, desde que come\u00e7ou sua carreira como servidor p\u00fablico civil na \u00e1rea de infraestrutura no in\u00edcio dessa d\u00e9cada. &#8220;Quer processar? Processa. Mas eu nunca perdi nenhum&#8221;, costuma [&hellip;]\" \/>\n<meta property=\"og:url\" content=\"https:\/\/agenciainfra.com\/blog\/quem-e-tarcisio-de-freitas-o-novo-ministro-da-infraestrutura\/\" \/>\n<meta property=\"og:site_name\" content=\"Ag\u00eancia iNFRA\" \/>\n<meta property=\"article:publisher\" content=\"https:\/\/www.facebook.com\/ageninfra\" \/>\n<meta property=\"article:published_time\" content=\"2018-11-30T07:00:09+00:00\" \/>\n<meta property=\"og:image\" content=\"https:\/\/agenciainfra.com\/blog\/wp-content\/uploads\/2018\/11\/WhatsApp-Image-2018-11-27-at-20.16.21.jpeg\" \/>\n\t<meta property=\"og:image:width\" content=\"1280\" \/>\n\t<meta property=\"og:image:height\" content=\"855\" \/>\n\t<meta property=\"og:image:type\" content=\"image\/jpeg\" \/>\n<meta name=\"author\" content=\"Ag\u00eancia iNFRA\" \/>\n<meta name=\"twitter:card\" content=\"summary_large_image\" \/>\n<meta name=\"twitter:creator\" content=\"@agencia_infra\" \/>\n<meta name=\"twitter:site\" content=\"@agencia_infra\" \/>\n<meta name=\"twitter:label1\" content=\"Escrito por\" \/>\n\t<meta name=\"twitter:data1\" content=\"Ag\u00eancia iNFRA\" \/>\n\t<meta name=\"twitter:label2\" content=\"Est. tempo de leitura\" \/>\n\t<meta name=\"twitter:data2\" content=\"3 minutos\" \/>\n<script type=\"application\/ld+json\" class=\"yoast-schema-graph\">{\"@context\":\"https:\/\/schema.org\",\"@graph\":[{\"@type\":\"Article\",\"@id\":\"https:\/\/agenciainfra.com\/blog\/quem-e-tarcisio-de-freitas-o-novo-ministro-da-infraestrutura\/#article\",\"isPartOf\":{\"@id\":\"https:\/\/agenciainfra.com\/blog\/quem-e-tarcisio-de-freitas-o-novo-ministro-da-infraestrutura\/\"},\"author\":{\"name\":\"Ag\u00eancia iNFRA\",\"@id\":\"https:\/\/agenciainfra.com\/blog\/#\/schema\/person\/34af08dff6adea4cb22b06612ba7acfa\"},\"headline\":\"Quem \u00e9 Tarc\u00edsio de Freitas, o novo ministro da Infraestrutura?\",\"datePublished\":\"2018-11-30T07:00:09+00:00\",\"mainEntityOfPage\":{\"@id\":\"https:\/\/agenciainfra.com\/blog\/quem-e-tarcisio-de-freitas-o-novo-ministro-da-infraestrutura\/\"},\"wordCount\":604,\"publisher\":{\"@id\":\"https:\/\/agenciainfra.com\/blog\/#organization\"},\"image\":{\"@id\":\"https:\/\/agenciainfra.com\/blog\/quem-e-tarcisio-de-freitas-o-novo-ministro-da-infraestrutura\/#primaryimage\"},\"thumbnailUrl\":\"https:\/\/agenciainfra.com\/blog\/wp-content\/uploads\/2018\/11\/WhatsApp-Image-2018-11-27-at-20.16.21.jpeg\",\"keywords\":[\"avia\u00e7\u00e3o civil\",\"Ferrovias\",\"Infraestrutura\",\"Minist\u00e9rio\",\"portos\",\"rodovias\",\"Tarc\u00edsio de Freitas\",\"transportes\"],\"articleSection\":[\"iNFRATransporte\"],\"inLanguage\":\"pt-BR\",\"copyrightYear\":\"2018\",\"copyrightHolder\":{\"@id\":\"https:\/\/agenciainfra.com\/blog\/#organization\"}},{\"@type\":\"WebPage\",\"@id\":\"https:\/\/agenciainfra.com\/blog\/quem-e-tarcisio-de-freitas-o-novo-ministro-da-infraestrutura\/\",\"url\":\"https:\/\/agenciainfra.com\/blog\/quem-e-tarcisio-de-freitas-o-novo-ministro-da-infraestrutura\/\",\"name\":\"Quem \u00e9 Tarc\u00edsio de Freitas, o novo ministro da Infraestrutura? - Ag\u00eancia iNFRA\",\"isPartOf\":{\"@id\":\"https:\/\/agenciainfra.com\/blog\/#website\"},\"primaryImageOfPage\":{\"@id\":\"https:\/\/agenciainfra.com\/blog\/quem-e-tarcisio-de-freitas-o-novo-ministro-da-infraestrutura\/#primaryimage\"},\"image\":{\"@id\":\"https:\/\/agenciainfra.com\/blog\/quem-e-tarcisio-de-freitas-o-novo-ministro-da-infraestrutura\/#primaryimage\"},\"thumbnailUrl\":\"https:\/\/agenciainfra.com\/blog\/wp-content\/uploads\/2018\/11\/WhatsApp-Image-2018-11-27-at-20.16.21.jpeg\",\"datePublished\":\"2018-11-30T07:00:09+00:00\",\"breadcrumb\":{\"@id\":\"https:\/\/agenciainfra.com\/blog\/quem-e-tarcisio-de-freitas-o-novo-ministro-da-infraestrutura\/#breadcrumb\"},\"inLanguage\":\"pt-BR\",\"potentialAction\":[{\"@type\":\"ReadAction\",\"target\":[\"https:\/\/agenciainfra.com\/blog\/quem-e-tarcisio-de-freitas-o-novo-ministro-da-infraestrutura\/\"]}]},{\"@type\":\"ImageObject\",\"inLanguage\":\"pt-BR\",\"@id\":\"https:\/\/agenciainfra.com\/blog\/quem-e-tarcisio-de-freitas-o-novo-ministro-da-infraestrutura\/#primaryimage\",\"url\":\"https:\/\/agenciainfra.com\/blog\/wp-content\/uploads\/2018\/11\/WhatsApp-Image-2018-11-27-at-20.16.21.jpeg\",\"contentUrl\":\"https:\/\/agenciainfra.com\/blog\/wp-content\/uploads\/2018\/11\/WhatsApp-Image-2018-11-27-at-20.16.21.jpeg\",\"width\":1280,\"height\":855},{\"@type\":\"BreadcrumbList\",\"@id\":\"https:\/\/agenciainfra.com\/blog\/quem-e-tarcisio-de-freitas-o-novo-ministro-da-infraestrutura\/#breadcrumb\",\"itemListElement\":[{\"@type\":\"ListItem\",\"position\":1,\"name\":\"In\u00edcio\",\"item\":\"https:\/\/agenciainfra.com\/blog\/\"},{\"@type\":\"ListItem\",\"position\":2,\"name\":\"Quem \u00e9 Tarc\u00edsio de Freitas, o novo ministro da Infraestrutura?\"}]},{\"@type\":\"WebSite\",\"@id\":\"https:\/\/agenciainfra.com\/blog\/#website\",\"url\":\"https:\/\/agenciainfra.com\/blog\/\",\"name\":\"Ag\u00eancia iNFRA\",\"description\":\"Multiplataforma de informa\u00e7\u00e3o jornal\u00edstica refer\u00eancia na \u00e1rea de infraestrutura no Brasil!\",\"publisher\":{\"@id\":\"https:\/\/agenciainfra.com\/blog\/#organization\"},\"potentialAction\":[{\"@type\":\"SearchAction\",\"target\":{\"@type\":\"EntryPoint\",\"urlTemplate\":\"https:\/\/agenciainfra.com\/blog\/?s={search_term_string}\"},\"query-input\":{\"@type\":\"PropertyValueSpecification\",\"valueRequired\":true,\"valueName\":\"search_term_string\"}}],\"inLanguage\":\"pt-BR\"},{\"@type\":\"Organization\",\"@id\":\"https:\/\/agenciainfra.com\/blog\/#organization\",\"name\":\"Ag\u00eancia iNFRA\",\"url\":\"https:\/\/agenciainfra.com\/blog\/\",\"logo\":{\"@type\":\"ImageObject\",\"inLanguage\":\"pt-BR\",\"@id\":\"https:\/\/agenciainfra.com\/blog\/#\/schema\/logo\/image\/\",\"url\":\"https:\/\/agenciainfra.com\/blog\/wp-content\/uploads\/2023\/09\/iNFRA_5-e1761735885940.png\",\"contentUrl\":\"https:\/\/agenciainfra.com\/blog\/wp-content\/uploads\/2023\/09\/iNFRA_5-e1761735885940.png\",\"width\":1672,\"height\":454,\"caption\":\"Ag\u00eancia iNFRA\"},\"image\":{\"@id\":\"https:\/\/agenciainfra.com\/blog\/#\/schema\/logo\/image\/\"},\"sameAs\":[\"https:\/\/www.facebook.com\/ageninfra\",\"https:\/\/x.com\/agencia_infra\",\"https:\/\/www.linkedin.com\/company\/ag\u00eanciainfra\/\",\"https:\/\/www.instagram.com\/agenciainfra\/\"]},{\"@type\":\"Person\",\"@id\":\"https:\/\/agenciainfra.com\/blog\/#\/schema\/person\/34af08dff6adea4cb22b06612ba7acfa\",\"name\":\"Ag\u00eancia iNFRA\",\"image\":{\"@type\":\"ImageObject\",\"inLanguage\":\"pt-BR\",\"@id\":\"https:\/\/agenciainfra.com\/blog\/#\/schema\/person\/image\/\",\"url\":\"https:\/\/secure.gravatar.com\/avatar\/d189e01678f06d8eb84d4e01f08eb848b3fffe3f8443818d3c356c66892f5be8?s=96&d=mm&r=g\",\"contentUrl\":\"https:\/\/secure.gravatar.com\/avatar\/d189e01678f06d8eb84d4e01f08eb848b3fffe3f8443818d3c356c66892f5be8?s=96&d=mm&r=g\",\"caption\":\"Ag\u00eancia iNFRA\"},\"url\":\"https:\/\/agenciainfra.com\/blog\/author\/admin\/\"}]}<\/script>\n<!-- \/ Yoast SEO Premium plugin. -->","yoast_head_json":{"title":"Quem \u00e9 Tarc\u00edsio de Freitas, o novo ministro da Infraestrutura? - Ag\u00eancia iNFRA","robots":{"index":"index","follow":"follow","max-snippet":"max-snippet:-1","max-image-preview":"max-image-preview:large","max-video-preview":"max-video-preview:-1"},"canonical":"https:\/\/agenciainfra.com\/blog\/quem-e-tarcisio-de-freitas-o-novo-ministro-da-infraestrutura\/","og_locale":"pt_BR","og_type":"article","og_title":"Quem \u00e9 Tarc\u00edsio de Freitas, o novo ministro da Infraestrutura?","og_description":"Dimmi Amora,\u00a0da Ag\u00eancia iNFRA O futuro ministro da Infraestrutura, Tarc\u00edsio de Freitas, costuma falar com altivez sobre os processos que responde, que nas contas dele s\u00e3o mais de 20, desde que come\u00e7ou sua carreira como servidor p\u00fablico civil na \u00e1rea de infraestrutura no in\u00edcio dessa d\u00e9cada. &#8220;Quer processar? Processa. Mas eu nunca perdi nenhum&#8221;, costuma [&hellip;]","og_url":"https:\/\/agenciainfra.com\/blog\/quem-e-tarcisio-de-freitas-o-novo-ministro-da-infraestrutura\/","og_site_name":"Ag\u00eancia iNFRA","article_publisher":"https:\/\/www.facebook.com\/ageninfra","article_published_time":"2018-11-30T07:00:09+00:00","og_image":[{"width":1280,"height":855,"url":"https:\/\/agenciainfra.com\/blog\/wp-content\/uploads\/2018\/11\/WhatsApp-Image-2018-11-27-at-20.16.21.jpeg","type":"image\/jpeg"}],"author":"Ag\u00eancia iNFRA","twitter_card":"summary_large_image","twitter_creator":"@agencia_infra","twitter_site":"@agencia_infra","twitter_misc":{"Escrito por":"Ag\u00eancia iNFRA","Est. tempo de leitura":"3 minutos"},"schema":{"@context":"https:\/\/schema.org","@graph":[{"@type":"Article","@id":"https:\/\/agenciainfra.com\/blog\/quem-e-tarcisio-de-freitas-o-novo-ministro-da-infraestrutura\/#article","isPartOf":{"@id":"https:\/\/agenciainfra.com\/blog\/quem-e-tarcisio-de-freitas-o-novo-ministro-da-infraestrutura\/"},"author":{"name":"Ag\u00eancia iNFRA","@id":"https:\/\/agenciainfra.com\/blog\/#\/schema\/person\/34af08dff6adea4cb22b06612ba7acfa"},"headline":"Quem \u00e9 Tarc\u00edsio de Freitas, o novo ministro da Infraestrutura?","datePublished":"2018-11-30T07:00:09+00:00","mainEntityOfPage":{"@id":"https:\/\/agenciainfra.com\/blog\/quem-e-tarcisio-de-freitas-o-novo-ministro-da-infraestrutura\/"},"wordCount":604,"publisher":{"@id":"https:\/\/agenciainfra.com\/blog\/#organization"},"image":{"@id":"https:\/\/agenciainfra.com\/blog\/quem-e-tarcisio-de-freitas-o-novo-ministro-da-infraestrutura\/#primaryimage"},"thumbnailUrl":"https:\/\/agenciainfra.com\/blog\/wp-content\/uploads\/2018\/11\/WhatsApp-Image-2018-11-27-at-20.16.21.jpeg","keywords":["avia\u00e7\u00e3o civil","Ferrovias","Infraestrutura","Minist\u00e9rio","portos","rodovias","Tarc\u00edsio de Freitas","transportes"],"articleSection":["iNFRATransporte"],"inLanguage":"pt-BR","copyrightYear":"2018","copyrightHolder":{"@id":"https:\/\/agenciainfra.com\/blog\/#organization"}},{"@type":"WebPage","@id":"https:\/\/agenciainfra.com\/blog\/quem-e-tarcisio-de-freitas-o-novo-ministro-da-infraestrutura\/","url":"https:\/\/agenciainfra.com\/blog\/quem-e-tarcisio-de-freitas-o-novo-ministro-da-infraestrutura\/","name":"Quem \u00e9 Tarc\u00edsio de Freitas, o novo ministro da Infraestrutura? - Ag\u00eancia iNFRA","isPartOf":{"@id":"https:\/\/agenciainfra.com\/blog\/#website"},"primaryImageOfPage":{"@id":"https:\/\/agenciainfra.com\/blog\/quem-e-tarcisio-de-freitas-o-novo-ministro-da-infraestrutura\/#primaryimage"},"image":{"@id":"https:\/\/agenciainfra.com\/blog\/quem-e-tarcisio-de-freitas-o-novo-ministro-da-infraestrutura\/#primaryimage"},"thumbnailUrl":"https:\/\/agenciainfra.com\/blog\/wp-content\/uploads\/2018\/11\/WhatsApp-Image-2018-11-27-at-20.16.21.jpeg","datePublished":"2018-11-30T07:00:09+00:00","breadcrumb":{"@id":"https:\/\/agenciainfra.com\/blog\/quem-e-tarcisio-de-freitas-o-novo-ministro-da-infraestrutura\/#breadcrumb"},"inLanguage":"pt-BR","potentialAction":[{"@type":"ReadAction","target":["https:\/\/agenciainfra.com\/blog\/quem-e-tarcisio-de-freitas-o-novo-ministro-da-infraestrutura\/"]}]},{"@type":"ImageObject","inLanguage":"pt-BR","@id":"https:\/\/agenciainfra.com\/blog\/quem-e-tarcisio-de-freitas-o-novo-ministro-da-infraestrutura\/#primaryimage","url":"https:\/\/agenciainfra.com\/blog\/wp-content\/uploads\/2018\/11\/WhatsApp-Image-2018-11-27-at-20.16.21.jpeg","contentUrl":"https:\/\/agenciainfra.com\/blog\/wp-content\/uploads\/2018\/11\/WhatsApp-Image-2018-11-27-at-20.16.21.jpeg","width":1280,"height":855},{"@type":"BreadcrumbList","@id":"https:\/\/agenciainfra.com\/blog\/quem-e-tarcisio-de-freitas-o-novo-ministro-da-infraestrutura\/#breadcrumb","itemListElement":[{"@type":"ListItem","position":1,"name":"In\u00edcio","item":"https:\/\/agenciainfra.com\/blog\/"},{"@type":"ListItem","position":2,"name":"Quem \u00e9 Tarc\u00edsio de Freitas, o novo ministro da Infraestrutura?"}]},{"@type":"WebSite","@id":"https:\/\/agenciainfra.com\/blog\/#website","url":"https:\/\/agenciainfra.com\/blog\/","name":"Ag\u00eancia iNFRA","description":"Multiplataforma de informa\u00e7\u00e3o jornal\u00edstica refer\u00eancia na \u00e1rea de infraestrutura no Brasil!","publisher":{"@id":"https:\/\/agenciainfra.com\/blog\/#organization"},"potentialAction":[{"@type":"SearchAction","target":{"@type":"EntryPoint","urlTemplate":"https:\/\/agenciainfra.com\/blog\/?s={search_term_string}"},"query-input":{"@type":"PropertyValueSpecification","valueRequired":true,"valueName":"search_term_string"}}],"inLanguage":"pt-BR"},{"@type":"Organization","@id":"https:\/\/agenciainfra.com\/blog\/#organization","name":"Ag\u00eancia iNFRA","url":"https:\/\/agenciainfra.com\/blog\/","logo":{"@type":"ImageObject","inLanguage":"pt-BR","@id":"https:\/\/agenciainfra.com\/blog\/#\/schema\/logo\/image\/","url":"https:\/\/agenciainfra.com\/blog\/wp-content\/uploads\/2023\/09\/iNFRA_5-e1761735885940.png","contentUrl":"https:\/\/agenciainfra.com\/blog\/wp-content\/uploads\/2023\/09\/iNFRA_5-e1761735885940.png","width":1672,"height":454,"caption":"Ag\u00eancia iNFRA"},"image":{"@id":"https:\/\/agenciainfra.com\/blog\/#\/schema\/logo\/image\/"},"sameAs":["https:\/\/www.facebook.com\/ageninfra","https:\/\/x.com\/agencia_infra","https:\/\/www.linkedin.com\/company\/ag\u00eanciainfra\/","https:\/\/www.instagram.com\/agenciainfra\/"]},{"@type":"Person","@id":"https:\/\/agenciainfra.com\/blog\/#\/schema\/person\/34af08dff6adea4cb22b06612ba7acfa","name":"Ag\u00eancia iNFRA","image":{"@type":"ImageObject","inLanguage":"pt-BR","@id":"https:\/\/agenciainfra.com\/blog\/#\/schema\/person\/image\/","url":"https:\/\/secure.gravatar.com\/avatar\/d189e01678f06d8eb84d4e01f08eb848b3fffe3f8443818d3c356c66892f5be8?s=96&d=mm&r=g","contentUrl":"https:\/\/secure.gravatar.com\/avatar\/d189e01678f06d8eb84d4e01f08eb848b3fffe3f8443818d3c356c66892f5be8?s=96&d=mm&r=g","caption":"Ag\u00eancia iNFRA"},"url":"https:\/\/agenciainfra.com\/blog\/author\/admin\/"}]}},"_links":{"self":[{"href":"https:\/\/agenciainfra.com\/blog\/wp-json\/wp\/v2\/posts\/2651","targetHints":{"allow":["GET"]}}],"collection":[{"href":"https:\/\/agenciainfra.com\/blog\/wp-json\/wp\/v2\/posts"}],"about":[{"href":"https:\/\/agenciainfra.com\/blog\/wp-json\/wp\/v2\/types\/post"}],"author":[{"embeddable":true,"href":"https:\/\/agenciainfra.com\/blog\/wp-json\/wp\/v2\/users\/1"}],"replies":[{"embeddable":true,"href":"https:\/\/agenciainfra.com\/blog\/wp-json\/wp\/v2\/comments?post=2651"}],"version-history":[{"count":0,"href":"https:\/\/agenciainfra.com\/blog\/wp-json\/wp\/v2\/posts\/2651\/revisions"}],"wp:featuredmedia":[{"embeddable":true,"href":"https:\/\/agenciainfra.com\/blog\/wp-json\/wp\/v2\/media\/2652"}],"wp:attachment":[{"href":"https:\/\/agenciainfra.com\/blog\/wp-json\/wp\/v2\/media?parent=2651"}],"wp:term":[{"taxonomy":"category","embeddable":true,"href":"https:\/\/agenciainfra.com\/blog\/wp-json\/wp\/v2\/categories?post=2651"},{"taxonomy":"post_tag","embeddable":true,"href":"https:\/\/agenciainfra.com\/blog\/wp-json\/wp\/v2\/tags?post=2651"}],"curies":[{"name":"wp","href":"https:\/\/api.w.org\/{rel}","templated":true}]}}