{"id":26543,"date":"2025-08-21T09:15:54","date_gmt":"2025-08-21T12:15:54","guid":{"rendered":"https:\/\/agenciainfra.com\/blog\/?p=26543"},"modified":"2025-08-22T10:44:27","modified_gmt":"2025-08-22T13:44:27","slug":"saida-de-mendes-acentua-disputa-por-presidencia-do-conselho-da-petrobras","status":"publish","type":"post","link":"https:\/\/agenciainfra.com\/blog\/saida-de-mendes-acentua-disputa-por-presidencia-do-conselho-da-petrobras\/","title":{"rendered":"Sa\u00edda de Mendes acentua disputa por presid\u00eancia do Conselho da Petrobras"},"content":{"rendered":"\n<p class=\"has-text-align-right\"><strong>Gabriel Vasconcelos, Marisa Wanzeller, Lais Carregosa e Geraldo Campos Jr., da Ag\u00eancia iNFRA<\/strong><\/p>\n\n\n\n<p>A disputa por dois cargos at\u00e9 ent\u00e3o ocupados por Pietro Mendes se intensificou com sua aprova\u00e7\u00e3o para a diretoria da ANP (Ag\u00eancia Nacional do Petr\u00f3leo, G\u00e1s Natural e Biocombust\u00edveis): as cadeiras de presidente do CA (Conselho de Administra\u00e7\u00e3o) da Petrobras e de secret\u00e1rio nacional de Petr\u00f3leo e G\u00e1s Natural do governo.\u00a0Segundo fontes, o ministro de Minas e Energia, Alexandre Silveira, tentar\u00e1 indicar um nome para os dois cargos.<br><br>Para a assumir a secretaria do minist\u00e9rio, est\u00e3o cotados Tabita Loureiro, diretora t\u00e9cnica da PPSA, e Marcello Weydt, diretor do Departamento de G\u00e1s Natural do MME. Ambos j\u00e1 teriam, inclusive, recebido sondagens.<br><br>N\u00e3o est\u00e1 descartado, por\u00e9m, que os dois mais cotados, Tabita e Marcello, dividam os cargos em jogo (CA da Petrobras e secretaria) nem que o indicado \u00e0 Petrobras receba apenas uma cadeira ordin\u00e1ria no colegiado de onze membros da estatal, sem presidi-lo.<br><br>A manuten\u00e7\u00e3o de um secret\u00e1rio do MME na presid\u00eancia do conselho\u00a0contraria um arranjo constru\u00eddo ainda no fim do ano passado para que o representante da Casa Civil, o secret\u00e1rio da pasta Bruno Moretti, assumisse a lideran\u00e7a do conselho com a sa\u00edda de Pietro. Moretti assumiria j\u00e1 na assembleia de acionistas de abril, o que acabou n\u00e3o acontecendo. Mas seu nome pode voltar \u00e0 baila agora para chefiar o conselho, o que seria um avan\u00e7o da influ\u00eancia da Casa Civil na estatal.\u00a0Tamb\u00e9m circula a informa\u00e7\u00e3o de que a presidente da companhia, Magda Chambriard, estaria articulando um nome pr\u00f3ximo a ela para a cadeira do conselho.<br><br>Apesar dos relatos\u00a0de que Silveira tentaria indicar \u00e0 cadeira da petroleira um nome do MME, fontes do governo dizem que o ministro n\u00e3o se oporia ao nome de Bruno Moretti.<br><br><strong>Pr\u00f3s e contras<\/strong><br>O fato de Moretti j\u00e1 ser membro do conselho pode pesar a seu favor para que assuma o cargo. Isso porque, para ingressar no Conselho, o curr\u00edculo do indicado precisa passar por uma an\u00e1lise de conformidade da \u00e1rea de governan\u00e7a da empresa. Moretti j\u00e1 foi aprovado pela governan\u00e7a e j\u00e1 poderia ocupar a vaga de Pietro como substituto por decis\u00e3o do conselho, e com elei\u00e7\u00e3o definitiva para o cargo de presidente em assembleia de acionistas, a ser realizada no primeiro semestre de 2026.<br><br>Quanto \u00e0\u00a0disputa entre Tabita Loureiro e Marcello Weydt, a avalia\u00e7\u00e3o \u00e9 que Weydt teria maior aceita\u00e7\u00e3o em Bras\u00edlia, por j\u00e1 integrar o corpo t\u00e9cnico do minist\u00e9rio, enquanto Tabita teria melhor tr\u00e2nsito dentro da Petrobras. Ela tem boa rela\u00e7\u00e3o com Magda Chambriard, com quem j\u00e1 trabalhou na ANP.\u00a0<br><br><strong>Presid\u00eancia interina<\/strong><br>Pietro Mendes renunciou nesta quarta-feira (20) \u00e0 sua cadeira no Conselho de Administra\u00e7\u00e3o da Petrobras. Para a Petrobras, a sa\u00edda imediata de Pietro implica em uma presid\u00eancia interina no conselho, a ser exercida por um membro ativo do colegiado, pelo menos at\u00e9 que um nome de fora seja aprovado para a fun\u00e7\u00e3o, o que passa primeiro pelas inst\u00e2ncias de governan\u00e7a interna \u2013 com emiss\u00e3o dos relat\u00f3rios chamados BCG e BCI (background-checks de governan\u00e7a e integridade) \u2013 depois pelo Cope (Comit\u00ea de Pessoas do Conselho) e, finalmente, pelo pleno do colegiado. Pelo hist\u00f3rico, esse processo, iniciado ap\u00f3s a indica\u00e7\u00e3o formal do governo, leva algumas semanas.\u00a0<\/p>\n\n\n\n<p>Uma alternativa, apurou a\u00a0<strong>Ag\u00eancia iNFRA<\/strong>, seria efetivar, j\u00e1 nos pr\u00f3ximos dias, um representante do governo que j\u00e1 integra o conselho para presidi-lo e apenas deixar uma cadeira aberta para a chegada de Tabita ou Weydt.<\/p>\n\n\n\n<p>Como envolveria nome j\u00e1 avalizado pela governan\u00e7a da Petrobras, isso pode ser feito rapidamente no \u00e2mbito do Conselho e evitaria qualquer ruptura nos trabalhos do colegiado, que funcionaria normalmente com dez membros e teria \u00e0 sua frente algu\u00e9m j\u00e1 inserido nas discuss\u00f5es correntes. Nesse caso, o candidato natural para a fun\u00e7\u00e3o seria Moretti, que est\u00e1 no CA da Petrobras desde abril de 2023.&nbsp;<\/p>\n\n\n\n<p>Enquanto n\u00e3o h\u00e1 um nome efetivo na cadeira, um representante do governo j\u00e1 no CA poder\u00e1 exercer sua presid\u00eancia interina, sendo o mais cotado o advogado Renato Galuppo.<\/p>\n","protected":false},"excerpt":{"rendered":"<p>Gabriel Vasconcelos, Marisa Wanzeller, Lais Carregosa e Geraldo Campos Jr., da Ag\u00eancia iNFRA A disputa por dois cargos at\u00e9 ent\u00e3o ocupados por Pietro Mendes se intensificou com sua aprova\u00e7\u00e3o para a diretoria da ANP (Ag\u00eancia Nacional do Petr\u00f3leo, G\u00e1s Natural e Biocombust\u00edveis): as cadeiras de presidente do CA (Conselho de Administra\u00e7\u00e3o) da Petrobras e de [&hellip;]<\/p>\n","protected":false},"author":1,"featured_media":26544,"comment_status":"closed","ping_status":"closed","sticky":false,"template":"","format":"standard","meta":{"_monsterinsights_skip_tracking":false,"_monsterinsights_sitenote_active":false,"_monsterinsights_sitenote_note":"","_monsterinsights_sitenote_category":0,"footnotes":""},"categories":[1,13271],"tags":[6040,1101,14830,13251,11594,13132,9446,14908,7366,143,6335,14909,7676],"class_list":["post-26543","post","type-post","status-publish","format-standard","has-post-thumbnail","hentry","category-geral","category-oleo-gas","tag-alexandre-silveira","tag-anp","tag-bruno-moretti","tag-gabriel-vasconcelos","tag-geraldo-campos-jr","tag-lais-carregosa","tag-magda-chambriard","tag-marcello-weydt","tag-marisa-wanzeller","tag-petrobras","tag-pietro-mendes","tag-renato-galuppo","tag-tabita-loureiro"],"yoast_head":"<!-- This site is optimized with the Yoast SEO Premium plugin v25.4 (Yoast SEO v26.0) - https:\/\/yoast.com\/wordpress\/plugins\/seo\/ -->\n<title>Sa\u00edda de Mendes acentua disputa por presid\u00eancia do Conselho da Petrobras - Ag\u00eancia iNFRA<\/title>\n<meta name=\"robots\" content=\"index, follow, max-snippet:-1, max-image-preview:large, max-video-preview:-1\" \/>\n<link rel=\"canonical\" href=\"https:\/\/agenciainfra.com\/blog\/saida-de-mendes-acentua-disputa-por-presidencia-do-conselho-da-petrobras\/\" \/>\n<meta property=\"og:locale\" content=\"pt_BR\" \/>\n<meta property=\"og:type\" content=\"article\" \/>\n<meta property=\"og:title\" content=\"Sa\u00edda de Mendes acentua disputa por presid\u00eancia do Conselho da Petrobras\" \/>\n<meta property=\"og:description\" content=\"Gabriel Vasconcelos, Marisa Wanzeller, Lais Carregosa e Geraldo Campos Jr., da Ag\u00eancia iNFRA A disputa por dois cargos at\u00e9 ent\u00e3o ocupados por Pietro Mendes se intensificou com sua aprova\u00e7\u00e3o para a diretoria da ANP (Ag\u00eancia Nacional do Petr\u00f3leo, G\u00e1s Natural e Biocombust\u00edveis): as cadeiras de presidente do CA (Conselho de Administra\u00e7\u00e3o) da Petrobras e de [&hellip;]\" \/>\n<meta property=\"og:url\" content=\"https:\/\/agenciainfra.com\/blog\/saida-de-mendes-acentua-disputa-por-presidencia-do-conselho-da-petrobras\/\" \/>\n<meta property=\"og:site_name\" content=\"Ag\u00eancia iNFRA\" \/>\n<meta property=\"article:publisher\" content=\"https:\/\/www.facebook.com\/ageninfra\" \/>\n<meta property=\"article:published_time\" content=\"2025-08-21T12:15:54+00:00\" \/>\n<meta property=\"article:modified_time\" content=\"2025-08-22T13:44:27+00:00\" \/>\n<meta property=\"og:image\" content=\"https:\/\/agenciainfra.com\/blog\/wp-content\/uploads\/2025\/08\/edificio-senado-petrobras-foto-agencia-petrobras.jpg\" \/>\n\t<meta property=\"og:image:width\" content=\"1280\" \/>\n\t<meta property=\"og:image:height\" content=\"848\" \/>\n\t<meta property=\"og:image:type\" content=\"image\/jpeg\" \/>\n<meta name=\"author\" content=\"Ag\u00eancia iNFRA\" \/>\n<meta name=\"twitter:card\" content=\"summary_large_image\" \/>\n<meta name=\"twitter:creator\" content=\"@agencia_infra\" \/>\n<meta name=\"twitter:site\" content=\"@agencia_infra\" \/>\n<meta name=\"twitter:label1\" content=\"Escrito por\" \/>\n\t<meta name=\"twitter:data1\" content=\"Ag\u00eancia iNFRA\" \/>\n\t<meta name=\"twitter:label2\" content=\"Est. tempo de leitura\" \/>\n\t<meta name=\"twitter:data2\" content=\"4 minutos\" \/>\n<script type=\"application\/ld+json\" class=\"yoast-schema-graph\">{\"@context\":\"https:\/\/schema.org\",\"@graph\":[{\"@type\":\"Article\",\"@id\":\"https:\/\/agenciainfra.com\/blog\/saida-de-mendes-acentua-disputa-por-presidencia-do-conselho-da-petrobras\/#article\",\"isPartOf\":{\"@id\":\"https:\/\/agenciainfra.com\/blog\/saida-de-mendes-acentua-disputa-por-presidencia-do-conselho-da-petrobras\/\"},\"author\":{\"name\":\"Ag\u00eancia iNFRA\",\"@id\":\"https:\/\/agenciainfra.com\/blog\/#\/schema\/person\/34af08dff6adea4cb22b06612ba7acfa\"},\"headline\":\"Sa\u00edda de Mendes acentua disputa por presid\u00eancia do Conselho da Petrobras\",\"datePublished\":\"2025-08-21T12:15:54+00:00\",\"dateModified\":\"2025-08-22T13:44:27+00:00\",\"mainEntityOfPage\":{\"@id\":\"https:\/\/agenciainfra.com\/blog\/saida-de-mendes-acentua-disputa-por-presidencia-do-conselho-da-petrobras\/\"},\"wordCount\":729,\"publisher\":{\"@id\":\"https:\/\/agenciainfra.com\/blog\/#organization\"},\"image\":{\"@id\":\"https:\/\/agenciainfra.com\/blog\/saida-de-mendes-acentua-disputa-por-presidencia-do-conselho-da-petrobras\/#primaryimage\"},\"thumbnailUrl\":\"https:\/\/agenciainfra.com\/blog\/wp-content\/uploads\/2025\/08\/edificio-senado-petrobras-foto-agencia-petrobras.jpg\",\"keywords\":[\"Alexandre Silveira\",\"ANP\",\"Bruno Moretti\",\"Gabriel Vasconcelos\",\"Geraldo Campos Jr.\",\"Lais Carregosa\",\"Magda Chambriard\",\"Marcello Weydt\",\"Marisa Wanzeller\",\"Petrobras\",\"Pietro Mendes\",\"Renato Galuppo\",\"Tabita Loureiro\"],\"articleSection\":[\"Geral\",\"\u00d3leo &amp; G\u00e1s\"],\"inLanguage\":\"pt-BR\",\"copyrightYear\":\"2025\",\"copyrightHolder\":{\"@id\":\"https:\/\/agenciainfra.com\/blog\/#organization\"}},{\"@type\":\"WebPage\",\"@id\":\"https:\/\/agenciainfra.com\/blog\/saida-de-mendes-acentua-disputa-por-presidencia-do-conselho-da-petrobras\/\",\"url\":\"https:\/\/agenciainfra.com\/blog\/saida-de-mendes-acentua-disputa-por-presidencia-do-conselho-da-petrobras\/\",\"name\":\"Sa\u00edda de Mendes acentua disputa por presid\u00eancia do Conselho da Petrobras - Ag\u00eancia iNFRA\",\"isPartOf\":{\"@id\":\"https:\/\/agenciainfra.com\/blog\/#website\"},\"primaryImageOfPage\":{\"@id\":\"https:\/\/agenciainfra.com\/blog\/saida-de-mendes-acentua-disputa-por-presidencia-do-conselho-da-petrobras\/#primaryimage\"},\"image\":{\"@id\":\"https:\/\/agenciainfra.com\/blog\/saida-de-mendes-acentua-disputa-por-presidencia-do-conselho-da-petrobras\/#primaryimage\"},\"thumbnailUrl\":\"https:\/\/agenciainfra.com\/blog\/wp-content\/uploads\/2025\/08\/edificio-senado-petrobras-foto-agencia-petrobras.jpg\",\"datePublished\":\"2025-08-21T12:15:54+00:00\",\"dateModified\":\"2025-08-22T13:44:27+00:00\",\"breadcrumb\":{\"@id\":\"https:\/\/agenciainfra.com\/blog\/saida-de-mendes-acentua-disputa-por-presidencia-do-conselho-da-petrobras\/#breadcrumb\"},\"inLanguage\":\"pt-BR\",\"potentialAction\":[{\"@type\":\"ReadAction\",\"target\":[\"https:\/\/agenciainfra.com\/blog\/saida-de-mendes-acentua-disputa-por-presidencia-do-conselho-da-petrobras\/\"]}]},{\"@type\":\"ImageObject\",\"inLanguage\":\"pt-BR\",\"@id\":\"https:\/\/agenciainfra.com\/blog\/saida-de-mendes-acentua-disputa-por-presidencia-do-conselho-da-petrobras\/#primaryimage\",\"url\":\"https:\/\/agenciainfra.com\/blog\/wp-content\/uploads\/2025\/08\/edificio-senado-petrobras-foto-agencia-petrobras.jpg\",\"contentUrl\":\"https:\/\/agenciainfra.com\/blog\/wp-content\/uploads\/2025\/08\/edificio-senado-petrobras-foto-agencia-petrobras.jpg\",\"width\":1280,\"height\":848,\"caption\":\"Foto: Ag\u00eancia Petrobras\"},{\"@type\":\"BreadcrumbList\",\"@id\":\"https:\/\/agenciainfra.com\/blog\/saida-de-mendes-acentua-disputa-por-presidencia-do-conselho-da-petrobras\/#breadcrumb\",\"itemListElement\":[{\"@type\":\"ListItem\",\"position\":1,\"name\":\"In\u00edcio\",\"item\":\"https:\/\/agenciainfra.com\/blog\/\"},{\"@type\":\"ListItem\",\"position\":2,\"name\":\"Sa\u00edda de Mendes acentua disputa por presid\u00eancia do Conselho da Petrobras\"}]},{\"@type\":\"WebSite\",\"@id\":\"https:\/\/agenciainfra.com\/blog\/#website\",\"url\":\"https:\/\/agenciainfra.com\/blog\/\",\"name\":\"Ag\u00eancia iNFRA\",\"description\":\"Multiplataforma de informa\u00e7\u00e3o jornal\u00edstica refer\u00eancia na \u00e1rea de infraestrutura no Brasil!\",\"publisher\":{\"@id\":\"https:\/\/agenciainfra.com\/blog\/#organization\"},\"potentialAction\":[{\"@type\":\"SearchAction\",\"target\":{\"@type\":\"EntryPoint\",\"urlTemplate\":\"https:\/\/agenciainfra.com\/blog\/?s={search_term_string}\"},\"query-input\":{\"@type\":\"PropertyValueSpecification\",\"valueRequired\":true,\"valueName\":\"search_term_string\"}}],\"inLanguage\":\"pt-BR\"},{\"@type\":\"Organization\",\"@id\":\"https:\/\/agenciainfra.com\/blog\/#organization\",\"name\":\"Ag\u00eancia iNFRA\",\"url\":\"https:\/\/agenciainfra.com\/blog\/\",\"logo\":{\"@type\":\"ImageObject\",\"inLanguage\":\"pt-BR\",\"@id\":\"https:\/\/agenciainfra.com\/blog\/#\/schema\/logo\/image\/\",\"url\":\"https:\/\/agenciainfra.com\/blog\/wp-content\/uploads\/2023\/09\/iNFRA_5-e1761735885940.png\",\"contentUrl\":\"https:\/\/agenciainfra.com\/blog\/wp-content\/uploads\/2023\/09\/iNFRA_5-e1761735885940.png\",\"width\":1672,\"height\":454,\"caption\":\"Ag\u00eancia iNFRA\"},\"image\":{\"@id\":\"https:\/\/agenciainfra.com\/blog\/#\/schema\/logo\/image\/\"},\"sameAs\":[\"https:\/\/www.facebook.com\/ageninfra\",\"https:\/\/x.com\/agencia_infra\",\"https:\/\/www.linkedin.com\/company\/ag\u00eanciainfra\/\",\"https:\/\/www.instagram.com\/agenciainfra\/\"]},{\"@type\":\"Person\",\"@id\":\"https:\/\/agenciainfra.com\/blog\/#\/schema\/person\/34af08dff6adea4cb22b06612ba7acfa\",\"name\":\"Ag\u00eancia iNFRA\",\"image\":{\"@type\":\"ImageObject\",\"inLanguage\":\"pt-BR\",\"@id\":\"https:\/\/agenciainfra.com\/blog\/#\/schema\/person\/image\/\",\"url\":\"https:\/\/secure.gravatar.com\/avatar\/d189e01678f06d8eb84d4e01f08eb848b3fffe3f8443818d3c356c66892f5be8?s=96&d=mm&r=g\",\"contentUrl\":\"https:\/\/secure.gravatar.com\/avatar\/d189e01678f06d8eb84d4e01f08eb848b3fffe3f8443818d3c356c66892f5be8?s=96&d=mm&r=g\",\"caption\":\"Ag\u00eancia iNFRA\"},\"url\":\"https:\/\/agenciainfra.com\/blog\/author\/admin\/\"}]}<\/script>\n<!-- \/ Yoast SEO Premium plugin. -->","yoast_head_json":{"title":"Sa\u00edda de Mendes acentua disputa por presid\u00eancia do Conselho da Petrobras - Ag\u00eancia iNFRA","robots":{"index":"index","follow":"follow","max-snippet":"max-snippet:-1","max-image-preview":"max-image-preview:large","max-video-preview":"max-video-preview:-1"},"canonical":"https:\/\/agenciainfra.com\/blog\/saida-de-mendes-acentua-disputa-por-presidencia-do-conselho-da-petrobras\/","og_locale":"pt_BR","og_type":"article","og_title":"Sa\u00edda de Mendes acentua disputa por presid\u00eancia do Conselho da Petrobras","og_description":"Gabriel Vasconcelos, Marisa Wanzeller, Lais Carregosa e Geraldo Campos Jr., da Ag\u00eancia iNFRA A disputa por dois cargos at\u00e9 ent\u00e3o ocupados por Pietro Mendes se intensificou com sua aprova\u00e7\u00e3o para a diretoria da ANP (Ag\u00eancia Nacional do Petr\u00f3leo, G\u00e1s Natural e Biocombust\u00edveis): as cadeiras de presidente do CA (Conselho de Administra\u00e7\u00e3o) da Petrobras e de [&hellip;]","og_url":"https:\/\/agenciainfra.com\/blog\/saida-de-mendes-acentua-disputa-por-presidencia-do-conselho-da-petrobras\/","og_site_name":"Ag\u00eancia iNFRA","article_publisher":"https:\/\/www.facebook.com\/ageninfra","article_published_time":"2025-08-21T12:15:54+00:00","article_modified_time":"2025-08-22T13:44:27+00:00","og_image":[{"width":1280,"height":848,"url":"https:\/\/agenciainfra.com\/blog\/wp-content\/uploads\/2025\/08\/edificio-senado-petrobras-foto-agencia-petrobras.jpg","type":"image\/jpeg"}],"author":"Ag\u00eancia iNFRA","twitter_card":"summary_large_image","twitter_creator":"@agencia_infra","twitter_site":"@agencia_infra","twitter_misc":{"Escrito por":"Ag\u00eancia iNFRA","Est. tempo de leitura":"4 minutos"},"schema":{"@context":"https:\/\/schema.org","@graph":[{"@type":"Article","@id":"https:\/\/agenciainfra.com\/blog\/saida-de-mendes-acentua-disputa-por-presidencia-do-conselho-da-petrobras\/#article","isPartOf":{"@id":"https:\/\/agenciainfra.com\/blog\/saida-de-mendes-acentua-disputa-por-presidencia-do-conselho-da-petrobras\/"},"author":{"name":"Ag\u00eancia iNFRA","@id":"https:\/\/agenciainfra.com\/blog\/#\/schema\/person\/34af08dff6adea4cb22b06612ba7acfa"},"headline":"Sa\u00edda de Mendes acentua disputa por presid\u00eancia do Conselho da Petrobras","datePublished":"2025-08-21T12:15:54+00:00","dateModified":"2025-08-22T13:44:27+00:00","mainEntityOfPage":{"@id":"https:\/\/agenciainfra.com\/blog\/saida-de-mendes-acentua-disputa-por-presidencia-do-conselho-da-petrobras\/"},"wordCount":729,"publisher":{"@id":"https:\/\/agenciainfra.com\/blog\/#organization"},"image":{"@id":"https:\/\/agenciainfra.com\/blog\/saida-de-mendes-acentua-disputa-por-presidencia-do-conselho-da-petrobras\/#primaryimage"},"thumbnailUrl":"https:\/\/agenciainfra.com\/blog\/wp-content\/uploads\/2025\/08\/edificio-senado-petrobras-foto-agencia-petrobras.jpg","keywords":["Alexandre Silveira","ANP","Bruno Moretti","Gabriel Vasconcelos","Geraldo Campos Jr.","Lais Carregosa","Magda Chambriard","Marcello Weydt","Marisa Wanzeller","Petrobras","Pietro Mendes","Renato Galuppo","Tabita Loureiro"],"articleSection":["Geral","\u00d3leo &amp; G\u00e1s"],"inLanguage":"pt-BR","copyrightYear":"2025","copyrightHolder":{"@id":"https:\/\/agenciainfra.com\/blog\/#organization"}},{"@type":"WebPage","@id":"https:\/\/agenciainfra.com\/blog\/saida-de-mendes-acentua-disputa-por-presidencia-do-conselho-da-petrobras\/","url":"https:\/\/agenciainfra.com\/blog\/saida-de-mendes-acentua-disputa-por-presidencia-do-conselho-da-petrobras\/","name":"Sa\u00edda de Mendes acentua disputa por presid\u00eancia do Conselho da Petrobras - Ag\u00eancia iNFRA","isPartOf":{"@id":"https:\/\/agenciainfra.com\/blog\/#website"},"primaryImageOfPage":{"@id":"https:\/\/agenciainfra.com\/blog\/saida-de-mendes-acentua-disputa-por-presidencia-do-conselho-da-petrobras\/#primaryimage"},"image":{"@id":"https:\/\/agenciainfra.com\/blog\/saida-de-mendes-acentua-disputa-por-presidencia-do-conselho-da-petrobras\/#primaryimage"},"thumbnailUrl":"https:\/\/agenciainfra.com\/blog\/wp-content\/uploads\/2025\/08\/edificio-senado-petrobras-foto-agencia-petrobras.jpg","datePublished":"2025-08-21T12:15:54+00:00","dateModified":"2025-08-22T13:44:27+00:00","breadcrumb":{"@id":"https:\/\/agenciainfra.com\/blog\/saida-de-mendes-acentua-disputa-por-presidencia-do-conselho-da-petrobras\/#breadcrumb"},"inLanguage":"pt-BR","potentialAction":[{"@type":"ReadAction","target":["https:\/\/agenciainfra.com\/blog\/saida-de-mendes-acentua-disputa-por-presidencia-do-conselho-da-petrobras\/"]}]},{"@type":"ImageObject","inLanguage":"pt-BR","@id":"https:\/\/agenciainfra.com\/blog\/saida-de-mendes-acentua-disputa-por-presidencia-do-conselho-da-petrobras\/#primaryimage","url":"https:\/\/agenciainfra.com\/blog\/wp-content\/uploads\/2025\/08\/edificio-senado-petrobras-foto-agencia-petrobras.jpg","contentUrl":"https:\/\/agenciainfra.com\/blog\/wp-content\/uploads\/2025\/08\/edificio-senado-petrobras-foto-agencia-petrobras.jpg","width":1280,"height":848,"caption":"Foto: Ag\u00eancia Petrobras"},{"@type":"BreadcrumbList","@id":"https:\/\/agenciainfra.com\/blog\/saida-de-mendes-acentua-disputa-por-presidencia-do-conselho-da-petrobras\/#breadcrumb","itemListElement":[{"@type":"ListItem","position":1,"name":"In\u00edcio","item":"https:\/\/agenciainfra.com\/blog\/"},{"@type":"ListItem","position":2,"name":"Sa\u00edda de Mendes acentua disputa por presid\u00eancia do Conselho da Petrobras"}]},{"@type":"WebSite","@id":"https:\/\/agenciainfra.com\/blog\/#website","url":"https:\/\/agenciainfra.com\/blog\/","name":"Ag\u00eancia iNFRA","description":"Multiplataforma de informa\u00e7\u00e3o jornal\u00edstica refer\u00eancia na \u00e1rea de infraestrutura no Brasil!","publisher":{"@id":"https:\/\/agenciainfra.com\/blog\/#organization"},"potentialAction":[{"@type":"SearchAction","target":{"@type":"EntryPoint","urlTemplate":"https:\/\/agenciainfra.com\/blog\/?s={search_term_string}"},"query-input":{"@type":"PropertyValueSpecification","valueRequired":true,"valueName":"search_term_string"}}],"inLanguage":"pt-BR"},{"@type":"Organization","@id":"https:\/\/agenciainfra.com\/blog\/#organization","name":"Ag\u00eancia iNFRA","url":"https:\/\/agenciainfra.com\/blog\/","logo":{"@type":"ImageObject","inLanguage":"pt-BR","@id":"https:\/\/agenciainfra.com\/blog\/#\/schema\/logo\/image\/","url":"https:\/\/agenciainfra.com\/blog\/wp-content\/uploads\/2023\/09\/iNFRA_5-e1761735885940.png","contentUrl":"https:\/\/agenciainfra.com\/blog\/wp-content\/uploads\/2023\/09\/iNFRA_5-e1761735885940.png","width":1672,"height":454,"caption":"Ag\u00eancia iNFRA"},"image":{"@id":"https:\/\/agenciainfra.com\/blog\/#\/schema\/logo\/image\/"},"sameAs":["https:\/\/www.facebook.com\/ageninfra","https:\/\/x.com\/agencia_infra","https:\/\/www.linkedin.com\/company\/ag\u00eanciainfra\/","https:\/\/www.instagram.com\/agenciainfra\/"]},{"@type":"Person","@id":"https:\/\/agenciainfra.com\/blog\/#\/schema\/person\/34af08dff6adea4cb22b06612ba7acfa","name":"Ag\u00eancia iNFRA","image":{"@type":"ImageObject","inLanguage":"pt-BR","@id":"https:\/\/agenciainfra.com\/blog\/#\/schema\/person\/image\/","url":"https:\/\/secure.gravatar.com\/avatar\/d189e01678f06d8eb84d4e01f08eb848b3fffe3f8443818d3c356c66892f5be8?s=96&d=mm&r=g","contentUrl":"https:\/\/secure.gravatar.com\/avatar\/d189e01678f06d8eb84d4e01f08eb848b3fffe3f8443818d3c356c66892f5be8?s=96&d=mm&r=g","caption":"Ag\u00eancia iNFRA"},"url":"https:\/\/agenciainfra.com\/blog\/author\/admin\/"}]}},"_links":{"self":[{"href":"https:\/\/agenciainfra.com\/blog\/wp-json\/wp\/v2\/posts\/26543","targetHints":{"allow":["GET"]}}],"collection":[{"href":"https:\/\/agenciainfra.com\/blog\/wp-json\/wp\/v2\/posts"}],"about":[{"href":"https:\/\/agenciainfra.com\/blog\/wp-json\/wp\/v2\/types\/post"}],"author":[{"embeddable":true,"href":"https:\/\/agenciainfra.com\/blog\/wp-json\/wp\/v2\/users\/1"}],"replies":[{"embeddable":true,"href":"https:\/\/agenciainfra.com\/blog\/wp-json\/wp\/v2\/comments?post=26543"}],"version-history":[{"count":1,"href":"https:\/\/agenciainfra.com\/blog\/wp-json\/wp\/v2\/posts\/26543\/revisions"}],"predecessor-version":[{"id":26545,"href":"https:\/\/agenciainfra.com\/blog\/wp-json\/wp\/v2\/posts\/26543\/revisions\/26545"}],"wp:featuredmedia":[{"embeddable":true,"href":"https:\/\/agenciainfra.com\/blog\/wp-json\/wp\/v2\/media\/26544"}],"wp:attachment":[{"href":"https:\/\/agenciainfra.com\/blog\/wp-json\/wp\/v2\/media?parent=26543"}],"wp:term":[{"taxonomy":"category","embeddable":true,"href":"https:\/\/agenciainfra.com\/blog\/wp-json\/wp\/v2\/categories?post=26543"},{"taxonomy":"post_tag","embeddable":true,"href":"https:\/\/agenciainfra.com\/blog\/wp-json\/wp\/v2\/tags?post=26543"}],"curies":[{"name":"wp","href":"https:\/\/api.w.org\/{rel}","templated":true}]}}