{"id":26561,"date":"2025-08-21T13:33:17","date_gmt":"2025-08-21T16:33:17","guid":{"rendered":"https:\/\/agenciainfra.com\/blog\/?p=26561"},"modified":"2025-08-22T15:00:47","modified_gmt":"2025-08-22T18:00:47","slug":"ministerio-publico-junto-ao-tcu-pede-apuracao-sobre-irregularidades-do-lrcap-pelo-mme","status":"publish","type":"post","link":"https:\/\/agenciainfra.com\/blog\/ministerio-publico-junto-ao-tcu-pede-apuracao-sobre-irregularidades-do-lrcap-pelo-mme\/","title":{"rendered":"Minist\u00e9rio P\u00fablico junto ao TCU pede apura\u00e7\u00e3o sobre irregularidades do LRCAP pelo MME"},"content":{"rendered":"\n<p class=\"has-text-align-right\"><strong>Lais Carregosa e Marisa Wanzeller,<\/strong> <strong>da Ag\u00eancia iNFRA<\/strong><\/p>\n\n\n\n<p>O subprocurador-geral do Minist\u00e9rio P\u00fablico junto ao TCU (Tribunal de Contas da Uni\u00e3o), Lucas Furtado, encaminhou representa\u00e7\u00e3o \u00e0 corte solicitando apura\u00e7\u00e3o sobre \u201cind\u00edcios de irregularidades\u201d na condu\u00e7\u00e3o do LRCAP (Leil\u00e3o de Reserva de Capacidade e Pot\u00eancia) pelo MME (Minist\u00e9rio de Minas e Energia). Ele aponta atraso na realiza\u00e7\u00e3o do certame al\u00e9m de \u201cposs\u00edveis favorecimentos indevidos e a distor\u00e7\u00f5es no mercado de energia&#8221;.<\/p>\n\n\n\n<p>No documento, o subprocurador-geral pede que a corte: 1) apure os motivos do adiamento do certame; 2) investigue se o atraso est\u00e1 relacionado a \u201cfavorecimentos a empresas\u201d que n\u00e3o poderiam participar do leil\u00e3o devido a contratos vigentes; 3) avalie as cr\u00edticas aos subs\u00eddios a fontes incentivadas (como e\u00f3lica e solar) e a \u201caus\u00eancia de incentivos para hidrel\u00e9tricas\u201d.<\/p>\n\n\n\n<p>O leil\u00e3o de capacidade estava previsto inicialmente para agosto de 2024, mas foi suspenso e, at\u00e9 o momento, o novo edital n\u00e3o foi publicado.<\/p>\n\n\n\n<p><\/p>\n","protected":false},"excerpt":{"rendered":"<p>Lais Carregosa e Marisa Wanzeller, da Ag\u00eancia iNFRA O subprocurador-geral do Minist\u00e9rio P\u00fablico junto ao TCU (Tribunal de Contas da Uni\u00e3o), Lucas Furtado, encaminhou representa\u00e7\u00e3o \u00e0 corte solicitando apura\u00e7\u00e3o sobre \u201cind\u00edcios de irregularidades\u201d na condu\u00e7\u00e3o do LRCAP (Leil\u00e3o de Reserva de Capacidade e Pot\u00eancia) pelo MME (Minist\u00e9rio de Minas e Energia). Ele aponta atraso na [&hellip;]<\/p>\n","protected":false},"author":1,"featured_media":17785,"comment_status":"closed","ping_status":"closed","sticky":false,"template":"","format":"standard","meta":{"_monsterinsights_skip_tracking":false,"_monsterinsights_sitenote_active":false,"_monsterinsights_sitenote_note":"","_monsterinsights_sitenote_category":0,"footnotes":""},"categories":[7250,1,10],"tags":[282,13132,254,4912,5246,9822,10738,7366,14052],"class_list":["post-26561","post","type-post","status-publish","format-standard","has-post-thumbnail","hentry","category-destaque-lista","category-geral","category-infraenergia","tag-energia-eletrica","tag-lais-carregosa","tag-leilao","tag-leilao-de-energia","tag-leilao-de-reserva-de-capacidade","tag-lrcap","tag-lucas-furtado","tag-marisa-wanzeller","tag-mme-ministerio-de-minas-e-energia"],"yoast_head":"<!-- This site is optimized with the Yoast SEO Premium plugin v25.4 (Yoast SEO v26.0) - https:\/\/yoast.com\/wordpress\/plugins\/seo\/ -->\n<title>Minist\u00e9rio P\u00fablico junto ao TCU pede apura\u00e7\u00e3o sobre irregularidades do LRCAP pelo MME - Ag\u00eancia iNFRA<\/title>\n<meta name=\"robots\" content=\"index, follow, max-snippet:-1, max-image-preview:large, max-video-preview:-1\" \/>\n<link rel=\"canonical\" href=\"https:\/\/agenciainfra.com\/blog\/ministerio-publico-junto-ao-tcu-pede-apuracao-sobre-irregularidades-do-lrcap-pelo-mme\/\" \/>\n<meta property=\"og:locale\" content=\"pt_BR\" \/>\n<meta property=\"og:type\" content=\"article\" \/>\n<meta property=\"og:title\" content=\"Minist\u00e9rio P\u00fablico junto ao TCU pede apura\u00e7\u00e3o sobre irregularidades do LRCAP pelo MME\" \/>\n<meta property=\"og:description\" content=\"Lais Carregosa e Marisa Wanzeller, da Ag\u00eancia iNFRA O subprocurador-geral do Minist\u00e9rio P\u00fablico junto ao TCU (Tribunal de Contas da Uni\u00e3o), Lucas Furtado, encaminhou representa\u00e7\u00e3o \u00e0 corte solicitando apura\u00e7\u00e3o sobre \u201cind\u00edcios de irregularidades\u201d na condu\u00e7\u00e3o do LRCAP (Leil\u00e3o de Reserva de Capacidade e Pot\u00eancia) pelo MME (Minist\u00e9rio de Minas e Energia). Ele aponta atraso na [&hellip;]\" \/>\n<meta property=\"og:url\" content=\"https:\/\/agenciainfra.com\/blog\/ministerio-publico-junto-ao-tcu-pede-apuracao-sobre-irregularidades-do-lrcap-pelo-mme\/\" \/>\n<meta property=\"og:site_name\" content=\"Ag\u00eancia iNFRA\" \/>\n<meta property=\"article:publisher\" content=\"https:\/\/www.facebook.com\/ageninfra\" \/>\n<meta property=\"article:published_time\" content=\"2025-08-21T16:33:17+00:00\" \/>\n<meta property=\"article:modified_time\" content=\"2025-08-22T18:00:47+00:00\" \/>\n<meta property=\"og:image\" content=\"https:\/\/agenciainfra.com\/blog\/wp-content\/uploads\/2024\/07\/leilao-reserva-capacidade-energia-foto-governo-federal.jpeg\" \/>\n\t<meta property=\"og:image:width\" content=\"1202\" \/>\n\t<meta property=\"og:image:height\" content=\"720\" \/>\n\t<meta property=\"og:image:type\" content=\"image\/jpeg\" \/>\n<meta name=\"author\" content=\"Ag\u00eancia iNFRA\" \/>\n<meta name=\"twitter:card\" content=\"summary_large_image\" \/>\n<meta name=\"twitter:creator\" content=\"@agencia_infra\" \/>\n<meta name=\"twitter:site\" content=\"@agencia_infra\" \/>\n<meta name=\"twitter:label1\" content=\"Escrito por\" \/>\n\t<meta name=\"twitter:data1\" content=\"Ag\u00eancia iNFRA\" \/>\n\t<meta name=\"twitter:label2\" content=\"Est. tempo de leitura\" \/>\n\t<meta name=\"twitter:data2\" content=\"1 minuto\" \/>\n<script type=\"application\/ld+json\" class=\"yoast-schema-graph\">{\"@context\":\"https:\/\/schema.org\",\"@graph\":[{\"@type\":\"Article\",\"@id\":\"https:\/\/agenciainfra.com\/blog\/ministerio-publico-junto-ao-tcu-pede-apuracao-sobre-irregularidades-do-lrcap-pelo-mme\/#article\",\"isPartOf\":{\"@id\":\"https:\/\/agenciainfra.com\/blog\/ministerio-publico-junto-ao-tcu-pede-apuracao-sobre-irregularidades-do-lrcap-pelo-mme\/\"},\"author\":{\"name\":\"Ag\u00eancia iNFRA\",\"@id\":\"https:\/\/agenciainfra.com\/blog\/#\/schema\/person\/34af08dff6adea4cb22b06612ba7acfa\"},\"headline\":\"Minist\u00e9rio P\u00fablico junto ao TCU pede apura\u00e7\u00e3o sobre irregularidades do LRCAP pelo MME\",\"datePublished\":\"2025-08-21T16:33:17+00:00\",\"dateModified\":\"2025-08-22T18:00:47+00:00\",\"mainEntityOfPage\":{\"@id\":\"https:\/\/agenciainfra.com\/blog\/ministerio-publico-junto-ao-tcu-pede-apuracao-sobre-irregularidades-do-lrcap-pelo-mme\/\"},\"wordCount\":186,\"publisher\":{\"@id\":\"https:\/\/agenciainfra.com\/blog\/#organization\"},\"image\":{\"@id\":\"https:\/\/agenciainfra.com\/blog\/ministerio-publico-junto-ao-tcu-pede-apuracao-sobre-irregularidades-do-lrcap-pelo-mme\/#primaryimage\"},\"thumbnailUrl\":\"https:\/\/agenciainfra.com\/blog\/wp-content\/uploads\/2024\/07\/leilao-reserva-capacidade-energia-foto-governo-federal.jpeg\",\"keywords\":[\"energia el\u00e9trica\",\"Lais Carregosa\",\"leil\u00e3o\",\"leil\u00e3o de energia\",\"leil\u00e3o de reserva de capacidade\",\"LRCAP\",\"Lucas Furtado\",\"Marisa Wanzeller\",\"MME (Minist\u00e9rio de Minas e Energia)\"],\"articleSection\":[\"Destaque lista\",\"Geral\",\"iNFRAEnergia\"],\"inLanguage\":\"pt-BR\",\"copyrightYear\":\"2025\",\"copyrightHolder\":{\"@id\":\"https:\/\/agenciainfra.com\/blog\/#organization\"}},{\"@type\":\"WebPage\",\"@id\":\"https:\/\/agenciainfra.com\/blog\/ministerio-publico-junto-ao-tcu-pede-apuracao-sobre-irregularidades-do-lrcap-pelo-mme\/\",\"url\":\"https:\/\/agenciainfra.com\/blog\/ministerio-publico-junto-ao-tcu-pede-apuracao-sobre-irregularidades-do-lrcap-pelo-mme\/\",\"name\":\"Minist\u00e9rio P\u00fablico junto ao TCU pede apura\u00e7\u00e3o sobre irregularidades do LRCAP pelo MME - Ag\u00eancia iNFRA\",\"isPartOf\":{\"@id\":\"https:\/\/agenciainfra.com\/blog\/#website\"},\"primaryImageOfPage\":{\"@id\":\"https:\/\/agenciainfra.com\/blog\/ministerio-publico-junto-ao-tcu-pede-apuracao-sobre-irregularidades-do-lrcap-pelo-mme\/#primaryimage\"},\"image\":{\"@id\":\"https:\/\/agenciainfra.com\/blog\/ministerio-publico-junto-ao-tcu-pede-apuracao-sobre-irregularidades-do-lrcap-pelo-mme\/#primaryimage\"},\"thumbnailUrl\":\"https:\/\/agenciainfra.com\/blog\/wp-content\/uploads\/2024\/07\/leilao-reserva-capacidade-energia-foto-governo-federal.jpeg\",\"datePublished\":\"2025-08-21T16:33:17+00:00\",\"dateModified\":\"2025-08-22T18:00:47+00:00\",\"breadcrumb\":{\"@id\":\"https:\/\/agenciainfra.com\/blog\/ministerio-publico-junto-ao-tcu-pede-apuracao-sobre-irregularidades-do-lrcap-pelo-mme\/#breadcrumb\"},\"inLanguage\":\"pt-BR\",\"potentialAction\":[{\"@type\":\"ReadAction\",\"target\":[\"https:\/\/agenciainfra.com\/blog\/ministerio-publico-junto-ao-tcu-pede-apuracao-sobre-irregularidades-do-lrcap-pelo-mme\/\"]}]},{\"@type\":\"ImageObject\",\"inLanguage\":\"pt-BR\",\"@id\":\"https:\/\/agenciainfra.com\/blog\/ministerio-publico-junto-ao-tcu-pede-apuracao-sobre-irregularidades-do-lrcap-pelo-mme\/#primaryimage\",\"url\":\"https:\/\/agenciainfra.com\/blog\/wp-content\/uploads\/2024\/07\/leilao-reserva-capacidade-energia-foto-governo-federal.jpeg\",\"contentUrl\":\"https:\/\/agenciainfra.com\/blog\/wp-content\/uploads\/2024\/07\/leilao-reserva-capacidade-energia-foto-governo-federal.jpeg\",\"width\":1202,\"height\":720,\"caption\":\"Foto: Governo Federal\"},{\"@type\":\"BreadcrumbList\",\"@id\":\"https:\/\/agenciainfra.com\/blog\/ministerio-publico-junto-ao-tcu-pede-apuracao-sobre-irregularidades-do-lrcap-pelo-mme\/#breadcrumb\",\"itemListElement\":[{\"@type\":\"ListItem\",\"position\":1,\"name\":\"In\u00edcio\",\"item\":\"https:\/\/agenciainfra.com\/blog\/\"},{\"@type\":\"ListItem\",\"position\":2,\"name\":\"Minist\u00e9rio P\u00fablico junto ao TCU pede apura\u00e7\u00e3o sobre irregularidades do LRCAP pelo MME\"}]},{\"@type\":\"WebSite\",\"@id\":\"https:\/\/agenciainfra.com\/blog\/#website\",\"url\":\"https:\/\/agenciainfra.com\/blog\/\",\"name\":\"Ag\u00eancia iNFRA\",\"description\":\"Multiplataforma de informa\u00e7\u00e3o jornal\u00edstica refer\u00eancia na \u00e1rea de infraestrutura no Brasil!\",\"publisher\":{\"@id\":\"https:\/\/agenciainfra.com\/blog\/#organization\"},\"potentialAction\":[{\"@type\":\"SearchAction\",\"target\":{\"@type\":\"EntryPoint\",\"urlTemplate\":\"https:\/\/agenciainfra.com\/blog\/?s={search_term_string}\"},\"query-input\":{\"@type\":\"PropertyValueSpecification\",\"valueRequired\":true,\"valueName\":\"search_term_string\"}}],\"inLanguage\":\"pt-BR\"},{\"@type\":\"Organization\",\"@id\":\"https:\/\/agenciainfra.com\/blog\/#organization\",\"name\":\"Ag\u00eancia iNFRA\",\"url\":\"https:\/\/agenciainfra.com\/blog\/\",\"logo\":{\"@type\":\"ImageObject\",\"inLanguage\":\"pt-BR\",\"@id\":\"https:\/\/agenciainfra.com\/blog\/#\/schema\/logo\/image\/\",\"url\":\"https:\/\/agenciainfra.com\/blog\/wp-content\/uploads\/2023\/09\/iNFRA_5-e1761735885940.png\",\"contentUrl\":\"https:\/\/agenciainfra.com\/blog\/wp-content\/uploads\/2023\/09\/iNFRA_5-e1761735885940.png\",\"width\":1672,\"height\":454,\"caption\":\"Ag\u00eancia iNFRA\"},\"image\":{\"@id\":\"https:\/\/agenciainfra.com\/blog\/#\/schema\/logo\/image\/\"},\"sameAs\":[\"https:\/\/www.facebook.com\/ageninfra\",\"https:\/\/x.com\/agencia_infra\",\"https:\/\/www.linkedin.com\/company\/ag\u00eanciainfra\/\",\"https:\/\/www.instagram.com\/agenciainfra\/\"]},{\"@type\":\"Person\",\"@id\":\"https:\/\/agenciainfra.com\/blog\/#\/schema\/person\/34af08dff6adea4cb22b06612ba7acfa\",\"name\":\"Ag\u00eancia iNFRA\",\"image\":{\"@type\":\"ImageObject\",\"inLanguage\":\"pt-BR\",\"@id\":\"https:\/\/agenciainfra.com\/blog\/#\/schema\/person\/image\/\",\"url\":\"https:\/\/secure.gravatar.com\/avatar\/d189e01678f06d8eb84d4e01f08eb848b3fffe3f8443818d3c356c66892f5be8?s=96&d=mm&r=g\",\"contentUrl\":\"https:\/\/secure.gravatar.com\/avatar\/d189e01678f06d8eb84d4e01f08eb848b3fffe3f8443818d3c356c66892f5be8?s=96&d=mm&r=g\",\"caption\":\"Ag\u00eancia iNFRA\"},\"url\":\"https:\/\/agenciainfra.com\/blog\/author\/admin\/\"}]}<\/script>\n<!-- \/ Yoast SEO Premium plugin. -->","yoast_head_json":{"title":"Minist\u00e9rio P\u00fablico junto ao TCU pede apura\u00e7\u00e3o sobre irregularidades do LRCAP pelo MME - Ag\u00eancia iNFRA","robots":{"index":"index","follow":"follow","max-snippet":"max-snippet:-1","max-image-preview":"max-image-preview:large","max-video-preview":"max-video-preview:-1"},"canonical":"https:\/\/agenciainfra.com\/blog\/ministerio-publico-junto-ao-tcu-pede-apuracao-sobre-irregularidades-do-lrcap-pelo-mme\/","og_locale":"pt_BR","og_type":"article","og_title":"Minist\u00e9rio P\u00fablico junto ao TCU pede apura\u00e7\u00e3o sobre irregularidades do LRCAP pelo MME","og_description":"Lais Carregosa e Marisa Wanzeller, da Ag\u00eancia iNFRA O subprocurador-geral do Minist\u00e9rio P\u00fablico junto ao TCU (Tribunal de Contas da Uni\u00e3o), Lucas Furtado, encaminhou representa\u00e7\u00e3o \u00e0 corte solicitando apura\u00e7\u00e3o sobre \u201cind\u00edcios de irregularidades\u201d na condu\u00e7\u00e3o do LRCAP (Leil\u00e3o de Reserva de Capacidade e Pot\u00eancia) pelo MME (Minist\u00e9rio de Minas e Energia). Ele aponta atraso na [&hellip;]","og_url":"https:\/\/agenciainfra.com\/blog\/ministerio-publico-junto-ao-tcu-pede-apuracao-sobre-irregularidades-do-lrcap-pelo-mme\/","og_site_name":"Ag\u00eancia iNFRA","article_publisher":"https:\/\/www.facebook.com\/ageninfra","article_published_time":"2025-08-21T16:33:17+00:00","article_modified_time":"2025-08-22T18:00:47+00:00","og_image":[{"width":1202,"height":720,"url":"https:\/\/agenciainfra.com\/blog\/wp-content\/uploads\/2024\/07\/leilao-reserva-capacidade-energia-foto-governo-federal.jpeg","type":"image\/jpeg"}],"author":"Ag\u00eancia iNFRA","twitter_card":"summary_large_image","twitter_creator":"@agencia_infra","twitter_site":"@agencia_infra","twitter_misc":{"Escrito por":"Ag\u00eancia iNFRA","Est. tempo de leitura":"1 minuto"},"schema":{"@context":"https:\/\/schema.org","@graph":[{"@type":"Article","@id":"https:\/\/agenciainfra.com\/blog\/ministerio-publico-junto-ao-tcu-pede-apuracao-sobre-irregularidades-do-lrcap-pelo-mme\/#article","isPartOf":{"@id":"https:\/\/agenciainfra.com\/blog\/ministerio-publico-junto-ao-tcu-pede-apuracao-sobre-irregularidades-do-lrcap-pelo-mme\/"},"author":{"name":"Ag\u00eancia iNFRA","@id":"https:\/\/agenciainfra.com\/blog\/#\/schema\/person\/34af08dff6adea4cb22b06612ba7acfa"},"headline":"Minist\u00e9rio P\u00fablico junto ao TCU pede apura\u00e7\u00e3o sobre irregularidades do LRCAP pelo MME","datePublished":"2025-08-21T16:33:17+00:00","dateModified":"2025-08-22T18:00:47+00:00","mainEntityOfPage":{"@id":"https:\/\/agenciainfra.com\/blog\/ministerio-publico-junto-ao-tcu-pede-apuracao-sobre-irregularidades-do-lrcap-pelo-mme\/"},"wordCount":186,"publisher":{"@id":"https:\/\/agenciainfra.com\/blog\/#organization"},"image":{"@id":"https:\/\/agenciainfra.com\/blog\/ministerio-publico-junto-ao-tcu-pede-apuracao-sobre-irregularidades-do-lrcap-pelo-mme\/#primaryimage"},"thumbnailUrl":"https:\/\/agenciainfra.com\/blog\/wp-content\/uploads\/2024\/07\/leilao-reserva-capacidade-energia-foto-governo-federal.jpeg","keywords":["energia el\u00e9trica","Lais Carregosa","leil\u00e3o","leil\u00e3o de energia","leil\u00e3o de reserva de capacidade","LRCAP","Lucas Furtado","Marisa Wanzeller","MME (Minist\u00e9rio de Minas e Energia)"],"articleSection":["Destaque lista","Geral","iNFRAEnergia"],"inLanguage":"pt-BR","copyrightYear":"2025","copyrightHolder":{"@id":"https:\/\/agenciainfra.com\/blog\/#organization"}},{"@type":"WebPage","@id":"https:\/\/agenciainfra.com\/blog\/ministerio-publico-junto-ao-tcu-pede-apuracao-sobre-irregularidades-do-lrcap-pelo-mme\/","url":"https:\/\/agenciainfra.com\/blog\/ministerio-publico-junto-ao-tcu-pede-apuracao-sobre-irregularidades-do-lrcap-pelo-mme\/","name":"Minist\u00e9rio P\u00fablico junto ao TCU pede apura\u00e7\u00e3o sobre irregularidades do LRCAP pelo MME - Ag\u00eancia iNFRA","isPartOf":{"@id":"https:\/\/agenciainfra.com\/blog\/#website"},"primaryImageOfPage":{"@id":"https:\/\/agenciainfra.com\/blog\/ministerio-publico-junto-ao-tcu-pede-apuracao-sobre-irregularidades-do-lrcap-pelo-mme\/#primaryimage"},"image":{"@id":"https:\/\/agenciainfra.com\/blog\/ministerio-publico-junto-ao-tcu-pede-apuracao-sobre-irregularidades-do-lrcap-pelo-mme\/#primaryimage"},"thumbnailUrl":"https:\/\/agenciainfra.com\/blog\/wp-content\/uploads\/2024\/07\/leilao-reserva-capacidade-energia-foto-governo-federal.jpeg","datePublished":"2025-08-21T16:33:17+00:00","dateModified":"2025-08-22T18:00:47+00:00","breadcrumb":{"@id":"https:\/\/agenciainfra.com\/blog\/ministerio-publico-junto-ao-tcu-pede-apuracao-sobre-irregularidades-do-lrcap-pelo-mme\/#breadcrumb"},"inLanguage":"pt-BR","potentialAction":[{"@type":"ReadAction","target":["https:\/\/agenciainfra.com\/blog\/ministerio-publico-junto-ao-tcu-pede-apuracao-sobre-irregularidades-do-lrcap-pelo-mme\/"]}]},{"@type":"ImageObject","inLanguage":"pt-BR","@id":"https:\/\/agenciainfra.com\/blog\/ministerio-publico-junto-ao-tcu-pede-apuracao-sobre-irregularidades-do-lrcap-pelo-mme\/#primaryimage","url":"https:\/\/agenciainfra.com\/blog\/wp-content\/uploads\/2024\/07\/leilao-reserva-capacidade-energia-foto-governo-federal.jpeg","contentUrl":"https:\/\/agenciainfra.com\/blog\/wp-content\/uploads\/2024\/07\/leilao-reserva-capacidade-energia-foto-governo-federal.jpeg","width":1202,"height":720,"caption":"Foto: Governo Federal"},{"@type":"BreadcrumbList","@id":"https:\/\/agenciainfra.com\/blog\/ministerio-publico-junto-ao-tcu-pede-apuracao-sobre-irregularidades-do-lrcap-pelo-mme\/#breadcrumb","itemListElement":[{"@type":"ListItem","position":1,"name":"In\u00edcio","item":"https:\/\/agenciainfra.com\/blog\/"},{"@type":"ListItem","position":2,"name":"Minist\u00e9rio P\u00fablico junto ao TCU pede apura\u00e7\u00e3o sobre irregularidades do LRCAP pelo MME"}]},{"@type":"WebSite","@id":"https:\/\/agenciainfra.com\/blog\/#website","url":"https:\/\/agenciainfra.com\/blog\/","name":"Ag\u00eancia iNFRA","description":"Multiplataforma de informa\u00e7\u00e3o jornal\u00edstica refer\u00eancia na \u00e1rea de infraestrutura no Brasil!","publisher":{"@id":"https:\/\/agenciainfra.com\/blog\/#organization"},"potentialAction":[{"@type":"SearchAction","target":{"@type":"EntryPoint","urlTemplate":"https:\/\/agenciainfra.com\/blog\/?s={search_term_string}"},"query-input":{"@type":"PropertyValueSpecification","valueRequired":true,"valueName":"search_term_string"}}],"inLanguage":"pt-BR"},{"@type":"Organization","@id":"https:\/\/agenciainfra.com\/blog\/#organization","name":"Ag\u00eancia iNFRA","url":"https:\/\/agenciainfra.com\/blog\/","logo":{"@type":"ImageObject","inLanguage":"pt-BR","@id":"https:\/\/agenciainfra.com\/blog\/#\/schema\/logo\/image\/","url":"https:\/\/agenciainfra.com\/blog\/wp-content\/uploads\/2023\/09\/iNFRA_5-e1761735885940.png","contentUrl":"https:\/\/agenciainfra.com\/blog\/wp-content\/uploads\/2023\/09\/iNFRA_5-e1761735885940.png","width":1672,"height":454,"caption":"Ag\u00eancia iNFRA"},"image":{"@id":"https:\/\/agenciainfra.com\/blog\/#\/schema\/logo\/image\/"},"sameAs":["https:\/\/www.facebook.com\/ageninfra","https:\/\/x.com\/agencia_infra","https:\/\/www.linkedin.com\/company\/ag\u00eanciainfra\/","https:\/\/www.instagram.com\/agenciainfra\/"]},{"@type":"Person","@id":"https:\/\/agenciainfra.com\/blog\/#\/schema\/person\/34af08dff6adea4cb22b06612ba7acfa","name":"Ag\u00eancia iNFRA","image":{"@type":"ImageObject","inLanguage":"pt-BR","@id":"https:\/\/agenciainfra.com\/blog\/#\/schema\/person\/image\/","url":"https:\/\/secure.gravatar.com\/avatar\/d189e01678f06d8eb84d4e01f08eb848b3fffe3f8443818d3c356c66892f5be8?s=96&d=mm&r=g","contentUrl":"https:\/\/secure.gravatar.com\/avatar\/d189e01678f06d8eb84d4e01f08eb848b3fffe3f8443818d3c356c66892f5be8?s=96&d=mm&r=g","caption":"Ag\u00eancia iNFRA"},"url":"https:\/\/agenciainfra.com\/blog\/author\/admin\/"}]}},"_links":{"self":[{"href":"https:\/\/agenciainfra.com\/blog\/wp-json\/wp\/v2\/posts\/26561","targetHints":{"allow":["GET"]}}],"collection":[{"href":"https:\/\/agenciainfra.com\/blog\/wp-json\/wp\/v2\/posts"}],"about":[{"href":"https:\/\/agenciainfra.com\/blog\/wp-json\/wp\/v2\/types\/post"}],"author":[{"embeddable":true,"href":"https:\/\/agenciainfra.com\/blog\/wp-json\/wp\/v2\/users\/1"}],"replies":[{"embeddable":true,"href":"https:\/\/agenciainfra.com\/blog\/wp-json\/wp\/v2\/comments?post=26561"}],"version-history":[{"count":1,"href":"https:\/\/agenciainfra.com\/blog\/wp-json\/wp\/v2\/posts\/26561\/revisions"}],"predecessor-version":[{"id":26562,"href":"https:\/\/agenciainfra.com\/blog\/wp-json\/wp\/v2\/posts\/26561\/revisions\/26562"}],"wp:featuredmedia":[{"embeddable":true,"href":"https:\/\/agenciainfra.com\/blog\/wp-json\/wp\/v2\/media\/17785"}],"wp:attachment":[{"href":"https:\/\/agenciainfra.com\/blog\/wp-json\/wp\/v2\/media?parent=26561"}],"wp:term":[{"taxonomy":"category","embeddable":true,"href":"https:\/\/agenciainfra.com\/blog\/wp-json\/wp\/v2\/categories?post=26561"},{"taxonomy":"post_tag","embeddable":true,"href":"https:\/\/agenciainfra.com\/blog\/wp-json\/wp\/v2\/tags?post=26561"}],"curies":[{"name":"wp","href":"https:\/\/api.w.org\/{rel}","templated":true}]}}