{"id":2658,"date":"2018-12-03T08:43:02","date_gmt":"2018-12-03T11:43:02","guid":{"rendered":"http:\/\/www.agenciainfra.com\/blog\/?p=2658"},"modified":"2018-12-03T08:43:02","modified_gmt":"2018-12-03T11:43:02","slug":"ministro-fundira-secretarias-e-escolhe-secretario-executivo-de-infraestrutura","status":"publish","type":"post","link":"https:\/\/agenciainfra.com\/blog\/ministro-fundira-secretarias-e-escolhe-secretario-executivo-de-infraestrutura\/","title":{"rendered":"Ministro fundir\u00e1 secretarias e escolhe secret\u00e1rio executivo de Infraestrutura"},"content":{"rendered":"<h5 style=\"text-align: right;\"><strong>Dimmi Amora, da\u00a0Ag\u00eancia iNFRA<\/strong><\/h5>\n<div>\n<p>O ministro escolhido da Infraestrutura, Tarc\u00edsio de Freitas, afirmou que vai fundir as secretarias de Pol\u00edtica e Integra\u00e7\u00e3o e Fomento e Parceria do atual minist\u00e9rio dos Transportes, Portos e Avia\u00e7\u00e3o Civil, mas manter\u00e1 a estrutura de uma secretaria para cada modal de transportes: Terrestre (ferrovias e rodovias), Portos e Aeroportos.<\/p>\n<p>Em entrevista ap\u00f3s a cerim\u00f4nia no Pal\u00e1cio do Planalto para o lan\u00e7amento de editais de concess\u00e3o de aeroportos, terminais portu\u00e1rios e uma ferrovia, o novo ministro afirmou que essa ser\u00e1 a \u00fanica mudan\u00e7a na estrutura do minist\u00e9rio e que est\u00e1 procurando nomes t\u00e9cnicos qualificados para a pasta.<\/p>\n<p>&#8220;Isso \u00e9 fundamental. O PPI\u00a0mostrou que ningu\u00e9m faz nada sozinho&#8221;, disse Freitas que \u00e9 secret\u00e1rio do PPI (Programa de Parceria de Investimentos).<\/p>\n<p>Ap\u00f3s a entrevista, a\u00a0<strong>Ag\u00eancia iNFRA<\/strong>\u00a0confirmou que o subsecret\u00e1rio da secretaria de Articula\u00e7\u00e3o e Monitoramento da Casa Civil, Marcelo Sampaio, ser\u00e1 o secret\u00e1rio-executivo do minist\u00e9rio de Infraestrutura, em decis\u00e3o j\u00e1 tomada pelo presidente eleito Jair Bolsonaro.<\/p>\n<p>Sampaio trabalhou no DNIT (Departamento Nacional de Infraestrutura de Transportes) com Tarc\u00edsio de Freitas antes de ir para a Casa Civil, j\u00e1 no governo de Michel Temer. Considerado um t\u00e9cnico de alta capacidade e boa articula\u00e7\u00e3o, ele tem bom tr\u00e2nsito com o grupo militar que cerca o presidente.<\/p>\n<p><strong>Cumprimentos<\/strong><br \/>\nAp\u00f3s a cerim\u00f4nia, que contou com mais de 300 pessoas, formou-se uma fila de cumprimentos em torno do novo ministro. Depois, ele falou rapidamente com jornalistas e fez quest\u00e3o de dizer que n\u00e3o haver\u00e1 mudan\u00e7as na tabela de frete por agora. Segundo ele, o momento \u00e9 de cuidar dos caminhoneiros.<\/p>\n<p>&#8220;A solu\u00e7\u00e3o definitiva vir\u00e1 quando houver crescimento econ\u00f4mico, gera\u00e7\u00e3o de demanda e um reequil\u00edbrio do mercado&#8221;, disse o futuro ministro.<\/p>\n<p>Segundo ele, sua prioridade para o in\u00edcio do mandato \u00e9 dar flu\u00eancia para a safra de gr\u00e3os de 2018\/2019 e evitar problemas na BR-163\/PA. A rodovia ainda tem um trecho n\u00e3o asfaltado, mas cujas obras tocadas pelo Ex\u00e9rcito ao longo do ano dever\u00e3o melhorar a fluidez, como ocorreu em 2017\/2018.<\/p>\n<\/div>\n","protected":false},"excerpt":{"rendered":"<p>Dimmi Amora, da\u00a0Ag\u00eancia iNFRA O ministro escolhido da Infraestrutura, Tarc\u00edsio de Freitas, afirmou que vai fundir as secretarias de Pol\u00edtica e Integra\u00e7\u00e3o e Fomento e Parceria do atual minist\u00e9rio dos Transportes, Portos e Avia\u00e7\u00e3o Civil, mas manter\u00e1 a estrutura de uma secretaria para cada modal de transportes: Terrestre (ferrovias e rodovias), Portos e Aeroportos. Em [&hellip;]<\/p>\n","protected":false},"author":1,"featured_media":1018,"comment_status":"closed","ping_status":"open","sticky":false,"template":"","format":"standard","meta":{"_monsterinsights_skip_tracking":false,"_monsterinsights_sitenote_active":false,"_monsterinsights_sitenote_note":"","_monsterinsights_sitenote_category":0,"footnotes":""},"categories":[7],"tags":[78,34,671,689,448],"class_list":["post-2658","post","type-post","status-publish","format-standard","has-post-thumbnail","hentry","category-infratransporte","tag-concessoes","tag-infraestrutura","tag-ministerio","tag-secretario-executivo","tag-tarcisio-de-freitas"],"yoast_head":"<!-- This site is optimized with the Yoast SEO Premium plugin v25.4 (Yoast SEO v26.0) - https:\/\/yoast.com\/wordpress\/plugins\/seo\/ -->\n<title>Ministro fundir\u00e1 secretarias e escolhe secret\u00e1rio executivo de Infraestrutura - Ag\u00eancia iNFRA<\/title>\n<meta name=\"robots\" content=\"index, follow, max-snippet:-1, max-image-preview:large, max-video-preview:-1\" \/>\n<link rel=\"canonical\" href=\"https:\/\/agenciainfra.com\/blog\/ministro-fundira-secretarias-e-escolhe-secretario-executivo-de-infraestrutura\/\" \/>\n<meta property=\"og:locale\" content=\"pt_BR\" \/>\n<meta property=\"og:type\" content=\"article\" \/>\n<meta property=\"og:title\" content=\"Ministro fundir\u00e1 secretarias e escolhe secret\u00e1rio executivo de Infraestrutura\" \/>\n<meta property=\"og:description\" content=\"Dimmi Amora, da\u00a0Ag\u00eancia iNFRA O ministro escolhido da Infraestrutura, Tarc\u00edsio de Freitas, afirmou que vai fundir as secretarias de Pol\u00edtica e Integra\u00e7\u00e3o e Fomento e Parceria do atual minist\u00e9rio dos Transportes, Portos e Avia\u00e7\u00e3o Civil, mas manter\u00e1 a estrutura de uma secretaria para cada modal de transportes: Terrestre (ferrovias e rodovias), Portos e Aeroportos. Em [&hellip;]\" \/>\n<meta property=\"og:url\" content=\"https:\/\/agenciainfra.com\/blog\/ministro-fundira-secretarias-e-escolhe-secretario-executivo-de-infraestrutura\/\" \/>\n<meta property=\"og:site_name\" content=\"Ag\u00eancia iNFRA\" \/>\n<meta property=\"article:publisher\" content=\"https:\/\/www.facebook.com\/ageninfra\" \/>\n<meta property=\"article:published_time\" content=\"2018-12-03T11:43:02+00:00\" \/>\n<meta property=\"og:image\" content=\"https:\/\/agenciainfra.com\/blog\/wp-content\/uploads\/2017\/08\/46cac8e8-2e03-4243-8d3c-16db7daee58d-e1502910475159.jpg\" \/>\n\t<meta property=\"og:image:width\" content=\"506\" \/>\n\t<meta property=\"og:image:height\" content=\"991\" \/>\n\t<meta property=\"og:image:type\" content=\"image\/jpeg\" \/>\n<meta name=\"author\" content=\"Ag\u00eancia iNFRA\" \/>\n<meta name=\"twitter:card\" content=\"summary_large_image\" \/>\n<meta name=\"twitter:creator\" content=\"@agencia_infra\" \/>\n<meta name=\"twitter:site\" content=\"@agencia_infra\" \/>\n<meta name=\"twitter:label1\" content=\"Escrito por\" \/>\n\t<meta name=\"twitter:data1\" content=\"Ag\u00eancia iNFRA\" \/>\n\t<meta name=\"twitter:label2\" content=\"Est. tempo de leitura\" \/>\n\t<meta name=\"twitter:data2\" content=\"2 minutos\" \/>\n<script type=\"application\/ld+json\" class=\"yoast-schema-graph\">{\"@context\":\"https:\/\/schema.org\",\"@graph\":[{\"@type\":\"Article\",\"@id\":\"https:\/\/agenciainfra.com\/blog\/ministro-fundira-secretarias-e-escolhe-secretario-executivo-de-infraestrutura\/#article\",\"isPartOf\":{\"@id\":\"https:\/\/agenciainfra.com\/blog\/ministro-fundira-secretarias-e-escolhe-secretario-executivo-de-infraestrutura\/\"},\"author\":{\"name\":\"Ag\u00eancia iNFRA\",\"@id\":\"https:\/\/agenciainfra.com\/blog\/#\/schema\/person\/34af08dff6adea4cb22b06612ba7acfa\"},\"headline\":\"Ministro fundir\u00e1 secretarias e escolhe secret\u00e1rio executivo de Infraestrutura\",\"datePublished\":\"2018-12-03T11:43:02+00:00\",\"mainEntityOfPage\":{\"@id\":\"https:\/\/agenciainfra.com\/blog\/ministro-fundira-secretarias-e-escolhe-secretario-executivo-de-infraestrutura\/\"},\"wordCount\":378,\"publisher\":{\"@id\":\"https:\/\/agenciainfra.com\/blog\/#organization\"},\"image\":{\"@id\":\"https:\/\/agenciainfra.com\/blog\/ministro-fundira-secretarias-e-escolhe-secretario-executivo-de-infraestrutura\/#primaryimage\"},\"thumbnailUrl\":\"https:\/\/agenciainfra.com\/blog\/wp-content\/uploads\/2017\/08\/46cac8e8-2e03-4243-8d3c-16db7daee58d-e1502910475159.jpg\",\"keywords\":[\"concess\u00f5es\",\"Infraestrutura\",\"Minist\u00e9rio\",\"Secret\u00e1rio Executivo\",\"Tarc\u00edsio de Freitas\"],\"articleSection\":[\"iNFRATransporte\"],\"inLanguage\":\"pt-BR\",\"copyrightYear\":\"2018\",\"copyrightHolder\":{\"@id\":\"https:\/\/agenciainfra.com\/blog\/#organization\"}},{\"@type\":\"WebPage\",\"@id\":\"https:\/\/agenciainfra.com\/blog\/ministro-fundira-secretarias-e-escolhe-secretario-executivo-de-infraestrutura\/\",\"url\":\"https:\/\/agenciainfra.com\/blog\/ministro-fundira-secretarias-e-escolhe-secretario-executivo-de-infraestrutura\/\",\"name\":\"Ministro fundir\u00e1 secretarias e escolhe secret\u00e1rio executivo de Infraestrutura - Ag\u00eancia iNFRA\",\"isPartOf\":{\"@id\":\"https:\/\/agenciainfra.com\/blog\/#website\"},\"primaryImageOfPage\":{\"@id\":\"https:\/\/agenciainfra.com\/blog\/ministro-fundira-secretarias-e-escolhe-secretario-executivo-de-infraestrutura\/#primaryimage\"},\"image\":{\"@id\":\"https:\/\/agenciainfra.com\/blog\/ministro-fundira-secretarias-e-escolhe-secretario-executivo-de-infraestrutura\/#primaryimage\"},\"thumbnailUrl\":\"https:\/\/agenciainfra.com\/blog\/wp-content\/uploads\/2017\/08\/46cac8e8-2e03-4243-8d3c-16db7daee58d-e1502910475159.jpg\",\"datePublished\":\"2018-12-03T11:43:02+00:00\",\"breadcrumb\":{\"@id\":\"https:\/\/agenciainfra.com\/blog\/ministro-fundira-secretarias-e-escolhe-secretario-executivo-de-infraestrutura\/#breadcrumb\"},\"inLanguage\":\"pt-BR\",\"potentialAction\":[{\"@type\":\"ReadAction\",\"target\":[\"https:\/\/agenciainfra.com\/blog\/ministro-fundira-secretarias-e-escolhe-secretario-executivo-de-infraestrutura\/\"]}]},{\"@type\":\"ImageObject\",\"inLanguage\":\"pt-BR\",\"@id\":\"https:\/\/agenciainfra.com\/blog\/ministro-fundira-secretarias-e-escolhe-secretario-executivo-de-infraestrutura\/#primaryimage\",\"url\":\"https:\/\/agenciainfra.com\/blog\/wp-content\/uploads\/2017\/08\/46cac8e8-2e03-4243-8d3c-16db7daee58d-e1502910475159.jpg\",\"contentUrl\":\"https:\/\/agenciainfra.com\/blog\/wp-content\/uploads\/2017\/08\/46cac8e8-2e03-4243-8d3c-16db7daee58d-e1502910475159.jpg\",\"width\":506,\"height\":991},{\"@type\":\"BreadcrumbList\",\"@id\":\"https:\/\/agenciainfra.com\/blog\/ministro-fundira-secretarias-e-escolhe-secretario-executivo-de-infraestrutura\/#breadcrumb\",\"itemListElement\":[{\"@type\":\"ListItem\",\"position\":1,\"name\":\"In\u00edcio\",\"item\":\"https:\/\/agenciainfra.com\/blog\/\"},{\"@type\":\"ListItem\",\"position\":2,\"name\":\"Ministro fundir\u00e1 secretarias e escolhe secret\u00e1rio executivo de Infraestrutura\"}]},{\"@type\":\"WebSite\",\"@id\":\"https:\/\/agenciainfra.com\/blog\/#website\",\"url\":\"https:\/\/agenciainfra.com\/blog\/\",\"name\":\"Ag\u00eancia iNFRA\",\"description\":\"Multiplataforma de informa\u00e7\u00e3o jornal\u00edstica refer\u00eancia na \u00e1rea de infraestrutura no Brasil!\",\"publisher\":{\"@id\":\"https:\/\/agenciainfra.com\/blog\/#organization\"},\"potentialAction\":[{\"@type\":\"SearchAction\",\"target\":{\"@type\":\"EntryPoint\",\"urlTemplate\":\"https:\/\/agenciainfra.com\/blog\/?s={search_term_string}\"},\"query-input\":{\"@type\":\"PropertyValueSpecification\",\"valueRequired\":true,\"valueName\":\"search_term_string\"}}],\"inLanguage\":\"pt-BR\"},{\"@type\":\"Organization\",\"@id\":\"https:\/\/agenciainfra.com\/blog\/#organization\",\"name\":\"Ag\u00eancia iNFRA\",\"url\":\"https:\/\/agenciainfra.com\/blog\/\",\"logo\":{\"@type\":\"ImageObject\",\"inLanguage\":\"pt-BR\",\"@id\":\"https:\/\/agenciainfra.com\/blog\/#\/schema\/logo\/image\/\",\"url\":\"https:\/\/agenciainfra.com\/blog\/wp-content\/uploads\/2023\/09\/iNFRA_5-e1761735885940.png\",\"contentUrl\":\"https:\/\/agenciainfra.com\/blog\/wp-content\/uploads\/2023\/09\/iNFRA_5-e1761735885940.png\",\"width\":1672,\"height\":454,\"caption\":\"Ag\u00eancia iNFRA\"},\"image\":{\"@id\":\"https:\/\/agenciainfra.com\/blog\/#\/schema\/logo\/image\/\"},\"sameAs\":[\"https:\/\/www.facebook.com\/ageninfra\",\"https:\/\/x.com\/agencia_infra\",\"https:\/\/www.linkedin.com\/company\/ag\u00eanciainfra\/\",\"https:\/\/www.instagram.com\/agenciainfra\/\"]},{\"@type\":\"Person\",\"@id\":\"https:\/\/agenciainfra.com\/blog\/#\/schema\/person\/34af08dff6adea4cb22b06612ba7acfa\",\"name\":\"Ag\u00eancia iNFRA\",\"image\":{\"@type\":\"ImageObject\",\"inLanguage\":\"pt-BR\",\"@id\":\"https:\/\/agenciainfra.com\/blog\/#\/schema\/person\/image\/\",\"url\":\"https:\/\/secure.gravatar.com\/avatar\/d189e01678f06d8eb84d4e01f08eb848b3fffe3f8443818d3c356c66892f5be8?s=96&d=mm&r=g\",\"contentUrl\":\"https:\/\/secure.gravatar.com\/avatar\/d189e01678f06d8eb84d4e01f08eb848b3fffe3f8443818d3c356c66892f5be8?s=96&d=mm&r=g\",\"caption\":\"Ag\u00eancia iNFRA\"},\"url\":\"https:\/\/agenciainfra.com\/blog\/author\/admin\/\"}]}<\/script>\n<!-- \/ Yoast SEO Premium plugin. -->","yoast_head_json":{"title":"Ministro fundir\u00e1 secretarias e escolhe secret\u00e1rio executivo de Infraestrutura - Ag\u00eancia iNFRA","robots":{"index":"index","follow":"follow","max-snippet":"max-snippet:-1","max-image-preview":"max-image-preview:large","max-video-preview":"max-video-preview:-1"},"canonical":"https:\/\/agenciainfra.com\/blog\/ministro-fundira-secretarias-e-escolhe-secretario-executivo-de-infraestrutura\/","og_locale":"pt_BR","og_type":"article","og_title":"Ministro fundir\u00e1 secretarias e escolhe secret\u00e1rio executivo de Infraestrutura","og_description":"Dimmi Amora, da\u00a0Ag\u00eancia iNFRA O ministro escolhido da Infraestrutura, Tarc\u00edsio de Freitas, afirmou que vai fundir as secretarias de Pol\u00edtica e Integra\u00e7\u00e3o e Fomento e Parceria do atual minist\u00e9rio dos Transportes, Portos e Avia\u00e7\u00e3o Civil, mas manter\u00e1 a estrutura de uma secretaria para cada modal de transportes: Terrestre (ferrovias e rodovias), Portos e Aeroportos. Em [&hellip;]","og_url":"https:\/\/agenciainfra.com\/blog\/ministro-fundira-secretarias-e-escolhe-secretario-executivo-de-infraestrutura\/","og_site_name":"Ag\u00eancia iNFRA","article_publisher":"https:\/\/www.facebook.com\/ageninfra","article_published_time":"2018-12-03T11:43:02+00:00","og_image":[{"width":506,"height":991,"url":"https:\/\/agenciainfra.com\/blog\/wp-content\/uploads\/2017\/08\/46cac8e8-2e03-4243-8d3c-16db7daee58d-e1502910475159.jpg","type":"image\/jpeg"}],"author":"Ag\u00eancia iNFRA","twitter_card":"summary_large_image","twitter_creator":"@agencia_infra","twitter_site":"@agencia_infra","twitter_misc":{"Escrito por":"Ag\u00eancia iNFRA","Est. tempo de leitura":"2 minutos"},"schema":{"@context":"https:\/\/schema.org","@graph":[{"@type":"Article","@id":"https:\/\/agenciainfra.com\/blog\/ministro-fundira-secretarias-e-escolhe-secretario-executivo-de-infraestrutura\/#article","isPartOf":{"@id":"https:\/\/agenciainfra.com\/blog\/ministro-fundira-secretarias-e-escolhe-secretario-executivo-de-infraestrutura\/"},"author":{"name":"Ag\u00eancia iNFRA","@id":"https:\/\/agenciainfra.com\/blog\/#\/schema\/person\/34af08dff6adea4cb22b06612ba7acfa"},"headline":"Ministro fundir\u00e1 secretarias e escolhe secret\u00e1rio executivo de Infraestrutura","datePublished":"2018-12-03T11:43:02+00:00","mainEntityOfPage":{"@id":"https:\/\/agenciainfra.com\/blog\/ministro-fundira-secretarias-e-escolhe-secretario-executivo-de-infraestrutura\/"},"wordCount":378,"publisher":{"@id":"https:\/\/agenciainfra.com\/blog\/#organization"},"image":{"@id":"https:\/\/agenciainfra.com\/blog\/ministro-fundira-secretarias-e-escolhe-secretario-executivo-de-infraestrutura\/#primaryimage"},"thumbnailUrl":"https:\/\/agenciainfra.com\/blog\/wp-content\/uploads\/2017\/08\/46cac8e8-2e03-4243-8d3c-16db7daee58d-e1502910475159.jpg","keywords":["concess\u00f5es","Infraestrutura","Minist\u00e9rio","Secret\u00e1rio Executivo","Tarc\u00edsio de Freitas"],"articleSection":["iNFRATransporte"],"inLanguage":"pt-BR","copyrightYear":"2018","copyrightHolder":{"@id":"https:\/\/agenciainfra.com\/blog\/#organization"}},{"@type":"WebPage","@id":"https:\/\/agenciainfra.com\/blog\/ministro-fundira-secretarias-e-escolhe-secretario-executivo-de-infraestrutura\/","url":"https:\/\/agenciainfra.com\/blog\/ministro-fundira-secretarias-e-escolhe-secretario-executivo-de-infraestrutura\/","name":"Ministro fundir\u00e1 secretarias e escolhe secret\u00e1rio executivo de Infraestrutura - Ag\u00eancia iNFRA","isPartOf":{"@id":"https:\/\/agenciainfra.com\/blog\/#website"},"primaryImageOfPage":{"@id":"https:\/\/agenciainfra.com\/blog\/ministro-fundira-secretarias-e-escolhe-secretario-executivo-de-infraestrutura\/#primaryimage"},"image":{"@id":"https:\/\/agenciainfra.com\/blog\/ministro-fundira-secretarias-e-escolhe-secretario-executivo-de-infraestrutura\/#primaryimage"},"thumbnailUrl":"https:\/\/agenciainfra.com\/blog\/wp-content\/uploads\/2017\/08\/46cac8e8-2e03-4243-8d3c-16db7daee58d-e1502910475159.jpg","datePublished":"2018-12-03T11:43:02+00:00","breadcrumb":{"@id":"https:\/\/agenciainfra.com\/blog\/ministro-fundira-secretarias-e-escolhe-secretario-executivo-de-infraestrutura\/#breadcrumb"},"inLanguage":"pt-BR","potentialAction":[{"@type":"ReadAction","target":["https:\/\/agenciainfra.com\/blog\/ministro-fundira-secretarias-e-escolhe-secretario-executivo-de-infraestrutura\/"]}]},{"@type":"ImageObject","inLanguage":"pt-BR","@id":"https:\/\/agenciainfra.com\/blog\/ministro-fundira-secretarias-e-escolhe-secretario-executivo-de-infraestrutura\/#primaryimage","url":"https:\/\/agenciainfra.com\/blog\/wp-content\/uploads\/2017\/08\/46cac8e8-2e03-4243-8d3c-16db7daee58d-e1502910475159.jpg","contentUrl":"https:\/\/agenciainfra.com\/blog\/wp-content\/uploads\/2017\/08\/46cac8e8-2e03-4243-8d3c-16db7daee58d-e1502910475159.jpg","width":506,"height":991},{"@type":"BreadcrumbList","@id":"https:\/\/agenciainfra.com\/blog\/ministro-fundira-secretarias-e-escolhe-secretario-executivo-de-infraestrutura\/#breadcrumb","itemListElement":[{"@type":"ListItem","position":1,"name":"In\u00edcio","item":"https:\/\/agenciainfra.com\/blog\/"},{"@type":"ListItem","position":2,"name":"Ministro fundir\u00e1 secretarias e escolhe secret\u00e1rio executivo de Infraestrutura"}]},{"@type":"WebSite","@id":"https:\/\/agenciainfra.com\/blog\/#website","url":"https:\/\/agenciainfra.com\/blog\/","name":"Ag\u00eancia iNFRA","description":"Multiplataforma de informa\u00e7\u00e3o jornal\u00edstica refer\u00eancia na \u00e1rea de infraestrutura no Brasil!","publisher":{"@id":"https:\/\/agenciainfra.com\/blog\/#organization"},"potentialAction":[{"@type":"SearchAction","target":{"@type":"EntryPoint","urlTemplate":"https:\/\/agenciainfra.com\/blog\/?s={search_term_string}"},"query-input":{"@type":"PropertyValueSpecification","valueRequired":true,"valueName":"search_term_string"}}],"inLanguage":"pt-BR"},{"@type":"Organization","@id":"https:\/\/agenciainfra.com\/blog\/#organization","name":"Ag\u00eancia iNFRA","url":"https:\/\/agenciainfra.com\/blog\/","logo":{"@type":"ImageObject","inLanguage":"pt-BR","@id":"https:\/\/agenciainfra.com\/blog\/#\/schema\/logo\/image\/","url":"https:\/\/agenciainfra.com\/blog\/wp-content\/uploads\/2023\/09\/iNFRA_5-e1761735885940.png","contentUrl":"https:\/\/agenciainfra.com\/blog\/wp-content\/uploads\/2023\/09\/iNFRA_5-e1761735885940.png","width":1672,"height":454,"caption":"Ag\u00eancia iNFRA"},"image":{"@id":"https:\/\/agenciainfra.com\/blog\/#\/schema\/logo\/image\/"},"sameAs":["https:\/\/www.facebook.com\/ageninfra","https:\/\/x.com\/agencia_infra","https:\/\/www.linkedin.com\/company\/ag\u00eanciainfra\/","https:\/\/www.instagram.com\/agenciainfra\/"]},{"@type":"Person","@id":"https:\/\/agenciainfra.com\/blog\/#\/schema\/person\/34af08dff6adea4cb22b06612ba7acfa","name":"Ag\u00eancia iNFRA","image":{"@type":"ImageObject","inLanguage":"pt-BR","@id":"https:\/\/agenciainfra.com\/blog\/#\/schema\/person\/image\/","url":"https:\/\/secure.gravatar.com\/avatar\/d189e01678f06d8eb84d4e01f08eb848b3fffe3f8443818d3c356c66892f5be8?s=96&d=mm&r=g","contentUrl":"https:\/\/secure.gravatar.com\/avatar\/d189e01678f06d8eb84d4e01f08eb848b3fffe3f8443818d3c356c66892f5be8?s=96&d=mm&r=g","caption":"Ag\u00eancia iNFRA"},"url":"https:\/\/agenciainfra.com\/blog\/author\/admin\/"}]}},"_links":{"self":[{"href":"https:\/\/agenciainfra.com\/blog\/wp-json\/wp\/v2\/posts\/2658","targetHints":{"allow":["GET"]}}],"collection":[{"href":"https:\/\/agenciainfra.com\/blog\/wp-json\/wp\/v2\/posts"}],"about":[{"href":"https:\/\/agenciainfra.com\/blog\/wp-json\/wp\/v2\/types\/post"}],"author":[{"embeddable":true,"href":"https:\/\/agenciainfra.com\/blog\/wp-json\/wp\/v2\/users\/1"}],"replies":[{"embeddable":true,"href":"https:\/\/agenciainfra.com\/blog\/wp-json\/wp\/v2\/comments?post=2658"}],"version-history":[{"count":0,"href":"https:\/\/agenciainfra.com\/blog\/wp-json\/wp\/v2\/posts\/2658\/revisions"}],"wp:featuredmedia":[{"embeddable":true,"href":"https:\/\/agenciainfra.com\/blog\/wp-json\/wp\/v2\/media\/1018"}],"wp:attachment":[{"href":"https:\/\/agenciainfra.com\/blog\/wp-json\/wp\/v2\/media?parent=2658"}],"wp:term":[{"taxonomy":"category","embeddable":true,"href":"https:\/\/agenciainfra.com\/blog\/wp-json\/wp\/v2\/categories?post=2658"},{"taxonomy":"post_tag","embeddable":true,"href":"https:\/\/agenciainfra.com\/blog\/wp-json\/wp\/v2\/tags?post=2658"}],"curies":[{"name":"wp","href":"https:\/\/api.w.org\/{rel}","templated":true}]}}