{"id":26591,"date":"2025-08-22T08:30:12","date_gmt":"2025-08-22T11:30:12","guid":{"rendered":"https:\/\/agenciainfra.com\/blog\/?p=26591"},"modified":"2025-08-22T16:39:59","modified_gmt":"2025-08-22T19:39:59","slug":"aneel-nega-interesse-em-solucao-consensual-com-a-mez-energia","status":"publish","type":"post","link":"https:\/\/agenciainfra.com\/blog\/aneel-nega-interesse-em-solucao-consensual-com-a-mez-energia\/","title":{"rendered":"ANEEL nega interesse em solu\u00e7\u00e3o consensual com a MEZ Energia"},"content":{"rendered":"\n<p class=\"has-text-align-right\"><strong>da Ag\u00eancia iNFRA<\/strong><\/p>\n\n\n\n<p>O diretor-geral da ANEEL (Ag\u00eancia Nacional de Energia El\u00e9trica), Sandoval Feitosa, informou em <a href=\"https:\/\/www.in.gov.br\/en\/web\/dou\/-\/despacho-n-2.495-de-20-de-agosto-de-2025-650489685\">despacho<\/a> ao TCU (Tribunal de Contas da Uni\u00e3o) que n\u00e3o tem interesse em participar do procedimento de solu\u00e7\u00e3o consensual com o grupo MEZ Energia. A decis\u00e3o \u00e9 da \u00faltima quarta-feira (20), mas foi publicada na edi\u00e7\u00e3o desta sexta-feira (22) do Di\u00e1rio Oficial da Uni\u00e3o.<\/p>\n\n\n\n<p>No despacho, a ANEEL justifica o desinteresse por considerar que os processos relacionados a inadimplementos nos contratos de concess\u00e3o das empresas controladas pela MEZ Energia \u201cj\u00e1 est\u00e3o exauridos\u201d e que \u201cn\u00e3o foram apresentados fatos novos ou circunst\u00e2ncias relevantes suscet\u00edveis de justificar a reabertura dos processos ou a altera\u00e7\u00e3o das decis\u00f5es j\u00e1 tomadas\u201d.<\/p>\n\n\n\n<p>Na semana passada, o presidente do TCU, Vital do R\u00eago, <a href=\"https:\/\/agenciainfra.com\/blog\/tcu-aceita-pedido-de-solucao-consensual-sobre-concessoes-da-mez-energia\/\">aceitou<\/a> o pedido do Minist\u00e9rio de Minas e Energia para abertura do processo de solu\u00e7\u00e3o consensual.<\/p>\n","protected":false},"excerpt":{"rendered":"<p>da Ag\u00eancia iNFRA O diretor-geral da ANEEL (Ag\u00eancia Nacional de Energia El\u00e9trica), Sandoval Feitosa, informou em despacho ao TCU (Tribunal de Contas da Uni\u00e3o) que n\u00e3o tem interesse em participar do procedimento de solu\u00e7\u00e3o consensual com o grupo MEZ Energia. A decis\u00e3o \u00e9 da \u00faltima quarta-feira (20), mas foi publicada na edi\u00e7\u00e3o desta sexta-feira (22) [&hellip;]<\/p>\n","protected":false},"author":1,"featured_media":26592,"comment_status":"closed","ping_status":"closed","sticky":false,"template":"","format":"standard","meta":{"_monsterinsights_skip_tracking":false,"_monsterinsights_sitenote_active":false,"_monsterinsights_sitenote_note":"","_monsterinsights_sitenote_category":0,"footnotes":""},"categories":[7250,1,10],"tags":[53,13321,1026,6379,18,860],"class_list":["post-26591","post","type-post","status-publish","format-standard","has-post-thumbnail","hentry","category-destaque-lista","category-geral","category-infraenergia","tag-aneel","tag-mez-energia","tag-sandoval-feitosa","tag-solucao-consensual","tag-tcu","tag-vital-do-rego"],"yoast_head":"<!-- This site is optimized with the Yoast SEO Premium plugin v25.4 (Yoast SEO v26.0) - https:\/\/yoast.com\/wordpress\/plugins\/seo\/ -->\n<title>ANEEL nega interesse em solu\u00e7\u00e3o consensual com a MEZ Energia - Ag\u00eancia iNFRA<\/title>\n<meta name=\"robots\" content=\"index, follow, max-snippet:-1, max-image-preview:large, max-video-preview:-1\" \/>\n<link rel=\"canonical\" href=\"https:\/\/agenciainfra.com\/blog\/aneel-nega-interesse-em-solucao-consensual-com-a-mez-energia\/\" \/>\n<meta property=\"og:locale\" content=\"pt_BR\" \/>\n<meta property=\"og:type\" content=\"article\" \/>\n<meta property=\"og:title\" content=\"ANEEL nega interesse em solu\u00e7\u00e3o consensual com a MEZ Energia\" \/>\n<meta property=\"og:description\" content=\"da Ag\u00eancia iNFRA O diretor-geral da ANEEL (Ag\u00eancia Nacional de Energia El\u00e9trica), Sandoval Feitosa, informou em despacho ao TCU (Tribunal de Contas da Uni\u00e3o) que n\u00e3o tem interesse em participar do procedimento de solu\u00e7\u00e3o consensual com o grupo MEZ Energia. A decis\u00e3o \u00e9 da \u00faltima quarta-feira (20), mas foi publicada na edi\u00e7\u00e3o desta sexta-feira (22) [&hellip;]\" \/>\n<meta property=\"og:url\" content=\"https:\/\/agenciainfra.com\/blog\/aneel-nega-interesse-em-solucao-consensual-com-a-mez-energia\/\" \/>\n<meta property=\"og:site_name\" content=\"Ag\u00eancia iNFRA\" \/>\n<meta property=\"article:publisher\" content=\"https:\/\/www.facebook.com\/ageninfra\" \/>\n<meta property=\"article:published_time\" content=\"2025-08-22T11:30:12+00:00\" \/>\n<meta property=\"article:modified_time\" content=\"2025-08-22T19:39:59+00:00\" \/>\n<meta property=\"og:image\" content=\"https:\/\/agenciainfra.com\/blog\/wp-content\/uploads\/2025\/08\/sandoval-feitosa-foto-anderson-braga-aneel.jpg\" \/>\n\t<meta property=\"og:image:width\" content=\"1280\" \/>\n\t<meta property=\"og:image:height\" content=\"854\" \/>\n\t<meta property=\"og:image:type\" content=\"image\/jpeg\" \/>\n<meta name=\"author\" content=\"Ag\u00eancia iNFRA\" \/>\n<meta name=\"twitter:card\" content=\"summary_large_image\" \/>\n<meta name=\"twitter:creator\" content=\"@agencia_infra\" \/>\n<meta name=\"twitter:site\" content=\"@agencia_infra\" \/>\n<meta name=\"twitter:label1\" content=\"Escrito por\" \/>\n\t<meta name=\"twitter:data1\" content=\"Ag\u00eancia iNFRA\" \/>\n\t<meta name=\"twitter:label2\" content=\"Est. tempo de leitura\" \/>\n\t<meta name=\"twitter:data2\" content=\"1 minuto\" \/>\n<script type=\"application\/ld+json\" class=\"yoast-schema-graph\">{\"@context\":\"https:\/\/schema.org\",\"@graph\":[{\"@type\":\"Article\",\"@id\":\"https:\/\/agenciainfra.com\/blog\/aneel-nega-interesse-em-solucao-consensual-com-a-mez-energia\/#article\",\"isPartOf\":{\"@id\":\"https:\/\/agenciainfra.com\/blog\/aneel-nega-interesse-em-solucao-consensual-com-a-mez-energia\/\"},\"author\":{\"name\":\"Ag\u00eancia iNFRA\",\"@id\":\"https:\/\/agenciainfra.com\/blog\/#\/schema\/person\/34af08dff6adea4cb22b06612ba7acfa\"},\"headline\":\"ANEEL nega interesse em solu\u00e7\u00e3o consensual com a MEZ Energia\",\"datePublished\":\"2025-08-22T11:30:12+00:00\",\"dateModified\":\"2025-08-22T19:39:59+00:00\",\"mainEntityOfPage\":{\"@id\":\"https:\/\/agenciainfra.com\/blog\/aneel-nega-interesse-em-solucao-consensual-com-a-mez-energia\/\"},\"wordCount\":166,\"publisher\":{\"@id\":\"https:\/\/agenciainfra.com\/blog\/#organization\"},\"image\":{\"@id\":\"https:\/\/agenciainfra.com\/blog\/aneel-nega-interesse-em-solucao-consensual-com-a-mez-energia\/#primaryimage\"},\"thumbnailUrl\":\"https:\/\/agenciainfra.com\/blog\/wp-content\/uploads\/2025\/08\/sandoval-feitosa-foto-anderson-braga-aneel.jpg\",\"keywords\":[\"ANEEL\",\"MEZ energia\",\"Sandoval Feitosa\",\"solu\u00e7\u00e3o consensual\",\"TCU\",\"Vital do R\u00eago\"],\"articleSection\":[\"Destaque lista\",\"Geral\",\"iNFRAEnergia\"],\"inLanguage\":\"pt-BR\",\"copyrightYear\":\"2025\",\"copyrightHolder\":{\"@id\":\"https:\/\/agenciainfra.com\/blog\/#organization\"}},{\"@type\":\"WebPage\",\"@id\":\"https:\/\/agenciainfra.com\/blog\/aneel-nega-interesse-em-solucao-consensual-com-a-mez-energia\/\",\"url\":\"https:\/\/agenciainfra.com\/blog\/aneel-nega-interesse-em-solucao-consensual-com-a-mez-energia\/\",\"name\":\"ANEEL nega interesse em solu\u00e7\u00e3o consensual com a MEZ Energia - Ag\u00eancia iNFRA\",\"isPartOf\":{\"@id\":\"https:\/\/agenciainfra.com\/blog\/#website\"},\"primaryImageOfPage\":{\"@id\":\"https:\/\/agenciainfra.com\/blog\/aneel-nega-interesse-em-solucao-consensual-com-a-mez-energia\/#primaryimage\"},\"image\":{\"@id\":\"https:\/\/agenciainfra.com\/blog\/aneel-nega-interesse-em-solucao-consensual-com-a-mez-energia\/#primaryimage\"},\"thumbnailUrl\":\"https:\/\/agenciainfra.com\/blog\/wp-content\/uploads\/2025\/08\/sandoval-feitosa-foto-anderson-braga-aneel.jpg\",\"datePublished\":\"2025-08-22T11:30:12+00:00\",\"dateModified\":\"2025-08-22T19:39:59+00:00\",\"breadcrumb\":{\"@id\":\"https:\/\/agenciainfra.com\/blog\/aneel-nega-interesse-em-solucao-consensual-com-a-mez-energia\/#breadcrumb\"},\"inLanguage\":\"pt-BR\",\"potentialAction\":[{\"@type\":\"ReadAction\",\"target\":[\"https:\/\/agenciainfra.com\/blog\/aneel-nega-interesse-em-solucao-consensual-com-a-mez-energia\/\"]}]},{\"@type\":\"ImageObject\",\"inLanguage\":\"pt-BR\",\"@id\":\"https:\/\/agenciainfra.com\/blog\/aneel-nega-interesse-em-solucao-consensual-com-a-mez-energia\/#primaryimage\",\"url\":\"https:\/\/agenciainfra.com\/blog\/wp-content\/uploads\/2025\/08\/sandoval-feitosa-foto-anderson-braga-aneel.jpg\",\"contentUrl\":\"https:\/\/agenciainfra.com\/blog\/wp-content\/uploads\/2025\/08\/sandoval-feitosa-foto-anderson-braga-aneel.jpg\",\"width\":1280,\"height\":854,\"caption\":\"Foto: Anderson Braga\/ANEEL\"},{\"@type\":\"BreadcrumbList\",\"@id\":\"https:\/\/agenciainfra.com\/blog\/aneel-nega-interesse-em-solucao-consensual-com-a-mez-energia\/#breadcrumb\",\"itemListElement\":[{\"@type\":\"ListItem\",\"position\":1,\"name\":\"In\u00edcio\",\"item\":\"https:\/\/agenciainfra.com\/blog\/\"},{\"@type\":\"ListItem\",\"position\":2,\"name\":\"ANEEL nega interesse em solu\u00e7\u00e3o consensual com a MEZ Energia\"}]},{\"@type\":\"WebSite\",\"@id\":\"https:\/\/agenciainfra.com\/blog\/#website\",\"url\":\"https:\/\/agenciainfra.com\/blog\/\",\"name\":\"Ag\u00eancia iNFRA\",\"description\":\"Multiplataforma de informa\u00e7\u00e3o jornal\u00edstica refer\u00eancia na \u00e1rea de infraestrutura no Brasil!\",\"publisher\":{\"@id\":\"https:\/\/agenciainfra.com\/blog\/#organization\"},\"potentialAction\":[{\"@type\":\"SearchAction\",\"target\":{\"@type\":\"EntryPoint\",\"urlTemplate\":\"https:\/\/agenciainfra.com\/blog\/?s={search_term_string}\"},\"query-input\":{\"@type\":\"PropertyValueSpecification\",\"valueRequired\":true,\"valueName\":\"search_term_string\"}}],\"inLanguage\":\"pt-BR\"},{\"@type\":\"Organization\",\"@id\":\"https:\/\/agenciainfra.com\/blog\/#organization\",\"name\":\"Ag\u00eancia iNFRA\",\"url\":\"https:\/\/agenciainfra.com\/blog\/\",\"logo\":{\"@type\":\"ImageObject\",\"inLanguage\":\"pt-BR\",\"@id\":\"https:\/\/agenciainfra.com\/blog\/#\/schema\/logo\/image\/\",\"url\":\"https:\/\/agenciainfra.com\/blog\/wp-content\/uploads\/2023\/09\/iNFRA_5-e1761735885940.png\",\"contentUrl\":\"https:\/\/agenciainfra.com\/blog\/wp-content\/uploads\/2023\/09\/iNFRA_5-e1761735885940.png\",\"width\":1672,\"height\":454,\"caption\":\"Ag\u00eancia iNFRA\"},\"image\":{\"@id\":\"https:\/\/agenciainfra.com\/blog\/#\/schema\/logo\/image\/\"},\"sameAs\":[\"https:\/\/www.facebook.com\/ageninfra\",\"https:\/\/x.com\/agencia_infra\",\"https:\/\/www.linkedin.com\/company\/ag\u00eanciainfra\/\",\"https:\/\/www.instagram.com\/agenciainfra\/\"]},{\"@type\":\"Person\",\"@id\":\"https:\/\/agenciainfra.com\/blog\/#\/schema\/person\/34af08dff6adea4cb22b06612ba7acfa\",\"name\":\"Ag\u00eancia iNFRA\",\"image\":{\"@type\":\"ImageObject\",\"inLanguage\":\"pt-BR\",\"@id\":\"https:\/\/agenciainfra.com\/blog\/#\/schema\/person\/image\/\",\"url\":\"https:\/\/secure.gravatar.com\/avatar\/d189e01678f06d8eb84d4e01f08eb848b3fffe3f8443818d3c356c66892f5be8?s=96&d=mm&r=g\",\"contentUrl\":\"https:\/\/secure.gravatar.com\/avatar\/d189e01678f06d8eb84d4e01f08eb848b3fffe3f8443818d3c356c66892f5be8?s=96&d=mm&r=g\",\"caption\":\"Ag\u00eancia iNFRA\"},\"url\":\"https:\/\/agenciainfra.com\/blog\/author\/admin\/\"}]}<\/script>\n<!-- \/ Yoast SEO Premium plugin. -->","yoast_head_json":{"title":"ANEEL nega interesse em solu\u00e7\u00e3o consensual com a MEZ Energia - Ag\u00eancia iNFRA","robots":{"index":"index","follow":"follow","max-snippet":"max-snippet:-1","max-image-preview":"max-image-preview:large","max-video-preview":"max-video-preview:-1"},"canonical":"https:\/\/agenciainfra.com\/blog\/aneel-nega-interesse-em-solucao-consensual-com-a-mez-energia\/","og_locale":"pt_BR","og_type":"article","og_title":"ANEEL nega interesse em solu\u00e7\u00e3o consensual com a MEZ Energia","og_description":"da Ag\u00eancia iNFRA O diretor-geral da ANEEL (Ag\u00eancia Nacional de Energia El\u00e9trica), Sandoval Feitosa, informou em despacho ao TCU (Tribunal de Contas da Uni\u00e3o) que n\u00e3o tem interesse em participar do procedimento de solu\u00e7\u00e3o consensual com o grupo MEZ Energia. A decis\u00e3o \u00e9 da \u00faltima quarta-feira (20), mas foi publicada na edi\u00e7\u00e3o desta sexta-feira (22) [&hellip;]","og_url":"https:\/\/agenciainfra.com\/blog\/aneel-nega-interesse-em-solucao-consensual-com-a-mez-energia\/","og_site_name":"Ag\u00eancia iNFRA","article_publisher":"https:\/\/www.facebook.com\/ageninfra","article_published_time":"2025-08-22T11:30:12+00:00","article_modified_time":"2025-08-22T19:39:59+00:00","og_image":[{"width":1280,"height":854,"url":"https:\/\/agenciainfra.com\/blog\/wp-content\/uploads\/2025\/08\/sandoval-feitosa-foto-anderson-braga-aneel.jpg","type":"image\/jpeg"}],"author":"Ag\u00eancia iNFRA","twitter_card":"summary_large_image","twitter_creator":"@agencia_infra","twitter_site":"@agencia_infra","twitter_misc":{"Escrito por":"Ag\u00eancia iNFRA","Est. tempo de leitura":"1 minuto"},"schema":{"@context":"https:\/\/schema.org","@graph":[{"@type":"Article","@id":"https:\/\/agenciainfra.com\/blog\/aneel-nega-interesse-em-solucao-consensual-com-a-mez-energia\/#article","isPartOf":{"@id":"https:\/\/agenciainfra.com\/blog\/aneel-nega-interesse-em-solucao-consensual-com-a-mez-energia\/"},"author":{"name":"Ag\u00eancia iNFRA","@id":"https:\/\/agenciainfra.com\/blog\/#\/schema\/person\/34af08dff6adea4cb22b06612ba7acfa"},"headline":"ANEEL nega interesse em solu\u00e7\u00e3o consensual com a MEZ Energia","datePublished":"2025-08-22T11:30:12+00:00","dateModified":"2025-08-22T19:39:59+00:00","mainEntityOfPage":{"@id":"https:\/\/agenciainfra.com\/blog\/aneel-nega-interesse-em-solucao-consensual-com-a-mez-energia\/"},"wordCount":166,"publisher":{"@id":"https:\/\/agenciainfra.com\/blog\/#organization"},"image":{"@id":"https:\/\/agenciainfra.com\/blog\/aneel-nega-interesse-em-solucao-consensual-com-a-mez-energia\/#primaryimage"},"thumbnailUrl":"https:\/\/agenciainfra.com\/blog\/wp-content\/uploads\/2025\/08\/sandoval-feitosa-foto-anderson-braga-aneel.jpg","keywords":["ANEEL","MEZ energia","Sandoval Feitosa","solu\u00e7\u00e3o consensual","TCU","Vital do R\u00eago"],"articleSection":["Destaque lista","Geral","iNFRAEnergia"],"inLanguage":"pt-BR","copyrightYear":"2025","copyrightHolder":{"@id":"https:\/\/agenciainfra.com\/blog\/#organization"}},{"@type":"WebPage","@id":"https:\/\/agenciainfra.com\/blog\/aneel-nega-interesse-em-solucao-consensual-com-a-mez-energia\/","url":"https:\/\/agenciainfra.com\/blog\/aneel-nega-interesse-em-solucao-consensual-com-a-mez-energia\/","name":"ANEEL nega interesse em solu\u00e7\u00e3o consensual com a MEZ Energia - Ag\u00eancia iNFRA","isPartOf":{"@id":"https:\/\/agenciainfra.com\/blog\/#website"},"primaryImageOfPage":{"@id":"https:\/\/agenciainfra.com\/blog\/aneel-nega-interesse-em-solucao-consensual-com-a-mez-energia\/#primaryimage"},"image":{"@id":"https:\/\/agenciainfra.com\/blog\/aneel-nega-interesse-em-solucao-consensual-com-a-mez-energia\/#primaryimage"},"thumbnailUrl":"https:\/\/agenciainfra.com\/blog\/wp-content\/uploads\/2025\/08\/sandoval-feitosa-foto-anderson-braga-aneel.jpg","datePublished":"2025-08-22T11:30:12+00:00","dateModified":"2025-08-22T19:39:59+00:00","breadcrumb":{"@id":"https:\/\/agenciainfra.com\/blog\/aneel-nega-interesse-em-solucao-consensual-com-a-mez-energia\/#breadcrumb"},"inLanguage":"pt-BR","potentialAction":[{"@type":"ReadAction","target":["https:\/\/agenciainfra.com\/blog\/aneel-nega-interesse-em-solucao-consensual-com-a-mez-energia\/"]}]},{"@type":"ImageObject","inLanguage":"pt-BR","@id":"https:\/\/agenciainfra.com\/blog\/aneel-nega-interesse-em-solucao-consensual-com-a-mez-energia\/#primaryimage","url":"https:\/\/agenciainfra.com\/blog\/wp-content\/uploads\/2025\/08\/sandoval-feitosa-foto-anderson-braga-aneel.jpg","contentUrl":"https:\/\/agenciainfra.com\/blog\/wp-content\/uploads\/2025\/08\/sandoval-feitosa-foto-anderson-braga-aneel.jpg","width":1280,"height":854,"caption":"Foto: Anderson Braga\/ANEEL"},{"@type":"BreadcrumbList","@id":"https:\/\/agenciainfra.com\/blog\/aneel-nega-interesse-em-solucao-consensual-com-a-mez-energia\/#breadcrumb","itemListElement":[{"@type":"ListItem","position":1,"name":"In\u00edcio","item":"https:\/\/agenciainfra.com\/blog\/"},{"@type":"ListItem","position":2,"name":"ANEEL nega interesse em solu\u00e7\u00e3o consensual com a MEZ Energia"}]},{"@type":"WebSite","@id":"https:\/\/agenciainfra.com\/blog\/#website","url":"https:\/\/agenciainfra.com\/blog\/","name":"Ag\u00eancia iNFRA","description":"Multiplataforma de informa\u00e7\u00e3o jornal\u00edstica refer\u00eancia na \u00e1rea de infraestrutura no Brasil!","publisher":{"@id":"https:\/\/agenciainfra.com\/blog\/#organization"},"potentialAction":[{"@type":"SearchAction","target":{"@type":"EntryPoint","urlTemplate":"https:\/\/agenciainfra.com\/blog\/?s={search_term_string}"},"query-input":{"@type":"PropertyValueSpecification","valueRequired":true,"valueName":"search_term_string"}}],"inLanguage":"pt-BR"},{"@type":"Organization","@id":"https:\/\/agenciainfra.com\/blog\/#organization","name":"Ag\u00eancia iNFRA","url":"https:\/\/agenciainfra.com\/blog\/","logo":{"@type":"ImageObject","inLanguage":"pt-BR","@id":"https:\/\/agenciainfra.com\/blog\/#\/schema\/logo\/image\/","url":"https:\/\/agenciainfra.com\/blog\/wp-content\/uploads\/2023\/09\/iNFRA_5-e1761735885940.png","contentUrl":"https:\/\/agenciainfra.com\/blog\/wp-content\/uploads\/2023\/09\/iNFRA_5-e1761735885940.png","width":1672,"height":454,"caption":"Ag\u00eancia iNFRA"},"image":{"@id":"https:\/\/agenciainfra.com\/blog\/#\/schema\/logo\/image\/"},"sameAs":["https:\/\/www.facebook.com\/ageninfra","https:\/\/x.com\/agencia_infra","https:\/\/www.linkedin.com\/company\/ag\u00eanciainfra\/","https:\/\/www.instagram.com\/agenciainfra\/"]},{"@type":"Person","@id":"https:\/\/agenciainfra.com\/blog\/#\/schema\/person\/34af08dff6adea4cb22b06612ba7acfa","name":"Ag\u00eancia iNFRA","image":{"@type":"ImageObject","inLanguage":"pt-BR","@id":"https:\/\/agenciainfra.com\/blog\/#\/schema\/person\/image\/","url":"https:\/\/secure.gravatar.com\/avatar\/d189e01678f06d8eb84d4e01f08eb848b3fffe3f8443818d3c356c66892f5be8?s=96&d=mm&r=g","contentUrl":"https:\/\/secure.gravatar.com\/avatar\/d189e01678f06d8eb84d4e01f08eb848b3fffe3f8443818d3c356c66892f5be8?s=96&d=mm&r=g","caption":"Ag\u00eancia iNFRA"},"url":"https:\/\/agenciainfra.com\/blog\/author\/admin\/"}]}},"_links":{"self":[{"href":"https:\/\/agenciainfra.com\/blog\/wp-json\/wp\/v2\/posts\/26591","targetHints":{"allow":["GET"]}}],"collection":[{"href":"https:\/\/agenciainfra.com\/blog\/wp-json\/wp\/v2\/posts"}],"about":[{"href":"https:\/\/agenciainfra.com\/blog\/wp-json\/wp\/v2\/types\/post"}],"author":[{"embeddable":true,"href":"https:\/\/agenciainfra.com\/blog\/wp-json\/wp\/v2\/users\/1"}],"replies":[{"embeddable":true,"href":"https:\/\/agenciainfra.com\/blog\/wp-json\/wp\/v2\/comments?post=26591"}],"version-history":[{"count":1,"href":"https:\/\/agenciainfra.com\/blog\/wp-json\/wp\/v2\/posts\/26591\/revisions"}],"predecessor-version":[{"id":26593,"href":"https:\/\/agenciainfra.com\/blog\/wp-json\/wp\/v2\/posts\/26591\/revisions\/26593"}],"wp:featuredmedia":[{"embeddable":true,"href":"https:\/\/agenciainfra.com\/blog\/wp-json\/wp\/v2\/media\/26592"}],"wp:attachment":[{"href":"https:\/\/agenciainfra.com\/blog\/wp-json\/wp\/v2\/media?parent=26591"}],"wp:term":[{"taxonomy":"category","embeddable":true,"href":"https:\/\/agenciainfra.com\/blog\/wp-json\/wp\/v2\/categories?post=26591"},{"taxonomy":"post_tag","embeddable":true,"href":"https:\/\/agenciainfra.com\/blog\/wp-json\/wp\/v2\/tags?post=26591"}],"curies":[{"name":"wp","href":"https:\/\/api.w.org\/{rel}","templated":true}]}}