{"id":26594,"date":"2025-08-22T09:45:07","date_gmt":"2025-08-22T12:45:07","guid":{"rendered":"https:\/\/agenciainfra.com\/blog\/?p=26594"},"modified":"2025-08-22T19:48:44","modified_gmt":"2025-08-22T22:48:44","slug":"amazonas-energia-e-geradores-podem-devolver-mais-de-r-1-bi-do-icms","status":"publish","type":"post","link":"https:\/\/agenciainfra.com\/blog\/amazonas-energia-e-geradores-podem-devolver-mais-de-r-1-bi-do-icms\/","title":{"rendered":"Amazonas Energia e geradores podem devolver mais de R$ 1 bi do ICMS"},"content":{"rendered":"\n<p class=\"has-text-align-right\"><strong>Lais Carregosa e Geraldo Campos Jr., da Ag\u00eancia iNFRA<\/strong><\/p>\n\n\n\n<p>A distribuidora Amazonas Energia e tr\u00eas geradores de sistemas isolados podem ter que devolver mais de R$ 1 bilh\u00e3o aos consumidores devido ao recolhimento a mais de ICMS nas contas de energia no estado, disseram fontes \u00e0\u00a0<strong>Ag\u00eancia iNFRA<\/strong>. O assunto \u00e9 tratado em um processo na ANEEL (Ag\u00eancia Nacional de Energia El\u00e9trica), que chegou a ser pautado na reuni\u00e3o de diretoria em 5 de agosto, mas n\u00e3o foi deliberado.<br><br>A discuss\u00e3o gira em torno dos contratos do leil\u00e3o de sistemas isolados de 2016, quando as empresas Aggreko, Powertech e Flexgen arremataram os lotes para gera\u00e7\u00e3o no Amazonas, atendendo a comunidades n\u00e3o interligadas ao sistema nacional. Na \u00e9poca, segundo a ANEEL, o pre\u00e7o da energia vendida considerava o custo com o recolhimento do ICMS na gera\u00e7\u00e3o.\u00a0<br><br>Contudo, em 2017 e 2018, dois decretos estaduais do Amazonas isentaram a cobran\u00e7a nessa etapa, mas n\u00e3o houve repasse dessa redu\u00e7\u00e3o para as tarifas \u2013 algo que est\u00e1 previsto no contrato dos geradores. Ou seja, o imposto sobre a gera\u00e7\u00e3o continuou sendo cobrado dos consumidores, estando embutido no pre\u00e7o da energia.\u00a0<br><br><strong>Debate na ANEEL<\/strong><br>Uma das cl\u00e1usulas dos contratos de gera\u00e7\u00e3o define que a redu\u00e7\u00e3o do custo da energia deve ser repassada ao consumidor. \u00c9 a aplica\u00e7\u00e3o dessa regra que est\u00e1 em debate na ANEEL.\u00a0<br><br>O relator do processo, o diretor Fernando Mosna, chegou a apresentar\u00a0voto determinando a redu\u00e7\u00e3o do pre\u00e7o da energia nos contratos, refletindo a n\u00e3o incid\u00eancia do ICMS, e a devolu\u00e7\u00e3o do valor recolhido a mais \u00e0 CCC (Conta de Consumo de Combust\u00edveis), que subsidia a gera\u00e7\u00e3o nos sistemas isolados. O valor seria calculado pela CCEE (C\u00e2mara de Comercializa\u00e7\u00e3o de Energia). O voto, no entanto, n\u00e3o chegou a ser apreciado porque o processo foi retirado de pauta.<br><br>Como o processo corre em sigilo, fontes do setor estimam que o valor gira em torno de R$ 2 bilh\u00f5es a R$ 3,5 bilh\u00f5es. Contudo, o c\u00e1lculo da \u00e1rea t\u00e9cnica da ANEEL \u00e9 menor: cerca de R$ 1 bilh\u00e3o. O montante, conforme recomenda\u00e7\u00e3o dos t\u00e9cnicos da reguladora, deveria ser devolvido de forma parcelada aos consumidores durante 60 meses.<br><br>O \u00a0diretor de Energia El\u00e9trica da Abrace (associa\u00e7\u00e3o que representa os consumidores industriais), Victor Iocca, aponta que os \u201cgeradores, depois que entraram em opera\u00e7\u00e3o comercial j\u00e1 com uma nova regra, n\u00e3o tinham a necessidade de pagar o ICMS, mas continuaram recebendo dos consumidores o pre\u00e7o cheio dos seus contratos\u201d, o que levou ao valor a ser ressarcido.\u00a0<br><br><strong>Leil\u00e3o de dezembro<\/strong><br>Fontes do setor afirmam que a falta de decis\u00e3o da reguladora sobre a interpreta\u00e7\u00e3o da cl\u00e1usula contratual pode afetar a realiza\u00e7\u00e3o do leil\u00e3o de sistemas isolados de 2025, marcado para dezembro, afastando players mais tradicionais e abrindo espa\u00e7o para novos agentes. O certame tem dois lotes no Amazonas, destinados ao atendimento de dez localidades.<br><br>\u201cCom o julgamento da ANEEL, os interessados nesse leil\u00e3o v\u00e3o saber exatamente como se posicionar em rela\u00e7\u00e3o a essa quest\u00e3o do ICMS. Sem julgamento, fica a d\u00favida sobre o que vale\u201d, disse uma fonte do mercado a par do assunto.<br><br>Contudo, essa avalia\u00e7\u00e3o n\u00e3o \u00e9 consenso. Para Iocca, da Abrace, j\u00e1 h\u00e1 manifesta\u00e7\u00e3o da \u00e1rea t\u00e9cnica da ANEEL recomendando a devolu\u00e7\u00e3o, inclusive da Procuradoria Federal junto \u00e0 ag\u00eancia. Desta forma, mesmo que n\u00e3o haja defini\u00e7\u00e3o da diretoria, haveria seguran\u00e7a jur\u00eddica.<br><br>\u201cNa nossa avalia\u00e7\u00e3o, n\u00e3o existe esse risco da ocorr\u00eancia do leil\u00e3o, dos empreendedores terem esse receio de alguma altera\u00e7\u00e3o de regra. Mas, se os empreendedores que queiram participar dessa contrata\u00e7\u00e3o entenderem que existe algum risco, o ideal \u00e9 a ANEEL finalizar esse processo, que j\u00e1 corre h\u00e1 muitos anos\u201d, afirmou.<br><br>Outra fonte do setor termel\u00e9trico admitiu a possibilidade de o leil\u00e3o ser afetado, mas disse acreditar que o certame ocorrer\u00e1 \u201cdentro da normalidade\u201d. A aprova\u00e7\u00e3o do edital do leil\u00e3o de sistemas isolados est\u00e1 na pauta da reuni\u00e3o de diretoria da ANEEL da pr\u00f3xima ter\u00e7a-feira (26).<br><br><strong>Argumentos das empresas<\/strong><br>Em documentos enviados \u00e0 ANEEL, as geradoras Aggreko, Powertech e Flexgen, al\u00e9m do grupo Oliveira, controlador da Amazonas Energia, afirmaram que os lances apresentados no leil\u00e3o de 2016 n\u00e3o incorporaram o custo com o ICMS sobre a aquisi\u00e7\u00e3o de combust\u00edvel e na venda da energia gerada, ou seja, sustentam que o imposto n\u00e3o est\u00e1 embutido no pre\u00e7o de refer\u00eancia ofertado.<br><br>O argumento em comum \u00e9 que, embora fosse institu\u00edda a veda\u00e7\u00e3o da cobran\u00e7a dos geradores no Amazonas em 2017, os PIEs (Produtores Independentes de Energia) n\u00e3o est\u00e3o sujeitos ao recolhimento do ICMS por for\u00e7a da\u00a0<a href=\"https:\/\/agenciainfra.us14.list-manage.com\/track\/click?u=d460dd1bcf9ba0ae040e1fc0f&amp;id=3d2c9b5601&amp;e=c099169394\" target=\"_blank\" rel=\"noreferrer noopener\">Lei Complementar 19\/1997<\/a>\u00a0e que uma lei estadual de 2005 tamb\u00e9m concedia isen\u00e7\u00e3o do ICMS aos consumidores de energia de sistemas isolados do interior do Amazonas.<br><br>No entanto, no voto que chegou a ser publicizado no in\u00edcio do m\u00eas, o diretor Fernando Mosna disse n\u00e3o ver raz\u00e3o nos argumentos trazidos pelos produtores uma vez que as duas etapas do leil\u00e3o em quest\u00e3o tinham clara em suas regras que os contratos \u201cdeveriam considerar a incid\u00eancia do ICMS no pre\u00e7o da energia negociada com a distribuidora\u201d.<br><br>Um\u00a0parecer\u00a0da Procuradoria Federal junto a ANEEL emitido ainda em 2023 tamb\u00e9m concluiu que \u201cos participantes do certame tinham plena ci\u00eancia de que o ICMS deveria compor o pre\u00e7o ofertado, de modo que a altera\u00e7\u00e3o do regime tribut\u00e1rio do imposto deve ser refletida no pre\u00e7o final dos contratos\u201d, sendo necess\u00e1rio um reequil\u00edbrio econ\u00f4mico-financeiro dos contratos a favor do consumidor.<br><br>A Amazonas Energia foi procurada pela\u00a0<strong>Ag\u00eancia iNFRA<\/strong>, mas n\u00e3o respondeu at\u00e9 a conclus\u00e3o da reportagem.<\/p>\n","protected":false},"excerpt":{"rendered":"<p>Lais Carregosa e Geraldo Campos Jr., da Ag\u00eancia iNFRA A distribuidora Amazonas Energia e tr\u00eas geradores de sistemas isolados podem ter que devolver mais de R$ 1 bilh\u00e3o aos consumidores devido ao recolhimento a mais de ICMS nas contas de energia no estado, disseram fontes \u00e0\u00a0Ag\u00eancia iNFRA. O assunto \u00e9 tratado em um processo na [&hellip;]<\/p>\n","protected":false},"author":1,"featured_media":18298,"comment_status":"closed","ping_status":"closed","sticky":false,"template":"","format":"standard","meta":{"_monsterinsights_skip_tracking":false,"_monsterinsights_sitenote_active":false,"_monsterinsights_sitenote_note":"","_monsterinsights_sitenote_category":0,"footnotes":""},"categories":[7250,1,10],"tags":[41,14923,144,53,122,7014,14925,11594,1521,13132,14924,5906,2108],"class_list":["post-26594","post","type-post","status-publish","format-standard","has-post-thumbnail","hentry","category-destaque-lista","category-geral","category-infraenergia","tag-abrace","tag-aggreko","tag-amazonas-energia","tag-aneel","tag-conta-de-luz","tag-fernando-mosna","tag-flexgen","tag-geraldo-campos-jr","tag-icms","tag-lais-carregosa","tag-powertech","tag-sistemas-isolados","tag-victor-iocca"],"yoast_head":"<!-- This site is optimized with the Yoast SEO Premium plugin v25.4 (Yoast SEO v26.0) - https:\/\/yoast.com\/wordpress\/plugins\/seo\/ -->\n<title>Amazonas Energia e geradores podem devolver mais de R$ 1 bi do ICMS - Ag\u00eancia iNFRA<\/title>\n<meta name=\"robots\" content=\"index, follow, max-snippet:-1, max-image-preview:large, max-video-preview:-1\" \/>\n<link rel=\"canonical\" href=\"https:\/\/agenciainfra.com\/blog\/amazonas-energia-e-geradores-podem-devolver-mais-de-r-1-bi-do-icms\/\" \/>\n<meta property=\"og:locale\" content=\"pt_BR\" \/>\n<meta property=\"og:type\" content=\"article\" \/>\n<meta property=\"og:title\" content=\"Amazonas Energia e geradores podem devolver mais de R$ 1 bi do ICMS\" \/>\n<meta property=\"og:description\" content=\"Lais Carregosa e Geraldo Campos Jr., da Ag\u00eancia iNFRA A distribuidora Amazonas Energia e tr\u00eas geradores de sistemas isolados podem ter que devolver mais de R$ 1 bilh\u00e3o aos consumidores devido ao recolhimento a mais de ICMS nas contas de energia no estado, disseram fontes \u00e0\u00a0Ag\u00eancia iNFRA. O assunto \u00e9 tratado em um processo na [&hellip;]\" \/>\n<meta property=\"og:url\" content=\"https:\/\/agenciainfra.com\/blog\/amazonas-energia-e-geradores-podem-devolver-mais-de-r-1-bi-do-icms\/\" \/>\n<meta property=\"og:site_name\" content=\"Ag\u00eancia iNFRA\" \/>\n<meta property=\"article:publisher\" content=\"https:\/\/www.facebook.com\/ageninfra\" \/>\n<meta property=\"article:published_time\" content=\"2025-08-22T12:45:07+00:00\" \/>\n<meta property=\"article:modified_time\" content=\"2025-08-22T22:48:44+00:00\" \/>\n<meta property=\"og:image\" content=\"https:\/\/agenciainfra.com\/blog\/wp-content\/uploads\/2024\/08\/amazonas-energia-foto-ascom.jpeg\" \/>\n\t<meta property=\"og:image:width\" content=\"1202\" \/>\n\t<meta property=\"og:image:height\" content=\"801\" \/>\n\t<meta property=\"og:image:type\" content=\"image\/jpeg\" \/>\n<meta name=\"author\" content=\"Ag\u00eancia iNFRA\" \/>\n<meta name=\"twitter:card\" content=\"summary_large_image\" \/>\n<meta name=\"twitter:creator\" content=\"@agencia_infra\" \/>\n<meta name=\"twitter:site\" content=\"@agencia_infra\" \/>\n<meta name=\"twitter:label1\" content=\"Escrito por\" \/>\n\t<meta name=\"twitter:data1\" content=\"Ag\u00eancia iNFRA\" \/>\n\t<meta name=\"twitter:label2\" content=\"Est. tempo de leitura\" \/>\n\t<meta name=\"twitter:data2\" content=\"5 minutos\" \/>\n<script type=\"application\/ld+json\" class=\"yoast-schema-graph\">{\"@context\":\"https:\/\/schema.org\",\"@graph\":[{\"@type\":\"Article\",\"@id\":\"https:\/\/agenciainfra.com\/blog\/amazonas-energia-e-geradores-podem-devolver-mais-de-r-1-bi-do-icms\/#article\",\"isPartOf\":{\"@id\":\"https:\/\/agenciainfra.com\/blog\/amazonas-energia-e-geradores-podem-devolver-mais-de-r-1-bi-do-icms\/\"},\"author\":{\"name\":\"Ag\u00eancia iNFRA\",\"@id\":\"https:\/\/agenciainfra.com\/blog\/#\/schema\/person\/34af08dff6adea4cb22b06612ba7acfa\"},\"headline\":\"Amazonas Energia e geradores podem devolver mais de R$ 1 bi do ICMS\",\"datePublished\":\"2025-08-22T12:45:07+00:00\",\"dateModified\":\"2025-08-22T22:48:44+00:00\",\"mainEntityOfPage\":{\"@id\":\"https:\/\/agenciainfra.com\/blog\/amazonas-energia-e-geradores-podem-devolver-mais-de-r-1-bi-do-icms\/\"},\"wordCount\":1002,\"publisher\":{\"@id\":\"https:\/\/agenciainfra.com\/blog\/#organization\"},\"image\":{\"@id\":\"https:\/\/agenciainfra.com\/blog\/amazonas-energia-e-geradores-podem-devolver-mais-de-r-1-bi-do-icms\/#primaryimage\"},\"thumbnailUrl\":\"https:\/\/agenciainfra.com\/blog\/wp-content\/uploads\/2024\/08\/amazonas-energia-foto-ascom.jpeg\",\"keywords\":[\"Abrace\",\"Aggreko\",\"Amazonas Energia\",\"ANEEL\",\"Conta de Luz\",\"Fernando Mosna\",\"Flexgen\",\"Geraldo Campos Jr.\",\"ICMS\",\"Lais Carregosa\",\"Powertech\",\"sistemas isolados\",\"Victor Iocca\"],\"articleSection\":[\"Destaque lista\",\"Geral\",\"iNFRAEnergia\"],\"inLanguage\":\"pt-BR\",\"copyrightYear\":\"2025\",\"copyrightHolder\":{\"@id\":\"https:\/\/agenciainfra.com\/blog\/#organization\"}},{\"@type\":\"WebPage\",\"@id\":\"https:\/\/agenciainfra.com\/blog\/amazonas-energia-e-geradores-podem-devolver-mais-de-r-1-bi-do-icms\/\",\"url\":\"https:\/\/agenciainfra.com\/blog\/amazonas-energia-e-geradores-podem-devolver-mais-de-r-1-bi-do-icms\/\",\"name\":\"Amazonas Energia e geradores podem devolver mais de R$ 1 bi do ICMS - Ag\u00eancia iNFRA\",\"isPartOf\":{\"@id\":\"https:\/\/agenciainfra.com\/blog\/#website\"},\"primaryImageOfPage\":{\"@id\":\"https:\/\/agenciainfra.com\/blog\/amazonas-energia-e-geradores-podem-devolver-mais-de-r-1-bi-do-icms\/#primaryimage\"},\"image\":{\"@id\":\"https:\/\/agenciainfra.com\/blog\/amazonas-energia-e-geradores-podem-devolver-mais-de-r-1-bi-do-icms\/#primaryimage\"},\"thumbnailUrl\":\"https:\/\/agenciainfra.com\/blog\/wp-content\/uploads\/2024\/08\/amazonas-energia-foto-ascom.jpeg\",\"datePublished\":\"2025-08-22T12:45:07+00:00\",\"dateModified\":\"2025-08-22T22:48:44+00:00\",\"breadcrumb\":{\"@id\":\"https:\/\/agenciainfra.com\/blog\/amazonas-energia-e-geradores-podem-devolver-mais-de-r-1-bi-do-icms\/#breadcrumb\"},\"inLanguage\":\"pt-BR\",\"potentialAction\":[{\"@type\":\"ReadAction\",\"target\":[\"https:\/\/agenciainfra.com\/blog\/amazonas-energia-e-geradores-podem-devolver-mais-de-r-1-bi-do-icms\/\"]}]},{\"@type\":\"ImageObject\",\"inLanguage\":\"pt-BR\",\"@id\":\"https:\/\/agenciainfra.com\/blog\/amazonas-energia-e-geradores-podem-devolver-mais-de-r-1-bi-do-icms\/#primaryimage\",\"url\":\"https:\/\/agenciainfra.com\/blog\/wp-content\/uploads\/2024\/08\/amazonas-energia-foto-ascom.jpeg\",\"contentUrl\":\"https:\/\/agenciainfra.com\/blog\/wp-content\/uploads\/2024\/08\/amazonas-energia-foto-ascom.jpeg\",\"width\":1202,\"height\":801,\"caption\":\"Foto: Amazonas Energia\"},{\"@type\":\"BreadcrumbList\",\"@id\":\"https:\/\/agenciainfra.com\/blog\/amazonas-energia-e-geradores-podem-devolver-mais-de-r-1-bi-do-icms\/#breadcrumb\",\"itemListElement\":[{\"@type\":\"ListItem\",\"position\":1,\"name\":\"In\u00edcio\",\"item\":\"https:\/\/agenciainfra.com\/blog\/\"},{\"@type\":\"ListItem\",\"position\":2,\"name\":\"Amazonas Energia e geradores podem devolver mais de R$ 1 bi do ICMS\"}]},{\"@type\":\"WebSite\",\"@id\":\"https:\/\/agenciainfra.com\/blog\/#website\",\"url\":\"https:\/\/agenciainfra.com\/blog\/\",\"name\":\"Ag\u00eancia iNFRA\",\"description\":\"Multiplataforma de informa\u00e7\u00e3o jornal\u00edstica refer\u00eancia na \u00e1rea de infraestrutura no Brasil!\",\"publisher\":{\"@id\":\"https:\/\/agenciainfra.com\/blog\/#organization\"},\"potentialAction\":[{\"@type\":\"SearchAction\",\"target\":{\"@type\":\"EntryPoint\",\"urlTemplate\":\"https:\/\/agenciainfra.com\/blog\/?s={search_term_string}\"},\"query-input\":{\"@type\":\"PropertyValueSpecification\",\"valueRequired\":true,\"valueName\":\"search_term_string\"}}],\"inLanguage\":\"pt-BR\"},{\"@type\":\"Organization\",\"@id\":\"https:\/\/agenciainfra.com\/blog\/#organization\",\"name\":\"Ag\u00eancia iNFRA\",\"url\":\"https:\/\/agenciainfra.com\/blog\/\",\"logo\":{\"@type\":\"ImageObject\",\"inLanguage\":\"pt-BR\",\"@id\":\"https:\/\/agenciainfra.com\/blog\/#\/schema\/logo\/image\/\",\"url\":\"https:\/\/agenciainfra.com\/blog\/wp-content\/uploads\/2023\/09\/iNFRA_5-e1761735885940.png\",\"contentUrl\":\"https:\/\/agenciainfra.com\/blog\/wp-content\/uploads\/2023\/09\/iNFRA_5-e1761735885940.png\",\"width\":1672,\"height\":454,\"caption\":\"Ag\u00eancia iNFRA\"},\"image\":{\"@id\":\"https:\/\/agenciainfra.com\/blog\/#\/schema\/logo\/image\/\"},\"sameAs\":[\"https:\/\/www.facebook.com\/ageninfra\",\"https:\/\/x.com\/agencia_infra\",\"https:\/\/www.linkedin.com\/company\/ag\u00eanciainfra\/\",\"https:\/\/www.instagram.com\/agenciainfra\/\"]},{\"@type\":\"Person\",\"@id\":\"https:\/\/agenciainfra.com\/blog\/#\/schema\/person\/34af08dff6adea4cb22b06612ba7acfa\",\"name\":\"Ag\u00eancia iNFRA\",\"image\":{\"@type\":\"ImageObject\",\"inLanguage\":\"pt-BR\",\"@id\":\"https:\/\/agenciainfra.com\/blog\/#\/schema\/person\/image\/\",\"url\":\"https:\/\/secure.gravatar.com\/avatar\/d189e01678f06d8eb84d4e01f08eb848b3fffe3f8443818d3c356c66892f5be8?s=96&d=mm&r=g\",\"contentUrl\":\"https:\/\/secure.gravatar.com\/avatar\/d189e01678f06d8eb84d4e01f08eb848b3fffe3f8443818d3c356c66892f5be8?s=96&d=mm&r=g\",\"caption\":\"Ag\u00eancia iNFRA\"},\"url\":\"https:\/\/agenciainfra.com\/blog\/author\/admin\/\"}]}<\/script>\n<!-- \/ Yoast SEO Premium plugin. -->","yoast_head_json":{"title":"Amazonas Energia e geradores podem devolver mais de R$ 1 bi do ICMS - Ag\u00eancia iNFRA","robots":{"index":"index","follow":"follow","max-snippet":"max-snippet:-1","max-image-preview":"max-image-preview:large","max-video-preview":"max-video-preview:-1"},"canonical":"https:\/\/agenciainfra.com\/blog\/amazonas-energia-e-geradores-podem-devolver-mais-de-r-1-bi-do-icms\/","og_locale":"pt_BR","og_type":"article","og_title":"Amazonas Energia e geradores podem devolver mais de R$ 1 bi do ICMS","og_description":"Lais Carregosa e Geraldo Campos Jr., da Ag\u00eancia iNFRA A distribuidora Amazonas Energia e tr\u00eas geradores de sistemas isolados podem ter que devolver mais de R$ 1 bilh\u00e3o aos consumidores devido ao recolhimento a mais de ICMS nas contas de energia no estado, disseram fontes \u00e0\u00a0Ag\u00eancia iNFRA. O assunto \u00e9 tratado em um processo na [&hellip;]","og_url":"https:\/\/agenciainfra.com\/blog\/amazonas-energia-e-geradores-podem-devolver-mais-de-r-1-bi-do-icms\/","og_site_name":"Ag\u00eancia iNFRA","article_publisher":"https:\/\/www.facebook.com\/ageninfra","article_published_time":"2025-08-22T12:45:07+00:00","article_modified_time":"2025-08-22T22:48:44+00:00","og_image":[{"width":1202,"height":801,"url":"https:\/\/agenciainfra.com\/blog\/wp-content\/uploads\/2024\/08\/amazonas-energia-foto-ascom.jpeg","type":"image\/jpeg"}],"author":"Ag\u00eancia iNFRA","twitter_card":"summary_large_image","twitter_creator":"@agencia_infra","twitter_site":"@agencia_infra","twitter_misc":{"Escrito por":"Ag\u00eancia iNFRA","Est. tempo de leitura":"5 minutos"},"schema":{"@context":"https:\/\/schema.org","@graph":[{"@type":"Article","@id":"https:\/\/agenciainfra.com\/blog\/amazonas-energia-e-geradores-podem-devolver-mais-de-r-1-bi-do-icms\/#article","isPartOf":{"@id":"https:\/\/agenciainfra.com\/blog\/amazonas-energia-e-geradores-podem-devolver-mais-de-r-1-bi-do-icms\/"},"author":{"name":"Ag\u00eancia iNFRA","@id":"https:\/\/agenciainfra.com\/blog\/#\/schema\/person\/34af08dff6adea4cb22b06612ba7acfa"},"headline":"Amazonas Energia e geradores podem devolver mais de R$ 1 bi do ICMS","datePublished":"2025-08-22T12:45:07+00:00","dateModified":"2025-08-22T22:48:44+00:00","mainEntityOfPage":{"@id":"https:\/\/agenciainfra.com\/blog\/amazonas-energia-e-geradores-podem-devolver-mais-de-r-1-bi-do-icms\/"},"wordCount":1002,"publisher":{"@id":"https:\/\/agenciainfra.com\/blog\/#organization"},"image":{"@id":"https:\/\/agenciainfra.com\/blog\/amazonas-energia-e-geradores-podem-devolver-mais-de-r-1-bi-do-icms\/#primaryimage"},"thumbnailUrl":"https:\/\/agenciainfra.com\/blog\/wp-content\/uploads\/2024\/08\/amazonas-energia-foto-ascom.jpeg","keywords":["Abrace","Aggreko","Amazonas Energia","ANEEL","Conta de Luz","Fernando Mosna","Flexgen","Geraldo Campos Jr.","ICMS","Lais Carregosa","Powertech","sistemas isolados","Victor Iocca"],"articleSection":["Destaque lista","Geral","iNFRAEnergia"],"inLanguage":"pt-BR","copyrightYear":"2025","copyrightHolder":{"@id":"https:\/\/agenciainfra.com\/blog\/#organization"}},{"@type":"WebPage","@id":"https:\/\/agenciainfra.com\/blog\/amazonas-energia-e-geradores-podem-devolver-mais-de-r-1-bi-do-icms\/","url":"https:\/\/agenciainfra.com\/blog\/amazonas-energia-e-geradores-podem-devolver-mais-de-r-1-bi-do-icms\/","name":"Amazonas Energia e geradores podem devolver mais de R$ 1 bi do ICMS - Ag\u00eancia iNFRA","isPartOf":{"@id":"https:\/\/agenciainfra.com\/blog\/#website"},"primaryImageOfPage":{"@id":"https:\/\/agenciainfra.com\/blog\/amazonas-energia-e-geradores-podem-devolver-mais-de-r-1-bi-do-icms\/#primaryimage"},"image":{"@id":"https:\/\/agenciainfra.com\/blog\/amazonas-energia-e-geradores-podem-devolver-mais-de-r-1-bi-do-icms\/#primaryimage"},"thumbnailUrl":"https:\/\/agenciainfra.com\/blog\/wp-content\/uploads\/2024\/08\/amazonas-energia-foto-ascom.jpeg","datePublished":"2025-08-22T12:45:07+00:00","dateModified":"2025-08-22T22:48:44+00:00","breadcrumb":{"@id":"https:\/\/agenciainfra.com\/blog\/amazonas-energia-e-geradores-podem-devolver-mais-de-r-1-bi-do-icms\/#breadcrumb"},"inLanguage":"pt-BR","potentialAction":[{"@type":"ReadAction","target":["https:\/\/agenciainfra.com\/blog\/amazonas-energia-e-geradores-podem-devolver-mais-de-r-1-bi-do-icms\/"]}]},{"@type":"ImageObject","inLanguage":"pt-BR","@id":"https:\/\/agenciainfra.com\/blog\/amazonas-energia-e-geradores-podem-devolver-mais-de-r-1-bi-do-icms\/#primaryimage","url":"https:\/\/agenciainfra.com\/blog\/wp-content\/uploads\/2024\/08\/amazonas-energia-foto-ascom.jpeg","contentUrl":"https:\/\/agenciainfra.com\/blog\/wp-content\/uploads\/2024\/08\/amazonas-energia-foto-ascom.jpeg","width":1202,"height":801,"caption":"Foto: Amazonas Energia"},{"@type":"BreadcrumbList","@id":"https:\/\/agenciainfra.com\/blog\/amazonas-energia-e-geradores-podem-devolver-mais-de-r-1-bi-do-icms\/#breadcrumb","itemListElement":[{"@type":"ListItem","position":1,"name":"In\u00edcio","item":"https:\/\/agenciainfra.com\/blog\/"},{"@type":"ListItem","position":2,"name":"Amazonas Energia e geradores podem devolver mais de R$ 1 bi do ICMS"}]},{"@type":"WebSite","@id":"https:\/\/agenciainfra.com\/blog\/#website","url":"https:\/\/agenciainfra.com\/blog\/","name":"Ag\u00eancia iNFRA","description":"Multiplataforma de informa\u00e7\u00e3o jornal\u00edstica refer\u00eancia na \u00e1rea de infraestrutura no Brasil!","publisher":{"@id":"https:\/\/agenciainfra.com\/blog\/#organization"},"potentialAction":[{"@type":"SearchAction","target":{"@type":"EntryPoint","urlTemplate":"https:\/\/agenciainfra.com\/blog\/?s={search_term_string}"},"query-input":{"@type":"PropertyValueSpecification","valueRequired":true,"valueName":"search_term_string"}}],"inLanguage":"pt-BR"},{"@type":"Organization","@id":"https:\/\/agenciainfra.com\/blog\/#organization","name":"Ag\u00eancia iNFRA","url":"https:\/\/agenciainfra.com\/blog\/","logo":{"@type":"ImageObject","inLanguage":"pt-BR","@id":"https:\/\/agenciainfra.com\/blog\/#\/schema\/logo\/image\/","url":"https:\/\/agenciainfra.com\/blog\/wp-content\/uploads\/2023\/09\/iNFRA_5-e1761735885940.png","contentUrl":"https:\/\/agenciainfra.com\/blog\/wp-content\/uploads\/2023\/09\/iNFRA_5-e1761735885940.png","width":1672,"height":454,"caption":"Ag\u00eancia iNFRA"},"image":{"@id":"https:\/\/agenciainfra.com\/blog\/#\/schema\/logo\/image\/"},"sameAs":["https:\/\/www.facebook.com\/ageninfra","https:\/\/x.com\/agencia_infra","https:\/\/www.linkedin.com\/company\/ag\u00eanciainfra\/","https:\/\/www.instagram.com\/agenciainfra\/"]},{"@type":"Person","@id":"https:\/\/agenciainfra.com\/blog\/#\/schema\/person\/34af08dff6adea4cb22b06612ba7acfa","name":"Ag\u00eancia iNFRA","image":{"@type":"ImageObject","inLanguage":"pt-BR","@id":"https:\/\/agenciainfra.com\/blog\/#\/schema\/person\/image\/","url":"https:\/\/secure.gravatar.com\/avatar\/d189e01678f06d8eb84d4e01f08eb848b3fffe3f8443818d3c356c66892f5be8?s=96&d=mm&r=g","contentUrl":"https:\/\/secure.gravatar.com\/avatar\/d189e01678f06d8eb84d4e01f08eb848b3fffe3f8443818d3c356c66892f5be8?s=96&d=mm&r=g","caption":"Ag\u00eancia iNFRA"},"url":"https:\/\/agenciainfra.com\/blog\/author\/admin\/"}]}},"_links":{"self":[{"href":"https:\/\/agenciainfra.com\/blog\/wp-json\/wp\/v2\/posts\/26594","targetHints":{"allow":["GET"]}}],"collection":[{"href":"https:\/\/agenciainfra.com\/blog\/wp-json\/wp\/v2\/posts"}],"about":[{"href":"https:\/\/agenciainfra.com\/blog\/wp-json\/wp\/v2\/types\/post"}],"author":[{"embeddable":true,"href":"https:\/\/agenciainfra.com\/blog\/wp-json\/wp\/v2\/users\/1"}],"replies":[{"embeddable":true,"href":"https:\/\/agenciainfra.com\/blog\/wp-json\/wp\/v2\/comments?post=26594"}],"version-history":[{"count":1,"href":"https:\/\/agenciainfra.com\/blog\/wp-json\/wp\/v2\/posts\/26594\/revisions"}],"predecessor-version":[{"id":26595,"href":"https:\/\/agenciainfra.com\/blog\/wp-json\/wp\/v2\/posts\/26594\/revisions\/26595"}],"wp:featuredmedia":[{"embeddable":true,"href":"https:\/\/agenciainfra.com\/blog\/wp-json\/wp\/v2\/media\/18298"}],"wp:attachment":[{"href":"https:\/\/agenciainfra.com\/blog\/wp-json\/wp\/v2\/media?parent=26594"}],"wp:term":[{"taxonomy":"category","embeddable":true,"href":"https:\/\/agenciainfra.com\/blog\/wp-json\/wp\/v2\/categories?post=26594"},{"taxonomy":"post_tag","embeddable":true,"href":"https:\/\/agenciainfra.com\/blog\/wp-json\/wp\/v2\/tags?post=26594"}],"curies":[{"name":"wp","href":"https:\/\/api.w.org\/{rel}","templated":true}]}}