{"id":26606,"date":"2025-08-23T10:00:00","date_gmt":"2025-08-23T13:00:00","guid":{"rendered":"https:\/\/agenciainfra.com\/blog\/?p=26606"},"modified":"2025-08-26T11:31:57","modified_gmt":"2025-08-26T14:31:57","slug":"leilao-de-areas-minerais-exigira-garantia-para-afastar-aventureiros","status":"publish","type":"post","link":"https:\/\/agenciainfra.com\/blog\/leilao-de-areas-minerais-exigira-garantia-para-afastar-aventureiros\/","title":{"rendered":"Leil\u00e3o de \u00e1reas minerais exigir\u00e1 garantia para afastar aventureiros"},"content":{"rendered":"\n<p class=\"has-text-align-right\"><strong>Rafael Bitencourt, da Ag\u00eancia iNFRA<\/strong><\/p>\n\n\n\n<p>Uma das inova\u00e7\u00f5es buscadas pela ANM (Ag\u00eancia Nacional de Minera\u00e7\u00e3o) para aperfei\u00e7oar os leil\u00f5es em parceria com a B3 \u00e9 a exig\u00eancia de garantia de manuten\u00e7\u00e3o da proposta, informou o diretor do \u00f3rg\u00e3o regulador Caio Trivellato, em entrevista \u00e0&nbsp;<strong>Ag\u00eancia iNFRA<\/strong>.<br><br>\u201cEsse \u00e9 um mecanismo importante para evitar a especula\u00e7\u00e3o excessiva, o ingresso de atores que n\u00e3o estejam interessados em arrematar \u00e1reas nos leil\u00f5es. Esse \u00e9 o principal ponto: tornar o ambiente mais amistoso a quem estiver na mesa, de fato, para negociar\u201d, afirmou, na entrevista.<br><br>A exig\u00eancia de garantia financeira para assegurar o pagamento do lance \u00e9 usada amplamente em contrata\u00e7\u00f5es p\u00fablicas, especialmente em concess\u00f5es no setor de infraestrutura. Ela \u00e9 executada se houver a desist\u00eancia da compra do ativo arrematado.<br><br>Para o pr\u00f3ximo certame, o lan\u00e7amento de edital est\u00e1 previsto para outubro. Na ocasi\u00e3o, ser\u00e1 aberto o prazo de 60 dias da oferta p\u00fablica com as sete mil \u00e1reas dispon\u00edveis no \u00e2mbito da ANM. Toda a disputa ser\u00e1 conduzida por meio eletr\u00f4nico. Somente a solenidade \u2013 para \u201cbater o martelo\u201d, como disse Trivellato \u2013 na sede da B3, em S\u00e3o Paulo, ser\u00e1 presencial, marcando o encerramento oficial da licita\u00e7\u00e3o e o an\u00fancio do resultado.<br><br><strong>&#8216;Virada de p\u00e1gina<\/strong>&#8216;<br>De acordo com Trivellato, a diretoria da ANM espera uma \u201cvirada de p\u00e1gina\u201d na realiza\u00e7\u00e3o de oferta p\u00fablica a partir da parceria com a B3. As rodadas anteriores foram marcadas por erros no registro de lances. Ap\u00f3s questionamento do TCU (Tribunal de Contas da Uni\u00e3o), a diretoria aprovou recentemente a desclassifica\u00e7\u00e3o de duas empresas vencedoras do leil\u00e3o de 2024.<br><br>\u201cO objetivo de colocar a B3 \u00e9 que todo e qualquer problema t\u00e9cnico que ocorreu durante as nossas ofertas p\u00fablicas n\u00e3o ocorra mais. Porque ela est\u00e1 entregando infraestrutura tecnol\u00f3gica, robustez, para aguentar o ingresso de pessoas na interface\u201d, afirmou Trivellato.<br><br>Ao anunciar a parceria com a B3, a ANM anunciou que j\u00e1 conta com 105 mil \u00e1reas dispon\u00edveis para oferta p\u00fablica. O contrato prev\u00ea a realiza\u00e7\u00e3o de 15 rodadas a partir deste ano. A expectativa \u00e9 que, a partir de 2026, mais de um leil\u00e3o, com 7 mil \u00e1reas, seja realizado por ano.<br><br><strong>Erros da 8\u00ba Rodada<\/strong><br>Sobre a desclassifica\u00e7\u00e3o de empresas que venceram a disputa por duas \u00e1reas na 8\u00aa Rodada de Disponibilidade de \u00c1reas, no ano passado, Trivellato disse que a decis\u00e3o foi tomada com \u201cmuita tranquilidade\u201d. A decis\u00e3o foi tomada pela diretoria da ANM ap\u00f3s o TCU criticar a decis\u00e3o de reduzir o valor dos lances em 90%. Houve a alega\u00e7\u00e3o de erro na hora de registrar a oferta de compra.<br><br>\u201cSe teve ou n\u00e3o erro, se foi ou n\u00e3o por m\u00e1-f\u00e9 das empresas, sabendo do tanto de dificuldade que a gente tem no nosso sistema, o tanto que d\u00e1 pau, que \u00e9 poss\u00edvel ter inconsci\u00eancia t\u00e9cnica, n\u00e3o tem problema nenhum de mudar a decis\u00e3o\u201d, disse Trivellato. Segundo ele, durante e ap\u00f3s o certame, os gabinetes dos diretores receberam uma enxurrada de e-mails para reclamar de erros percebidos na antiga plataforma de leil\u00e3o.<\/p>\n\n\n\n<p><\/p>\n","protected":false},"excerpt":{"rendered":"<p>Rafael Bitencourt, da Ag\u00eancia iNFRA Uma das inova\u00e7\u00f5es buscadas pela ANM (Ag\u00eancia Nacional de Minera\u00e7\u00e3o) para aperfei\u00e7oar os leil\u00f5es em parceria com a B3 \u00e9 a exig\u00eancia de garantia de manuten\u00e7\u00e3o da proposta, informou o diretor do \u00f3rg\u00e3o regulador Caio Trivellato, em entrevista \u00e0&nbsp;Ag\u00eancia iNFRA. \u201cEsse \u00e9 um mecanismo importante para evitar a especula\u00e7\u00e3o excessiva, [&hellip;]<\/p>\n","protected":false},"author":1,"featured_media":26286,"comment_status":"closed","ping_status":"closed","sticky":false,"template":"","format":"standard","meta":{"_monsterinsights_skip_tracking":false,"_monsterinsights_sitenote_active":false,"_monsterinsights_sitenote_note":"","_monsterinsights_sitenote_category":0,"footnotes":""},"categories":[1,13239],"tags":[840,340,4822,14825,14926,13813],"class_list":["post-26606","post","type-post","status-publish","format-standard","has-post-thumbnail","hentry","category-geral","category-mineracao","tag-agencia-nacional-de-mineracao","tag-anm","tag-b3","tag-caio-trivellato","tag-leilao-de-areas-minerais","tag-rafael-bitencourt"],"yoast_head":"<!-- This site is optimized with the Yoast SEO Premium plugin v25.4 (Yoast SEO v26.0) - https:\/\/yoast.com\/wordpress\/plugins\/seo\/ -->\n<title>Leil\u00e3o de \u00e1reas minerais exigir\u00e1 garantia para afastar aventureiros - Ag\u00eancia iNFRA<\/title>\n<meta name=\"robots\" content=\"index, follow, max-snippet:-1, max-image-preview:large, max-video-preview:-1\" \/>\n<link rel=\"canonical\" href=\"https:\/\/agenciainfra.com\/blog\/leilao-de-areas-minerais-exigira-garantia-para-afastar-aventureiros\/\" \/>\n<meta property=\"og:locale\" content=\"pt_BR\" \/>\n<meta property=\"og:type\" content=\"article\" \/>\n<meta property=\"og:title\" content=\"Leil\u00e3o de \u00e1reas minerais exigir\u00e1 garantia para afastar aventureiros\" \/>\n<meta property=\"og:description\" content=\"Rafael Bitencourt, da Ag\u00eancia iNFRA Uma das inova\u00e7\u00f5es buscadas pela ANM (Ag\u00eancia Nacional de Minera\u00e7\u00e3o) para aperfei\u00e7oar os leil\u00f5es em parceria com a B3 \u00e9 a exig\u00eancia de garantia de manuten\u00e7\u00e3o da proposta, informou o diretor do \u00f3rg\u00e3o regulador Caio Trivellato, em entrevista \u00e0&nbsp;Ag\u00eancia iNFRA. \u201cEsse \u00e9 um mecanismo importante para evitar a especula\u00e7\u00e3o excessiva, [&hellip;]\" \/>\n<meta property=\"og:url\" content=\"https:\/\/agenciainfra.com\/blog\/leilao-de-areas-minerais-exigira-garantia-para-afastar-aventureiros\/\" \/>\n<meta property=\"og:site_name\" content=\"Ag\u00eancia iNFRA\" \/>\n<meta property=\"article:publisher\" content=\"https:\/\/www.facebook.com\/ageninfra\" \/>\n<meta property=\"article:published_time\" content=\"2025-08-23T13:00:00+00:00\" \/>\n<meta property=\"article:modified_time\" content=\"2025-08-26T14:31:57+00:00\" \/>\n<meta property=\"og:image\" content=\"https:\/\/agenciainfra.com\/blog\/wp-content\/uploads\/2025\/08\/caio-trivellato-foto-agencia-infra.png\" \/>\n\t<meta property=\"og:image:width\" content=\"1280\" \/>\n\t<meta property=\"og:image:height\" content=\"850\" \/>\n\t<meta property=\"og:image:type\" content=\"image\/png\" \/>\n<meta name=\"author\" content=\"Ag\u00eancia iNFRA\" \/>\n<meta name=\"twitter:card\" content=\"summary_large_image\" \/>\n<meta name=\"twitter:creator\" content=\"@agencia_infra\" \/>\n<meta name=\"twitter:site\" content=\"@agencia_infra\" \/>\n<meta name=\"twitter:label1\" content=\"Escrito por\" \/>\n\t<meta name=\"twitter:data1\" content=\"Ag\u00eancia iNFRA\" \/>\n\t<meta name=\"twitter:label2\" content=\"Est. tempo de leitura\" \/>\n\t<meta name=\"twitter:data2\" content=\"3 minutos\" \/>\n<script type=\"application\/ld+json\" class=\"yoast-schema-graph\">{\"@context\":\"https:\/\/schema.org\",\"@graph\":[{\"@type\":\"Article\",\"@id\":\"https:\/\/agenciainfra.com\/blog\/leilao-de-areas-minerais-exigira-garantia-para-afastar-aventureiros\/#article\",\"isPartOf\":{\"@id\":\"https:\/\/agenciainfra.com\/blog\/leilao-de-areas-minerais-exigira-garantia-para-afastar-aventureiros\/\"},\"author\":{\"name\":\"Ag\u00eancia iNFRA\",\"@id\":\"https:\/\/agenciainfra.com\/blog\/#\/schema\/person\/34af08dff6adea4cb22b06612ba7acfa\"},\"headline\":\"Leil\u00e3o de \u00e1reas minerais exigir\u00e1 garantia para afastar aventureiros\",\"datePublished\":\"2025-08-23T13:00:00+00:00\",\"dateModified\":\"2025-08-26T14:31:57+00:00\",\"mainEntityOfPage\":{\"@id\":\"https:\/\/agenciainfra.com\/blog\/leilao-de-areas-minerais-exigira-garantia-para-afastar-aventureiros\/\"},\"wordCount\":549,\"publisher\":{\"@id\":\"https:\/\/agenciainfra.com\/blog\/#organization\"},\"image\":{\"@id\":\"https:\/\/agenciainfra.com\/blog\/leilao-de-areas-minerais-exigira-garantia-para-afastar-aventureiros\/#primaryimage\"},\"thumbnailUrl\":\"https:\/\/agenciainfra.com\/blog\/wp-content\/uploads\/2025\/08\/caio-trivellato-foto-agencia-infra.png\",\"keywords\":[\"Ag\u00eancia Nacional de Minera\u00e7\u00e3o\",\"ANM\",\"B3\",\"Caio Trivellato\",\"leil\u00e3o de \u00e1reas minerais\",\"Rafael Bitencourt\"],\"articleSection\":[\"Geral\",\"Minera\u00e7\u00e3o\"],\"inLanguage\":\"pt-BR\",\"copyrightYear\":\"2025\",\"copyrightHolder\":{\"@id\":\"https:\/\/agenciainfra.com\/blog\/#organization\"}},{\"@type\":\"WebPage\",\"@id\":\"https:\/\/agenciainfra.com\/blog\/leilao-de-areas-minerais-exigira-garantia-para-afastar-aventureiros\/\",\"url\":\"https:\/\/agenciainfra.com\/blog\/leilao-de-areas-minerais-exigira-garantia-para-afastar-aventureiros\/\",\"name\":\"Leil\u00e3o de \u00e1reas minerais exigir\u00e1 garantia para afastar aventureiros - Ag\u00eancia iNFRA\",\"isPartOf\":{\"@id\":\"https:\/\/agenciainfra.com\/blog\/#website\"},\"primaryImageOfPage\":{\"@id\":\"https:\/\/agenciainfra.com\/blog\/leilao-de-areas-minerais-exigira-garantia-para-afastar-aventureiros\/#primaryimage\"},\"image\":{\"@id\":\"https:\/\/agenciainfra.com\/blog\/leilao-de-areas-minerais-exigira-garantia-para-afastar-aventureiros\/#primaryimage\"},\"thumbnailUrl\":\"https:\/\/agenciainfra.com\/blog\/wp-content\/uploads\/2025\/08\/caio-trivellato-foto-agencia-infra.png\",\"datePublished\":\"2025-08-23T13:00:00+00:00\",\"dateModified\":\"2025-08-26T14:31:57+00:00\",\"breadcrumb\":{\"@id\":\"https:\/\/agenciainfra.com\/blog\/leilao-de-areas-minerais-exigira-garantia-para-afastar-aventureiros\/#breadcrumb\"},\"inLanguage\":\"pt-BR\",\"potentialAction\":[{\"@type\":\"ReadAction\",\"target\":[\"https:\/\/agenciainfra.com\/blog\/leilao-de-areas-minerais-exigira-garantia-para-afastar-aventureiros\/\"]}]},{\"@type\":\"ImageObject\",\"inLanguage\":\"pt-BR\",\"@id\":\"https:\/\/agenciainfra.com\/blog\/leilao-de-areas-minerais-exigira-garantia-para-afastar-aventureiros\/#primaryimage\",\"url\":\"https:\/\/agenciainfra.com\/blog\/wp-content\/uploads\/2025\/08\/caio-trivellato-foto-agencia-infra.png\",\"contentUrl\":\"https:\/\/agenciainfra.com\/blog\/wp-content\/uploads\/2025\/08\/caio-trivellato-foto-agencia-infra.png\",\"width\":1280,\"height\":850,\"caption\":\"Foto: Ag\u00eancia iNFRA\"},{\"@type\":\"BreadcrumbList\",\"@id\":\"https:\/\/agenciainfra.com\/blog\/leilao-de-areas-minerais-exigira-garantia-para-afastar-aventureiros\/#breadcrumb\",\"itemListElement\":[{\"@type\":\"ListItem\",\"position\":1,\"name\":\"In\u00edcio\",\"item\":\"https:\/\/agenciainfra.com\/blog\/\"},{\"@type\":\"ListItem\",\"position\":2,\"name\":\"Leil\u00e3o de \u00e1reas minerais exigir\u00e1 garantia para afastar aventureiros\"}]},{\"@type\":\"WebSite\",\"@id\":\"https:\/\/agenciainfra.com\/blog\/#website\",\"url\":\"https:\/\/agenciainfra.com\/blog\/\",\"name\":\"Ag\u00eancia iNFRA\",\"description\":\"Multiplataforma de informa\u00e7\u00e3o jornal\u00edstica refer\u00eancia na \u00e1rea de infraestrutura no Brasil!\",\"publisher\":{\"@id\":\"https:\/\/agenciainfra.com\/blog\/#organization\"},\"potentialAction\":[{\"@type\":\"SearchAction\",\"target\":{\"@type\":\"EntryPoint\",\"urlTemplate\":\"https:\/\/agenciainfra.com\/blog\/?s={search_term_string}\"},\"query-input\":{\"@type\":\"PropertyValueSpecification\",\"valueRequired\":true,\"valueName\":\"search_term_string\"}}],\"inLanguage\":\"pt-BR\"},{\"@type\":\"Organization\",\"@id\":\"https:\/\/agenciainfra.com\/blog\/#organization\",\"name\":\"Ag\u00eancia iNFRA\",\"url\":\"https:\/\/agenciainfra.com\/blog\/\",\"logo\":{\"@type\":\"ImageObject\",\"inLanguage\":\"pt-BR\",\"@id\":\"https:\/\/agenciainfra.com\/blog\/#\/schema\/logo\/image\/\",\"url\":\"https:\/\/agenciainfra.com\/blog\/wp-content\/uploads\/2023\/09\/iNFRA_5-e1761735885940.png\",\"contentUrl\":\"https:\/\/agenciainfra.com\/blog\/wp-content\/uploads\/2023\/09\/iNFRA_5-e1761735885940.png\",\"width\":1672,\"height\":454,\"caption\":\"Ag\u00eancia iNFRA\"},\"image\":{\"@id\":\"https:\/\/agenciainfra.com\/blog\/#\/schema\/logo\/image\/\"},\"sameAs\":[\"https:\/\/www.facebook.com\/ageninfra\",\"https:\/\/x.com\/agencia_infra\",\"https:\/\/www.linkedin.com\/company\/ag\u00eanciainfra\/\",\"https:\/\/www.instagram.com\/agenciainfra\/\"]},{\"@type\":\"Person\",\"@id\":\"https:\/\/agenciainfra.com\/blog\/#\/schema\/person\/34af08dff6adea4cb22b06612ba7acfa\",\"name\":\"Ag\u00eancia iNFRA\",\"image\":{\"@type\":\"ImageObject\",\"inLanguage\":\"pt-BR\",\"@id\":\"https:\/\/agenciainfra.com\/blog\/#\/schema\/person\/image\/\",\"url\":\"https:\/\/secure.gravatar.com\/avatar\/d189e01678f06d8eb84d4e01f08eb848b3fffe3f8443818d3c356c66892f5be8?s=96&d=mm&r=g\",\"contentUrl\":\"https:\/\/secure.gravatar.com\/avatar\/d189e01678f06d8eb84d4e01f08eb848b3fffe3f8443818d3c356c66892f5be8?s=96&d=mm&r=g\",\"caption\":\"Ag\u00eancia iNFRA\"},\"url\":\"https:\/\/agenciainfra.com\/blog\/author\/admin\/\"}]}<\/script>\n<!-- \/ Yoast SEO Premium plugin. -->","yoast_head_json":{"title":"Leil\u00e3o de \u00e1reas minerais exigir\u00e1 garantia para afastar aventureiros - Ag\u00eancia iNFRA","robots":{"index":"index","follow":"follow","max-snippet":"max-snippet:-1","max-image-preview":"max-image-preview:large","max-video-preview":"max-video-preview:-1"},"canonical":"https:\/\/agenciainfra.com\/blog\/leilao-de-areas-minerais-exigira-garantia-para-afastar-aventureiros\/","og_locale":"pt_BR","og_type":"article","og_title":"Leil\u00e3o de \u00e1reas minerais exigir\u00e1 garantia para afastar aventureiros","og_description":"Rafael Bitencourt, da Ag\u00eancia iNFRA Uma das inova\u00e7\u00f5es buscadas pela ANM (Ag\u00eancia Nacional de Minera\u00e7\u00e3o) para aperfei\u00e7oar os leil\u00f5es em parceria com a B3 \u00e9 a exig\u00eancia de garantia de manuten\u00e7\u00e3o da proposta, informou o diretor do \u00f3rg\u00e3o regulador Caio Trivellato, em entrevista \u00e0&nbsp;Ag\u00eancia iNFRA. \u201cEsse \u00e9 um mecanismo importante para evitar a especula\u00e7\u00e3o excessiva, [&hellip;]","og_url":"https:\/\/agenciainfra.com\/blog\/leilao-de-areas-minerais-exigira-garantia-para-afastar-aventureiros\/","og_site_name":"Ag\u00eancia iNFRA","article_publisher":"https:\/\/www.facebook.com\/ageninfra","article_published_time":"2025-08-23T13:00:00+00:00","article_modified_time":"2025-08-26T14:31:57+00:00","og_image":[{"width":1280,"height":850,"url":"https:\/\/agenciainfra.com\/blog\/wp-content\/uploads\/2025\/08\/caio-trivellato-foto-agencia-infra.png","type":"image\/png"}],"author":"Ag\u00eancia iNFRA","twitter_card":"summary_large_image","twitter_creator":"@agencia_infra","twitter_site":"@agencia_infra","twitter_misc":{"Escrito por":"Ag\u00eancia iNFRA","Est. tempo de leitura":"3 minutos"},"schema":{"@context":"https:\/\/schema.org","@graph":[{"@type":"Article","@id":"https:\/\/agenciainfra.com\/blog\/leilao-de-areas-minerais-exigira-garantia-para-afastar-aventureiros\/#article","isPartOf":{"@id":"https:\/\/agenciainfra.com\/blog\/leilao-de-areas-minerais-exigira-garantia-para-afastar-aventureiros\/"},"author":{"name":"Ag\u00eancia iNFRA","@id":"https:\/\/agenciainfra.com\/blog\/#\/schema\/person\/34af08dff6adea4cb22b06612ba7acfa"},"headline":"Leil\u00e3o de \u00e1reas minerais exigir\u00e1 garantia para afastar aventureiros","datePublished":"2025-08-23T13:00:00+00:00","dateModified":"2025-08-26T14:31:57+00:00","mainEntityOfPage":{"@id":"https:\/\/agenciainfra.com\/blog\/leilao-de-areas-minerais-exigira-garantia-para-afastar-aventureiros\/"},"wordCount":549,"publisher":{"@id":"https:\/\/agenciainfra.com\/blog\/#organization"},"image":{"@id":"https:\/\/agenciainfra.com\/blog\/leilao-de-areas-minerais-exigira-garantia-para-afastar-aventureiros\/#primaryimage"},"thumbnailUrl":"https:\/\/agenciainfra.com\/blog\/wp-content\/uploads\/2025\/08\/caio-trivellato-foto-agencia-infra.png","keywords":["Ag\u00eancia Nacional de Minera\u00e7\u00e3o","ANM","B3","Caio Trivellato","leil\u00e3o de \u00e1reas minerais","Rafael Bitencourt"],"articleSection":["Geral","Minera\u00e7\u00e3o"],"inLanguage":"pt-BR","copyrightYear":"2025","copyrightHolder":{"@id":"https:\/\/agenciainfra.com\/blog\/#organization"}},{"@type":"WebPage","@id":"https:\/\/agenciainfra.com\/blog\/leilao-de-areas-minerais-exigira-garantia-para-afastar-aventureiros\/","url":"https:\/\/agenciainfra.com\/blog\/leilao-de-areas-minerais-exigira-garantia-para-afastar-aventureiros\/","name":"Leil\u00e3o de \u00e1reas minerais exigir\u00e1 garantia para afastar aventureiros - Ag\u00eancia iNFRA","isPartOf":{"@id":"https:\/\/agenciainfra.com\/blog\/#website"},"primaryImageOfPage":{"@id":"https:\/\/agenciainfra.com\/blog\/leilao-de-areas-minerais-exigira-garantia-para-afastar-aventureiros\/#primaryimage"},"image":{"@id":"https:\/\/agenciainfra.com\/blog\/leilao-de-areas-minerais-exigira-garantia-para-afastar-aventureiros\/#primaryimage"},"thumbnailUrl":"https:\/\/agenciainfra.com\/blog\/wp-content\/uploads\/2025\/08\/caio-trivellato-foto-agencia-infra.png","datePublished":"2025-08-23T13:00:00+00:00","dateModified":"2025-08-26T14:31:57+00:00","breadcrumb":{"@id":"https:\/\/agenciainfra.com\/blog\/leilao-de-areas-minerais-exigira-garantia-para-afastar-aventureiros\/#breadcrumb"},"inLanguage":"pt-BR","potentialAction":[{"@type":"ReadAction","target":["https:\/\/agenciainfra.com\/blog\/leilao-de-areas-minerais-exigira-garantia-para-afastar-aventureiros\/"]}]},{"@type":"ImageObject","inLanguage":"pt-BR","@id":"https:\/\/agenciainfra.com\/blog\/leilao-de-areas-minerais-exigira-garantia-para-afastar-aventureiros\/#primaryimage","url":"https:\/\/agenciainfra.com\/blog\/wp-content\/uploads\/2025\/08\/caio-trivellato-foto-agencia-infra.png","contentUrl":"https:\/\/agenciainfra.com\/blog\/wp-content\/uploads\/2025\/08\/caio-trivellato-foto-agencia-infra.png","width":1280,"height":850,"caption":"Foto: Ag\u00eancia iNFRA"},{"@type":"BreadcrumbList","@id":"https:\/\/agenciainfra.com\/blog\/leilao-de-areas-minerais-exigira-garantia-para-afastar-aventureiros\/#breadcrumb","itemListElement":[{"@type":"ListItem","position":1,"name":"In\u00edcio","item":"https:\/\/agenciainfra.com\/blog\/"},{"@type":"ListItem","position":2,"name":"Leil\u00e3o de \u00e1reas minerais exigir\u00e1 garantia para afastar aventureiros"}]},{"@type":"WebSite","@id":"https:\/\/agenciainfra.com\/blog\/#website","url":"https:\/\/agenciainfra.com\/blog\/","name":"Ag\u00eancia iNFRA","description":"Multiplataforma de informa\u00e7\u00e3o jornal\u00edstica refer\u00eancia na \u00e1rea de infraestrutura no Brasil!","publisher":{"@id":"https:\/\/agenciainfra.com\/blog\/#organization"},"potentialAction":[{"@type":"SearchAction","target":{"@type":"EntryPoint","urlTemplate":"https:\/\/agenciainfra.com\/blog\/?s={search_term_string}"},"query-input":{"@type":"PropertyValueSpecification","valueRequired":true,"valueName":"search_term_string"}}],"inLanguage":"pt-BR"},{"@type":"Organization","@id":"https:\/\/agenciainfra.com\/blog\/#organization","name":"Ag\u00eancia iNFRA","url":"https:\/\/agenciainfra.com\/blog\/","logo":{"@type":"ImageObject","inLanguage":"pt-BR","@id":"https:\/\/agenciainfra.com\/blog\/#\/schema\/logo\/image\/","url":"https:\/\/agenciainfra.com\/blog\/wp-content\/uploads\/2023\/09\/iNFRA_5-e1761735885940.png","contentUrl":"https:\/\/agenciainfra.com\/blog\/wp-content\/uploads\/2023\/09\/iNFRA_5-e1761735885940.png","width":1672,"height":454,"caption":"Ag\u00eancia iNFRA"},"image":{"@id":"https:\/\/agenciainfra.com\/blog\/#\/schema\/logo\/image\/"},"sameAs":["https:\/\/www.facebook.com\/ageninfra","https:\/\/x.com\/agencia_infra","https:\/\/www.linkedin.com\/company\/ag\u00eanciainfra\/","https:\/\/www.instagram.com\/agenciainfra\/"]},{"@type":"Person","@id":"https:\/\/agenciainfra.com\/blog\/#\/schema\/person\/34af08dff6adea4cb22b06612ba7acfa","name":"Ag\u00eancia iNFRA","image":{"@type":"ImageObject","inLanguage":"pt-BR","@id":"https:\/\/agenciainfra.com\/blog\/#\/schema\/person\/image\/","url":"https:\/\/secure.gravatar.com\/avatar\/d189e01678f06d8eb84d4e01f08eb848b3fffe3f8443818d3c356c66892f5be8?s=96&d=mm&r=g","contentUrl":"https:\/\/secure.gravatar.com\/avatar\/d189e01678f06d8eb84d4e01f08eb848b3fffe3f8443818d3c356c66892f5be8?s=96&d=mm&r=g","caption":"Ag\u00eancia iNFRA"},"url":"https:\/\/agenciainfra.com\/blog\/author\/admin\/"}]}},"_links":{"self":[{"href":"https:\/\/agenciainfra.com\/blog\/wp-json\/wp\/v2\/posts\/26606","targetHints":{"allow":["GET"]}}],"collection":[{"href":"https:\/\/agenciainfra.com\/blog\/wp-json\/wp\/v2\/posts"}],"about":[{"href":"https:\/\/agenciainfra.com\/blog\/wp-json\/wp\/v2\/types\/post"}],"author":[{"embeddable":true,"href":"https:\/\/agenciainfra.com\/blog\/wp-json\/wp\/v2\/users\/1"}],"replies":[{"embeddable":true,"href":"https:\/\/agenciainfra.com\/blog\/wp-json\/wp\/v2\/comments?post=26606"}],"version-history":[{"count":2,"href":"https:\/\/agenciainfra.com\/blog\/wp-json\/wp\/v2\/posts\/26606\/revisions"}],"predecessor-version":[{"id":26662,"href":"https:\/\/agenciainfra.com\/blog\/wp-json\/wp\/v2\/posts\/26606\/revisions\/26662"}],"wp:featuredmedia":[{"embeddable":true,"href":"https:\/\/agenciainfra.com\/blog\/wp-json\/wp\/v2\/media\/26286"}],"wp:attachment":[{"href":"https:\/\/agenciainfra.com\/blog\/wp-json\/wp\/v2\/media?parent=26606"}],"wp:term":[{"taxonomy":"category","embeddable":true,"href":"https:\/\/agenciainfra.com\/blog\/wp-json\/wp\/v2\/categories?post=26606"},{"taxonomy":"post_tag","embeddable":true,"href":"https:\/\/agenciainfra.com\/blog\/wp-json\/wp\/v2\/tags?post=26606"}],"curies":[{"name":"wp","href":"https:\/\/api.w.org\/{rel}","templated":true}]}}