{"id":26610,"date":"2025-08-22T13:04:10","date_gmt":"2025-08-22T16:04:10","guid":{"rendered":"https:\/\/agenciainfra.com\/blog\/?p=26610"},"modified":"2025-08-22T22:00:13","modified_gmt":"2025-08-23T01:00:13","slug":"silveira-pede-que-congresso-analise-medidas-provisorias-do-setor-eletrico","status":"publish","type":"post","link":"https:\/\/agenciainfra.com\/blog\/silveira-pede-que-congresso-analise-medidas-provisorias-do-setor-eletrico\/","title":{"rendered":"Silveira pede que Congresso analise medidas provis\u00f3rias do setor el\u00e9trico"},"content":{"rendered":"\n<p class=\"has-text-align-right\"><strong>Marisa Wanzeller, da Ag\u00eancia iNFRA<\/strong><\/p>\n\n\n\n<p>O ministro de Minas e Energia, Alexandre Silveira, pediu nesta sexta-feira (22) que o Congresso analise a <a href=\"https:\/\/www.congressonacional.leg.br\/materias\/medidas-provisorias\/-\/mpv\/168719\">MP (Medida Provis\u00f3ria) 1.300\/2025<\/a>, que trata da tarifa social e da reestrutura\u00e7\u00e3o do setor el\u00e9trico. A medida perde validade em 17 de setembro e, segundo fontes disseram \u00e0 <strong>Ag\u00eancia iNFRA<\/strong>, corre o risco de n\u00e3o ser aprovada.<\/p>\n\n\n\n<p>\u201cAproveito para conclamar o Congresso para se debru\u00e7ar sobre um tema de maior interesse, a reestrutura\u00e7\u00e3o do setor el\u00e9trico. Quero acreditar no esp\u00edrito p\u00fablico de dois ex-ministros [o senador Eduardo Braga e o deputado federal Fernando Coelho Filho], nos presidentes das Casas, presidentes da CME [Comiss\u00e3o de Minas e Energia] e CI [Comiss\u00e3o de Infraestrutura], para conclam\u00e1-los a, com muita responsabilidade, debaterem essas medidas\u201d, declarou. Braga e Coelho s\u00e3o apontados como o presidente e o relator da MP, mas ainda n\u00e3o foram nomeados oficialmente.<\/p>\n\n\n\n<p>Contudo, em entrevista a jornalistas ap\u00f3s o evento, Silveira disse entender que o novo modelo da Tarifa Social de Energia El\u00e9trica pode ser mantido at\u00e9 o final do ano, mesmo que a MP perca vig\u00eancia.<\/p>\n\n\n\n<p>O apelo do ministro se estende tamb\u00e9m a outra medida em tramita\u00e7\u00e3o no Congresso Nacional, a <a href=\"https:\/\/www.congressonacional.leg.br\/materias\/medidas-provisorias\/-\/mpv\/169547\">MP 1.304\/2025<\/a>, que estabelece um limite para os subs\u00eddios na conta de luz. Essa medida pode ter sua comiss\u00e3o mista instalada na pr\u00f3xima semana, segundo fontes.<\/p>\n","protected":false},"excerpt":{"rendered":"<p>Marisa Wanzeller, da Ag\u00eancia iNFRA O ministro de Minas e Energia, Alexandre Silveira, pediu nesta sexta-feira (22) que o Congresso analise a MP (Medida Provis\u00f3ria) 1.300\/2025, que trata da tarifa social e da reestrutura\u00e7\u00e3o do setor el\u00e9trico. A medida perde validade em 17 de setembro e, segundo fontes disseram \u00e0 Ag\u00eancia iNFRA, corre o risco [&hellip;]<\/p>\n","protected":false},"author":1,"featured_media":26612,"comment_status":"closed","ping_status":"closed","sticky":false,"template":"","format":"standard","meta":{"_monsterinsights_skip_tracking":false,"_monsterinsights_sitenote_active":false,"_monsterinsights_sitenote_note":"","_monsterinsights_sitenote_category":0,"footnotes":""},"categories":[1,10],"tags":[6040,1498,1016,122,1252,1254,7366,96,13449,14378,14930],"class_list":["post-26610","post","type-post","status-publish","format-standard","has-post-thumbnail","hentry","category-geral","category-infraenergia","tag-alexandre-silveira","tag-comissao-de-infraestrutura","tag-comissao-de-minas-e-energia","tag-conta-de-luz","tag-eduardo-braga","tag-fernando-coelho-filho","tag-marisa-wanzeller","tag-ministerio-de-minas-e-energia","tag-mp-1-300","tag-mp-1-304","tag-tarifa-social-do-setor-eletrico"],"yoast_head":"<!-- This site is optimized with the Yoast SEO Premium plugin v25.4 (Yoast SEO v26.0) - https:\/\/yoast.com\/wordpress\/plugins\/seo\/ -->\n<title>Silveira pede que Congresso analise medidas provis\u00f3rias do setor el\u00e9trico - Ag\u00eancia iNFRA<\/title>\n<meta name=\"robots\" content=\"index, follow, max-snippet:-1, max-image-preview:large, max-video-preview:-1\" \/>\n<link rel=\"canonical\" href=\"https:\/\/agenciainfra.com\/blog\/silveira-pede-que-congresso-analise-medidas-provisorias-do-setor-eletrico\/\" \/>\n<meta property=\"og:locale\" content=\"pt_BR\" \/>\n<meta property=\"og:type\" content=\"article\" \/>\n<meta property=\"og:title\" content=\"Silveira pede que Congresso analise medidas provis\u00f3rias do setor el\u00e9trico\" \/>\n<meta property=\"og:description\" content=\"Marisa Wanzeller, da Ag\u00eancia iNFRA O ministro de Minas e Energia, Alexandre Silveira, pediu nesta sexta-feira (22) que o Congresso analise a MP (Medida Provis\u00f3ria) 1.300\/2025, que trata da tarifa social e da reestrutura\u00e7\u00e3o do setor el\u00e9trico. A medida perde validade em 17 de setembro e, segundo fontes disseram \u00e0 Ag\u00eancia iNFRA, corre o risco [&hellip;]\" \/>\n<meta property=\"og:url\" content=\"https:\/\/agenciainfra.com\/blog\/silveira-pede-que-congresso-analise-medidas-provisorias-do-setor-eletrico\/\" \/>\n<meta property=\"og:site_name\" content=\"Ag\u00eancia iNFRA\" \/>\n<meta property=\"article:publisher\" content=\"https:\/\/www.facebook.com\/ageninfra\" \/>\n<meta property=\"article:published_time\" content=\"2025-08-22T16:04:10+00:00\" \/>\n<meta property=\"article:modified_time\" content=\"2025-08-23T01:00:13+00:00\" \/>\n<meta property=\"og:image\" content=\"https:\/\/agenciainfra.com\/blog\/wp-content\/uploads\/2025\/08\/alexandre-silveira-foto-reproducao-mme.png\" \/>\n\t<meta property=\"og:image:width\" content=\"1280\" \/>\n\t<meta property=\"og:image:height\" content=\"765\" \/>\n\t<meta property=\"og:image:type\" content=\"image\/png\" \/>\n<meta name=\"author\" content=\"Ag\u00eancia iNFRA\" \/>\n<meta name=\"twitter:card\" content=\"summary_large_image\" \/>\n<meta name=\"twitter:creator\" content=\"@agencia_infra\" \/>\n<meta name=\"twitter:site\" content=\"@agencia_infra\" \/>\n<meta name=\"twitter:label1\" content=\"Escrito por\" \/>\n\t<meta name=\"twitter:data1\" content=\"Ag\u00eancia iNFRA\" \/>\n\t<meta name=\"twitter:label2\" content=\"Est. tempo de leitura\" \/>\n\t<meta name=\"twitter:data2\" content=\"1 minuto\" \/>\n<script type=\"application\/ld+json\" class=\"yoast-schema-graph\">{\"@context\":\"https:\/\/schema.org\",\"@graph\":[{\"@type\":\"Article\",\"@id\":\"https:\/\/agenciainfra.com\/blog\/silveira-pede-que-congresso-analise-medidas-provisorias-do-setor-eletrico\/#article\",\"isPartOf\":{\"@id\":\"https:\/\/agenciainfra.com\/blog\/silveira-pede-que-congresso-analise-medidas-provisorias-do-setor-eletrico\/\"},\"author\":{\"name\":\"Ag\u00eancia iNFRA\",\"@id\":\"https:\/\/agenciainfra.com\/blog\/#\/schema\/person\/34af08dff6adea4cb22b06612ba7acfa\"},\"headline\":\"Silveira pede que Congresso analise medidas provis\u00f3rias do setor el\u00e9trico\",\"datePublished\":\"2025-08-22T16:04:10+00:00\",\"dateModified\":\"2025-08-23T01:00:13+00:00\",\"mainEntityOfPage\":{\"@id\":\"https:\/\/agenciainfra.com\/blog\/silveira-pede-que-congresso-analise-medidas-provisorias-do-setor-eletrico\/\"},\"wordCount\":251,\"publisher\":{\"@id\":\"https:\/\/agenciainfra.com\/blog\/#organization\"},\"image\":{\"@id\":\"https:\/\/agenciainfra.com\/blog\/silveira-pede-que-congresso-analise-medidas-provisorias-do-setor-eletrico\/#primaryimage\"},\"thumbnailUrl\":\"https:\/\/agenciainfra.com\/blog\/wp-content\/uploads\/2025\/08\/alexandre-silveira-foto-reproducao-mme.png\",\"keywords\":[\"Alexandre Silveira\",\"Comiss\u00e3o de Infraestrutura\",\"Comiss\u00e3o de Minas e Energia\",\"Conta de Luz\",\"Eduardo Braga\",\"Fernando Coelho Filho\",\"Marisa Wanzeller\",\"Minist\u00e9rio de Minas e Energia\",\"mp 1.300\",\"MP 1.304\",\"tarifa social do setor el\u00e9trico\"],\"articleSection\":[\"Geral\",\"iNFRAEnergia\"],\"inLanguage\":\"pt-BR\",\"copyrightYear\":\"2025\",\"copyrightHolder\":{\"@id\":\"https:\/\/agenciainfra.com\/blog\/#organization\"}},{\"@type\":\"WebPage\",\"@id\":\"https:\/\/agenciainfra.com\/blog\/silveira-pede-que-congresso-analise-medidas-provisorias-do-setor-eletrico\/\",\"url\":\"https:\/\/agenciainfra.com\/blog\/silveira-pede-que-congresso-analise-medidas-provisorias-do-setor-eletrico\/\",\"name\":\"Silveira pede que Congresso analise medidas provis\u00f3rias do setor el\u00e9trico - Ag\u00eancia iNFRA\",\"isPartOf\":{\"@id\":\"https:\/\/agenciainfra.com\/blog\/#website\"},\"primaryImageOfPage\":{\"@id\":\"https:\/\/agenciainfra.com\/blog\/silveira-pede-que-congresso-analise-medidas-provisorias-do-setor-eletrico\/#primaryimage\"},\"image\":{\"@id\":\"https:\/\/agenciainfra.com\/blog\/silveira-pede-que-congresso-analise-medidas-provisorias-do-setor-eletrico\/#primaryimage\"},\"thumbnailUrl\":\"https:\/\/agenciainfra.com\/blog\/wp-content\/uploads\/2025\/08\/alexandre-silveira-foto-reproducao-mme.png\",\"datePublished\":\"2025-08-22T16:04:10+00:00\",\"dateModified\":\"2025-08-23T01:00:13+00:00\",\"breadcrumb\":{\"@id\":\"https:\/\/agenciainfra.com\/blog\/silveira-pede-que-congresso-analise-medidas-provisorias-do-setor-eletrico\/#breadcrumb\"},\"inLanguage\":\"pt-BR\",\"potentialAction\":[{\"@type\":\"ReadAction\",\"target\":[\"https:\/\/agenciainfra.com\/blog\/silveira-pede-que-congresso-analise-medidas-provisorias-do-setor-eletrico\/\"]}]},{\"@type\":\"ImageObject\",\"inLanguage\":\"pt-BR\",\"@id\":\"https:\/\/agenciainfra.com\/blog\/silveira-pede-que-congresso-analise-medidas-provisorias-do-setor-eletrico\/#primaryimage\",\"url\":\"https:\/\/agenciainfra.com\/blog\/wp-content\/uploads\/2025\/08\/alexandre-silveira-foto-reproducao-mme.png\",\"contentUrl\":\"https:\/\/agenciainfra.com\/blog\/wp-content\/uploads\/2025\/08\/alexandre-silveira-foto-reproducao-mme.png\",\"width\":1280,\"height\":765,\"caption\":\"Foto: Reprodu\u00e7\u00e3o\/MME\"},{\"@type\":\"BreadcrumbList\",\"@id\":\"https:\/\/agenciainfra.com\/blog\/silveira-pede-que-congresso-analise-medidas-provisorias-do-setor-eletrico\/#breadcrumb\",\"itemListElement\":[{\"@type\":\"ListItem\",\"position\":1,\"name\":\"In\u00edcio\",\"item\":\"https:\/\/agenciainfra.com\/blog\/\"},{\"@type\":\"ListItem\",\"position\":2,\"name\":\"Silveira pede que Congresso analise medidas provis\u00f3rias do setor el\u00e9trico\"}]},{\"@type\":\"WebSite\",\"@id\":\"https:\/\/agenciainfra.com\/blog\/#website\",\"url\":\"https:\/\/agenciainfra.com\/blog\/\",\"name\":\"Ag\u00eancia iNFRA\",\"description\":\"Multiplataforma de informa\u00e7\u00e3o jornal\u00edstica refer\u00eancia na \u00e1rea de infraestrutura no Brasil!\",\"publisher\":{\"@id\":\"https:\/\/agenciainfra.com\/blog\/#organization\"},\"potentialAction\":[{\"@type\":\"SearchAction\",\"target\":{\"@type\":\"EntryPoint\",\"urlTemplate\":\"https:\/\/agenciainfra.com\/blog\/?s={search_term_string}\"},\"query-input\":{\"@type\":\"PropertyValueSpecification\",\"valueRequired\":true,\"valueName\":\"search_term_string\"}}],\"inLanguage\":\"pt-BR\"},{\"@type\":\"Organization\",\"@id\":\"https:\/\/agenciainfra.com\/blog\/#organization\",\"name\":\"Ag\u00eancia iNFRA\",\"url\":\"https:\/\/agenciainfra.com\/blog\/\",\"logo\":{\"@type\":\"ImageObject\",\"inLanguage\":\"pt-BR\",\"@id\":\"https:\/\/agenciainfra.com\/blog\/#\/schema\/logo\/image\/\",\"url\":\"https:\/\/agenciainfra.com\/blog\/wp-content\/uploads\/2023\/09\/iNFRA_5-e1761735885940.png\",\"contentUrl\":\"https:\/\/agenciainfra.com\/blog\/wp-content\/uploads\/2023\/09\/iNFRA_5-e1761735885940.png\",\"width\":1672,\"height\":454,\"caption\":\"Ag\u00eancia iNFRA\"},\"image\":{\"@id\":\"https:\/\/agenciainfra.com\/blog\/#\/schema\/logo\/image\/\"},\"sameAs\":[\"https:\/\/www.facebook.com\/ageninfra\",\"https:\/\/x.com\/agencia_infra\",\"https:\/\/www.linkedin.com\/company\/ag\u00eanciainfra\/\",\"https:\/\/www.instagram.com\/agenciainfra\/\"]},{\"@type\":\"Person\",\"@id\":\"https:\/\/agenciainfra.com\/blog\/#\/schema\/person\/34af08dff6adea4cb22b06612ba7acfa\",\"name\":\"Ag\u00eancia iNFRA\",\"image\":{\"@type\":\"ImageObject\",\"inLanguage\":\"pt-BR\",\"@id\":\"https:\/\/agenciainfra.com\/blog\/#\/schema\/person\/image\/\",\"url\":\"https:\/\/secure.gravatar.com\/avatar\/d189e01678f06d8eb84d4e01f08eb848b3fffe3f8443818d3c356c66892f5be8?s=96&d=mm&r=g\",\"contentUrl\":\"https:\/\/secure.gravatar.com\/avatar\/d189e01678f06d8eb84d4e01f08eb848b3fffe3f8443818d3c356c66892f5be8?s=96&d=mm&r=g\",\"caption\":\"Ag\u00eancia iNFRA\"},\"url\":\"https:\/\/agenciainfra.com\/blog\/author\/admin\/\"}]}<\/script>\n<!-- \/ Yoast SEO Premium plugin. -->","yoast_head_json":{"title":"Silveira pede que Congresso analise medidas provis\u00f3rias do setor el\u00e9trico - Ag\u00eancia iNFRA","robots":{"index":"index","follow":"follow","max-snippet":"max-snippet:-1","max-image-preview":"max-image-preview:large","max-video-preview":"max-video-preview:-1"},"canonical":"https:\/\/agenciainfra.com\/blog\/silveira-pede-que-congresso-analise-medidas-provisorias-do-setor-eletrico\/","og_locale":"pt_BR","og_type":"article","og_title":"Silveira pede que Congresso analise medidas provis\u00f3rias do setor el\u00e9trico","og_description":"Marisa Wanzeller, da Ag\u00eancia iNFRA O ministro de Minas e Energia, Alexandre Silveira, pediu nesta sexta-feira (22) que o Congresso analise a MP (Medida Provis\u00f3ria) 1.300\/2025, que trata da tarifa social e da reestrutura\u00e7\u00e3o do setor el\u00e9trico. A medida perde validade em 17 de setembro e, segundo fontes disseram \u00e0 Ag\u00eancia iNFRA, corre o risco [&hellip;]","og_url":"https:\/\/agenciainfra.com\/blog\/silveira-pede-que-congresso-analise-medidas-provisorias-do-setor-eletrico\/","og_site_name":"Ag\u00eancia iNFRA","article_publisher":"https:\/\/www.facebook.com\/ageninfra","article_published_time":"2025-08-22T16:04:10+00:00","article_modified_time":"2025-08-23T01:00:13+00:00","og_image":[{"width":1280,"height":765,"url":"https:\/\/agenciainfra.com\/blog\/wp-content\/uploads\/2025\/08\/alexandre-silveira-foto-reproducao-mme.png","type":"image\/png"}],"author":"Ag\u00eancia iNFRA","twitter_card":"summary_large_image","twitter_creator":"@agencia_infra","twitter_site":"@agencia_infra","twitter_misc":{"Escrito por":"Ag\u00eancia iNFRA","Est. tempo de leitura":"1 minuto"},"schema":{"@context":"https:\/\/schema.org","@graph":[{"@type":"Article","@id":"https:\/\/agenciainfra.com\/blog\/silveira-pede-que-congresso-analise-medidas-provisorias-do-setor-eletrico\/#article","isPartOf":{"@id":"https:\/\/agenciainfra.com\/blog\/silveira-pede-que-congresso-analise-medidas-provisorias-do-setor-eletrico\/"},"author":{"name":"Ag\u00eancia iNFRA","@id":"https:\/\/agenciainfra.com\/blog\/#\/schema\/person\/34af08dff6adea4cb22b06612ba7acfa"},"headline":"Silveira pede que Congresso analise medidas provis\u00f3rias do setor el\u00e9trico","datePublished":"2025-08-22T16:04:10+00:00","dateModified":"2025-08-23T01:00:13+00:00","mainEntityOfPage":{"@id":"https:\/\/agenciainfra.com\/blog\/silveira-pede-que-congresso-analise-medidas-provisorias-do-setor-eletrico\/"},"wordCount":251,"publisher":{"@id":"https:\/\/agenciainfra.com\/blog\/#organization"},"image":{"@id":"https:\/\/agenciainfra.com\/blog\/silveira-pede-que-congresso-analise-medidas-provisorias-do-setor-eletrico\/#primaryimage"},"thumbnailUrl":"https:\/\/agenciainfra.com\/blog\/wp-content\/uploads\/2025\/08\/alexandre-silveira-foto-reproducao-mme.png","keywords":["Alexandre Silveira","Comiss\u00e3o de Infraestrutura","Comiss\u00e3o de Minas e Energia","Conta de Luz","Eduardo Braga","Fernando Coelho Filho","Marisa Wanzeller","Minist\u00e9rio de Minas e Energia","mp 1.300","MP 1.304","tarifa social do setor el\u00e9trico"],"articleSection":["Geral","iNFRAEnergia"],"inLanguage":"pt-BR","copyrightYear":"2025","copyrightHolder":{"@id":"https:\/\/agenciainfra.com\/blog\/#organization"}},{"@type":"WebPage","@id":"https:\/\/agenciainfra.com\/blog\/silveira-pede-que-congresso-analise-medidas-provisorias-do-setor-eletrico\/","url":"https:\/\/agenciainfra.com\/blog\/silveira-pede-que-congresso-analise-medidas-provisorias-do-setor-eletrico\/","name":"Silveira pede que Congresso analise medidas provis\u00f3rias do setor el\u00e9trico - Ag\u00eancia iNFRA","isPartOf":{"@id":"https:\/\/agenciainfra.com\/blog\/#website"},"primaryImageOfPage":{"@id":"https:\/\/agenciainfra.com\/blog\/silveira-pede-que-congresso-analise-medidas-provisorias-do-setor-eletrico\/#primaryimage"},"image":{"@id":"https:\/\/agenciainfra.com\/blog\/silveira-pede-que-congresso-analise-medidas-provisorias-do-setor-eletrico\/#primaryimage"},"thumbnailUrl":"https:\/\/agenciainfra.com\/blog\/wp-content\/uploads\/2025\/08\/alexandre-silveira-foto-reproducao-mme.png","datePublished":"2025-08-22T16:04:10+00:00","dateModified":"2025-08-23T01:00:13+00:00","breadcrumb":{"@id":"https:\/\/agenciainfra.com\/blog\/silveira-pede-que-congresso-analise-medidas-provisorias-do-setor-eletrico\/#breadcrumb"},"inLanguage":"pt-BR","potentialAction":[{"@type":"ReadAction","target":["https:\/\/agenciainfra.com\/blog\/silveira-pede-que-congresso-analise-medidas-provisorias-do-setor-eletrico\/"]}]},{"@type":"ImageObject","inLanguage":"pt-BR","@id":"https:\/\/agenciainfra.com\/blog\/silveira-pede-que-congresso-analise-medidas-provisorias-do-setor-eletrico\/#primaryimage","url":"https:\/\/agenciainfra.com\/blog\/wp-content\/uploads\/2025\/08\/alexandre-silveira-foto-reproducao-mme.png","contentUrl":"https:\/\/agenciainfra.com\/blog\/wp-content\/uploads\/2025\/08\/alexandre-silveira-foto-reproducao-mme.png","width":1280,"height":765,"caption":"Foto: Reprodu\u00e7\u00e3o\/MME"},{"@type":"BreadcrumbList","@id":"https:\/\/agenciainfra.com\/blog\/silveira-pede-que-congresso-analise-medidas-provisorias-do-setor-eletrico\/#breadcrumb","itemListElement":[{"@type":"ListItem","position":1,"name":"In\u00edcio","item":"https:\/\/agenciainfra.com\/blog\/"},{"@type":"ListItem","position":2,"name":"Silveira pede que Congresso analise medidas provis\u00f3rias do setor el\u00e9trico"}]},{"@type":"WebSite","@id":"https:\/\/agenciainfra.com\/blog\/#website","url":"https:\/\/agenciainfra.com\/blog\/","name":"Ag\u00eancia iNFRA","description":"Multiplataforma de informa\u00e7\u00e3o jornal\u00edstica refer\u00eancia na \u00e1rea de infraestrutura no Brasil!","publisher":{"@id":"https:\/\/agenciainfra.com\/blog\/#organization"},"potentialAction":[{"@type":"SearchAction","target":{"@type":"EntryPoint","urlTemplate":"https:\/\/agenciainfra.com\/blog\/?s={search_term_string}"},"query-input":{"@type":"PropertyValueSpecification","valueRequired":true,"valueName":"search_term_string"}}],"inLanguage":"pt-BR"},{"@type":"Organization","@id":"https:\/\/agenciainfra.com\/blog\/#organization","name":"Ag\u00eancia iNFRA","url":"https:\/\/agenciainfra.com\/blog\/","logo":{"@type":"ImageObject","inLanguage":"pt-BR","@id":"https:\/\/agenciainfra.com\/blog\/#\/schema\/logo\/image\/","url":"https:\/\/agenciainfra.com\/blog\/wp-content\/uploads\/2023\/09\/iNFRA_5-e1761735885940.png","contentUrl":"https:\/\/agenciainfra.com\/blog\/wp-content\/uploads\/2023\/09\/iNFRA_5-e1761735885940.png","width":1672,"height":454,"caption":"Ag\u00eancia iNFRA"},"image":{"@id":"https:\/\/agenciainfra.com\/blog\/#\/schema\/logo\/image\/"},"sameAs":["https:\/\/www.facebook.com\/ageninfra","https:\/\/x.com\/agencia_infra","https:\/\/www.linkedin.com\/company\/ag\u00eanciainfra\/","https:\/\/www.instagram.com\/agenciainfra\/"]},{"@type":"Person","@id":"https:\/\/agenciainfra.com\/blog\/#\/schema\/person\/34af08dff6adea4cb22b06612ba7acfa","name":"Ag\u00eancia iNFRA","image":{"@type":"ImageObject","inLanguage":"pt-BR","@id":"https:\/\/agenciainfra.com\/blog\/#\/schema\/person\/image\/","url":"https:\/\/secure.gravatar.com\/avatar\/d189e01678f06d8eb84d4e01f08eb848b3fffe3f8443818d3c356c66892f5be8?s=96&d=mm&r=g","contentUrl":"https:\/\/secure.gravatar.com\/avatar\/d189e01678f06d8eb84d4e01f08eb848b3fffe3f8443818d3c356c66892f5be8?s=96&d=mm&r=g","caption":"Ag\u00eancia iNFRA"},"url":"https:\/\/agenciainfra.com\/blog\/author\/admin\/"}]}},"_links":{"self":[{"href":"https:\/\/agenciainfra.com\/blog\/wp-json\/wp\/v2\/posts\/26610","targetHints":{"allow":["GET"]}}],"collection":[{"href":"https:\/\/agenciainfra.com\/blog\/wp-json\/wp\/v2\/posts"}],"about":[{"href":"https:\/\/agenciainfra.com\/blog\/wp-json\/wp\/v2\/types\/post"}],"author":[{"embeddable":true,"href":"https:\/\/agenciainfra.com\/blog\/wp-json\/wp\/v2\/users\/1"}],"replies":[{"embeddable":true,"href":"https:\/\/agenciainfra.com\/blog\/wp-json\/wp\/v2\/comments?post=26610"}],"version-history":[{"count":2,"href":"https:\/\/agenciainfra.com\/blog\/wp-json\/wp\/v2\/posts\/26610\/revisions"}],"predecessor-version":[{"id":26614,"href":"https:\/\/agenciainfra.com\/blog\/wp-json\/wp\/v2\/posts\/26610\/revisions\/26614"}],"wp:featuredmedia":[{"embeddable":true,"href":"https:\/\/agenciainfra.com\/blog\/wp-json\/wp\/v2\/media\/26612"}],"wp:attachment":[{"href":"https:\/\/agenciainfra.com\/blog\/wp-json\/wp\/v2\/media?parent=26610"}],"wp:term":[{"taxonomy":"category","embeddable":true,"href":"https:\/\/agenciainfra.com\/blog\/wp-json\/wp\/v2\/categories?post=26610"},{"taxonomy":"post_tag","embeddable":true,"href":"https:\/\/agenciainfra.com\/blog\/wp-json\/wp\/v2\/tags?post=26610"}],"curies":[{"name":"wp","href":"https:\/\/api.w.org\/{rel}","templated":true}]}}