{"id":26632,"date":"2025-08-22T16:37:56","date_gmt":"2025-08-22T19:37:56","guid":{"rendered":"https:\/\/agenciainfra.com\/blog\/?p=26632"},"modified":"2025-08-26T08:07:35","modified_gmt":"2025-08-26T11:07:35","slug":"baterias-na-transmissao-nao-precisam-de-regulamentacao-como-na-geracao-diz-sandoval","status":"publish","type":"post","link":"https:\/\/agenciainfra.com\/blog\/baterias-na-transmissao-nao-precisam-de-regulamentacao-como-na-geracao-diz-sandoval\/","title":{"rendered":"Baterias na transmiss\u00e3o n\u00e3o precisam de regulamenta\u00e7\u00e3o como na gera\u00e7\u00e3o, diz Sandoval"},"content":{"rendered":"\n<p class=\"has-text-align-right\"><strong>Gabriel Vasconcelos, da Ag\u00eancia iNFRA<\/strong><\/p>\n\n\n\n<p>O diretor-geral da ANEEL (Ag\u00eancia Nacional de Energia El\u00e9trica), Sandoval Feitosa, reiterou nesta sexta-feira (22), que n\u00e3o \u00e9 necess\u00e1ria regulamenta\u00e7\u00e3o espec\u00edfica para o uso de baterias em sistemas de transmiss\u00e3o e que a inclus\u00e3o da tecnologia em projetos para os pr\u00f3ximos leil\u00f5es ser\u00e3o &#8220;positivados&#8221; em edital. Segundo Feitosa, por\u00e9m, isso \u00e9 diferente do uso de baterias como neg\u00f3cio independente, ou seja, de um agente que ofere\u00e7a esse servi\u00e7o para a rede, o que deve ganhar uma &#8220;primeira camada de regulamenta\u00e7\u00e3o&#8221; nos pr\u00f3ximos dias.<\/p>\n\n\n\n<p>&#8220;A bateria pode ser utilizada como uma fonte de gera\u00e7\u00e3o independente ou como um ativo de transmiss\u00e3o. Como ativo de transmiss\u00e3o, ele \u00e9 licitado como uma linha de transmiss\u00e3o, como um transformador, como uma remunera\u00e7\u00e3o fixa a ser repassada&#8221;, disse Feitosa em evento do grupo empresarial Lide, realizado no Rio de Janeiro.<\/p>\n\n\n\n<p>De toda forma, disse ele, o processo relativo ao uso como fonte independente, que teve pedido de vistas do diretor Fernando Mosna, vai para a pauta da reuni\u00e3o da ag\u00eancia marcada para a pr\u00f3xima ter\u00e7a-feira (26), levando a uma &#8220;primeira camada&#8221; de regulamenta\u00e7\u00e3o para baterias.<\/p>\n\n\n\n<p>&#8220;Mas n\u00e3o precisamos de uma regulamenta\u00e7\u00e3o pronta para licita\u00e7\u00e3o de baterias para uso no sistema de transmiss\u00e3o. N\u00f3s, por exemplo, licitamos ativos de corrente cont\u00ednua sem uma regulamenta\u00e7\u00e3o pr\u00e9via elaborada pela ANEEL&#8221;, continuou o diretor-geral da ag\u00eancia.<\/p>\n\n\n\n<p>Segundo ele, a tecnologia est\u00e1 madura e existe uma &#8220;possibilidade real&#8221; de queda dos seus pre\u00e7os para uso no sistema interligado nacional.<\/p>\n\n\n\n<p>Questionado se essa diferencia\u00e7\u00e3o e falta de regulamenta\u00e7\u00e3o n\u00e3o poderia trazer inseguran\u00e7a jur\u00eddica ao setor, Sandoval Feitosa negou sob o argumento de que as possibilidades de uso ser\u00e3o &#8220;positivadas&#8221; nos editais dos leil\u00f5es.<\/p>\n\n\n\n<p>Ele tamb\u00e9m deixou em aberto a possibilidade de o leil\u00e3o de baterias sair antes do LRCAP (Leil\u00e3o de Reserva de Capacidade). &#8220;Temos convic\u00e7\u00e3o de que, ao encaminharmos essa manifesta\u00e7\u00e3o favor\u00e1vel ao Minist\u00e9rio de Minas e Energia, EPE e ONS, eles tenham condi\u00e7\u00f5es de j\u00e1 indicar baterias para uso no sistema de transmiss\u00e3o&#8221;, continuou.<\/p>\n","protected":false},"excerpt":{"rendered":"<p>Gabriel Vasconcelos, da Ag\u00eancia iNFRA O diretor-geral da ANEEL (Ag\u00eancia Nacional de Energia El\u00e9trica), Sandoval Feitosa, reiterou nesta sexta-feira (22), que n\u00e3o \u00e9 necess\u00e1ria regulamenta\u00e7\u00e3o espec\u00edfica para o uso de baterias em sistemas de transmiss\u00e3o e que a inclus\u00e3o da tecnologia em projetos para os pr\u00f3ximos leil\u00f5es ser\u00e3o &#8220;positivados&#8221; em edital. Segundo Feitosa, por\u00e9m, isso [&hellip;]<\/p>\n","protected":false},"author":1,"featured_media":20628,"comment_status":"closed","ping_status":"closed","sticky":false,"template":"","format":"standard","meta":{"_monsterinsights_skip_tracking":false,"_monsterinsights_sitenote_active":false,"_monsterinsights_sitenote_note":"","_monsterinsights_sitenote_category":0,"footnotes":""},"categories":[1,10],"tags":[5189,7014,13251,2803,4912,9822,14939,1026,14938],"class_list":["post-26632","post","type-post","status-publish","format-standard","has-post-thumbnail","hentry","category-geral","category-infraenergia","tag-baterias","tag-fernando-mosna","tag-gabriel-vasconcelos","tag-geracao-de-energia","tag-leilao-de-energia","tag-lrcap","tag-regulamentacao-de-baterias","tag-sandoval-feitosa","tag-sistemas-de-transmissao"],"yoast_head":"<!-- This site is optimized with the Yoast SEO Premium plugin v25.4 (Yoast SEO v26.0) - https:\/\/yoast.com\/wordpress\/plugins\/seo\/ -->\n<title>Baterias na transmiss\u00e3o n\u00e3o precisam de regulamenta\u00e7\u00e3o como na gera\u00e7\u00e3o, diz Sandoval - Ag\u00eancia iNFRA<\/title>\n<meta name=\"robots\" content=\"index, follow, max-snippet:-1, max-image-preview:large, max-video-preview:-1\" \/>\n<link rel=\"canonical\" href=\"https:\/\/agenciainfra.com\/blog\/baterias-na-transmissao-nao-precisam-de-regulamentacao-como-na-geracao-diz-sandoval\/\" \/>\n<meta property=\"og:locale\" content=\"pt_BR\" \/>\n<meta property=\"og:type\" content=\"article\" \/>\n<meta property=\"og:title\" content=\"Baterias na transmiss\u00e3o n\u00e3o precisam de regulamenta\u00e7\u00e3o como na gera\u00e7\u00e3o, diz Sandoval\" \/>\n<meta property=\"og:description\" content=\"Gabriel Vasconcelos, da Ag\u00eancia iNFRA O diretor-geral da ANEEL (Ag\u00eancia Nacional de Energia El\u00e9trica), Sandoval Feitosa, reiterou nesta sexta-feira (22), que n\u00e3o \u00e9 necess\u00e1ria regulamenta\u00e7\u00e3o espec\u00edfica para o uso de baterias em sistemas de transmiss\u00e3o e que a inclus\u00e3o da tecnologia em projetos para os pr\u00f3ximos leil\u00f5es ser\u00e3o &#8220;positivados&#8221; em edital. Segundo Feitosa, por\u00e9m, isso [&hellip;]\" \/>\n<meta property=\"og:url\" content=\"https:\/\/agenciainfra.com\/blog\/baterias-na-transmissao-nao-precisam-de-regulamentacao-como-na-geracao-diz-sandoval\/\" \/>\n<meta property=\"og:site_name\" content=\"Ag\u00eancia iNFRA\" \/>\n<meta property=\"article:publisher\" content=\"https:\/\/www.facebook.com\/ageninfra\" \/>\n<meta property=\"article:published_time\" content=\"2025-08-22T19:37:56+00:00\" \/>\n<meta property=\"article:modified_time\" content=\"2025-08-26T11:07:35+00:00\" \/>\n<meta property=\"og:image\" content=\"https:\/\/agenciainfra.com\/blog\/wp-content\/uploads\/2025\/03\/sandoval-feitosa-foto-saulo-cruz-aneel-1024x683-1.jpeg\" \/>\n\t<meta property=\"og:image:width\" content=\"1024\" \/>\n\t<meta property=\"og:image:height\" content=\"683\" \/>\n\t<meta property=\"og:image:type\" content=\"image\/jpeg\" \/>\n<meta name=\"author\" content=\"Ag\u00eancia iNFRA\" \/>\n<meta name=\"twitter:card\" content=\"summary_large_image\" \/>\n<meta name=\"twitter:creator\" content=\"@agencia_infra\" \/>\n<meta name=\"twitter:site\" content=\"@agencia_infra\" \/>\n<meta name=\"twitter:label1\" content=\"Escrito por\" \/>\n\t<meta name=\"twitter:data1\" content=\"Ag\u00eancia iNFRA\" \/>\n\t<meta name=\"twitter:label2\" content=\"Est. tempo de leitura\" \/>\n\t<meta name=\"twitter:data2\" content=\"2 minutos\" \/>\n<script type=\"application\/ld+json\" class=\"yoast-schema-graph\">{\"@context\":\"https:\/\/schema.org\",\"@graph\":[{\"@type\":\"Article\",\"@id\":\"https:\/\/agenciainfra.com\/blog\/baterias-na-transmissao-nao-precisam-de-regulamentacao-como-na-geracao-diz-sandoval\/#article\",\"isPartOf\":{\"@id\":\"https:\/\/agenciainfra.com\/blog\/baterias-na-transmissao-nao-precisam-de-regulamentacao-como-na-geracao-diz-sandoval\/\"},\"author\":{\"name\":\"Ag\u00eancia iNFRA\",\"@id\":\"https:\/\/agenciainfra.com\/blog\/#\/schema\/person\/34af08dff6adea4cb22b06612ba7acfa\"},\"headline\":\"Baterias na transmiss\u00e3o n\u00e3o precisam de regulamenta\u00e7\u00e3o como na gera\u00e7\u00e3o, diz Sandoval\",\"datePublished\":\"2025-08-22T19:37:56+00:00\",\"dateModified\":\"2025-08-26T11:07:35+00:00\",\"mainEntityOfPage\":{\"@id\":\"https:\/\/agenciainfra.com\/blog\/baterias-na-transmissao-nao-precisam-de-regulamentacao-como-na-geracao-diz-sandoval\/\"},\"wordCount\":395,\"publisher\":{\"@id\":\"https:\/\/agenciainfra.com\/blog\/#organization\"},\"image\":{\"@id\":\"https:\/\/agenciainfra.com\/blog\/baterias-na-transmissao-nao-precisam-de-regulamentacao-como-na-geracao-diz-sandoval\/#primaryimage\"},\"thumbnailUrl\":\"https:\/\/agenciainfra.com\/blog\/wp-content\/uploads\/2025\/03\/sandoval-feitosa-foto-saulo-cruz-aneel-1024x683-1.jpeg\",\"keywords\":[\"baterias\",\"Fernando Mosna\",\"Gabriel Vasconcelos\",\"gera\u00e7\u00e3o de energia\",\"leil\u00e3o de energia\",\"LRCAP\",\"regulamenta\u00e7\u00e3o de baterias\",\"Sandoval Feitosa\",\"sistemas de transmiss\u00e3o\"],\"articleSection\":[\"Geral\",\"iNFRAEnergia\"],\"inLanguage\":\"pt-BR\",\"copyrightYear\":\"2025\",\"copyrightHolder\":{\"@id\":\"https:\/\/agenciainfra.com\/blog\/#organization\"}},{\"@type\":\"WebPage\",\"@id\":\"https:\/\/agenciainfra.com\/blog\/baterias-na-transmissao-nao-precisam-de-regulamentacao-como-na-geracao-diz-sandoval\/\",\"url\":\"https:\/\/agenciainfra.com\/blog\/baterias-na-transmissao-nao-precisam-de-regulamentacao-como-na-geracao-diz-sandoval\/\",\"name\":\"Baterias na transmiss\u00e3o n\u00e3o precisam de regulamenta\u00e7\u00e3o como na gera\u00e7\u00e3o, diz Sandoval - Ag\u00eancia iNFRA\",\"isPartOf\":{\"@id\":\"https:\/\/agenciainfra.com\/blog\/#website\"},\"primaryImageOfPage\":{\"@id\":\"https:\/\/agenciainfra.com\/blog\/baterias-na-transmissao-nao-precisam-de-regulamentacao-como-na-geracao-diz-sandoval\/#primaryimage\"},\"image\":{\"@id\":\"https:\/\/agenciainfra.com\/blog\/baterias-na-transmissao-nao-precisam-de-regulamentacao-como-na-geracao-diz-sandoval\/#primaryimage\"},\"thumbnailUrl\":\"https:\/\/agenciainfra.com\/blog\/wp-content\/uploads\/2025\/03\/sandoval-feitosa-foto-saulo-cruz-aneel-1024x683-1.jpeg\",\"datePublished\":\"2025-08-22T19:37:56+00:00\",\"dateModified\":\"2025-08-26T11:07:35+00:00\",\"breadcrumb\":{\"@id\":\"https:\/\/agenciainfra.com\/blog\/baterias-na-transmissao-nao-precisam-de-regulamentacao-como-na-geracao-diz-sandoval\/#breadcrumb\"},\"inLanguage\":\"pt-BR\",\"potentialAction\":[{\"@type\":\"ReadAction\",\"target\":[\"https:\/\/agenciainfra.com\/blog\/baterias-na-transmissao-nao-precisam-de-regulamentacao-como-na-geracao-diz-sandoval\/\"]}]},{\"@type\":\"ImageObject\",\"inLanguage\":\"pt-BR\",\"@id\":\"https:\/\/agenciainfra.com\/blog\/baterias-na-transmissao-nao-precisam-de-regulamentacao-como-na-geracao-diz-sandoval\/#primaryimage\",\"url\":\"https:\/\/agenciainfra.com\/blog\/wp-content\/uploads\/2025\/03\/sandoval-feitosa-foto-saulo-cruz-aneel-1024x683-1.jpeg\",\"contentUrl\":\"https:\/\/agenciainfra.com\/blog\/wp-content\/uploads\/2025\/03\/sandoval-feitosa-foto-saulo-cruz-aneel-1024x683-1.jpeg\",\"width\":1024,\"height\":683,\"caption\":\"Foto: Saulo Cruz\/ANEEL\"},{\"@type\":\"BreadcrumbList\",\"@id\":\"https:\/\/agenciainfra.com\/blog\/baterias-na-transmissao-nao-precisam-de-regulamentacao-como-na-geracao-diz-sandoval\/#breadcrumb\",\"itemListElement\":[{\"@type\":\"ListItem\",\"position\":1,\"name\":\"In\u00edcio\",\"item\":\"https:\/\/agenciainfra.com\/blog\/\"},{\"@type\":\"ListItem\",\"position\":2,\"name\":\"Baterias na transmiss\u00e3o n\u00e3o precisam de regulamenta\u00e7\u00e3o como na gera\u00e7\u00e3o, diz Sandoval\"}]},{\"@type\":\"WebSite\",\"@id\":\"https:\/\/agenciainfra.com\/blog\/#website\",\"url\":\"https:\/\/agenciainfra.com\/blog\/\",\"name\":\"Ag\u00eancia iNFRA\",\"description\":\"Multiplataforma de informa\u00e7\u00e3o jornal\u00edstica refer\u00eancia na \u00e1rea de infraestrutura no Brasil!\",\"publisher\":{\"@id\":\"https:\/\/agenciainfra.com\/blog\/#organization\"},\"potentialAction\":[{\"@type\":\"SearchAction\",\"target\":{\"@type\":\"EntryPoint\",\"urlTemplate\":\"https:\/\/agenciainfra.com\/blog\/?s={search_term_string}\"},\"query-input\":{\"@type\":\"PropertyValueSpecification\",\"valueRequired\":true,\"valueName\":\"search_term_string\"}}],\"inLanguage\":\"pt-BR\"},{\"@type\":\"Organization\",\"@id\":\"https:\/\/agenciainfra.com\/blog\/#organization\",\"name\":\"Ag\u00eancia iNFRA\",\"url\":\"https:\/\/agenciainfra.com\/blog\/\",\"logo\":{\"@type\":\"ImageObject\",\"inLanguage\":\"pt-BR\",\"@id\":\"https:\/\/agenciainfra.com\/blog\/#\/schema\/logo\/image\/\",\"url\":\"https:\/\/agenciainfra.com\/blog\/wp-content\/uploads\/2023\/09\/iNFRA_5-e1761735885940.png\",\"contentUrl\":\"https:\/\/agenciainfra.com\/blog\/wp-content\/uploads\/2023\/09\/iNFRA_5-e1761735885940.png\",\"width\":1672,\"height\":454,\"caption\":\"Ag\u00eancia iNFRA\"},\"image\":{\"@id\":\"https:\/\/agenciainfra.com\/blog\/#\/schema\/logo\/image\/\"},\"sameAs\":[\"https:\/\/www.facebook.com\/ageninfra\",\"https:\/\/x.com\/agencia_infra\",\"https:\/\/www.linkedin.com\/company\/ag\u00eanciainfra\/\",\"https:\/\/www.instagram.com\/agenciainfra\/\"]},{\"@type\":\"Person\",\"@id\":\"https:\/\/agenciainfra.com\/blog\/#\/schema\/person\/34af08dff6adea4cb22b06612ba7acfa\",\"name\":\"Ag\u00eancia iNFRA\",\"image\":{\"@type\":\"ImageObject\",\"inLanguage\":\"pt-BR\",\"@id\":\"https:\/\/agenciainfra.com\/blog\/#\/schema\/person\/image\/\",\"url\":\"https:\/\/secure.gravatar.com\/avatar\/d189e01678f06d8eb84d4e01f08eb848b3fffe3f8443818d3c356c66892f5be8?s=96&d=mm&r=g\",\"contentUrl\":\"https:\/\/secure.gravatar.com\/avatar\/d189e01678f06d8eb84d4e01f08eb848b3fffe3f8443818d3c356c66892f5be8?s=96&d=mm&r=g\",\"caption\":\"Ag\u00eancia iNFRA\"},\"url\":\"https:\/\/agenciainfra.com\/blog\/author\/admin\/\"}]}<\/script>\n<!-- \/ Yoast SEO Premium plugin. -->","yoast_head_json":{"title":"Baterias na transmiss\u00e3o n\u00e3o precisam de regulamenta\u00e7\u00e3o como na gera\u00e7\u00e3o, diz Sandoval - Ag\u00eancia iNFRA","robots":{"index":"index","follow":"follow","max-snippet":"max-snippet:-1","max-image-preview":"max-image-preview:large","max-video-preview":"max-video-preview:-1"},"canonical":"https:\/\/agenciainfra.com\/blog\/baterias-na-transmissao-nao-precisam-de-regulamentacao-como-na-geracao-diz-sandoval\/","og_locale":"pt_BR","og_type":"article","og_title":"Baterias na transmiss\u00e3o n\u00e3o precisam de regulamenta\u00e7\u00e3o como na gera\u00e7\u00e3o, diz Sandoval","og_description":"Gabriel Vasconcelos, da Ag\u00eancia iNFRA O diretor-geral da ANEEL (Ag\u00eancia Nacional de Energia El\u00e9trica), Sandoval Feitosa, reiterou nesta sexta-feira (22), que n\u00e3o \u00e9 necess\u00e1ria regulamenta\u00e7\u00e3o espec\u00edfica para o uso de baterias em sistemas de transmiss\u00e3o e que a inclus\u00e3o da tecnologia em projetos para os pr\u00f3ximos leil\u00f5es ser\u00e3o &#8220;positivados&#8221; em edital. Segundo Feitosa, por\u00e9m, isso [&hellip;]","og_url":"https:\/\/agenciainfra.com\/blog\/baterias-na-transmissao-nao-precisam-de-regulamentacao-como-na-geracao-diz-sandoval\/","og_site_name":"Ag\u00eancia iNFRA","article_publisher":"https:\/\/www.facebook.com\/ageninfra","article_published_time":"2025-08-22T19:37:56+00:00","article_modified_time":"2025-08-26T11:07:35+00:00","og_image":[{"width":1024,"height":683,"url":"https:\/\/agenciainfra.com\/blog\/wp-content\/uploads\/2025\/03\/sandoval-feitosa-foto-saulo-cruz-aneel-1024x683-1.jpeg","type":"image\/jpeg"}],"author":"Ag\u00eancia iNFRA","twitter_card":"summary_large_image","twitter_creator":"@agencia_infra","twitter_site":"@agencia_infra","twitter_misc":{"Escrito por":"Ag\u00eancia iNFRA","Est. tempo de leitura":"2 minutos"},"schema":{"@context":"https:\/\/schema.org","@graph":[{"@type":"Article","@id":"https:\/\/agenciainfra.com\/blog\/baterias-na-transmissao-nao-precisam-de-regulamentacao-como-na-geracao-diz-sandoval\/#article","isPartOf":{"@id":"https:\/\/agenciainfra.com\/blog\/baterias-na-transmissao-nao-precisam-de-regulamentacao-como-na-geracao-diz-sandoval\/"},"author":{"name":"Ag\u00eancia iNFRA","@id":"https:\/\/agenciainfra.com\/blog\/#\/schema\/person\/34af08dff6adea4cb22b06612ba7acfa"},"headline":"Baterias na transmiss\u00e3o n\u00e3o precisam de regulamenta\u00e7\u00e3o como na gera\u00e7\u00e3o, diz Sandoval","datePublished":"2025-08-22T19:37:56+00:00","dateModified":"2025-08-26T11:07:35+00:00","mainEntityOfPage":{"@id":"https:\/\/agenciainfra.com\/blog\/baterias-na-transmissao-nao-precisam-de-regulamentacao-como-na-geracao-diz-sandoval\/"},"wordCount":395,"publisher":{"@id":"https:\/\/agenciainfra.com\/blog\/#organization"},"image":{"@id":"https:\/\/agenciainfra.com\/blog\/baterias-na-transmissao-nao-precisam-de-regulamentacao-como-na-geracao-diz-sandoval\/#primaryimage"},"thumbnailUrl":"https:\/\/agenciainfra.com\/blog\/wp-content\/uploads\/2025\/03\/sandoval-feitosa-foto-saulo-cruz-aneel-1024x683-1.jpeg","keywords":["baterias","Fernando Mosna","Gabriel Vasconcelos","gera\u00e7\u00e3o de energia","leil\u00e3o de energia","LRCAP","regulamenta\u00e7\u00e3o de baterias","Sandoval Feitosa","sistemas de transmiss\u00e3o"],"articleSection":["Geral","iNFRAEnergia"],"inLanguage":"pt-BR","copyrightYear":"2025","copyrightHolder":{"@id":"https:\/\/agenciainfra.com\/blog\/#organization"}},{"@type":"WebPage","@id":"https:\/\/agenciainfra.com\/blog\/baterias-na-transmissao-nao-precisam-de-regulamentacao-como-na-geracao-diz-sandoval\/","url":"https:\/\/agenciainfra.com\/blog\/baterias-na-transmissao-nao-precisam-de-regulamentacao-como-na-geracao-diz-sandoval\/","name":"Baterias na transmiss\u00e3o n\u00e3o precisam de regulamenta\u00e7\u00e3o como na gera\u00e7\u00e3o, diz Sandoval - Ag\u00eancia iNFRA","isPartOf":{"@id":"https:\/\/agenciainfra.com\/blog\/#website"},"primaryImageOfPage":{"@id":"https:\/\/agenciainfra.com\/blog\/baterias-na-transmissao-nao-precisam-de-regulamentacao-como-na-geracao-diz-sandoval\/#primaryimage"},"image":{"@id":"https:\/\/agenciainfra.com\/blog\/baterias-na-transmissao-nao-precisam-de-regulamentacao-como-na-geracao-diz-sandoval\/#primaryimage"},"thumbnailUrl":"https:\/\/agenciainfra.com\/blog\/wp-content\/uploads\/2025\/03\/sandoval-feitosa-foto-saulo-cruz-aneel-1024x683-1.jpeg","datePublished":"2025-08-22T19:37:56+00:00","dateModified":"2025-08-26T11:07:35+00:00","breadcrumb":{"@id":"https:\/\/agenciainfra.com\/blog\/baterias-na-transmissao-nao-precisam-de-regulamentacao-como-na-geracao-diz-sandoval\/#breadcrumb"},"inLanguage":"pt-BR","potentialAction":[{"@type":"ReadAction","target":["https:\/\/agenciainfra.com\/blog\/baterias-na-transmissao-nao-precisam-de-regulamentacao-como-na-geracao-diz-sandoval\/"]}]},{"@type":"ImageObject","inLanguage":"pt-BR","@id":"https:\/\/agenciainfra.com\/blog\/baterias-na-transmissao-nao-precisam-de-regulamentacao-como-na-geracao-diz-sandoval\/#primaryimage","url":"https:\/\/agenciainfra.com\/blog\/wp-content\/uploads\/2025\/03\/sandoval-feitosa-foto-saulo-cruz-aneel-1024x683-1.jpeg","contentUrl":"https:\/\/agenciainfra.com\/blog\/wp-content\/uploads\/2025\/03\/sandoval-feitosa-foto-saulo-cruz-aneel-1024x683-1.jpeg","width":1024,"height":683,"caption":"Foto: Saulo Cruz\/ANEEL"},{"@type":"BreadcrumbList","@id":"https:\/\/agenciainfra.com\/blog\/baterias-na-transmissao-nao-precisam-de-regulamentacao-como-na-geracao-diz-sandoval\/#breadcrumb","itemListElement":[{"@type":"ListItem","position":1,"name":"In\u00edcio","item":"https:\/\/agenciainfra.com\/blog\/"},{"@type":"ListItem","position":2,"name":"Baterias na transmiss\u00e3o n\u00e3o precisam de regulamenta\u00e7\u00e3o como na gera\u00e7\u00e3o, diz Sandoval"}]},{"@type":"WebSite","@id":"https:\/\/agenciainfra.com\/blog\/#website","url":"https:\/\/agenciainfra.com\/blog\/","name":"Ag\u00eancia iNFRA","description":"Multiplataforma de informa\u00e7\u00e3o jornal\u00edstica refer\u00eancia na \u00e1rea de infraestrutura no Brasil!","publisher":{"@id":"https:\/\/agenciainfra.com\/blog\/#organization"},"potentialAction":[{"@type":"SearchAction","target":{"@type":"EntryPoint","urlTemplate":"https:\/\/agenciainfra.com\/blog\/?s={search_term_string}"},"query-input":{"@type":"PropertyValueSpecification","valueRequired":true,"valueName":"search_term_string"}}],"inLanguage":"pt-BR"},{"@type":"Organization","@id":"https:\/\/agenciainfra.com\/blog\/#organization","name":"Ag\u00eancia iNFRA","url":"https:\/\/agenciainfra.com\/blog\/","logo":{"@type":"ImageObject","inLanguage":"pt-BR","@id":"https:\/\/agenciainfra.com\/blog\/#\/schema\/logo\/image\/","url":"https:\/\/agenciainfra.com\/blog\/wp-content\/uploads\/2023\/09\/iNFRA_5-e1761735885940.png","contentUrl":"https:\/\/agenciainfra.com\/blog\/wp-content\/uploads\/2023\/09\/iNFRA_5-e1761735885940.png","width":1672,"height":454,"caption":"Ag\u00eancia iNFRA"},"image":{"@id":"https:\/\/agenciainfra.com\/blog\/#\/schema\/logo\/image\/"},"sameAs":["https:\/\/www.facebook.com\/ageninfra","https:\/\/x.com\/agencia_infra","https:\/\/www.linkedin.com\/company\/ag\u00eanciainfra\/","https:\/\/www.instagram.com\/agenciainfra\/"]},{"@type":"Person","@id":"https:\/\/agenciainfra.com\/blog\/#\/schema\/person\/34af08dff6adea4cb22b06612ba7acfa","name":"Ag\u00eancia iNFRA","image":{"@type":"ImageObject","inLanguage":"pt-BR","@id":"https:\/\/agenciainfra.com\/blog\/#\/schema\/person\/image\/","url":"https:\/\/secure.gravatar.com\/avatar\/d189e01678f06d8eb84d4e01f08eb848b3fffe3f8443818d3c356c66892f5be8?s=96&d=mm&r=g","contentUrl":"https:\/\/secure.gravatar.com\/avatar\/d189e01678f06d8eb84d4e01f08eb848b3fffe3f8443818d3c356c66892f5be8?s=96&d=mm&r=g","caption":"Ag\u00eancia iNFRA"},"url":"https:\/\/agenciainfra.com\/blog\/author\/admin\/"}]}},"_links":{"self":[{"href":"https:\/\/agenciainfra.com\/blog\/wp-json\/wp\/v2\/posts\/26632","targetHints":{"allow":["GET"]}}],"collection":[{"href":"https:\/\/agenciainfra.com\/blog\/wp-json\/wp\/v2\/posts"}],"about":[{"href":"https:\/\/agenciainfra.com\/blog\/wp-json\/wp\/v2\/types\/post"}],"author":[{"embeddable":true,"href":"https:\/\/agenciainfra.com\/blog\/wp-json\/wp\/v2\/users\/1"}],"replies":[{"embeddable":true,"href":"https:\/\/agenciainfra.com\/blog\/wp-json\/wp\/v2\/comments?post=26632"}],"version-history":[{"count":1,"href":"https:\/\/agenciainfra.com\/blog\/wp-json\/wp\/v2\/posts\/26632\/revisions"}],"predecessor-version":[{"id":26634,"href":"https:\/\/agenciainfra.com\/blog\/wp-json\/wp\/v2\/posts\/26632\/revisions\/26634"}],"wp:featuredmedia":[{"embeddable":true,"href":"https:\/\/agenciainfra.com\/blog\/wp-json\/wp\/v2\/media\/20628"}],"wp:attachment":[{"href":"https:\/\/agenciainfra.com\/blog\/wp-json\/wp\/v2\/media?parent=26632"}],"wp:term":[{"taxonomy":"category","embeddable":true,"href":"https:\/\/agenciainfra.com\/blog\/wp-json\/wp\/v2\/categories?post=26632"},{"taxonomy":"post_tag","embeddable":true,"href":"https:\/\/agenciainfra.com\/blog\/wp-json\/wp\/v2\/tags?post=26632"}],"curies":[{"name":"wp","href":"https:\/\/api.w.org\/{rel}","templated":true}]}}