{"id":26635,"date":"2025-08-22T17:16:48","date_gmt":"2025-08-22T20:16:48","guid":{"rendered":"https:\/\/agenciainfra.com\/blog\/?p=26635"},"modified":"2025-08-22T17:16:50","modified_gmt":"2025-08-22T20:16:50","slug":"antaq-e-oab-fazem-acordo-para-ampliar-transparencia-no-setor-aquaviario","status":"publish","type":"post","link":"https:\/\/agenciainfra.com\/blog\/antaq-e-oab-fazem-acordo-para-ampliar-transparencia-no-setor-aquaviario\/","title":{"rendered":"ANTAQ e OAB fazem acordo para ampliar transpar\u00eancia no setor aquavi\u00e1rio"},"content":{"rendered":"\n<p class=\"has-text-align-right\"><strong>da Ag\u00eancia iNFRA<\/strong><\/p>\n\n\n\n<p>A ANTAQ (Ag\u00eancia Nacional de Transportes Aquavi\u00e1rios) e o Conselho Federal da OAB (Ordem dos Advogados do Brasil) firmaram um Acordo de Coopera\u00e7\u00e3o T\u00e9cnica que vai modernizar e dar mais seguran\u00e7a e tempestividade aos processos conduzidos pela Ag\u00eancia.<\/p>\n\n\n\n<p>Com a parceria, a ANTAQ ter\u00e1 acesso direto ao Cadastro Nacional de Advogados da OAB, garantindo a confiabilidade dos dados de profissionais inscritos para representar empresas reguladas. O objetivo \u00e9 fortalecer a transpar\u00eancia e a seguran\u00e7a jur\u00eddica, al\u00e9m de tornar mais c\u00e9leres a an\u00e1lise e as comunica\u00e7\u00f5es em processos administrativos conduzidos pela ag\u00eancia.<\/p>\n\n\n\n<p>O acordo tem vig\u00eancia inicial de cinco anos e prev\u00ea integra\u00e7\u00e3o automatizada entre a nova Plataforma Unificada de Regula\u00e7\u00e3o Aquavi\u00e1ria e as bases de dados da OAB, com monitoramento cont\u00ednuo e meta de efici\u00eancia superior a 95%. A iniciativa est\u00e1 alinhada \u00e0s melhores pr\u00e1ticas de governan\u00e7a p\u00fablica, inova\u00e7\u00e3o digital e prote\u00e7\u00e3o de dados previstas na LGPD (Lei Geral de Prote\u00e7\u00e3o de Dados).<\/p>\n\n\n\n<p>O documento tamb\u00e9m prev\u00ea a elabora\u00e7\u00e3o de um Plano de Trabalho, o monitoramento dos resultados alcan\u00e7ados e a troca de informa\u00e7\u00f5es, relativos ao acordo, entre a Ag\u00eancia e a OAB.<\/p>\n\n\n\n<p>Mais do que um avan\u00e7o tecnol\u00f3gico, a coopera\u00e7\u00e3o representa um compromisso conjunto pela \u00e9tica, pela legalidade e pelo fortalecimento da regula\u00e7\u00e3o do transporte aquavi\u00e1rio no Brasil.<\/p>\n\n\n\n<p><\/p>\n","protected":false},"excerpt":{"rendered":"<p>da Ag\u00eancia iNFRA A ANTAQ (Ag\u00eancia Nacional de Transportes Aquavi\u00e1rios) e o Conselho Federal da OAB (Ordem dos Advogados do Brasil) firmaram um Acordo de Coopera\u00e7\u00e3o T\u00e9cnica que vai modernizar e dar mais seguran\u00e7a e tempestividade aos processos conduzidos pela Ag\u00eancia. Com a parceria, a ANTAQ ter\u00e1 acesso direto ao Cadastro Nacional de Advogados da [&hellip;]<\/p>\n","protected":false},"author":1,"featured_media":22460,"comment_status":"closed","ping_status":"closed","sticky":false,"template":"","format":"standard","meta":{"_monsterinsights_skip_tracking":false,"_monsterinsights_sitenote_active":false,"_monsterinsights_sitenote_note":"","_monsterinsights_sitenote_category":0,"footnotes":""},"categories":[1,13576],"tags":[8653,86,2854],"class_list":["post-26635","post","type-post","status-publish","format-standard","has-post-thumbnail","hentry","category-geral","category-giro-infra","tag-acordo-de-cooperacao-tecnica","tag-antaq","tag-oab"],"yoast_head":"<!-- This site is optimized with the Yoast SEO Premium plugin v25.4 (Yoast SEO v26.0) - https:\/\/yoast.com\/wordpress\/plugins\/seo\/ -->\n<title>ANTAQ e OAB fazem acordo para ampliar transpar\u00eancia no setor aquavi\u00e1rio - Ag\u00eancia iNFRA<\/title>\n<meta name=\"robots\" content=\"index, follow, max-snippet:-1, max-image-preview:large, max-video-preview:-1\" \/>\n<link rel=\"canonical\" href=\"https:\/\/agenciainfra.com\/blog\/antaq-e-oab-fazem-acordo-para-ampliar-transparencia-no-setor-aquaviario\/\" \/>\n<meta property=\"og:locale\" content=\"pt_BR\" \/>\n<meta property=\"og:type\" content=\"article\" \/>\n<meta property=\"og:title\" content=\"ANTAQ e OAB fazem acordo para ampliar transpar\u00eancia no setor aquavi\u00e1rio\" \/>\n<meta property=\"og:description\" content=\"da Ag\u00eancia iNFRA A ANTAQ (Ag\u00eancia Nacional de Transportes Aquavi\u00e1rios) e o Conselho Federal da OAB (Ordem dos Advogados do Brasil) firmaram um Acordo de Coopera\u00e7\u00e3o T\u00e9cnica que vai modernizar e dar mais seguran\u00e7a e tempestividade aos processos conduzidos pela Ag\u00eancia. Com a parceria, a ANTAQ ter\u00e1 acesso direto ao Cadastro Nacional de Advogados da [&hellip;]\" \/>\n<meta property=\"og:url\" content=\"https:\/\/agenciainfra.com\/blog\/antaq-e-oab-fazem-acordo-para-ampliar-transparencia-no-setor-aquaviario\/\" \/>\n<meta property=\"og:site_name\" content=\"Ag\u00eancia iNFRA\" \/>\n<meta property=\"article:publisher\" content=\"https:\/\/www.facebook.com\/ageninfra\" \/>\n<meta property=\"article:published_time\" content=\"2025-08-22T20:16:48+00:00\" \/>\n<meta property=\"article:modified_time\" content=\"2025-08-22T20:16:50+00:00\" \/>\n<meta property=\"og:image\" content=\"https:\/\/agenciainfra.com\/blog\/wp-content\/uploads\/2025\/06\/fachada-antaq-foto-divulgacao-e1749049349449.jpg\" \/>\n\t<meta property=\"og:image:width\" content=\"1280\" \/>\n\t<meta property=\"og:image:height\" content=\"857\" \/>\n\t<meta property=\"og:image:type\" content=\"image\/jpeg\" \/>\n<meta name=\"author\" content=\"Ag\u00eancia iNFRA\" \/>\n<meta name=\"twitter:card\" content=\"summary_large_image\" \/>\n<meta name=\"twitter:creator\" content=\"@agencia_infra\" \/>\n<meta name=\"twitter:site\" content=\"@agencia_infra\" \/>\n<meta name=\"twitter:label1\" content=\"Escrito por\" \/>\n\t<meta name=\"twitter:data1\" content=\"Ag\u00eancia iNFRA\" \/>\n\t<meta name=\"twitter:label2\" content=\"Est. tempo de leitura\" \/>\n\t<meta name=\"twitter:data2\" content=\"1 minuto\" \/>\n<script type=\"application\/ld+json\" class=\"yoast-schema-graph\">{\"@context\":\"https:\/\/schema.org\",\"@graph\":[{\"@type\":\"Article\",\"@id\":\"https:\/\/agenciainfra.com\/blog\/antaq-e-oab-fazem-acordo-para-ampliar-transparencia-no-setor-aquaviario\/#article\",\"isPartOf\":{\"@id\":\"https:\/\/agenciainfra.com\/blog\/antaq-e-oab-fazem-acordo-para-ampliar-transparencia-no-setor-aquaviario\/\"},\"author\":{\"name\":\"Ag\u00eancia iNFRA\",\"@id\":\"https:\/\/agenciainfra.com\/blog\/#\/schema\/person\/34af08dff6adea4cb22b06612ba7acfa\"},\"headline\":\"ANTAQ e OAB fazem acordo para ampliar transpar\u00eancia no setor aquavi\u00e1rio\",\"datePublished\":\"2025-08-22T20:16:48+00:00\",\"dateModified\":\"2025-08-22T20:16:50+00:00\",\"mainEntityOfPage\":{\"@id\":\"https:\/\/agenciainfra.com\/blog\/antaq-e-oab-fazem-acordo-para-ampliar-transparencia-no-setor-aquaviario\/\"},\"wordCount\":260,\"publisher\":{\"@id\":\"https:\/\/agenciainfra.com\/blog\/#organization\"},\"image\":{\"@id\":\"https:\/\/agenciainfra.com\/blog\/antaq-e-oab-fazem-acordo-para-ampliar-transparencia-no-setor-aquaviario\/#primaryimage\"},\"thumbnailUrl\":\"https:\/\/agenciainfra.com\/blog\/wp-content\/uploads\/2025\/06\/fachada-antaq-foto-divulgacao-e1749049349449.jpg\",\"keywords\":[\"Acordo de Coopera\u00e7\u00e3o T\u00e9cnica\",\"ANTAQ\",\"OAB\"],\"articleSection\":[\"Geral\",\"Giro iNFRA\"],\"inLanguage\":\"pt-BR\",\"copyrightYear\":\"2025\",\"copyrightHolder\":{\"@id\":\"https:\/\/agenciainfra.com\/blog\/#organization\"}},{\"@type\":\"WebPage\",\"@id\":\"https:\/\/agenciainfra.com\/blog\/antaq-e-oab-fazem-acordo-para-ampliar-transparencia-no-setor-aquaviario\/\",\"url\":\"https:\/\/agenciainfra.com\/blog\/antaq-e-oab-fazem-acordo-para-ampliar-transparencia-no-setor-aquaviario\/\",\"name\":\"ANTAQ e OAB fazem acordo para ampliar transpar\u00eancia no setor aquavi\u00e1rio - Ag\u00eancia iNFRA\",\"isPartOf\":{\"@id\":\"https:\/\/agenciainfra.com\/blog\/#website\"},\"primaryImageOfPage\":{\"@id\":\"https:\/\/agenciainfra.com\/blog\/antaq-e-oab-fazem-acordo-para-ampliar-transparencia-no-setor-aquaviario\/#primaryimage\"},\"image\":{\"@id\":\"https:\/\/agenciainfra.com\/blog\/antaq-e-oab-fazem-acordo-para-ampliar-transparencia-no-setor-aquaviario\/#primaryimage\"},\"thumbnailUrl\":\"https:\/\/agenciainfra.com\/blog\/wp-content\/uploads\/2025\/06\/fachada-antaq-foto-divulgacao-e1749049349449.jpg\",\"datePublished\":\"2025-08-22T20:16:48+00:00\",\"dateModified\":\"2025-08-22T20:16:50+00:00\",\"breadcrumb\":{\"@id\":\"https:\/\/agenciainfra.com\/blog\/antaq-e-oab-fazem-acordo-para-ampliar-transparencia-no-setor-aquaviario\/#breadcrumb\"},\"inLanguage\":\"pt-BR\",\"potentialAction\":[{\"@type\":\"ReadAction\",\"target\":[\"https:\/\/agenciainfra.com\/blog\/antaq-e-oab-fazem-acordo-para-ampliar-transparencia-no-setor-aquaviario\/\"]}]},{\"@type\":\"ImageObject\",\"inLanguage\":\"pt-BR\",\"@id\":\"https:\/\/agenciainfra.com\/blog\/antaq-e-oab-fazem-acordo-para-ampliar-transparencia-no-setor-aquaviario\/#primaryimage\",\"url\":\"https:\/\/agenciainfra.com\/blog\/wp-content\/uploads\/2025\/06\/fachada-antaq-foto-divulgacao-e1749049349449.jpg\",\"contentUrl\":\"https:\/\/agenciainfra.com\/blog\/wp-content\/uploads\/2025\/06\/fachada-antaq-foto-divulgacao-e1749049349449.jpg\",\"width\":1280,\"height\":857,\"caption\":\"Foto: ANTAQ\"},{\"@type\":\"BreadcrumbList\",\"@id\":\"https:\/\/agenciainfra.com\/blog\/antaq-e-oab-fazem-acordo-para-ampliar-transparencia-no-setor-aquaviario\/#breadcrumb\",\"itemListElement\":[{\"@type\":\"ListItem\",\"position\":1,\"name\":\"In\u00edcio\",\"item\":\"https:\/\/agenciainfra.com\/blog\/\"},{\"@type\":\"ListItem\",\"position\":2,\"name\":\"ANTAQ e OAB fazem acordo para ampliar transpar\u00eancia no setor aquavi\u00e1rio\"}]},{\"@type\":\"WebSite\",\"@id\":\"https:\/\/agenciainfra.com\/blog\/#website\",\"url\":\"https:\/\/agenciainfra.com\/blog\/\",\"name\":\"Ag\u00eancia iNFRA\",\"description\":\"Multiplataforma de informa\u00e7\u00e3o jornal\u00edstica refer\u00eancia na \u00e1rea de infraestrutura no Brasil!\",\"publisher\":{\"@id\":\"https:\/\/agenciainfra.com\/blog\/#organization\"},\"potentialAction\":[{\"@type\":\"SearchAction\",\"target\":{\"@type\":\"EntryPoint\",\"urlTemplate\":\"https:\/\/agenciainfra.com\/blog\/?s={search_term_string}\"},\"query-input\":{\"@type\":\"PropertyValueSpecification\",\"valueRequired\":true,\"valueName\":\"search_term_string\"}}],\"inLanguage\":\"pt-BR\"},{\"@type\":\"Organization\",\"@id\":\"https:\/\/agenciainfra.com\/blog\/#organization\",\"name\":\"Ag\u00eancia iNFRA\",\"url\":\"https:\/\/agenciainfra.com\/blog\/\",\"logo\":{\"@type\":\"ImageObject\",\"inLanguage\":\"pt-BR\",\"@id\":\"https:\/\/agenciainfra.com\/blog\/#\/schema\/logo\/image\/\",\"url\":\"https:\/\/agenciainfra.com\/blog\/wp-content\/uploads\/2023\/09\/iNFRA_5-e1761735885940.png\",\"contentUrl\":\"https:\/\/agenciainfra.com\/blog\/wp-content\/uploads\/2023\/09\/iNFRA_5-e1761735885940.png\",\"width\":1672,\"height\":454,\"caption\":\"Ag\u00eancia iNFRA\"},\"image\":{\"@id\":\"https:\/\/agenciainfra.com\/blog\/#\/schema\/logo\/image\/\"},\"sameAs\":[\"https:\/\/www.facebook.com\/ageninfra\",\"https:\/\/x.com\/agencia_infra\",\"https:\/\/www.linkedin.com\/company\/ag\u00eanciainfra\/\",\"https:\/\/www.instagram.com\/agenciainfra\/\"]},{\"@type\":\"Person\",\"@id\":\"https:\/\/agenciainfra.com\/blog\/#\/schema\/person\/34af08dff6adea4cb22b06612ba7acfa\",\"name\":\"Ag\u00eancia iNFRA\",\"image\":{\"@type\":\"ImageObject\",\"inLanguage\":\"pt-BR\",\"@id\":\"https:\/\/agenciainfra.com\/blog\/#\/schema\/person\/image\/\",\"url\":\"https:\/\/secure.gravatar.com\/avatar\/d189e01678f06d8eb84d4e01f08eb848b3fffe3f8443818d3c356c66892f5be8?s=96&d=mm&r=g\",\"contentUrl\":\"https:\/\/secure.gravatar.com\/avatar\/d189e01678f06d8eb84d4e01f08eb848b3fffe3f8443818d3c356c66892f5be8?s=96&d=mm&r=g\",\"caption\":\"Ag\u00eancia iNFRA\"},\"url\":\"https:\/\/agenciainfra.com\/blog\/author\/admin\/\"}]}<\/script>\n<!-- \/ Yoast SEO Premium plugin. -->","yoast_head_json":{"title":"ANTAQ e OAB fazem acordo para ampliar transpar\u00eancia no setor aquavi\u00e1rio - Ag\u00eancia iNFRA","robots":{"index":"index","follow":"follow","max-snippet":"max-snippet:-1","max-image-preview":"max-image-preview:large","max-video-preview":"max-video-preview:-1"},"canonical":"https:\/\/agenciainfra.com\/blog\/antaq-e-oab-fazem-acordo-para-ampliar-transparencia-no-setor-aquaviario\/","og_locale":"pt_BR","og_type":"article","og_title":"ANTAQ e OAB fazem acordo para ampliar transpar\u00eancia no setor aquavi\u00e1rio","og_description":"da Ag\u00eancia iNFRA A ANTAQ (Ag\u00eancia Nacional de Transportes Aquavi\u00e1rios) e o Conselho Federal da OAB (Ordem dos Advogados do Brasil) firmaram um Acordo de Coopera\u00e7\u00e3o T\u00e9cnica que vai modernizar e dar mais seguran\u00e7a e tempestividade aos processos conduzidos pela Ag\u00eancia. Com a parceria, a ANTAQ ter\u00e1 acesso direto ao Cadastro Nacional de Advogados da [&hellip;]","og_url":"https:\/\/agenciainfra.com\/blog\/antaq-e-oab-fazem-acordo-para-ampliar-transparencia-no-setor-aquaviario\/","og_site_name":"Ag\u00eancia iNFRA","article_publisher":"https:\/\/www.facebook.com\/ageninfra","article_published_time":"2025-08-22T20:16:48+00:00","article_modified_time":"2025-08-22T20:16:50+00:00","og_image":[{"width":1280,"height":857,"url":"https:\/\/agenciainfra.com\/blog\/wp-content\/uploads\/2025\/06\/fachada-antaq-foto-divulgacao-e1749049349449.jpg","type":"image\/jpeg"}],"author":"Ag\u00eancia iNFRA","twitter_card":"summary_large_image","twitter_creator":"@agencia_infra","twitter_site":"@agencia_infra","twitter_misc":{"Escrito por":"Ag\u00eancia iNFRA","Est. tempo de leitura":"1 minuto"},"schema":{"@context":"https:\/\/schema.org","@graph":[{"@type":"Article","@id":"https:\/\/agenciainfra.com\/blog\/antaq-e-oab-fazem-acordo-para-ampliar-transparencia-no-setor-aquaviario\/#article","isPartOf":{"@id":"https:\/\/agenciainfra.com\/blog\/antaq-e-oab-fazem-acordo-para-ampliar-transparencia-no-setor-aquaviario\/"},"author":{"name":"Ag\u00eancia iNFRA","@id":"https:\/\/agenciainfra.com\/blog\/#\/schema\/person\/34af08dff6adea4cb22b06612ba7acfa"},"headline":"ANTAQ e OAB fazem acordo para ampliar transpar\u00eancia no setor aquavi\u00e1rio","datePublished":"2025-08-22T20:16:48+00:00","dateModified":"2025-08-22T20:16:50+00:00","mainEntityOfPage":{"@id":"https:\/\/agenciainfra.com\/blog\/antaq-e-oab-fazem-acordo-para-ampliar-transparencia-no-setor-aquaviario\/"},"wordCount":260,"publisher":{"@id":"https:\/\/agenciainfra.com\/blog\/#organization"},"image":{"@id":"https:\/\/agenciainfra.com\/blog\/antaq-e-oab-fazem-acordo-para-ampliar-transparencia-no-setor-aquaviario\/#primaryimage"},"thumbnailUrl":"https:\/\/agenciainfra.com\/blog\/wp-content\/uploads\/2025\/06\/fachada-antaq-foto-divulgacao-e1749049349449.jpg","keywords":["Acordo de Coopera\u00e7\u00e3o T\u00e9cnica","ANTAQ","OAB"],"articleSection":["Geral","Giro iNFRA"],"inLanguage":"pt-BR","copyrightYear":"2025","copyrightHolder":{"@id":"https:\/\/agenciainfra.com\/blog\/#organization"}},{"@type":"WebPage","@id":"https:\/\/agenciainfra.com\/blog\/antaq-e-oab-fazem-acordo-para-ampliar-transparencia-no-setor-aquaviario\/","url":"https:\/\/agenciainfra.com\/blog\/antaq-e-oab-fazem-acordo-para-ampliar-transparencia-no-setor-aquaviario\/","name":"ANTAQ e OAB fazem acordo para ampliar transpar\u00eancia no setor aquavi\u00e1rio - Ag\u00eancia iNFRA","isPartOf":{"@id":"https:\/\/agenciainfra.com\/blog\/#website"},"primaryImageOfPage":{"@id":"https:\/\/agenciainfra.com\/blog\/antaq-e-oab-fazem-acordo-para-ampliar-transparencia-no-setor-aquaviario\/#primaryimage"},"image":{"@id":"https:\/\/agenciainfra.com\/blog\/antaq-e-oab-fazem-acordo-para-ampliar-transparencia-no-setor-aquaviario\/#primaryimage"},"thumbnailUrl":"https:\/\/agenciainfra.com\/blog\/wp-content\/uploads\/2025\/06\/fachada-antaq-foto-divulgacao-e1749049349449.jpg","datePublished":"2025-08-22T20:16:48+00:00","dateModified":"2025-08-22T20:16:50+00:00","breadcrumb":{"@id":"https:\/\/agenciainfra.com\/blog\/antaq-e-oab-fazem-acordo-para-ampliar-transparencia-no-setor-aquaviario\/#breadcrumb"},"inLanguage":"pt-BR","potentialAction":[{"@type":"ReadAction","target":["https:\/\/agenciainfra.com\/blog\/antaq-e-oab-fazem-acordo-para-ampliar-transparencia-no-setor-aquaviario\/"]}]},{"@type":"ImageObject","inLanguage":"pt-BR","@id":"https:\/\/agenciainfra.com\/blog\/antaq-e-oab-fazem-acordo-para-ampliar-transparencia-no-setor-aquaviario\/#primaryimage","url":"https:\/\/agenciainfra.com\/blog\/wp-content\/uploads\/2025\/06\/fachada-antaq-foto-divulgacao-e1749049349449.jpg","contentUrl":"https:\/\/agenciainfra.com\/blog\/wp-content\/uploads\/2025\/06\/fachada-antaq-foto-divulgacao-e1749049349449.jpg","width":1280,"height":857,"caption":"Foto: ANTAQ"},{"@type":"BreadcrumbList","@id":"https:\/\/agenciainfra.com\/blog\/antaq-e-oab-fazem-acordo-para-ampliar-transparencia-no-setor-aquaviario\/#breadcrumb","itemListElement":[{"@type":"ListItem","position":1,"name":"In\u00edcio","item":"https:\/\/agenciainfra.com\/blog\/"},{"@type":"ListItem","position":2,"name":"ANTAQ e OAB fazem acordo para ampliar transpar\u00eancia no setor aquavi\u00e1rio"}]},{"@type":"WebSite","@id":"https:\/\/agenciainfra.com\/blog\/#website","url":"https:\/\/agenciainfra.com\/blog\/","name":"Ag\u00eancia iNFRA","description":"Multiplataforma de informa\u00e7\u00e3o jornal\u00edstica refer\u00eancia na \u00e1rea de infraestrutura no Brasil!","publisher":{"@id":"https:\/\/agenciainfra.com\/blog\/#organization"},"potentialAction":[{"@type":"SearchAction","target":{"@type":"EntryPoint","urlTemplate":"https:\/\/agenciainfra.com\/blog\/?s={search_term_string}"},"query-input":{"@type":"PropertyValueSpecification","valueRequired":true,"valueName":"search_term_string"}}],"inLanguage":"pt-BR"},{"@type":"Organization","@id":"https:\/\/agenciainfra.com\/blog\/#organization","name":"Ag\u00eancia iNFRA","url":"https:\/\/agenciainfra.com\/blog\/","logo":{"@type":"ImageObject","inLanguage":"pt-BR","@id":"https:\/\/agenciainfra.com\/blog\/#\/schema\/logo\/image\/","url":"https:\/\/agenciainfra.com\/blog\/wp-content\/uploads\/2023\/09\/iNFRA_5-e1761735885940.png","contentUrl":"https:\/\/agenciainfra.com\/blog\/wp-content\/uploads\/2023\/09\/iNFRA_5-e1761735885940.png","width":1672,"height":454,"caption":"Ag\u00eancia iNFRA"},"image":{"@id":"https:\/\/agenciainfra.com\/blog\/#\/schema\/logo\/image\/"},"sameAs":["https:\/\/www.facebook.com\/ageninfra","https:\/\/x.com\/agencia_infra","https:\/\/www.linkedin.com\/company\/ag\u00eanciainfra\/","https:\/\/www.instagram.com\/agenciainfra\/"]},{"@type":"Person","@id":"https:\/\/agenciainfra.com\/blog\/#\/schema\/person\/34af08dff6adea4cb22b06612ba7acfa","name":"Ag\u00eancia iNFRA","image":{"@type":"ImageObject","inLanguage":"pt-BR","@id":"https:\/\/agenciainfra.com\/blog\/#\/schema\/person\/image\/","url":"https:\/\/secure.gravatar.com\/avatar\/d189e01678f06d8eb84d4e01f08eb848b3fffe3f8443818d3c356c66892f5be8?s=96&d=mm&r=g","contentUrl":"https:\/\/secure.gravatar.com\/avatar\/d189e01678f06d8eb84d4e01f08eb848b3fffe3f8443818d3c356c66892f5be8?s=96&d=mm&r=g","caption":"Ag\u00eancia iNFRA"},"url":"https:\/\/agenciainfra.com\/blog\/author\/admin\/"}]}},"_links":{"self":[{"href":"https:\/\/agenciainfra.com\/blog\/wp-json\/wp\/v2\/posts\/26635","targetHints":{"allow":["GET"]}}],"collection":[{"href":"https:\/\/agenciainfra.com\/blog\/wp-json\/wp\/v2\/posts"}],"about":[{"href":"https:\/\/agenciainfra.com\/blog\/wp-json\/wp\/v2\/types\/post"}],"author":[{"embeddable":true,"href":"https:\/\/agenciainfra.com\/blog\/wp-json\/wp\/v2\/users\/1"}],"replies":[{"embeddable":true,"href":"https:\/\/agenciainfra.com\/blog\/wp-json\/wp\/v2\/comments?post=26635"}],"version-history":[{"count":1,"href":"https:\/\/agenciainfra.com\/blog\/wp-json\/wp\/v2\/posts\/26635\/revisions"}],"predecessor-version":[{"id":26636,"href":"https:\/\/agenciainfra.com\/blog\/wp-json\/wp\/v2\/posts\/26635\/revisions\/26636"}],"wp:featuredmedia":[{"embeddable":true,"href":"https:\/\/agenciainfra.com\/blog\/wp-json\/wp\/v2\/media\/22460"}],"wp:attachment":[{"href":"https:\/\/agenciainfra.com\/blog\/wp-json\/wp\/v2\/media?parent=26635"}],"wp:term":[{"taxonomy":"category","embeddable":true,"href":"https:\/\/agenciainfra.com\/blog\/wp-json\/wp\/v2\/categories?post=26635"},{"taxonomy":"post_tag","embeddable":true,"href":"https:\/\/agenciainfra.com\/blog\/wp-json\/wp\/v2\/tags?post=26635"}],"curies":[{"name":"wp","href":"https:\/\/api.w.org\/{rel}","templated":true}]}}