{"id":26641,"date":"2025-08-22T18:39:31","date_gmt":"2025-08-22T21:39:31","guid":{"rendered":"https:\/\/agenciainfra.com\/blog\/?p=26641"},"modified":"2025-08-22T18:39:33","modified_gmt":"2025-08-22T21:39:33","slug":"transporte-de-passageiros-cresce-21-em-junho-puxado-pelo-servico-aereo","status":"publish","type":"post","link":"https:\/\/agenciainfra.com\/blog\/transporte-de-passageiros-cresce-21-em-junho-puxado-pelo-servico-aereo\/","title":{"rendered":"Transporte de passageiros cresce 2,1% em junho, puxado pelo servi\u00e7o a\u00e9reo"},"content":{"rendered":"\n<p class=\"has-text-align-right\"><strong>da Ag\u00eancia iNFRA<\/strong><\/p>\n\n\n\n<p>A CNT (Confedera\u00e7\u00e3o Nacional dos Transportes) informou que, apesar da infla\u00e7\u00e3o elevada, da taxa de juros em patamar alto e do crescimento econ\u00f4mico abaixo das expectativas, o volume de servi\u00e7os de transporte apresentou bom resultado em junho de 2025. A informa\u00e7\u00e3o consta em boletim divulgado nesta sexta-feira (22) pela confedera\u00e7\u00e3o.<\/p>\n\n\n\n<p>De acordo com a publica\u00e7\u00e3o, em junho, o transporte de passageiros cresceu 2,1% em rela\u00e7\u00e3o a maio, alcan\u00e7ando um volume 12,4% acima do n\u00edvel pr\u00e9-pandemia de fevereiro de 2020. O desempenho foi puxado pelo transporte a\u00e9reo, que avan\u00e7ou 2,5% no m\u00eas, enquanto o terrestre registrou alta de 0,8%.<\/p>\n\n\n\n<p>O transporte de cargas, por sua vez, embora tenha recuado 1,1% no acumulado do primeiro semestre de 2025 em compara\u00e7\u00e3o ao mesmo per\u00edodo de 2024, segue operando em patamar elevado: 35,4% acima do n\u00edvel de fevereiro de 2020, antes da crise sanit\u00e1ria.<\/p>\n\n\n\n<p>Em julho, a infla\u00e7\u00e3o do grupo Transportes cresceu 0,35% em rela\u00e7\u00e3o ao m\u00eas anterior, impulsionada pelos pre\u00e7os das passagens a\u00e9reas, que subiram 19,92%, e pelo transporte p\u00fablico, que avan\u00e7ou 3,49%.<\/p>\n\n\n\n<p>Em contrapartida, o grupo Combust\u00edveis apresentou baixa de 0,64%, com destaque para o etanol, que caiu 1,68%. O IPCA (\u00cdndice Nacional de Pre\u00e7os ao Consumidor Amplo) acumulado em 12 meses chegou a 5,23%, acima da meta do Conselho Monet\u00e1rio Nacional (4,50%). Para conter a infla\u00e7\u00e3o, o Copom (Comit\u00ea de Pol\u00edtica Monet\u00e1ria) manteve a taxa Selic em 15,00% ao ano, e o mercado projeta que o \u00edndice de pre\u00e7os encerre 2025 em 4,95%.<\/p>\n\n\n\n<p>A atividade econ\u00f4mica ficou abaixo das expectativas do mercado: o IBC-Br caiu 0,1% em junho, mas ainda permanece 11,2% acima do n\u00edvel pr\u00e9-pandemia. Proje\u00e7\u00f5es indicam crescimento do PIB (Produto Interno Bruto) brasileiro de 2,21%, em 2025, e 1,87%, em 2026, embora o desempenho econ\u00f4mico continue sujeito \u00e0s influ\u00eancias das pol\u00edticas fiscal e monet\u00e1ria, bem como a conflitos internacionais.<\/p>\n\n\n\n<p>No mercado cambial, o d\u00f3lar oscilou, atingindo R$ 5,39 em agosto, a menor cota\u00e7\u00e3o em 14 meses, e deve encerrar 2025 em R$ 5,60.<\/p>\n\n\n\n<p><\/p>\n","protected":false},"excerpt":{"rendered":"<p>da Ag\u00eancia iNFRA A CNT (Confedera\u00e7\u00e3o Nacional dos Transportes) informou que, apesar da infla\u00e7\u00e3o elevada, da taxa de juros em patamar alto e do crescimento econ\u00f4mico abaixo das expectativas, o volume de servi\u00e7os de transporte apresentou bom resultado em junho de 2025. A informa\u00e7\u00e3o consta em boletim divulgado nesta sexta-feira (22) pela confedera\u00e7\u00e3o. De acordo [&hellip;]<\/p>\n","protected":false},"author":1,"featured_media":5599,"comment_status":"closed","ping_status":"closed","sticky":false,"template":"","format":"standard","meta":{"_monsterinsights_skip_tracking":false,"_monsterinsights_sitenote_active":false,"_monsterinsights_sitenote_note":"","_monsterinsights_sitenote_category":0,"footnotes":""},"categories":[1,13576],"tags":[127,10418,14940,2526],"class_list":["post-26641","post","type-post","status-publish","format-standard","has-post-thumbnail","hentry","category-geral","category-giro-infra","tag-cnt","tag-confederacao-nacional-dos-transportes","tag-junho","tag-transporte-de-passageiros"],"yoast_head":"<!-- This site is optimized with the Yoast SEO Premium plugin v25.4 (Yoast SEO v26.0) - https:\/\/yoast.com\/wordpress\/plugins\/seo\/ -->\n<title>Transporte de passageiros cresce 2,1% em junho, puxado pelo servi\u00e7o a\u00e9reo - Ag\u00eancia iNFRA<\/title>\n<meta name=\"robots\" content=\"index, follow, max-snippet:-1, max-image-preview:large, max-video-preview:-1\" \/>\n<link rel=\"canonical\" href=\"https:\/\/agenciainfra.com\/blog\/transporte-de-passageiros-cresce-21-em-junho-puxado-pelo-servico-aereo\/\" \/>\n<meta property=\"og:locale\" content=\"pt_BR\" \/>\n<meta property=\"og:type\" content=\"article\" \/>\n<meta property=\"og:title\" content=\"Transporte de passageiros cresce 2,1% em junho, puxado pelo servi\u00e7o a\u00e9reo\" \/>\n<meta property=\"og:description\" content=\"da Ag\u00eancia iNFRA A CNT (Confedera\u00e7\u00e3o Nacional dos Transportes) informou que, apesar da infla\u00e7\u00e3o elevada, da taxa de juros em patamar alto e do crescimento econ\u00f4mico abaixo das expectativas, o volume de servi\u00e7os de transporte apresentou bom resultado em junho de 2025. A informa\u00e7\u00e3o consta em boletim divulgado nesta sexta-feira (22) pela confedera\u00e7\u00e3o. De acordo [&hellip;]\" \/>\n<meta property=\"og:url\" content=\"https:\/\/agenciainfra.com\/blog\/transporte-de-passageiros-cresce-21-em-junho-puxado-pelo-servico-aereo\/\" \/>\n<meta property=\"og:site_name\" content=\"Ag\u00eancia iNFRA\" \/>\n<meta property=\"article:publisher\" content=\"https:\/\/www.facebook.com\/ageninfra\" \/>\n<meta property=\"article:published_time\" content=\"2025-08-22T21:39:31+00:00\" \/>\n<meta property=\"article:modified_time\" content=\"2025-08-22T21:39:33+00:00\" \/>\n<meta property=\"og:image\" content=\"https:\/\/agenciainfra.com\/blog\/wp-content\/uploads\/2020\/08\/aviao-jato-foto-dominio-publico.jpg\" \/>\n\t<meta property=\"og:image:width\" content=\"1280\" \/>\n\t<meta property=\"og:image:height\" content=\"777\" \/>\n\t<meta property=\"og:image:type\" content=\"image\/jpeg\" \/>\n<meta name=\"author\" content=\"Ag\u00eancia iNFRA\" \/>\n<meta name=\"twitter:card\" content=\"summary_large_image\" \/>\n<meta name=\"twitter:creator\" content=\"@agencia_infra\" \/>\n<meta name=\"twitter:site\" content=\"@agencia_infra\" \/>\n<meta name=\"twitter:label1\" content=\"Escrito por\" \/>\n\t<meta name=\"twitter:data1\" content=\"Ag\u00eancia iNFRA\" \/>\n\t<meta name=\"twitter:label2\" content=\"Est. tempo de leitura\" \/>\n\t<meta name=\"twitter:data2\" content=\"2 minutos\" \/>\n<script type=\"application\/ld+json\" class=\"yoast-schema-graph\">{\"@context\":\"https:\/\/schema.org\",\"@graph\":[{\"@type\":\"Article\",\"@id\":\"https:\/\/agenciainfra.com\/blog\/transporte-de-passageiros-cresce-21-em-junho-puxado-pelo-servico-aereo\/#article\",\"isPartOf\":{\"@id\":\"https:\/\/agenciainfra.com\/blog\/transporte-de-passageiros-cresce-21-em-junho-puxado-pelo-servico-aereo\/\"},\"author\":{\"name\":\"Ag\u00eancia iNFRA\",\"@id\":\"https:\/\/agenciainfra.com\/blog\/#\/schema\/person\/34af08dff6adea4cb22b06612ba7acfa\"},\"headline\":\"Transporte de passageiros cresce 2,1% em junho, puxado pelo servi\u00e7o a\u00e9reo\",\"datePublished\":\"2025-08-22T21:39:31+00:00\",\"dateModified\":\"2025-08-22T21:39:33+00:00\",\"mainEntityOfPage\":{\"@id\":\"https:\/\/agenciainfra.com\/blog\/transporte-de-passageiros-cresce-21-em-junho-puxado-pelo-servico-aereo\/\"},\"wordCount\":349,\"publisher\":{\"@id\":\"https:\/\/agenciainfra.com\/blog\/#organization\"},\"image\":{\"@id\":\"https:\/\/agenciainfra.com\/blog\/transporte-de-passageiros-cresce-21-em-junho-puxado-pelo-servico-aereo\/#primaryimage\"},\"thumbnailUrl\":\"https:\/\/agenciainfra.com\/blog\/wp-content\/uploads\/2020\/08\/aviao-jato-foto-dominio-publico.jpg\",\"keywords\":[\"CNT\",\"Confedera\u00e7\u00e3o Nacional dos Transportes\",\"junho\",\"transporte de passageiros\"],\"articleSection\":[\"Geral\",\"Giro iNFRA\"],\"inLanguage\":\"pt-BR\",\"copyrightYear\":\"2025\",\"copyrightHolder\":{\"@id\":\"https:\/\/agenciainfra.com\/blog\/#organization\"}},{\"@type\":\"WebPage\",\"@id\":\"https:\/\/agenciainfra.com\/blog\/transporte-de-passageiros-cresce-21-em-junho-puxado-pelo-servico-aereo\/\",\"url\":\"https:\/\/agenciainfra.com\/blog\/transporte-de-passageiros-cresce-21-em-junho-puxado-pelo-servico-aereo\/\",\"name\":\"Transporte de passageiros cresce 2,1% em junho, puxado pelo servi\u00e7o a\u00e9reo - Ag\u00eancia iNFRA\",\"isPartOf\":{\"@id\":\"https:\/\/agenciainfra.com\/blog\/#website\"},\"primaryImageOfPage\":{\"@id\":\"https:\/\/agenciainfra.com\/blog\/transporte-de-passageiros-cresce-21-em-junho-puxado-pelo-servico-aereo\/#primaryimage\"},\"image\":{\"@id\":\"https:\/\/agenciainfra.com\/blog\/transporte-de-passageiros-cresce-21-em-junho-puxado-pelo-servico-aereo\/#primaryimage\"},\"thumbnailUrl\":\"https:\/\/agenciainfra.com\/blog\/wp-content\/uploads\/2020\/08\/aviao-jato-foto-dominio-publico.jpg\",\"datePublished\":\"2025-08-22T21:39:31+00:00\",\"dateModified\":\"2025-08-22T21:39:33+00:00\",\"breadcrumb\":{\"@id\":\"https:\/\/agenciainfra.com\/blog\/transporte-de-passageiros-cresce-21-em-junho-puxado-pelo-servico-aereo\/#breadcrumb\"},\"inLanguage\":\"pt-BR\",\"potentialAction\":[{\"@type\":\"ReadAction\",\"target\":[\"https:\/\/agenciainfra.com\/blog\/transporte-de-passageiros-cresce-21-em-junho-puxado-pelo-servico-aereo\/\"]}]},{\"@type\":\"ImageObject\",\"inLanguage\":\"pt-BR\",\"@id\":\"https:\/\/agenciainfra.com\/blog\/transporte-de-passageiros-cresce-21-em-junho-puxado-pelo-servico-aereo\/#primaryimage\",\"url\":\"https:\/\/agenciainfra.com\/blog\/wp-content\/uploads\/2020\/08\/aviao-jato-foto-dominio-publico.jpg\",\"contentUrl\":\"https:\/\/agenciainfra.com\/blog\/wp-content\/uploads\/2020\/08\/aviao-jato-foto-dominio-publico.jpg\",\"width\":1280,\"height\":777,\"caption\":\"Foto: Dom\u00ednio p\u00fablico\"},{\"@type\":\"BreadcrumbList\",\"@id\":\"https:\/\/agenciainfra.com\/blog\/transporte-de-passageiros-cresce-21-em-junho-puxado-pelo-servico-aereo\/#breadcrumb\",\"itemListElement\":[{\"@type\":\"ListItem\",\"position\":1,\"name\":\"In\u00edcio\",\"item\":\"https:\/\/agenciainfra.com\/blog\/\"},{\"@type\":\"ListItem\",\"position\":2,\"name\":\"Transporte de passageiros cresce 2,1% em junho, puxado pelo servi\u00e7o a\u00e9reo\"}]},{\"@type\":\"WebSite\",\"@id\":\"https:\/\/agenciainfra.com\/blog\/#website\",\"url\":\"https:\/\/agenciainfra.com\/blog\/\",\"name\":\"Ag\u00eancia iNFRA\",\"description\":\"Multiplataforma de informa\u00e7\u00e3o jornal\u00edstica refer\u00eancia na \u00e1rea de infraestrutura no Brasil!\",\"publisher\":{\"@id\":\"https:\/\/agenciainfra.com\/blog\/#organization\"},\"potentialAction\":[{\"@type\":\"SearchAction\",\"target\":{\"@type\":\"EntryPoint\",\"urlTemplate\":\"https:\/\/agenciainfra.com\/blog\/?s={search_term_string}\"},\"query-input\":{\"@type\":\"PropertyValueSpecification\",\"valueRequired\":true,\"valueName\":\"search_term_string\"}}],\"inLanguage\":\"pt-BR\"},{\"@type\":\"Organization\",\"@id\":\"https:\/\/agenciainfra.com\/blog\/#organization\",\"name\":\"Ag\u00eancia iNFRA\",\"url\":\"https:\/\/agenciainfra.com\/blog\/\",\"logo\":{\"@type\":\"ImageObject\",\"inLanguage\":\"pt-BR\",\"@id\":\"https:\/\/agenciainfra.com\/blog\/#\/schema\/logo\/image\/\",\"url\":\"https:\/\/agenciainfra.com\/blog\/wp-content\/uploads\/2023\/09\/iNFRA_5-e1761735885940.png\",\"contentUrl\":\"https:\/\/agenciainfra.com\/blog\/wp-content\/uploads\/2023\/09\/iNFRA_5-e1761735885940.png\",\"width\":1672,\"height\":454,\"caption\":\"Ag\u00eancia iNFRA\"},\"image\":{\"@id\":\"https:\/\/agenciainfra.com\/blog\/#\/schema\/logo\/image\/\"},\"sameAs\":[\"https:\/\/www.facebook.com\/ageninfra\",\"https:\/\/x.com\/agencia_infra\",\"https:\/\/www.linkedin.com\/company\/ag\u00eanciainfra\/\",\"https:\/\/www.instagram.com\/agenciainfra\/\"]},{\"@type\":\"Person\",\"@id\":\"https:\/\/agenciainfra.com\/blog\/#\/schema\/person\/34af08dff6adea4cb22b06612ba7acfa\",\"name\":\"Ag\u00eancia iNFRA\",\"image\":{\"@type\":\"ImageObject\",\"inLanguage\":\"pt-BR\",\"@id\":\"https:\/\/agenciainfra.com\/blog\/#\/schema\/person\/image\/\",\"url\":\"https:\/\/secure.gravatar.com\/avatar\/d189e01678f06d8eb84d4e01f08eb848b3fffe3f8443818d3c356c66892f5be8?s=96&d=mm&r=g\",\"contentUrl\":\"https:\/\/secure.gravatar.com\/avatar\/d189e01678f06d8eb84d4e01f08eb848b3fffe3f8443818d3c356c66892f5be8?s=96&d=mm&r=g\",\"caption\":\"Ag\u00eancia iNFRA\"},\"url\":\"https:\/\/agenciainfra.com\/blog\/author\/admin\/\"}]}<\/script>\n<!-- \/ Yoast SEO Premium plugin. -->","yoast_head_json":{"title":"Transporte de passageiros cresce 2,1% em junho, puxado pelo servi\u00e7o a\u00e9reo - Ag\u00eancia iNFRA","robots":{"index":"index","follow":"follow","max-snippet":"max-snippet:-1","max-image-preview":"max-image-preview:large","max-video-preview":"max-video-preview:-1"},"canonical":"https:\/\/agenciainfra.com\/blog\/transporte-de-passageiros-cresce-21-em-junho-puxado-pelo-servico-aereo\/","og_locale":"pt_BR","og_type":"article","og_title":"Transporte de passageiros cresce 2,1% em junho, puxado pelo servi\u00e7o a\u00e9reo","og_description":"da Ag\u00eancia iNFRA A CNT (Confedera\u00e7\u00e3o Nacional dos Transportes) informou que, apesar da infla\u00e7\u00e3o elevada, da taxa de juros em patamar alto e do crescimento econ\u00f4mico abaixo das expectativas, o volume de servi\u00e7os de transporte apresentou bom resultado em junho de 2025. A informa\u00e7\u00e3o consta em boletim divulgado nesta sexta-feira (22) pela confedera\u00e7\u00e3o. De acordo [&hellip;]","og_url":"https:\/\/agenciainfra.com\/blog\/transporte-de-passageiros-cresce-21-em-junho-puxado-pelo-servico-aereo\/","og_site_name":"Ag\u00eancia iNFRA","article_publisher":"https:\/\/www.facebook.com\/ageninfra","article_published_time":"2025-08-22T21:39:31+00:00","article_modified_time":"2025-08-22T21:39:33+00:00","og_image":[{"width":1280,"height":777,"url":"https:\/\/agenciainfra.com\/blog\/wp-content\/uploads\/2020\/08\/aviao-jato-foto-dominio-publico.jpg","type":"image\/jpeg"}],"author":"Ag\u00eancia iNFRA","twitter_card":"summary_large_image","twitter_creator":"@agencia_infra","twitter_site":"@agencia_infra","twitter_misc":{"Escrito por":"Ag\u00eancia iNFRA","Est. tempo de leitura":"2 minutos"},"schema":{"@context":"https:\/\/schema.org","@graph":[{"@type":"Article","@id":"https:\/\/agenciainfra.com\/blog\/transporte-de-passageiros-cresce-21-em-junho-puxado-pelo-servico-aereo\/#article","isPartOf":{"@id":"https:\/\/agenciainfra.com\/blog\/transporte-de-passageiros-cresce-21-em-junho-puxado-pelo-servico-aereo\/"},"author":{"name":"Ag\u00eancia iNFRA","@id":"https:\/\/agenciainfra.com\/blog\/#\/schema\/person\/34af08dff6adea4cb22b06612ba7acfa"},"headline":"Transporte de passageiros cresce 2,1% em junho, puxado pelo servi\u00e7o a\u00e9reo","datePublished":"2025-08-22T21:39:31+00:00","dateModified":"2025-08-22T21:39:33+00:00","mainEntityOfPage":{"@id":"https:\/\/agenciainfra.com\/blog\/transporte-de-passageiros-cresce-21-em-junho-puxado-pelo-servico-aereo\/"},"wordCount":349,"publisher":{"@id":"https:\/\/agenciainfra.com\/blog\/#organization"},"image":{"@id":"https:\/\/agenciainfra.com\/blog\/transporte-de-passageiros-cresce-21-em-junho-puxado-pelo-servico-aereo\/#primaryimage"},"thumbnailUrl":"https:\/\/agenciainfra.com\/blog\/wp-content\/uploads\/2020\/08\/aviao-jato-foto-dominio-publico.jpg","keywords":["CNT","Confedera\u00e7\u00e3o Nacional dos Transportes","junho","transporte de passageiros"],"articleSection":["Geral","Giro iNFRA"],"inLanguage":"pt-BR","copyrightYear":"2025","copyrightHolder":{"@id":"https:\/\/agenciainfra.com\/blog\/#organization"}},{"@type":"WebPage","@id":"https:\/\/agenciainfra.com\/blog\/transporte-de-passageiros-cresce-21-em-junho-puxado-pelo-servico-aereo\/","url":"https:\/\/agenciainfra.com\/blog\/transporte-de-passageiros-cresce-21-em-junho-puxado-pelo-servico-aereo\/","name":"Transporte de passageiros cresce 2,1% em junho, puxado pelo servi\u00e7o a\u00e9reo - Ag\u00eancia iNFRA","isPartOf":{"@id":"https:\/\/agenciainfra.com\/blog\/#website"},"primaryImageOfPage":{"@id":"https:\/\/agenciainfra.com\/blog\/transporte-de-passageiros-cresce-21-em-junho-puxado-pelo-servico-aereo\/#primaryimage"},"image":{"@id":"https:\/\/agenciainfra.com\/blog\/transporte-de-passageiros-cresce-21-em-junho-puxado-pelo-servico-aereo\/#primaryimage"},"thumbnailUrl":"https:\/\/agenciainfra.com\/blog\/wp-content\/uploads\/2020\/08\/aviao-jato-foto-dominio-publico.jpg","datePublished":"2025-08-22T21:39:31+00:00","dateModified":"2025-08-22T21:39:33+00:00","breadcrumb":{"@id":"https:\/\/agenciainfra.com\/blog\/transporte-de-passageiros-cresce-21-em-junho-puxado-pelo-servico-aereo\/#breadcrumb"},"inLanguage":"pt-BR","potentialAction":[{"@type":"ReadAction","target":["https:\/\/agenciainfra.com\/blog\/transporte-de-passageiros-cresce-21-em-junho-puxado-pelo-servico-aereo\/"]}]},{"@type":"ImageObject","inLanguage":"pt-BR","@id":"https:\/\/agenciainfra.com\/blog\/transporte-de-passageiros-cresce-21-em-junho-puxado-pelo-servico-aereo\/#primaryimage","url":"https:\/\/agenciainfra.com\/blog\/wp-content\/uploads\/2020\/08\/aviao-jato-foto-dominio-publico.jpg","contentUrl":"https:\/\/agenciainfra.com\/blog\/wp-content\/uploads\/2020\/08\/aviao-jato-foto-dominio-publico.jpg","width":1280,"height":777,"caption":"Foto: Dom\u00ednio p\u00fablico"},{"@type":"BreadcrumbList","@id":"https:\/\/agenciainfra.com\/blog\/transporte-de-passageiros-cresce-21-em-junho-puxado-pelo-servico-aereo\/#breadcrumb","itemListElement":[{"@type":"ListItem","position":1,"name":"In\u00edcio","item":"https:\/\/agenciainfra.com\/blog\/"},{"@type":"ListItem","position":2,"name":"Transporte de passageiros cresce 2,1% em junho, puxado pelo servi\u00e7o a\u00e9reo"}]},{"@type":"WebSite","@id":"https:\/\/agenciainfra.com\/blog\/#website","url":"https:\/\/agenciainfra.com\/blog\/","name":"Ag\u00eancia iNFRA","description":"Multiplataforma de informa\u00e7\u00e3o jornal\u00edstica refer\u00eancia na \u00e1rea de infraestrutura no Brasil!","publisher":{"@id":"https:\/\/agenciainfra.com\/blog\/#organization"},"potentialAction":[{"@type":"SearchAction","target":{"@type":"EntryPoint","urlTemplate":"https:\/\/agenciainfra.com\/blog\/?s={search_term_string}"},"query-input":{"@type":"PropertyValueSpecification","valueRequired":true,"valueName":"search_term_string"}}],"inLanguage":"pt-BR"},{"@type":"Organization","@id":"https:\/\/agenciainfra.com\/blog\/#organization","name":"Ag\u00eancia iNFRA","url":"https:\/\/agenciainfra.com\/blog\/","logo":{"@type":"ImageObject","inLanguage":"pt-BR","@id":"https:\/\/agenciainfra.com\/blog\/#\/schema\/logo\/image\/","url":"https:\/\/agenciainfra.com\/blog\/wp-content\/uploads\/2023\/09\/iNFRA_5-e1761735885940.png","contentUrl":"https:\/\/agenciainfra.com\/blog\/wp-content\/uploads\/2023\/09\/iNFRA_5-e1761735885940.png","width":1672,"height":454,"caption":"Ag\u00eancia iNFRA"},"image":{"@id":"https:\/\/agenciainfra.com\/blog\/#\/schema\/logo\/image\/"},"sameAs":["https:\/\/www.facebook.com\/ageninfra","https:\/\/x.com\/agencia_infra","https:\/\/www.linkedin.com\/company\/ag\u00eanciainfra\/","https:\/\/www.instagram.com\/agenciainfra\/"]},{"@type":"Person","@id":"https:\/\/agenciainfra.com\/blog\/#\/schema\/person\/34af08dff6adea4cb22b06612ba7acfa","name":"Ag\u00eancia iNFRA","image":{"@type":"ImageObject","inLanguage":"pt-BR","@id":"https:\/\/agenciainfra.com\/blog\/#\/schema\/person\/image\/","url":"https:\/\/secure.gravatar.com\/avatar\/d189e01678f06d8eb84d4e01f08eb848b3fffe3f8443818d3c356c66892f5be8?s=96&d=mm&r=g","contentUrl":"https:\/\/secure.gravatar.com\/avatar\/d189e01678f06d8eb84d4e01f08eb848b3fffe3f8443818d3c356c66892f5be8?s=96&d=mm&r=g","caption":"Ag\u00eancia iNFRA"},"url":"https:\/\/agenciainfra.com\/blog\/author\/admin\/"}]}},"_links":{"self":[{"href":"https:\/\/agenciainfra.com\/blog\/wp-json\/wp\/v2\/posts\/26641","targetHints":{"allow":["GET"]}}],"collection":[{"href":"https:\/\/agenciainfra.com\/blog\/wp-json\/wp\/v2\/posts"}],"about":[{"href":"https:\/\/agenciainfra.com\/blog\/wp-json\/wp\/v2\/types\/post"}],"author":[{"embeddable":true,"href":"https:\/\/agenciainfra.com\/blog\/wp-json\/wp\/v2\/users\/1"}],"replies":[{"embeddable":true,"href":"https:\/\/agenciainfra.com\/blog\/wp-json\/wp\/v2\/comments?post=26641"}],"version-history":[{"count":1,"href":"https:\/\/agenciainfra.com\/blog\/wp-json\/wp\/v2\/posts\/26641\/revisions"}],"predecessor-version":[{"id":26642,"href":"https:\/\/agenciainfra.com\/blog\/wp-json\/wp\/v2\/posts\/26641\/revisions\/26642"}],"wp:featuredmedia":[{"embeddable":true,"href":"https:\/\/agenciainfra.com\/blog\/wp-json\/wp\/v2\/media\/5599"}],"wp:attachment":[{"href":"https:\/\/agenciainfra.com\/blog\/wp-json\/wp\/v2\/media?parent=26641"}],"wp:term":[{"taxonomy":"category","embeddable":true,"href":"https:\/\/agenciainfra.com\/blog\/wp-json\/wp\/v2\/categories?post=26641"},{"taxonomy":"post_tag","embeddable":true,"href":"https:\/\/agenciainfra.com\/blog\/wp-json\/wp\/v2\/tags?post=26641"}],"curies":[{"name":"wp","href":"https:\/\/api.w.org\/{rel}","templated":true}]}}