{"id":26656,"date":"2025-08-22T21:30:40","date_gmt":"2025-08-23T00:30:40","guid":{"rendered":"https:\/\/agenciainfra.com\/blog\/?p=26656"},"modified":"2025-08-25T08:36:03","modified_gmt":"2025-08-25T11:36:03","slug":"leilao-de-reserva-de-capacidade-sera-dividido-em-dois-certames","status":"publish","type":"post","link":"https:\/\/agenciainfra.com\/blog\/leilao-de-reserva-de-capacidade-sera-dividido-em-dois-certames\/","title":{"rendered":"Leil\u00e3o de Reserva de Capacidade ser\u00e1 dividido em dois certames"},"content":{"rendered":"\n<p class=\"has-text-align-right\"><strong>Marisa Wanzeller, da Ag\u00eancia iNFRA<\/strong><\/p>\n\n\n\n<p>O governo publicou nesta sexta-feira (22) <a href=\"https:\/\/pesquisa.in.gov.br\/imprensa\/jsp\/visualiza\/index.jsp?data=22\/08\/2025&amp;jornal=600&amp;pagina=9&amp;totalArquivos=9\">duas portarias<\/a> que abrem novas consultas p\u00fablicas para realiza\u00e7\u00e3o do LRCAP (Leil\u00e3o de Reserva de Capacidade na forma de Pot\u00eancia). Ser\u00e3o dois leil\u00f5es, previstos para mar\u00e7o de 2026, com uma semana de diferen\u00e7a entre eles.<\/p>\n\n\n\n<p>Os certames ser\u00e3o divididos da seguinte forma: um para hidrel\u00e9tricas, t\u00e9rmicas a g\u00e1s natural e a carv\u00e3o; e o segundo voltado para t\u00e9rmicas a combust\u00edveis l\u00edquidos. Biocombust\u00edveis ficar\u00e3o de fora.<\/p>\n\n\n\n<p>O primeiro deles est\u00e1 dividido em quatro produtos:<\/p>\n\n\n\n<p>\u2022\u2060 \u2060T\u00e9rmicas existentes com in\u00edcio de entrega em 2026 e 2027. Podem participar t\u00e9rmicas a g\u00e1s natural que estejam conectadas na malha de gasodutos al\u00e9m de t\u00e9rmicas a carv\u00e3o mineral. Os contratos ter\u00e3o dura\u00e7\u00e3o de 10 anos;<\/p>\n\n\n\n<p>\u2022\u2060 \u2060T\u00e9rmicas a g\u00e1s natural novas e existentes, conectadas \u00e0 malha de gasodutos, com in\u00edcio de entrega entre 2028 e 2030. Tamb\u00e9m participam termel\u00e9tricas a carv\u00e3o j\u00e1 existentes. Os contratos para t\u00e9rmicas novas ter\u00e3o dura\u00e7\u00e3o de 15 anos e para as existentes, de 10 anos;<\/p>\n\n\n\n<p>\u2022\u2060 \u2060Contrata\u00e7\u00e3o de t\u00e9rmicas a g\u00e1s natural novas e existentes n\u00e3o conectadas \u00e0 malha de gasodutos, com in\u00edcio de entrega entre 2028 e 2030. Os contratos tamb\u00e9m ter\u00e3o dura\u00e7\u00e3o de 15 ou de 10 anos;<\/p>\n\n\n\n<p>\u2022\u2060 \u2060Hidrel\u00e9tricas com entrega a partir de 2030, com contratos de 15 anos. Dessa vez, poder\u00e3o participar PCHs. As hidrel\u00e9tricas ter\u00e3o ainda prioridade nos produtos que contratam entrega a partir de 2030.<\/p>\n\n\n\n<p>J\u00e1 o segundo leil\u00e3o acontecer\u00e1 uma semana depois para contrata\u00e7\u00e3o de t\u00e9rmicas existentes, com gera\u00e7\u00e3o a \u00f3leo diesel e \u00f3leo combust\u00edvel, com contratos de tr\u00eas anos. Um produto prev\u00ea entrega a partir de 2026 e o outro, a partir de 2027.<\/p>\n\n\n\n<p><\/p>\n","protected":false},"excerpt":{"rendered":"<p>Marisa Wanzeller, da Ag\u00eancia iNFRA O governo publicou nesta sexta-feira (22) duas portarias que abrem novas consultas p\u00fablicas para realiza\u00e7\u00e3o do LRCAP (Leil\u00e3o de Reserva de Capacidade na forma de Pot\u00eancia). Ser\u00e3o dois leil\u00f5es, previstos para mar\u00e7o de 2026, com uma semana de diferen\u00e7a entre eles. Os certames ser\u00e3o divididos da seguinte forma: um para [&hellip;]<\/p>\n","protected":false},"author":1,"featured_media":17828,"comment_status":"closed","ping_status":"closed","sticky":false,"template":"","format":"standard","meta":{"_monsterinsights_skip_tracking":false,"_monsterinsights_sitenote_active":false,"_monsterinsights_sitenote_note":"","_monsterinsights_sitenote_category":0,"footnotes":""},"categories":[1],"tags":[14942,9822,7366],"class_list":["post-26656","post","type-post","status-publish","format-standard","has-post-thumbnail","hentry","category-geral","tag-leilao-de-reserva-de-capacidade-na-forma-de-potencia","tag-lrcap","tag-marisa-wanzeller"],"yoast_head":"<!-- This site is optimized with the Yoast SEO Premium plugin v25.4 (Yoast SEO v26.0) - https:\/\/yoast.com\/wordpress\/plugins\/seo\/ -->\n<title>Leil\u00e3o de Reserva de Capacidade ser\u00e1 dividido em dois certames - Ag\u00eancia iNFRA<\/title>\n<meta name=\"robots\" content=\"index, follow, max-snippet:-1, max-image-preview:large, max-video-preview:-1\" \/>\n<link rel=\"canonical\" href=\"https:\/\/agenciainfra.com\/blog\/leilao-de-reserva-de-capacidade-sera-dividido-em-dois-certames\/\" \/>\n<meta property=\"og:locale\" content=\"pt_BR\" \/>\n<meta property=\"og:type\" content=\"article\" \/>\n<meta property=\"og:title\" content=\"Leil\u00e3o de Reserva de Capacidade ser\u00e1 dividido em dois certames\" \/>\n<meta property=\"og:description\" content=\"Marisa Wanzeller, da Ag\u00eancia iNFRA O governo publicou nesta sexta-feira (22) duas portarias que abrem novas consultas p\u00fablicas para realiza\u00e7\u00e3o do LRCAP (Leil\u00e3o de Reserva de Capacidade na forma de Pot\u00eancia). Ser\u00e3o dois leil\u00f5es, previstos para mar\u00e7o de 2026, com uma semana de diferen\u00e7a entre eles. Os certames ser\u00e3o divididos da seguinte forma: um para [&hellip;]\" \/>\n<meta property=\"og:url\" content=\"https:\/\/agenciainfra.com\/blog\/leilao-de-reserva-de-capacidade-sera-dividido-em-dois-certames\/\" \/>\n<meta property=\"og:site_name\" content=\"Ag\u00eancia iNFRA\" \/>\n<meta property=\"article:publisher\" content=\"https:\/\/www.facebook.com\/ageninfra\" \/>\n<meta property=\"article:published_time\" content=\"2025-08-23T00:30:40+00:00\" \/>\n<meta property=\"article:modified_time\" content=\"2025-08-25T11:36:03+00:00\" \/>\n<meta property=\"og:image\" content=\"https:\/\/agenciainfra.com\/blog\/wp-content\/uploads\/2024\/07\/esplanada-dos-ministerios-foto-agencia-brasil.jpg\" \/>\n\t<meta property=\"og:image:width\" content=\"1201\" \/>\n\t<meta property=\"og:image:height\" content=\"801\" \/>\n\t<meta property=\"og:image:type\" content=\"image\/jpeg\" \/>\n<meta name=\"author\" content=\"Ag\u00eancia iNFRA\" \/>\n<meta name=\"twitter:card\" content=\"summary_large_image\" \/>\n<meta name=\"twitter:creator\" content=\"@agencia_infra\" \/>\n<meta name=\"twitter:site\" content=\"@agencia_infra\" \/>\n<meta name=\"twitter:label1\" content=\"Escrito por\" \/>\n\t<meta name=\"twitter:data1\" content=\"Ag\u00eancia iNFRA\" \/>\n\t<meta name=\"twitter:label2\" content=\"Est. tempo de leitura\" \/>\n\t<meta name=\"twitter:data2\" content=\"2 minutos\" \/>\n<script type=\"application\/ld+json\" class=\"yoast-schema-graph\">{\"@context\":\"https:\/\/schema.org\",\"@graph\":[{\"@type\":\"Article\",\"@id\":\"https:\/\/agenciainfra.com\/blog\/leilao-de-reserva-de-capacidade-sera-dividido-em-dois-certames\/#article\",\"isPartOf\":{\"@id\":\"https:\/\/agenciainfra.com\/blog\/leilao-de-reserva-de-capacidade-sera-dividido-em-dois-certames\/\"},\"author\":{\"name\":\"Ag\u00eancia iNFRA\",\"@id\":\"https:\/\/agenciainfra.com\/blog\/#\/schema\/person\/34af08dff6adea4cb22b06612ba7acfa\"},\"headline\":\"Leil\u00e3o de Reserva de Capacidade ser\u00e1 dividido em dois certames\",\"datePublished\":\"2025-08-23T00:30:40+00:00\",\"dateModified\":\"2025-08-25T11:36:03+00:00\",\"mainEntityOfPage\":{\"@id\":\"https:\/\/agenciainfra.com\/blog\/leilao-de-reserva-de-capacidade-sera-dividido-em-dois-certames\/\"},\"wordCount\":316,\"publisher\":{\"@id\":\"https:\/\/agenciainfra.com\/blog\/#organization\"},\"image\":{\"@id\":\"https:\/\/agenciainfra.com\/blog\/leilao-de-reserva-de-capacidade-sera-dividido-em-dois-certames\/#primaryimage\"},\"thumbnailUrl\":\"https:\/\/agenciainfra.com\/blog\/wp-content\/uploads\/2024\/07\/esplanada-dos-ministerios-foto-agencia-brasil.jpg\",\"keywords\":[\"Leil\u00e3o de Reserva de Capacidade na forma de Pot\u00eancia\",\"LRCAP\",\"Marisa Wanzeller\"],\"articleSection\":[\"Geral\"],\"inLanguage\":\"pt-BR\",\"copyrightYear\":\"2025\",\"copyrightHolder\":{\"@id\":\"https:\/\/agenciainfra.com\/blog\/#organization\"}},{\"@type\":\"WebPage\",\"@id\":\"https:\/\/agenciainfra.com\/blog\/leilao-de-reserva-de-capacidade-sera-dividido-em-dois-certames\/\",\"url\":\"https:\/\/agenciainfra.com\/blog\/leilao-de-reserva-de-capacidade-sera-dividido-em-dois-certames\/\",\"name\":\"Leil\u00e3o de Reserva de Capacidade ser\u00e1 dividido em dois certames - Ag\u00eancia iNFRA\",\"isPartOf\":{\"@id\":\"https:\/\/agenciainfra.com\/blog\/#website\"},\"primaryImageOfPage\":{\"@id\":\"https:\/\/agenciainfra.com\/blog\/leilao-de-reserva-de-capacidade-sera-dividido-em-dois-certames\/#primaryimage\"},\"image\":{\"@id\":\"https:\/\/agenciainfra.com\/blog\/leilao-de-reserva-de-capacidade-sera-dividido-em-dois-certames\/#primaryimage\"},\"thumbnailUrl\":\"https:\/\/agenciainfra.com\/blog\/wp-content\/uploads\/2024\/07\/esplanada-dos-ministerios-foto-agencia-brasil.jpg\",\"datePublished\":\"2025-08-23T00:30:40+00:00\",\"dateModified\":\"2025-08-25T11:36:03+00:00\",\"breadcrumb\":{\"@id\":\"https:\/\/agenciainfra.com\/blog\/leilao-de-reserva-de-capacidade-sera-dividido-em-dois-certames\/#breadcrumb\"},\"inLanguage\":\"pt-BR\",\"potentialAction\":[{\"@type\":\"ReadAction\",\"target\":[\"https:\/\/agenciainfra.com\/blog\/leilao-de-reserva-de-capacidade-sera-dividido-em-dois-certames\/\"]}]},{\"@type\":\"ImageObject\",\"inLanguage\":\"pt-BR\",\"@id\":\"https:\/\/agenciainfra.com\/blog\/leilao-de-reserva-de-capacidade-sera-dividido-em-dois-certames\/#primaryimage\",\"url\":\"https:\/\/agenciainfra.com\/blog\/wp-content\/uploads\/2024\/07\/esplanada-dos-ministerios-foto-agencia-brasil.jpg\",\"contentUrl\":\"https:\/\/agenciainfra.com\/blog\/wp-content\/uploads\/2024\/07\/esplanada-dos-ministerios-foto-agencia-brasil.jpg\",\"width\":1201,\"height\":801,\"caption\":\"Foto: Ag\u00eancia Brasil\"},{\"@type\":\"BreadcrumbList\",\"@id\":\"https:\/\/agenciainfra.com\/blog\/leilao-de-reserva-de-capacidade-sera-dividido-em-dois-certames\/#breadcrumb\",\"itemListElement\":[{\"@type\":\"ListItem\",\"position\":1,\"name\":\"In\u00edcio\",\"item\":\"https:\/\/agenciainfra.com\/blog\/\"},{\"@type\":\"ListItem\",\"position\":2,\"name\":\"Leil\u00e3o de Reserva de Capacidade ser\u00e1 dividido em dois certames\"}]},{\"@type\":\"WebSite\",\"@id\":\"https:\/\/agenciainfra.com\/blog\/#website\",\"url\":\"https:\/\/agenciainfra.com\/blog\/\",\"name\":\"Ag\u00eancia iNFRA\",\"description\":\"Multiplataforma de informa\u00e7\u00e3o jornal\u00edstica refer\u00eancia na \u00e1rea de infraestrutura no Brasil!\",\"publisher\":{\"@id\":\"https:\/\/agenciainfra.com\/blog\/#organization\"},\"potentialAction\":[{\"@type\":\"SearchAction\",\"target\":{\"@type\":\"EntryPoint\",\"urlTemplate\":\"https:\/\/agenciainfra.com\/blog\/?s={search_term_string}\"},\"query-input\":{\"@type\":\"PropertyValueSpecification\",\"valueRequired\":true,\"valueName\":\"search_term_string\"}}],\"inLanguage\":\"pt-BR\"},{\"@type\":\"Organization\",\"@id\":\"https:\/\/agenciainfra.com\/blog\/#organization\",\"name\":\"Ag\u00eancia iNFRA\",\"url\":\"https:\/\/agenciainfra.com\/blog\/\",\"logo\":{\"@type\":\"ImageObject\",\"inLanguage\":\"pt-BR\",\"@id\":\"https:\/\/agenciainfra.com\/blog\/#\/schema\/logo\/image\/\",\"url\":\"https:\/\/agenciainfra.com\/blog\/wp-content\/uploads\/2023\/09\/iNFRA_5-e1761735885940.png\",\"contentUrl\":\"https:\/\/agenciainfra.com\/blog\/wp-content\/uploads\/2023\/09\/iNFRA_5-e1761735885940.png\",\"width\":1672,\"height\":454,\"caption\":\"Ag\u00eancia iNFRA\"},\"image\":{\"@id\":\"https:\/\/agenciainfra.com\/blog\/#\/schema\/logo\/image\/\"},\"sameAs\":[\"https:\/\/www.facebook.com\/ageninfra\",\"https:\/\/x.com\/agencia_infra\",\"https:\/\/www.linkedin.com\/company\/ag\u00eanciainfra\/\",\"https:\/\/www.instagram.com\/agenciainfra\/\"]},{\"@type\":\"Person\",\"@id\":\"https:\/\/agenciainfra.com\/blog\/#\/schema\/person\/34af08dff6adea4cb22b06612ba7acfa\",\"name\":\"Ag\u00eancia iNFRA\",\"image\":{\"@type\":\"ImageObject\",\"inLanguage\":\"pt-BR\",\"@id\":\"https:\/\/agenciainfra.com\/blog\/#\/schema\/person\/image\/\",\"url\":\"https:\/\/secure.gravatar.com\/avatar\/d189e01678f06d8eb84d4e01f08eb848b3fffe3f8443818d3c356c66892f5be8?s=96&d=mm&r=g\",\"contentUrl\":\"https:\/\/secure.gravatar.com\/avatar\/d189e01678f06d8eb84d4e01f08eb848b3fffe3f8443818d3c356c66892f5be8?s=96&d=mm&r=g\",\"caption\":\"Ag\u00eancia iNFRA\"},\"url\":\"https:\/\/agenciainfra.com\/blog\/author\/admin\/\"}]}<\/script>\n<!-- \/ Yoast SEO Premium plugin. -->","yoast_head_json":{"title":"Leil\u00e3o de Reserva de Capacidade ser\u00e1 dividido em dois certames - Ag\u00eancia iNFRA","robots":{"index":"index","follow":"follow","max-snippet":"max-snippet:-1","max-image-preview":"max-image-preview:large","max-video-preview":"max-video-preview:-1"},"canonical":"https:\/\/agenciainfra.com\/blog\/leilao-de-reserva-de-capacidade-sera-dividido-em-dois-certames\/","og_locale":"pt_BR","og_type":"article","og_title":"Leil\u00e3o de Reserva de Capacidade ser\u00e1 dividido em dois certames","og_description":"Marisa Wanzeller, da Ag\u00eancia iNFRA O governo publicou nesta sexta-feira (22) duas portarias que abrem novas consultas p\u00fablicas para realiza\u00e7\u00e3o do LRCAP (Leil\u00e3o de Reserva de Capacidade na forma de Pot\u00eancia). Ser\u00e3o dois leil\u00f5es, previstos para mar\u00e7o de 2026, com uma semana de diferen\u00e7a entre eles. Os certames ser\u00e3o divididos da seguinte forma: um para [&hellip;]","og_url":"https:\/\/agenciainfra.com\/blog\/leilao-de-reserva-de-capacidade-sera-dividido-em-dois-certames\/","og_site_name":"Ag\u00eancia iNFRA","article_publisher":"https:\/\/www.facebook.com\/ageninfra","article_published_time":"2025-08-23T00:30:40+00:00","article_modified_time":"2025-08-25T11:36:03+00:00","og_image":[{"width":1201,"height":801,"url":"https:\/\/agenciainfra.com\/blog\/wp-content\/uploads\/2024\/07\/esplanada-dos-ministerios-foto-agencia-brasil.jpg","type":"image\/jpeg"}],"author":"Ag\u00eancia iNFRA","twitter_card":"summary_large_image","twitter_creator":"@agencia_infra","twitter_site":"@agencia_infra","twitter_misc":{"Escrito por":"Ag\u00eancia iNFRA","Est. tempo de leitura":"2 minutos"},"schema":{"@context":"https:\/\/schema.org","@graph":[{"@type":"Article","@id":"https:\/\/agenciainfra.com\/blog\/leilao-de-reserva-de-capacidade-sera-dividido-em-dois-certames\/#article","isPartOf":{"@id":"https:\/\/agenciainfra.com\/blog\/leilao-de-reserva-de-capacidade-sera-dividido-em-dois-certames\/"},"author":{"name":"Ag\u00eancia iNFRA","@id":"https:\/\/agenciainfra.com\/blog\/#\/schema\/person\/34af08dff6adea4cb22b06612ba7acfa"},"headline":"Leil\u00e3o de Reserva de Capacidade ser\u00e1 dividido em dois certames","datePublished":"2025-08-23T00:30:40+00:00","dateModified":"2025-08-25T11:36:03+00:00","mainEntityOfPage":{"@id":"https:\/\/agenciainfra.com\/blog\/leilao-de-reserva-de-capacidade-sera-dividido-em-dois-certames\/"},"wordCount":316,"publisher":{"@id":"https:\/\/agenciainfra.com\/blog\/#organization"},"image":{"@id":"https:\/\/agenciainfra.com\/blog\/leilao-de-reserva-de-capacidade-sera-dividido-em-dois-certames\/#primaryimage"},"thumbnailUrl":"https:\/\/agenciainfra.com\/blog\/wp-content\/uploads\/2024\/07\/esplanada-dos-ministerios-foto-agencia-brasil.jpg","keywords":["Leil\u00e3o de Reserva de Capacidade na forma de Pot\u00eancia","LRCAP","Marisa Wanzeller"],"articleSection":["Geral"],"inLanguage":"pt-BR","copyrightYear":"2025","copyrightHolder":{"@id":"https:\/\/agenciainfra.com\/blog\/#organization"}},{"@type":"WebPage","@id":"https:\/\/agenciainfra.com\/blog\/leilao-de-reserva-de-capacidade-sera-dividido-em-dois-certames\/","url":"https:\/\/agenciainfra.com\/blog\/leilao-de-reserva-de-capacidade-sera-dividido-em-dois-certames\/","name":"Leil\u00e3o de Reserva de Capacidade ser\u00e1 dividido em dois certames - Ag\u00eancia iNFRA","isPartOf":{"@id":"https:\/\/agenciainfra.com\/blog\/#website"},"primaryImageOfPage":{"@id":"https:\/\/agenciainfra.com\/blog\/leilao-de-reserva-de-capacidade-sera-dividido-em-dois-certames\/#primaryimage"},"image":{"@id":"https:\/\/agenciainfra.com\/blog\/leilao-de-reserva-de-capacidade-sera-dividido-em-dois-certames\/#primaryimage"},"thumbnailUrl":"https:\/\/agenciainfra.com\/blog\/wp-content\/uploads\/2024\/07\/esplanada-dos-ministerios-foto-agencia-brasil.jpg","datePublished":"2025-08-23T00:30:40+00:00","dateModified":"2025-08-25T11:36:03+00:00","breadcrumb":{"@id":"https:\/\/agenciainfra.com\/blog\/leilao-de-reserva-de-capacidade-sera-dividido-em-dois-certames\/#breadcrumb"},"inLanguage":"pt-BR","potentialAction":[{"@type":"ReadAction","target":["https:\/\/agenciainfra.com\/blog\/leilao-de-reserva-de-capacidade-sera-dividido-em-dois-certames\/"]}]},{"@type":"ImageObject","inLanguage":"pt-BR","@id":"https:\/\/agenciainfra.com\/blog\/leilao-de-reserva-de-capacidade-sera-dividido-em-dois-certames\/#primaryimage","url":"https:\/\/agenciainfra.com\/blog\/wp-content\/uploads\/2024\/07\/esplanada-dos-ministerios-foto-agencia-brasil.jpg","contentUrl":"https:\/\/agenciainfra.com\/blog\/wp-content\/uploads\/2024\/07\/esplanada-dos-ministerios-foto-agencia-brasil.jpg","width":1201,"height":801,"caption":"Foto: Ag\u00eancia Brasil"},{"@type":"BreadcrumbList","@id":"https:\/\/agenciainfra.com\/blog\/leilao-de-reserva-de-capacidade-sera-dividido-em-dois-certames\/#breadcrumb","itemListElement":[{"@type":"ListItem","position":1,"name":"In\u00edcio","item":"https:\/\/agenciainfra.com\/blog\/"},{"@type":"ListItem","position":2,"name":"Leil\u00e3o de Reserva de Capacidade ser\u00e1 dividido em dois certames"}]},{"@type":"WebSite","@id":"https:\/\/agenciainfra.com\/blog\/#website","url":"https:\/\/agenciainfra.com\/blog\/","name":"Ag\u00eancia iNFRA","description":"Multiplataforma de informa\u00e7\u00e3o jornal\u00edstica refer\u00eancia na \u00e1rea de infraestrutura no Brasil!","publisher":{"@id":"https:\/\/agenciainfra.com\/blog\/#organization"},"potentialAction":[{"@type":"SearchAction","target":{"@type":"EntryPoint","urlTemplate":"https:\/\/agenciainfra.com\/blog\/?s={search_term_string}"},"query-input":{"@type":"PropertyValueSpecification","valueRequired":true,"valueName":"search_term_string"}}],"inLanguage":"pt-BR"},{"@type":"Organization","@id":"https:\/\/agenciainfra.com\/blog\/#organization","name":"Ag\u00eancia iNFRA","url":"https:\/\/agenciainfra.com\/blog\/","logo":{"@type":"ImageObject","inLanguage":"pt-BR","@id":"https:\/\/agenciainfra.com\/blog\/#\/schema\/logo\/image\/","url":"https:\/\/agenciainfra.com\/blog\/wp-content\/uploads\/2023\/09\/iNFRA_5-e1761735885940.png","contentUrl":"https:\/\/agenciainfra.com\/blog\/wp-content\/uploads\/2023\/09\/iNFRA_5-e1761735885940.png","width":1672,"height":454,"caption":"Ag\u00eancia iNFRA"},"image":{"@id":"https:\/\/agenciainfra.com\/blog\/#\/schema\/logo\/image\/"},"sameAs":["https:\/\/www.facebook.com\/ageninfra","https:\/\/x.com\/agencia_infra","https:\/\/www.linkedin.com\/company\/ag\u00eanciainfra\/","https:\/\/www.instagram.com\/agenciainfra\/"]},{"@type":"Person","@id":"https:\/\/agenciainfra.com\/blog\/#\/schema\/person\/34af08dff6adea4cb22b06612ba7acfa","name":"Ag\u00eancia iNFRA","image":{"@type":"ImageObject","inLanguage":"pt-BR","@id":"https:\/\/agenciainfra.com\/blog\/#\/schema\/person\/image\/","url":"https:\/\/secure.gravatar.com\/avatar\/d189e01678f06d8eb84d4e01f08eb848b3fffe3f8443818d3c356c66892f5be8?s=96&d=mm&r=g","contentUrl":"https:\/\/secure.gravatar.com\/avatar\/d189e01678f06d8eb84d4e01f08eb848b3fffe3f8443818d3c356c66892f5be8?s=96&d=mm&r=g","caption":"Ag\u00eancia iNFRA"},"url":"https:\/\/agenciainfra.com\/blog\/author\/admin\/"}]}},"_links":{"self":[{"href":"https:\/\/agenciainfra.com\/blog\/wp-json\/wp\/v2\/posts\/26656","targetHints":{"allow":["GET"]}}],"collection":[{"href":"https:\/\/agenciainfra.com\/blog\/wp-json\/wp\/v2\/posts"}],"about":[{"href":"https:\/\/agenciainfra.com\/blog\/wp-json\/wp\/v2\/types\/post"}],"author":[{"embeddable":true,"href":"https:\/\/agenciainfra.com\/blog\/wp-json\/wp\/v2\/users\/1"}],"replies":[{"embeddable":true,"href":"https:\/\/agenciainfra.com\/blog\/wp-json\/wp\/v2\/comments?post=26656"}],"version-history":[{"count":2,"href":"https:\/\/agenciainfra.com\/blog\/wp-json\/wp\/v2\/posts\/26656\/revisions"}],"predecessor-version":[{"id":26666,"href":"https:\/\/agenciainfra.com\/blog\/wp-json\/wp\/v2\/posts\/26656\/revisions\/26666"}],"wp:featuredmedia":[{"embeddable":true,"href":"https:\/\/agenciainfra.com\/blog\/wp-json\/wp\/v2\/media\/17828"}],"wp:attachment":[{"href":"https:\/\/agenciainfra.com\/blog\/wp-json\/wp\/v2\/media?parent=26656"}],"wp:term":[{"taxonomy":"category","embeddable":true,"href":"https:\/\/agenciainfra.com\/blog\/wp-json\/wp\/v2\/categories?post=26656"},{"taxonomy":"post_tag","embeddable":true,"href":"https:\/\/agenciainfra.com\/blog\/wp-json\/wp\/v2\/tags?post=26656"}],"curies":[{"name":"wp","href":"https:\/\/api.w.org\/{rel}","templated":true}]}}