{"id":26690,"date":"2025-08-25T15:12:23","date_gmt":"2025-08-25T18:12:23","guid":{"rendered":"https:\/\/agenciainfra.com\/blog\/?p=26690"},"modified":"2025-08-25T15:12:26","modified_gmt":"2025-08-25T18:12:26","slug":"anac-reforca-regras-para-transporte-de-liquidos-em-voos-internacionais","status":"publish","type":"post","link":"https:\/\/agenciainfra.com\/blog\/anac-reforca-regras-para-transporte-de-liquidos-em-voos-internacionais\/","title":{"rendered":"ANAC refor\u00e7a regras para transporte de l\u00edquidos em voos internacionais"},"content":{"rendered":"\n<p class=\"has-text-align-right\"><strong>da Ag\u00eancia iNFRA<\/strong><\/p>\n\n\n\n<p>A ANAC (Ag\u00eancia Nacional de Avia\u00e7\u00e3o Civil) refor\u00e7ou que as normas para transporte de l\u00edquidos em bagagem de m\u00e3o em voos internacionais seguem inalteradas desde 2019, quando foi publicada a <a href=\"https:\/\/www.anac.gov.br\/assuntos\/legislacao\/legislacao-1\/resolucoes\/2019\/resolucao-no-515-08-05-2019\">Resolu\u00e7\u00e3o 515<\/a>. O regulamento estabelece crit\u00e9rios padronizados mundialmente para garantir a seguran\u00e7a de passageiros, em conformidade com a Conven\u00e7\u00e3o de Chicago e auditados pela Oaci (Organiza\u00e7\u00e3o da Avia\u00e7\u00e3o Civil Internacional).<\/p>\n\n\n\n<p>De acordo com a ANAC, cada frasco deve ter at\u00e9 100 ml, sendo proibido o transporte de volumes maiores, mesmo que parcialmente cheios. Todos os frascos precisam ser acondicionados em embalagem pl\u00e1stica transparente, com capacidade m\u00e1xima de 1 litro, que possa ser fechada. Apenas uma embalagem por passageiro \u00e9 permitida, e ela deve ser apresentada na inspe\u00e7\u00e3o de embarque. Embalagens do tipo \u201czip lock\u201d s\u00e3o aceitas, mas n\u00e3o s\u00e3o obrigat\u00f3rias.<\/p>\n\n\n\n<p>Itens que n\u00e3o atendam \u00e0s exig\u00eancias podem ser despachados junto \u00e0 companhia a\u00e9rea, caso o passageiro n\u00e3o consiga regularizar a embalagem no momento da inspe\u00e7\u00e3o. Segundo a ag\u00eancia, a medida busca prevenir atos de interfer\u00eancia il\u00edcita, como a entrada de explosivos, armas ou subst\u00e2ncias perigosas nas \u00e1reas restritas de aeroportos e aeronaves.<\/p>\n\n\n\n<p><strong>Moderniza\u00e7\u00e3o<\/strong><strong><br><\/strong>O Aeroporto Internacional de Guarulhos (SP) iniciou a opera\u00e7\u00e3o de novos equipamentos de seguran\u00e7a no terminal 3. Os aparelhos foram doados pelo governo dos Estados Unidos, por meio da ag\u00eancia TSA (Transportation Security Administration), ap\u00f3s acordo firmado em 2023 com a GRU Airport.<\/p>\n\n\n\n<p>A implementa\u00e7\u00e3o ocorre de forma gradual, com treinamento espec\u00edfico das equipes de seguran\u00e7a do aeroporto, acompanhadas por profissionais da TSA e da ANAC. A expectativa \u00e9 que a moderniza\u00e7\u00e3o eleve os padr\u00f5es de triagem e aumente o n\u00edvel de seguran\u00e7a das opera\u00e7\u00f5es internacionais.<\/p>\n\n\n\n<p><\/p>\n","protected":false},"excerpt":{"rendered":"<p>da Ag\u00eancia iNFRA A ANAC (Ag\u00eancia Nacional de Avia\u00e7\u00e3o Civil) refor\u00e7ou que as normas para transporte de l\u00edquidos em bagagem de m\u00e3o em voos internacionais seguem inalteradas desde 2019, quando foi publicada a Resolu\u00e7\u00e3o 515. O regulamento estabelece crit\u00e9rios padronizados mundialmente para garantir a seguran\u00e7a de passageiros, em conformidade com a Conven\u00e7\u00e3o de Chicago e [&hellip;]<\/p>\n","protected":false},"author":1,"featured_media":22878,"comment_status":"closed","ping_status":"closed","sticky":false,"template":"","format":"standard","meta":{"_monsterinsights_skip_tracking":false,"_monsterinsights_sitenote_active":false,"_monsterinsights_sitenote_note":"","_monsterinsights_sitenote_category":0,"footnotes":""},"categories":[1,13576],"tags":[5002,242,7180,14954,14952,14953,4657],"class_list":["post-26690","post","type-post","status-publish","format-standard","has-post-thumbnail","hentry","category-geral","category-giro-infra","tag-aeroporto-de-guarulhos","tag-anac","tag-oaci","tag-seguranca-em-aeroportos","tag-seguranca-na-aviacao","tag-transporte-de-liquidos","tag-voos-internacionais"],"yoast_head":"<!-- This site is optimized with the Yoast SEO Premium plugin v25.4 (Yoast SEO v26.0) - https:\/\/yoast.com\/wordpress\/plugins\/seo\/ -->\n<title>ANAC refor\u00e7a regras para transporte de l\u00edquidos em voos internacionais - Ag\u00eancia iNFRA<\/title>\n<meta name=\"robots\" content=\"index, follow, max-snippet:-1, max-image-preview:large, max-video-preview:-1\" \/>\n<link rel=\"canonical\" href=\"https:\/\/agenciainfra.com\/blog\/anac-reforca-regras-para-transporte-de-liquidos-em-voos-internacionais\/\" \/>\n<meta property=\"og:locale\" content=\"pt_BR\" \/>\n<meta property=\"og:type\" content=\"article\" \/>\n<meta property=\"og:title\" content=\"ANAC refor\u00e7a regras para transporte de l\u00edquidos em voos internacionais\" \/>\n<meta property=\"og:description\" content=\"da Ag\u00eancia iNFRA A ANAC (Ag\u00eancia Nacional de Avia\u00e7\u00e3o Civil) refor\u00e7ou que as normas para transporte de l\u00edquidos em bagagem de m\u00e3o em voos internacionais seguem inalteradas desde 2019, quando foi publicada a Resolu\u00e7\u00e3o 515. O regulamento estabelece crit\u00e9rios padronizados mundialmente para garantir a seguran\u00e7a de passageiros, em conformidade com a Conven\u00e7\u00e3o de Chicago e [&hellip;]\" \/>\n<meta property=\"og:url\" content=\"https:\/\/agenciainfra.com\/blog\/anac-reforca-regras-para-transporte-de-liquidos-em-voos-internacionais\/\" \/>\n<meta property=\"og:site_name\" content=\"Ag\u00eancia iNFRA\" \/>\n<meta property=\"article:publisher\" content=\"https:\/\/www.facebook.com\/ageninfra\" \/>\n<meta property=\"article:published_time\" content=\"2025-08-25T18:12:23+00:00\" \/>\n<meta property=\"article:modified_time\" content=\"2025-08-25T18:12:26+00:00\" \/>\n<meta property=\"og:image\" content=\"https:\/\/agenciainfra.com\/blog\/wp-content\/uploads\/2025\/06\/aviao-decolagem-foto-dominiopublico-e1749829674231.jpg\" \/>\n\t<meta property=\"og:image:width\" content=\"1280\" \/>\n\t<meta property=\"og:image:height\" content=\"768\" \/>\n\t<meta property=\"og:image:type\" content=\"image\/jpeg\" \/>\n<meta name=\"author\" content=\"Ag\u00eancia iNFRA\" \/>\n<meta name=\"twitter:card\" content=\"summary_large_image\" \/>\n<meta name=\"twitter:creator\" content=\"@agencia_infra\" \/>\n<meta name=\"twitter:site\" content=\"@agencia_infra\" \/>\n<meta name=\"twitter:label1\" content=\"Escrito por\" \/>\n\t<meta name=\"twitter:data1\" content=\"Ag\u00eancia iNFRA\" \/>\n\t<meta name=\"twitter:label2\" content=\"Est. tempo de leitura\" \/>\n\t<meta name=\"twitter:data2\" content=\"2 minutos\" \/>\n<script type=\"application\/ld+json\" class=\"yoast-schema-graph\">{\"@context\":\"https:\/\/schema.org\",\"@graph\":[{\"@type\":\"Article\",\"@id\":\"https:\/\/agenciainfra.com\/blog\/anac-reforca-regras-para-transporte-de-liquidos-em-voos-internacionais\/#article\",\"isPartOf\":{\"@id\":\"https:\/\/agenciainfra.com\/blog\/anac-reforca-regras-para-transporte-de-liquidos-em-voos-internacionais\/\"},\"author\":{\"name\":\"Ag\u00eancia iNFRA\",\"@id\":\"https:\/\/agenciainfra.com\/blog\/#\/schema\/person\/34af08dff6adea4cb22b06612ba7acfa\"},\"headline\":\"ANAC refor\u00e7a regras para transporte de l\u00edquidos em voos internacionais\",\"datePublished\":\"2025-08-25T18:12:23+00:00\",\"dateModified\":\"2025-08-25T18:12:26+00:00\",\"mainEntityOfPage\":{\"@id\":\"https:\/\/agenciainfra.com\/blog\/anac-reforca-regras-para-transporte-de-liquidos-em-voos-internacionais\/\"},\"wordCount\":316,\"publisher\":{\"@id\":\"https:\/\/agenciainfra.com\/blog\/#organization\"},\"image\":{\"@id\":\"https:\/\/agenciainfra.com\/blog\/anac-reforca-regras-para-transporte-de-liquidos-em-voos-internacionais\/#primaryimage\"},\"thumbnailUrl\":\"https:\/\/agenciainfra.com\/blog\/wp-content\/uploads\/2025\/06\/aviao-decolagem-foto-dominiopublico-e1749829674231.jpg\",\"keywords\":[\"Aeroporto de Guarulhos\",\"ANAC\",\"OACI\",\"seguran\u00e7a em aeroportos\",\"seguran\u00e7a na avia\u00e7\u00e3o\",\"transporte de l\u00edquidos\",\"voos internacionais\"],\"articleSection\":[\"Geral\",\"Giro iNFRA\"],\"inLanguage\":\"pt-BR\",\"copyrightYear\":\"2025\",\"copyrightHolder\":{\"@id\":\"https:\/\/agenciainfra.com\/blog\/#organization\"}},{\"@type\":\"WebPage\",\"@id\":\"https:\/\/agenciainfra.com\/blog\/anac-reforca-regras-para-transporte-de-liquidos-em-voos-internacionais\/\",\"url\":\"https:\/\/agenciainfra.com\/blog\/anac-reforca-regras-para-transporte-de-liquidos-em-voos-internacionais\/\",\"name\":\"ANAC refor\u00e7a regras para transporte de l\u00edquidos em voos internacionais - Ag\u00eancia iNFRA\",\"isPartOf\":{\"@id\":\"https:\/\/agenciainfra.com\/blog\/#website\"},\"primaryImageOfPage\":{\"@id\":\"https:\/\/agenciainfra.com\/blog\/anac-reforca-regras-para-transporte-de-liquidos-em-voos-internacionais\/#primaryimage\"},\"image\":{\"@id\":\"https:\/\/agenciainfra.com\/blog\/anac-reforca-regras-para-transporte-de-liquidos-em-voos-internacionais\/#primaryimage\"},\"thumbnailUrl\":\"https:\/\/agenciainfra.com\/blog\/wp-content\/uploads\/2025\/06\/aviao-decolagem-foto-dominiopublico-e1749829674231.jpg\",\"datePublished\":\"2025-08-25T18:12:23+00:00\",\"dateModified\":\"2025-08-25T18:12:26+00:00\",\"breadcrumb\":{\"@id\":\"https:\/\/agenciainfra.com\/blog\/anac-reforca-regras-para-transporte-de-liquidos-em-voos-internacionais\/#breadcrumb\"},\"inLanguage\":\"pt-BR\",\"potentialAction\":[{\"@type\":\"ReadAction\",\"target\":[\"https:\/\/agenciainfra.com\/blog\/anac-reforca-regras-para-transporte-de-liquidos-em-voos-internacionais\/\"]}]},{\"@type\":\"ImageObject\",\"inLanguage\":\"pt-BR\",\"@id\":\"https:\/\/agenciainfra.com\/blog\/anac-reforca-regras-para-transporte-de-liquidos-em-voos-internacionais\/#primaryimage\",\"url\":\"https:\/\/agenciainfra.com\/blog\/wp-content\/uploads\/2025\/06\/aviao-decolagem-foto-dominiopublico-e1749829674231.jpg\",\"contentUrl\":\"https:\/\/agenciainfra.com\/blog\/wp-content\/uploads\/2025\/06\/aviao-decolagem-foto-dominiopublico-e1749829674231.jpg\",\"width\":1280,\"height\":768,\"caption\":\"Foto: Dom\u00ednio P\u00fablico\"},{\"@type\":\"BreadcrumbList\",\"@id\":\"https:\/\/agenciainfra.com\/blog\/anac-reforca-regras-para-transporte-de-liquidos-em-voos-internacionais\/#breadcrumb\",\"itemListElement\":[{\"@type\":\"ListItem\",\"position\":1,\"name\":\"In\u00edcio\",\"item\":\"https:\/\/agenciainfra.com\/blog\/\"},{\"@type\":\"ListItem\",\"position\":2,\"name\":\"ANAC refor\u00e7a regras para transporte de l\u00edquidos em voos internacionais\"}]},{\"@type\":\"WebSite\",\"@id\":\"https:\/\/agenciainfra.com\/blog\/#website\",\"url\":\"https:\/\/agenciainfra.com\/blog\/\",\"name\":\"Ag\u00eancia iNFRA\",\"description\":\"Multiplataforma de informa\u00e7\u00e3o jornal\u00edstica refer\u00eancia na \u00e1rea de infraestrutura no Brasil!\",\"publisher\":{\"@id\":\"https:\/\/agenciainfra.com\/blog\/#organization\"},\"potentialAction\":[{\"@type\":\"SearchAction\",\"target\":{\"@type\":\"EntryPoint\",\"urlTemplate\":\"https:\/\/agenciainfra.com\/blog\/?s={search_term_string}\"},\"query-input\":{\"@type\":\"PropertyValueSpecification\",\"valueRequired\":true,\"valueName\":\"search_term_string\"}}],\"inLanguage\":\"pt-BR\"},{\"@type\":\"Organization\",\"@id\":\"https:\/\/agenciainfra.com\/blog\/#organization\",\"name\":\"Ag\u00eancia iNFRA\",\"url\":\"https:\/\/agenciainfra.com\/blog\/\",\"logo\":{\"@type\":\"ImageObject\",\"inLanguage\":\"pt-BR\",\"@id\":\"https:\/\/agenciainfra.com\/blog\/#\/schema\/logo\/image\/\",\"url\":\"https:\/\/agenciainfra.com\/blog\/wp-content\/uploads\/2023\/09\/iNFRA_5-e1761735885940.png\",\"contentUrl\":\"https:\/\/agenciainfra.com\/blog\/wp-content\/uploads\/2023\/09\/iNFRA_5-e1761735885940.png\",\"width\":1672,\"height\":454,\"caption\":\"Ag\u00eancia iNFRA\"},\"image\":{\"@id\":\"https:\/\/agenciainfra.com\/blog\/#\/schema\/logo\/image\/\"},\"sameAs\":[\"https:\/\/www.facebook.com\/ageninfra\",\"https:\/\/x.com\/agencia_infra\",\"https:\/\/www.linkedin.com\/company\/ag\u00eanciainfra\/\",\"https:\/\/www.instagram.com\/agenciainfra\/\"]},{\"@type\":\"Person\",\"@id\":\"https:\/\/agenciainfra.com\/blog\/#\/schema\/person\/34af08dff6adea4cb22b06612ba7acfa\",\"name\":\"Ag\u00eancia iNFRA\",\"image\":{\"@type\":\"ImageObject\",\"inLanguage\":\"pt-BR\",\"@id\":\"https:\/\/agenciainfra.com\/blog\/#\/schema\/person\/image\/\",\"url\":\"https:\/\/secure.gravatar.com\/avatar\/d189e01678f06d8eb84d4e01f08eb848b3fffe3f8443818d3c356c66892f5be8?s=96&d=mm&r=g\",\"contentUrl\":\"https:\/\/secure.gravatar.com\/avatar\/d189e01678f06d8eb84d4e01f08eb848b3fffe3f8443818d3c356c66892f5be8?s=96&d=mm&r=g\",\"caption\":\"Ag\u00eancia iNFRA\"},\"url\":\"https:\/\/agenciainfra.com\/blog\/author\/admin\/\"}]}<\/script>\n<!-- \/ Yoast SEO Premium plugin. -->","yoast_head_json":{"title":"ANAC refor\u00e7a regras para transporte de l\u00edquidos em voos internacionais - Ag\u00eancia iNFRA","robots":{"index":"index","follow":"follow","max-snippet":"max-snippet:-1","max-image-preview":"max-image-preview:large","max-video-preview":"max-video-preview:-1"},"canonical":"https:\/\/agenciainfra.com\/blog\/anac-reforca-regras-para-transporte-de-liquidos-em-voos-internacionais\/","og_locale":"pt_BR","og_type":"article","og_title":"ANAC refor\u00e7a regras para transporte de l\u00edquidos em voos internacionais","og_description":"da Ag\u00eancia iNFRA A ANAC (Ag\u00eancia Nacional de Avia\u00e7\u00e3o Civil) refor\u00e7ou que as normas para transporte de l\u00edquidos em bagagem de m\u00e3o em voos internacionais seguem inalteradas desde 2019, quando foi publicada a Resolu\u00e7\u00e3o 515. O regulamento estabelece crit\u00e9rios padronizados mundialmente para garantir a seguran\u00e7a de passageiros, em conformidade com a Conven\u00e7\u00e3o de Chicago e [&hellip;]","og_url":"https:\/\/agenciainfra.com\/blog\/anac-reforca-regras-para-transporte-de-liquidos-em-voos-internacionais\/","og_site_name":"Ag\u00eancia iNFRA","article_publisher":"https:\/\/www.facebook.com\/ageninfra","article_published_time":"2025-08-25T18:12:23+00:00","article_modified_time":"2025-08-25T18:12:26+00:00","og_image":[{"width":1280,"height":768,"url":"https:\/\/agenciainfra.com\/blog\/wp-content\/uploads\/2025\/06\/aviao-decolagem-foto-dominiopublico-e1749829674231.jpg","type":"image\/jpeg"}],"author":"Ag\u00eancia iNFRA","twitter_card":"summary_large_image","twitter_creator":"@agencia_infra","twitter_site":"@agencia_infra","twitter_misc":{"Escrito por":"Ag\u00eancia iNFRA","Est. tempo de leitura":"2 minutos"},"schema":{"@context":"https:\/\/schema.org","@graph":[{"@type":"Article","@id":"https:\/\/agenciainfra.com\/blog\/anac-reforca-regras-para-transporte-de-liquidos-em-voos-internacionais\/#article","isPartOf":{"@id":"https:\/\/agenciainfra.com\/blog\/anac-reforca-regras-para-transporte-de-liquidos-em-voos-internacionais\/"},"author":{"name":"Ag\u00eancia iNFRA","@id":"https:\/\/agenciainfra.com\/blog\/#\/schema\/person\/34af08dff6adea4cb22b06612ba7acfa"},"headline":"ANAC refor\u00e7a regras para transporte de l\u00edquidos em voos internacionais","datePublished":"2025-08-25T18:12:23+00:00","dateModified":"2025-08-25T18:12:26+00:00","mainEntityOfPage":{"@id":"https:\/\/agenciainfra.com\/blog\/anac-reforca-regras-para-transporte-de-liquidos-em-voos-internacionais\/"},"wordCount":316,"publisher":{"@id":"https:\/\/agenciainfra.com\/blog\/#organization"},"image":{"@id":"https:\/\/agenciainfra.com\/blog\/anac-reforca-regras-para-transporte-de-liquidos-em-voos-internacionais\/#primaryimage"},"thumbnailUrl":"https:\/\/agenciainfra.com\/blog\/wp-content\/uploads\/2025\/06\/aviao-decolagem-foto-dominiopublico-e1749829674231.jpg","keywords":["Aeroporto de Guarulhos","ANAC","OACI","seguran\u00e7a em aeroportos","seguran\u00e7a na avia\u00e7\u00e3o","transporte de l\u00edquidos","voos internacionais"],"articleSection":["Geral","Giro iNFRA"],"inLanguage":"pt-BR","copyrightYear":"2025","copyrightHolder":{"@id":"https:\/\/agenciainfra.com\/blog\/#organization"}},{"@type":"WebPage","@id":"https:\/\/agenciainfra.com\/blog\/anac-reforca-regras-para-transporte-de-liquidos-em-voos-internacionais\/","url":"https:\/\/agenciainfra.com\/blog\/anac-reforca-regras-para-transporte-de-liquidos-em-voos-internacionais\/","name":"ANAC refor\u00e7a regras para transporte de l\u00edquidos em voos internacionais - Ag\u00eancia iNFRA","isPartOf":{"@id":"https:\/\/agenciainfra.com\/blog\/#website"},"primaryImageOfPage":{"@id":"https:\/\/agenciainfra.com\/blog\/anac-reforca-regras-para-transporte-de-liquidos-em-voos-internacionais\/#primaryimage"},"image":{"@id":"https:\/\/agenciainfra.com\/blog\/anac-reforca-regras-para-transporte-de-liquidos-em-voos-internacionais\/#primaryimage"},"thumbnailUrl":"https:\/\/agenciainfra.com\/blog\/wp-content\/uploads\/2025\/06\/aviao-decolagem-foto-dominiopublico-e1749829674231.jpg","datePublished":"2025-08-25T18:12:23+00:00","dateModified":"2025-08-25T18:12:26+00:00","breadcrumb":{"@id":"https:\/\/agenciainfra.com\/blog\/anac-reforca-regras-para-transporte-de-liquidos-em-voos-internacionais\/#breadcrumb"},"inLanguage":"pt-BR","potentialAction":[{"@type":"ReadAction","target":["https:\/\/agenciainfra.com\/blog\/anac-reforca-regras-para-transporte-de-liquidos-em-voos-internacionais\/"]}]},{"@type":"ImageObject","inLanguage":"pt-BR","@id":"https:\/\/agenciainfra.com\/blog\/anac-reforca-regras-para-transporte-de-liquidos-em-voos-internacionais\/#primaryimage","url":"https:\/\/agenciainfra.com\/blog\/wp-content\/uploads\/2025\/06\/aviao-decolagem-foto-dominiopublico-e1749829674231.jpg","contentUrl":"https:\/\/agenciainfra.com\/blog\/wp-content\/uploads\/2025\/06\/aviao-decolagem-foto-dominiopublico-e1749829674231.jpg","width":1280,"height":768,"caption":"Foto: Dom\u00ednio P\u00fablico"},{"@type":"BreadcrumbList","@id":"https:\/\/agenciainfra.com\/blog\/anac-reforca-regras-para-transporte-de-liquidos-em-voos-internacionais\/#breadcrumb","itemListElement":[{"@type":"ListItem","position":1,"name":"In\u00edcio","item":"https:\/\/agenciainfra.com\/blog\/"},{"@type":"ListItem","position":2,"name":"ANAC refor\u00e7a regras para transporte de l\u00edquidos em voos internacionais"}]},{"@type":"WebSite","@id":"https:\/\/agenciainfra.com\/blog\/#website","url":"https:\/\/agenciainfra.com\/blog\/","name":"Ag\u00eancia iNFRA","description":"Multiplataforma de informa\u00e7\u00e3o jornal\u00edstica refer\u00eancia na \u00e1rea de infraestrutura no Brasil!","publisher":{"@id":"https:\/\/agenciainfra.com\/blog\/#organization"},"potentialAction":[{"@type":"SearchAction","target":{"@type":"EntryPoint","urlTemplate":"https:\/\/agenciainfra.com\/blog\/?s={search_term_string}"},"query-input":{"@type":"PropertyValueSpecification","valueRequired":true,"valueName":"search_term_string"}}],"inLanguage":"pt-BR"},{"@type":"Organization","@id":"https:\/\/agenciainfra.com\/blog\/#organization","name":"Ag\u00eancia iNFRA","url":"https:\/\/agenciainfra.com\/blog\/","logo":{"@type":"ImageObject","inLanguage":"pt-BR","@id":"https:\/\/agenciainfra.com\/blog\/#\/schema\/logo\/image\/","url":"https:\/\/agenciainfra.com\/blog\/wp-content\/uploads\/2023\/09\/iNFRA_5-e1761735885940.png","contentUrl":"https:\/\/agenciainfra.com\/blog\/wp-content\/uploads\/2023\/09\/iNFRA_5-e1761735885940.png","width":1672,"height":454,"caption":"Ag\u00eancia iNFRA"},"image":{"@id":"https:\/\/agenciainfra.com\/blog\/#\/schema\/logo\/image\/"},"sameAs":["https:\/\/www.facebook.com\/ageninfra","https:\/\/x.com\/agencia_infra","https:\/\/www.linkedin.com\/company\/ag\u00eanciainfra\/","https:\/\/www.instagram.com\/agenciainfra\/"]},{"@type":"Person","@id":"https:\/\/agenciainfra.com\/blog\/#\/schema\/person\/34af08dff6adea4cb22b06612ba7acfa","name":"Ag\u00eancia iNFRA","image":{"@type":"ImageObject","inLanguage":"pt-BR","@id":"https:\/\/agenciainfra.com\/blog\/#\/schema\/person\/image\/","url":"https:\/\/secure.gravatar.com\/avatar\/d189e01678f06d8eb84d4e01f08eb848b3fffe3f8443818d3c356c66892f5be8?s=96&d=mm&r=g","contentUrl":"https:\/\/secure.gravatar.com\/avatar\/d189e01678f06d8eb84d4e01f08eb848b3fffe3f8443818d3c356c66892f5be8?s=96&d=mm&r=g","caption":"Ag\u00eancia iNFRA"},"url":"https:\/\/agenciainfra.com\/blog\/author\/admin\/"}]}},"_links":{"self":[{"href":"https:\/\/agenciainfra.com\/blog\/wp-json\/wp\/v2\/posts\/26690","targetHints":{"allow":["GET"]}}],"collection":[{"href":"https:\/\/agenciainfra.com\/blog\/wp-json\/wp\/v2\/posts"}],"about":[{"href":"https:\/\/agenciainfra.com\/blog\/wp-json\/wp\/v2\/types\/post"}],"author":[{"embeddable":true,"href":"https:\/\/agenciainfra.com\/blog\/wp-json\/wp\/v2\/users\/1"}],"replies":[{"embeddable":true,"href":"https:\/\/agenciainfra.com\/blog\/wp-json\/wp\/v2\/comments?post=26690"}],"version-history":[{"count":1,"href":"https:\/\/agenciainfra.com\/blog\/wp-json\/wp\/v2\/posts\/26690\/revisions"}],"predecessor-version":[{"id":26691,"href":"https:\/\/agenciainfra.com\/blog\/wp-json\/wp\/v2\/posts\/26690\/revisions\/26691"}],"wp:featuredmedia":[{"embeddable":true,"href":"https:\/\/agenciainfra.com\/blog\/wp-json\/wp\/v2\/media\/22878"}],"wp:attachment":[{"href":"https:\/\/agenciainfra.com\/blog\/wp-json\/wp\/v2\/media?parent=26690"}],"wp:term":[{"taxonomy":"category","embeddable":true,"href":"https:\/\/agenciainfra.com\/blog\/wp-json\/wp\/v2\/categories?post=26690"},{"taxonomy":"post_tag","embeddable":true,"href":"https:\/\/agenciainfra.com\/blog\/wp-json\/wp\/v2\/tags?post=26690"}],"curies":[{"name":"wp","href":"https:\/\/api.w.org\/{rel}","templated":true}]}}