{"id":2671,"date":"2018-12-07T04:00:19","date_gmt":"2018-12-07T07:00:19","guid":{"rendered":"http:\/\/www.agenciainfra.com\/blog\/?p=2671"},"modified":"2018-12-06T21:55:59","modified_gmt":"2018-12-07T00:55:59","slug":"senadores-de-pernambuco-dizem-que-nao-aceitam-transnordestina-primeiro-no-ceara","status":"publish","type":"post","link":"https:\/\/agenciainfra.com\/blog\/senadores-de-pernambuco-dizem-que-nao-aceitam-transnordestina-primeiro-no-ceara\/","title":{"rendered":"Senadores de Pernambuco dizem que n\u00e3o aceitam Transnordestina primeiro no Cear\u00e1"},"content":{"rendered":"<div>\n<h5 style=\"text-align: right;\"><strong>Dimmi Amora,\u00a0da Ag\u00eancia iNFRA<\/strong><\/h5>\n<p>Audi\u00eancia P\u00fablica realizada nesta ter\u00e7a-feira (4) na Comiss\u00e3o de Infraestrutura do Senado mostrou que a tentativa final de salvar a concess\u00e3o da Transnordestina Log\u00edstica vai esbarrar no complexo desafio federativo.<\/p>\n<p>Os tr\u00eas senadores de Pernambuco: Fernando Bezerra (MDB), Armando Monteiro (PTB) e Humberto Costa (PT) disseram que n\u00e3o aceitar\u00e3o o projeto apresentado pela companhia e que est\u00e1, na pr\u00e1tica, referendado pelo governo, de reiniciar a constru\u00e7\u00e3o da ferrovia em m\u00f3dulos, o que vai priorizar a liga\u00e7\u00e3o entre o Piau\u00ed e o Porto de Pec\u00e9m, no Cear\u00e1.<\/p>\n<p>A liga\u00e7\u00e3o com o outro porto, de Suape, em Pernambuco, s\u00f3 estaria conclu\u00edda em 2027. O projeto da concession\u00e1ria foi apresentado\u00a0<a href=\"http:\/\/legis.senado.leg.br\/sdleg-getter\/documento\/download\/cb6baf4a-8014-438a-961d-995e79f186ef\">neste documento<\/a>.<\/p>\n<p>&#8220;Isso \u00e9 inaceit\u00e1vel&#8221;, afirmou Fernando Bezerra que disse que a partir de 2019 vai acompanhar de perto o processo de caducidade da concess\u00e3o que j\u00e1 tramita na ANTT (Ag\u00eancia Nacional de Transportes Terrestres) por descumprimento dos prazos do TAC (Termos de Ajustamento de Conduta) assinado em 2012 entre o governo e a concession\u00e1ria, por ela n\u00e3o ter cumprido o contrato assinado em 2004.<\/p>\n<p>Bezerra era o ministro da pasta de Integra\u00e7\u00e3o Nacional quando o acordo foi assinado. Exaltado, o senador pernambucano afirmou que durante todo o projeto a Transnordestina priorizava o porto de Suape, e somente quando Ciro Gomes, ex-governador do Cear\u00e1, assumiu a dire\u00e7\u00e3o da empresa, \u00e9 que a solu\u00e7\u00e3o foi alterada.<\/p>\n<p>Os diretores da Transnordestina e representantes do governo explicaram que o projeto apresentado pela companhia\u00a0em 2017 tem a l\u00f3gica de retomar o projeto viabilizando um trecho que tem interesse direto de uma companhia com carga de min\u00e9rio, a Bemisa, cuja mina se encontra na cidade de Paulista, no Piau\u00ed.<\/p>\n<p>Com o transporte dessa carga, mais os investimentos de um grupo italiano e posteriormente a libera\u00e7\u00e3o de recursos p\u00fablicos hoje bloqueados por uma decis\u00e3o do TCU, seria poss\u00edvel obter os R$ 6,7 bilh\u00f5es necess\u00e1rios para terminar toda a obra, que j\u00e1 consumiu R$ 6,2 bilh\u00f5es e tem 52% de avan\u00e7o f\u00edsico.<\/p>\n<p>Mas o senador retrucou que, desde 2012, a Bemisa tenta recursos para fazer o projeto de min\u00e9rio de ferro sem sucesso e que n\u00e3o h\u00e1 qualquer garantia de que ela v\u00e1, de fato, explorar a mina. &#8220;Esse projeto \u00e9 baseado em algo que n\u00e3o existe&#8221;, disse Bezerra.<\/p>\n<p><strong>Caducidade\u00a0<\/strong><br \/>\nDino Antunes, secret\u00e1rio de Fomento do minist\u00e9rio dos Transportes, Portos e Avia\u00e7\u00e3o Civil, explicou ainda que a chegada ao Porto de Suape traz mais riscos ao projeto, visto que n\u00e3o h\u00e1 todo o processo de desapropria\u00e7\u00e3o conclu\u00eddo e nem as licen\u00e7as ambientais para a obra.<\/p>\n<p>Pela complexidade que \u00e9, com uma prov\u00e1vel disputa judicial, o governo tem dado prioridade a tentar uma solu\u00e7\u00e3o dentro da concess\u00e3o. No entanto, a representante da ANTT, Lorena Cristina Duarte, disse que o processo que apura as responsabilidades pela inexecu\u00e7\u00e3o do contrato de 2012 vai continuar a ser tocado, o que pode levar \u00e0 declara\u00e7\u00e3o de caducidade da concess\u00e3o.<\/p>\n<p>O representante do TCU, Paulo Pessoa Guerra, informou que o \u00f3rg\u00e3o acompanha o desenrolar desse processo para avaliar que provid\u00eancias podem ser tomadas e tamb\u00e9m se mant\u00e9m ou n\u00e3o a decis\u00e3o cautelar de impedir aportes de recursos p\u00fablicos na constru\u00e7\u00e3o. Ele ressaltou que a decis\u00e3o do tribunal n\u00e3o impede o aporte de recursos privados.<\/p>\n<p>O diretor da empresa, Jorge Luiz de Melo, defendeu a solu\u00e7\u00e3o pela renegocia\u00e7\u00e3o do contrato, mas lembrou que a solu\u00e7\u00e3o com a Bemisa depende do tempo, j\u00e1 que a empresa informou que deseja ter a solu\u00e7\u00e3o ferrovi\u00e1ria em at\u00e9 3 anos.<\/p>\n<p>Ele ressaltou que a CSN, controladora da Transnordestina, j\u00e1 colocou R$ 5 bilh\u00f5es no projeto, sendo R$ 1 bilh\u00e3o em recursos mais de R$ 3,5 bilh\u00f5es em empr\u00e9stimo com\u00a0garantia real. O ex-ministro de Portos Pedro Brito, representante do conselho da CSN, estava na reuni\u00e3o.<\/p>\n<\/div>\n","protected":false},"excerpt":{"rendered":"<p>Dimmi Amora,\u00a0da Ag\u00eancia iNFRA Audi\u00eancia P\u00fablica realizada nesta ter\u00e7a-feira (4) na Comiss\u00e3o de Infraestrutura do Senado mostrou que a tentativa final de salvar a concess\u00e3o da Transnordestina Log\u00edstica vai esbarrar no complexo desafio federativo. Os tr\u00eas senadores de Pernambuco: Fernando Bezerra (MDB), Armando Monteiro (PTB) e Humberto Costa (PT) disseram que n\u00e3o aceitar\u00e3o o projeto [&hellip;]<\/p>\n","protected":false},"author":1,"featured_media":0,"comment_status":"closed","ping_status":"open","sticky":false,"template":"","format":"standard","meta":{"_monsterinsights_skip_tracking":false,"_monsterinsights_sitenote_active":false,"_monsterinsights_sitenote_note":"","_monsterinsights_sitenote_category":0,"footnotes":""},"categories":[7],"tags":[19,693,79,34,662,253,18,504],"class_list":["post-2671","post","type-post","status-publish","format-standard","hentry","category-infratransporte","tag-antt","tag-csn","tag-ferrovia","tag-infraestrutura","tag-pecem","tag-suape","tag-tcu","tag-transnordestina"],"yoast_head":"<!-- This site is optimized with the Yoast SEO Premium plugin v25.4 (Yoast SEO v26.0) - https:\/\/yoast.com\/wordpress\/plugins\/seo\/ -->\n<title>Senadores de Pernambuco dizem que n\u00e3o aceitam Transnordestina primeiro no Cear\u00e1 - Ag\u00eancia iNFRA<\/title>\n<meta name=\"robots\" content=\"index, follow, max-snippet:-1, max-image-preview:large, max-video-preview:-1\" \/>\n<link rel=\"canonical\" href=\"https:\/\/agenciainfra.com\/blog\/senadores-de-pernambuco-dizem-que-nao-aceitam-transnordestina-primeiro-no-ceara\/\" \/>\n<meta property=\"og:locale\" content=\"pt_BR\" \/>\n<meta property=\"og:type\" content=\"article\" \/>\n<meta property=\"og:title\" content=\"Senadores de Pernambuco dizem que n\u00e3o aceitam Transnordestina primeiro no Cear\u00e1\" \/>\n<meta property=\"og:description\" content=\"Dimmi Amora,\u00a0da Ag\u00eancia iNFRA Audi\u00eancia P\u00fablica realizada nesta ter\u00e7a-feira (4) na Comiss\u00e3o de Infraestrutura do Senado mostrou que a tentativa final de salvar a concess\u00e3o da Transnordestina Log\u00edstica vai esbarrar no complexo desafio federativo. Os tr\u00eas senadores de Pernambuco: Fernando Bezerra (MDB), Armando Monteiro (PTB) e Humberto Costa (PT) disseram que n\u00e3o aceitar\u00e3o o projeto [&hellip;]\" \/>\n<meta property=\"og:url\" content=\"https:\/\/agenciainfra.com\/blog\/senadores-de-pernambuco-dizem-que-nao-aceitam-transnordestina-primeiro-no-ceara\/\" \/>\n<meta property=\"og:site_name\" content=\"Ag\u00eancia iNFRA\" \/>\n<meta property=\"article:publisher\" content=\"https:\/\/www.facebook.com\/ageninfra\" \/>\n<meta property=\"article:published_time\" content=\"2018-12-07T07:00:19+00:00\" \/>\n<meta property=\"og:image\" content=\"https:\/\/agenciainfra.com\/blog\/wp-content\/uploads\/2018\/08\/ferrovia_divulgacao_mtpa_10072018.jpg\" \/>\n\t<meta property=\"og:image:width\" content=\"640\" \/>\n\t<meta property=\"og:image:height\" content=\"427\" \/>\n\t<meta property=\"og:image:type\" content=\"image\/jpeg\" \/>\n<meta name=\"author\" content=\"Ag\u00eancia iNFRA\" \/>\n<meta name=\"twitter:card\" content=\"summary_large_image\" \/>\n<meta name=\"twitter:creator\" content=\"@agencia_infra\" \/>\n<meta name=\"twitter:site\" content=\"@agencia_infra\" \/>\n<meta name=\"twitter:label1\" content=\"Escrito por\" \/>\n\t<meta name=\"twitter:data1\" content=\"Ag\u00eancia iNFRA\" \/>\n\t<meta name=\"twitter:label2\" content=\"Est. tempo de leitura\" \/>\n\t<meta name=\"twitter:data2\" content=\"3 minutos\" \/>\n<script type=\"application\/ld+json\" class=\"yoast-schema-graph\">{\"@context\":\"https:\/\/schema.org\",\"@graph\":[{\"@type\":\"Article\",\"@id\":\"https:\/\/agenciainfra.com\/blog\/senadores-de-pernambuco-dizem-que-nao-aceitam-transnordestina-primeiro-no-ceara\/#article\",\"isPartOf\":{\"@id\":\"https:\/\/agenciainfra.com\/blog\/senadores-de-pernambuco-dizem-que-nao-aceitam-transnordestina-primeiro-no-ceara\/\"},\"author\":{\"name\":\"Ag\u00eancia iNFRA\",\"@id\":\"https:\/\/agenciainfra.com\/blog\/#\/schema\/person\/34af08dff6adea4cb22b06612ba7acfa\"},\"headline\":\"Senadores de Pernambuco dizem que n\u00e3o aceitam Transnordestina primeiro no Cear\u00e1\",\"datePublished\":\"2018-12-07T07:00:19+00:00\",\"mainEntityOfPage\":{\"@id\":\"https:\/\/agenciainfra.com\/blog\/senadores-de-pernambuco-dizem-que-nao-aceitam-transnordestina-primeiro-no-ceara\/\"},\"wordCount\":685,\"publisher\":{\"@id\":\"https:\/\/agenciainfra.com\/blog\/#organization\"},\"keywords\":[\"ANTT\",\"CSN\",\"Ferrovia\",\"Infraestrutura\",\"Pec\u00e9m\",\"Suape\",\"TCU\",\"Transnordestina\"],\"articleSection\":[\"iNFRATransporte\"],\"inLanguage\":\"pt-BR\",\"copyrightYear\":\"2018\",\"copyrightHolder\":{\"@id\":\"https:\/\/agenciainfra.com\/blog\/#organization\"}},{\"@type\":\"WebPage\",\"@id\":\"https:\/\/agenciainfra.com\/blog\/senadores-de-pernambuco-dizem-que-nao-aceitam-transnordestina-primeiro-no-ceara\/\",\"url\":\"https:\/\/agenciainfra.com\/blog\/senadores-de-pernambuco-dizem-que-nao-aceitam-transnordestina-primeiro-no-ceara\/\",\"name\":\"Senadores de Pernambuco dizem que n\u00e3o aceitam Transnordestina primeiro no Cear\u00e1 - Ag\u00eancia iNFRA\",\"isPartOf\":{\"@id\":\"https:\/\/agenciainfra.com\/blog\/#website\"},\"datePublished\":\"2018-12-07T07:00:19+00:00\",\"breadcrumb\":{\"@id\":\"https:\/\/agenciainfra.com\/blog\/senadores-de-pernambuco-dizem-que-nao-aceitam-transnordestina-primeiro-no-ceara\/#breadcrumb\"},\"inLanguage\":\"pt-BR\",\"potentialAction\":[{\"@type\":\"ReadAction\",\"target\":[\"https:\/\/agenciainfra.com\/blog\/senadores-de-pernambuco-dizem-que-nao-aceitam-transnordestina-primeiro-no-ceara\/\"]}]},{\"@type\":\"BreadcrumbList\",\"@id\":\"https:\/\/agenciainfra.com\/blog\/senadores-de-pernambuco-dizem-que-nao-aceitam-transnordestina-primeiro-no-ceara\/#breadcrumb\",\"itemListElement\":[{\"@type\":\"ListItem\",\"position\":1,\"name\":\"In\u00edcio\",\"item\":\"https:\/\/agenciainfra.com\/blog\/\"},{\"@type\":\"ListItem\",\"position\":2,\"name\":\"Senadores de Pernambuco dizem que n\u00e3o aceitam Transnordestina primeiro no Cear\u00e1\"}]},{\"@type\":\"WebSite\",\"@id\":\"https:\/\/agenciainfra.com\/blog\/#website\",\"url\":\"https:\/\/agenciainfra.com\/blog\/\",\"name\":\"Ag\u00eancia iNFRA\",\"description\":\"Multiplataforma de informa\u00e7\u00e3o jornal\u00edstica refer\u00eancia na \u00e1rea de infraestrutura no Brasil!\",\"publisher\":{\"@id\":\"https:\/\/agenciainfra.com\/blog\/#organization\"},\"potentialAction\":[{\"@type\":\"SearchAction\",\"target\":{\"@type\":\"EntryPoint\",\"urlTemplate\":\"https:\/\/agenciainfra.com\/blog\/?s={search_term_string}\"},\"query-input\":{\"@type\":\"PropertyValueSpecification\",\"valueRequired\":true,\"valueName\":\"search_term_string\"}}],\"inLanguage\":\"pt-BR\"},{\"@type\":\"Organization\",\"@id\":\"https:\/\/agenciainfra.com\/blog\/#organization\",\"name\":\"Ag\u00eancia iNFRA\",\"url\":\"https:\/\/agenciainfra.com\/blog\/\",\"logo\":{\"@type\":\"ImageObject\",\"inLanguage\":\"pt-BR\",\"@id\":\"https:\/\/agenciainfra.com\/blog\/#\/schema\/logo\/image\/\",\"url\":\"https:\/\/agenciainfra.com\/blog\/wp-content\/uploads\/2023\/09\/iNFRA_5-e1761735885940.png\",\"contentUrl\":\"https:\/\/agenciainfra.com\/blog\/wp-content\/uploads\/2023\/09\/iNFRA_5-e1761735885940.png\",\"width\":1672,\"height\":454,\"caption\":\"Ag\u00eancia iNFRA\"},\"image\":{\"@id\":\"https:\/\/agenciainfra.com\/blog\/#\/schema\/logo\/image\/\"},\"sameAs\":[\"https:\/\/www.facebook.com\/ageninfra\",\"https:\/\/x.com\/agencia_infra\",\"https:\/\/www.linkedin.com\/company\/ag\u00eanciainfra\/\",\"https:\/\/www.instagram.com\/agenciainfra\/\"]},{\"@type\":\"Person\",\"@id\":\"https:\/\/agenciainfra.com\/blog\/#\/schema\/person\/34af08dff6adea4cb22b06612ba7acfa\",\"name\":\"Ag\u00eancia iNFRA\",\"image\":{\"@type\":\"ImageObject\",\"inLanguage\":\"pt-BR\",\"@id\":\"https:\/\/agenciainfra.com\/blog\/#\/schema\/person\/image\/\",\"url\":\"https:\/\/secure.gravatar.com\/avatar\/d189e01678f06d8eb84d4e01f08eb848b3fffe3f8443818d3c356c66892f5be8?s=96&d=mm&r=g\",\"contentUrl\":\"https:\/\/secure.gravatar.com\/avatar\/d189e01678f06d8eb84d4e01f08eb848b3fffe3f8443818d3c356c66892f5be8?s=96&d=mm&r=g\",\"caption\":\"Ag\u00eancia iNFRA\"},\"url\":\"https:\/\/agenciainfra.com\/blog\/author\/admin\/\"}]}<\/script>\n<!-- \/ Yoast SEO Premium plugin. -->","yoast_head_json":{"title":"Senadores de Pernambuco dizem que n\u00e3o aceitam Transnordestina primeiro no Cear\u00e1 - Ag\u00eancia iNFRA","robots":{"index":"index","follow":"follow","max-snippet":"max-snippet:-1","max-image-preview":"max-image-preview:large","max-video-preview":"max-video-preview:-1"},"canonical":"https:\/\/agenciainfra.com\/blog\/senadores-de-pernambuco-dizem-que-nao-aceitam-transnordestina-primeiro-no-ceara\/","og_locale":"pt_BR","og_type":"article","og_title":"Senadores de Pernambuco dizem que n\u00e3o aceitam Transnordestina primeiro no Cear\u00e1","og_description":"Dimmi Amora,\u00a0da Ag\u00eancia iNFRA Audi\u00eancia P\u00fablica realizada nesta ter\u00e7a-feira (4) na Comiss\u00e3o de Infraestrutura do Senado mostrou que a tentativa final de salvar a concess\u00e3o da Transnordestina Log\u00edstica vai esbarrar no complexo desafio federativo. Os tr\u00eas senadores de Pernambuco: Fernando Bezerra (MDB), Armando Monteiro (PTB) e Humberto Costa (PT) disseram que n\u00e3o aceitar\u00e3o o projeto [&hellip;]","og_url":"https:\/\/agenciainfra.com\/blog\/senadores-de-pernambuco-dizem-que-nao-aceitam-transnordestina-primeiro-no-ceara\/","og_site_name":"Ag\u00eancia iNFRA","article_publisher":"https:\/\/www.facebook.com\/ageninfra","article_published_time":"2018-12-07T07:00:19+00:00","og_image":[{"width":640,"height":427,"url":"https:\/\/agenciainfra.com\/blog\/wp-content\/uploads\/2018\/08\/ferrovia_divulgacao_mtpa_10072018.jpg","type":"image\/jpeg"}],"author":"Ag\u00eancia iNFRA","twitter_card":"summary_large_image","twitter_creator":"@agencia_infra","twitter_site":"@agencia_infra","twitter_misc":{"Escrito por":"Ag\u00eancia iNFRA","Est. tempo de leitura":"3 minutos"},"schema":{"@context":"https:\/\/schema.org","@graph":[{"@type":"Article","@id":"https:\/\/agenciainfra.com\/blog\/senadores-de-pernambuco-dizem-que-nao-aceitam-transnordestina-primeiro-no-ceara\/#article","isPartOf":{"@id":"https:\/\/agenciainfra.com\/blog\/senadores-de-pernambuco-dizem-que-nao-aceitam-transnordestina-primeiro-no-ceara\/"},"author":{"name":"Ag\u00eancia iNFRA","@id":"https:\/\/agenciainfra.com\/blog\/#\/schema\/person\/34af08dff6adea4cb22b06612ba7acfa"},"headline":"Senadores de Pernambuco dizem que n\u00e3o aceitam Transnordestina primeiro no Cear\u00e1","datePublished":"2018-12-07T07:00:19+00:00","mainEntityOfPage":{"@id":"https:\/\/agenciainfra.com\/blog\/senadores-de-pernambuco-dizem-que-nao-aceitam-transnordestina-primeiro-no-ceara\/"},"wordCount":685,"publisher":{"@id":"https:\/\/agenciainfra.com\/blog\/#organization"},"keywords":["ANTT","CSN","Ferrovia","Infraestrutura","Pec\u00e9m","Suape","TCU","Transnordestina"],"articleSection":["iNFRATransporte"],"inLanguage":"pt-BR","copyrightYear":"2018","copyrightHolder":{"@id":"https:\/\/agenciainfra.com\/blog\/#organization"}},{"@type":"WebPage","@id":"https:\/\/agenciainfra.com\/blog\/senadores-de-pernambuco-dizem-que-nao-aceitam-transnordestina-primeiro-no-ceara\/","url":"https:\/\/agenciainfra.com\/blog\/senadores-de-pernambuco-dizem-que-nao-aceitam-transnordestina-primeiro-no-ceara\/","name":"Senadores de Pernambuco dizem que n\u00e3o aceitam Transnordestina primeiro no Cear\u00e1 - Ag\u00eancia iNFRA","isPartOf":{"@id":"https:\/\/agenciainfra.com\/blog\/#website"},"datePublished":"2018-12-07T07:00:19+00:00","breadcrumb":{"@id":"https:\/\/agenciainfra.com\/blog\/senadores-de-pernambuco-dizem-que-nao-aceitam-transnordestina-primeiro-no-ceara\/#breadcrumb"},"inLanguage":"pt-BR","potentialAction":[{"@type":"ReadAction","target":["https:\/\/agenciainfra.com\/blog\/senadores-de-pernambuco-dizem-que-nao-aceitam-transnordestina-primeiro-no-ceara\/"]}]},{"@type":"BreadcrumbList","@id":"https:\/\/agenciainfra.com\/blog\/senadores-de-pernambuco-dizem-que-nao-aceitam-transnordestina-primeiro-no-ceara\/#breadcrumb","itemListElement":[{"@type":"ListItem","position":1,"name":"In\u00edcio","item":"https:\/\/agenciainfra.com\/blog\/"},{"@type":"ListItem","position":2,"name":"Senadores de Pernambuco dizem que n\u00e3o aceitam Transnordestina primeiro no Cear\u00e1"}]},{"@type":"WebSite","@id":"https:\/\/agenciainfra.com\/blog\/#website","url":"https:\/\/agenciainfra.com\/blog\/","name":"Ag\u00eancia iNFRA","description":"Multiplataforma de informa\u00e7\u00e3o jornal\u00edstica refer\u00eancia na \u00e1rea de infraestrutura no Brasil!","publisher":{"@id":"https:\/\/agenciainfra.com\/blog\/#organization"},"potentialAction":[{"@type":"SearchAction","target":{"@type":"EntryPoint","urlTemplate":"https:\/\/agenciainfra.com\/blog\/?s={search_term_string}"},"query-input":{"@type":"PropertyValueSpecification","valueRequired":true,"valueName":"search_term_string"}}],"inLanguage":"pt-BR"},{"@type":"Organization","@id":"https:\/\/agenciainfra.com\/blog\/#organization","name":"Ag\u00eancia iNFRA","url":"https:\/\/agenciainfra.com\/blog\/","logo":{"@type":"ImageObject","inLanguage":"pt-BR","@id":"https:\/\/agenciainfra.com\/blog\/#\/schema\/logo\/image\/","url":"https:\/\/agenciainfra.com\/blog\/wp-content\/uploads\/2023\/09\/iNFRA_5-e1761735885940.png","contentUrl":"https:\/\/agenciainfra.com\/blog\/wp-content\/uploads\/2023\/09\/iNFRA_5-e1761735885940.png","width":1672,"height":454,"caption":"Ag\u00eancia iNFRA"},"image":{"@id":"https:\/\/agenciainfra.com\/blog\/#\/schema\/logo\/image\/"},"sameAs":["https:\/\/www.facebook.com\/ageninfra","https:\/\/x.com\/agencia_infra","https:\/\/www.linkedin.com\/company\/ag\u00eanciainfra\/","https:\/\/www.instagram.com\/agenciainfra\/"]},{"@type":"Person","@id":"https:\/\/agenciainfra.com\/blog\/#\/schema\/person\/34af08dff6adea4cb22b06612ba7acfa","name":"Ag\u00eancia iNFRA","image":{"@type":"ImageObject","inLanguage":"pt-BR","@id":"https:\/\/agenciainfra.com\/blog\/#\/schema\/person\/image\/","url":"https:\/\/secure.gravatar.com\/avatar\/d189e01678f06d8eb84d4e01f08eb848b3fffe3f8443818d3c356c66892f5be8?s=96&d=mm&r=g","contentUrl":"https:\/\/secure.gravatar.com\/avatar\/d189e01678f06d8eb84d4e01f08eb848b3fffe3f8443818d3c356c66892f5be8?s=96&d=mm&r=g","caption":"Ag\u00eancia iNFRA"},"url":"https:\/\/agenciainfra.com\/blog\/author\/admin\/"}]}},"_links":{"self":[{"href":"https:\/\/agenciainfra.com\/blog\/wp-json\/wp\/v2\/posts\/2671","targetHints":{"allow":["GET"]}}],"collection":[{"href":"https:\/\/agenciainfra.com\/blog\/wp-json\/wp\/v2\/posts"}],"about":[{"href":"https:\/\/agenciainfra.com\/blog\/wp-json\/wp\/v2\/types\/post"}],"author":[{"embeddable":true,"href":"https:\/\/agenciainfra.com\/blog\/wp-json\/wp\/v2\/users\/1"}],"replies":[{"embeddable":true,"href":"https:\/\/agenciainfra.com\/blog\/wp-json\/wp\/v2\/comments?post=2671"}],"version-history":[{"count":0,"href":"https:\/\/agenciainfra.com\/blog\/wp-json\/wp\/v2\/posts\/2671\/revisions"}],"wp:attachment":[{"href":"https:\/\/agenciainfra.com\/blog\/wp-json\/wp\/v2\/media?parent=2671"}],"wp:term":[{"taxonomy":"category","embeddable":true,"href":"https:\/\/agenciainfra.com\/blog\/wp-json\/wp\/v2\/categories?post=2671"},{"taxonomy":"post_tag","embeddable":true,"href":"https:\/\/agenciainfra.com\/blog\/wp-json\/wp\/v2\/tags?post=2671"}],"curies":[{"name":"wp","href":"https:\/\/api.w.org\/{rel}","templated":true}]}}