{"id":26711,"date":"2025-08-25T21:35:22","date_gmt":"2025-08-26T00:35:22","guid":{"rendered":"https:\/\/agenciainfra.com\/blog\/?p=26711"},"modified":"2025-08-26T18:09:59","modified_gmt":"2025-08-26T21:09:59","slug":"ppsa-leilao-de-areas-nao-contratadas-acontecera-em-4-de-dezembro","status":"publish","type":"post","link":"https:\/\/agenciainfra.com\/blog\/ppsa-leilao-de-areas-nao-contratadas-acontecera-em-4-de-dezembro\/","title":{"rendered":"PPSA: Leil\u00e3o de \u00e1reas n\u00e3o contratadas acontecer\u00e1 em 4 de dezembro"},"content":{"rendered":"\n<p class=\"has-text-align-right\"><strong>Gabriel Vasconcelos, da Ag\u00eancia iNFRA<\/strong><\/p>\n\n\n\n<p>O leil\u00e3o das chamadas \u00e1reas n\u00e3o contratadas do pr\u00e9-sal teve edital publicado na noite desta segunda-feira (25) e vai acontecer em 4 de dezembro, na B3, em S\u00e3o Paulo, informou a PPSA (Pr\u00e9-Sal Petr\u00f3leo), estatal que gere a parcela da produ\u00e7\u00e3o pertencente \u00e0 Uni\u00e3o.<\/p>\n\n\n\n<p>\u00c9 o caso da produ\u00e7\u00e3o de petr\u00f3leo e g\u00e1s relativa \u00e0s partes da jazida dos campos de Mero, Tupi e Atapu que ultrapassam os limites de blocos j\u00e1 leiloados no passado e que, por isso, n\u00e3o pertencem \u00e0s concession\u00e1rias desse bloco, mas \u00e0 Uni\u00e3o. Trata-se de 3,5% de Mero, 0,5% de Tupi e 0,9% de Atapu, informou a PPSA. Esse tr\u00eas campos est\u00e3o entre os seis mais produtivos do pa\u00eds na atualidade, segundo dados da ANP (Ag\u00eancia Nacional do Petr\u00f3leo, G\u00e1s Natural e Biocombust\u00edveis).<\/p>\n\n\n\n<p>O leil\u00e3o desse \u00f3leo garantido, j\u00e1 em produ\u00e7\u00e3o, tem arrecada\u00e7\u00e3o relevante, estimada em R$ 14,78 bilh\u00f5es pelo governo ferderal. A sess\u00e3o p\u00fablica estava inicialmente prevista para 26 de novembro, mas acabou postergada por oito dias, para o in\u00edcio de dezembro.<\/p>\n\n\n\n<p>Os tr\u00eas campos s\u00e3o operados pela Petrobras e t\u00eam como parceiros a anglo-holandesa Shell, a francesa TotalEnergies, as chinesas CNODC e CNOOC, al\u00e9m da portuguesa Galp. Segundo fontes do mercado, por j\u00e1 conhecerem os ativos, estas s\u00e3o as empresas favoritas na disputa pelas parcelas adicionais.<\/p>\n\n\n\n<p><strong>Semin\u00e1rio de apresenta\u00e7\u00e3o<br><\/strong>A PPSA vai realizar um semin\u00e1rio de lan\u00e7amento do leil\u00e3o em 1\u00ba de setembro. Depois, de 9 de setembro a 5 de novembro, a PPSA vai disponibilizar um pacote de dados h\u00edbrido sobre as jazidas e vai deixar aberta aos interessados, at\u00e9 8 de setembro, a possibilidade de contribuir para as regras do edital e reda\u00e7\u00e3o dos contratos.<\/p>\n\n\n\n<p>\u201cEstamos oferecendo ao mercado ativos de classe mundial, localizados no cora\u00e7\u00e3o do pr\u00e9-sal brasileiro, uma das prov\u00edncias petrol\u00edferas mais produtivas do mundo. Trata-se de uma oportunidade rara: todos os campos est\u00e3o em opera\u00e7\u00e3o, com po\u00e7os de alt\u00edssima produtividade e reservas expressivas. Certamente atrairemos investidores que buscam ativos em opera\u00e7\u00e3o de alta performance, com fundamentos comprovados e potencial de crescimento\u201d, disse em nota o diretor-presidente da PPSA, Luis Fernando Paroli.<\/p>\n\n\n\n<p><\/p>\n","protected":false},"excerpt":{"rendered":"<p>Gabriel Vasconcelos, da Ag\u00eancia iNFRA O leil\u00e3o das chamadas \u00e1reas n\u00e3o contratadas do pr\u00e9-sal teve edital publicado na noite desta segunda-feira (25) e vai acontecer em 4 de dezembro, na B3, em S\u00e3o Paulo, informou a PPSA (Pr\u00e9-Sal Petr\u00f3leo), estatal que gere a parcela da produ\u00e7\u00e3o pertencente \u00e0 Uni\u00e3o. \u00c9 o caso da produ\u00e7\u00e3o de [&hellip;]<\/p>\n","protected":false},"author":1,"featured_media":22269,"comment_status":"closed","ping_status":"closed","sticky":false,"template":"","format":"standard","meta":{"_monsterinsights_skip_tracking":false,"_monsterinsights_sitenote_active":false,"_monsterinsights_sitenote_note":"","_monsterinsights_sitenote_category":0,"footnotes":""},"categories":[7250,1,13271],"tags":[14714,14965,13251,254,3030,344],"class_list":["post-26711","post","type-post","status-publish","format-standard","has-post-thumbnail","hentry","category-destaque-lista","category-geral","category-oleo-gas","tag-campo-de-atapu","tag-campo-de-mero","tag-gabriel-vasconcelos","tag-leilao","tag-ppsa","tag-pre-sal"],"yoast_head":"<!-- This site is optimized with the Yoast SEO Premium plugin v25.4 (Yoast SEO v26.0) - https:\/\/yoast.com\/wordpress\/plugins\/seo\/ -->\n<title>PPSA: Leil\u00e3o de \u00e1reas n\u00e3o contratadas acontecer\u00e1 em 4 de dezembro - Ag\u00eancia iNFRA<\/title>\n<meta name=\"robots\" content=\"index, follow, max-snippet:-1, max-image-preview:large, max-video-preview:-1\" \/>\n<link rel=\"canonical\" href=\"https:\/\/agenciainfra.com\/blog\/ppsa-leilao-de-areas-nao-contratadas-acontecera-em-4-de-dezembro\/\" \/>\n<meta property=\"og:locale\" content=\"pt_BR\" \/>\n<meta property=\"og:type\" content=\"article\" \/>\n<meta property=\"og:title\" content=\"PPSA: Leil\u00e3o de \u00e1reas n\u00e3o contratadas acontecer\u00e1 em 4 de dezembro\" \/>\n<meta property=\"og:description\" content=\"Gabriel Vasconcelos, da Ag\u00eancia iNFRA O leil\u00e3o das chamadas \u00e1reas n\u00e3o contratadas do pr\u00e9-sal teve edital publicado na noite desta segunda-feira (25) e vai acontecer em 4 de dezembro, na B3, em S\u00e3o Paulo, informou a PPSA (Pr\u00e9-Sal Petr\u00f3leo), estatal que gere a parcela da produ\u00e7\u00e3o pertencente \u00e0 Uni\u00e3o. \u00c9 o caso da produ\u00e7\u00e3o de [&hellip;]\" \/>\n<meta property=\"og:url\" content=\"https:\/\/agenciainfra.com\/blog\/ppsa-leilao-de-areas-nao-contratadas-acontecera-em-4-de-dezembro\/\" \/>\n<meta property=\"og:site_name\" content=\"Ag\u00eancia iNFRA\" \/>\n<meta property=\"article:publisher\" content=\"https:\/\/www.facebook.com\/ageninfra\" \/>\n<meta property=\"article:published_time\" content=\"2025-08-26T00:35:22+00:00\" \/>\n<meta property=\"article:modified_time\" content=\"2025-08-26T21:09:59+00:00\" \/>\n<meta property=\"og:image\" content=\"https:\/\/agenciainfra.com\/blog\/wp-content\/uploads\/2025\/05\/pre-sal-foto-divulgacao-petrobras.jpg\" \/>\n\t<meta property=\"og:image:width\" content=\"1280\" \/>\n\t<meta property=\"og:image:height\" content=\"849\" \/>\n\t<meta property=\"og:image:type\" content=\"image\/jpeg\" \/>\n<meta name=\"author\" content=\"Ag\u00eancia iNFRA\" \/>\n<meta name=\"twitter:card\" content=\"summary_large_image\" \/>\n<meta name=\"twitter:creator\" content=\"@agencia_infra\" \/>\n<meta name=\"twitter:site\" content=\"@agencia_infra\" \/>\n<meta name=\"twitter:label1\" content=\"Escrito por\" \/>\n\t<meta name=\"twitter:data1\" content=\"Ag\u00eancia iNFRA\" \/>\n\t<meta name=\"twitter:label2\" content=\"Est. tempo de leitura\" \/>\n\t<meta name=\"twitter:data2\" content=\"2 minutos\" \/>\n<script type=\"application\/ld+json\" class=\"yoast-schema-graph\">{\"@context\":\"https:\/\/schema.org\",\"@graph\":[{\"@type\":\"Article\",\"@id\":\"https:\/\/agenciainfra.com\/blog\/ppsa-leilao-de-areas-nao-contratadas-acontecera-em-4-de-dezembro\/#article\",\"isPartOf\":{\"@id\":\"https:\/\/agenciainfra.com\/blog\/ppsa-leilao-de-areas-nao-contratadas-acontecera-em-4-de-dezembro\/\"},\"author\":{\"name\":\"Ag\u00eancia iNFRA\",\"@id\":\"https:\/\/agenciainfra.com\/blog\/#\/schema\/person\/34af08dff6adea4cb22b06612ba7acfa\"},\"headline\":\"PPSA: Leil\u00e3o de \u00e1reas n\u00e3o contratadas acontecer\u00e1 em 4 de dezembro\",\"datePublished\":\"2025-08-26T00:35:22+00:00\",\"dateModified\":\"2025-08-26T21:09:59+00:00\",\"mainEntityOfPage\":{\"@id\":\"https:\/\/agenciainfra.com\/blog\/ppsa-leilao-de-areas-nao-contratadas-acontecera-em-4-de-dezembro\/\"},\"wordCount\":396,\"publisher\":{\"@id\":\"https:\/\/agenciainfra.com\/blog\/#organization\"},\"image\":{\"@id\":\"https:\/\/agenciainfra.com\/blog\/ppsa-leilao-de-areas-nao-contratadas-acontecera-em-4-de-dezembro\/#primaryimage\"},\"thumbnailUrl\":\"https:\/\/agenciainfra.com\/blog\/wp-content\/uploads\/2025\/05\/pre-sal-foto-divulgacao-petrobras.jpg\",\"keywords\":[\"campo de Atapu\",\"campo de mero\",\"Gabriel Vasconcelos\",\"leil\u00e3o\",\"PPSA\",\"pr\u00e9-sal\"],\"articleSection\":[\"Destaque lista\",\"Geral\",\"\u00d3leo &amp; G\u00e1s\"],\"inLanguage\":\"pt-BR\",\"copyrightYear\":\"2025\",\"copyrightHolder\":{\"@id\":\"https:\/\/agenciainfra.com\/blog\/#organization\"}},{\"@type\":\"WebPage\",\"@id\":\"https:\/\/agenciainfra.com\/blog\/ppsa-leilao-de-areas-nao-contratadas-acontecera-em-4-de-dezembro\/\",\"url\":\"https:\/\/agenciainfra.com\/blog\/ppsa-leilao-de-areas-nao-contratadas-acontecera-em-4-de-dezembro\/\",\"name\":\"PPSA: Leil\u00e3o de \u00e1reas n\u00e3o contratadas acontecer\u00e1 em 4 de dezembro - Ag\u00eancia iNFRA\",\"isPartOf\":{\"@id\":\"https:\/\/agenciainfra.com\/blog\/#website\"},\"primaryImageOfPage\":{\"@id\":\"https:\/\/agenciainfra.com\/blog\/ppsa-leilao-de-areas-nao-contratadas-acontecera-em-4-de-dezembro\/#primaryimage\"},\"image\":{\"@id\":\"https:\/\/agenciainfra.com\/blog\/ppsa-leilao-de-areas-nao-contratadas-acontecera-em-4-de-dezembro\/#primaryimage\"},\"thumbnailUrl\":\"https:\/\/agenciainfra.com\/blog\/wp-content\/uploads\/2025\/05\/pre-sal-foto-divulgacao-petrobras.jpg\",\"datePublished\":\"2025-08-26T00:35:22+00:00\",\"dateModified\":\"2025-08-26T21:09:59+00:00\",\"breadcrumb\":{\"@id\":\"https:\/\/agenciainfra.com\/blog\/ppsa-leilao-de-areas-nao-contratadas-acontecera-em-4-de-dezembro\/#breadcrumb\"},\"inLanguage\":\"pt-BR\",\"potentialAction\":[{\"@type\":\"ReadAction\",\"target\":[\"https:\/\/agenciainfra.com\/blog\/ppsa-leilao-de-areas-nao-contratadas-acontecera-em-4-de-dezembro\/\"]}]},{\"@type\":\"ImageObject\",\"inLanguage\":\"pt-BR\",\"@id\":\"https:\/\/agenciainfra.com\/blog\/ppsa-leilao-de-areas-nao-contratadas-acontecera-em-4-de-dezembro\/#primaryimage\",\"url\":\"https:\/\/agenciainfra.com\/blog\/wp-content\/uploads\/2025\/05\/pre-sal-foto-divulgacao-petrobras.jpg\",\"contentUrl\":\"https:\/\/agenciainfra.com\/blog\/wp-content\/uploads\/2025\/05\/pre-sal-foto-divulgacao-petrobras.jpg\",\"width\":1280,\"height\":849,\"caption\":\"Foto: Petrobras\/Divulga\u00e7\u00e3o\"},{\"@type\":\"BreadcrumbList\",\"@id\":\"https:\/\/agenciainfra.com\/blog\/ppsa-leilao-de-areas-nao-contratadas-acontecera-em-4-de-dezembro\/#breadcrumb\",\"itemListElement\":[{\"@type\":\"ListItem\",\"position\":1,\"name\":\"In\u00edcio\",\"item\":\"https:\/\/agenciainfra.com\/blog\/\"},{\"@type\":\"ListItem\",\"position\":2,\"name\":\"PPSA: Leil\u00e3o de \u00e1reas n\u00e3o contratadas acontecer\u00e1 em 4 de dezembro\"}]},{\"@type\":\"WebSite\",\"@id\":\"https:\/\/agenciainfra.com\/blog\/#website\",\"url\":\"https:\/\/agenciainfra.com\/blog\/\",\"name\":\"Ag\u00eancia iNFRA\",\"description\":\"Multiplataforma de informa\u00e7\u00e3o jornal\u00edstica refer\u00eancia na \u00e1rea de infraestrutura no Brasil!\",\"publisher\":{\"@id\":\"https:\/\/agenciainfra.com\/blog\/#organization\"},\"potentialAction\":[{\"@type\":\"SearchAction\",\"target\":{\"@type\":\"EntryPoint\",\"urlTemplate\":\"https:\/\/agenciainfra.com\/blog\/?s={search_term_string}\"},\"query-input\":{\"@type\":\"PropertyValueSpecification\",\"valueRequired\":true,\"valueName\":\"search_term_string\"}}],\"inLanguage\":\"pt-BR\"},{\"@type\":\"Organization\",\"@id\":\"https:\/\/agenciainfra.com\/blog\/#organization\",\"name\":\"Ag\u00eancia iNFRA\",\"url\":\"https:\/\/agenciainfra.com\/blog\/\",\"logo\":{\"@type\":\"ImageObject\",\"inLanguage\":\"pt-BR\",\"@id\":\"https:\/\/agenciainfra.com\/blog\/#\/schema\/logo\/image\/\",\"url\":\"https:\/\/agenciainfra.com\/blog\/wp-content\/uploads\/2023\/09\/iNFRA_5-e1761735885940.png\",\"contentUrl\":\"https:\/\/agenciainfra.com\/blog\/wp-content\/uploads\/2023\/09\/iNFRA_5-e1761735885940.png\",\"width\":1672,\"height\":454,\"caption\":\"Ag\u00eancia iNFRA\"},\"image\":{\"@id\":\"https:\/\/agenciainfra.com\/blog\/#\/schema\/logo\/image\/\"},\"sameAs\":[\"https:\/\/www.facebook.com\/ageninfra\",\"https:\/\/x.com\/agencia_infra\",\"https:\/\/www.linkedin.com\/company\/ag\u00eanciainfra\/\",\"https:\/\/www.instagram.com\/agenciainfra\/\"]},{\"@type\":\"Person\",\"@id\":\"https:\/\/agenciainfra.com\/blog\/#\/schema\/person\/34af08dff6adea4cb22b06612ba7acfa\",\"name\":\"Ag\u00eancia iNFRA\",\"image\":{\"@type\":\"ImageObject\",\"inLanguage\":\"pt-BR\",\"@id\":\"https:\/\/agenciainfra.com\/blog\/#\/schema\/person\/image\/\",\"url\":\"https:\/\/secure.gravatar.com\/avatar\/d189e01678f06d8eb84d4e01f08eb848b3fffe3f8443818d3c356c66892f5be8?s=96&d=mm&r=g\",\"contentUrl\":\"https:\/\/secure.gravatar.com\/avatar\/d189e01678f06d8eb84d4e01f08eb848b3fffe3f8443818d3c356c66892f5be8?s=96&d=mm&r=g\",\"caption\":\"Ag\u00eancia iNFRA\"},\"url\":\"https:\/\/agenciainfra.com\/blog\/author\/admin\/\"}]}<\/script>\n<!-- \/ Yoast SEO Premium plugin. -->","yoast_head_json":{"title":"PPSA: Leil\u00e3o de \u00e1reas n\u00e3o contratadas acontecer\u00e1 em 4 de dezembro - Ag\u00eancia iNFRA","robots":{"index":"index","follow":"follow","max-snippet":"max-snippet:-1","max-image-preview":"max-image-preview:large","max-video-preview":"max-video-preview:-1"},"canonical":"https:\/\/agenciainfra.com\/blog\/ppsa-leilao-de-areas-nao-contratadas-acontecera-em-4-de-dezembro\/","og_locale":"pt_BR","og_type":"article","og_title":"PPSA: Leil\u00e3o de \u00e1reas n\u00e3o contratadas acontecer\u00e1 em 4 de dezembro","og_description":"Gabriel Vasconcelos, da Ag\u00eancia iNFRA O leil\u00e3o das chamadas \u00e1reas n\u00e3o contratadas do pr\u00e9-sal teve edital publicado na noite desta segunda-feira (25) e vai acontecer em 4 de dezembro, na B3, em S\u00e3o Paulo, informou a PPSA (Pr\u00e9-Sal Petr\u00f3leo), estatal que gere a parcela da produ\u00e7\u00e3o pertencente \u00e0 Uni\u00e3o. \u00c9 o caso da produ\u00e7\u00e3o de [&hellip;]","og_url":"https:\/\/agenciainfra.com\/blog\/ppsa-leilao-de-areas-nao-contratadas-acontecera-em-4-de-dezembro\/","og_site_name":"Ag\u00eancia iNFRA","article_publisher":"https:\/\/www.facebook.com\/ageninfra","article_published_time":"2025-08-26T00:35:22+00:00","article_modified_time":"2025-08-26T21:09:59+00:00","og_image":[{"width":1280,"height":849,"url":"https:\/\/agenciainfra.com\/blog\/wp-content\/uploads\/2025\/05\/pre-sal-foto-divulgacao-petrobras.jpg","type":"image\/jpeg"}],"author":"Ag\u00eancia iNFRA","twitter_card":"summary_large_image","twitter_creator":"@agencia_infra","twitter_site":"@agencia_infra","twitter_misc":{"Escrito por":"Ag\u00eancia iNFRA","Est. tempo de leitura":"2 minutos"},"schema":{"@context":"https:\/\/schema.org","@graph":[{"@type":"Article","@id":"https:\/\/agenciainfra.com\/blog\/ppsa-leilao-de-areas-nao-contratadas-acontecera-em-4-de-dezembro\/#article","isPartOf":{"@id":"https:\/\/agenciainfra.com\/blog\/ppsa-leilao-de-areas-nao-contratadas-acontecera-em-4-de-dezembro\/"},"author":{"name":"Ag\u00eancia iNFRA","@id":"https:\/\/agenciainfra.com\/blog\/#\/schema\/person\/34af08dff6adea4cb22b06612ba7acfa"},"headline":"PPSA: Leil\u00e3o de \u00e1reas n\u00e3o contratadas acontecer\u00e1 em 4 de dezembro","datePublished":"2025-08-26T00:35:22+00:00","dateModified":"2025-08-26T21:09:59+00:00","mainEntityOfPage":{"@id":"https:\/\/agenciainfra.com\/blog\/ppsa-leilao-de-areas-nao-contratadas-acontecera-em-4-de-dezembro\/"},"wordCount":396,"publisher":{"@id":"https:\/\/agenciainfra.com\/blog\/#organization"},"image":{"@id":"https:\/\/agenciainfra.com\/blog\/ppsa-leilao-de-areas-nao-contratadas-acontecera-em-4-de-dezembro\/#primaryimage"},"thumbnailUrl":"https:\/\/agenciainfra.com\/blog\/wp-content\/uploads\/2025\/05\/pre-sal-foto-divulgacao-petrobras.jpg","keywords":["campo de Atapu","campo de mero","Gabriel Vasconcelos","leil\u00e3o","PPSA","pr\u00e9-sal"],"articleSection":["Destaque lista","Geral","\u00d3leo &amp; G\u00e1s"],"inLanguage":"pt-BR","copyrightYear":"2025","copyrightHolder":{"@id":"https:\/\/agenciainfra.com\/blog\/#organization"}},{"@type":"WebPage","@id":"https:\/\/agenciainfra.com\/blog\/ppsa-leilao-de-areas-nao-contratadas-acontecera-em-4-de-dezembro\/","url":"https:\/\/agenciainfra.com\/blog\/ppsa-leilao-de-areas-nao-contratadas-acontecera-em-4-de-dezembro\/","name":"PPSA: Leil\u00e3o de \u00e1reas n\u00e3o contratadas acontecer\u00e1 em 4 de dezembro - Ag\u00eancia iNFRA","isPartOf":{"@id":"https:\/\/agenciainfra.com\/blog\/#website"},"primaryImageOfPage":{"@id":"https:\/\/agenciainfra.com\/blog\/ppsa-leilao-de-areas-nao-contratadas-acontecera-em-4-de-dezembro\/#primaryimage"},"image":{"@id":"https:\/\/agenciainfra.com\/blog\/ppsa-leilao-de-areas-nao-contratadas-acontecera-em-4-de-dezembro\/#primaryimage"},"thumbnailUrl":"https:\/\/agenciainfra.com\/blog\/wp-content\/uploads\/2025\/05\/pre-sal-foto-divulgacao-petrobras.jpg","datePublished":"2025-08-26T00:35:22+00:00","dateModified":"2025-08-26T21:09:59+00:00","breadcrumb":{"@id":"https:\/\/agenciainfra.com\/blog\/ppsa-leilao-de-areas-nao-contratadas-acontecera-em-4-de-dezembro\/#breadcrumb"},"inLanguage":"pt-BR","potentialAction":[{"@type":"ReadAction","target":["https:\/\/agenciainfra.com\/blog\/ppsa-leilao-de-areas-nao-contratadas-acontecera-em-4-de-dezembro\/"]}]},{"@type":"ImageObject","inLanguage":"pt-BR","@id":"https:\/\/agenciainfra.com\/blog\/ppsa-leilao-de-areas-nao-contratadas-acontecera-em-4-de-dezembro\/#primaryimage","url":"https:\/\/agenciainfra.com\/blog\/wp-content\/uploads\/2025\/05\/pre-sal-foto-divulgacao-petrobras.jpg","contentUrl":"https:\/\/agenciainfra.com\/blog\/wp-content\/uploads\/2025\/05\/pre-sal-foto-divulgacao-petrobras.jpg","width":1280,"height":849,"caption":"Foto: Petrobras\/Divulga\u00e7\u00e3o"},{"@type":"BreadcrumbList","@id":"https:\/\/agenciainfra.com\/blog\/ppsa-leilao-de-areas-nao-contratadas-acontecera-em-4-de-dezembro\/#breadcrumb","itemListElement":[{"@type":"ListItem","position":1,"name":"In\u00edcio","item":"https:\/\/agenciainfra.com\/blog\/"},{"@type":"ListItem","position":2,"name":"PPSA: Leil\u00e3o de \u00e1reas n\u00e3o contratadas acontecer\u00e1 em 4 de dezembro"}]},{"@type":"WebSite","@id":"https:\/\/agenciainfra.com\/blog\/#website","url":"https:\/\/agenciainfra.com\/blog\/","name":"Ag\u00eancia iNFRA","description":"Multiplataforma de informa\u00e7\u00e3o jornal\u00edstica refer\u00eancia na \u00e1rea de infraestrutura no Brasil!","publisher":{"@id":"https:\/\/agenciainfra.com\/blog\/#organization"},"potentialAction":[{"@type":"SearchAction","target":{"@type":"EntryPoint","urlTemplate":"https:\/\/agenciainfra.com\/blog\/?s={search_term_string}"},"query-input":{"@type":"PropertyValueSpecification","valueRequired":true,"valueName":"search_term_string"}}],"inLanguage":"pt-BR"},{"@type":"Organization","@id":"https:\/\/agenciainfra.com\/blog\/#organization","name":"Ag\u00eancia iNFRA","url":"https:\/\/agenciainfra.com\/blog\/","logo":{"@type":"ImageObject","inLanguage":"pt-BR","@id":"https:\/\/agenciainfra.com\/blog\/#\/schema\/logo\/image\/","url":"https:\/\/agenciainfra.com\/blog\/wp-content\/uploads\/2023\/09\/iNFRA_5-e1761735885940.png","contentUrl":"https:\/\/agenciainfra.com\/blog\/wp-content\/uploads\/2023\/09\/iNFRA_5-e1761735885940.png","width":1672,"height":454,"caption":"Ag\u00eancia iNFRA"},"image":{"@id":"https:\/\/agenciainfra.com\/blog\/#\/schema\/logo\/image\/"},"sameAs":["https:\/\/www.facebook.com\/ageninfra","https:\/\/x.com\/agencia_infra","https:\/\/www.linkedin.com\/company\/ag\u00eanciainfra\/","https:\/\/www.instagram.com\/agenciainfra\/"]},{"@type":"Person","@id":"https:\/\/agenciainfra.com\/blog\/#\/schema\/person\/34af08dff6adea4cb22b06612ba7acfa","name":"Ag\u00eancia iNFRA","image":{"@type":"ImageObject","inLanguage":"pt-BR","@id":"https:\/\/agenciainfra.com\/blog\/#\/schema\/person\/image\/","url":"https:\/\/secure.gravatar.com\/avatar\/d189e01678f06d8eb84d4e01f08eb848b3fffe3f8443818d3c356c66892f5be8?s=96&d=mm&r=g","contentUrl":"https:\/\/secure.gravatar.com\/avatar\/d189e01678f06d8eb84d4e01f08eb848b3fffe3f8443818d3c356c66892f5be8?s=96&d=mm&r=g","caption":"Ag\u00eancia iNFRA"},"url":"https:\/\/agenciainfra.com\/blog\/author\/admin\/"}]}},"_links":{"self":[{"href":"https:\/\/agenciainfra.com\/blog\/wp-json\/wp\/v2\/posts\/26711","targetHints":{"allow":["GET"]}}],"collection":[{"href":"https:\/\/agenciainfra.com\/blog\/wp-json\/wp\/v2\/posts"}],"about":[{"href":"https:\/\/agenciainfra.com\/blog\/wp-json\/wp\/v2\/types\/post"}],"author":[{"embeddable":true,"href":"https:\/\/agenciainfra.com\/blog\/wp-json\/wp\/v2\/users\/1"}],"replies":[{"embeddable":true,"href":"https:\/\/agenciainfra.com\/blog\/wp-json\/wp\/v2\/comments?post=26711"}],"version-history":[{"count":1,"href":"https:\/\/agenciainfra.com\/blog\/wp-json\/wp\/v2\/posts\/26711\/revisions"}],"predecessor-version":[{"id":26712,"href":"https:\/\/agenciainfra.com\/blog\/wp-json\/wp\/v2\/posts\/26711\/revisions\/26712"}],"wp:featuredmedia":[{"embeddable":true,"href":"https:\/\/agenciainfra.com\/blog\/wp-json\/wp\/v2\/media\/22269"}],"wp:attachment":[{"href":"https:\/\/agenciainfra.com\/blog\/wp-json\/wp\/v2\/media?parent=26711"}],"wp:term":[{"taxonomy":"category","embeddable":true,"href":"https:\/\/agenciainfra.com\/blog\/wp-json\/wp\/v2\/categories?post=26711"},{"taxonomy":"post_tag","embeddable":true,"href":"https:\/\/agenciainfra.com\/blog\/wp-json\/wp\/v2\/tags?post=26711"}],"curies":[{"name":"wp","href":"https:\/\/api.w.org\/{rel}","templated":true}]}}