{"id":26715,"date":"2025-08-26T09:50:21","date_gmt":"2025-08-26T12:50:21","guid":{"rendered":"https:\/\/agenciainfra.com\/blog\/?p=26715"},"modified":"2025-08-26T20:00:36","modified_gmt":"2025-08-26T23:00:36","slug":"mme-pede-melhor-alinhamento-com-aneel-sobre-tarifacao-de-baterias","status":"publish","type":"post","link":"https:\/\/agenciainfra.com\/blog\/mme-pede-melhor-alinhamento-com-aneel-sobre-tarifacao-de-baterias\/","title":{"rendered":"MME pede &#8216;melhor alinhamento&#8217; com ANEEL sobre tarifa\u00e7\u00e3o de baterias"},"content":{"rendered":"\n<p class=\"has-text-align-right\"><strong>Marisa Wanzeller, da Ag\u00eancia iNFRA<\/strong><\/p>\n\n\n\n<p>O secret\u00e1rio nacional de Transi\u00e7\u00e3o Energ\u00e9tica e Planejamento do MME (Minist\u00e9rio de Minas e Energia), Gustavo Ataide, enviou of\u00edcio ao diretor Fernando Mosna, da ANEEL (Ag\u00eancia Nacional de Energia El\u00e9trica), nesta segunda-feira (25) pedindo reuni\u00f5es t\u00e9cnicas para \u201cmelhor alinhamento\u201d sobre a tarifa\u00e7\u00e3o dos sistemas de armazenamento, ou baterias.<\/p>\n\n\n\n<p>O processo est\u00e1 sob pedido de vista do diretor Mosna. \u201cA defini\u00e7\u00e3o da forma de contrata\u00e7\u00e3o e de tarifa\u00e7\u00e3o do uso da rede n\u00e3o deve representar obst\u00e1culo para a inser\u00e7\u00e3o de sistemas de armazenamento no SIN [Sistema Interligado Nacional]\u201d, diz o of\u00edcio da pasta.<\/p>\n\n\n\n<p>Uma das propostas em discuss\u00e3o na ag\u00eancia \u00e9 a cobran\u00e7a de duas tarifas pelo uso da rede, uma pelo consumo da carga (entrada) e outra pela inje\u00e7\u00e3o de volta da energia no sistema (sa\u00edda). A regra foi criticada por agentes do setor, que classificaram a proposta de dupla tarifa\u00e7\u00e3o.<\/p>\n","protected":false},"excerpt":{"rendered":"<p>Marisa Wanzeller, da Ag\u00eancia iNFRA O secret\u00e1rio nacional de Transi\u00e7\u00e3o Energ\u00e9tica e Planejamento do MME (Minist\u00e9rio de Minas e Energia), Gustavo Ataide, enviou of\u00edcio ao diretor Fernando Mosna, da ANEEL (Ag\u00eancia Nacional de Energia El\u00e9trica), nesta segunda-feira (25) pedindo reuni\u00f5es t\u00e9cnicas para \u201cmelhor alinhamento\u201d sobre a tarifa\u00e7\u00e3o dos sistemas de armazenamento, ou baterias. O processo [&hellip;]<\/p>\n","protected":false},"author":1,"featured_media":26717,"comment_status":"closed","ping_status":"closed","sticky":false,"template":"","format":"standard","meta":{"_monsterinsights_skip_tracking":false,"_monsterinsights_sitenote_active":false,"_monsterinsights_sitenote_note":"","_monsterinsights_sitenote_category":0,"footnotes":""},"categories":[1,10],"tags":[53,5189,7014,14967,7366,96,9119],"class_list":["post-26715","post","type-post","status-publish","format-standard","has-post-thumbnail","hentry","category-geral","category-infraenergia","tag-aneel","tag-baterias","tag-fernando-mosna","tag-gustavo-ataide-2","tag-marisa-wanzeller","tag-ministerio-de-minas-e-energia","tag-sistemas-de-armazenamento-de-energia"],"yoast_head":"<!-- This site is optimized with the Yoast SEO Premium plugin v25.4 (Yoast SEO v26.0) - https:\/\/yoast.com\/wordpress\/plugins\/seo\/ -->\n<title>MME pede &#039;melhor alinhamento&#039; com ANEEL sobre tarifa\u00e7\u00e3o de baterias - Ag\u00eancia iNFRA<\/title>\n<meta name=\"robots\" content=\"index, follow, max-snippet:-1, max-image-preview:large, max-video-preview:-1\" \/>\n<link rel=\"canonical\" href=\"https:\/\/agenciainfra.com\/blog\/mme-pede-melhor-alinhamento-com-aneel-sobre-tarifacao-de-baterias\/\" \/>\n<meta property=\"og:locale\" content=\"pt_BR\" \/>\n<meta property=\"og:type\" content=\"article\" \/>\n<meta property=\"og:title\" content=\"MME pede &#039;melhor alinhamento&#039; com ANEEL sobre tarifa\u00e7\u00e3o de baterias\" \/>\n<meta property=\"og:description\" content=\"Marisa Wanzeller, da Ag\u00eancia iNFRA O secret\u00e1rio nacional de Transi\u00e7\u00e3o Energ\u00e9tica e Planejamento do MME (Minist\u00e9rio de Minas e Energia), Gustavo Ataide, enviou of\u00edcio ao diretor Fernando Mosna, da ANEEL (Ag\u00eancia Nacional de Energia El\u00e9trica), nesta segunda-feira (25) pedindo reuni\u00f5es t\u00e9cnicas para \u201cmelhor alinhamento\u201d sobre a tarifa\u00e7\u00e3o dos sistemas de armazenamento, ou baterias. O processo [&hellip;]\" \/>\n<meta property=\"og:url\" content=\"https:\/\/agenciainfra.com\/blog\/mme-pede-melhor-alinhamento-com-aneel-sobre-tarifacao-de-baterias\/\" \/>\n<meta property=\"og:site_name\" content=\"Ag\u00eancia iNFRA\" \/>\n<meta property=\"article:publisher\" content=\"https:\/\/www.facebook.com\/ageninfra\" \/>\n<meta property=\"article:published_time\" content=\"2025-08-26T12:50:21+00:00\" \/>\n<meta property=\"article:modified_time\" content=\"2025-08-26T23:00:36+00:00\" \/>\n<meta property=\"og:image\" content=\"https:\/\/agenciainfra.com\/blog\/wp-content\/uploads\/2025\/08\/sistema-armazenamento-energia-bateria-foto-enel-green-power.jpeg\" \/>\n\t<meta property=\"og:image:width\" content=\"1280\" \/>\n\t<meta property=\"og:image:height\" content=\"838\" \/>\n\t<meta property=\"og:image:type\" content=\"image\/jpeg\" \/>\n<meta name=\"author\" content=\"Ag\u00eancia iNFRA\" \/>\n<meta name=\"twitter:card\" content=\"summary_large_image\" \/>\n<meta name=\"twitter:creator\" content=\"@agencia_infra\" \/>\n<meta name=\"twitter:site\" content=\"@agencia_infra\" \/>\n<meta name=\"twitter:label1\" content=\"Escrito por\" \/>\n\t<meta name=\"twitter:data1\" content=\"Ag\u00eancia iNFRA\" \/>\n\t<meta name=\"twitter:label2\" content=\"Est. tempo de leitura\" \/>\n\t<meta name=\"twitter:data2\" content=\"1 minuto\" \/>\n<script type=\"application\/ld+json\" class=\"yoast-schema-graph\">{\"@context\":\"https:\/\/schema.org\",\"@graph\":[{\"@type\":\"Article\",\"@id\":\"https:\/\/agenciainfra.com\/blog\/mme-pede-melhor-alinhamento-com-aneel-sobre-tarifacao-de-baterias\/#article\",\"isPartOf\":{\"@id\":\"https:\/\/agenciainfra.com\/blog\/mme-pede-melhor-alinhamento-com-aneel-sobre-tarifacao-de-baterias\/\"},\"author\":{\"name\":\"Ag\u00eancia iNFRA\",\"@id\":\"https:\/\/agenciainfra.com\/blog\/#\/schema\/person\/34af08dff6adea4cb22b06612ba7acfa\"},\"headline\":\"MME pede &#8216;melhor alinhamento&#8217; com ANEEL sobre tarifa\u00e7\u00e3o de baterias\",\"datePublished\":\"2025-08-26T12:50:21+00:00\",\"dateModified\":\"2025-08-26T23:00:36+00:00\",\"mainEntityOfPage\":{\"@id\":\"https:\/\/agenciainfra.com\/blog\/mme-pede-melhor-alinhamento-com-aneel-sobre-tarifacao-de-baterias\/\"},\"wordCount\":179,\"publisher\":{\"@id\":\"https:\/\/agenciainfra.com\/blog\/#organization\"},\"image\":{\"@id\":\"https:\/\/agenciainfra.com\/blog\/mme-pede-melhor-alinhamento-com-aneel-sobre-tarifacao-de-baterias\/#primaryimage\"},\"thumbnailUrl\":\"https:\/\/agenciainfra.com\/blog\/wp-content\/uploads\/2025\/08\/sistema-armazenamento-energia-bateria-foto-enel-green-power.jpeg\",\"keywords\":[\"ANEEL\",\"baterias\",\"Fernando Mosna\",\"Gustavo Ataide\",\"Marisa Wanzeller\",\"Minist\u00e9rio de Minas e Energia\",\"Sistemas de armazenamento de energia\"],\"articleSection\":[\"Geral\",\"iNFRAEnergia\"],\"inLanguage\":\"pt-BR\",\"copyrightYear\":\"2025\",\"copyrightHolder\":{\"@id\":\"https:\/\/agenciainfra.com\/blog\/#organization\"}},{\"@type\":\"WebPage\",\"@id\":\"https:\/\/agenciainfra.com\/blog\/mme-pede-melhor-alinhamento-com-aneel-sobre-tarifacao-de-baterias\/\",\"url\":\"https:\/\/agenciainfra.com\/blog\/mme-pede-melhor-alinhamento-com-aneel-sobre-tarifacao-de-baterias\/\",\"name\":\"MME pede 'melhor alinhamento' com ANEEL sobre tarifa\u00e7\u00e3o de baterias - Ag\u00eancia iNFRA\",\"isPartOf\":{\"@id\":\"https:\/\/agenciainfra.com\/blog\/#website\"},\"primaryImageOfPage\":{\"@id\":\"https:\/\/agenciainfra.com\/blog\/mme-pede-melhor-alinhamento-com-aneel-sobre-tarifacao-de-baterias\/#primaryimage\"},\"image\":{\"@id\":\"https:\/\/agenciainfra.com\/blog\/mme-pede-melhor-alinhamento-com-aneel-sobre-tarifacao-de-baterias\/#primaryimage\"},\"thumbnailUrl\":\"https:\/\/agenciainfra.com\/blog\/wp-content\/uploads\/2025\/08\/sistema-armazenamento-energia-bateria-foto-enel-green-power.jpeg\",\"datePublished\":\"2025-08-26T12:50:21+00:00\",\"dateModified\":\"2025-08-26T23:00:36+00:00\",\"breadcrumb\":{\"@id\":\"https:\/\/agenciainfra.com\/blog\/mme-pede-melhor-alinhamento-com-aneel-sobre-tarifacao-de-baterias\/#breadcrumb\"},\"inLanguage\":\"pt-BR\",\"potentialAction\":[{\"@type\":\"ReadAction\",\"target\":[\"https:\/\/agenciainfra.com\/blog\/mme-pede-melhor-alinhamento-com-aneel-sobre-tarifacao-de-baterias\/\"]}]},{\"@type\":\"ImageObject\",\"inLanguage\":\"pt-BR\",\"@id\":\"https:\/\/agenciainfra.com\/blog\/mme-pede-melhor-alinhamento-com-aneel-sobre-tarifacao-de-baterias\/#primaryimage\",\"url\":\"https:\/\/agenciainfra.com\/blog\/wp-content\/uploads\/2025\/08\/sistema-armazenamento-energia-bateria-foto-enel-green-power.jpeg\",\"contentUrl\":\"https:\/\/agenciainfra.com\/blog\/wp-content\/uploads\/2025\/08\/sistema-armazenamento-energia-bateria-foto-enel-green-power.jpeg\",\"width\":1280,\"height\":838,\"caption\":\"Foto: Enel Green Power\"},{\"@type\":\"BreadcrumbList\",\"@id\":\"https:\/\/agenciainfra.com\/blog\/mme-pede-melhor-alinhamento-com-aneel-sobre-tarifacao-de-baterias\/#breadcrumb\",\"itemListElement\":[{\"@type\":\"ListItem\",\"position\":1,\"name\":\"In\u00edcio\",\"item\":\"https:\/\/agenciainfra.com\/blog\/\"},{\"@type\":\"ListItem\",\"position\":2,\"name\":\"MME pede &#8216;melhor alinhamento&#8217; com ANEEL sobre tarifa\u00e7\u00e3o de baterias\"}]},{\"@type\":\"WebSite\",\"@id\":\"https:\/\/agenciainfra.com\/blog\/#website\",\"url\":\"https:\/\/agenciainfra.com\/blog\/\",\"name\":\"Ag\u00eancia iNFRA\",\"description\":\"Multiplataforma de informa\u00e7\u00e3o jornal\u00edstica refer\u00eancia na \u00e1rea de infraestrutura no Brasil!\",\"publisher\":{\"@id\":\"https:\/\/agenciainfra.com\/blog\/#organization\"},\"potentialAction\":[{\"@type\":\"SearchAction\",\"target\":{\"@type\":\"EntryPoint\",\"urlTemplate\":\"https:\/\/agenciainfra.com\/blog\/?s={search_term_string}\"},\"query-input\":{\"@type\":\"PropertyValueSpecification\",\"valueRequired\":true,\"valueName\":\"search_term_string\"}}],\"inLanguage\":\"pt-BR\"},{\"@type\":\"Organization\",\"@id\":\"https:\/\/agenciainfra.com\/blog\/#organization\",\"name\":\"Ag\u00eancia iNFRA\",\"url\":\"https:\/\/agenciainfra.com\/blog\/\",\"logo\":{\"@type\":\"ImageObject\",\"inLanguage\":\"pt-BR\",\"@id\":\"https:\/\/agenciainfra.com\/blog\/#\/schema\/logo\/image\/\",\"url\":\"https:\/\/agenciainfra.com\/blog\/wp-content\/uploads\/2023\/09\/iNFRA_5-e1761735885940.png\",\"contentUrl\":\"https:\/\/agenciainfra.com\/blog\/wp-content\/uploads\/2023\/09\/iNFRA_5-e1761735885940.png\",\"width\":1672,\"height\":454,\"caption\":\"Ag\u00eancia iNFRA\"},\"image\":{\"@id\":\"https:\/\/agenciainfra.com\/blog\/#\/schema\/logo\/image\/\"},\"sameAs\":[\"https:\/\/www.facebook.com\/ageninfra\",\"https:\/\/x.com\/agencia_infra\",\"https:\/\/www.linkedin.com\/company\/ag\u00eanciainfra\/\",\"https:\/\/www.instagram.com\/agenciainfra\/\"]},{\"@type\":\"Person\",\"@id\":\"https:\/\/agenciainfra.com\/blog\/#\/schema\/person\/34af08dff6adea4cb22b06612ba7acfa\",\"name\":\"Ag\u00eancia iNFRA\",\"image\":{\"@type\":\"ImageObject\",\"inLanguage\":\"pt-BR\",\"@id\":\"https:\/\/agenciainfra.com\/blog\/#\/schema\/person\/image\/\",\"url\":\"https:\/\/secure.gravatar.com\/avatar\/d189e01678f06d8eb84d4e01f08eb848b3fffe3f8443818d3c356c66892f5be8?s=96&d=mm&r=g\",\"contentUrl\":\"https:\/\/secure.gravatar.com\/avatar\/d189e01678f06d8eb84d4e01f08eb848b3fffe3f8443818d3c356c66892f5be8?s=96&d=mm&r=g\",\"caption\":\"Ag\u00eancia iNFRA\"},\"url\":\"https:\/\/agenciainfra.com\/blog\/author\/admin\/\"}]}<\/script>\n<!-- \/ Yoast SEO Premium plugin. -->","yoast_head_json":{"title":"MME pede 'melhor alinhamento' com ANEEL sobre tarifa\u00e7\u00e3o de baterias - Ag\u00eancia iNFRA","robots":{"index":"index","follow":"follow","max-snippet":"max-snippet:-1","max-image-preview":"max-image-preview:large","max-video-preview":"max-video-preview:-1"},"canonical":"https:\/\/agenciainfra.com\/blog\/mme-pede-melhor-alinhamento-com-aneel-sobre-tarifacao-de-baterias\/","og_locale":"pt_BR","og_type":"article","og_title":"MME pede 'melhor alinhamento' com ANEEL sobre tarifa\u00e7\u00e3o de baterias","og_description":"Marisa Wanzeller, da Ag\u00eancia iNFRA O secret\u00e1rio nacional de Transi\u00e7\u00e3o Energ\u00e9tica e Planejamento do MME (Minist\u00e9rio de Minas e Energia), Gustavo Ataide, enviou of\u00edcio ao diretor Fernando Mosna, da ANEEL (Ag\u00eancia Nacional de Energia El\u00e9trica), nesta segunda-feira (25) pedindo reuni\u00f5es t\u00e9cnicas para \u201cmelhor alinhamento\u201d sobre a tarifa\u00e7\u00e3o dos sistemas de armazenamento, ou baterias. O processo [&hellip;]","og_url":"https:\/\/agenciainfra.com\/blog\/mme-pede-melhor-alinhamento-com-aneel-sobre-tarifacao-de-baterias\/","og_site_name":"Ag\u00eancia iNFRA","article_publisher":"https:\/\/www.facebook.com\/ageninfra","article_published_time":"2025-08-26T12:50:21+00:00","article_modified_time":"2025-08-26T23:00:36+00:00","og_image":[{"width":1280,"height":838,"url":"https:\/\/agenciainfra.com\/blog\/wp-content\/uploads\/2025\/08\/sistema-armazenamento-energia-bateria-foto-enel-green-power.jpeg","type":"image\/jpeg"}],"author":"Ag\u00eancia iNFRA","twitter_card":"summary_large_image","twitter_creator":"@agencia_infra","twitter_site":"@agencia_infra","twitter_misc":{"Escrito por":"Ag\u00eancia iNFRA","Est. tempo de leitura":"1 minuto"},"schema":{"@context":"https:\/\/schema.org","@graph":[{"@type":"Article","@id":"https:\/\/agenciainfra.com\/blog\/mme-pede-melhor-alinhamento-com-aneel-sobre-tarifacao-de-baterias\/#article","isPartOf":{"@id":"https:\/\/agenciainfra.com\/blog\/mme-pede-melhor-alinhamento-com-aneel-sobre-tarifacao-de-baterias\/"},"author":{"name":"Ag\u00eancia iNFRA","@id":"https:\/\/agenciainfra.com\/blog\/#\/schema\/person\/34af08dff6adea4cb22b06612ba7acfa"},"headline":"MME pede &#8216;melhor alinhamento&#8217; com ANEEL sobre tarifa\u00e7\u00e3o de baterias","datePublished":"2025-08-26T12:50:21+00:00","dateModified":"2025-08-26T23:00:36+00:00","mainEntityOfPage":{"@id":"https:\/\/agenciainfra.com\/blog\/mme-pede-melhor-alinhamento-com-aneel-sobre-tarifacao-de-baterias\/"},"wordCount":179,"publisher":{"@id":"https:\/\/agenciainfra.com\/blog\/#organization"},"image":{"@id":"https:\/\/agenciainfra.com\/blog\/mme-pede-melhor-alinhamento-com-aneel-sobre-tarifacao-de-baterias\/#primaryimage"},"thumbnailUrl":"https:\/\/agenciainfra.com\/blog\/wp-content\/uploads\/2025\/08\/sistema-armazenamento-energia-bateria-foto-enel-green-power.jpeg","keywords":["ANEEL","baterias","Fernando Mosna","Gustavo Ataide","Marisa Wanzeller","Minist\u00e9rio de Minas e Energia","Sistemas de armazenamento de energia"],"articleSection":["Geral","iNFRAEnergia"],"inLanguage":"pt-BR","copyrightYear":"2025","copyrightHolder":{"@id":"https:\/\/agenciainfra.com\/blog\/#organization"}},{"@type":"WebPage","@id":"https:\/\/agenciainfra.com\/blog\/mme-pede-melhor-alinhamento-com-aneel-sobre-tarifacao-de-baterias\/","url":"https:\/\/agenciainfra.com\/blog\/mme-pede-melhor-alinhamento-com-aneel-sobre-tarifacao-de-baterias\/","name":"MME pede 'melhor alinhamento' com ANEEL sobre tarifa\u00e7\u00e3o de baterias - Ag\u00eancia iNFRA","isPartOf":{"@id":"https:\/\/agenciainfra.com\/blog\/#website"},"primaryImageOfPage":{"@id":"https:\/\/agenciainfra.com\/blog\/mme-pede-melhor-alinhamento-com-aneel-sobre-tarifacao-de-baterias\/#primaryimage"},"image":{"@id":"https:\/\/agenciainfra.com\/blog\/mme-pede-melhor-alinhamento-com-aneel-sobre-tarifacao-de-baterias\/#primaryimage"},"thumbnailUrl":"https:\/\/agenciainfra.com\/blog\/wp-content\/uploads\/2025\/08\/sistema-armazenamento-energia-bateria-foto-enel-green-power.jpeg","datePublished":"2025-08-26T12:50:21+00:00","dateModified":"2025-08-26T23:00:36+00:00","breadcrumb":{"@id":"https:\/\/agenciainfra.com\/blog\/mme-pede-melhor-alinhamento-com-aneel-sobre-tarifacao-de-baterias\/#breadcrumb"},"inLanguage":"pt-BR","potentialAction":[{"@type":"ReadAction","target":["https:\/\/agenciainfra.com\/blog\/mme-pede-melhor-alinhamento-com-aneel-sobre-tarifacao-de-baterias\/"]}]},{"@type":"ImageObject","inLanguage":"pt-BR","@id":"https:\/\/agenciainfra.com\/blog\/mme-pede-melhor-alinhamento-com-aneel-sobre-tarifacao-de-baterias\/#primaryimage","url":"https:\/\/agenciainfra.com\/blog\/wp-content\/uploads\/2025\/08\/sistema-armazenamento-energia-bateria-foto-enel-green-power.jpeg","contentUrl":"https:\/\/agenciainfra.com\/blog\/wp-content\/uploads\/2025\/08\/sistema-armazenamento-energia-bateria-foto-enel-green-power.jpeg","width":1280,"height":838,"caption":"Foto: Enel Green Power"},{"@type":"BreadcrumbList","@id":"https:\/\/agenciainfra.com\/blog\/mme-pede-melhor-alinhamento-com-aneel-sobre-tarifacao-de-baterias\/#breadcrumb","itemListElement":[{"@type":"ListItem","position":1,"name":"In\u00edcio","item":"https:\/\/agenciainfra.com\/blog\/"},{"@type":"ListItem","position":2,"name":"MME pede &#8216;melhor alinhamento&#8217; com ANEEL sobre tarifa\u00e7\u00e3o de baterias"}]},{"@type":"WebSite","@id":"https:\/\/agenciainfra.com\/blog\/#website","url":"https:\/\/agenciainfra.com\/blog\/","name":"Ag\u00eancia iNFRA","description":"Multiplataforma de informa\u00e7\u00e3o jornal\u00edstica refer\u00eancia na \u00e1rea de infraestrutura no Brasil!","publisher":{"@id":"https:\/\/agenciainfra.com\/blog\/#organization"},"potentialAction":[{"@type":"SearchAction","target":{"@type":"EntryPoint","urlTemplate":"https:\/\/agenciainfra.com\/blog\/?s={search_term_string}"},"query-input":{"@type":"PropertyValueSpecification","valueRequired":true,"valueName":"search_term_string"}}],"inLanguage":"pt-BR"},{"@type":"Organization","@id":"https:\/\/agenciainfra.com\/blog\/#organization","name":"Ag\u00eancia iNFRA","url":"https:\/\/agenciainfra.com\/blog\/","logo":{"@type":"ImageObject","inLanguage":"pt-BR","@id":"https:\/\/agenciainfra.com\/blog\/#\/schema\/logo\/image\/","url":"https:\/\/agenciainfra.com\/blog\/wp-content\/uploads\/2023\/09\/iNFRA_5-e1761735885940.png","contentUrl":"https:\/\/agenciainfra.com\/blog\/wp-content\/uploads\/2023\/09\/iNFRA_5-e1761735885940.png","width":1672,"height":454,"caption":"Ag\u00eancia iNFRA"},"image":{"@id":"https:\/\/agenciainfra.com\/blog\/#\/schema\/logo\/image\/"},"sameAs":["https:\/\/www.facebook.com\/ageninfra","https:\/\/x.com\/agencia_infra","https:\/\/www.linkedin.com\/company\/ag\u00eanciainfra\/","https:\/\/www.instagram.com\/agenciainfra\/"]},{"@type":"Person","@id":"https:\/\/agenciainfra.com\/blog\/#\/schema\/person\/34af08dff6adea4cb22b06612ba7acfa","name":"Ag\u00eancia iNFRA","image":{"@type":"ImageObject","inLanguage":"pt-BR","@id":"https:\/\/agenciainfra.com\/blog\/#\/schema\/person\/image\/","url":"https:\/\/secure.gravatar.com\/avatar\/d189e01678f06d8eb84d4e01f08eb848b3fffe3f8443818d3c356c66892f5be8?s=96&d=mm&r=g","contentUrl":"https:\/\/secure.gravatar.com\/avatar\/d189e01678f06d8eb84d4e01f08eb848b3fffe3f8443818d3c356c66892f5be8?s=96&d=mm&r=g","caption":"Ag\u00eancia iNFRA"},"url":"https:\/\/agenciainfra.com\/blog\/author\/admin\/"}]}},"_links":{"self":[{"href":"https:\/\/agenciainfra.com\/blog\/wp-json\/wp\/v2\/posts\/26715","targetHints":{"allow":["GET"]}}],"collection":[{"href":"https:\/\/agenciainfra.com\/blog\/wp-json\/wp\/v2\/posts"}],"about":[{"href":"https:\/\/agenciainfra.com\/blog\/wp-json\/wp\/v2\/types\/post"}],"author":[{"embeddable":true,"href":"https:\/\/agenciainfra.com\/blog\/wp-json\/wp\/v2\/users\/1"}],"replies":[{"embeddable":true,"href":"https:\/\/agenciainfra.com\/blog\/wp-json\/wp\/v2\/comments?post=26715"}],"version-history":[{"count":1,"href":"https:\/\/agenciainfra.com\/blog\/wp-json\/wp\/v2\/posts\/26715\/revisions"}],"predecessor-version":[{"id":26716,"href":"https:\/\/agenciainfra.com\/blog\/wp-json\/wp\/v2\/posts\/26715\/revisions\/26716"}],"wp:featuredmedia":[{"embeddable":true,"href":"https:\/\/agenciainfra.com\/blog\/wp-json\/wp\/v2\/media\/26717"}],"wp:attachment":[{"href":"https:\/\/agenciainfra.com\/blog\/wp-json\/wp\/v2\/media?parent=26715"}],"wp:term":[{"taxonomy":"category","embeddable":true,"href":"https:\/\/agenciainfra.com\/blog\/wp-json\/wp\/v2\/categories?post=26715"},{"taxonomy":"post_tag","embeddable":true,"href":"https:\/\/agenciainfra.com\/blog\/wp-json\/wp\/v2\/tags?post=26715"}],"curies":[{"name":"wp","href":"https:\/\/api.w.org\/{rel}","templated":true}]}}