{"id":26726,"date":"2025-08-26T11:30:44","date_gmt":"2025-08-26T14:30:44","guid":{"rendered":"https:\/\/agenciainfra.com\/blog\/?p=26726"},"modified":"2025-08-27T10:00:41","modified_gmt":"2025-08-27T13:00:41","slug":"aneel-nega-pedido-de-distribuidoras-para-suspensao-de-indicadores","status":"publish","type":"post","link":"https:\/\/agenciainfra.com\/blog\/aneel-nega-pedido-de-distribuidoras-para-suspensao-de-indicadores\/","title":{"rendered":"ANEEL nega pedido de distribuidoras para suspens\u00e3o de indicadores"},"content":{"rendered":"\n<p class=\"has-text-align-right\"><strong>Geraldo Campos Jr., da Ag\u00eancia iNFRA<\/strong><\/p>\n\n\n\n<p>A diretoria da ANEEL (Ag\u00eancia Nacional de Energia El\u00e9trica) negou, por unanimidade, cautelar requerida pela Abradee (Associa\u00e7\u00e3o Brasileira de Distribuidores de Energia El\u00e9trica) que pleiteava a suspens\u00e3o de metas para dois indicadores a serem incorporados no plano de resultados das distribuidoras: o TMAE (Tempo M\u00e9dio de Atendimento Emergencial) e um percentual de interrup\u00e7\u00f5es de longa dura\u00e7\u00e3o n\u00e3o expurgados acima de 24h, as chamadas interrup\u00e7\u00f5es de dura\u00e7\u00e3o excessiva.<\/p>\n\n\n\n<p>A \u00e1rea t\u00e9cnica da ANEEL iniciou processo em dezembro de 2024 alegando que a &#8220;presta\u00e7\u00e3o do servi\u00e7o de atendimento emergencial piorou de forma generalizada n\u00f3s \u00faltimos 10 anos pelas distribuidoras&#8221;. A Abradee, por outro lado, argumentou que a proposta criaria novas obriga\u00e7\u00f5es \u00e0s concession\u00e1rias e por isso deveria ser precedida de instrumentos como consulta p\u00fablica e AIR (An\u00e1lise de Impacto Regulat\u00f3rio). Atualmente, segundo a entidade, o TMAE n\u00e3o tem uma meta e as interrup\u00e7\u00f5es de dura\u00e7\u00e3o excessiva n\u00e3o s\u00e3o um indicador.<\/p>\n\n\n\n<p>O relator, diretor Daniel Danna, votou para negar o pleito por entender que a elabora\u00e7\u00e3o do plano de resultados n\u00e3o representa risco irrepar\u00e1vel para as distribuidoras, por se tratar de instrumento de monitoramento e n\u00e3o de puni\u00e7\u00e3o.<\/p>\n","protected":false},"excerpt":{"rendered":"<p>Geraldo Campos Jr., da Ag\u00eancia iNFRA A diretoria da ANEEL (Ag\u00eancia Nacional de Energia El\u00e9trica) negou, por unanimidade, cautelar requerida pela Abradee (Associa\u00e7\u00e3o Brasileira de Distribuidores de Energia El\u00e9trica) que pleiteava a suspens\u00e3o de metas para dois indicadores a serem incorporados no plano de resultados das distribuidoras: o TMAE (Tempo M\u00e9dio de Atendimento Emergencial) e [&hellip;]<\/p>\n","protected":false},"author":1,"featured_media":26727,"comment_status":"closed","ping_status":"closed","sticky":false,"template":"","format":"standard","meta":{"_monsterinsights_skip_tracking":false,"_monsterinsights_sitenote_active":false,"_monsterinsights_sitenote_note":"","_monsterinsights_sitenote_category":0,"footnotes":""},"categories":[1,10],"tags":[494,53,9397,491,11594,14974,14975,14973],"class_list":["post-26726","post","type-post","status-publish","format-standard","has-post-thumbnail","hentry","category-geral","category-infraenergia","tag-abradee","tag-aneel","tag-daniel-danna","tag-distribuidoras-de-energia","tag-geraldo-campos-jr","tag-interrupcoes-de-longa-duracao","tag-tempo-medio-de-atendimento-emergencial","tag-tmae"],"yoast_head":"<!-- This site is optimized with the Yoast SEO Premium plugin v25.4 (Yoast SEO v26.0) - https:\/\/yoast.com\/wordpress\/plugins\/seo\/ -->\n<title>ANEEL nega pedido de distribuidoras para suspens\u00e3o de indicadores - Ag\u00eancia iNFRA<\/title>\n<meta name=\"robots\" content=\"index, follow, max-snippet:-1, max-image-preview:large, max-video-preview:-1\" \/>\n<link rel=\"canonical\" href=\"https:\/\/agenciainfra.com\/blog\/aneel-nega-pedido-de-distribuidoras-para-suspensao-de-indicadores\/\" \/>\n<meta property=\"og:locale\" content=\"pt_BR\" \/>\n<meta property=\"og:type\" content=\"article\" \/>\n<meta property=\"og:title\" content=\"ANEEL nega pedido de distribuidoras para suspens\u00e3o de indicadores\" \/>\n<meta property=\"og:description\" content=\"Geraldo Campos Jr., da Ag\u00eancia iNFRA A diretoria da ANEEL (Ag\u00eancia Nacional de Energia El\u00e9trica) negou, por unanimidade, cautelar requerida pela Abradee (Associa\u00e7\u00e3o Brasileira de Distribuidores de Energia El\u00e9trica) que pleiteava a suspens\u00e3o de metas para dois indicadores a serem incorporados no plano de resultados das distribuidoras: o TMAE (Tempo M\u00e9dio de Atendimento Emergencial) e [&hellip;]\" \/>\n<meta property=\"og:url\" content=\"https:\/\/agenciainfra.com\/blog\/aneel-nega-pedido-de-distribuidoras-para-suspensao-de-indicadores\/\" \/>\n<meta property=\"og:site_name\" content=\"Ag\u00eancia iNFRA\" \/>\n<meta property=\"article:publisher\" content=\"https:\/\/www.facebook.com\/ageninfra\" \/>\n<meta property=\"article:published_time\" content=\"2025-08-26T14:30:44+00:00\" \/>\n<meta property=\"article:modified_time\" content=\"2025-08-27T13:00:41+00:00\" \/>\n<meta property=\"og:image\" content=\"https:\/\/agenciainfra.com\/blog\/wp-content\/uploads\/2025\/08\/reuniao-diretoria-aneel-foto-aneel.jpg\" \/>\n\t<meta property=\"og:image:width\" content=\"1280\" \/>\n\t<meta property=\"og:image:height\" content=\"853\" \/>\n\t<meta property=\"og:image:type\" content=\"image\/jpeg\" \/>\n<meta name=\"author\" content=\"Ag\u00eancia iNFRA\" \/>\n<meta name=\"twitter:card\" content=\"summary_large_image\" \/>\n<meta name=\"twitter:creator\" content=\"@agencia_infra\" \/>\n<meta name=\"twitter:site\" content=\"@agencia_infra\" \/>\n<meta name=\"twitter:label1\" content=\"Escrito por\" \/>\n\t<meta name=\"twitter:data1\" content=\"Ag\u00eancia iNFRA\" \/>\n\t<meta name=\"twitter:label2\" content=\"Est. tempo de leitura\" \/>\n\t<meta name=\"twitter:data2\" content=\"1 minuto\" \/>\n<script type=\"application\/ld+json\" class=\"yoast-schema-graph\">{\"@context\":\"https:\/\/schema.org\",\"@graph\":[{\"@type\":\"Article\",\"@id\":\"https:\/\/agenciainfra.com\/blog\/aneel-nega-pedido-de-distribuidoras-para-suspensao-de-indicadores\/#article\",\"isPartOf\":{\"@id\":\"https:\/\/agenciainfra.com\/blog\/aneel-nega-pedido-de-distribuidoras-para-suspensao-de-indicadores\/\"},\"author\":{\"name\":\"Ag\u00eancia iNFRA\",\"@id\":\"https:\/\/agenciainfra.com\/blog\/#\/schema\/person\/34af08dff6adea4cb22b06612ba7acfa\"},\"headline\":\"ANEEL nega pedido de distribuidoras para suspens\u00e3o de indicadores\",\"datePublished\":\"2025-08-26T14:30:44+00:00\",\"dateModified\":\"2025-08-27T13:00:41+00:00\",\"mainEntityOfPage\":{\"@id\":\"https:\/\/agenciainfra.com\/blog\/aneel-nega-pedido-de-distribuidoras-para-suspensao-de-indicadores\/\"},\"wordCount\":230,\"publisher\":{\"@id\":\"https:\/\/agenciainfra.com\/blog\/#organization\"},\"image\":{\"@id\":\"https:\/\/agenciainfra.com\/blog\/aneel-nega-pedido-de-distribuidoras-para-suspensao-de-indicadores\/#primaryimage\"},\"thumbnailUrl\":\"https:\/\/agenciainfra.com\/blog\/wp-content\/uploads\/2025\/08\/reuniao-diretoria-aneel-foto-aneel.jpg\",\"keywords\":[\"Abradee\",\"ANEEL\",\"Daniel Danna\",\"distribuidoras de energia\",\"Geraldo Campos Jr.\",\"interrup\u00e7\u00f5es de longa dura\u00e7\u00e3o\",\"Tempo M\u00e9dio de Atendimento Emergencial\",\"TMAE\"],\"articleSection\":[\"Geral\",\"iNFRAEnergia\"],\"inLanguage\":\"pt-BR\",\"copyrightYear\":\"2025\",\"copyrightHolder\":{\"@id\":\"https:\/\/agenciainfra.com\/blog\/#organization\"}},{\"@type\":\"WebPage\",\"@id\":\"https:\/\/agenciainfra.com\/blog\/aneel-nega-pedido-de-distribuidoras-para-suspensao-de-indicadores\/\",\"url\":\"https:\/\/agenciainfra.com\/blog\/aneel-nega-pedido-de-distribuidoras-para-suspensao-de-indicadores\/\",\"name\":\"ANEEL nega pedido de distribuidoras para suspens\u00e3o de indicadores - Ag\u00eancia iNFRA\",\"isPartOf\":{\"@id\":\"https:\/\/agenciainfra.com\/blog\/#website\"},\"primaryImageOfPage\":{\"@id\":\"https:\/\/agenciainfra.com\/blog\/aneel-nega-pedido-de-distribuidoras-para-suspensao-de-indicadores\/#primaryimage\"},\"image\":{\"@id\":\"https:\/\/agenciainfra.com\/blog\/aneel-nega-pedido-de-distribuidoras-para-suspensao-de-indicadores\/#primaryimage\"},\"thumbnailUrl\":\"https:\/\/agenciainfra.com\/blog\/wp-content\/uploads\/2025\/08\/reuniao-diretoria-aneel-foto-aneel.jpg\",\"datePublished\":\"2025-08-26T14:30:44+00:00\",\"dateModified\":\"2025-08-27T13:00:41+00:00\",\"breadcrumb\":{\"@id\":\"https:\/\/agenciainfra.com\/blog\/aneel-nega-pedido-de-distribuidoras-para-suspensao-de-indicadores\/#breadcrumb\"},\"inLanguage\":\"pt-BR\",\"potentialAction\":[{\"@type\":\"ReadAction\",\"target\":[\"https:\/\/agenciainfra.com\/blog\/aneel-nega-pedido-de-distribuidoras-para-suspensao-de-indicadores\/\"]}]},{\"@type\":\"ImageObject\",\"inLanguage\":\"pt-BR\",\"@id\":\"https:\/\/agenciainfra.com\/blog\/aneel-nega-pedido-de-distribuidoras-para-suspensao-de-indicadores\/#primaryimage\",\"url\":\"https:\/\/agenciainfra.com\/blog\/wp-content\/uploads\/2025\/08\/reuniao-diretoria-aneel-foto-aneel.jpg\",\"contentUrl\":\"https:\/\/agenciainfra.com\/blog\/wp-content\/uploads\/2025\/08\/reuniao-diretoria-aneel-foto-aneel.jpg\",\"width\":1280,\"height\":853,\"caption\":\"Foto: ANEEL\"},{\"@type\":\"BreadcrumbList\",\"@id\":\"https:\/\/agenciainfra.com\/blog\/aneel-nega-pedido-de-distribuidoras-para-suspensao-de-indicadores\/#breadcrumb\",\"itemListElement\":[{\"@type\":\"ListItem\",\"position\":1,\"name\":\"In\u00edcio\",\"item\":\"https:\/\/agenciainfra.com\/blog\/\"},{\"@type\":\"ListItem\",\"position\":2,\"name\":\"ANEEL nega pedido de distribuidoras para suspens\u00e3o de indicadores\"}]},{\"@type\":\"WebSite\",\"@id\":\"https:\/\/agenciainfra.com\/blog\/#website\",\"url\":\"https:\/\/agenciainfra.com\/blog\/\",\"name\":\"Ag\u00eancia iNFRA\",\"description\":\"Multiplataforma de informa\u00e7\u00e3o jornal\u00edstica refer\u00eancia na \u00e1rea de infraestrutura no Brasil!\",\"publisher\":{\"@id\":\"https:\/\/agenciainfra.com\/blog\/#organization\"},\"potentialAction\":[{\"@type\":\"SearchAction\",\"target\":{\"@type\":\"EntryPoint\",\"urlTemplate\":\"https:\/\/agenciainfra.com\/blog\/?s={search_term_string}\"},\"query-input\":{\"@type\":\"PropertyValueSpecification\",\"valueRequired\":true,\"valueName\":\"search_term_string\"}}],\"inLanguage\":\"pt-BR\"},{\"@type\":\"Organization\",\"@id\":\"https:\/\/agenciainfra.com\/blog\/#organization\",\"name\":\"Ag\u00eancia iNFRA\",\"url\":\"https:\/\/agenciainfra.com\/blog\/\",\"logo\":{\"@type\":\"ImageObject\",\"inLanguage\":\"pt-BR\",\"@id\":\"https:\/\/agenciainfra.com\/blog\/#\/schema\/logo\/image\/\",\"url\":\"https:\/\/agenciainfra.com\/blog\/wp-content\/uploads\/2023\/09\/iNFRA_5-e1761735885940.png\",\"contentUrl\":\"https:\/\/agenciainfra.com\/blog\/wp-content\/uploads\/2023\/09\/iNFRA_5-e1761735885940.png\",\"width\":1672,\"height\":454,\"caption\":\"Ag\u00eancia iNFRA\"},\"image\":{\"@id\":\"https:\/\/agenciainfra.com\/blog\/#\/schema\/logo\/image\/\"},\"sameAs\":[\"https:\/\/www.facebook.com\/ageninfra\",\"https:\/\/x.com\/agencia_infra\",\"https:\/\/www.linkedin.com\/company\/ag\u00eanciainfra\/\",\"https:\/\/www.instagram.com\/agenciainfra\/\"]},{\"@type\":\"Person\",\"@id\":\"https:\/\/agenciainfra.com\/blog\/#\/schema\/person\/34af08dff6adea4cb22b06612ba7acfa\",\"name\":\"Ag\u00eancia iNFRA\",\"image\":{\"@type\":\"ImageObject\",\"inLanguage\":\"pt-BR\",\"@id\":\"https:\/\/agenciainfra.com\/blog\/#\/schema\/person\/image\/\",\"url\":\"https:\/\/secure.gravatar.com\/avatar\/d189e01678f06d8eb84d4e01f08eb848b3fffe3f8443818d3c356c66892f5be8?s=96&d=mm&r=g\",\"contentUrl\":\"https:\/\/secure.gravatar.com\/avatar\/d189e01678f06d8eb84d4e01f08eb848b3fffe3f8443818d3c356c66892f5be8?s=96&d=mm&r=g\",\"caption\":\"Ag\u00eancia iNFRA\"},\"url\":\"https:\/\/agenciainfra.com\/blog\/author\/admin\/\"}]}<\/script>\n<!-- \/ Yoast SEO Premium plugin. -->","yoast_head_json":{"title":"ANEEL nega pedido de distribuidoras para suspens\u00e3o de indicadores - Ag\u00eancia iNFRA","robots":{"index":"index","follow":"follow","max-snippet":"max-snippet:-1","max-image-preview":"max-image-preview:large","max-video-preview":"max-video-preview:-1"},"canonical":"https:\/\/agenciainfra.com\/blog\/aneel-nega-pedido-de-distribuidoras-para-suspensao-de-indicadores\/","og_locale":"pt_BR","og_type":"article","og_title":"ANEEL nega pedido de distribuidoras para suspens\u00e3o de indicadores","og_description":"Geraldo Campos Jr., da Ag\u00eancia iNFRA A diretoria da ANEEL (Ag\u00eancia Nacional de Energia El\u00e9trica) negou, por unanimidade, cautelar requerida pela Abradee (Associa\u00e7\u00e3o Brasileira de Distribuidores de Energia El\u00e9trica) que pleiteava a suspens\u00e3o de metas para dois indicadores a serem incorporados no plano de resultados das distribuidoras: o TMAE (Tempo M\u00e9dio de Atendimento Emergencial) e [&hellip;]","og_url":"https:\/\/agenciainfra.com\/blog\/aneel-nega-pedido-de-distribuidoras-para-suspensao-de-indicadores\/","og_site_name":"Ag\u00eancia iNFRA","article_publisher":"https:\/\/www.facebook.com\/ageninfra","article_published_time":"2025-08-26T14:30:44+00:00","article_modified_time":"2025-08-27T13:00:41+00:00","og_image":[{"width":1280,"height":853,"url":"https:\/\/agenciainfra.com\/blog\/wp-content\/uploads\/2025\/08\/reuniao-diretoria-aneel-foto-aneel.jpg","type":"image\/jpeg"}],"author":"Ag\u00eancia iNFRA","twitter_card":"summary_large_image","twitter_creator":"@agencia_infra","twitter_site":"@agencia_infra","twitter_misc":{"Escrito por":"Ag\u00eancia iNFRA","Est. tempo de leitura":"1 minuto"},"schema":{"@context":"https:\/\/schema.org","@graph":[{"@type":"Article","@id":"https:\/\/agenciainfra.com\/blog\/aneel-nega-pedido-de-distribuidoras-para-suspensao-de-indicadores\/#article","isPartOf":{"@id":"https:\/\/agenciainfra.com\/blog\/aneel-nega-pedido-de-distribuidoras-para-suspensao-de-indicadores\/"},"author":{"name":"Ag\u00eancia iNFRA","@id":"https:\/\/agenciainfra.com\/blog\/#\/schema\/person\/34af08dff6adea4cb22b06612ba7acfa"},"headline":"ANEEL nega pedido de distribuidoras para suspens\u00e3o de indicadores","datePublished":"2025-08-26T14:30:44+00:00","dateModified":"2025-08-27T13:00:41+00:00","mainEntityOfPage":{"@id":"https:\/\/agenciainfra.com\/blog\/aneel-nega-pedido-de-distribuidoras-para-suspensao-de-indicadores\/"},"wordCount":230,"publisher":{"@id":"https:\/\/agenciainfra.com\/blog\/#organization"},"image":{"@id":"https:\/\/agenciainfra.com\/blog\/aneel-nega-pedido-de-distribuidoras-para-suspensao-de-indicadores\/#primaryimage"},"thumbnailUrl":"https:\/\/agenciainfra.com\/blog\/wp-content\/uploads\/2025\/08\/reuniao-diretoria-aneel-foto-aneel.jpg","keywords":["Abradee","ANEEL","Daniel Danna","distribuidoras de energia","Geraldo Campos Jr.","interrup\u00e7\u00f5es de longa dura\u00e7\u00e3o","Tempo M\u00e9dio de Atendimento Emergencial","TMAE"],"articleSection":["Geral","iNFRAEnergia"],"inLanguage":"pt-BR","copyrightYear":"2025","copyrightHolder":{"@id":"https:\/\/agenciainfra.com\/blog\/#organization"}},{"@type":"WebPage","@id":"https:\/\/agenciainfra.com\/blog\/aneel-nega-pedido-de-distribuidoras-para-suspensao-de-indicadores\/","url":"https:\/\/agenciainfra.com\/blog\/aneel-nega-pedido-de-distribuidoras-para-suspensao-de-indicadores\/","name":"ANEEL nega pedido de distribuidoras para suspens\u00e3o de indicadores - Ag\u00eancia iNFRA","isPartOf":{"@id":"https:\/\/agenciainfra.com\/blog\/#website"},"primaryImageOfPage":{"@id":"https:\/\/agenciainfra.com\/blog\/aneel-nega-pedido-de-distribuidoras-para-suspensao-de-indicadores\/#primaryimage"},"image":{"@id":"https:\/\/agenciainfra.com\/blog\/aneel-nega-pedido-de-distribuidoras-para-suspensao-de-indicadores\/#primaryimage"},"thumbnailUrl":"https:\/\/agenciainfra.com\/blog\/wp-content\/uploads\/2025\/08\/reuniao-diretoria-aneel-foto-aneel.jpg","datePublished":"2025-08-26T14:30:44+00:00","dateModified":"2025-08-27T13:00:41+00:00","breadcrumb":{"@id":"https:\/\/agenciainfra.com\/blog\/aneel-nega-pedido-de-distribuidoras-para-suspensao-de-indicadores\/#breadcrumb"},"inLanguage":"pt-BR","potentialAction":[{"@type":"ReadAction","target":["https:\/\/agenciainfra.com\/blog\/aneel-nega-pedido-de-distribuidoras-para-suspensao-de-indicadores\/"]}]},{"@type":"ImageObject","inLanguage":"pt-BR","@id":"https:\/\/agenciainfra.com\/blog\/aneel-nega-pedido-de-distribuidoras-para-suspensao-de-indicadores\/#primaryimage","url":"https:\/\/agenciainfra.com\/blog\/wp-content\/uploads\/2025\/08\/reuniao-diretoria-aneel-foto-aneel.jpg","contentUrl":"https:\/\/agenciainfra.com\/blog\/wp-content\/uploads\/2025\/08\/reuniao-diretoria-aneel-foto-aneel.jpg","width":1280,"height":853,"caption":"Foto: ANEEL"},{"@type":"BreadcrumbList","@id":"https:\/\/agenciainfra.com\/blog\/aneel-nega-pedido-de-distribuidoras-para-suspensao-de-indicadores\/#breadcrumb","itemListElement":[{"@type":"ListItem","position":1,"name":"In\u00edcio","item":"https:\/\/agenciainfra.com\/blog\/"},{"@type":"ListItem","position":2,"name":"ANEEL nega pedido de distribuidoras para suspens\u00e3o de indicadores"}]},{"@type":"WebSite","@id":"https:\/\/agenciainfra.com\/blog\/#website","url":"https:\/\/agenciainfra.com\/blog\/","name":"Ag\u00eancia iNFRA","description":"Multiplataforma de informa\u00e7\u00e3o jornal\u00edstica refer\u00eancia na \u00e1rea de infraestrutura no Brasil!","publisher":{"@id":"https:\/\/agenciainfra.com\/blog\/#organization"},"potentialAction":[{"@type":"SearchAction","target":{"@type":"EntryPoint","urlTemplate":"https:\/\/agenciainfra.com\/blog\/?s={search_term_string}"},"query-input":{"@type":"PropertyValueSpecification","valueRequired":true,"valueName":"search_term_string"}}],"inLanguage":"pt-BR"},{"@type":"Organization","@id":"https:\/\/agenciainfra.com\/blog\/#organization","name":"Ag\u00eancia iNFRA","url":"https:\/\/agenciainfra.com\/blog\/","logo":{"@type":"ImageObject","inLanguage":"pt-BR","@id":"https:\/\/agenciainfra.com\/blog\/#\/schema\/logo\/image\/","url":"https:\/\/agenciainfra.com\/blog\/wp-content\/uploads\/2023\/09\/iNFRA_5-e1761735885940.png","contentUrl":"https:\/\/agenciainfra.com\/blog\/wp-content\/uploads\/2023\/09\/iNFRA_5-e1761735885940.png","width":1672,"height":454,"caption":"Ag\u00eancia iNFRA"},"image":{"@id":"https:\/\/agenciainfra.com\/blog\/#\/schema\/logo\/image\/"},"sameAs":["https:\/\/www.facebook.com\/ageninfra","https:\/\/x.com\/agencia_infra","https:\/\/www.linkedin.com\/company\/ag\u00eanciainfra\/","https:\/\/www.instagram.com\/agenciainfra\/"]},{"@type":"Person","@id":"https:\/\/agenciainfra.com\/blog\/#\/schema\/person\/34af08dff6adea4cb22b06612ba7acfa","name":"Ag\u00eancia iNFRA","image":{"@type":"ImageObject","inLanguage":"pt-BR","@id":"https:\/\/agenciainfra.com\/blog\/#\/schema\/person\/image\/","url":"https:\/\/secure.gravatar.com\/avatar\/d189e01678f06d8eb84d4e01f08eb848b3fffe3f8443818d3c356c66892f5be8?s=96&d=mm&r=g","contentUrl":"https:\/\/secure.gravatar.com\/avatar\/d189e01678f06d8eb84d4e01f08eb848b3fffe3f8443818d3c356c66892f5be8?s=96&d=mm&r=g","caption":"Ag\u00eancia iNFRA"},"url":"https:\/\/agenciainfra.com\/blog\/author\/admin\/"}]}},"_links":{"self":[{"href":"https:\/\/agenciainfra.com\/blog\/wp-json\/wp\/v2\/posts\/26726","targetHints":{"allow":["GET"]}}],"collection":[{"href":"https:\/\/agenciainfra.com\/blog\/wp-json\/wp\/v2\/posts"}],"about":[{"href":"https:\/\/agenciainfra.com\/blog\/wp-json\/wp\/v2\/types\/post"}],"author":[{"embeddable":true,"href":"https:\/\/agenciainfra.com\/blog\/wp-json\/wp\/v2\/users\/1"}],"replies":[{"embeddable":true,"href":"https:\/\/agenciainfra.com\/blog\/wp-json\/wp\/v2\/comments?post=26726"}],"version-history":[{"count":1,"href":"https:\/\/agenciainfra.com\/blog\/wp-json\/wp\/v2\/posts\/26726\/revisions"}],"predecessor-version":[{"id":26728,"href":"https:\/\/agenciainfra.com\/blog\/wp-json\/wp\/v2\/posts\/26726\/revisions\/26728"}],"wp:featuredmedia":[{"embeddable":true,"href":"https:\/\/agenciainfra.com\/blog\/wp-json\/wp\/v2\/media\/26727"}],"wp:attachment":[{"href":"https:\/\/agenciainfra.com\/blog\/wp-json\/wp\/v2\/media?parent=26726"}],"wp:term":[{"taxonomy":"category","embeddable":true,"href":"https:\/\/agenciainfra.com\/blog\/wp-json\/wp\/v2\/categories?post=26726"},{"taxonomy":"post_tag","embeddable":true,"href":"https:\/\/agenciainfra.com\/blog\/wp-json\/wp\/v2\/tags?post=26726"}],"curies":[{"name":"wp","href":"https:\/\/api.w.org\/{rel}","templated":true}]}}