{"id":26752,"date":"2025-08-26T18:16:29","date_gmt":"2025-08-26T21:16:29","guid":{"rendered":"https:\/\/agenciainfra.com\/blog\/?p=26752"},"modified":"2025-08-27T15:53:36","modified_gmt":"2025-08-27T18:53:36","slug":"distribuidoras-de-gas-levam-discussao-sobre-classificacao-de-gasodutos-ao-stf","status":"publish","type":"post","link":"https:\/\/agenciainfra.com\/blog\/distribuidoras-de-gas-levam-discussao-sobre-classificacao-de-gasodutos-ao-stf\/","title":{"rendered":"Distribuidoras de g\u00e1s levam discuss\u00e3o sobre classifica\u00e7\u00e3o de gasodutos ao STF"},"content":{"rendered":"\n<p class=\"has-text-align-right\"><strong>da Ag\u00eancia iNFRA<\/strong><\/p>\n\n\n\n<p>A Abeg\u00e1s (Associa\u00e7\u00e3o Brasileira de Empresas Distribuidoras de G\u00e1s Canalizado) ingressou na \u00faltima sexta-feira (22) com uma a\u00e7\u00e3o direta de inconstitucionalidade contra um trecho da chamada Nova Lei do G\u00e1s (14.134\/2021), que classifica como gasoduto de transporte aqueles destinados \u00e0 movimenta\u00e7\u00e3o de g\u00e1s natural, cujas caracter\u00edsticas t\u00e9cnicas de di\u00e2metro, press\u00e3o e extens\u00e3o superem limites estabelecidos em regula\u00e7\u00e3o da ANP (Ag\u00eancia Nacional do Petr\u00f3leo, G\u00e1s Natural e Biocombust\u00edveis). Trata-se do inciso sexto, do artigo 7\u00ba da lei e outras men\u00e7\u00f5es \u00e0 regula\u00e7\u00e3o da ANP.<\/p>\n\n\n\n<p>Na a\u00e7\u00e3o, a Abeg\u00e1s defende que a compet\u00eancia da ANP sobre gasodutos de transporte somente poder\u00e1 recair sobre as infraestruturas situadas &#8220;a montante&#8221; dos citygates, ou seja, nas estruturas fora das regi\u00f5es metropolitanas, e portanto sem interfer\u00eancia no servi\u00e7o p\u00fablico local de g\u00e1s canalizado, que fica sob compet\u00eancia dos estados e do Distrito Federal.<\/p>\n\n\n\n<p>Os advogados da associa\u00e7\u00e3o alegam ser a norma inconstitucional por contrariar a Constitui\u00e7\u00e3o ao &#8220;permitir o avan\u00e7o da Uni\u00e3o em mat\u00e9ria de compet\u00eancia privativa dos estados e DF&#8221;, e permitir que &#8220;seja descaracterizado o servi\u00e7o p\u00fablico local de g\u00e1s canalizado em favor de atividade econ\u00f4mica em sentido estrito (transporte de g\u00e1s)&#8221;.<\/p>\n\n\n\n<p>A Abeg\u00e1s requisita, ainda, a impugna\u00e7\u00e3o de qualquer norma que eventualmente venha a ser editada para regulamentar o artigo 7.<\/p>\n\n\n\n<p>&#8220;O objetivo \u00e9 suspender ou impugnar este artigo para afastar a compet\u00eancia da ANP, pois sua aplica\u00e7\u00e3o faria com que aproximadamente 935 quil\u00f4metros de redes de distribui\u00e7\u00e3o possam ser reclassificados como sendo de transporte, causando uma transfer\u00eancia de ativos imediata para o setor privado de cerca de R$ 5 bilh\u00f5es e de, aproximadamente, R$ 37 bilh\u00f5es ao longo da concess\u00e3o, al\u00e9m de preju\u00edzos como redu\u00e7\u00e3o do valor da outorga para os Estados, redu\u00e7\u00e3o de empregos e de arrecada\u00e7\u00e3o para Estados e prefeituras&#8221;, diz em nota o o presidente executivo da Abeg\u00e1s, Marcelo Mendon\u00e7a.<\/p>\n\n\n\n<p>&#8220;Nosso entendimento \u00e9 que essa reclassifica\u00e7\u00e3o \u00e9 inconstitucional por ferir o Artigo 25, par\u00e1grafo segundo da Constitui\u00e7\u00e3o Federal de 1988, que trata do interesse local dos gasodutos de distribui\u00e7\u00e3o&#8221;, continua Mendon\u00e7a.<\/p>\n\n\n\n<p>Outro ponto de reclama\u00e7\u00e3o \u00e9 que a ANP n\u00e3o teria ouvido previamente os Estados para definir os crit\u00e9rios de classifica\u00e7\u00e3o &#8211; press\u00e3o, extens\u00e3o e di\u00e2metro &#8211; e, tamb\u00e9m, porque a minuta de reclassifica\u00e7\u00e3o proposta pela ANP imp\u00f5e retroatividade das regras \u00e0 data da edi\u00e7\u00e3o da lei, em 9 de abril de 2021.<\/p>\n\n\n\n<p>A Abeg\u00e1s pleiteia que a a\u00e7\u00e3o seja distribu\u00edda \u00e0 relatoria do ministro Edson Fachin, relator de duas a\u00e7\u00f5es no STF que tratam sobre conflito de compet\u00eancias similares. S\u00e3o elas a A\u00e7\u00e3o C\u00edvel Origin\u00e1ria n\u00ba 3.688, ajuizada pelo Estado de S\u00e3o Paulo e Arsesp (Ag\u00eancia Reguladora de Servi\u00e7os P\u00fablicos do Estado de S\u00e3o Paulo), buscando dirimir conflito federativo relativo ao Gasoduto Subida da Serra, constru\u00eddo pela Comg\u00e1s, e a ADI n\u00ba 7.834, em que a ABPIP (Associa\u00e7\u00e3o Brasileira dos Produtores Independentes de Petr\u00f3leo e G\u00e1s) busca impugnar dispositivos da Lei n\u00ba 12.505\/2025, do Estado do Maranh\u00e3o.<\/p>\n\n\n\n<p><\/p>\n","protected":false},"excerpt":{"rendered":"<p>da Ag\u00eancia iNFRA A Abeg\u00e1s (Associa\u00e7\u00e3o Brasileira de Empresas Distribuidoras de G\u00e1s Canalizado) ingressou na \u00faltima sexta-feira (22) com uma a\u00e7\u00e3o direta de inconstitucionalidade contra um trecho da chamada Nova Lei do G\u00e1s (14.134\/2021), que classifica como gasoduto de transporte aqueles destinados \u00e0 movimenta\u00e7\u00e3o de g\u00e1s natural, cujas caracter\u00edsticas t\u00e9cnicas de di\u00e2metro, press\u00e3o e extens\u00e3o [&hellip;]<\/p>\n","protected":false},"author":1,"featured_media":5811,"comment_status":"closed","ping_status":"closed","sticky":false,"template":"","format":"standard","meta":{"_monsterinsights_skip_tracking":false,"_monsterinsights_sitenote_active":false,"_monsterinsights_sitenote_note":"","_monsterinsights_sitenote_category":0,"footnotes":""},"categories":[7250,1,13271],"tags":[1150,1101,882,14987,14988,1010,3191],"class_list":["post-26752","post","type-post","status-publish","format-standard","has-post-thumbnail","hentry","category-destaque-lista","category-geral","category-oleo-gas","tag-abegas","tag-anp","tag-gas-natural","tag-gasoduto-de-transporte","tag-movimentacao-de-gas-natural","tag-nova-lei-do-gas","tag-oleo-e-gas"],"yoast_head":"<!-- This site is optimized with the Yoast SEO Premium plugin v25.4 (Yoast SEO v26.0) - https:\/\/yoast.com\/wordpress\/plugins\/seo\/ -->\n<title>Distribuidoras de g\u00e1s levam discuss\u00e3o sobre classifica\u00e7\u00e3o de gasodutos ao STF - Ag\u00eancia iNFRA<\/title>\n<meta name=\"robots\" content=\"index, follow, max-snippet:-1, max-image-preview:large, max-video-preview:-1\" \/>\n<link rel=\"canonical\" href=\"https:\/\/agenciainfra.com\/blog\/distribuidoras-de-gas-levam-discussao-sobre-classificacao-de-gasodutos-ao-stf\/\" \/>\n<meta property=\"og:locale\" content=\"pt_BR\" \/>\n<meta property=\"og:type\" content=\"article\" \/>\n<meta property=\"og:title\" content=\"Distribuidoras de g\u00e1s levam discuss\u00e3o sobre classifica\u00e7\u00e3o de gasodutos ao STF\" \/>\n<meta property=\"og:description\" content=\"da Ag\u00eancia iNFRA A Abeg\u00e1s (Associa\u00e7\u00e3o Brasileira de Empresas Distribuidoras de G\u00e1s Canalizado) ingressou na \u00faltima sexta-feira (22) com uma a\u00e7\u00e3o direta de inconstitucionalidade contra um trecho da chamada Nova Lei do G\u00e1s (14.134\/2021), que classifica como gasoduto de transporte aqueles destinados \u00e0 movimenta\u00e7\u00e3o de g\u00e1s natural, cujas caracter\u00edsticas t\u00e9cnicas de di\u00e2metro, press\u00e3o e extens\u00e3o [&hellip;]\" \/>\n<meta property=\"og:url\" content=\"https:\/\/agenciainfra.com\/blog\/distribuidoras-de-gas-levam-discussao-sobre-classificacao-de-gasodutos-ao-stf\/\" \/>\n<meta property=\"og:site_name\" content=\"Ag\u00eancia iNFRA\" \/>\n<meta property=\"article:publisher\" content=\"https:\/\/www.facebook.com\/ageninfra\" \/>\n<meta property=\"article:published_time\" content=\"2025-08-26T21:16:29+00:00\" \/>\n<meta property=\"article:modified_time\" content=\"2025-08-27T18:53:36+00:00\" \/>\n<meta property=\"og:image\" content=\"https:\/\/agenciainfra.com\/blog\/wp-content\/uploads\/2020\/09\/gasoduto-foto-saulo-cruz-mme.jpeg\" \/>\n\t<meta property=\"og:image:width\" content=\"1280\" \/>\n\t<meta property=\"og:image:height\" content=\"854\" \/>\n\t<meta property=\"og:image:type\" content=\"image\/jpeg\" \/>\n<meta name=\"author\" content=\"Ag\u00eancia iNFRA\" \/>\n<meta name=\"twitter:card\" content=\"summary_large_image\" \/>\n<meta name=\"twitter:creator\" content=\"@agencia_infra\" \/>\n<meta name=\"twitter:site\" content=\"@agencia_infra\" \/>\n<meta name=\"twitter:label1\" content=\"Escrito por\" \/>\n\t<meta name=\"twitter:data1\" content=\"Ag\u00eancia iNFRA\" \/>\n\t<meta name=\"twitter:label2\" content=\"Est. tempo de leitura\" \/>\n\t<meta name=\"twitter:data2\" content=\"3 minutos\" \/>\n<script type=\"application\/ld+json\" class=\"yoast-schema-graph\">{\"@context\":\"https:\/\/schema.org\",\"@graph\":[{\"@type\":\"Article\",\"@id\":\"https:\/\/agenciainfra.com\/blog\/distribuidoras-de-gas-levam-discussao-sobre-classificacao-de-gasodutos-ao-stf\/#article\",\"isPartOf\":{\"@id\":\"https:\/\/agenciainfra.com\/blog\/distribuidoras-de-gas-levam-discussao-sobre-classificacao-de-gasodutos-ao-stf\/\"},\"author\":{\"name\":\"Ag\u00eancia iNFRA\",\"@id\":\"https:\/\/agenciainfra.com\/blog\/#\/schema\/person\/34af08dff6adea4cb22b06612ba7acfa\"},\"headline\":\"Distribuidoras de g\u00e1s levam discuss\u00e3o sobre classifica\u00e7\u00e3o de gasodutos ao STF\",\"datePublished\":\"2025-08-26T21:16:29+00:00\",\"dateModified\":\"2025-08-27T18:53:36+00:00\",\"mainEntityOfPage\":{\"@id\":\"https:\/\/agenciainfra.com\/blog\/distribuidoras-de-gas-levam-discussao-sobre-classificacao-de-gasodutos-ao-stf\/\"},\"wordCount\":567,\"publisher\":{\"@id\":\"https:\/\/agenciainfra.com\/blog\/#organization\"},\"image\":{\"@id\":\"https:\/\/agenciainfra.com\/blog\/distribuidoras-de-gas-levam-discussao-sobre-classificacao-de-gasodutos-ao-stf\/#primaryimage\"},\"thumbnailUrl\":\"https:\/\/agenciainfra.com\/blog\/wp-content\/uploads\/2020\/09\/gasoduto-foto-saulo-cruz-mme.jpeg\",\"keywords\":[\"Abeg\u00e1s\",\"ANP\",\"g\u00e1s natural\",\"gasoduto de transporte\",\"movimenta\u00e7\u00e3o de g\u00e1s natural\",\"nova Lei do G\u00e1s\",\"\u00f3leo e g\u00e1s\"],\"articleSection\":[\"Destaque lista\",\"Geral\",\"\u00d3leo &amp; G\u00e1s\"],\"inLanguage\":\"pt-BR\",\"copyrightYear\":\"2025\",\"copyrightHolder\":{\"@id\":\"https:\/\/agenciainfra.com\/blog\/#organization\"}},{\"@type\":\"WebPage\",\"@id\":\"https:\/\/agenciainfra.com\/blog\/distribuidoras-de-gas-levam-discussao-sobre-classificacao-de-gasodutos-ao-stf\/\",\"url\":\"https:\/\/agenciainfra.com\/blog\/distribuidoras-de-gas-levam-discussao-sobre-classificacao-de-gasodutos-ao-stf\/\",\"name\":\"Distribuidoras de g\u00e1s levam discuss\u00e3o sobre classifica\u00e7\u00e3o de gasodutos ao STF - Ag\u00eancia iNFRA\",\"isPartOf\":{\"@id\":\"https:\/\/agenciainfra.com\/blog\/#website\"},\"primaryImageOfPage\":{\"@id\":\"https:\/\/agenciainfra.com\/blog\/distribuidoras-de-gas-levam-discussao-sobre-classificacao-de-gasodutos-ao-stf\/#primaryimage\"},\"image\":{\"@id\":\"https:\/\/agenciainfra.com\/blog\/distribuidoras-de-gas-levam-discussao-sobre-classificacao-de-gasodutos-ao-stf\/#primaryimage\"},\"thumbnailUrl\":\"https:\/\/agenciainfra.com\/blog\/wp-content\/uploads\/2020\/09\/gasoduto-foto-saulo-cruz-mme.jpeg\",\"datePublished\":\"2025-08-26T21:16:29+00:00\",\"dateModified\":\"2025-08-27T18:53:36+00:00\",\"breadcrumb\":{\"@id\":\"https:\/\/agenciainfra.com\/blog\/distribuidoras-de-gas-levam-discussao-sobre-classificacao-de-gasodutos-ao-stf\/#breadcrumb\"},\"inLanguage\":\"pt-BR\",\"potentialAction\":[{\"@type\":\"ReadAction\",\"target\":[\"https:\/\/agenciainfra.com\/blog\/distribuidoras-de-gas-levam-discussao-sobre-classificacao-de-gasodutos-ao-stf\/\"]}]},{\"@type\":\"ImageObject\",\"inLanguage\":\"pt-BR\",\"@id\":\"https:\/\/agenciainfra.com\/blog\/distribuidoras-de-gas-levam-discussao-sobre-classificacao-de-gasodutos-ao-stf\/#primaryimage\",\"url\":\"https:\/\/agenciainfra.com\/blog\/wp-content\/uploads\/2020\/09\/gasoduto-foto-saulo-cruz-mme.jpeg\",\"contentUrl\":\"https:\/\/agenciainfra.com\/blog\/wp-content\/uploads\/2020\/09\/gasoduto-foto-saulo-cruz-mme.jpeg\",\"width\":1280,\"height\":854,\"caption\":\"Foto: Saulo Cruz\/MME\"},{\"@type\":\"BreadcrumbList\",\"@id\":\"https:\/\/agenciainfra.com\/blog\/distribuidoras-de-gas-levam-discussao-sobre-classificacao-de-gasodutos-ao-stf\/#breadcrumb\",\"itemListElement\":[{\"@type\":\"ListItem\",\"position\":1,\"name\":\"In\u00edcio\",\"item\":\"https:\/\/agenciainfra.com\/blog\/\"},{\"@type\":\"ListItem\",\"position\":2,\"name\":\"Distribuidoras de g\u00e1s levam discuss\u00e3o sobre classifica\u00e7\u00e3o de gasodutos ao STF\"}]},{\"@type\":\"WebSite\",\"@id\":\"https:\/\/agenciainfra.com\/blog\/#website\",\"url\":\"https:\/\/agenciainfra.com\/blog\/\",\"name\":\"Ag\u00eancia iNFRA\",\"description\":\"Multiplataforma de informa\u00e7\u00e3o jornal\u00edstica refer\u00eancia na \u00e1rea de infraestrutura no Brasil!\",\"publisher\":{\"@id\":\"https:\/\/agenciainfra.com\/blog\/#organization\"},\"potentialAction\":[{\"@type\":\"SearchAction\",\"target\":{\"@type\":\"EntryPoint\",\"urlTemplate\":\"https:\/\/agenciainfra.com\/blog\/?s={search_term_string}\"},\"query-input\":{\"@type\":\"PropertyValueSpecification\",\"valueRequired\":true,\"valueName\":\"search_term_string\"}}],\"inLanguage\":\"pt-BR\"},{\"@type\":\"Organization\",\"@id\":\"https:\/\/agenciainfra.com\/blog\/#organization\",\"name\":\"Ag\u00eancia iNFRA\",\"url\":\"https:\/\/agenciainfra.com\/blog\/\",\"logo\":{\"@type\":\"ImageObject\",\"inLanguage\":\"pt-BR\",\"@id\":\"https:\/\/agenciainfra.com\/blog\/#\/schema\/logo\/image\/\",\"url\":\"https:\/\/agenciainfra.com\/blog\/wp-content\/uploads\/2023\/09\/iNFRA_5-e1761735885940.png\",\"contentUrl\":\"https:\/\/agenciainfra.com\/blog\/wp-content\/uploads\/2023\/09\/iNFRA_5-e1761735885940.png\",\"width\":1672,\"height\":454,\"caption\":\"Ag\u00eancia iNFRA\"},\"image\":{\"@id\":\"https:\/\/agenciainfra.com\/blog\/#\/schema\/logo\/image\/\"},\"sameAs\":[\"https:\/\/www.facebook.com\/ageninfra\",\"https:\/\/x.com\/agencia_infra\",\"https:\/\/www.linkedin.com\/company\/ag\u00eanciainfra\/\",\"https:\/\/www.instagram.com\/agenciainfra\/\"]},{\"@type\":\"Person\",\"@id\":\"https:\/\/agenciainfra.com\/blog\/#\/schema\/person\/34af08dff6adea4cb22b06612ba7acfa\",\"name\":\"Ag\u00eancia iNFRA\",\"image\":{\"@type\":\"ImageObject\",\"inLanguage\":\"pt-BR\",\"@id\":\"https:\/\/agenciainfra.com\/blog\/#\/schema\/person\/image\/\",\"url\":\"https:\/\/secure.gravatar.com\/avatar\/d189e01678f06d8eb84d4e01f08eb848b3fffe3f8443818d3c356c66892f5be8?s=96&d=mm&r=g\",\"contentUrl\":\"https:\/\/secure.gravatar.com\/avatar\/d189e01678f06d8eb84d4e01f08eb848b3fffe3f8443818d3c356c66892f5be8?s=96&d=mm&r=g\",\"caption\":\"Ag\u00eancia iNFRA\"},\"url\":\"https:\/\/agenciainfra.com\/blog\/author\/admin\/\"}]}<\/script>\n<!-- \/ Yoast SEO Premium plugin. -->","yoast_head_json":{"title":"Distribuidoras de g\u00e1s levam discuss\u00e3o sobre classifica\u00e7\u00e3o de gasodutos ao STF - Ag\u00eancia iNFRA","robots":{"index":"index","follow":"follow","max-snippet":"max-snippet:-1","max-image-preview":"max-image-preview:large","max-video-preview":"max-video-preview:-1"},"canonical":"https:\/\/agenciainfra.com\/blog\/distribuidoras-de-gas-levam-discussao-sobre-classificacao-de-gasodutos-ao-stf\/","og_locale":"pt_BR","og_type":"article","og_title":"Distribuidoras de g\u00e1s levam discuss\u00e3o sobre classifica\u00e7\u00e3o de gasodutos ao STF","og_description":"da Ag\u00eancia iNFRA A Abeg\u00e1s (Associa\u00e7\u00e3o Brasileira de Empresas Distribuidoras de G\u00e1s Canalizado) ingressou na \u00faltima sexta-feira (22) com uma a\u00e7\u00e3o direta de inconstitucionalidade contra um trecho da chamada Nova Lei do G\u00e1s (14.134\/2021), que classifica como gasoduto de transporte aqueles destinados \u00e0 movimenta\u00e7\u00e3o de g\u00e1s natural, cujas caracter\u00edsticas t\u00e9cnicas de di\u00e2metro, press\u00e3o e extens\u00e3o [&hellip;]","og_url":"https:\/\/agenciainfra.com\/blog\/distribuidoras-de-gas-levam-discussao-sobre-classificacao-de-gasodutos-ao-stf\/","og_site_name":"Ag\u00eancia iNFRA","article_publisher":"https:\/\/www.facebook.com\/ageninfra","article_published_time":"2025-08-26T21:16:29+00:00","article_modified_time":"2025-08-27T18:53:36+00:00","og_image":[{"width":1280,"height":854,"url":"https:\/\/agenciainfra.com\/blog\/wp-content\/uploads\/2020\/09\/gasoduto-foto-saulo-cruz-mme.jpeg","type":"image\/jpeg"}],"author":"Ag\u00eancia iNFRA","twitter_card":"summary_large_image","twitter_creator":"@agencia_infra","twitter_site":"@agencia_infra","twitter_misc":{"Escrito por":"Ag\u00eancia iNFRA","Est. tempo de leitura":"3 minutos"},"schema":{"@context":"https:\/\/schema.org","@graph":[{"@type":"Article","@id":"https:\/\/agenciainfra.com\/blog\/distribuidoras-de-gas-levam-discussao-sobre-classificacao-de-gasodutos-ao-stf\/#article","isPartOf":{"@id":"https:\/\/agenciainfra.com\/blog\/distribuidoras-de-gas-levam-discussao-sobre-classificacao-de-gasodutos-ao-stf\/"},"author":{"name":"Ag\u00eancia iNFRA","@id":"https:\/\/agenciainfra.com\/blog\/#\/schema\/person\/34af08dff6adea4cb22b06612ba7acfa"},"headline":"Distribuidoras de g\u00e1s levam discuss\u00e3o sobre classifica\u00e7\u00e3o de gasodutos ao STF","datePublished":"2025-08-26T21:16:29+00:00","dateModified":"2025-08-27T18:53:36+00:00","mainEntityOfPage":{"@id":"https:\/\/agenciainfra.com\/blog\/distribuidoras-de-gas-levam-discussao-sobre-classificacao-de-gasodutos-ao-stf\/"},"wordCount":567,"publisher":{"@id":"https:\/\/agenciainfra.com\/blog\/#organization"},"image":{"@id":"https:\/\/agenciainfra.com\/blog\/distribuidoras-de-gas-levam-discussao-sobre-classificacao-de-gasodutos-ao-stf\/#primaryimage"},"thumbnailUrl":"https:\/\/agenciainfra.com\/blog\/wp-content\/uploads\/2020\/09\/gasoduto-foto-saulo-cruz-mme.jpeg","keywords":["Abeg\u00e1s","ANP","g\u00e1s natural","gasoduto de transporte","movimenta\u00e7\u00e3o de g\u00e1s natural","nova Lei do G\u00e1s","\u00f3leo e g\u00e1s"],"articleSection":["Destaque lista","Geral","\u00d3leo &amp; G\u00e1s"],"inLanguage":"pt-BR","copyrightYear":"2025","copyrightHolder":{"@id":"https:\/\/agenciainfra.com\/blog\/#organization"}},{"@type":"WebPage","@id":"https:\/\/agenciainfra.com\/blog\/distribuidoras-de-gas-levam-discussao-sobre-classificacao-de-gasodutos-ao-stf\/","url":"https:\/\/agenciainfra.com\/blog\/distribuidoras-de-gas-levam-discussao-sobre-classificacao-de-gasodutos-ao-stf\/","name":"Distribuidoras de g\u00e1s levam discuss\u00e3o sobre classifica\u00e7\u00e3o de gasodutos ao STF - Ag\u00eancia iNFRA","isPartOf":{"@id":"https:\/\/agenciainfra.com\/blog\/#website"},"primaryImageOfPage":{"@id":"https:\/\/agenciainfra.com\/blog\/distribuidoras-de-gas-levam-discussao-sobre-classificacao-de-gasodutos-ao-stf\/#primaryimage"},"image":{"@id":"https:\/\/agenciainfra.com\/blog\/distribuidoras-de-gas-levam-discussao-sobre-classificacao-de-gasodutos-ao-stf\/#primaryimage"},"thumbnailUrl":"https:\/\/agenciainfra.com\/blog\/wp-content\/uploads\/2020\/09\/gasoduto-foto-saulo-cruz-mme.jpeg","datePublished":"2025-08-26T21:16:29+00:00","dateModified":"2025-08-27T18:53:36+00:00","breadcrumb":{"@id":"https:\/\/agenciainfra.com\/blog\/distribuidoras-de-gas-levam-discussao-sobre-classificacao-de-gasodutos-ao-stf\/#breadcrumb"},"inLanguage":"pt-BR","potentialAction":[{"@type":"ReadAction","target":["https:\/\/agenciainfra.com\/blog\/distribuidoras-de-gas-levam-discussao-sobre-classificacao-de-gasodutos-ao-stf\/"]}]},{"@type":"ImageObject","inLanguage":"pt-BR","@id":"https:\/\/agenciainfra.com\/blog\/distribuidoras-de-gas-levam-discussao-sobre-classificacao-de-gasodutos-ao-stf\/#primaryimage","url":"https:\/\/agenciainfra.com\/blog\/wp-content\/uploads\/2020\/09\/gasoduto-foto-saulo-cruz-mme.jpeg","contentUrl":"https:\/\/agenciainfra.com\/blog\/wp-content\/uploads\/2020\/09\/gasoduto-foto-saulo-cruz-mme.jpeg","width":1280,"height":854,"caption":"Foto: Saulo Cruz\/MME"},{"@type":"BreadcrumbList","@id":"https:\/\/agenciainfra.com\/blog\/distribuidoras-de-gas-levam-discussao-sobre-classificacao-de-gasodutos-ao-stf\/#breadcrumb","itemListElement":[{"@type":"ListItem","position":1,"name":"In\u00edcio","item":"https:\/\/agenciainfra.com\/blog\/"},{"@type":"ListItem","position":2,"name":"Distribuidoras de g\u00e1s levam discuss\u00e3o sobre classifica\u00e7\u00e3o de gasodutos ao STF"}]},{"@type":"WebSite","@id":"https:\/\/agenciainfra.com\/blog\/#website","url":"https:\/\/agenciainfra.com\/blog\/","name":"Ag\u00eancia iNFRA","description":"Multiplataforma de informa\u00e7\u00e3o jornal\u00edstica refer\u00eancia na \u00e1rea de infraestrutura no Brasil!","publisher":{"@id":"https:\/\/agenciainfra.com\/blog\/#organization"},"potentialAction":[{"@type":"SearchAction","target":{"@type":"EntryPoint","urlTemplate":"https:\/\/agenciainfra.com\/blog\/?s={search_term_string}"},"query-input":{"@type":"PropertyValueSpecification","valueRequired":true,"valueName":"search_term_string"}}],"inLanguage":"pt-BR"},{"@type":"Organization","@id":"https:\/\/agenciainfra.com\/blog\/#organization","name":"Ag\u00eancia iNFRA","url":"https:\/\/agenciainfra.com\/blog\/","logo":{"@type":"ImageObject","inLanguage":"pt-BR","@id":"https:\/\/agenciainfra.com\/blog\/#\/schema\/logo\/image\/","url":"https:\/\/agenciainfra.com\/blog\/wp-content\/uploads\/2023\/09\/iNFRA_5-e1761735885940.png","contentUrl":"https:\/\/agenciainfra.com\/blog\/wp-content\/uploads\/2023\/09\/iNFRA_5-e1761735885940.png","width":1672,"height":454,"caption":"Ag\u00eancia iNFRA"},"image":{"@id":"https:\/\/agenciainfra.com\/blog\/#\/schema\/logo\/image\/"},"sameAs":["https:\/\/www.facebook.com\/ageninfra","https:\/\/x.com\/agencia_infra","https:\/\/www.linkedin.com\/company\/ag\u00eanciainfra\/","https:\/\/www.instagram.com\/agenciainfra\/"]},{"@type":"Person","@id":"https:\/\/agenciainfra.com\/blog\/#\/schema\/person\/34af08dff6adea4cb22b06612ba7acfa","name":"Ag\u00eancia iNFRA","image":{"@type":"ImageObject","inLanguage":"pt-BR","@id":"https:\/\/agenciainfra.com\/blog\/#\/schema\/person\/image\/","url":"https:\/\/secure.gravatar.com\/avatar\/d189e01678f06d8eb84d4e01f08eb848b3fffe3f8443818d3c356c66892f5be8?s=96&d=mm&r=g","contentUrl":"https:\/\/secure.gravatar.com\/avatar\/d189e01678f06d8eb84d4e01f08eb848b3fffe3f8443818d3c356c66892f5be8?s=96&d=mm&r=g","caption":"Ag\u00eancia iNFRA"},"url":"https:\/\/agenciainfra.com\/blog\/author\/admin\/"}]}},"_links":{"self":[{"href":"https:\/\/agenciainfra.com\/blog\/wp-json\/wp\/v2\/posts\/26752","targetHints":{"allow":["GET"]}}],"collection":[{"href":"https:\/\/agenciainfra.com\/blog\/wp-json\/wp\/v2\/posts"}],"about":[{"href":"https:\/\/agenciainfra.com\/blog\/wp-json\/wp\/v2\/types\/post"}],"author":[{"embeddable":true,"href":"https:\/\/agenciainfra.com\/blog\/wp-json\/wp\/v2\/users\/1"}],"replies":[{"embeddable":true,"href":"https:\/\/agenciainfra.com\/blog\/wp-json\/wp\/v2\/comments?post=26752"}],"version-history":[{"count":1,"href":"https:\/\/agenciainfra.com\/blog\/wp-json\/wp\/v2\/posts\/26752\/revisions"}],"predecessor-version":[{"id":26756,"href":"https:\/\/agenciainfra.com\/blog\/wp-json\/wp\/v2\/posts\/26752\/revisions\/26756"}],"wp:featuredmedia":[{"embeddable":true,"href":"https:\/\/agenciainfra.com\/blog\/wp-json\/wp\/v2\/media\/5811"}],"wp:attachment":[{"href":"https:\/\/agenciainfra.com\/blog\/wp-json\/wp\/v2\/media?parent=26752"}],"wp:term":[{"taxonomy":"category","embeddable":true,"href":"https:\/\/agenciainfra.com\/blog\/wp-json\/wp\/v2\/categories?post=26752"},{"taxonomy":"post_tag","embeddable":true,"href":"https:\/\/agenciainfra.com\/blog\/wp-json\/wp\/v2\/tags?post=26752"}],"curies":[{"name":"wp","href":"https:\/\/api.w.org\/{rel}","templated":true}]}}