{"id":26774,"date":"2025-08-27T09:58:27","date_gmt":"2025-08-27T12:58:27","guid":{"rendered":"https:\/\/agenciainfra.com\/blog\/?p=26774"},"modified":"2025-08-28T08:10:53","modified_gmt":"2025-08-28T11:10:53","slug":"area-tecnica-do-tcu-deve-se-opor-a-leilao-do-tecon-10-em-duas-fases","status":"publish","type":"post","link":"https:\/\/agenciainfra.com\/blog\/area-tecnica-do-tcu-deve-se-opor-a-leilao-do-tecon-10-em-duas-fases\/","title":{"rendered":"\u00c1rea t\u00e9cnica do TCU deve se opor a restri\u00e7\u00f5es em leil\u00e3o de megaterminal"},"content":{"rendered":"\n<p class=\"has-text-align-right\"><strong>da Ag\u00eancia iNFRA<\/strong><\/p>\n\n\n\n<p>A \u00e1rea t\u00e9cnica do TCU (Tribunal de Contas da Uni\u00e3o) indicou que deve se opor ao modelo de leil\u00e3o faseado do projeto do Tecon Santos 10, planejado para o Porto de Santos. Segundo apurou a<strong>\u00a0Ag\u00eancia iNFRA<\/strong>, em relat\u00f3rio preliminar, a AudPortoFerrovia (Unidade de Auditoria Especializada em Infraestrutura Portu\u00e1ria\u00a0e Ferrovi\u00e1ria) da corte recomenda que o governo realize o\u00a0certame em uma \u00fanica etapa, sem veto \u00e0 participa\u00e7\u00e3o de empresas que j\u00e1 est\u00e3o no Porto de Santos. Se uma dessas companhias vencer a licita\u00e7\u00e3o, teriam ent\u00e3o de realizar o desinvestimento de seus ativos atuais.<br><br>O leil\u00e3o em duas fases foi desenhado pela ANTAQ (Ag\u00eancia Nacional de Transportes Aquavi\u00e1rios) e enviado ao TCU pelo MPor (Minist\u00e9rio de Portos e Aeroportos) sem altera\u00e7\u00f5es. A justificativa da ag\u00eancia de proibir a participa\u00e7\u00e3o de operadoras que j\u00e1 est\u00e3o em Santos foi de evitar a concentra\u00e7\u00e3o no mercado de movimenta\u00e7\u00e3o de cont\u00eaineres. Cr\u00edticos a esse desenho, contudo, argumentam que o faseamento n\u00e3o seria necess\u00e1rio havendo a op\u00e7\u00e3o de exigir que as empresas com atividades no porto\u00a0se desfa\u00e7am de seus ativos se levarem o megaterminal.\u00a0<br><br>A \u00e1rea t\u00e9cnica da corte, que \u00e9 respons\u00e1vel por analisar os estudos de viabilidade do\u00a0projeto para subsidiar a decis\u00e3o do plen\u00e1rio do TCU, por sua vez, encaminha-se para recomendar um modelo de leil\u00e3o mais similar ao que t\u00e9cnicos da ANTAQ sugeriram inicialmente. O documento com a an\u00e1lise da auditoria especializada foi encaminhado nesta segunda-feira (25) para coment\u00e1rios dos gestores, que ter\u00e3o prazo de 15 dias para apresentar pondera\u00e7\u00f5es ou justificativas. Depois dessa resposta \u00e9 que vir\u00e1 um relat\u00f3rio final que vai ao relator do processo ministro Antonio Anastasia.<br><br>Nessa proposta preliminar, para que as empresas que j\u00e1 est\u00e3o no porto participem e uma eventual vit\u00f3ria n\u00e3o cause\u00a0preju\u00edzos \u00e0 concorr\u00eancia, a entrada delas na disputa precisaria estar acompanhada ou\u00a0de rem\u00e9dios desenhados junto ao Cade (Conselho Administrativo de Defesa Econ\u00f4mica) ou da exig\u00eancia de desinvestimento.\u00a0<br><br>A indica\u00e7\u00e3o da \u00e1rea t\u00e9cnica do TCU tamb\u00e9m se assemelha ao <a href=\"https:\/\/agenciainfra.com\/blog\/parecer-da-fazenda-para-leilao-do-tecon-santos-10-mobiliza-interessados\/\">entendimento da Seae<\/a> (Subsecretaria de Acompanhamento Econ\u00f4mico e Regula\u00e7\u00e3o) do Minist\u00e9rio da Fazenda. A posi\u00e7\u00e3o final da auditoria, por sua vez, ainda ser\u00e1 fechada. Na etapa atual, os t\u00e9cnicos da corte enviaram suas considera\u00e7\u00f5es \u00e0 ANTAQ e, antes de conclu\u00edrem suas recomenda\u00e7\u00f5es, devem analisar o retorno da ag\u00eancia reguladora. A posi\u00e7\u00e3o da \u00e1rea t\u00e9cnica da corte n\u00e3o \u00e9 vinculante e, no plen\u00e1rio, os ministros podem seguir posi\u00e7\u00f5es distintas.<br><br><strong>Outras mudan\u00e7as<\/strong><br>Segundo apurou a\u00a0<strong>Ag\u00eancia iNFRA<\/strong>, a unidade t\u00e9cnica do tribunal tamb\u00e9m quer da ANTAQ regras mais claras sobre os processos de an\u00e1lise concorrencial feitos nos projetos de licita\u00e7\u00e3o. Al\u00e9m disso, chamou aten\u00e7\u00e3o do \u00f3rg\u00e3o de que ajustes relevantes nas modelagens feitas pela ag\u00eancia deveriam ser sucedidos de nova audi\u00eancia p\u00fablica, se essa etapa j\u00e1 tiver sido realizada antes de mudan\u00e7as grandes nos projetos.<br><br>H\u00e1 outros indicativos de mudan\u00e7as al\u00e9m do tema concorrencial, como por exemplo os estudos de manobrabilidade dos navios considerarem o terminal de passageiros do porto, a determina\u00e7\u00e3o para que o arrendat\u00e1rio construa uma estrutura ferrovi\u00e1ria interna de forma obrigat\u00f3ria, a inclus\u00e3o de indicadores de performance do novo operador e a dragagem do ber\u00e7o para 17 metros de profundidade.<\/p>\n","protected":false},"excerpt":{"rendered":"<p>da Ag\u00eancia iNFRA A \u00e1rea t\u00e9cnica do TCU (Tribunal de Contas da Uni\u00e3o) indicou que deve se opor ao modelo de leil\u00e3o faseado do projeto do Tecon Santos 10, planejado para o Porto de Santos. Segundo apurou a\u00a0Ag\u00eancia iNFRA, em relat\u00f3rio preliminar, a AudPortoFerrovia (Unidade de Auditoria Especializada em Infraestrutura Portu\u00e1ria\u00a0e Ferrovi\u00e1ria) da corte recomenda [&hellip;]<\/p>\n","protected":false},"author":1,"featured_media":17910,"comment_status":"closed","ping_status":"closed","sticky":false,"template":"","format":"standard","meta":{"_monsterinsights_skip_tracking":false,"_monsterinsights_sitenote_active":false,"_monsterinsights_sitenote_note":"","_monsterinsights_sitenote_category":0,"footnotes":""},"categories":[1,7],"tags":[86,3252,371,6585,260,18,12352,12474,1634],"class_list":["post-26774","post","type-post","status-publish","format-standard","has-post-thumbnail","hentry","category-geral","category-infratransporte","tag-antaq","tag-antonio-anastasia","tag-cade","tag-ministerio-da-fazenda","tag-porto-de-santos","tag-tcu","tag-tecon-10","tag-tecon-santos-10","tag-terminal-de-conteineres"],"yoast_head":"<!-- This site is optimized with the Yoast SEO Premium plugin v25.4 (Yoast SEO v26.0) - https:\/\/yoast.com\/wordpress\/plugins\/seo\/ -->\n<title>\u00c1rea t\u00e9cnica do TCU deve se opor a restri\u00e7\u00f5es em leil\u00e3o de megaterminal - Ag\u00eancia iNFRA<\/title>\n<meta name=\"robots\" content=\"index, follow, max-snippet:-1, max-image-preview:large, max-video-preview:-1\" \/>\n<link rel=\"canonical\" href=\"https:\/\/agenciainfra.com\/blog\/area-tecnica-do-tcu-deve-se-opor-a-leilao-do-tecon-10-em-duas-fases\/\" \/>\n<meta property=\"og:locale\" content=\"pt_BR\" \/>\n<meta property=\"og:type\" content=\"article\" \/>\n<meta property=\"og:title\" content=\"\u00c1rea t\u00e9cnica do TCU deve se opor a restri\u00e7\u00f5es em leil\u00e3o de megaterminal\" \/>\n<meta property=\"og:description\" content=\"da Ag\u00eancia iNFRA A \u00e1rea t\u00e9cnica do TCU (Tribunal de Contas da Uni\u00e3o) indicou que deve se opor ao modelo de leil\u00e3o faseado do projeto do Tecon Santos 10, planejado para o Porto de Santos. Segundo apurou a\u00a0Ag\u00eancia iNFRA, em relat\u00f3rio preliminar, a AudPortoFerrovia (Unidade de Auditoria Especializada em Infraestrutura Portu\u00e1ria\u00a0e Ferrovi\u00e1ria) da corte recomenda [&hellip;]\" \/>\n<meta property=\"og:url\" content=\"https:\/\/agenciainfra.com\/blog\/area-tecnica-do-tcu-deve-se-opor-a-leilao-do-tecon-10-em-duas-fases\/\" \/>\n<meta property=\"og:site_name\" content=\"Ag\u00eancia iNFRA\" \/>\n<meta property=\"article:publisher\" content=\"https:\/\/www.facebook.com\/ageninfra\" \/>\n<meta property=\"article:published_time\" content=\"2025-08-27T12:58:27+00:00\" \/>\n<meta property=\"article:modified_time\" content=\"2025-08-28T11:10:53+00:00\" \/>\n<meta property=\"og:image\" content=\"https:\/\/agenciainfra.com\/blog\/wp-content\/uploads\/2024\/07\/predio-fachada-tcu-foto-agencia-brasil-valter-campanato.jpg\" \/>\n\t<meta property=\"og:image:width\" content=\"1202\" \/>\n\t<meta property=\"og:image:height\" content=\"801\" \/>\n\t<meta property=\"og:image:type\" content=\"image\/jpeg\" \/>\n<meta name=\"author\" content=\"Ag\u00eancia iNFRA\" \/>\n<meta name=\"twitter:card\" content=\"summary_large_image\" \/>\n<meta name=\"twitter:creator\" content=\"@agencia_infra\" \/>\n<meta name=\"twitter:site\" content=\"@agencia_infra\" \/>\n<meta name=\"twitter:label1\" content=\"Escrito por\" \/>\n\t<meta name=\"twitter:data1\" content=\"Ag\u00eancia iNFRA\" \/>\n\t<meta name=\"twitter:label2\" content=\"Est. tempo de leitura\" \/>\n\t<meta name=\"twitter:data2\" content=\"3 minutos\" \/>\n<script type=\"application\/ld+json\" class=\"yoast-schema-graph\">{\"@context\":\"https:\/\/schema.org\",\"@graph\":[{\"@type\":\"Article\",\"@id\":\"https:\/\/agenciainfra.com\/blog\/area-tecnica-do-tcu-deve-se-opor-a-leilao-do-tecon-10-em-duas-fases\/#article\",\"isPartOf\":{\"@id\":\"https:\/\/agenciainfra.com\/blog\/area-tecnica-do-tcu-deve-se-opor-a-leilao-do-tecon-10-em-duas-fases\/\"},\"author\":{\"name\":\"Ag\u00eancia iNFRA\",\"@id\":\"https:\/\/agenciainfra.com\/blog\/#\/schema\/person\/34af08dff6adea4cb22b06612ba7acfa\"},\"headline\":\"\u00c1rea t\u00e9cnica do TCU deve se opor a restri\u00e7\u00f5es em leil\u00e3o de megaterminal\",\"datePublished\":\"2025-08-27T12:58:27+00:00\",\"dateModified\":\"2025-08-28T11:10:53+00:00\",\"mainEntityOfPage\":{\"@id\":\"https:\/\/agenciainfra.com\/blog\/area-tecnica-do-tcu-deve-se-opor-a-leilao-do-tecon-10-em-duas-fases\/\"},\"wordCount\":612,\"publisher\":{\"@id\":\"https:\/\/agenciainfra.com\/blog\/#organization\"},\"image\":{\"@id\":\"https:\/\/agenciainfra.com\/blog\/area-tecnica-do-tcu-deve-se-opor-a-leilao-do-tecon-10-em-duas-fases\/#primaryimage\"},\"thumbnailUrl\":\"https:\/\/agenciainfra.com\/blog\/wp-content\/uploads\/2024\/07\/predio-fachada-tcu-foto-agencia-brasil-valter-campanato.jpg\",\"keywords\":[\"ANTAQ\",\"Antonio Anastasia\",\"Cade\",\"Minist\u00e9rio da Fazenda\",\"Porto de Santos\",\"TCU\",\"Tecon 10\",\"Tecon Santos 10\",\"terminal de cont\u00eaineres\"],\"articleSection\":[\"Geral\",\"iNFRATransporte\"],\"inLanguage\":\"pt-BR\",\"copyrightYear\":\"2025\",\"copyrightHolder\":{\"@id\":\"https:\/\/agenciainfra.com\/blog\/#organization\"}},{\"@type\":\"WebPage\",\"@id\":\"https:\/\/agenciainfra.com\/blog\/area-tecnica-do-tcu-deve-se-opor-a-leilao-do-tecon-10-em-duas-fases\/\",\"url\":\"https:\/\/agenciainfra.com\/blog\/area-tecnica-do-tcu-deve-se-opor-a-leilao-do-tecon-10-em-duas-fases\/\",\"name\":\"\u00c1rea t\u00e9cnica do TCU deve se opor a restri\u00e7\u00f5es em leil\u00e3o de megaterminal - Ag\u00eancia iNFRA\",\"isPartOf\":{\"@id\":\"https:\/\/agenciainfra.com\/blog\/#website\"},\"primaryImageOfPage\":{\"@id\":\"https:\/\/agenciainfra.com\/blog\/area-tecnica-do-tcu-deve-se-opor-a-leilao-do-tecon-10-em-duas-fases\/#primaryimage\"},\"image\":{\"@id\":\"https:\/\/agenciainfra.com\/blog\/area-tecnica-do-tcu-deve-se-opor-a-leilao-do-tecon-10-em-duas-fases\/#primaryimage\"},\"thumbnailUrl\":\"https:\/\/agenciainfra.com\/blog\/wp-content\/uploads\/2024\/07\/predio-fachada-tcu-foto-agencia-brasil-valter-campanato.jpg\",\"datePublished\":\"2025-08-27T12:58:27+00:00\",\"dateModified\":\"2025-08-28T11:10:53+00:00\",\"breadcrumb\":{\"@id\":\"https:\/\/agenciainfra.com\/blog\/area-tecnica-do-tcu-deve-se-opor-a-leilao-do-tecon-10-em-duas-fases\/#breadcrumb\"},\"inLanguage\":\"pt-BR\",\"potentialAction\":[{\"@type\":\"ReadAction\",\"target\":[\"https:\/\/agenciainfra.com\/blog\/area-tecnica-do-tcu-deve-se-opor-a-leilao-do-tecon-10-em-duas-fases\/\"]}]},{\"@type\":\"ImageObject\",\"inLanguage\":\"pt-BR\",\"@id\":\"https:\/\/agenciainfra.com\/blog\/area-tecnica-do-tcu-deve-se-opor-a-leilao-do-tecon-10-em-duas-fases\/#primaryimage\",\"url\":\"https:\/\/agenciainfra.com\/blog\/wp-content\/uploads\/2024\/07\/predio-fachada-tcu-foto-agencia-brasil-valter-campanato.jpg\",\"contentUrl\":\"https:\/\/agenciainfra.com\/blog\/wp-content\/uploads\/2024\/07\/predio-fachada-tcu-foto-agencia-brasil-valter-campanato.jpg\",\"width\":1202,\"height\":801,\"caption\":\"Foto: Valter Campanato\/Ag\u00eancia Brasil\"},{\"@type\":\"BreadcrumbList\",\"@id\":\"https:\/\/agenciainfra.com\/blog\/area-tecnica-do-tcu-deve-se-opor-a-leilao-do-tecon-10-em-duas-fases\/#breadcrumb\",\"itemListElement\":[{\"@type\":\"ListItem\",\"position\":1,\"name\":\"In\u00edcio\",\"item\":\"https:\/\/agenciainfra.com\/blog\/\"},{\"@type\":\"ListItem\",\"position\":2,\"name\":\"\u00c1rea t\u00e9cnica do TCU deve se opor a restri\u00e7\u00f5es em leil\u00e3o de megaterminal\"}]},{\"@type\":\"WebSite\",\"@id\":\"https:\/\/agenciainfra.com\/blog\/#website\",\"url\":\"https:\/\/agenciainfra.com\/blog\/\",\"name\":\"Ag\u00eancia iNFRA\",\"description\":\"Multiplataforma de informa\u00e7\u00e3o jornal\u00edstica refer\u00eancia na \u00e1rea de infraestrutura no Brasil!\",\"publisher\":{\"@id\":\"https:\/\/agenciainfra.com\/blog\/#organization\"},\"potentialAction\":[{\"@type\":\"SearchAction\",\"target\":{\"@type\":\"EntryPoint\",\"urlTemplate\":\"https:\/\/agenciainfra.com\/blog\/?s={search_term_string}\"},\"query-input\":{\"@type\":\"PropertyValueSpecification\",\"valueRequired\":true,\"valueName\":\"search_term_string\"}}],\"inLanguage\":\"pt-BR\"},{\"@type\":\"Organization\",\"@id\":\"https:\/\/agenciainfra.com\/blog\/#organization\",\"name\":\"Ag\u00eancia iNFRA\",\"url\":\"https:\/\/agenciainfra.com\/blog\/\",\"logo\":{\"@type\":\"ImageObject\",\"inLanguage\":\"pt-BR\",\"@id\":\"https:\/\/agenciainfra.com\/blog\/#\/schema\/logo\/image\/\",\"url\":\"https:\/\/agenciainfra.com\/blog\/wp-content\/uploads\/2023\/09\/iNFRA_5-e1761735885940.png\",\"contentUrl\":\"https:\/\/agenciainfra.com\/blog\/wp-content\/uploads\/2023\/09\/iNFRA_5-e1761735885940.png\",\"width\":1672,\"height\":454,\"caption\":\"Ag\u00eancia iNFRA\"},\"image\":{\"@id\":\"https:\/\/agenciainfra.com\/blog\/#\/schema\/logo\/image\/\"},\"sameAs\":[\"https:\/\/www.facebook.com\/ageninfra\",\"https:\/\/x.com\/agencia_infra\",\"https:\/\/www.linkedin.com\/company\/ag\u00eanciainfra\/\",\"https:\/\/www.instagram.com\/agenciainfra\/\"]},{\"@type\":\"Person\",\"@id\":\"https:\/\/agenciainfra.com\/blog\/#\/schema\/person\/34af08dff6adea4cb22b06612ba7acfa\",\"name\":\"Ag\u00eancia iNFRA\",\"image\":{\"@type\":\"ImageObject\",\"inLanguage\":\"pt-BR\",\"@id\":\"https:\/\/agenciainfra.com\/blog\/#\/schema\/person\/image\/\",\"url\":\"https:\/\/secure.gravatar.com\/avatar\/d189e01678f06d8eb84d4e01f08eb848b3fffe3f8443818d3c356c66892f5be8?s=96&d=mm&r=g\",\"contentUrl\":\"https:\/\/secure.gravatar.com\/avatar\/d189e01678f06d8eb84d4e01f08eb848b3fffe3f8443818d3c356c66892f5be8?s=96&d=mm&r=g\",\"caption\":\"Ag\u00eancia iNFRA\"},\"url\":\"https:\/\/agenciainfra.com\/blog\/author\/admin\/\"}]}<\/script>\n<!-- \/ Yoast SEO Premium plugin. -->","yoast_head_json":{"title":"\u00c1rea t\u00e9cnica do TCU deve se opor a restri\u00e7\u00f5es em leil\u00e3o de megaterminal - Ag\u00eancia iNFRA","robots":{"index":"index","follow":"follow","max-snippet":"max-snippet:-1","max-image-preview":"max-image-preview:large","max-video-preview":"max-video-preview:-1"},"canonical":"https:\/\/agenciainfra.com\/blog\/area-tecnica-do-tcu-deve-se-opor-a-leilao-do-tecon-10-em-duas-fases\/","og_locale":"pt_BR","og_type":"article","og_title":"\u00c1rea t\u00e9cnica do TCU deve se opor a restri\u00e7\u00f5es em leil\u00e3o de megaterminal","og_description":"da Ag\u00eancia iNFRA A \u00e1rea t\u00e9cnica do TCU (Tribunal de Contas da Uni\u00e3o) indicou que deve se opor ao modelo de leil\u00e3o faseado do projeto do Tecon Santos 10, planejado para o Porto de Santos. Segundo apurou a\u00a0Ag\u00eancia iNFRA, em relat\u00f3rio preliminar, a AudPortoFerrovia (Unidade de Auditoria Especializada em Infraestrutura Portu\u00e1ria\u00a0e Ferrovi\u00e1ria) da corte recomenda [&hellip;]","og_url":"https:\/\/agenciainfra.com\/blog\/area-tecnica-do-tcu-deve-se-opor-a-leilao-do-tecon-10-em-duas-fases\/","og_site_name":"Ag\u00eancia iNFRA","article_publisher":"https:\/\/www.facebook.com\/ageninfra","article_published_time":"2025-08-27T12:58:27+00:00","article_modified_time":"2025-08-28T11:10:53+00:00","og_image":[{"width":1202,"height":801,"url":"https:\/\/agenciainfra.com\/blog\/wp-content\/uploads\/2024\/07\/predio-fachada-tcu-foto-agencia-brasil-valter-campanato.jpg","type":"image\/jpeg"}],"author":"Ag\u00eancia iNFRA","twitter_card":"summary_large_image","twitter_creator":"@agencia_infra","twitter_site":"@agencia_infra","twitter_misc":{"Escrito por":"Ag\u00eancia iNFRA","Est. tempo de leitura":"3 minutos"},"schema":{"@context":"https:\/\/schema.org","@graph":[{"@type":"Article","@id":"https:\/\/agenciainfra.com\/blog\/area-tecnica-do-tcu-deve-se-opor-a-leilao-do-tecon-10-em-duas-fases\/#article","isPartOf":{"@id":"https:\/\/agenciainfra.com\/blog\/area-tecnica-do-tcu-deve-se-opor-a-leilao-do-tecon-10-em-duas-fases\/"},"author":{"name":"Ag\u00eancia iNFRA","@id":"https:\/\/agenciainfra.com\/blog\/#\/schema\/person\/34af08dff6adea4cb22b06612ba7acfa"},"headline":"\u00c1rea t\u00e9cnica do TCU deve se opor a restri\u00e7\u00f5es em leil\u00e3o de megaterminal","datePublished":"2025-08-27T12:58:27+00:00","dateModified":"2025-08-28T11:10:53+00:00","mainEntityOfPage":{"@id":"https:\/\/agenciainfra.com\/blog\/area-tecnica-do-tcu-deve-se-opor-a-leilao-do-tecon-10-em-duas-fases\/"},"wordCount":612,"publisher":{"@id":"https:\/\/agenciainfra.com\/blog\/#organization"},"image":{"@id":"https:\/\/agenciainfra.com\/blog\/area-tecnica-do-tcu-deve-se-opor-a-leilao-do-tecon-10-em-duas-fases\/#primaryimage"},"thumbnailUrl":"https:\/\/agenciainfra.com\/blog\/wp-content\/uploads\/2024\/07\/predio-fachada-tcu-foto-agencia-brasil-valter-campanato.jpg","keywords":["ANTAQ","Antonio Anastasia","Cade","Minist\u00e9rio da Fazenda","Porto de Santos","TCU","Tecon 10","Tecon Santos 10","terminal de cont\u00eaineres"],"articleSection":["Geral","iNFRATransporte"],"inLanguage":"pt-BR","copyrightYear":"2025","copyrightHolder":{"@id":"https:\/\/agenciainfra.com\/blog\/#organization"}},{"@type":"WebPage","@id":"https:\/\/agenciainfra.com\/blog\/area-tecnica-do-tcu-deve-se-opor-a-leilao-do-tecon-10-em-duas-fases\/","url":"https:\/\/agenciainfra.com\/blog\/area-tecnica-do-tcu-deve-se-opor-a-leilao-do-tecon-10-em-duas-fases\/","name":"\u00c1rea t\u00e9cnica do TCU deve se opor a restri\u00e7\u00f5es em leil\u00e3o de megaterminal - Ag\u00eancia iNFRA","isPartOf":{"@id":"https:\/\/agenciainfra.com\/blog\/#website"},"primaryImageOfPage":{"@id":"https:\/\/agenciainfra.com\/blog\/area-tecnica-do-tcu-deve-se-opor-a-leilao-do-tecon-10-em-duas-fases\/#primaryimage"},"image":{"@id":"https:\/\/agenciainfra.com\/blog\/area-tecnica-do-tcu-deve-se-opor-a-leilao-do-tecon-10-em-duas-fases\/#primaryimage"},"thumbnailUrl":"https:\/\/agenciainfra.com\/blog\/wp-content\/uploads\/2024\/07\/predio-fachada-tcu-foto-agencia-brasil-valter-campanato.jpg","datePublished":"2025-08-27T12:58:27+00:00","dateModified":"2025-08-28T11:10:53+00:00","breadcrumb":{"@id":"https:\/\/agenciainfra.com\/blog\/area-tecnica-do-tcu-deve-se-opor-a-leilao-do-tecon-10-em-duas-fases\/#breadcrumb"},"inLanguage":"pt-BR","potentialAction":[{"@type":"ReadAction","target":["https:\/\/agenciainfra.com\/blog\/area-tecnica-do-tcu-deve-se-opor-a-leilao-do-tecon-10-em-duas-fases\/"]}]},{"@type":"ImageObject","inLanguage":"pt-BR","@id":"https:\/\/agenciainfra.com\/blog\/area-tecnica-do-tcu-deve-se-opor-a-leilao-do-tecon-10-em-duas-fases\/#primaryimage","url":"https:\/\/agenciainfra.com\/blog\/wp-content\/uploads\/2024\/07\/predio-fachada-tcu-foto-agencia-brasil-valter-campanato.jpg","contentUrl":"https:\/\/agenciainfra.com\/blog\/wp-content\/uploads\/2024\/07\/predio-fachada-tcu-foto-agencia-brasil-valter-campanato.jpg","width":1202,"height":801,"caption":"Foto: Valter Campanato\/Ag\u00eancia Brasil"},{"@type":"BreadcrumbList","@id":"https:\/\/agenciainfra.com\/blog\/area-tecnica-do-tcu-deve-se-opor-a-leilao-do-tecon-10-em-duas-fases\/#breadcrumb","itemListElement":[{"@type":"ListItem","position":1,"name":"In\u00edcio","item":"https:\/\/agenciainfra.com\/blog\/"},{"@type":"ListItem","position":2,"name":"\u00c1rea t\u00e9cnica do TCU deve se opor a restri\u00e7\u00f5es em leil\u00e3o de megaterminal"}]},{"@type":"WebSite","@id":"https:\/\/agenciainfra.com\/blog\/#website","url":"https:\/\/agenciainfra.com\/blog\/","name":"Ag\u00eancia iNFRA","description":"Multiplataforma de informa\u00e7\u00e3o jornal\u00edstica refer\u00eancia na \u00e1rea de infraestrutura no Brasil!","publisher":{"@id":"https:\/\/agenciainfra.com\/blog\/#organization"},"potentialAction":[{"@type":"SearchAction","target":{"@type":"EntryPoint","urlTemplate":"https:\/\/agenciainfra.com\/blog\/?s={search_term_string}"},"query-input":{"@type":"PropertyValueSpecification","valueRequired":true,"valueName":"search_term_string"}}],"inLanguage":"pt-BR"},{"@type":"Organization","@id":"https:\/\/agenciainfra.com\/blog\/#organization","name":"Ag\u00eancia iNFRA","url":"https:\/\/agenciainfra.com\/blog\/","logo":{"@type":"ImageObject","inLanguage":"pt-BR","@id":"https:\/\/agenciainfra.com\/blog\/#\/schema\/logo\/image\/","url":"https:\/\/agenciainfra.com\/blog\/wp-content\/uploads\/2023\/09\/iNFRA_5-e1761735885940.png","contentUrl":"https:\/\/agenciainfra.com\/blog\/wp-content\/uploads\/2023\/09\/iNFRA_5-e1761735885940.png","width":1672,"height":454,"caption":"Ag\u00eancia iNFRA"},"image":{"@id":"https:\/\/agenciainfra.com\/blog\/#\/schema\/logo\/image\/"},"sameAs":["https:\/\/www.facebook.com\/ageninfra","https:\/\/x.com\/agencia_infra","https:\/\/www.linkedin.com\/company\/ag\u00eanciainfra\/","https:\/\/www.instagram.com\/agenciainfra\/"]},{"@type":"Person","@id":"https:\/\/agenciainfra.com\/blog\/#\/schema\/person\/34af08dff6adea4cb22b06612ba7acfa","name":"Ag\u00eancia iNFRA","image":{"@type":"ImageObject","inLanguage":"pt-BR","@id":"https:\/\/agenciainfra.com\/blog\/#\/schema\/person\/image\/","url":"https:\/\/secure.gravatar.com\/avatar\/d189e01678f06d8eb84d4e01f08eb848b3fffe3f8443818d3c356c66892f5be8?s=96&d=mm&r=g","contentUrl":"https:\/\/secure.gravatar.com\/avatar\/d189e01678f06d8eb84d4e01f08eb848b3fffe3f8443818d3c356c66892f5be8?s=96&d=mm&r=g","caption":"Ag\u00eancia iNFRA"},"url":"https:\/\/agenciainfra.com\/blog\/author\/admin\/"}]}},"_links":{"self":[{"href":"https:\/\/agenciainfra.com\/blog\/wp-json\/wp\/v2\/posts\/26774","targetHints":{"allow":["GET"]}}],"collection":[{"href":"https:\/\/agenciainfra.com\/blog\/wp-json\/wp\/v2\/posts"}],"about":[{"href":"https:\/\/agenciainfra.com\/blog\/wp-json\/wp\/v2\/types\/post"}],"author":[{"embeddable":true,"href":"https:\/\/agenciainfra.com\/blog\/wp-json\/wp\/v2\/users\/1"}],"replies":[{"embeddable":true,"href":"https:\/\/agenciainfra.com\/blog\/wp-json\/wp\/v2\/comments?post=26774"}],"version-history":[{"count":2,"href":"https:\/\/agenciainfra.com\/blog\/wp-json\/wp\/v2\/posts\/26774\/revisions"}],"predecessor-version":[{"id":26776,"href":"https:\/\/agenciainfra.com\/blog\/wp-json\/wp\/v2\/posts\/26774\/revisions\/26776"}],"wp:featuredmedia":[{"embeddable":true,"href":"https:\/\/agenciainfra.com\/blog\/wp-json\/wp\/v2\/media\/17910"}],"wp:attachment":[{"href":"https:\/\/agenciainfra.com\/blog\/wp-json\/wp\/v2\/media?parent=26774"}],"wp:term":[{"taxonomy":"category","embeddable":true,"href":"https:\/\/agenciainfra.com\/blog\/wp-json\/wp\/v2\/categories?post=26774"},{"taxonomy":"post_tag","embeddable":true,"href":"https:\/\/agenciainfra.com\/blog\/wp-json\/wp\/v2\/tags?post=26774"}],"curies":[{"name":"wp","href":"https:\/\/api.w.org\/{rel}","templated":true}]}}