{"id":2678,"date":"2018-12-10T04:00:39","date_gmt":"2018-12-10T07:00:39","guid":{"rendered":"http:\/\/www.agenciainfra.com\/blog\/?p=2678"},"modified":"2018-12-07T10:55:32","modified_gmt":"2018-12-07T13:55:32","slug":"novo-presidente-do-tcu-diz-que-analise-de-privatizacao-tera-prioridade-e-reforca-fiscalizacao","status":"publish","type":"post","link":"https:\/\/agenciainfra.com\/blog\/novo-presidente-do-tcu-diz-que-analise-de-privatizacao-tera-prioridade-e-reforca-fiscalizacao\/","title":{"rendered":"Novo presidente do TCU diz que an\u00e1lise de privatiza\u00e7\u00e3o ter\u00e1 prioridade e refor\u00e7a fiscaliza\u00e7\u00e3o"},"content":{"rendered":"<p>&nbsp;<\/p>\n<div>\n<h5 style=\"text-align: right;\"><strong>Dimmi Amora,\u00a0da Ag\u00eancia iNFRA<\/strong><\/h5>\n<p>Para ampliar o trabalho de fiscaliza\u00e7\u00e3o de contratos, especialmente do setor de infraestrutura, o presidente eleito do TCU (Tribunal de Contas da Uni\u00e3o), ministro Jos\u00e9 M\u00facio Monteiro, anunciou que vai fazer mudan\u00e7as na aloca\u00e7\u00e3o de pessoal do tribunal, reduzindo o n\u00famero de servidores na \u00e1rea meio e alterando o modelo de trabalho das unidade estaduais.<\/p>\n<p>Em entrevista coletiva nesta quinta-feira (6), o novo presidente, que deve ficar no cargo por dois anos, disse que as 26 unidades regionais deixar\u00e3o de ter planos pr\u00f3prios de fiscaliza\u00e7\u00e3o. Os servidores v\u00e3o trabalhar nos planos que ser\u00e3o feitos pelas \u00e1reas especializadas de Bras\u00edlia.<\/p>\n<p>A unidades v\u00e3o ser mantidas e os servidores v\u00e3o utilizar de ferramentas de teletrabalho para seguirem as diretrizes das chefias de Bras\u00edlia. Al\u00e9m disso, haver\u00e1 um enxugamento de fun\u00e7\u00f5es hoje na \u00e1rea administrativa para liberar pelo menos 100 servidores para a \u00e1rea de fiscaliza\u00e7\u00e3o.<\/p>\n<p>&#8220;Fizemos uma compara\u00e7\u00e3o com o \u00f3rg\u00e3o dos EUA e l\u00e1 eles t\u00e8m 85% da m\u00e3o de obra na \u00e1rea fim. Aqui, temos 52%. Temos que nos adequar \u00e0 nova realidade de que n\u00e3o teremos concursos&#8221;, afirmou o novo presidente.<\/p>\n<p>M\u00facio tamb\u00e9m afirmou que os processos de desestatiza\u00e7\u00e3o ser\u00e3o tratados com prioridade pelo \u00f3rg\u00e3o e que, caso o novo governo de fato crie uma Secretaria de Desestatiza\u00e7\u00f5es no minist\u00e9rio da Fazenda, voltada para a venda de ativos, o TCU pode voltar a ter uma secretaria especializada nesse tema, que hoje \u00e9 cuidado pelas secretarias de infraestrutura.<\/p>\n<p>&#8220;No dia que acontecer, vamos reagir de imediato&#8221;, disse o novo presidente.<\/p>\n<p>O secret\u00e1rio-geral do tribunal ser\u00e1 Maur\u00edcio Wanderley, que j\u00e1 esteve nesse posto na gest\u00e3o do ministro Walton Alencar, na d\u00e9cada passada. Paulo Vichi ser\u00e1 o Secret\u00e1rio de Controle Externo, onde ficam alocadas as secretarias de fiscaliza\u00e7\u00e3o. Ricardo Gaban continuar\u00e1 a ser o chefe de gabinete de M\u00facio.<\/p>\n<p><strong>BNDES<\/strong><br \/>\nDurante o encontro, M\u00facio recebeu a visita do futuro presidente do BNDES, Joaquim Levy, que falou rapidamente com jornalistas sobre o compromisso do banco com a transpar\u00eancia. Ele elogiou os t\u00e9cnicos do banco dizendo que vai dar as condi\u00e7\u00f5es para que eles trabalhem com seguran\u00e7a.<\/p>\n<\/div>\n","protected":false},"excerpt":{"rendered":"<p>&nbsp; Dimmi Amora,\u00a0da Ag\u00eancia iNFRA Para ampliar o trabalho de fiscaliza\u00e7\u00e3o de contratos, especialmente do setor de infraestrutura, o presidente eleito do TCU (Tribunal de Contas da Uni\u00e3o), ministro Jos\u00e9 M\u00facio Monteiro, anunciou que vai fazer mudan\u00e7as na aloca\u00e7\u00e3o de pessoal do tribunal, reduzindo o n\u00famero de servidores na \u00e1rea meio e alterando o modelo [&hellip;]<\/p>\n","protected":false},"author":1,"featured_media":2346,"comment_status":"closed","ping_status":"open","sticky":false,"template":"","format":"standard","meta":{"_monsterinsights_skip_tracking":false,"_monsterinsights_sitenote_active":false,"_monsterinsights_sitenote_note":"","_monsterinsights_sitenote_category":0,"footnotes":""},"categories":[7],"tags":[22,695,380,694,51,18],"class_list":["post-2678","post","type-post","status-publish","format-standard","has-post-thumbnail","hentry","category-infratransporte","tag-concessao","tag-controle-externo","tag-fiscalizacao","tag-jose-mucio","tag-privatizacao","tag-tcu"],"yoast_head":"<!-- This site is optimized with the Yoast SEO Premium plugin v25.4 (Yoast SEO v26.0) - https:\/\/yoast.com\/wordpress\/plugins\/seo\/ -->\n<title>Novo presidente do TCU diz que an\u00e1lise de privatiza\u00e7\u00e3o ter\u00e1 prioridade e refor\u00e7a fiscaliza\u00e7\u00e3o - Ag\u00eancia iNFRA<\/title>\n<meta name=\"robots\" content=\"index, follow, max-snippet:-1, max-image-preview:large, max-video-preview:-1\" \/>\n<link rel=\"canonical\" href=\"https:\/\/agenciainfra.com\/blog\/novo-presidente-do-tcu-diz-que-analise-de-privatizacao-tera-prioridade-e-reforca-fiscalizacao\/\" \/>\n<meta property=\"og:locale\" content=\"pt_BR\" \/>\n<meta property=\"og:type\" content=\"article\" \/>\n<meta property=\"og:title\" content=\"Novo presidente do TCU diz que an\u00e1lise de privatiza\u00e7\u00e3o ter\u00e1 prioridade e refor\u00e7a fiscaliza\u00e7\u00e3o\" \/>\n<meta property=\"og:description\" content=\"&nbsp; Dimmi Amora,\u00a0da Ag\u00eancia iNFRA Para ampliar o trabalho de fiscaliza\u00e7\u00e3o de contratos, especialmente do setor de infraestrutura, o presidente eleito do TCU (Tribunal de Contas da Uni\u00e3o), ministro Jos\u00e9 M\u00facio Monteiro, anunciou que vai fazer mudan\u00e7as na aloca\u00e7\u00e3o de pessoal do tribunal, reduzindo o n\u00famero de servidores na \u00e1rea meio e alterando o modelo [&hellip;]\" \/>\n<meta property=\"og:url\" content=\"https:\/\/agenciainfra.com\/blog\/novo-presidente-do-tcu-diz-que-analise-de-privatizacao-tera-prioridade-e-reforca-fiscalizacao\/\" \/>\n<meta property=\"og:site_name\" content=\"Ag\u00eancia iNFRA\" \/>\n<meta property=\"article:publisher\" content=\"https:\/\/www.facebook.com\/ageninfra\" \/>\n<meta property=\"article:published_time\" content=\"2018-12-10T07:00:39+00:00\" \/>\n<meta property=\"og:image\" content=\"https:\/\/agenciainfra.com\/blog\/wp-content\/uploads\/2018\/08\/31993268002_e8f45e0c84_z.jpg\" \/>\n\t<meta property=\"og:image:width\" content=\"640\" \/>\n\t<meta property=\"og:image:height\" content=\"425\" \/>\n\t<meta property=\"og:image:type\" content=\"image\/jpeg\" \/>\n<meta name=\"author\" content=\"Ag\u00eancia iNFRA\" \/>\n<meta name=\"twitter:card\" content=\"summary_large_image\" \/>\n<meta name=\"twitter:creator\" content=\"@agencia_infra\" \/>\n<meta name=\"twitter:site\" content=\"@agencia_infra\" \/>\n<meta name=\"twitter:label1\" content=\"Escrito por\" \/>\n\t<meta name=\"twitter:data1\" content=\"Ag\u00eancia iNFRA\" \/>\n\t<meta name=\"twitter:label2\" content=\"Est. tempo de leitura\" \/>\n\t<meta name=\"twitter:data2\" content=\"2 minutos\" \/>\n<script type=\"application\/ld+json\" class=\"yoast-schema-graph\">{\"@context\":\"https:\/\/schema.org\",\"@graph\":[{\"@type\":\"Article\",\"@id\":\"https:\/\/agenciainfra.com\/blog\/novo-presidente-do-tcu-diz-que-analise-de-privatizacao-tera-prioridade-e-reforca-fiscalizacao\/#article\",\"isPartOf\":{\"@id\":\"https:\/\/agenciainfra.com\/blog\/novo-presidente-do-tcu-diz-que-analise-de-privatizacao-tera-prioridade-e-reforca-fiscalizacao\/\"},\"author\":{\"name\":\"Ag\u00eancia iNFRA\",\"@id\":\"https:\/\/agenciainfra.com\/blog\/#\/schema\/person\/34af08dff6adea4cb22b06612ba7acfa\"},\"headline\":\"Novo presidente do TCU diz que an\u00e1lise de privatiza\u00e7\u00e3o ter\u00e1 prioridade e refor\u00e7a fiscaliza\u00e7\u00e3o\",\"datePublished\":\"2018-12-10T07:00:39+00:00\",\"mainEntityOfPage\":{\"@id\":\"https:\/\/agenciainfra.com\/blog\/novo-presidente-do-tcu-diz-que-analise-de-privatizacao-tera-prioridade-e-reforca-fiscalizacao\/\"},\"wordCount\":403,\"publisher\":{\"@id\":\"https:\/\/agenciainfra.com\/blog\/#organization\"},\"image\":{\"@id\":\"https:\/\/agenciainfra.com\/blog\/novo-presidente-do-tcu-diz-que-analise-de-privatizacao-tera-prioridade-e-reforca-fiscalizacao\/#primaryimage\"},\"thumbnailUrl\":\"https:\/\/agenciainfra.com\/blog\/wp-content\/uploads\/2018\/08\/31993268002_e8f45e0c84_z.jpg\",\"keywords\":[\"Concess\u00e3o\",\"Controle Externo\",\"fiscaliza\u00e7\u00e3o\",\"Jos\u00e9 M\u00facio\",\"Privatiza\u00e7\u00e3o\",\"TCU\"],\"articleSection\":[\"iNFRATransporte\"],\"inLanguage\":\"pt-BR\",\"copyrightYear\":\"2018\",\"copyrightHolder\":{\"@id\":\"https:\/\/agenciainfra.com\/blog\/#organization\"}},{\"@type\":\"WebPage\",\"@id\":\"https:\/\/agenciainfra.com\/blog\/novo-presidente-do-tcu-diz-que-analise-de-privatizacao-tera-prioridade-e-reforca-fiscalizacao\/\",\"url\":\"https:\/\/agenciainfra.com\/blog\/novo-presidente-do-tcu-diz-que-analise-de-privatizacao-tera-prioridade-e-reforca-fiscalizacao\/\",\"name\":\"Novo presidente do TCU diz que an\u00e1lise de privatiza\u00e7\u00e3o ter\u00e1 prioridade e refor\u00e7a fiscaliza\u00e7\u00e3o - Ag\u00eancia iNFRA\",\"isPartOf\":{\"@id\":\"https:\/\/agenciainfra.com\/blog\/#website\"},\"primaryImageOfPage\":{\"@id\":\"https:\/\/agenciainfra.com\/blog\/novo-presidente-do-tcu-diz-que-analise-de-privatizacao-tera-prioridade-e-reforca-fiscalizacao\/#primaryimage\"},\"image\":{\"@id\":\"https:\/\/agenciainfra.com\/blog\/novo-presidente-do-tcu-diz-que-analise-de-privatizacao-tera-prioridade-e-reforca-fiscalizacao\/#primaryimage\"},\"thumbnailUrl\":\"https:\/\/agenciainfra.com\/blog\/wp-content\/uploads\/2018\/08\/31993268002_e8f45e0c84_z.jpg\",\"datePublished\":\"2018-12-10T07:00:39+00:00\",\"breadcrumb\":{\"@id\":\"https:\/\/agenciainfra.com\/blog\/novo-presidente-do-tcu-diz-que-analise-de-privatizacao-tera-prioridade-e-reforca-fiscalizacao\/#breadcrumb\"},\"inLanguage\":\"pt-BR\",\"potentialAction\":[{\"@type\":\"ReadAction\",\"target\":[\"https:\/\/agenciainfra.com\/blog\/novo-presidente-do-tcu-diz-que-analise-de-privatizacao-tera-prioridade-e-reforca-fiscalizacao\/\"]}]},{\"@type\":\"ImageObject\",\"inLanguage\":\"pt-BR\",\"@id\":\"https:\/\/agenciainfra.com\/blog\/novo-presidente-do-tcu-diz-que-analise-de-privatizacao-tera-prioridade-e-reforca-fiscalizacao\/#primaryimage\",\"url\":\"https:\/\/agenciainfra.com\/blog\/wp-content\/uploads\/2018\/08\/31993268002_e8f45e0c84_z.jpg\",\"contentUrl\":\"https:\/\/agenciainfra.com\/blog\/wp-content\/uploads\/2018\/08\/31993268002_e8f45e0c84_z.jpg\",\"width\":640,\"height\":425},{\"@type\":\"BreadcrumbList\",\"@id\":\"https:\/\/agenciainfra.com\/blog\/novo-presidente-do-tcu-diz-que-analise-de-privatizacao-tera-prioridade-e-reforca-fiscalizacao\/#breadcrumb\",\"itemListElement\":[{\"@type\":\"ListItem\",\"position\":1,\"name\":\"In\u00edcio\",\"item\":\"https:\/\/agenciainfra.com\/blog\/\"},{\"@type\":\"ListItem\",\"position\":2,\"name\":\"Novo presidente do TCU diz que an\u00e1lise de privatiza\u00e7\u00e3o ter\u00e1 prioridade e refor\u00e7a fiscaliza\u00e7\u00e3o\"}]},{\"@type\":\"WebSite\",\"@id\":\"https:\/\/agenciainfra.com\/blog\/#website\",\"url\":\"https:\/\/agenciainfra.com\/blog\/\",\"name\":\"Ag\u00eancia iNFRA\",\"description\":\"Multiplataforma de informa\u00e7\u00e3o jornal\u00edstica refer\u00eancia na \u00e1rea de infraestrutura no Brasil!\",\"publisher\":{\"@id\":\"https:\/\/agenciainfra.com\/blog\/#organization\"},\"potentialAction\":[{\"@type\":\"SearchAction\",\"target\":{\"@type\":\"EntryPoint\",\"urlTemplate\":\"https:\/\/agenciainfra.com\/blog\/?s={search_term_string}\"},\"query-input\":{\"@type\":\"PropertyValueSpecification\",\"valueRequired\":true,\"valueName\":\"search_term_string\"}}],\"inLanguage\":\"pt-BR\"},{\"@type\":\"Organization\",\"@id\":\"https:\/\/agenciainfra.com\/blog\/#organization\",\"name\":\"Ag\u00eancia iNFRA\",\"url\":\"https:\/\/agenciainfra.com\/blog\/\",\"logo\":{\"@type\":\"ImageObject\",\"inLanguage\":\"pt-BR\",\"@id\":\"https:\/\/agenciainfra.com\/blog\/#\/schema\/logo\/image\/\",\"url\":\"https:\/\/agenciainfra.com\/blog\/wp-content\/uploads\/2023\/09\/iNFRA_5-e1761735885940.png\",\"contentUrl\":\"https:\/\/agenciainfra.com\/blog\/wp-content\/uploads\/2023\/09\/iNFRA_5-e1761735885940.png\",\"width\":1672,\"height\":454,\"caption\":\"Ag\u00eancia iNFRA\"},\"image\":{\"@id\":\"https:\/\/agenciainfra.com\/blog\/#\/schema\/logo\/image\/\"},\"sameAs\":[\"https:\/\/www.facebook.com\/ageninfra\",\"https:\/\/x.com\/agencia_infra\",\"https:\/\/www.linkedin.com\/company\/ag\u00eanciainfra\/\",\"https:\/\/www.instagram.com\/agenciainfra\/\"]},{\"@type\":\"Person\",\"@id\":\"https:\/\/agenciainfra.com\/blog\/#\/schema\/person\/34af08dff6adea4cb22b06612ba7acfa\",\"name\":\"Ag\u00eancia iNFRA\",\"image\":{\"@type\":\"ImageObject\",\"inLanguage\":\"pt-BR\",\"@id\":\"https:\/\/agenciainfra.com\/blog\/#\/schema\/person\/image\/\",\"url\":\"https:\/\/secure.gravatar.com\/avatar\/d189e01678f06d8eb84d4e01f08eb848b3fffe3f8443818d3c356c66892f5be8?s=96&d=mm&r=g\",\"contentUrl\":\"https:\/\/secure.gravatar.com\/avatar\/d189e01678f06d8eb84d4e01f08eb848b3fffe3f8443818d3c356c66892f5be8?s=96&d=mm&r=g\",\"caption\":\"Ag\u00eancia iNFRA\"},\"url\":\"https:\/\/agenciainfra.com\/blog\/author\/admin\/\"}]}<\/script>\n<!-- \/ Yoast SEO Premium plugin. -->","yoast_head_json":{"title":"Novo presidente do TCU diz que an\u00e1lise de privatiza\u00e7\u00e3o ter\u00e1 prioridade e refor\u00e7a fiscaliza\u00e7\u00e3o - Ag\u00eancia iNFRA","robots":{"index":"index","follow":"follow","max-snippet":"max-snippet:-1","max-image-preview":"max-image-preview:large","max-video-preview":"max-video-preview:-1"},"canonical":"https:\/\/agenciainfra.com\/blog\/novo-presidente-do-tcu-diz-que-analise-de-privatizacao-tera-prioridade-e-reforca-fiscalizacao\/","og_locale":"pt_BR","og_type":"article","og_title":"Novo presidente do TCU diz que an\u00e1lise de privatiza\u00e7\u00e3o ter\u00e1 prioridade e refor\u00e7a fiscaliza\u00e7\u00e3o","og_description":"&nbsp; Dimmi Amora,\u00a0da Ag\u00eancia iNFRA Para ampliar o trabalho de fiscaliza\u00e7\u00e3o de contratos, especialmente do setor de infraestrutura, o presidente eleito do TCU (Tribunal de Contas da Uni\u00e3o), ministro Jos\u00e9 M\u00facio Monteiro, anunciou que vai fazer mudan\u00e7as na aloca\u00e7\u00e3o de pessoal do tribunal, reduzindo o n\u00famero de servidores na \u00e1rea meio e alterando o modelo [&hellip;]","og_url":"https:\/\/agenciainfra.com\/blog\/novo-presidente-do-tcu-diz-que-analise-de-privatizacao-tera-prioridade-e-reforca-fiscalizacao\/","og_site_name":"Ag\u00eancia iNFRA","article_publisher":"https:\/\/www.facebook.com\/ageninfra","article_published_time":"2018-12-10T07:00:39+00:00","og_image":[{"width":640,"height":425,"url":"https:\/\/agenciainfra.com\/blog\/wp-content\/uploads\/2018\/08\/31993268002_e8f45e0c84_z.jpg","type":"image\/jpeg"}],"author":"Ag\u00eancia iNFRA","twitter_card":"summary_large_image","twitter_creator":"@agencia_infra","twitter_site":"@agencia_infra","twitter_misc":{"Escrito por":"Ag\u00eancia iNFRA","Est. tempo de leitura":"2 minutos"},"schema":{"@context":"https:\/\/schema.org","@graph":[{"@type":"Article","@id":"https:\/\/agenciainfra.com\/blog\/novo-presidente-do-tcu-diz-que-analise-de-privatizacao-tera-prioridade-e-reforca-fiscalizacao\/#article","isPartOf":{"@id":"https:\/\/agenciainfra.com\/blog\/novo-presidente-do-tcu-diz-que-analise-de-privatizacao-tera-prioridade-e-reforca-fiscalizacao\/"},"author":{"name":"Ag\u00eancia iNFRA","@id":"https:\/\/agenciainfra.com\/blog\/#\/schema\/person\/34af08dff6adea4cb22b06612ba7acfa"},"headline":"Novo presidente do TCU diz que an\u00e1lise de privatiza\u00e7\u00e3o ter\u00e1 prioridade e refor\u00e7a fiscaliza\u00e7\u00e3o","datePublished":"2018-12-10T07:00:39+00:00","mainEntityOfPage":{"@id":"https:\/\/agenciainfra.com\/blog\/novo-presidente-do-tcu-diz-que-analise-de-privatizacao-tera-prioridade-e-reforca-fiscalizacao\/"},"wordCount":403,"publisher":{"@id":"https:\/\/agenciainfra.com\/blog\/#organization"},"image":{"@id":"https:\/\/agenciainfra.com\/blog\/novo-presidente-do-tcu-diz-que-analise-de-privatizacao-tera-prioridade-e-reforca-fiscalizacao\/#primaryimage"},"thumbnailUrl":"https:\/\/agenciainfra.com\/blog\/wp-content\/uploads\/2018\/08\/31993268002_e8f45e0c84_z.jpg","keywords":["Concess\u00e3o","Controle Externo","fiscaliza\u00e7\u00e3o","Jos\u00e9 M\u00facio","Privatiza\u00e7\u00e3o","TCU"],"articleSection":["iNFRATransporte"],"inLanguage":"pt-BR","copyrightYear":"2018","copyrightHolder":{"@id":"https:\/\/agenciainfra.com\/blog\/#organization"}},{"@type":"WebPage","@id":"https:\/\/agenciainfra.com\/blog\/novo-presidente-do-tcu-diz-que-analise-de-privatizacao-tera-prioridade-e-reforca-fiscalizacao\/","url":"https:\/\/agenciainfra.com\/blog\/novo-presidente-do-tcu-diz-que-analise-de-privatizacao-tera-prioridade-e-reforca-fiscalizacao\/","name":"Novo presidente do TCU diz que an\u00e1lise de privatiza\u00e7\u00e3o ter\u00e1 prioridade e refor\u00e7a fiscaliza\u00e7\u00e3o - Ag\u00eancia iNFRA","isPartOf":{"@id":"https:\/\/agenciainfra.com\/blog\/#website"},"primaryImageOfPage":{"@id":"https:\/\/agenciainfra.com\/blog\/novo-presidente-do-tcu-diz-que-analise-de-privatizacao-tera-prioridade-e-reforca-fiscalizacao\/#primaryimage"},"image":{"@id":"https:\/\/agenciainfra.com\/blog\/novo-presidente-do-tcu-diz-que-analise-de-privatizacao-tera-prioridade-e-reforca-fiscalizacao\/#primaryimage"},"thumbnailUrl":"https:\/\/agenciainfra.com\/blog\/wp-content\/uploads\/2018\/08\/31993268002_e8f45e0c84_z.jpg","datePublished":"2018-12-10T07:00:39+00:00","breadcrumb":{"@id":"https:\/\/agenciainfra.com\/blog\/novo-presidente-do-tcu-diz-que-analise-de-privatizacao-tera-prioridade-e-reforca-fiscalizacao\/#breadcrumb"},"inLanguage":"pt-BR","potentialAction":[{"@type":"ReadAction","target":["https:\/\/agenciainfra.com\/blog\/novo-presidente-do-tcu-diz-que-analise-de-privatizacao-tera-prioridade-e-reforca-fiscalizacao\/"]}]},{"@type":"ImageObject","inLanguage":"pt-BR","@id":"https:\/\/agenciainfra.com\/blog\/novo-presidente-do-tcu-diz-que-analise-de-privatizacao-tera-prioridade-e-reforca-fiscalizacao\/#primaryimage","url":"https:\/\/agenciainfra.com\/blog\/wp-content\/uploads\/2018\/08\/31993268002_e8f45e0c84_z.jpg","contentUrl":"https:\/\/agenciainfra.com\/blog\/wp-content\/uploads\/2018\/08\/31993268002_e8f45e0c84_z.jpg","width":640,"height":425},{"@type":"BreadcrumbList","@id":"https:\/\/agenciainfra.com\/blog\/novo-presidente-do-tcu-diz-que-analise-de-privatizacao-tera-prioridade-e-reforca-fiscalizacao\/#breadcrumb","itemListElement":[{"@type":"ListItem","position":1,"name":"In\u00edcio","item":"https:\/\/agenciainfra.com\/blog\/"},{"@type":"ListItem","position":2,"name":"Novo presidente do TCU diz que an\u00e1lise de privatiza\u00e7\u00e3o ter\u00e1 prioridade e refor\u00e7a fiscaliza\u00e7\u00e3o"}]},{"@type":"WebSite","@id":"https:\/\/agenciainfra.com\/blog\/#website","url":"https:\/\/agenciainfra.com\/blog\/","name":"Ag\u00eancia iNFRA","description":"Multiplataforma de informa\u00e7\u00e3o jornal\u00edstica refer\u00eancia na \u00e1rea de infraestrutura no Brasil!","publisher":{"@id":"https:\/\/agenciainfra.com\/blog\/#organization"},"potentialAction":[{"@type":"SearchAction","target":{"@type":"EntryPoint","urlTemplate":"https:\/\/agenciainfra.com\/blog\/?s={search_term_string}"},"query-input":{"@type":"PropertyValueSpecification","valueRequired":true,"valueName":"search_term_string"}}],"inLanguage":"pt-BR"},{"@type":"Organization","@id":"https:\/\/agenciainfra.com\/blog\/#organization","name":"Ag\u00eancia iNFRA","url":"https:\/\/agenciainfra.com\/blog\/","logo":{"@type":"ImageObject","inLanguage":"pt-BR","@id":"https:\/\/agenciainfra.com\/blog\/#\/schema\/logo\/image\/","url":"https:\/\/agenciainfra.com\/blog\/wp-content\/uploads\/2023\/09\/iNFRA_5-e1761735885940.png","contentUrl":"https:\/\/agenciainfra.com\/blog\/wp-content\/uploads\/2023\/09\/iNFRA_5-e1761735885940.png","width":1672,"height":454,"caption":"Ag\u00eancia iNFRA"},"image":{"@id":"https:\/\/agenciainfra.com\/blog\/#\/schema\/logo\/image\/"},"sameAs":["https:\/\/www.facebook.com\/ageninfra","https:\/\/x.com\/agencia_infra","https:\/\/www.linkedin.com\/company\/ag\u00eanciainfra\/","https:\/\/www.instagram.com\/agenciainfra\/"]},{"@type":"Person","@id":"https:\/\/agenciainfra.com\/blog\/#\/schema\/person\/34af08dff6adea4cb22b06612ba7acfa","name":"Ag\u00eancia iNFRA","image":{"@type":"ImageObject","inLanguage":"pt-BR","@id":"https:\/\/agenciainfra.com\/blog\/#\/schema\/person\/image\/","url":"https:\/\/secure.gravatar.com\/avatar\/d189e01678f06d8eb84d4e01f08eb848b3fffe3f8443818d3c356c66892f5be8?s=96&d=mm&r=g","contentUrl":"https:\/\/secure.gravatar.com\/avatar\/d189e01678f06d8eb84d4e01f08eb848b3fffe3f8443818d3c356c66892f5be8?s=96&d=mm&r=g","caption":"Ag\u00eancia iNFRA"},"url":"https:\/\/agenciainfra.com\/blog\/author\/admin\/"}]}},"_links":{"self":[{"href":"https:\/\/agenciainfra.com\/blog\/wp-json\/wp\/v2\/posts\/2678","targetHints":{"allow":["GET"]}}],"collection":[{"href":"https:\/\/agenciainfra.com\/blog\/wp-json\/wp\/v2\/posts"}],"about":[{"href":"https:\/\/agenciainfra.com\/blog\/wp-json\/wp\/v2\/types\/post"}],"author":[{"embeddable":true,"href":"https:\/\/agenciainfra.com\/blog\/wp-json\/wp\/v2\/users\/1"}],"replies":[{"embeddable":true,"href":"https:\/\/agenciainfra.com\/blog\/wp-json\/wp\/v2\/comments?post=2678"}],"version-history":[{"count":0,"href":"https:\/\/agenciainfra.com\/blog\/wp-json\/wp\/v2\/posts\/2678\/revisions"}],"wp:featuredmedia":[{"embeddable":true,"href":"https:\/\/agenciainfra.com\/blog\/wp-json\/wp\/v2\/media\/2346"}],"wp:attachment":[{"href":"https:\/\/agenciainfra.com\/blog\/wp-json\/wp\/v2\/media?parent=2678"}],"wp:term":[{"taxonomy":"category","embeddable":true,"href":"https:\/\/agenciainfra.com\/blog\/wp-json\/wp\/v2\/categories?post=2678"},{"taxonomy":"post_tag","embeddable":true,"href":"https:\/\/agenciainfra.com\/blog\/wp-json\/wp\/v2\/tags?post=2678"}],"curies":[{"name":"wp","href":"https:\/\/api.w.org\/{rel}","templated":true}]}}