{"id":26783,"date":"2025-08-27T12:09:12","date_gmt":"2025-08-27T15:09:12","guid":{"rendered":"https:\/\/agenciainfra.com\/blog\/?p=26783"},"modified":"2025-08-29T16:33:00","modified_gmt":"2025-08-29T19:33:00","slug":"conexoes-saneamento-25-senador-quer-acordo-por-isencao-de-licenciamento","status":"publish","type":"post","link":"https:\/\/agenciainfra.com\/blog\/conexoes-saneamento-25-senador-quer-acordo-por-isencao-de-licenciamento\/","title":{"rendered":"Conex\u00f5es Saneamento 25: Senador quer acordo por isen\u00e7\u00e3o de licenciamento"},"content":{"rendered":"\n<p class=\"has-text-align-right\"><strong>da Ag\u00eancia iNFRA<\/strong><\/p>\n\n\n\n<p>O senador Alan Rick (Uni\u00e3o-AC) defendeu que seja feito um acordo com o governo para a derrubado do veto na Lei do Licenciamento Ambiental ao dispositivo que isenta de licenciamento as obras de saneamento b\u00e1sico at\u00e9 o atingimento das metas de universaliza\u00e7\u00e3o.<br><br>\u201cFa\u00e7o um clamor a todos os deputados, senadores, precisamos construir di\u00e1logo com governo para acordo pela derrubada do veto, e n\u00e3o havendo acordo temos que ter a coragem de votar e derrubar o veto. A derrubada do veto \u00e9 para garantir os investimentos&#8221;, disse em sua fala no <a href=\"https:\/\/www.youtube.com\/live\/3MM5Ky3ydjw\">evento<\/a> Conex\u00f5es Saneamento 25, promovido pela Abcon Sindcon (Associa\u00e7\u00e3o e Sindicato Nacional das Concession\u00e1rias Privadas de Servi\u00e7os P\u00fablicos de \u00c1gua e Esgoto) nesta ter\u00e7a-feira (26), em Bras\u00edlia, e que teve a <strong>Ag\u00eancia iNFRA<\/strong> como media partner.<br><br>Segundo ele, ser\u00e1 dif\u00edcil atingir a meta colocada na lei (atendimento de \u00e1gua para 99% da popula\u00e7\u00e3o e de esgoto de 90% entre 2033 e 2040)\u00a0se uma empresa de saneamento &#8220;demora cinco, seis, sete anos para ter licenciamento ambiental&#8221; e nesse per\u00edodo o esgoto segue sendo &#8220;despejado em mananciais, nos rios, nos mares&#8221;. Rick lembrou\u00a0ainda que a dispensa n\u00e3o vai significar o descumprimento das regras ambientais.<br><br>No mesmo painel, o deputado federal Arnaldo Jardim (Cidadania-SP) afirmou que a aprova\u00e7\u00e3o do PL de PPPs e Concess\u00f5es pode ajudar na consolida\u00e7\u00e3o do marco legal do saneamento, que completou cinco anos e foi o tema do evento.\u00a0<br><br>Na sess\u00e3o de abertura, a governadora de Pernambuco, Raquel Lyra,\u00a0destacou a cria\u00e7\u00e3o de um fundo destinado \u00e0 universaliza\u00e7\u00e3o do saneamento, onde todos os recursos de outorga da concess\u00e3o da Compesa, a companhia de saneamento estadual, ser\u00e3o destinados \u00e0 obras de produ\u00e7\u00e3o de \u00e1gua. Segundo ela, esta\u00a0semana haver\u00e1 encontros com o Tribunal de Contas do Estado para definir a modelagem do projeto de concess\u00e3o da companhia.<\/p>\n","protected":false},"excerpt":{"rendered":"<p>da Ag\u00eancia iNFRA O senador Alan Rick (Uni\u00e3o-AC) defendeu que seja feito um acordo com o governo para a derrubado do veto na Lei do Licenciamento Ambiental ao dispositivo que isenta de licenciamento as obras de saneamento b\u00e1sico at\u00e9 o atingimento das metas de universaliza\u00e7\u00e3o. \u201cFa\u00e7o um clamor a todos os deputados, senadores, precisamos construir [&hellip;]<\/p>\n","protected":false},"author":1,"featured_media":26784,"comment_status":"closed","ping_status":"closed","sticky":false,"template":"","format":"standard","meta":{"_monsterinsights_skip_tracking":false,"_monsterinsights_sitenote_active":false,"_monsterinsights_sitenote_note":"","_monsterinsights_sitenote_category":0,"footnotes":""},"categories":[1,7827],"tags":[2392,9465,888,14421,14999,223,12019,7041,73,2192],"class_list":["post-26783","post","type-post","status-publish","format-standard","has-post-thumbnail","hentry","category-geral","category-infrasaneamento","tag-abcon-sindcon","tag-alan-rick","tag-arnaldo-jardim","tag-conexoes-saneamento-25","tag-isencao-de-licenciamento","tag-licenciamento-ambiental","tag-ppps-e-concessoes","tag-raquel-lyra","tag-saneamento-basico","tag-universalizacao"],"yoast_head":"<!-- This site is optimized with the Yoast SEO Premium plugin v25.4 (Yoast SEO v26.0) - https:\/\/yoast.com\/wordpress\/plugins\/seo\/ -->\n<title>Conex\u00f5es Saneamento 25: Senador quer acordo por isen\u00e7\u00e3o de licenciamento - Ag\u00eancia iNFRA<\/title>\n<meta name=\"robots\" content=\"index, follow, max-snippet:-1, max-image-preview:large, max-video-preview:-1\" \/>\n<link rel=\"canonical\" href=\"https:\/\/agenciainfra.com\/blog\/conexoes-saneamento-25-senador-quer-acordo-por-isencao-de-licenciamento\/\" \/>\n<meta property=\"og:locale\" content=\"pt_BR\" \/>\n<meta property=\"og:type\" content=\"article\" \/>\n<meta property=\"og:title\" content=\"Conex\u00f5es Saneamento 25: Senador quer acordo por isen\u00e7\u00e3o de licenciamento\" \/>\n<meta property=\"og:description\" content=\"da Ag\u00eancia iNFRA O senador Alan Rick (Uni\u00e3o-AC) defendeu que seja feito um acordo com o governo para a derrubado do veto na Lei do Licenciamento Ambiental ao dispositivo que isenta de licenciamento as obras de saneamento b\u00e1sico at\u00e9 o atingimento das metas de universaliza\u00e7\u00e3o. \u201cFa\u00e7o um clamor a todos os deputados, senadores, precisamos construir [&hellip;]\" \/>\n<meta property=\"og:url\" content=\"https:\/\/agenciainfra.com\/blog\/conexoes-saneamento-25-senador-quer-acordo-por-isencao-de-licenciamento\/\" \/>\n<meta property=\"og:site_name\" content=\"Ag\u00eancia iNFRA\" \/>\n<meta property=\"article:publisher\" content=\"https:\/\/www.facebook.com\/ageninfra\" \/>\n<meta property=\"article:published_time\" content=\"2025-08-27T15:09:12+00:00\" \/>\n<meta property=\"article:modified_time\" content=\"2025-08-29T19:33:00+00:00\" \/>\n<meta property=\"og:image\" content=\"https:\/\/agenciainfra.com\/blog\/wp-content\/uploads\/2025\/08\/alan-rick-foto-percio-campos-agencia-infra.jpg\" \/>\n\t<meta property=\"og:image:width\" content=\"1280\" \/>\n\t<meta property=\"og:image:height\" content=\"853\" \/>\n\t<meta property=\"og:image:type\" content=\"image\/jpeg\" \/>\n<meta name=\"author\" content=\"Ag\u00eancia iNFRA\" \/>\n<meta name=\"twitter:card\" content=\"summary_large_image\" \/>\n<meta name=\"twitter:creator\" content=\"@agencia_infra\" \/>\n<meta name=\"twitter:site\" content=\"@agencia_infra\" \/>\n<meta name=\"twitter:label1\" content=\"Escrito por\" \/>\n\t<meta name=\"twitter:data1\" content=\"Ag\u00eancia iNFRA\" \/>\n\t<meta name=\"twitter:label2\" content=\"Est. tempo de leitura\" \/>\n\t<meta name=\"twitter:data2\" content=\"2 minutos\" \/>\n<script type=\"application\/ld+json\" class=\"yoast-schema-graph\">{\"@context\":\"https:\/\/schema.org\",\"@graph\":[{\"@type\":\"Article\",\"@id\":\"https:\/\/agenciainfra.com\/blog\/conexoes-saneamento-25-senador-quer-acordo-por-isencao-de-licenciamento\/#article\",\"isPartOf\":{\"@id\":\"https:\/\/agenciainfra.com\/blog\/conexoes-saneamento-25-senador-quer-acordo-por-isencao-de-licenciamento\/\"},\"author\":{\"name\":\"Ag\u00eancia iNFRA\",\"@id\":\"https:\/\/agenciainfra.com\/blog\/#\/schema\/person\/34af08dff6adea4cb22b06612ba7acfa\"},\"headline\":\"Conex\u00f5es Saneamento 25: Senador quer acordo por isen\u00e7\u00e3o de licenciamento\",\"datePublished\":\"2025-08-27T15:09:12+00:00\",\"dateModified\":\"2025-08-29T19:33:00+00:00\",\"mainEntityOfPage\":{\"@id\":\"https:\/\/agenciainfra.com\/blog\/conexoes-saneamento-25-senador-quer-acordo-por-isencao-de-licenciamento\/\"},\"wordCount\":333,\"publisher\":{\"@id\":\"https:\/\/agenciainfra.com\/blog\/#organization\"},\"image\":{\"@id\":\"https:\/\/agenciainfra.com\/blog\/conexoes-saneamento-25-senador-quer-acordo-por-isencao-de-licenciamento\/#primaryimage\"},\"thumbnailUrl\":\"https:\/\/agenciainfra.com\/blog\/wp-content\/uploads\/2025\/08\/alan-rick-foto-percio-campos-agencia-infra.jpg\",\"keywords\":[\"Abcon Sindcon\",\"Alan Rick\",\"Arnaldo Jardim\",\"Conex\u00f5es Saneamento 25\",\"isen\u00e7\u00e3o de licenciamento\",\"Licenciamento ambiental\",\"ppps e concess\u00f5es\",\"Raquel Lyra\",\"Saneamento B\u00e1sico\",\"universaliza\u00e7\u00e3o\"],\"articleSection\":[\"Geral\",\"iNFRASaneamento\"],\"inLanguage\":\"pt-BR\",\"copyrightYear\":\"2025\",\"copyrightHolder\":{\"@id\":\"https:\/\/agenciainfra.com\/blog\/#organization\"}},{\"@type\":\"WebPage\",\"@id\":\"https:\/\/agenciainfra.com\/blog\/conexoes-saneamento-25-senador-quer-acordo-por-isencao-de-licenciamento\/\",\"url\":\"https:\/\/agenciainfra.com\/blog\/conexoes-saneamento-25-senador-quer-acordo-por-isencao-de-licenciamento\/\",\"name\":\"Conex\u00f5es Saneamento 25: Senador quer acordo por isen\u00e7\u00e3o de licenciamento - Ag\u00eancia iNFRA\",\"isPartOf\":{\"@id\":\"https:\/\/agenciainfra.com\/blog\/#website\"},\"primaryImageOfPage\":{\"@id\":\"https:\/\/agenciainfra.com\/blog\/conexoes-saneamento-25-senador-quer-acordo-por-isencao-de-licenciamento\/#primaryimage\"},\"image\":{\"@id\":\"https:\/\/agenciainfra.com\/blog\/conexoes-saneamento-25-senador-quer-acordo-por-isencao-de-licenciamento\/#primaryimage\"},\"thumbnailUrl\":\"https:\/\/agenciainfra.com\/blog\/wp-content\/uploads\/2025\/08\/alan-rick-foto-percio-campos-agencia-infra.jpg\",\"datePublished\":\"2025-08-27T15:09:12+00:00\",\"dateModified\":\"2025-08-29T19:33:00+00:00\",\"breadcrumb\":{\"@id\":\"https:\/\/agenciainfra.com\/blog\/conexoes-saneamento-25-senador-quer-acordo-por-isencao-de-licenciamento\/#breadcrumb\"},\"inLanguage\":\"pt-BR\",\"potentialAction\":[{\"@type\":\"ReadAction\",\"target\":[\"https:\/\/agenciainfra.com\/blog\/conexoes-saneamento-25-senador-quer-acordo-por-isencao-de-licenciamento\/\"]}]},{\"@type\":\"ImageObject\",\"inLanguage\":\"pt-BR\",\"@id\":\"https:\/\/agenciainfra.com\/blog\/conexoes-saneamento-25-senador-quer-acordo-por-isencao-de-licenciamento\/#primaryimage\",\"url\":\"https:\/\/agenciainfra.com\/blog\/wp-content\/uploads\/2025\/08\/alan-rick-foto-percio-campos-agencia-infra.jpg\",\"contentUrl\":\"https:\/\/agenciainfra.com\/blog\/wp-content\/uploads\/2025\/08\/alan-rick-foto-percio-campos-agencia-infra.jpg\",\"width\":1280,\"height\":853,\"caption\":\"Foto: Percio Campos\/Ag\u00eancia iNFRA\"},{\"@type\":\"BreadcrumbList\",\"@id\":\"https:\/\/agenciainfra.com\/blog\/conexoes-saneamento-25-senador-quer-acordo-por-isencao-de-licenciamento\/#breadcrumb\",\"itemListElement\":[{\"@type\":\"ListItem\",\"position\":1,\"name\":\"In\u00edcio\",\"item\":\"https:\/\/agenciainfra.com\/blog\/\"},{\"@type\":\"ListItem\",\"position\":2,\"name\":\"Conex\u00f5es Saneamento 25: Senador quer acordo por isen\u00e7\u00e3o de licenciamento\"}]},{\"@type\":\"WebSite\",\"@id\":\"https:\/\/agenciainfra.com\/blog\/#website\",\"url\":\"https:\/\/agenciainfra.com\/blog\/\",\"name\":\"Ag\u00eancia iNFRA\",\"description\":\"Multiplataforma de informa\u00e7\u00e3o jornal\u00edstica refer\u00eancia na \u00e1rea de infraestrutura no Brasil!\",\"publisher\":{\"@id\":\"https:\/\/agenciainfra.com\/blog\/#organization\"},\"potentialAction\":[{\"@type\":\"SearchAction\",\"target\":{\"@type\":\"EntryPoint\",\"urlTemplate\":\"https:\/\/agenciainfra.com\/blog\/?s={search_term_string}\"},\"query-input\":{\"@type\":\"PropertyValueSpecification\",\"valueRequired\":true,\"valueName\":\"search_term_string\"}}],\"inLanguage\":\"pt-BR\"},{\"@type\":\"Organization\",\"@id\":\"https:\/\/agenciainfra.com\/blog\/#organization\",\"name\":\"Ag\u00eancia iNFRA\",\"url\":\"https:\/\/agenciainfra.com\/blog\/\",\"logo\":{\"@type\":\"ImageObject\",\"inLanguage\":\"pt-BR\",\"@id\":\"https:\/\/agenciainfra.com\/blog\/#\/schema\/logo\/image\/\",\"url\":\"https:\/\/agenciainfra.com\/blog\/wp-content\/uploads\/2023\/09\/iNFRA_5-e1761735885940.png\",\"contentUrl\":\"https:\/\/agenciainfra.com\/blog\/wp-content\/uploads\/2023\/09\/iNFRA_5-e1761735885940.png\",\"width\":1672,\"height\":454,\"caption\":\"Ag\u00eancia iNFRA\"},\"image\":{\"@id\":\"https:\/\/agenciainfra.com\/blog\/#\/schema\/logo\/image\/\"},\"sameAs\":[\"https:\/\/www.facebook.com\/ageninfra\",\"https:\/\/x.com\/agencia_infra\",\"https:\/\/www.linkedin.com\/company\/ag\u00eanciainfra\/\",\"https:\/\/www.instagram.com\/agenciainfra\/\"]},{\"@type\":\"Person\",\"@id\":\"https:\/\/agenciainfra.com\/blog\/#\/schema\/person\/34af08dff6adea4cb22b06612ba7acfa\",\"name\":\"Ag\u00eancia iNFRA\",\"image\":{\"@type\":\"ImageObject\",\"inLanguage\":\"pt-BR\",\"@id\":\"https:\/\/agenciainfra.com\/blog\/#\/schema\/person\/image\/\",\"url\":\"https:\/\/secure.gravatar.com\/avatar\/d189e01678f06d8eb84d4e01f08eb848b3fffe3f8443818d3c356c66892f5be8?s=96&d=mm&r=g\",\"contentUrl\":\"https:\/\/secure.gravatar.com\/avatar\/d189e01678f06d8eb84d4e01f08eb848b3fffe3f8443818d3c356c66892f5be8?s=96&d=mm&r=g\",\"caption\":\"Ag\u00eancia iNFRA\"},\"url\":\"https:\/\/agenciainfra.com\/blog\/author\/admin\/\"}]}<\/script>\n<!-- \/ Yoast SEO Premium plugin. -->","yoast_head_json":{"title":"Conex\u00f5es Saneamento 25: Senador quer acordo por isen\u00e7\u00e3o de licenciamento - Ag\u00eancia iNFRA","robots":{"index":"index","follow":"follow","max-snippet":"max-snippet:-1","max-image-preview":"max-image-preview:large","max-video-preview":"max-video-preview:-1"},"canonical":"https:\/\/agenciainfra.com\/blog\/conexoes-saneamento-25-senador-quer-acordo-por-isencao-de-licenciamento\/","og_locale":"pt_BR","og_type":"article","og_title":"Conex\u00f5es Saneamento 25: Senador quer acordo por isen\u00e7\u00e3o de licenciamento","og_description":"da Ag\u00eancia iNFRA O senador Alan Rick (Uni\u00e3o-AC) defendeu que seja feito um acordo com o governo para a derrubado do veto na Lei do Licenciamento Ambiental ao dispositivo que isenta de licenciamento as obras de saneamento b\u00e1sico at\u00e9 o atingimento das metas de universaliza\u00e7\u00e3o. \u201cFa\u00e7o um clamor a todos os deputados, senadores, precisamos construir [&hellip;]","og_url":"https:\/\/agenciainfra.com\/blog\/conexoes-saneamento-25-senador-quer-acordo-por-isencao-de-licenciamento\/","og_site_name":"Ag\u00eancia iNFRA","article_publisher":"https:\/\/www.facebook.com\/ageninfra","article_published_time":"2025-08-27T15:09:12+00:00","article_modified_time":"2025-08-29T19:33:00+00:00","og_image":[{"width":1280,"height":853,"url":"https:\/\/agenciainfra.com\/blog\/wp-content\/uploads\/2025\/08\/alan-rick-foto-percio-campos-agencia-infra.jpg","type":"image\/jpeg"}],"author":"Ag\u00eancia iNFRA","twitter_card":"summary_large_image","twitter_creator":"@agencia_infra","twitter_site":"@agencia_infra","twitter_misc":{"Escrito por":"Ag\u00eancia iNFRA","Est. tempo de leitura":"2 minutos"},"schema":{"@context":"https:\/\/schema.org","@graph":[{"@type":"Article","@id":"https:\/\/agenciainfra.com\/blog\/conexoes-saneamento-25-senador-quer-acordo-por-isencao-de-licenciamento\/#article","isPartOf":{"@id":"https:\/\/agenciainfra.com\/blog\/conexoes-saneamento-25-senador-quer-acordo-por-isencao-de-licenciamento\/"},"author":{"name":"Ag\u00eancia iNFRA","@id":"https:\/\/agenciainfra.com\/blog\/#\/schema\/person\/34af08dff6adea4cb22b06612ba7acfa"},"headline":"Conex\u00f5es Saneamento 25: Senador quer acordo por isen\u00e7\u00e3o de licenciamento","datePublished":"2025-08-27T15:09:12+00:00","dateModified":"2025-08-29T19:33:00+00:00","mainEntityOfPage":{"@id":"https:\/\/agenciainfra.com\/blog\/conexoes-saneamento-25-senador-quer-acordo-por-isencao-de-licenciamento\/"},"wordCount":333,"publisher":{"@id":"https:\/\/agenciainfra.com\/blog\/#organization"},"image":{"@id":"https:\/\/agenciainfra.com\/blog\/conexoes-saneamento-25-senador-quer-acordo-por-isencao-de-licenciamento\/#primaryimage"},"thumbnailUrl":"https:\/\/agenciainfra.com\/blog\/wp-content\/uploads\/2025\/08\/alan-rick-foto-percio-campos-agencia-infra.jpg","keywords":["Abcon Sindcon","Alan Rick","Arnaldo Jardim","Conex\u00f5es Saneamento 25","isen\u00e7\u00e3o de licenciamento","Licenciamento ambiental","ppps e concess\u00f5es","Raquel Lyra","Saneamento B\u00e1sico","universaliza\u00e7\u00e3o"],"articleSection":["Geral","iNFRASaneamento"],"inLanguage":"pt-BR","copyrightYear":"2025","copyrightHolder":{"@id":"https:\/\/agenciainfra.com\/blog\/#organization"}},{"@type":"WebPage","@id":"https:\/\/agenciainfra.com\/blog\/conexoes-saneamento-25-senador-quer-acordo-por-isencao-de-licenciamento\/","url":"https:\/\/agenciainfra.com\/blog\/conexoes-saneamento-25-senador-quer-acordo-por-isencao-de-licenciamento\/","name":"Conex\u00f5es Saneamento 25: Senador quer acordo por isen\u00e7\u00e3o de licenciamento - Ag\u00eancia iNFRA","isPartOf":{"@id":"https:\/\/agenciainfra.com\/blog\/#website"},"primaryImageOfPage":{"@id":"https:\/\/agenciainfra.com\/blog\/conexoes-saneamento-25-senador-quer-acordo-por-isencao-de-licenciamento\/#primaryimage"},"image":{"@id":"https:\/\/agenciainfra.com\/blog\/conexoes-saneamento-25-senador-quer-acordo-por-isencao-de-licenciamento\/#primaryimage"},"thumbnailUrl":"https:\/\/agenciainfra.com\/blog\/wp-content\/uploads\/2025\/08\/alan-rick-foto-percio-campos-agencia-infra.jpg","datePublished":"2025-08-27T15:09:12+00:00","dateModified":"2025-08-29T19:33:00+00:00","breadcrumb":{"@id":"https:\/\/agenciainfra.com\/blog\/conexoes-saneamento-25-senador-quer-acordo-por-isencao-de-licenciamento\/#breadcrumb"},"inLanguage":"pt-BR","potentialAction":[{"@type":"ReadAction","target":["https:\/\/agenciainfra.com\/blog\/conexoes-saneamento-25-senador-quer-acordo-por-isencao-de-licenciamento\/"]}]},{"@type":"ImageObject","inLanguage":"pt-BR","@id":"https:\/\/agenciainfra.com\/blog\/conexoes-saneamento-25-senador-quer-acordo-por-isencao-de-licenciamento\/#primaryimage","url":"https:\/\/agenciainfra.com\/blog\/wp-content\/uploads\/2025\/08\/alan-rick-foto-percio-campos-agencia-infra.jpg","contentUrl":"https:\/\/agenciainfra.com\/blog\/wp-content\/uploads\/2025\/08\/alan-rick-foto-percio-campos-agencia-infra.jpg","width":1280,"height":853,"caption":"Foto: Percio Campos\/Ag\u00eancia iNFRA"},{"@type":"BreadcrumbList","@id":"https:\/\/agenciainfra.com\/blog\/conexoes-saneamento-25-senador-quer-acordo-por-isencao-de-licenciamento\/#breadcrumb","itemListElement":[{"@type":"ListItem","position":1,"name":"In\u00edcio","item":"https:\/\/agenciainfra.com\/blog\/"},{"@type":"ListItem","position":2,"name":"Conex\u00f5es Saneamento 25: Senador quer acordo por isen\u00e7\u00e3o de licenciamento"}]},{"@type":"WebSite","@id":"https:\/\/agenciainfra.com\/blog\/#website","url":"https:\/\/agenciainfra.com\/blog\/","name":"Ag\u00eancia iNFRA","description":"Multiplataforma de informa\u00e7\u00e3o jornal\u00edstica refer\u00eancia na \u00e1rea de infraestrutura no Brasil!","publisher":{"@id":"https:\/\/agenciainfra.com\/blog\/#organization"},"potentialAction":[{"@type":"SearchAction","target":{"@type":"EntryPoint","urlTemplate":"https:\/\/agenciainfra.com\/blog\/?s={search_term_string}"},"query-input":{"@type":"PropertyValueSpecification","valueRequired":true,"valueName":"search_term_string"}}],"inLanguage":"pt-BR"},{"@type":"Organization","@id":"https:\/\/agenciainfra.com\/blog\/#organization","name":"Ag\u00eancia iNFRA","url":"https:\/\/agenciainfra.com\/blog\/","logo":{"@type":"ImageObject","inLanguage":"pt-BR","@id":"https:\/\/agenciainfra.com\/blog\/#\/schema\/logo\/image\/","url":"https:\/\/agenciainfra.com\/blog\/wp-content\/uploads\/2023\/09\/iNFRA_5-e1761735885940.png","contentUrl":"https:\/\/agenciainfra.com\/blog\/wp-content\/uploads\/2023\/09\/iNFRA_5-e1761735885940.png","width":1672,"height":454,"caption":"Ag\u00eancia iNFRA"},"image":{"@id":"https:\/\/agenciainfra.com\/blog\/#\/schema\/logo\/image\/"},"sameAs":["https:\/\/www.facebook.com\/ageninfra","https:\/\/x.com\/agencia_infra","https:\/\/www.linkedin.com\/company\/ag\u00eanciainfra\/","https:\/\/www.instagram.com\/agenciainfra\/"]},{"@type":"Person","@id":"https:\/\/agenciainfra.com\/blog\/#\/schema\/person\/34af08dff6adea4cb22b06612ba7acfa","name":"Ag\u00eancia iNFRA","image":{"@type":"ImageObject","inLanguage":"pt-BR","@id":"https:\/\/agenciainfra.com\/blog\/#\/schema\/person\/image\/","url":"https:\/\/secure.gravatar.com\/avatar\/d189e01678f06d8eb84d4e01f08eb848b3fffe3f8443818d3c356c66892f5be8?s=96&d=mm&r=g","contentUrl":"https:\/\/secure.gravatar.com\/avatar\/d189e01678f06d8eb84d4e01f08eb848b3fffe3f8443818d3c356c66892f5be8?s=96&d=mm&r=g","caption":"Ag\u00eancia iNFRA"},"url":"https:\/\/agenciainfra.com\/blog\/author\/admin\/"}]}},"_links":{"self":[{"href":"https:\/\/agenciainfra.com\/blog\/wp-json\/wp\/v2\/posts\/26783","targetHints":{"allow":["GET"]}}],"collection":[{"href":"https:\/\/agenciainfra.com\/blog\/wp-json\/wp\/v2\/posts"}],"about":[{"href":"https:\/\/agenciainfra.com\/blog\/wp-json\/wp\/v2\/types\/post"}],"author":[{"embeddable":true,"href":"https:\/\/agenciainfra.com\/blog\/wp-json\/wp\/v2\/users\/1"}],"replies":[{"embeddable":true,"href":"https:\/\/agenciainfra.com\/blog\/wp-json\/wp\/v2\/comments?post=26783"}],"version-history":[{"count":1,"href":"https:\/\/agenciainfra.com\/blog\/wp-json\/wp\/v2\/posts\/26783\/revisions"}],"predecessor-version":[{"id":26785,"href":"https:\/\/agenciainfra.com\/blog\/wp-json\/wp\/v2\/posts\/26783\/revisions\/26785"}],"wp:featuredmedia":[{"embeddable":true,"href":"https:\/\/agenciainfra.com\/blog\/wp-json\/wp\/v2\/media\/26784"}],"wp:attachment":[{"href":"https:\/\/agenciainfra.com\/blog\/wp-json\/wp\/v2\/media?parent=26783"}],"wp:term":[{"taxonomy":"category","embeddable":true,"href":"https:\/\/agenciainfra.com\/blog\/wp-json\/wp\/v2\/categories?post=26783"},{"taxonomy":"post_tag","embeddable":true,"href":"https:\/\/agenciainfra.com\/blog\/wp-json\/wp\/v2\/tags?post=26783"}],"curies":[{"name":"wp","href":"https:\/\/api.w.org\/{rel}","templated":true}]}}