{"id":26787,"date":"2025-08-27T12:31:31","date_gmt":"2025-08-27T15:31:31","guid":{"rendered":"https:\/\/agenciainfra.com\/blog\/?p=26787"},"modified":"2025-08-28T09:33:21","modified_gmt":"2025-08-28T12:33:21","slug":"ministro-silveira-e-convocado-na-camara-apos-faltar-em-audiencia","status":"publish","type":"post","link":"https:\/\/agenciainfra.com\/blog\/ministro-silveira-e-convocado-na-camara-apos-faltar-em-audiencia\/","title":{"rendered":"Ap\u00f3s faltar em audi\u00eancia, ministro Silveira \u00e9 convocado na C\u00e2mara"},"content":{"rendered":"\n<p class=\"has-text-align-right\"><strong>Geraldo Campos Jr., da Ag\u00eancia iNFRA<\/strong><\/p>\n\n\n\n<p>A CRE (Comiss\u00e3o de Rela\u00e7\u00f5es Exteriores) da C\u00e2mara dos Deputados aprovou, nesta quarta-feira (27), convoca\u00e7\u00e3o do ministro de Minas e Energia, Alexandre Silveira, para comparecer em audi\u00eancia no colegiado.<\/p>\n\n\n\n<p>O requerimento foi inserido extrapauta ap\u00f3s a aus\u00eancia do ministro na audi\u00eancia que estava marcada para esta quarta, para debater temas como a usina de Itaipu, petr\u00f3leo e energia nuclear.<\/p>\n\n\n\n<p>Deputados da oposi\u00e7\u00e3o classificaram o <a href=\"https:\/\/agenciainfra.com\/blog\/comissao-cancela-audiencia-marcada-para-quarta-feira-27-com-silveira\/\">cancelamento<\/a> na v\u00e9spera como \u201cdesrespeitoso\u201d. Silveira comunicou ao presidente da CRE que comparecer\u00e1 \u00e0 comiss\u00e3o em 24 de setembro.<\/p>\n","protected":false},"excerpt":{"rendered":"<p>Geraldo Campos Jr., da Ag\u00eancia iNFRA A CRE (Comiss\u00e3o de Rela\u00e7\u00f5es Exteriores) da C\u00e2mara dos Deputados aprovou, nesta quarta-feira (27), convoca\u00e7\u00e3o do ministro de Minas e Energia, Alexandre Silveira, para comparecer em audi\u00eancia no colegiado. O requerimento foi inserido extrapauta ap\u00f3s a aus\u00eancia do ministro na audi\u00eancia que estava marcada para esta quarta, para debater [&hellip;]<\/p>\n","protected":false},"author":1,"featured_media":26788,"comment_status":"closed","ping_status":"closed","sticky":false,"template":"","format":"standard","meta":{"_monsterinsights_skip_tracking":false,"_monsterinsights_sitenote_active":false,"_monsterinsights_sitenote_note":"","_monsterinsights_sitenote_category":0,"footnotes":""},"categories":[1,10],"tags":[6040,9463,651,11594,96,213,11950],"class_list":["post-26787","post","type-post","status-publish","format-standard","has-post-thumbnail","hentry","category-geral","category-infraenergia","tag-alexandre-silveira","tag-comissao-de-relacoes-exteriores","tag-energia-nuclear","tag-geraldo-campos-jr","tag-ministerio-de-minas-e-energia","tag-petroleo","tag-usina-de-itaipu"],"yoast_head":"<!-- This site is optimized with the Yoast SEO Premium plugin v25.4 (Yoast SEO v26.0) - https:\/\/yoast.com\/wordpress\/plugins\/seo\/ -->\n<title>Ap\u00f3s faltar em audi\u00eancia, ministro Silveira \u00e9 convocado na C\u00e2mara - Ag\u00eancia iNFRA<\/title>\n<meta name=\"robots\" content=\"index, follow, max-snippet:-1, max-image-preview:large, max-video-preview:-1\" \/>\n<link rel=\"canonical\" href=\"https:\/\/agenciainfra.com\/blog\/ministro-silveira-e-convocado-na-camara-apos-faltar-em-audiencia\/\" \/>\n<meta property=\"og:locale\" content=\"pt_BR\" \/>\n<meta property=\"og:type\" content=\"article\" \/>\n<meta property=\"og:title\" content=\"Ap\u00f3s faltar em audi\u00eancia, ministro Silveira \u00e9 convocado na C\u00e2mara\" \/>\n<meta property=\"og:description\" content=\"Geraldo Campos Jr., da Ag\u00eancia iNFRA A CRE (Comiss\u00e3o de Rela\u00e7\u00f5es Exteriores) da C\u00e2mara dos Deputados aprovou, nesta quarta-feira (27), convoca\u00e7\u00e3o do ministro de Minas e Energia, Alexandre Silveira, para comparecer em audi\u00eancia no colegiado. O requerimento foi inserido extrapauta ap\u00f3s a aus\u00eancia do ministro na audi\u00eancia que estava marcada para esta quarta, para debater [&hellip;]\" \/>\n<meta property=\"og:url\" content=\"https:\/\/agenciainfra.com\/blog\/ministro-silveira-e-convocado-na-camara-apos-faltar-em-audiencia\/\" \/>\n<meta property=\"og:site_name\" content=\"Ag\u00eancia iNFRA\" \/>\n<meta property=\"article:publisher\" content=\"https:\/\/www.facebook.com\/ageninfra\" \/>\n<meta property=\"article:published_time\" content=\"2025-08-27T15:31:31+00:00\" \/>\n<meta property=\"article:modified_time\" content=\"2025-08-28T12:33:21+00:00\" \/>\n<meta property=\"og:image\" content=\"https:\/\/agenciainfra.com\/blog\/wp-content\/uploads\/2025\/08\/alexandre-silveira-foto-kayo-magalhaes-camara-dos-deputados.jpg\" \/>\n\t<meta property=\"og:image:width\" content=\"1280\" \/>\n\t<meta property=\"og:image:height\" content=\"789\" \/>\n\t<meta property=\"og:image:type\" content=\"image\/jpeg\" \/>\n<meta name=\"author\" content=\"Ag\u00eancia iNFRA\" \/>\n<meta name=\"twitter:card\" content=\"summary_large_image\" \/>\n<meta name=\"twitter:creator\" content=\"@agencia_infra\" \/>\n<meta name=\"twitter:site\" content=\"@agencia_infra\" \/>\n<meta name=\"twitter:label1\" content=\"Escrito por\" \/>\n\t<meta name=\"twitter:data1\" content=\"Ag\u00eancia iNFRA\" \/>\n<script type=\"application\/ld+json\" class=\"yoast-schema-graph\">{\"@context\":\"https:\/\/schema.org\",\"@graph\":[{\"@type\":\"Article\",\"@id\":\"https:\/\/agenciainfra.com\/blog\/ministro-silveira-e-convocado-na-camara-apos-faltar-em-audiencia\/#article\",\"isPartOf\":{\"@id\":\"https:\/\/agenciainfra.com\/blog\/ministro-silveira-e-convocado-na-camara-apos-faltar-em-audiencia\/\"},\"author\":{\"name\":\"Ag\u00eancia iNFRA\",\"@id\":\"https:\/\/agenciainfra.com\/blog\/#\/schema\/person\/34af08dff6adea4cb22b06612ba7acfa\"},\"headline\":\"Ap\u00f3s faltar em audi\u00eancia, ministro Silveira \u00e9 convocado na C\u00e2mara\",\"datePublished\":\"2025-08-27T15:31:31+00:00\",\"dateModified\":\"2025-08-28T12:33:21+00:00\",\"mainEntityOfPage\":{\"@id\":\"https:\/\/agenciainfra.com\/blog\/ministro-silveira-e-convocado-na-camara-apos-faltar-em-audiencia\/\"},\"wordCount\":111,\"publisher\":{\"@id\":\"https:\/\/agenciainfra.com\/blog\/#organization\"},\"image\":{\"@id\":\"https:\/\/agenciainfra.com\/blog\/ministro-silveira-e-convocado-na-camara-apos-faltar-em-audiencia\/#primaryimage\"},\"thumbnailUrl\":\"https:\/\/agenciainfra.com\/blog\/wp-content\/uploads\/2025\/08\/alexandre-silveira-foto-kayo-magalhaes-camara-dos-deputados.jpg\",\"keywords\":[\"Alexandre Silveira\",\"Comiss\u00e3o de Rela\u00e7\u00f5es Exteriores\",\"Energia Nuclear\",\"Geraldo Campos Jr.\",\"Minist\u00e9rio de Minas e Energia\",\"petr\u00f3leo\",\"usina de Itaipu\"],\"articleSection\":[\"Geral\",\"iNFRAEnergia\"],\"inLanguage\":\"pt-BR\",\"copyrightYear\":\"2025\",\"copyrightHolder\":{\"@id\":\"https:\/\/agenciainfra.com\/blog\/#organization\"}},{\"@type\":\"WebPage\",\"@id\":\"https:\/\/agenciainfra.com\/blog\/ministro-silveira-e-convocado-na-camara-apos-faltar-em-audiencia\/\",\"url\":\"https:\/\/agenciainfra.com\/blog\/ministro-silveira-e-convocado-na-camara-apos-faltar-em-audiencia\/\",\"name\":\"Ap\u00f3s faltar em audi\u00eancia, ministro Silveira \u00e9 convocado na C\u00e2mara - Ag\u00eancia iNFRA\",\"isPartOf\":{\"@id\":\"https:\/\/agenciainfra.com\/blog\/#website\"},\"primaryImageOfPage\":{\"@id\":\"https:\/\/agenciainfra.com\/blog\/ministro-silveira-e-convocado-na-camara-apos-faltar-em-audiencia\/#primaryimage\"},\"image\":{\"@id\":\"https:\/\/agenciainfra.com\/blog\/ministro-silveira-e-convocado-na-camara-apos-faltar-em-audiencia\/#primaryimage\"},\"thumbnailUrl\":\"https:\/\/agenciainfra.com\/blog\/wp-content\/uploads\/2025\/08\/alexandre-silveira-foto-kayo-magalhaes-camara-dos-deputados.jpg\",\"datePublished\":\"2025-08-27T15:31:31+00:00\",\"dateModified\":\"2025-08-28T12:33:21+00:00\",\"breadcrumb\":{\"@id\":\"https:\/\/agenciainfra.com\/blog\/ministro-silveira-e-convocado-na-camara-apos-faltar-em-audiencia\/#breadcrumb\"},\"inLanguage\":\"pt-BR\",\"potentialAction\":[{\"@type\":\"ReadAction\",\"target\":[\"https:\/\/agenciainfra.com\/blog\/ministro-silveira-e-convocado-na-camara-apos-faltar-em-audiencia\/\"]}]},{\"@type\":\"ImageObject\",\"inLanguage\":\"pt-BR\",\"@id\":\"https:\/\/agenciainfra.com\/blog\/ministro-silveira-e-convocado-na-camara-apos-faltar-em-audiencia\/#primaryimage\",\"url\":\"https:\/\/agenciainfra.com\/blog\/wp-content\/uploads\/2025\/08\/alexandre-silveira-foto-kayo-magalhaes-camara-dos-deputados.jpg\",\"contentUrl\":\"https:\/\/agenciainfra.com\/blog\/wp-content\/uploads\/2025\/08\/alexandre-silveira-foto-kayo-magalhaes-camara-dos-deputados.jpg\",\"width\":1280,\"height\":789,\"caption\":\"Foto: Kayo Magalh\u00e3es\/C\u00e2mara dos Deputados\"},{\"@type\":\"BreadcrumbList\",\"@id\":\"https:\/\/agenciainfra.com\/blog\/ministro-silveira-e-convocado-na-camara-apos-faltar-em-audiencia\/#breadcrumb\",\"itemListElement\":[{\"@type\":\"ListItem\",\"position\":1,\"name\":\"In\u00edcio\",\"item\":\"https:\/\/agenciainfra.com\/blog\/\"},{\"@type\":\"ListItem\",\"position\":2,\"name\":\"Ap\u00f3s faltar em audi\u00eancia, ministro Silveira \u00e9 convocado na C\u00e2mara\"}]},{\"@type\":\"WebSite\",\"@id\":\"https:\/\/agenciainfra.com\/blog\/#website\",\"url\":\"https:\/\/agenciainfra.com\/blog\/\",\"name\":\"Ag\u00eancia iNFRA\",\"description\":\"Multiplataforma de informa\u00e7\u00e3o jornal\u00edstica refer\u00eancia na \u00e1rea de infraestrutura no Brasil!\",\"publisher\":{\"@id\":\"https:\/\/agenciainfra.com\/blog\/#organization\"},\"potentialAction\":[{\"@type\":\"SearchAction\",\"target\":{\"@type\":\"EntryPoint\",\"urlTemplate\":\"https:\/\/agenciainfra.com\/blog\/?s={search_term_string}\"},\"query-input\":{\"@type\":\"PropertyValueSpecification\",\"valueRequired\":true,\"valueName\":\"search_term_string\"}}],\"inLanguage\":\"pt-BR\"},{\"@type\":\"Organization\",\"@id\":\"https:\/\/agenciainfra.com\/blog\/#organization\",\"name\":\"Ag\u00eancia iNFRA\",\"url\":\"https:\/\/agenciainfra.com\/blog\/\",\"logo\":{\"@type\":\"ImageObject\",\"inLanguage\":\"pt-BR\",\"@id\":\"https:\/\/agenciainfra.com\/blog\/#\/schema\/logo\/image\/\",\"url\":\"https:\/\/agenciainfra.com\/blog\/wp-content\/uploads\/2023\/09\/iNFRA_5-e1761735885940.png\",\"contentUrl\":\"https:\/\/agenciainfra.com\/blog\/wp-content\/uploads\/2023\/09\/iNFRA_5-e1761735885940.png\",\"width\":1672,\"height\":454,\"caption\":\"Ag\u00eancia iNFRA\"},\"image\":{\"@id\":\"https:\/\/agenciainfra.com\/blog\/#\/schema\/logo\/image\/\"},\"sameAs\":[\"https:\/\/www.facebook.com\/ageninfra\",\"https:\/\/x.com\/agencia_infra\",\"https:\/\/www.linkedin.com\/company\/ag\u00eanciainfra\/\",\"https:\/\/www.instagram.com\/agenciainfra\/\"]},{\"@type\":\"Person\",\"@id\":\"https:\/\/agenciainfra.com\/blog\/#\/schema\/person\/34af08dff6adea4cb22b06612ba7acfa\",\"name\":\"Ag\u00eancia iNFRA\",\"image\":{\"@type\":\"ImageObject\",\"inLanguage\":\"pt-BR\",\"@id\":\"https:\/\/agenciainfra.com\/blog\/#\/schema\/person\/image\/\",\"url\":\"https:\/\/secure.gravatar.com\/avatar\/d189e01678f06d8eb84d4e01f08eb848b3fffe3f8443818d3c356c66892f5be8?s=96&d=mm&r=g\",\"contentUrl\":\"https:\/\/secure.gravatar.com\/avatar\/d189e01678f06d8eb84d4e01f08eb848b3fffe3f8443818d3c356c66892f5be8?s=96&d=mm&r=g\",\"caption\":\"Ag\u00eancia iNFRA\"},\"url\":\"https:\/\/agenciainfra.com\/blog\/author\/admin\/\"}]}<\/script>\n<!-- \/ Yoast SEO Premium plugin. -->","yoast_head_json":{"title":"Ap\u00f3s faltar em audi\u00eancia, ministro Silveira \u00e9 convocado na C\u00e2mara - Ag\u00eancia iNFRA","robots":{"index":"index","follow":"follow","max-snippet":"max-snippet:-1","max-image-preview":"max-image-preview:large","max-video-preview":"max-video-preview:-1"},"canonical":"https:\/\/agenciainfra.com\/blog\/ministro-silveira-e-convocado-na-camara-apos-faltar-em-audiencia\/","og_locale":"pt_BR","og_type":"article","og_title":"Ap\u00f3s faltar em audi\u00eancia, ministro Silveira \u00e9 convocado na C\u00e2mara","og_description":"Geraldo Campos Jr., da Ag\u00eancia iNFRA A CRE (Comiss\u00e3o de Rela\u00e7\u00f5es Exteriores) da C\u00e2mara dos Deputados aprovou, nesta quarta-feira (27), convoca\u00e7\u00e3o do ministro de Minas e Energia, Alexandre Silveira, para comparecer em audi\u00eancia no colegiado. O requerimento foi inserido extrapauta ap\u00f3s a aus\u00eancia do ministro na audi\u00eancia que estava marcada para esta quarta, para debater [&hellip;]","og_url":"https:\/\/agenciainfra.com\/blog\/ministro-silveira-e-convocado-na-camara-apos-faltar-em-audiencia\/","og_site_name":"Ag\u00eancia iNFRA","article_publisher":"https:\/\/www.facebook.com\/ageninfra","article_published_time":"2025-08-27T15:31:31+00:00","article_modified_time":"2025-08-28T12:33:21+00:00","og_image":[{"width":1280,"height":789,"url":"https:\/\/agenciainfra.com\/blog\/wp-content\/uploads\/2025\/08\/alexandre-silveira-foto-kayo-magalhaes-camara-dos-deputados.jpg","type":"image\/jpeg"}],"author":"Ag\u00eancia iNFRA","twitter_card":"summary_large_image","twitter_creator":"@agencia_infra","twitter_site":"@agencia_infra","twitter_misc":{"Escrito por":"Ag\u00eancia iNFRA"},"schema":{"@context":"https:\/\/schema.org","@graph":[{"@type":"Article","@id":"https:\/\/agenciainfra.com\/blog\/ministro-silveira-e-convocado-na-camara-apos-faltar-em-audiencia\/#article","isPartOf":{"@id":"https:\/\/agenciainfra.com\/blog\/ministro-silveira-e-convocado-na-camara-apos-faltar-em-audiencia\/"},"author":{"name":"Ag\u00eancia iNFRA","@id":"https:\/\/agenciainfra.com\/blog\/#\/schema\/person\/34af08dff6adea4cb22b06612ba7acfa"},"headline":"Ap\u00f3s faltar em audi\u00eancia, ministro Silveira \u00e9 convocado na C\u00e2mara","datePublished":"2025-08-27T15:31:31+00:00","dateModified":"2025-08-28T12:33:21+00:00","mainEntityOfPage":{"@id":"https:\/\/agenciainfra.com\/blog\/ministro-silveira-e-convocado-na-camara-apos-faltar-em-audiencia\/"},"wordCount":111,"publisher":{"@id":"https:\/\/agenciainfra.com\/blog\/#organization"},"image":{"@id":"https:\/\/agenciainfra.com\/blog\/ministro-silveira-e-convocado-na-camara-apos-faltar-em-audiencia\/#primaryimage"},"thumbnailUrl":"https:\/\/agenciainfra.com\/blog\/wp-content\/uploads\/2025\/08\/alexandre-silveira-foto-kayo-magalhaes-camara-dos-deputados.jpg","keywords":["Alexandre Silveira","Comiss\u00e3o de Rela\u00e7\u00f5es Exteriores","Energia Nuclear","Geraldo Campos Jr.","Minist\u00e9rio de Minas e Energia","petr\u00f3leo","usina de Itaipu"],"articleSection":["Geral","iNFRAEnergia"],"inLanguage":"pt-BR","copyrightYear":"2025","copyrightHolder":{"@id":"https:\/\/agenciainfra.com\/blog\/#organization"}},{"@type":"WebPage","@id":"https:\/\/agenciainfra.com\/blog\/ministro-silveira-e-convocado-na-camara-apos-faltar-em-audiencia\/","url":"https:\/\/agenciainfra.com\/blog\/ministro-silveira-e-convocado-na-camara-apos-faltar-em-audiencia\/","name":"Ap\u00f3s faltar em audi\u00eancia, ministro Silveira \u00e9 convocado na C\u00e2mara - Ag\u00eancia iNFRA","isPartOf":{"@id":"https:\/\/agenciainfra.com\/blog\/#website"},"primaryImageOfPage":{"@id":"https:\/\/agenciainfra.com\/blog\/ministro-silveira-e-convocado-na-camara-apos-faltar-em-audiencia\/#primaryimage"},"image":{"@id":"https:\/\/agenciainfra.com\/blog\/ministro-silveira-e-convocado-na-camara-apos-faltar-em-audiencia\/#primaryimage"},"thumbnailUrl":"https:\/\/agenciainfra.com\/blog\/wp-content\/uploads\/2025\/08\/alexandre-silveira-foto-kayo-magalhaes-camara-dos-deputados.jpg","datePublished":"2025-08-27T15:31:31+00:00","dateModified":"2025-08-28T12:33:21+00:00","breadcrumb":{"@id":"https:\/\/agenciainfra.com\/blog\/ministro-silveira-e-convocado-na-camara-apos-faltar-em-audiencia\/#breadcrumb"},"inLanguage":"pt-BR","potentialAction":[{"@type":"ReadAction","target":["https:\/\/agenciainfra.com\/blog\/ministro-silveira-e-convocado-na-camara-apos-faltar-em-audiencia\/"]}]},{"@type":"ImageObject","inLanguage":"pt-BR","@id":"https:\/\/agenciainfra.com\/blog\/ministro-silveira-e-convocado-na-camara-apos-faltar-em-audiencia\/#primaryimage","url":"https:\/\/agenciainfra.com\/blog\/wp-content\/uploads\/2025\/08\/alexandre-silveira-foto-kayo-magalhaes-camara-dos-deputados.jpg","contentUrl":"https:\/\/agenciainfra.com\/blog\/wp-content\/uploads\/2025\/08\/alexandre-silveira-foto-kayo-magalhaes-camara-dos-deputados.jpg","width":1280,"height":789,"caption":"Foto: Kayo Magalh\u00e3es\/C\u00e2mara dos Deputados"},{"@type":"BreadcrumbList","@id":"https:\/\/agenciainfra.com\/blog\/ministro-silveira-e-convocado-na-camara-apos-faltar-em-audiencia\/#breadcrumb","itemListElement":[{"@type":"ListItem","position":1,"name":"In\u00edcio","item":"https:\/\/agenciainfra.com\/blog\/"},{"@type":"ListItem","position":2,"name":"Ap\u00f3s faltar em audi\u00eancia, ministro Silveira \u00e9 convocado na C\u00e2mara"}]},{"@type":"WebSite","@id":"https:\/\/agenciainfra.com\/blog\/#website","url":"https:\/\/agenciainfra.com\/blog\/","name":"Ag\u00eancia iNFRA","description":"Multiplataforma de informa\u00e7\u00e3o jornal\u00edstica refer\u00eancia na \u00e1rea de infraestrutura no Brasil!","publisher":{"@id":"https:\/\/agenciainfra.com\/blog\/#organization"},"potentialAction":[{"@type":"SearchAction","target":{"@type":"EntryPoint","urlTemplate":"https:\/\/agenciainfra.com\/blog\/?s={search_term_string}"},"query-input":{"@type":"PropertyValueSpecification","valueRequired":true,"valueName":"search_term_string"}}],"inLanguage":"pt-BR"},{"@type":"Organization","@id":"https:\/\/agenciainfra.com\/blog\/#organization","name":"Ag\u00eancia iNFRA","url":"https:\/\/agenciainfra.com\/blog\/","logo":{"@type":"ImageObject","inLanguage":"pt-BR","@id":"https:\/\/agenciainfra.com\/blog\/#\/schema\/logo\/image\/","url":"https:\/\/agenciainfra.com\/blog\/wp-content\/uploads\/2023\/09\/iNFRA_5-e1761735885940.png","contentUrl":"https:\/\/agenciainfra.com\/blog\/wp-content\/uploads\/2023\/09\/iNFRA_5-e1761735885940.png","width":1672,"height":454,"caption":"Ag\u00eancia iNFRA"},"image":{"@id":"https:\/\/agenciainfra.com\/blog\/#\/schema\/logo\/image\/"},"sameAs":["https:\/\/www.facebook.com\/ageninfra","https:\/\/x.com\/agencia_infra","https:\/\/www.linkedin.com\/company\/ag\u00eanciainfra\/","https:\/\/www.instagram.com\/agenciainfra\/"]},{"@type":"Person","@id":"https:\/\/agenciainfra.com\/blog\/#\/schema\/person\/34af08dff6adea4cb22b06612ba7acfa","name":"Ag\u00eancia iNFRA","image":{"@type":"ImageObject","inLanguage":"pt-BR","@id":"https:\/\/agenciainfra.com\/blog\/#\/schema\/person\/image\/","url":"https:\/\/secure.gravatar.com\/avatar\/d189e01678f06d8eb84d4e01f08eb848b3fffe3f8443818d3c356c66892f5be8?s=96&d=mm&r=g","contentUrl":"https:\/\/secure.gravatar.com\/avatar\/d189e01678f06d8eb84d4e01f08eb848b3fffe3f8443818d3c356c66892f5be8?s=96&d=mm&r=g","caption":"Ag\u00eancia iNFRA"},"url":"https:\/\/agenciainfra.com\/blog\/author\/admin\/"}]}},"_links":{"self":[{"href":"https:\/\/agenciainfra.com\/blog\/wp-json\/wp\/v2\/posts\/26787","targetHints":{"allow":["GET"]}}],"collection":[{"href":"https:\/\/agenciainfra.com\/blog\/wp-json\/wp\/v2\/posts"}],"about":[{"href":"https:\/\/agenciainfra.com\/blog\/wp-json\/wp\/v2\/types\/post"}],"author":[{"embeddable":true,"href":"https:\/\/agenciainfra.com\/blog\/wp-json\/wp\/v2\/users\/1"}],"replies":[{"embeddable":true,"href":"https:\/\/agenciainfra.com\/blog\/wp-json\/wp\/v2\/comments?post=26787"}],"version-history":[{"count":2,"href":"https:\/\/agenciainfra.com\/blog\/wp-json\/wp\/v2\/posts\/26787\/revisions"}],"predecessor-version":[{"id":26790,"href":"https:\/\/agenciainfra.com\/blog\/wp-json\/wp\/v2\/posts\/26787\/revisions\/26790"}],"wp:featuredmedia":[{"embeddable":true,"href":"https:\/\/agenciainfra.com\/blog\/wp-json\/wp\/v2\/media\/26788"}],"wp:attachment":[{"href":"https:\/\/agenciainfra.com\/blog\/wp-json\/wp\/v2\/media?parent=26787"}],"wp:term":[{"taxonomy":"category","embeddable":true,"href":"https:\/\/agenciainfra.com\/blog\/wp-json\/wp\/v2\/categories?post=26787"},{"taxonomy":"post_tag","embeddable":true,"href":"https:\/\/agenciainfra.com\/blog\/wp-json\/wp\/v2\/tags?post=26787"}],"curies":[{"name":"wp","href":"https:\/\/api.w.org\/{rel}","templated":true}]}}