{"id":26819,"date":"2025-08-27T18:38:57","date_gmt":"2025-08-27T21:38:57","guid":{"rendered":"https:\/\/agenciainfra.com\/blog\/?p=26819"},"modified":"2025-08-28T13:06:04","modified_gmt":"2025-08-28T16:06:04","slug":"diretora-da-aneel-defende-compensacao-a-consumidores-por-apagoes","status":"publish","type":"post","link":"https:\/\/agenciainfra.com\/blog\/diretora-da-aneel-defende-compensacao-a-consumidores-por-apagoes\/","title":{"rendered":"Diretora da ANEEL defende compensa\u00e7\u00e3o a consumidores por apag\u00f5es"},"content":{"rendered":"\n<p class=\"has-text-align-right\"><strong>Geraldo Campos Jr., da Ag\u00eancia iNFRA&nbsp;<\/strong><\/p>\n\n\n\n<p>A diretora Agnes Costa, da ANEEL (Ag\u00eancia Nacional de Energia El\u00e9trica), disse nesta quarta-feira (27) que deve levar \u00e0 diretoria da reguladora em setembro a proposta de conclus\u00e3o da CP (Consulta P\u00fablica) 32\/2024, que trata de regula\u00e7\u00e3o para aumento da resili\u00eancia das redes de distribui\u00e7\u00e3o e transmiss\u00e3o de energia. Relatora do tema, a diretora defendeu a cria\u00e7\u00e3o de uma compensa\u00e7\u00e3o a ser paga pelas distribuidoras aos consumidores pela demora no restabelecimento da energia.&nbsp;<\/p>\n\n\n\n<p>\u201cN\u00e3o d\u00e1 para a gente ter ano ap\u00f3s ano eventos clim\u00e1ticos extremos e o consumidor ficar \u2018cad\u00ea a minha compensa\u00e7\u00e3o por ter ficado desligado?\u2019. Temos que dosar a compensa\u00e7\u00e3o mais justa poss\u00edvel, \u00e9 claro. N\u00e3o vamos dar nenhum cavalo de pau nisso\u201d, disse a diretora durante o evento \u201cO Setor El\u00e9trico Rumo \u00e0 COP30\u201d, realizado pela ISA Energia em Bras\u00edlia.<\/p>\n\n\n\n<p>Agnes afirmou ainda que a ideia \u00e9 ter a regulamenta\u00e7\u00e3o sendo aplicada na pr\u00e1tica antes do pr\u00f3ximo per\u00edodo chuvoso. Segundo ela, a tend\u00eancia \u00e9 que a linha geral da proposta seja mantida, apenas com algumas \u201cmodula\u00e7\u00f5es\u201d.<\/p>\n","protected":false},"excerpt":{"rendered":"<p>Geraldo Campos Jr., da Ag\u00eancia iNFRA&nbsp; A diretora Agnes Costa, da ANEEL (Ag\u00eancia Nacional de Energia El\u00e9trica), disse nesta quarta-feira (27) que deve levar \u00e0 diretoria da reguladora em setembro a proposta de conclus\u00e3o da CP (Consulta P\u00fablica) 32\/2024, que trata de regula\u00e7\u00e3o para aumento da resili\u00eancia das redes de distribui\u00e7\u00e3o e transmiss\u00e3o de energia. [&hellip;]<\/p>\n","protected":false},"author":1,"featured_media":6286,"comment_status":"closed","ping_status":"closed","sticky":false,"template":"","format":"standard","meta":{"_monsterinsights_skip_tracking":false,"_monsterinsights_sitenote_active":false,"_monsterinsights_sitenote_note":"","_monsterinsights_sitenote_category":0,"footnotes":""},"categories":[1,10],"tags":[6800,53,15021,1082,9308,11594,11725,575],"class_list":["post-26819","post","type-post","status-publish","format-standard","has-post-thumbnail","hentry","category-geral","category-infraenergia","tag-agnes-costa","tag-aneel","tag-compensacao-por-apagoes","tag-distribuicao-de-energia","tag-eventos-climaticos-extremos","tag-geraldo-campos-jr","tag-resiliencia-das-redes","tag-transmissao-de-energia"],"yoast_head":"<!-- This site is optimized with the Yoast SEO Premium plugin v25.4 (Yoast SEO v26.0) - https:\/\/yoast.com\/wordpress\/plugins\/seo\/ -->\n<title>Diretora da ANEEL defende compensa\u00e7\u00e3o a consumidores por apag\u00f5es - Ag\u00eancia iNFRA<\/title>\n<meta name=\"robots\" content=\"index, follow, max-snippet:-1, max-image-preview:large, max-video-preview:-1\" \/>\n<link rel=\"canonical\" href=\"https:\/\/agenciainfra.com\/blog\/diretora-da-aneel-defende-compensacao-a-consumidores-por-apagoes\/\" \/>\n<meta property=\"og:locale\" content=\"pt_BR\" \/>\n<meta property=\"og:type\" content=\"article\" \/>\n<meta property=\"og:title\" content=\"Diretora da ANEEL defende compensa\u00e7\u00e3o a consumidores por apag\u00f5es\" \/>\n<meta property=\"og:description\" content=\"Geraldo Campos Jr., da Ag\u00eancia iNFRA&nbsp; A diretora Agnes Costa, da ANEEL (Ag\u00eancia Nacional de Energia El\u00e9trica), disse nesta quarta-feira (27) que deve levar \u00e0 diretoria da reguladora em setembro a proposta de conclus\u00e3o da CP (Consulta P\u00fablica) 32\/2024, que trata de regula\u00e7\u00e3o para aumento da resili\u00eancia das redes de distribui\u00e7\u00e3o e transmiss\u00e3o de energia. [&hellip;]\" \/>\n<meta property=\"og:url\" content=\"https:\/\/agenciainfra.com\/blog\/diretora-da-aneel-defende-compensacao-a-consumidores-por-apagoes\/\" \/>\n<meta property=\"og:site_name\" content=\"Ag\u00eancia iNFRA\" \/>\n<meta property=\"article:publisher\" content=\"https:\/\/www.facebook.com\/ageninfra\" \/>\n<meta property=\"article:published_time\" content=\"2025-08-27T21:38:57+00:00\" \/>\n<meta property=\"article:modified_time\" content=\"2025-08-28T16:06:04+00:00\" \/>\n<meta property=\"og:image\" content=\"https:\/\/agenciainfra.com\/blog\/wp-content\/uploads\/2020\/11\/agnes-m-da-costa-foto-mme.jpg\" \/>\n\t<meta property=\"og:image:width\" content=\"1280\" \/>\n\t<meta property=\"og:image:height\" content=\"882\" \/>\n\t<meta property=\"og:image:type\" content=\"image\/jpeg\" \/>\n<meta name=\"author\" content=\"Ag\u00eancia iNFRA\" \/>\n<meta name=\"twitter:card\" content=\"summary_large_image\" \/>\n<meta name=\"twitter:creator\" content=\"@agencia_infra\" \/>\n<meta name=\"twitter:site\" content=\"@agencia_infra\" \/>\n<meta name=\"twitter:label1\" content=\"Escrito por\" \/>\n\t<meta name=\"twitter:data1\" content=\"Ag\u00eancia iNFRA\" \/>\n\t<meta name=\"twitter:label2\" content=\"Est. tempo de leitura\" \/>\n\t<meta name=\"twitter:data2\" content=\"1 minuto\" \/>\n<script type=\"application\/ld+json\" class=\"yoast-schema-graph\">{\"@context\":\"https:\/\/schema.org\",\"@graph\":[{\"@type\":\"Article\",\"@id\":\"https:\/\/agenciainfra.com\/blog\/diretora-da-aneel-defende-compensacao-a-consumidores-por-apagoes\/#article\",\"isPartOf\":{\"@id\":\"https:\/\/agenciainfra.com\/blog\/diretora-da-aneel-defende-compensacao-a-consumidores-por-apagoes\/\"},\"author\":{\"name\":\"Ag\u00eancia iNFRA\",\"@id\":\"https:\/\/agenciainfra.com\/blog\/#\/schema\/person\/34af08dff6adea4cb22b06612ba7acfa\"},\"headline\":\"Diretora da ANEEL defende compensa\u00e7\u00e3o a consumidores por apag\u00f5es\",\"datePublished\":\"2025-08-27T21:38:57+00:00\",\"dateModified\":\"2025-08-28T16:06:04+00:00\",\"mainEntityOfPage\":{\"@id\":\"https:\/\/agenciainfra.com\/blog\/diretora-da-aneel-defende-compensacao-a-consumidores-por-apagoes\/\"},\"wordCount\":207,\"publisher\":{\"@id\":\"https:\/\/agenciainfra.com\/blog\/#organization\"},\"image\":{\"@id\":\"https:\/\/agenciainfra.com\/blog\/diretora-da-aneel-defende-compensacao-a-consumidores-por-apagoes\/#primaryimage\"},\"thumbnailUrl\":\"https:\/\/agenciainfra.com\/blog\/wp-content\/uploads\/2020\/11\/agnes-m-da-costa-foto-mme.jpg\",\"keywords\":[\"Agnes Costa\",\"ANEEL\",\"compensa\u00e7\u00e3o por apag\u00f5es\",\"distribui\u00e7\u00e3o de energia\",\"Eventos clim\u00e1ticos extremos\",\"Geraldo Campos Jr.\",\"resili\u00eancia das redes\",\"transmiss\u00e3o de energia\"],\"articleSection\":[\"Geral\",\"iNFRAEnergia\"],\"inLanguage\":\"pt-BR\",\"copyrightYear\":\"2025\",\"copyrightHolder\":{\"@id\":\"https:\/\/agenciainfra.com\/blog\/#organization\"}},{\"@type\":\"WebPage\",\"@id\":\"https:\/\/agenciainfra.com\/blog\/diretora-da-aneel-defende-compensacao-a-consumidores-por-apagoes\/\",\"url\":\"https:\/\/agenciainfra.com\/blog\/diretora-da-aneel-defende-compensacao-a-consumidores-por-apagoes\/\",\"name\":\"Diretora da ANEEL defende compensa\u00e7\u00e3o a consumidores por apag\u00f5es - Ag\u00eancia iNFRA\",\"isPartOf\":{\"@id\":\"https:\/\/agenciainfra.com\/blog\/#website\"},\"primaryImageOfPage\":{\"@id\":\"https:\/\/agenciainfra.com\/blog\/diretora-da-aneel-defende-compensacao-a-consumidores-por-apagoes\/#primaryimage\"},\"image\":{\"@id\":\"https:\/\/agenciainfra.com\/blog\/diretora-da-aneel-defende-compensacao-a-consumidores-por-apagoes\/#primaryimage\"},\"thumbnailUrl\":\"https:\/\/agenciainfra.com\/blog\/wp-content\/uploads\/2020\/11\/agnes-m-da-costa-foto-mme.jpg\",\"datePublished\":\"2025-08-27T21:38:57+00:00\",\"dateModified\":\"2025-08-28T16:06:04+00:00\",\"breadcrumb\":{\"@id\":\"https:\/\/agenciainfra.com\/blog\/diretora-da-aneel-defende-compensacao-a-consumidores-por-apagoes\/#breadcrumb\"},\"inLanguage\":\"pt-BR\",\"potentialAction\":[{\"@type\":\"ReadAction\",\"target\":[\"https:\/\/agenciainfra.com\/blog\/diretora-da-aneel-defende-compensacao-a-consumidores-por-apagoes\/\"]}]},{\"@type\":\"ImageObject\",\"inLanguage\":\"pt-BR\",\"@id\":\"https:\/\/agenciainfra.com\/blog\/diretora-da-aneel-defende-compensacao-a-consumidores-por-apagoes\/#primaryimage\",\"url\":\"https:\/\/agenciainfra.com\/blog\/wp-content\/uploads\/2020\/11\/agnes-m-da-costa-foto-mme.jpg\",\"contentUrl\":\"https:\/\/agenciainfra.com\/blog\/wp-content\/uploads\/2020\/11\/agnes-m-da-costa-foto-mme.jpg\",\"width\":1280,\"height\":882,\"caption\":\"Foto: Minist\u00e9rio de Minas e Energia\"},{\"@type\":\"BreadcrumbList\",\"@id\":\"https:\/\/agenciainfra.com\/blog\/diretora-da-aneel-defende-compensacao-a-consumidores-por-apagoes\/#breadcrumb\",\"itemListElement\":[{\"@type\":\"ListItem\",\"position\":1,\"name\":\"In\u00edcio\",\"item\":\"https:\/\/agenciainfra.com\/blog\/\"},{\"@type\":\"ListItem\",\"position\":2,\"name\":\"Diretora da ANEEL defende compensa\u00e7\u00e3o a consumidores por apag\u00f5es\"}]},{\"@type\":\"WebSite\",\"@id\":\"https:\/\/agenciainfra.com\/blog\/#website\",\"url\":\"https:\/\/agenciainfra.com\/blog\/\",\"name\":\"Ag\u00eancia iNFRA\",\"description\":\"Multiplataforma de informa\u00e7\u00e3o jornal\u00edstica refer\u00eancia na \u00e1rea de infraestrutura no Brasil!\",\"publisher\":{\"@id\":\"https:\/\/agenciainfra.com\/blog\/#organization\"},\"potentialAction\":[{\"@type\":\"SearchAction\",\"target\":{\"@type\":\"EntryPoint\",\"urlTemplate\":\"https:\/\/agenciainfra.com\/blog\/?s={search_term_string}\"},\"query-input\":{\"@type\":\"PropertyValueSpecification\",\"valueRequired\":true,\"valueName\":\"search_term_string\"}}],\"inLanguage\":\"pt-BR\"},{\"@type\":\"Organization\",\"@id\":\"https:\/\/agenciainfra.com\/blog\/#organization\",\"name\":\"Ag\u00eancia iNFRA\",\"url\":\"https:\/\/agenciainfra.com\/blog\/\",\"logo\":{\"@type\":\"ImageObject\",\"inLanguage\":\"pt-BR\",\"@id\":\"https:\/\/agenciainfra.com\/blog\/#\/schema\/logo\/image\/\",\"url\":\"https:\/\/agenciainfra.com\/blog\/wp-content\/uploads\/2023\/09\/iNFRA_5-e1761735885940.png\",\"contentUrl\":\"https:\/\/agenciainfra.com\/blog\/wp-content\/uploads\/2023\/09\/iNFRA_5-e1761735885940.png\",\"width\":1672,\"height\":454,\"caption\":\"Ag\u00eancia iNFRA\"},\"image\":{\"@id\":\"https:\/\/agenciainfra.com\/blog\/#\/schema\/logo\/image\/\"},\"sameAs\":[\"https:\/\/www.facebook.com\/ageninfra\",\"https:\/\/x.com\/agencia_infra\",\"https:\/\/www.linkedin.com\/company\/ag\u00eanciainfra\/\",\"https:\/\/www.instagram.com\/agenciainfra\/\"]},{\"@type\":\"Person\",\"@id\":\"https:\/\/agenciainfra.com\/blog\/#\/schema\/person\/34af08dff6adea4cb22b06612ba7acfa\",\"name\":\"Ag\u00eancia iNFRA\",\"image\":{\"@type\":\"ImageObject\",\"inLanguage\":\"pt-BR\",\"@id\":\"https:\/\/agenciainfra.com\/blog\/#\/schema\/person\/image\/\",\"url\":\"https:\/\/secure.gravatar.com\/avatar\/d189e01678f06d8eb84d4e01f08eb848b3fffe3f8443818d3c356c66892f5be8?s=96&d=mm&r=g\",\"contentUrl\":\"https:\/\/secure.gravatar.com\/avatar\/d189e01678f06d8eb84d4e01f08eb848b3fffe3f8443818d3c356c66892f5be8?s=96&d=mm&r=g\",\"caption\":\"Ag\u00eancia iNFRA\"},\"url\":\"https:\/\/agenciainfra.com\/blog\/author\/admin\/\"}]}<\/script>\n<!-- \/ Yoast SEO Premium plugin. -->","yoast_head_json":{"title":"Diretora da ANEEL defende compensa\u00e7\u00e3o a consumidores por apag\u00f5es - Ag\u00eancia iNFRA","robots":{"index":"index","follow":"follow","max-snippet":"max-snippet:-1","max-image-preview":"max-image-preview:large","max-video-preview":"max-video-preview:-1"},"canonical":"https:\/\/agenciainfra.com\/blog\/diretora-da-aneel-defende-compensacao-a-consumidores-por-apagoes\/","og_locale":"pt_BR","og_type":"article","og_title":"Diretora da ANEEL defende compensa\u00e7\u00e3o a consumidores por apag\u00f5es","og_description":"Geraldo Campos Jr., da Ag\u00eancia iNFRA&nbsp; A diretora Agnes Costa, da ANEEL (Ag\u00eancia Nacional de Energia El\u00e9trica), disse nesta quarta-feira (27) que deve levar \u00e0 diretoria da reguladora em setembro a proposta de conclus\u00e3o da CP (Consulta P\u00fablica) 32\/2024, que trata de regula\u00e7\u00e3o para aumento da resili\u00eancia das redes de distribui\u00e7\u00e3o e transmiss\u00e3o de energia. [&hellip;]","og_url":"https:\/\/agenciainfra.com\/blog\/diretora-da-aneel-defende-compensacao-a-consumidores-por-apagoes\/","og_site_name":"Ag\u00eancia iNFRA","article_publisher":"https:\/\/www.facebook.com\/ageninfra","article_published_time":"2025-08-27T21:38:57+00:00","article_modified_time":"2025-08-28T16:06:04+00:00","og_image":[{"width":1280,"height":882,"url":"https:\/\/agenciainfra.com\/blog\/wp-content\/uploads\/2020\/11\/agnes-m-da-costa-foto-mme.jpg","type":"image\/jpeg"}],"author":"Ag\u00eancia iNFRA","twitter_card":"summary_large_image","twitter_creator":"@agencia_infra","twitter_site":"@agencia_infra","twitter_misc":{"Escrito por":"Ag\u00eancia iNFRA","Est. tempo de leitura":"1 minuto"},"schema":{"@context":"https:\/\/schema.org","@graph":[{"@type":"Article","@id":"https:\/\/agenciainfra.com\/blog\/diretora-da-aneel-defende-compensacao-a-consumidores-por-apagoes\/#article","isPartOf":{"@id":"https:\/\/agenciainfra.com\/blog\/diretora-da-aneel-defende-compensacao-a-consumidores-por-apagoes\/"},"author":{"name":"Ag\u00eancia iNFRA","@id":"https:\/\/agenciainfra.com\/blog\/#\/schema\/person\/34af08dff6adea4cb22b06612ba7acfa"},"headline":"Diretora da ANEEL defende compensa\u00e7\u00e3o a consumidores por apag\u00f5es","datePublished":"2025-08-27T21:38:57+00:00","dateModified":"2025-08-28T16:06:04+00:00","mainEntityOfPage":{"@id":"https:\/\/agenciainfra.com\/blog\/diretora-da-aneel-defende-compensacao-a-consumidores-por-apagoes\/"},"wordCount":207,"publisher":{"@id":"https:\/\/agenciainfra.com\/blog\/#organization"},"image":{"@id":"https:\/\/agenciainfra.com\/blog\/diretora-da-aneel-defende-compensacao-a-consumidores-por-apagoes\/#primaryimage"},"thumbnailUrl":"https:\/\/agenciainfra.com\/blog\/wp-content\/uploads\/2020\/11\/agnes-m-da-costa-foto-mme.jpg","keywords":["Agnes Costa","ANEEL","compensa\u00e7\u00e3o por apag\u00f5es","distribui\u00e7\u00e3o de energia","Eventos clim\u00e1ticos extremos","Geraldo Campos Jr.","resili\u00eancia das redes","transmiss\u00e3o de energia"],"articleSection":["Geral","iNFRAEnergia"],"inLanguage":"pt-BR","copyrightYear":"2025","copyrightHolder":{"@id":"https:\/\/agenciainfra.com\/blog\/#organization"}},{"@type":"WebPage","@id":"https:\/\/agenciainfra.com\/blog\/diretora-da-aneel-defende-compensacao-a-consumidores-por-apagoes\/","url":"https:\/\/agenciainfra.com\/blog\/diretora-da-aneel-defende-compensacao-a-consumidores-por-apagoes\/","name":"Diretora da ANEEL defende compensa\u00e7\u00e3o a consumidores por apag\u00f5es - Ag\u00eancia iNFRA","isPartOf":{"@id":"https:\/\/agenciainfra.com\/blog\/#website"},"primaryImageOfPage":{"@id":"https:\/\/agenciainfra.com\/blog\/diretora-da-aneel-defende-compensacao-a-consumidores-por-apagoes\/#primaryimage"},"image":{"@id":"https:\/\/agenciainfra.com\/blog\/diretora-da-aneel-defende-compensacao-a-consumidores-por-apagoes\/#primaryimage"},"thumbnailUrl":"https:\/\/agenciainfra.com\/blog\/wp-content\/uploads\/2020\/11\/agnes-m-da-costa-foto-mme.jpg","datePublished":"2025-08-27T21:38:57+00:00","dateModified":"2025-08-28T16:06:04+00:00","breadcrumb":{"@id":"https:\/\/agenciainfra.com\/blog\/diretora-da-aneel-defende-compensacao-a-consumidores-por-apagoes\/#breadcrumb"},"inLanguage":"pt-BR","potentialAction":[{"@type":"ReadAction","target":["https:\/\/agenciainfra.com\/blog\/diretora-da-aneel-defende-compensacao-a-consumidores-por-apagoes\/"]}]},{"@type":"ImageObject","inLanguage":"pt-BR","@id":"https:\/\/agenciainfra.com\/blog\/diretora-da-aneel-defende-compensacao-a-consumidores-por-apagoes\/#primaryimage","url":"https:\/\/agenciainfra.com\/blog\/wp-content\/uploads\/2020\/11\/agnes-m-da-costa-foto-mme.jpg","contentUrl":"https:\/\/agenciainfra.com\/blog\/wp-content\/uploads\/2020\/11\/agnes-m-da-costa-foto-mme.jpg","width":1280,"height":882,"caption":"Foto: Minist\u00e9rio de Minas e Energia"},{"@type":"BreadcrumbList","@id":"https:\/\/agenciainfra.com\/blog\/diretora-da-aneel-defende-compensacao-a-consumidores-por-apagoes\/#breadcrumb","itemListElement":[{"@type":"ListItem","position":1,"name":"In\u00edcio","item":"https:\/\/agenciainfra.com\/blog\/"},{"@type":"ListItem","position":2,"name":"Diretora da ANEEL defende compensa\u00e7\u00e3o a consumidores por apag\u00f5es"}]},{"@type":"WebSite","@id":"https:\/\/agenciainfra.com\/blog\/#website","url":"https:\/\/agenciainfra.com\/blog\/","name":"Ag\u00eancia iNFRA","description":"Multiplataforma de informa\u00e7\u00e3o jornal\u00edstica refer\u00eancia na \u00e1rea de infraestrutura no Brasil!","publisher":{"@id":"https:\/\/agenciainfra.com\/blog\/#organization"},"potentialAction":[{"@type":"SearchAction","target":{"@type":"EntryPoint","urlTemplate":"https:\/\/agenciainfra.com\/blog\/?s={search_term_string}"},"query-input":{"@type":"PropertyValueSpecification","valueRequired":true,"valueName":"search_term_string"}}],"inLanguage":"pt-BR"},{"@type":"Organization","@id":"https:\/\/agenciainfra.com\/blog\/#organization","name":"Ag\u00eancia iNFRA","url":"https:\/\/agenciainfra.com\/blog\/","logo":{"@type":"ImageObject","inLanguage":"pt-BR","@id":"https:\/\/agenciainfra.com\/blog\/#\/schema\/logo\/image\/","url":"https:\/\/agenciainfra.com\/blog\/wp-content\/uploads\/2023\/09\/iNFRA_5-e1761735885940.png","contentUrl":"https:\/\/agenciainfra.com\/blog\/wp-content\/uploads\/2023\/09\/iNFRA_5-e1761735885940.png","width":1672,"height":454,"caption":"Ag\u00eancia iNFRA"},"image":{"@id":"https:\/\/agenciainfra.com\/blog\/#\/schema\/logo\/image\/"},"sameAs":["https:\/\/www.facebook.com\/ageninfra","https:\/\/x.com\/agencia_infra","https:\/\/www.linkedin.com\/company\/ag\u00eanciainfra\/","https:\/\/www.instagram.com\/agenciainfra\/"]},{"@type":"Person","@id":"https:\/\/agenciainfra.com\/blog\/#\/schema\/person\/34af08dff6adea4cb22b06612ba7acfa","name":"Ag\u00eancia iNFRA","image":{"@type":"ImageObject","inLanguage":"pt-BR","@id":"https:\/\/agenciainfra.com\/blog\/#\/schema\/person\/image\/","url":"https:\/\/secure.gravatar.com\/avatar\/d189e01678f06d8eb84d4e01f08eb848b3fffe3f8443818d3c356c66892f5be8?s=96&d=mm&r=g","contentUrl":"https:\/\/secure.gravatar.com\/avatar\/d189e01678f06d8eb84d4e01f08eb848b3fffe3f8443818d3c356c66892f5be8?s=96&d=mm&r=g","caption":"Ag\u00eancia iNFRA"},"url":"https:\/\/agenciainfra.com\/blog\/author\/admin\/"}]}},"_links":{"self":[{"href":"https:\/\/agenciainfra.com\/blog\/wp-json\/wp\/v2\/posts\/26819","targetHints":{"allow":["GET"]}}],"collection":[{"href":"https:\/\/agenciainfra.com\/blog\/wp-json\/wp\/v2\/posts"}],"about":[{"href":"https:\/\/agenciainfra.com\/blog\/wp-json\/wp\/v2\/types\/post"}],"author":[{"embeddable":true,"href":"https:\/\/agenciainfra.com\/blog\/wp-json\/wp\/v2\/users\/1"}],"replies":[{"embeddable":true,"href":"https:\/\/agenciainfra.com\/blog\/wp-json\/wp\/v2\/comments?post=26819"}],"version-history":[{"count":2,"href":"https:\/\/agenciainfra.com\/blog\/wp-json\/wp\/v2\/posts\/26819\/revisions"}],"predecessor-version":[{"id":26821,"href":"https:\/\/agenciainfra.com\/blog\/wp-json\/wp\/v2\/posts\/26819\/revisions\/26821"}],"wp:featuredmedia":[{"embeddable":true,"href":"https:\/\/agenciainfra.com\/blog\/wp-json\/wp\/v2\/media\/6286"}],"wp:attachment":[{"href":"https:\/\/agenciainfra.com\/blog\/wp-json\/wp\/v2\/media?parent=26819"}],"wp:term":[{"taxonomy":"category","embeddable":true,"href":"https:\/\/agenciainfra.com\/blog\/wp-json\/wp\/v2\/categories?post=26819"},{"taxonomy":"post_tag","embeddable":true,"href":"https:\/\/agenciainfra.com\/blog\/wp-json\/wp\/v2\/tags?post=26819"}],"curies":[{"name":"wp","href":"https:\/\/api.w.org\/{rel}","templated":true}]}}