{"id":26823,"date":"2025-08-27T19:42:54","date_gmt":"2025-08-27T22:42:54","guid":{"rendered":"https:\/\/agenciainfra.com\/blog\/?p=26823"},"modified":"2025-08-28T13:33:24","modified_gmt":"2025-08-28T16:33:24","slug":"braga-diz-que-relatorio-da-mp-1-304-sera-concluido-entre-outubro-e-o-inicio-de-novembro","status":"publish","type":"post","link":"https:\/\/agenciainfra.com\/blog\/braga-diz-que-relatorio-da-mp-1-304-sera-concluido-entre-outubro-e-o-inicio-de-novembro\/","title":{"rendered":"Braga diz que relat\u00f3rio da MP 1.304 ser\u00e1 conclu\u00eddo at\u00e9 o in\u00edcio de novembro"},"content":{"rendered":"\n<p class=\"has-text-align-right\"><strong>da Ag\u00eancia iNFRA<\/strong><\/p>\n\n\n\n<p>O senador Eduardo Braga (MDB-AM) afirmou que o relat\u00f3rio da MP (Medida Provis\u00f3ria) 1.304, que trata do limite para subs\u00eddios do setor el\u00e9trico, s\u00f3 ser\u00e1 conclu\u00eddo entre outubro e o in\u00edcio de novembro, ap\u00f3s a conclus\u00e3o da tramita\u00e7\u00e3o da MP 1.300, da tarifa social.<\/p>\n\n\n\n<p>&#8220;Na outra semana eu entrego o relat\u00f3rio da reforma tribut\u00e1ria e a\u00ed vamos nos dedicar exclusivamente a MP 1.304 e vamos trabalhar nela. N\u00f3s temos o m\u00eas de setembro e o m\u00eas de outubro para trabalhar. A partir do relat\u00f3rio do Fernando Coelho Filho [na MP 1.300] n\u00f3s vamos estabelecer em plano conjunto [o que vai pra 1.304]&#8221;, disse Braga a jornalistas.<\/p>\n","protected":false},"excerpt":{"rendered":"<p>da Ag\u00eancia iNFRA O senador Eduardo Braga (MDB-AM) afirmou que o relat\u00f3rio da MP (Medida Provis\u00f3ria) 1.304, que trata do limite para subs\u00eddios do setor el\u00e9trico, s\u00f3 ser\u00e1 conclu\u00eddo entre outubro e o in\u00edcio de novembro, ap\u00f3s a conclus\u00e3o da tramita\u00e7\u00e3o da MP 1.300, da tarifa social. &#8220;Na outra semana eu entrego o relat\u00f3rio da [&hellip;]<\/p>\n","protected":false},"author":1,"featured_media":26191,"comment_status":"closed","ping_status":"closed","sticky":false,"template":"","format":"standard","meta":{"_monsterinsights_skip_tracking":false,"_monsterinsights_sitenote_active":false,"_monsterinsights_sitenote_note":"","_monsterinsights_sitenote_category":0,"footnotes":""},"categories":[7250,1,10],"tags":[1252,13449,14378,54,3797],"class_list":["post-26823","post","type-post","status-publish","format-standard","has-post-thumbnail","hentry","category-destaque-lista","category-geral","category-infraenergia","tag-eduardo-braga","tag-mp-1-300","tag-mp-1-304","tag-setor-eletrico","tag-tarifa-social"],"yoast_head":"<!-- This site is optimized with the Yoast SEO Premium plugin v25.4 (Yoast SEO v26.0) - https:\/\/yoast.com\/wordpress\/plugins\/seo\/ -->\n<title>Braga diz que relat\u00f3rio da MP 1.304 ser\u00e1 conclu\u00eddo at\u00e9 o in\u00edcio de novembro - Ag\u00eancia iNFRA<\/title>\n<meta name=\"robots\" content=\"index, follow, max-snippet:-1, max-image-preview:large, max-video-preview:-1\" \/>\n<link rel=\"canonical\" href=\"https:\/\/agenciainfra.com\/blog\/braga-diz-que-relatorio-da-mp-1-304-sera-concluido-entre-outubro-e-o-inicio-de-novembro\/\" \/>\n<meta property=\"og:locale\" content=\"pt_BR\" \/>\n<meta property=\"og:type\" content=\"article\" \/>\n<meta property=\"og:title\" content=\"Braga diz que relat\u00f3rio da MP 1.304 ser\u00e1 conclu\u00eddo at\u00e9 o in\u00edcio de novembro\" \/>\n<meta property=\"og:description\" content=\"da Ag\u00eancia iNFRA O senador Eduardo Braga (MDB-AM) afirmou que o relat\u00f3rio da MP (Medida Provis\u00f3ria) 1.304, que trata do limite para subs\u00eddios do setor el\u00e9trico, s\u00f3 ser\u00e1 conclu\u00eddo entre outubro e o in\u00edcio de novembro, ap\u00f3s a conclus\u00e3o da tramita\u00e7\u00e3o da MP 1.300, da tarifa social. &#8220;Na outra semana eu entrego o relat\u00f3rio da [&hellip;]\" \/>\n<meta property=\"og:url\" content=\"https:\/\/agenciainfra.com\/blog\/braga-diz-que-relatorio-da-mp-1-304-sera-concluido-entre-outubro-e-o-inicio-de-novembro\/\" \/>\n<meta property=\"og:site_name\" content=\"Ag\u00eancia iNFRA\" \/>\n<meta property=\"article:publisher\" content=\"https:\/\/www.facebook.com\/ageninfra\" \/>\n<meta property=\"article:published_time\" content=\"2025-08-27T22:42:54+00:00\" \/>\n<meta property=\"article:modified_time\" content=\"2025-08-28T16:33:24+00:00\" \/>\n<meta property=\"og:image\" content=\"https:\/\/agenciainfra.com\/blog\/wp-content\/uploads\/2025\/08\/eduardo-braga-foto-jefferson-rudy-agencia-senado.jpg\" \/>\n\t<meta property=\"og:image:width\" content=\"1280\" \/>\n\t<meta property=\"og:image:height\" content=\"853\" \/>\n\t<meta property=\"og:image:type\" content=\"image\/jpeg\" \/>\n<meta name=\"author\" content=\"Ag\u00eancia iNFRA\" \/>\n<meta name=\"twitter:card\" content=\"summary_large_image\" \/>\n<meta name=\"twitter:creator\" content=\"@agencia_infra\" \/>\n<meta name=\"twitter:site\" content=\"@agencia_infra\" \/>\n<meta name=\"twitter:label1\" content=\"Escrito por\" \/>\n\t<meta name=\"twitter:data1\" content=\"Ag\u00eancia iNFRA\" \/>\n\t<meta name=\"twitter:label2\" content=\"Est. tempo de leitura\" \/>\n\t<meta name=\"twitter:data2\" content=\"1 minuto\" \/>\n<script type=\"application\/ld+json\" class=\"yoast-schema-graph\">{\"@context\":\"https:\/\/schema.org\",\"@graph\":[{\"@type\":\"Article\",\"@id\":\"https:\/\/agenciainfra.com\/blog\/braga-diz-que-relatorio-da-mp-1-304-sera-concluido-entre-outubro-e-o-inicio-de-novembro\/#article\",\"isPartOf\":{\"@id\":\"https:\/\/agenciainfra.com\/blog\/braga-diz-que-relatorio-da-mp-1-304-sera-concluido-entre-outubro-e-o-inicio-de-novembro\/\"},\"author\":{\"name\":\"Ag\u00eancia iNFRA\",\"@id\":\"https:\/\/agenciainfra.com\/blog\/#\/schema\/person\/34af08dff6adea4cb22b06612ba7acfa\"},\"headline\":\"Braga diz que relat\u00f3rio da MP 1.304 ser\u00e1 conclu\u00eddo at\u00e9 o in\u00edcio de novembro\",\"datePublished\":\"2025-08-27T22:42:54+00:00\",\"dateModified\":\"2025-08-28T16:33:24+00:00\",\"mainEntityOfPage\":{\"@id\":\"https:\/\/agenciainfra.com\/blog\/braga-diz-que-relatorio-da-mp-1-304-sera-concluido-entre-outubro-e-o-inicio-de-novembro\/\"},\"wordCount\":137,\"publisher\":{\"@id\":\"https:\/\/agenciainfra.com\/blog\/#organization\"},\"image\":{\"@id\":\"https:\/\/agenciainfra.com\/blog\/braga-diz-que-relatorio-da-mp-1-304-sera-concluido-entre-outubro-e-o-inicio-de-novembro\/#primaryimage\"},\"thumbnailUrl\":\"https:\/\/agenciainfra.com\/blog\/wp-content\/uploads\/2025\/08\/eduardo-braga-foto-jefferson-rudy-agencia-senado.jpg\",\"keywords\":[\"Eduardo Braga\",\"mp 1.300\",\"MP 1.304\",\"Setor El\u00e9trico\",\"Tarifa Social\"],\"articleSection\":[\"Destaque lista\",\"Geral\",\"iNFRAEnergia\"],\"inLanguage\":\"pt-BR\",\"copyrightYear\":\"2025\",\"copyrightHolder\":{\"@id\":\"https:\/\/agenciainfra.com\/blog\/#organization\"}},{\"@type\":\"WebPage\",\"@id\":\"https:\/\/agenciainfra.com\/blog\/braga-diz-que-relatorio-da-mp-1-304-sera-concluido-entre-outubro-e-o-inicio-de-novembro\/\",\"url\":\"https:\/\/agenciainfra.com\/blog\/braga-diz-que-relatorio-da-mp-1-304-sera-concluido-entre-outubro-e-o-inicio-de-novembro\/\",\"name\":\"Braga diz que relat\u00f3rio da MP 1.304 ser\u00e1 conclu\u00eddo at\u00e9 o in\u00edcio de novembro - Ag\u00eancia iNFRA\",\"isPartOf\":{\"@id\":\"https:\/\/agenciainfra.com\/blog\/#website\"},\"primaryImageOfPage\":{\"@id\":\"https:\/\/agenciainfra.com\/blog\/braga-diz-que-relatorio-da-mp-1-304-sera-concluido-entre-outubro-e-o-inicio-de-novembro\/#primaryimage\"},\"image\":{\"@id\":\"https:\/\/agenciainfra.com\/blog\/braga-diz-que-relatorio-da-mp-1-304-sera-concluido-entre-outubro-e-o-inicio-de-novembro\/#primaryimage\"},\"thumbnailUrl\":\"https:\/\/agenciainfra.com\/blog\/wp-content\/uploads\/2025\/08\/eduardo-braga-foto-jefferson-rudy-agencia-senado.jpg\",\"datePublished\":\"2025-08-27T22:42:54+00:00\",\"dateModified\":\"2025-08-28T16:33:24+00:00\",\"breadcrumb\":{\"@id\":\"https:\/\/agenciainfra.com\/blog\/braga-diz-que-relatorio-da-mp-1-304-sera-concluido-entre-outubro-e-o-inicio-de-novembro\/#breadcrumb\"},\"inLanguage\":\"pt-BR\",\"potentialAction\":[{\"@type\":\"ReadAction\",\"target\":[\"https:\/\/agenciainfra.com\/blog\/braga-diz-que-relatorio-da-mp-1-304-sera-concluido-entre-outubro-e-o-inicio-de-novembro\/\"]}]},{\"@type\":\"ImageObject\",\"inLanguage\":\"pt-BR\",\"@id\":\"https:\/\/agenciainfra.com\/blog\/braga-diz-que-relatorio-da-mp-1-304-sera-concluido-entre-outubro-e-o-inicio-de-novembro\/#primaryimage\",\"url\":\"https:\/\/agenciainfra.com\/blog\/wp-content\/uploads\/2025\/08\/eduardo-braga-foto-jefferson-rudy-agencia-senado.jpg\",\"contentUrl\":\"https:\/\/agenciainfra.com\/blog\/wp-content\/uploads\/2025\/08\/eduardo-braga-foto-jefferson-rudy-agencia-senado.jpg\",\"width\":1280,\"height\":853,\"caption\":\"Foto: Jefferson Rudy\/Ag\u00eancia Senado\"},{\"@type\":\"BreadcrumbList\",\"@id\":\"https:\/\/agenciainfra.com\/blog\/braga-diz-que-relatorio-da-mp-1-304-sera-concluido-entre-outubro-e-o-inicio-de-novembro\/#breadcrumb\",\"itemListElement\":[{\"@type\":\"ListItem\",\"position\":1,\"name\":\"In\u00edcio\",\"item\":\"https:\/\/agenciainfra.com\/blog\/\"},{\"@type\":\"ListItem\",\"position\":2,\"name\":\"Braga diz que relat\u00f3rio da MP 1.304 ser\u00e1 conclu\u00eddo at\u00e9 o in\u00edcio de novembro\"}]},{\"@type\":\"WebSite\",\"@id\":\"https:\/\/agenciainfra.com\/blog\/#website\",\"url\":\"https:\/\/agenciainfra.com\/blog\/\",\"name\":\"Ag\u00eancia iNFRA\",\"description\":\"Multiplataforma de informa\u00e7\u00e3o jornal\u00edstica refer\u00eancia na \u00e1rea de infraestrutura no Brasil!\",\"publisher\":{\"@id\":\"https:\/\/agenciainfra.com\/blog\/#organization\"},\"potentialAction\":[{\"@type\":\"SearchAction\",\"target\":{\"@type\":\"EntryPoint\",\"urlTemplate\":\"https:\/\/agenciainfra.com\/blog\/?s={search_term_string}\"},\"query-input\":{\"@type\":\"PropertyValueSpecification\",\"valueRequired\":true,\"valueName\":\"search_term_string\"}}],\"inLanguage\":\"pt-BR\"},{\"@type\":\"Organization\",\"@id\":\"https:\/\/agenciainfra.com\/blog\/#organization\",\"name\":\"Ag\u00eancia iNFRA\",\"url\":\"https:\/\/agenciainfra.com\/blog\/\",\"logo\":{\"@type\":\"ImageObject\",\"inLanguage\":\"pt-BR\",\"@id\":\"https:\/\/agenciainfra.com\/blog\/#\/schema\/logo\/image\/\",\"url\":\"https:\/\/agenciainfra.com\/blog\/wp-content\/uploads\/2023\/09\/iNFRA_5-e1761735885940.png\",\"contentUrl\":\"https:\/\/agenciainfra.com\/blog\/wp-content\/uploads\/2023\/09\/iNFRA_5-e1761735885940.png\",\"width\":1672,\"height\":454,\"caption\":\"Ag\u00eancia iNFRA\"},\"image\":{\"@id\":\"https:\/\/agenciainfra.com\/blog\/#\/schema\/logo\/image\/\"},\"sameAs\":[\"https:\/\/www.facebook.com\/ageninfra\",\"https:\/\/x.com\/agencia_infra\",\"https:\/\/www.linkedin.com\/company\/ag\u00eanciainfra\/\",\"https:\/\/www.instagram.com\/agenciainfra\/\"]},{\"@type\":\"Person\",\"@id\":\"https:\/\/agenciainfra.com\/blog\/#\/schema\/person\/34af08dff6adea4cb22b06612ba7acfa\",\"name\":\"Ag\u00eancia iNFRA\",\"image\":{\"@type\":\"ImageObject\",\"inLanguage\":\"pt-BR\",\"@id\":\"https:\/\/agenciainfra.com\/blog\/#\/schema\/person\/image\/\",\"url\":\"https:\/\/secure.gravatar.com\/avatar\/d189e01678f06d8eb84d4e01f08eb848b3fffe3f8443818d3c356c66892f5be8?s=96&d=mm&r=g\",\"contentUrl\":\"https:\/\/secure.gravatar.com\/avatar\/d189e01678f06d8eb84d4e01f08eb848b3fffe3f8443818d3c356c66892f5be8?s=96&d=mm&r=g\",\"caption\":\"Ag\u00eancia iNFRA\"},\"url\":\"https:\/\/agenciainfra.com\/blog\/author\/admin\/\"}]}<\/script>\n<!-- \/ Yoast SEO Premium plugin. -->","yoast_head_json":{"title":"Braga diz que relat\u00f3rio da MP 1.304 ser\u00e1 conclu\u00eddo at\u00e9 o in\u00edcio de novembro - Ag\u00eancia iNFRA","robots":{"index":"index","follow":"follow","max-snippet":"max-snippet:-1","max-image-preview":"max-image-preview:large","max-video-preview":"max-video-preview:-1"},"canonical":"https:\/\/agenciainfra.com\/blog\/braga-diz-que-relatorio-da-mp-1-304-sera-concluido-entre-outubro-e-o-inicio-de-novembro\/","og_locale":"pt_BR","og_type":"article","og_title":"Braga diz que relat\u00f3rio da MP 1.304 ser\u00e1 conclu\u00eddo at\u00e9 o in\u00edcio de novembro","og_description":"da Ag\u00eancia iNFRA O senador Eduardo Braga (MDB-AM) afirmou que o relat\u00f3rio da MP (Medida Provis\u00f3ria) 1.304, que trata do limite para subs\u00eddios do setor el\u00e9trico, s\u00f3 ser\u00e1 conclu\u00eddo entre outubro e o in\u00edcio de novembro, ap\u00f3s a conclus\u00e3o da tramita\u00e7\u00e3o da MP 1.300, da tarifa social. &#8220;Na outra semana eu entrego o relat\u00f3rio da [&hellip;]","og_url":"https:\/\/agenciainfra.com\/blog\/braga-diz-que-relatorio-da-mp-1-304-sera-concluido-entre-outubro-e-o-inicio-de-novembro\/","og_site_name":"Ag\u00eancia iNFRA","article_publisher":"https:\/\/www.facebook.com\/ageninfra","article_published_time":"2025-08-27T22:42:54+00:00","article_modified_time":"2025-08-28T16:33:24+00:00","og_image":[{"width":1280,"height":853,"url":"https:\/\/agenciainfra.com\/blog\/wp-content\/uploads\/2025\/08\/eduardo-braga-foto-jefferson-rudy-agencia-senado.jpg","type":"image\/jpeg"}],"author":"Ag\u00eancia iNFRA","twitter_card":"summary_large_image","twitter_creator":"@agencia_infra","twitter_site":"@agencia_infra","twitter_misc":{"Escrito por":"Ag\u00eancia iNFRA","Est. tempo de leitura":"1 minuto"},"schema":{"@context":"https:\/\/schema.org","@graph":[{"@type":"Article","@id":"https:\/\/agenciainfra.com\/blog\/braga-diz-que-relatorio-da-mp-1-304-sera-concluido-entre-outubro-e-o-inicio-de-novembro\/#article","isPartOf":{"@id":"https:\/\/agenciainfra.com\/blog\/braga-diz-que-relatorio-da-mp-1-304-sera-concluido-entre-outubro-e-o-inicio-de-novembro\/"},"author":{"name":"Ag\u00eancia iNFRA","@id":"https:\/\/agenciainfra.com\/blog\/#\/schema\/person\/34af08dff6adea4cb22b06612ba7acfa"},"headline":"Braga diz que relat\u00f3rio da MP 1.304 ser\u00e1 conclu\u00eddo at\u00e9 o in\u00edcio de novembro","datePublished":"2025-08-27T22:42:54+00:00","dateModified":"2025-08-28T16:33:24+00:00","mainEntityOfPage":{"@id":"https:\/\/agenciainfra.com\/blog\/braga-diz-que-relatorio-da-mp-1-304-sera-concluido-entre-outubro-e-o-inicio-de-novembro\/"},"wordCount":137,"publisher":{"@id":"https:\/\/agenciainfra.com\/blog\/#organization"},"image":{"@id":"https:\/\/agenciainfra.com\/blog\/braga-diz-que-relatorio-da-mp-1-304-sera-concluido-entre-outubro-e-o-inicio-de-novembro\/#primaryimage"},"thumbnailUrl":"https:\/\/agenciainfra.com\/blog\/wp-content\/uploads\/2025\/08\/eduardo-braga-foto-jefferson-rudy-agencia-senado.jpg","keywords":["Eduardo Braga","mp 1.300","MP 1.304","Setor El\u00e9trico","Tarifa Social"],"articleSection":["Destaque lista","Geral","iNFRAEnergia"],"inLanguage":"pt-BR","copyrightYear":"2025","copyrightHolder":{"@id":"https:\/\/agenciainfra.com\/blog\/#organization"}},{"@type":"WebPage","@id":"https:\/\/agenciainfra.com\/blog\/braga-diz-que-relatorio-da-mp-1-304-sera-concluido-entre-outubro-e-o-inicio-de-novembro\/","url":"https:\/\/agenciainfra.com\/blog\/braga-diz-que-relatorio-da-mp-1-304-sera-concluido-entre-outubro-e-o-inicio-de-novembro\/","name":"Braga diz que relat\u00f3rio da MP 1.304 ser\u00e1 conclu\u00eddo at\u00e9 o in\u00edcio de novembro - Ag\u00eancia iNFRA","isPartOf":{"@id":"https:\/\/agenciainfra.com\/blog\/#website"},"primaryImageOfPage":{"@id":"https:\/\/agenciainfra.com\/blog\/braga-diz-que-relatorio-da-mp-1-304-sera-concluido-entre-outubro-e-o-inicio-de-novembro\/#primaryimage"},"image":{"@id":"https:\/\/agenciainfra.com\/blog\/braga-diz-que-relatorio-da-mp-1-304-sera-concluido-entre-outubro-e-o-inicio-de-novembro\/#primaryimage"},"thumbnailUrl":"https:\/\/agenciainfra.com\/blog\/wp-content\/uploads\/2025\/08\/eduardo-braga-foto-jefferson-rudy-agencia-senado.jpg","datePublished":"2025-08-27T22:42:54+00:00","dateModified":"2025-08-28T16:33:24+00:00","breadcrumb":{"@id":"https:\/\/agenciainfra.com\/blog\/braga-diz-que-relatorio-da-mp-1-304-sera-concluido-entre-outubro-e-o-inicio-de-novembro\/#breadcrumb"},"inLanguage":"pt-BR","potentialAction":[{"@type":"ReadAction","target":["https:\/\/agenciainfra.com\/blog\/braga-diz-que-relatorio-da-mp-1-304-sera-concluido-entre-outubro-e-o-inicio-de-novembro\/"]}]},{"@type":"ImageObject","inLanguage":"pt-BR","@id":"https:\/\/agenciainfra.com\/blog\/braga-diz-que-relatorio-da-mp-1-304-sera-concluido-entre-outubro-e-o-inicio-de-novembro\/#primaryimage","url":"https:\/\/agenciainfra.com\/blog\/wp-content\/uploads\/2025\/08\/eduardo-braga-foto-jefferson-rudy-agencia-senado.jpg","contentUrl":"https:\/\/agenciainfra.com\/blog\/wp-content\/uploads\/2025\/08\/eduardo-braga-foto-jefferson-rudy-agencia-senado.jpg","width":1280,"height":853,"caption":"Foto: Jefferson Rudy\/Ag\u00eancia Senado"},{"@type":"BreadcrumbList","@id":"https:\/\/agenciainfra.com\/blog\/braga-diz-que-relatorio-da-mp-1-304-sera-concluido-entre-outubro-e-o-inicio-de-novembro\/#breadcrumb","itemListElement":[{"@type":"ListItem","position":1,"name":"In\u00edcio","item":"https:\/\/agenciainfra.com\/blog\/"},{"@type":"ListItem","position":2,"name":"Braga diz que relat\u00f3rio da MP 1.304 ser\u00e1 conclu\u00eddo at\u00e9 o in\u00edcio de novembro"}]},{"@type":"WebSite","@id":"https:\/\/agenciainfra.com\/blog\/#website","url":"https:\/\/agenciainfra.com\/blog\/","name":"Ag\u00eancia iNFRA","description":"Multiplataforma de informa\u00e7\u00e3o jornal\u00edstica refer\u00eancia na \u00e1rea de infraestrutura no Brasil!","publisher":{"@id":"https:\/\/agenciainfra.com\/blog\/#organization"},"potentialAction":[{"@type":"SearchAction","target":{"@type":"EntryPoint","urlTemplate":"https:\/\/agenciainfra.com\/blog\/?s={search_term_string}"},"query-input":{"@type":"PropertyValueSpecification","valueRequired":true,"valueName":"search_term_string"}}],"inLanguage":"pt-BR"},{"@type":"Organization","@id":"https:\/\/agenciainfra.com\/blog\/#organization","name":"Ag\u00eancia iNFRA","url":"https:\/\/agenciainfra.com\/blog\/","logo":{"@type":"ImageObject","inLanguage":"pt-BR","@id":"https:\/\/agenciainfra.com\/blog\/#\/schema\/logo\/image\/","url":"https:\/\/agenciainfra.com\/blog\/wp-content\/uploads\/2023\/09\/iNFRA_5-e1761735885940.png","contentUrl":"https:\/\/agenciainfra.com\/blog\/wp-content\/uploads\/2023\/09\/iNFRA_5-e1761735885940.png","width":1672,"height":454,"caption":"Ag\u00eancia iNFRA"},"image":{"@id":"https:\/\/agenciainfra.com\/blog\/#\/schema\/logo\/image\/"},"sameAs":["https:\/\/www.facebook.com\/ageninfra","https:\/\/x.com\/agencia_infra","https:\/\/www.linkedin.com\/company\/ag\u00eanciainfra\/","https:\/\/www.instagram.com\/agenciainfra\/"]},{"@type":"Person","@id":"https:\/\/agenciainfra.com\/blog\/#\/schema\/person\/34af08dff6adea4cb22b06612ba7acfa","name":"Ag\u00eancia iNFRA","image":{"@type":"ImageObject","inLanguage":"pt-BR","@id":"https:\/\/agenciainfra.com\/blog\/#\/schema\/person\/image\/","url":"https:\/\/secure.gravatar.com\/avatar\/d189e01678f06d8eb84d4e01f08eb848b3fffe3f8443818d3c356c66892f5be8?s=96&d=mm&r=g","contentUrl":"https:\/\/secure.gravatar.com\/avatar\/d189e01678f06d8eb84d4e01f08eb848b3fffe3f8443818d3c356c66892f5be8?s=96&d=mm&r=g","caption":"Ag\u00eancia iNFRA"},"url":"https:\/\/agenciainfra.com\/blog\/author\/admin\/"}]}},"_links":{"self":[{"href":"https:\/\/agenciainfra.com\/blog\/wp-json\/wp\/v2\/posts\/26823","targetHints":{"allow":["GET"]}}],"collection":[{"href":"https:\/\/agenciainfra.com\/blog\/wp-json\/wp\/v2\/posts"}],"about":[{"href":"https:\/\/agenciainfra.com\/blog\/wp-json\/wp\/v2\/types\/post"}],"author":[{"embeddable":true,"href":"https:\/\/agenciainfra.com\/blog\/wp-json\/wp\/v2\/users\/1"}],"replies":[{"embeddable":true,"href":"https:\/\/agenciainfra.com\/blog\/wp-json\/wp\/v2\/comments?post=26823"}],"version-history":[{"count":2,"href":"https:\/\/agenciainfra.com\/blog\/wp-json\/wp\/v2\/posts\/26823\/revisions"}],"predecessor-version":[{"id":26831,"href":"https:\/\/agenciainfra.com\/blog\/wp-json\/wp\/v2\/posts\/26823\/revisions\/26831"}],"wp:featuredmedia":[{"embeddable":true,"href":"https:\/\/agenciainfra.com\/blog\/wp-json\/wp\/v2\/media\/26191"}],"wp:attachment":[{"href":"https:\/\/agenciainfra.com\/blog\/wp-json\/wp\/v2\/media?parent=26823"}],"wp:term":[{"taxonomy":"category","embeddable":true,"href":"https:\/\/agenciainfra.com\/blog\/wp-json\/wp\/v2\/categories?post=26823"},{"taxonomy":"post_tag","embeddable":true,"href":"https:\/\/agenciainfra.com\/blog\/wp-json\/wp\/v2\/tags?post=26823"}],"curies":[{"name":"wp","href":"https:\/\/api.w.org\/{rel}","templated":true}]}}