{"id":26832,"date":"2025-08-27T19:47:45","date_gmt":"2025-08-27T22:47:45","guid":{"rendered":"https:\/\/agenciainfra.com\/blog\/?p=26832"},"modified":"2025-08-28T14:09:28","modified_gmt":"2025-08-28T17:09:28","slug":"relator-da-mp-1-300-considera-fim-do-desconto-no-fio-de-energia-solucao-ruim","status":"publish","type":"post","link":"https:\/\/agenciainfra.com\/blog\/relator-da-mp-1-300-considera-fim-do-desconto-no-fio-de-energia-solucao-ruim\/","title":{"rendered":"Relator da MP 1.300 considera fim do desconto no fio de energia &#8220;solu\u00e7\u00e3o ruim&#8221;"},"content":{"rendered":"\n<p class=\"has-text-align-right\"><strong>da Ag\u00eancia iNFRA<\/strong><\/p>\n\n\n\n<p>O deputado Fernando Coelho Filho (Uni\u00e3o-PE), relator da MP (Medida Provis\u00f3ria) 1.300, disse nesta quarta-feira (27) que o fim dos descontos no fio para consumidores de fontes incentivadas, como e\u00f3lica e solar, \u00e9 uma \u201csolu\u00e7\u00e3o ruim\u201d. A iniciativa do governo federal foi apresentada na MP 1.300 como uma forma de compensar os impactos da amplia\u00e7\u00e3o da tarifa social de energia.<\/p>\n\n\n\n<p>\u201cEu entendo que isso \u00e9 pass\u00edvel de ser questionado na justi\u00e7a, como todo mundo est\u00e1 falando&#8221;, afirmou o relator \u00e0 imprensa. No seu entendimento, a medida tira um benef\u00edcio que j\u00e1 foi concedido ao investidor e que j\u00e1 foi tratada na MP 1.212\/2024. \u201cDe repente a gente chega numa solu\u00e7\u00e3o para o fio que pode dar, talvez, uma outra reda\u00e7\u00e3o&#8221;, concluiu.<\/p>\n\n\n\n<p>Segundo o presidente da comiss\u00e3o mista da 1.300, senador Eduardo Braga (MDB-AM), o relat\u00f3rio deve ser votado na comiss\u00e3o na pr\u00f3xima ter\u00e7a-feira (2). Congresso e governo t\u00eam pressa porque a medida vence em 17 de setembro, o que poderia impedir a manuten\u00e7\u00e3o da tarifa social nos moldes atuais.<\/p>\n\n\n\n<p><\/p>\n","protected":false},"excerpt":{"rendered":"<p>da Ag\u00eancia iNFRA O deputado Fernando Coelho Filho (Uni\u00e3o-PE), relator da MP (Medida Provis\u00f3ria) 1.300, disse nesta quarta-feira (27) que o fim dos descontos no fio para consumidores de fontes incentivadas, como e\u00f3lica e solar, \u00e9 uma \u201csolu\u00e7\u00e3o ruim\u201d. A iniciativa do governo federal foi apresentada na MP 1.300 como uma forma de compensar os [&hellip;]<\/p>\n","protected":false},"author":1,"featured_media":11503,"comment_status":"closed","ping_status":"closed","sticky":false,"template":"","format":"standard","meta":{"_monsterinsights_skip_tracking":false,"_monsterinsights_sitenote_active":false,"_monsterinsights_sitenote_note":"","_monsterinsights_sitenote_category":0,"footnotes":""},"categories":[7250,1,10],"tags":[13516,1254,13449],"class_list":["post-26832","post","type-post","status-publish","format-standard","has-post-thumbnail","hentry","category-destaque-lista","category-geral","category-infraenergia","tag-descontos-no-fio","tag-fernando-coelho-filho","tag-mp-1-300"],"yoast_head":"<!-- This site is optimized with the Yoast SEO Premium plugin v25.4 (Yoast SEO v26.0) - https:\/\/yoast.com\/wordpress\/plugins\/seo\/ -->\n<title>Relator da MP 1.300 considera fim do desconto no fio de energia &quot;solu\u00e7\u00e3o ruim&quot; - Ag\u00eancia iNFRA<\/title>\n<meta name=\"robots\" content=\"index, follow, max-snippet:-1, max-image-preview:large, max-video-preview:-1\" \/>\n<link rel=\"canonical\" href=\"https:\/\/agenciainfra.com\/blog\/relator-da-mp-1-300-considera-fim-do-desconto-no-fio-de-energia-solucao-ruim\/\" \/>\n<meta property=\"og:locale\" content=\"pt_BR\" \/>\n<meta property=\"og:type\" content=\"article\" \/>\n<meta property=\"og:title\" content=\"Relator da MP 1.300 considera fim do desconto no fio de energia &quot;solu\u00e7\u00e3o ruim&quot;\" \/>\n<meta property=\"og:description\" content=\"da Ag\u00eancia iNFRA O deputado Fernando Coelho Filho (Uni\u00e3o-PE), relator da MP (Medida Provis\u00f3ria) 1.300, disse nesta quarta-feira (27) que o fim dos descontos no fio para consumidores de fontes incentivadas, como e\u00f3lica e solar, \u00e9 uma \u201csolu\u00e7\u00e3o ruim\u201d. A iniciativa do governo federal foi apresentada na MP 1.300 como uma forma de compensar os [&hellip;]\" \/>\n<meta property=\"og:url\" content=\"https:\/\/agenciainfra.com\/blog\/relator-da-mp-1-300-considera-fim-do-desconto-no-fio-de-energia-solucao-ruim\/\" \/>\n<meta property=\"og:site_name\" content=\"Ag\u00eancia iNFRA\" \/>\n<meta property=\"article:publisher\" content=\"https:\/\/www.facebook.com\/ageninfra\" \/>\n<meta property=\"article:published_time\" content=\"2025-08-27T22:47:45+00:00\" \/>\n<meta property=\"article:modified_time\" content=\"2025-08-28T17:09:28+00:00\" \/>\n<meta property=\"og:image\" content=\"https:\/\/agenciainfra.com\/blog\/wp-content\/uploads\/2022\/10\/fernando-coelho-filho-foto-paulo-sergio-camara-dos-deputados.jpeg\" \/>\n\t<meta property=\"og:image:width\" content=\"1280\" \/>\n\t<meta property=\"og:image:height\" content=\"853\" \/>\n\t<meta property=\"og:image:type\" content=\"image\/jpeg\" \/>\n<meta name=\"author\" content=\"Ag\u00eancia iNFRA\" \/>\n<meta name=\"twitter:card\" content=\"summary_large_image\" \/>\n<meta name=\"twitter:creator\" content=\"@agencia_infra\" \/>\n<meta name=\"twitter:site\" content=\"@agencia_infra\" \/>\n<meta name=\"twitter:label1\" content=\"Escrito por\" \/>\n\t<meta name=\"twitter:data1\" content=\"Ag\u00eancia iNFRA\" \/>\n\t<meta name=\"twitter:label2\" content=\"Est. tempo de leitura\" \/>\n\t<meta name=\"twitter:data2\" content=\"1 minuto\" \/>\n<script type=\"application\/ld+json\" class=\"yoast-schema-graph\">{\"@context\":\"https:\/\/schema.org\",\"@graph\":[{\"@type\":\"Article\",\"@id\":\"https:\/\/agenciainfra.com\/blog\/relator-da-mp-1-300-considera-fim-do-desconto-no-fio-de-energia-solucao-ruim\/#article\",\"isPartOf\":{\"@id\":\"https:\/\/agenciainfra.com\/blog\/relator-da-mp-1-300-considera-fim-do-desconto-no-fio-de-energia-solucao-ruim\/\"},\"author\":{\"name\":\"Ag\u00eancia iNFRA\",\"@id\":\"https:\/\/agenciainfra.com\/blog\/#\/schema\/person\/34af08dff6adea4cb22b06612ba7acfa\"},\"headline\":\"Relator da MP 1.300 considera fim do desconto no fio de energia &#8220;solu\u00e7\u00e3o ruim&#8221;\",\"datePublished\":\"2025-08-27T22:47:45+00:00\",\"dateModified\":\"2025-08-28T17:09:28+00:00\",\"mainEntityOfPage\":{\"@id\":\"https:\/\/agenciainfra.com\/blog\/relator-da-mp-1-300-considera-fim-do-desconto-no-fio-de-energia-solucao-ruim\/\"},\"wordCount\":194,\"publisher\":{\"@id\":\"https:\/\/agenciainfra.com\/blog\/#organization\"},\"image\":{\"@id\":\"https:\/\/agenciainfra.com\/blog\/relator-da-mp-1-300-considera-fim-do-desconto-no-fio-de-energia-solucao-ruim\/#primaryimage\"},\"thumbnailUrl\":\"https:\/\/agenciainfra.com\/blog\/wp-content\/uploads\/2022\/10\/fernando-coelho-filho-foto-paulo-sergio-camara-dos-deputados.jpeg\",\"keywords\":[\"descontos no fio\",\"Fernando Coelho Filho\",\"mp 1.300\"],\"articleSection\":[\"Destaque lista\",\"Geral\",\"iNFRAEnergia\"],\"inLanguage\":\"pt-BR\",\"copyrightYear\":\"2025\",\"copyrightHolder\":{\"@id\":\"https:\/\/agenciainfra.com\/blog\/#organization\"}},{\"@type\":\"WebPage\",\"@id\":\"https:\/\/agenciainfra.com\/blog\/relator-da-mp-1-300-considera-fim-do-desconto-no-fio-de-energia-solucao-ruim\/\",\"url\":\"https:\/\/agenciainfra.com\/blog\/relator-da-mp-1-300-considera-fim-do-desconto-no-fio-de-energia-solucao-ruim\/\",\"name\":\"Relator da MP 1.300 considera fim do desconto no fio de energia \\\"solu\u00e7\u00e3o ruim\\\" - Ag\u00eancia iNFRA\",\"isPartOf\":{\"@id\":\"https:\/\/agenciainfra.com\/blog\/#website\"},\"primaryImageOfPage\":{\"@id\":\"https:\/\/agenciainfra.com\/blog\/relator-da-mp-1-300-considera-fim-do-desconto-no-fio-de-energia-solucao-ruim\/#primaryimage\"},\"image\":{\"@id\":\"https:\/\/agenciainfra.com\/blog\/relator-da-mp-1-300-considera-fim-do-desconto-no-fio-de-energia-solucao-ruim\/#primaryimage\"},\"thumbnailUrl\":\"https:\/\/agenciainfra.com\/blog\/wp-content\/uploads\/2022\/10\/fernando-coelho-filho-foto-paulo-sergio-camara-dos-deputados.jpeg\",\"datePublished\":\"2025-08-27T22:47:45+00:00\",\"dateModified\":\"2025-08-28T17:09:28+00:00\",\"breadcrumb\":{\"@id\":\"https:\/\/agenciainfra.com\/blog\/relator-da-mp-1-300-considera-fim-do-desconto-no-fio-de-energia-solucao-ruim\/#breadcrumb\"},\"inLanguage\":\"pt-BR\",\"potentialAction\":[{\"@type\":\"ReadAction\",\"target\":[\"https:\/\/agenciainfra.com\/blog\/relator-da-mp-1-300-considera-fim-do-desconto-no-fio-de-energia-solucao-ruim\/\"]}]},{\"@type\":\"ImageObject\",\"inLanguage\":\"pt-BR\",\"@id\":\"https:\/\/agenciainfra.com\/blog\/relator-da-mp-1-300-considera-fim-do-desconto-no-fio-de-energia-solucao-ruim\/#primaryimage\",\"url\":\"https:\/\/agenciainfra.com\/blog\/wp-content\/uploads\/2022\/10\/fernando-coelho-filho-foto-paulo-sergio-camara-dos-deputados.jpeg\",\"contentUrl\":\"https:\/\/agenciainfra.com\/blog\/wp-content\/uploads\/2022\/10\/fernando-coelho-filho-foto-paulo-sergio-camara-dos-deputados.jpeg\",\"width\":1280,\"height\":853,\"caption\":\"Foto: Paulo Sergio\/C\u00e2mara dos Deputados\"},{\"@type\":\"BreadcrumbList\",\"@id\":\"https:\/\/agenciainfra.com\/blog\/relator-da-mp-1-300-considera-fim-do-desconto-no-fio-de-energia-solucao-ruim\/#breadcrumb\",\"itemListElement\":[{\"@type\":\"ListItem\",\"position\":1,\"name\":\"In\u00edcio\",\"item\":\"https:\/\/agenciainfra.com\/blog\/\"},{\"@type\":\"ListItem\",\"position\":2,\"name\":\"Relator da MP 1.300 considera fim do desconto no fio de energia &#8220;solu\u00e7\u00e3o ruim&#8221;\"}]},{\"@type\":\"WebSite\",\"@id\":\"https:\/\/agenciainfra.com\/blog\/#website\",\"url\":\"https:\/\/agenciainfra.com\/blog\/\",\"name\":\"Ag\u00eancia iNFRA\",\"description\":\"Multiplataforma de informa\u00e7\u00e3o jornal\u00edstica refer\u00eancia na \u00e1rea de infraestrutura no Brasil!\",\"publisher\":{\"@id\":\"https:\/\/agenciainfra.com\/blog\/#organization\"},\"potentialAction\":[{\"@type\":\"SearchAction\",\"target\":{\"@type\":\"EntryPoint\",\"urlTemplate\":\"https:\/\/agenciainfra.com\/blog\/?s={search_term_string}\"},\"query-input\":{\"@type\":\"PropertyValueSpecification\",\"valueRequired\":true,\"valueName\":\"search_term_string\"}}],\"inLanguage\":\"pt-BR\"},{\"@type\":\"Organization\",\"@id\":\"https:\/\/agenciainfra.com\/blog\/#organization\",\"name\":\"Ag\u00eancia iNFRA\",\"url\":\"https:\/\/agenciainfra.com\/blog\/\",\"logo\":{\"@type\":\"ImageObject\",\"inLanguage\":\"pt-BR\",\"@id\":\"https:\/\/agenciainfra.com\/blog\/#\/schema\/logo\/image\/\",\"url\":\"https:\/\/agenciainfra.com\/blog\/wp-content\/uploads\/2023\/09\/iNFRA_5-e1761735885940.png\",\"contentUrl\":\"https:\/\/agenciainfra.com\/blog\/wp-content\/uploads\/2023\/09\/iNFRA_5-e1761735885940.png\",\"width\":1672,\"height\":454,\"caption\":\"Ag\u00eancia iNFRA\"},\"image\":{\"@id\":\"https:\/\/agenciainfra.com\/blog\/#\/schema\/logo\/image\/\"},\"sameAs\":[\"https:\/\/www.facebook.com\/ageninfra\",\"https:\/\/x.com\/agencia_infra\",\"https:\/\/www.linkedin.com\/company\/ag\u00eanciainfra\/\",\"https:\/\/www.instagram.com\/agenciainfra\/\"]},{\"@type\":\"Person\",\"@id\":\"https:\/\/agenciainfra.com\/blog\/#\/schema\/person\/34af08dff6adea4cb22b06612ba7acfa\",\"name\":\"Ag\u00eancia iNFRA\",\"image\":{\"@type\":\"ImageObject\",\"inLanguage\":\"pt-BR\",\"@id\":\"https:\/\/agenciainfra.com\/blog\/#\/schema\/person\/image\/\",\"url\":\"https:\/\/secure.gravatar.com\/avatar\/d189e01678f06d8eb84d4e01f08eb848b3fffe3f8443818d3c356c66892f5be8?s=96&d=mm&r=g\",\"contentUrl\":\"https:\/\/secure.gravatar.com\/avatar\/d189e01678f06d8eb84d4e01f08eb848b3fffe3f8443818d3c356c66892f5be8?s=96&d=mm&r=g\",\"caption\":\"Ag\u00eancia iNFRA\"},\"url\":\"https:\/\/agenciainfra.com\/blog\/author\/admin\/\"}]}<\/script>\n<!-- \/ Yoast SEO Premium plugin. -->","yoast_head_json":{"title":"Relator da MP 1.300 considera fim do desconto no fio de energia \"solu\u00e7\u00e3o ruim\" - Ag\u00eancia iNFRA","robots":{"index":"index","follow":"follow","max-snippet":"max-snippet:-1","max-image-preview":"max-image-preview:large","max-video-preview":"max-video-preview:-1"},"canonical":"https:\/\/agenciainfra.com\/blog\/relator-da-mp-1-300-considera-fim-do-desconto-no-fio-de-energia-solucao-ruim\/","og_locale":"pt_BR","og_type":"article","og_title":"Relator da MP 1.300 considera fim do desconto no fio de energia \"solu\u00e7\u00e3o ruim\"","og_description":"da Ag\u00eancia iNFRA O deputado Fernando Coelho Filho (Uni\u00e3o-PE), relator da MP (Medida Provis\u00f3ria) 1.300, disse nesta quarta-feira (27) que o fim dos descontos no fio para consumidores de fontes incentivadas, como e\u00f3lica e solar, \u00e9 uma \u201csolu\u00e7\u00e3o ruim\u201d. A iniciativa do governo federal foi apresentada na MP 1.300 como uma forma de compensar os [&hellip;]","og_url":"https:\/\/agenciainfra.com\/blog\/relator-da-mp-1-300-considera-fim-do-desconto-no-fio-de-energia-solucao-ruim\/","og_site_name":"Ag\u00eancia iNFRA","article_publisher":"https:\/\/www.facebook.com\/ageninfra","article_published_time":"2025-08-27T22:47:45+00:00","article_modified_time":"2025-08-28T17:09:28+00:00","og_image":[{"width":1280,"height":853,"url":"https:\/\/agenciainfra.com\/blog\/wp-content\/uploads\/2022\/10\/fernando-coelho-filho-foto-paulo-sergio-camara-dos-deputados.jpeg","type":"image\/jpeg"}],"author":"Ag\u00eancia iNFRA","twitter_card":"summary_large_image","twitter_creator":"@agencia_infra","twitter_site":"@agencia_infra","twitter_misc":{"Escrito por":"Ag\u00eancia iNFRA","Est. tempo de leitura":"1 minuto"},"schema":{"@context":"https:\/\/schema.org","@graph":[{"@type":"Article","@id":"https:\/\/agenciainfra.com\/blog\/relator-da-mp-1-300-considera-fim-do-desconto-no-fio-de-energia-solucao-ruim\/#article","isPartOf":{"@id":"https:\/\/agenciainfra.com\/blog\/relator-da-mp-1-300-considera-fim-do-desconto-no-fio-de-energia-solucao-ruim\/"},"author":{"name":"Ag\u00eancia iNFRA","@id":"https:\/\/agenciainfra.com\/blog\/#\/schema\/person\/34af08dff6adea4cb22b06612ba7acfa"},"headline":"Relator da MP 1.300 considera fim do desconto no fio de energia &#8220;solu\u00e7\u00e3o ruim&#8221;","datePublished":"2025-08-27T22:47:45+00:00","dateModified":"2025-08-28T17:09:28+00:00","mainEntityOfPage":{"@id":"https:\/\/agenciainfra.com\/blog\/relator-da-mp-1-300-considera-fim-do-desconto-no-fio-de-energia-solucao-ruim\/"},"wordCount":194,"publisher":{"@id":"https:\/\/agenciainfra.com\/blog\/#organization"},"image":{"@id":"https:\/\/agenciainfra.com\/blog\/relator-da-mp-1-300-considera-fim-do-desconto-no-fio-de-energia-solucao-ruim\/#primaryimage"},"thumbnailUrl":"https:\/\/agenciainfra.com\/blog\/wp-content\/uploads\/2022\/10\/fernando-coelho-filho-foto-paulo-sergio-camara-dos-deputados.jpeg","keywords":["descontos no fio","Fernando Coelho Filho","mp 1.300"],"articleSection":["Destaque lista","Geral","iNFRAEnergia"],"inLanguage":"pt-BR","copyrightYear":"2025","copyrightHolder":{"@id":"https:\/\/agenciainfra.com\/blog\/#organization"}},{"@type":"WebPage","@id":"https:\/\/agenciainfra.com\/blog\/relator-da-mp-1-300-considera-fim-do-desconto-no-fio-de-energia-solucao-ruim\/","url":"https:\/\/agenciainfra.com\/blog\/relator-da-mp-1-300-considera-fim-do-desconto-no-fio-de-energia-solucao-ruim\/","name":"Relator da MP 1.300 considera fim do desconto no fio de energia \"solu\u00e7\u00e3o ruim\" - Ag\u00eancia iNFRA","isPartOf":{"@id":"https:\/\/agenciainfra.com\/blog\/#website"},"primaryImageOfPage":{"@id":"https:\/\/agenciainfra.com\/blog\/relator-da-mp-1-300-considera-fim-do-desconto-no-fio-de-energia-solucao-ruim\/#primaryimage"},"image":{"@id":"https:\/\/agenciainfra.com\/blog\/relator-da-mp-1-300-considera-fim-do-desconto-no-fio-de-energia-solucao-ruim\/#primaryimage"},"thumbnailUrl":"https:\/\/agenciainfra.com\/blog\/wp-content\/uploads\/2022\/10\/fernando-coelho-filho-foto-paulo-sergio-camara-dos-deputados.jpeg","datePublished":"2025-08-27T22:47:45+00:00","dateModified":"2025-08-28T17:09:28+00:00","breadcrumb":{"@id":"https:\/\/agenciainfra.com\/blog\/relator-da-mp-1-300-considera-fim-do-desconto-no-fio-de-energia-solucao-ruim\/#breadcrumb"},"inLanguage":"pt-BR","potentialAction":[{"@type":"ReadAction","target":["https:\/\/agenciainfra.com\/blog\/relator-da-mp-1-300-considera-fim-do-desconto-no-fio-de-energia-solucao-ruim\/"]}]},{"@type":"ImageObject","inLanguage":"pt-BR","@id":"https:\/\/agenciainfra.com\/blog\/relator-da-mp-1-300-considera-fim-do-desconto-no-fio-de-energia-solucao-ruim\/#primaryimage","url":"https:\/\/agenciainfra.com\/blog\/wp-content\/uploads\/2022\/10\/fernando-coelho-filho-foto-paulo-sergio-camara-dos-deputados.jpeg","contentUrl":"https:\/\/agenciainfra.com\/blog\/wp-content\/uploads\/2022\/10\/fernando-coelho-filho-foto-paulo-sergio-camara-dos-deputados.jpeg","width":1280,"height":853,"caption":"Foto: Paulo Sergio\/C\u00e2mara dos Deputados"},{"@type":"BreadcrumbList","@id":"https:\/\/agenciainfra.com\/blog\/relator-da-mp-1-300-considera-fim-do-desconto-no-fio-de-energia-solucao-ruim\/#breadcrumb","itemListElement":[{"@type":"ListItem","position":1,"name":"In\u00edcio","item":"https:\/\/agenciainfra.com\/blog\/"},{"@type":"ListItem","position":2,"name":"Relator da MP 1.300 considera fim do desconto no fio de energia &#8220;solu\u00e7\u00e3o ruim&#8221;"}]},{"@type":"WebSite","@id":"https:\/\/agenciainfra.com\/blog\/#website","url":"https:\/\/agenciainfra.com\/blog\/","name":"Ag\u00eancia iNFRA","description":"Multiplataforma de informa\u00e7\u00e3o jornal\u00edstica refer\u00eancia na \u00e1rea de infraestrutura no Brasil!","publisher":{"@id":"https:\/\/agenciainfra.com\/blog\/#organization"},"potentialAction":[{"@type":"SearchAction","target":{"@type":"EntryPoint","urlTemplate":"https:\/\/agenciainfra.com\/blog\/?s={search_term_string}"},"query-input":{"@type":"PropertyValueSpecification","valueRequired":true,"valueName":"search_term_string"}}],"inLanguage":"pt-BR"},{"@type":"Organization","@id":"https:\/\/agenciainfra.com\/blog\/#organization","name":"Ag\u00eancia iNFRA","url":"https:\/\/agenciainfra.com\/blog\/","logo":{"@type":"ImageObject","inLanguage":"pt-BR","@id":"https:\/\/agenciainfra.com\/blog\/#\/schema\/logo\/image\/","url":"https:\/\/agenciainfra.com\/blog\/wp-content\/uploads\/2023\/09\/iNFRA_5-e1761735885940.png","contentUrl":"https:\/\/agenciainfra.com\/blog\/wp-content\/uploads\/2023\/09\/iNFRA_5-e1761735885940.png","width":1672,"height":454,"caption":"Ag\u00eancia iNFRA"},"image":{"@id":"https:\/\/agenciainfra.com\/blog\/#\/schema\/logo\/image\/"},"sameAs":["https:\/\/www.facebook.com\/ageninfra","https:\/\/x.com\/agencia_infra","https:\/\/www.linkedin.com\/company\/ag\u00eanciainfra\/","https:\/\/www.instagram.com\/agenciainfra\/"]},{"@type":"Person","@id":"https:\/\/agenciainfra.com\/blog\/#\/schema\/person\/34af08dff6adea4cb22b06612ba7acfa","name":"Ag\u00eancia iNFRA","image":{"@type":"ImageObject","inLanguage":"pt-BR","@id":"https:\/\/agenciainfra.com\/blog\/#\/schema\/person\/image\/","url":"https:\/\/secure.gravatar.com\/avatar\/d189e01678f06d8eb84d4e01f08eb848b3fffe3f8443818d3c356c66892f5be8?s=96&d=mm&r=g","contentUrl":"https:\/\/secure.gravatar.com\/avatar\/d189e01678f06d8eb84d4e01f08eb848b3fffe3f8443818d3c356c66892f5be8?s=96&d=mm&r=g","caption":"Ag\u00eancia iNFRA"},"url":"https:\/\/agenciainfra.com\/blog\/author\/admin\/"}]}},"_links":{"self":[{"href":"https:\/\/agenciainfra.com\/blog\/wp-json\/wp\/v2\/posts\/26832","targetHints":{"allow":["GET"]}}],"collection":[{"href":"https:\/\/agenciainfra.com\/blog\/wp-json\/wp\/v2\/posts"}],"about":[{"href":"https:\/\/agenciainfra.com\/blog\/wp-json\/wp\/v2\/types\/post"}],"author":[{"embeddable":true,"href":"https:\/\/agenciainfra.com\/blog\/wp-json\/wp\/v2\/users\/1"}],"replies":[{"embeddable":true,"href":"https:\/\/agenciainfra.com\/blog\/wp-json\/wp\/v2\/comments?post=26832"}],"version-history":[{"count":1,"href":"https:\/\/agenciainfra.com\/blog\/wp-json\/wp\/v2\/posts\/26832\/revisions"}],"predecessor-version":[{"id":26833,"href":"https:\/\/agenciainfra.com\/blog\/wp-json\/wp\/v2\/posts\/26832\/revisions\/26833"}],"wp:featuredmedia":[{"embeddable":true,"href":"https:\/\/agenciainfra.com\/blog\/wp-json\/wp\/v2\/media\/11503"}],"wp:attachment":[{"href":"https:\/\/agenciainfra.com\/blog\/wp-json\/wp\/v2\/media?parent=26832"}],"wp:term":[{"taxonomy":"category","embeddable":true,"href":"https:\/\/agenciainfra.com\/blog\/wp-json\/wp\/v2\/categories?post=26832"},{"taxonomy":"post_tag","embeddable":true,"href":"https:\/\/agenciainfra.com\/blog\/wp-json\/wp\/v2\/tags?post=26832"}],"curies":[{"name":"wp","href":"https:\/\/api.w.org\/{rel}","templated":true}]}}