{"id":26834,"date":"2025-08-27T20:35:59","date_gmt":"2025-08-27T23:35:59","guid":{"rendered":"https:\/\/agenciainfra.com\/blog\/?p=26834"},"modified":"2025-08-28T07:44:04","modified_gmt":"2025-08-28T10:44:04","slug":"soberania-nacional-em-minerais-criticos-nao-pode-confundida-com-reserva-de-mercado-diz-deputado","status":"publish","type":"post","link":"https:\/\/agenciainfra.com\/blog\/soberania-nacional-em-minerais-criticos-nao-pode-confundida-com-reserva-de-mercado-diz-deputado\/","title":{"rendered":"Soberania nacional n\u00e3o pode ser confundida com reserva de mercado para minerais cr\u00edticos, diz deputado"},"content":{"rendered":"\n<p class=\"has-text-align-right\"><strong>Rafael Bitencourt, da Ag\u00eancia iNFRA<\/strong><\/p>\n\n\n\n<p>O deputado federal Z\u00e9 Silva (Solidariedade-MG), que \u00e9 presidente da FPMin (Frente Parlamentar da Minera\u00e7\u00e3o Sustent\u00e1vel), afirmou nesta quarta-feira (27) que a defesa da soberania nacional na explora\u00e7\u00e3o de minerais cr\u00edticos n\u00e3o pode resultar na cria\u00e7\u00e3o de reserva de mercado para empresas nacionais. Isso, segundo ele, inibiria a chegada de empresas estrangeiras que t\u00eam vindo para o pa\u00eds.<\/p>\n\n\n\n<p>\u201cSe o Brasil n\u00e3o souber dosar o que \u00e9 soberania, o que \u00e9 proteger suas reservas, e criar monop\u00f3lio, voltaremos ao que t\u00ednhamos na Constitui\u00e7\u00e3o de 1988, que fechou mercado. A minera\u00e7\u00e3o tinha que ser processada no Brasil, e s\u00f3 sete anos depois a gente fez uma emenda constitucional para consertar\u201d, disse Z\u00e9 Silva.<\/p>\n\n\n\n<p>O parlamentar, que tamb\u00e9m \u00e9 autor da proposta de pol\u00edtica para minerais cr\u00edticos (PL 2.780\/2024), tratou do tema em reuni\u00e3o com integrantes da FPMin. No encontro, ele disse que buscar\u00e1 apoio de l\u00edderes partid\u00e1rios esta semana para aprovar a tramita\u00e7\u00e3o em regime de urg\u00eancia do projeto na C\u00e2mara.<\/p>\n\n\n\n<p>O deputado chegou a citar iniciativas de parlamentares no Congresso Nacional que suscitam essa preocupa\u00e7\u00e3o. Isso tem ocorrido, disse, especialmente agora, que o assunto ganhou os holofotes no cen\u00e1rio pol\u00edtico internacional. Ele, contudo, n\u00e3o fez refer\u00eancia \u00e0s falas do presidente Luiz In\u00e1cio Lula da Silva (PT) sobre a inten\u00e7\u00e3o de criar nova inst\u00e2ncia de governo para <a href=\"https:\/\/agenciainfra.com\/blog\/lula-defende-controle-sobre-a-venda-de-reservas-e-da-producao-de-minerais-criticos-no-pais\/\">controlar a produ\u00e7\u00e3o<\/a> desses minerais em territ\u00f3rio nacional.  <\/p>\n\n\n\n<p>A corrida pelos minerais cr\u00edticos e estrat\u00e9gicos envolve a explora\u00e7\u00e3o de bens essenciais para a ind\u00fastria da transi\u00e7\u00e3o energ\u00e9tica e de alta tecnologia. Entre os minerais inclu\u00eddos nessa classifica\u00e7\u00e3o est\u00e3o l\u00edtio, cobalto, n\u00edquel, cobre e 17 elementos de terras raras.<\/p>\n\n\n\n<p><strong>Vale do Jequitinhonha<\/strong><\/p>\n\n\n\n<p>Z\u00e9 Silva contou que uma restri\u00e7\u00e3o semelhante \u00e0 produ\u00e7\u00e3o de l\u00edtio no Brasil caiu recentemente. Segundo ele, at\u00e9 2022, era \u201cproibida\u201d a comercializa\u00e7\u00e3o do mineral difundido na fabrica\u00e7\u00e3o de baterias porque sua produ\u00e7\u00e3o no Brasil deveria \u201cagregar valor\u201d.<\/p>\n\n\n\n<p>\u201cDe l\u00e1 para c\u00e1, tr\u00eas anos depois, vemos o que j\u00e1 conseguimos fazer com a atra\u00e7\u00e3o de investimentos, s\u00e3o tr\u00eas empresas atuantes na regi\u00e3o\u201d, afirmou o deputado, ao se referir \u00e0 explora\u00e7\u00e3o no Vale do Jequitinhonha, em Minas Gerais. \u201cAntes, tinha s\u00f3 uma empresa, parte do governo e parte privada, que ficou l\u00e1, n\u00e3o sei quantos anos. No entanto, nada virava riqueza\u201d, acrescentou.<\/p>\n","protected":false},"excerpt":{"rendered":"<p>Rafael Bitencourt, da Ag\u00eancia iNFRA O deputado federal Z\u00e9 Silva (Solidariedade-MG), que \u00e9 presidente da FPMin (Frente Parlamentar da Minera\u00e7\u00e3o Sustent\u00e1vel), afirmou nesta quarta-feira (27) que a defesa da soberania nacional na explora\u00e7\u00e3o de minerais cr\u00edticos n\u00e3o pode resultar na cria\u00e7\u00e3o de reserva de mercado para empresas nacionais. Isso, segundo ele, inibiria a chegada de [&hellip;]<\/p>\n","protected":false},"author":1,"featured_media":25663,"comment_status":"closed","ping_status":"closed","sticky":false,"template":"","format":"standard","meta":{"_monsterinsights_skip_tracking":false,"_monsterinsights_sitenote_active":false,"_monsterinsights_sitenote_note":"","_monsterinsights_sitenote_category":0,"footnotes":""},"categories":[7250,1],"tags":[15024,4291,1985,13228,13749,13231,13813,15026,15025,13333,6224,14265],"class_list":["post-26834","post","type-post","status-publish","format-standard","has-post-thumbnail","hentry","category-destaque-lista","category-geral","tag-frente-parlamentar-da-mineracao-sustentavel","tag-luiz-inacio-lula-da-silva","tag-minas-gerais","tag-minerais-criticos","tag-minerais-estrategicos","tag-pl-2-780-2024","tag-rafael-bitencourt","tag-reserva-de-mercado","tag-soberania-nacional","tag-terras-raras","tag-vale-do-jequitinhonha","tag-ze-silva"],"yoast_head":"<!-- This site is optimized with the Yoast SEO Premium plugin v25.4 (Yoast SEO v26.0) - https:\/\/yoast.com\/wordpress\/plugins\/seo\/ -->\n<title>Soberania nacional n\u00e3o pode ser confundida com reserva de mercado para minerais cr\u00edticos, diz deputado - Ag\u00eancia iNFRA<\/title>\n<meta name=\"robots\" content=\"index, follow, max-snippet:-1, max-image-preview:large, max-video-preview:-1\" \/>\n<link rel=\"canonical\" href=\"https:\/\/agenciainfra.com\/blog\/soberania-nacional-em-minerais-criticos-nao-pode-confundida-com-reserva-de-mercado-diz-deputado\/\" \/>\n<meta property=\"og:locale\" content=\"pt_BR\" \/>\n<meta property=\"og:type\" content=\"article\" \/>\n<meta property=\"og:title\" content=\"Soberania nacional n\u00e3o pode ser confundida com reserva de mercado para minerais cr\u00edticos, diz deputado\" \/>\n<meta property=\"og:description\" content=\"Rafael Bitencourt, da Ag\u00eancia iNFRA O deputado federal Z\u00e9 Silva (Solidariedade-MG), que \u00e9 presidente da FPMin (Frente Parlamentar da Minera\u00e7\u00e3o Sustent\u00e1vel), afirmou nesta quarta-feira (27) que a defesa da soberania nacional na explora\u00e7\u00e3o de minerais cr\u00edticos n\u00e3o pode resultar na cria\u00e7\u00e3o de reserva de mercado para empresas nacionais. Isso, segundo ele, inibiria a chegada de [&hellip;]\" \/>\n<meta property=\"og:url\" content=\"https:\/\/agenciainfra.com\/blog\/soberania-nacional-em-minerais-criticos-nao-pode-confundida-com-reserva-de-mercado-diz-deputado\/\" \/>\n<meta property=\"og:site_name\" content=\"Ag\u00eancia iNFRA\" \/>\n<meta property=\"article:publisher\" content=\"https:\/\/www.facebook.com\/ageninfra\" \/>\n<meta property=\"article:published_time\" content=\"2025-08-27T23:35:59+00:00\" \/>\n<meta property=\"article:modified_time\" content=\"2025-08-28T10:44:04+00:00\" \/>\n<meta property=\"og:image\" content=\"https:\/\/agenciainfra.com\/blog\/wp-content\/uploads\/2025\/07\/Mineracao-Tomaz-Silva-Agencia-Brasil.jpg\" \/>\n\t<meta property=\"og:image:width\" content=\"1024\" \/>\n\t<meta property=\"og:image:height\" content=\"768\" \/>\n\t<meta property=\"og:image:type\" content=\"image\/jpeg\" \/>\n<meta name=\"author\" content=\"Ag\u00eancia iNFRA\" \/>\n<meta name=\"twitter:card\" content=\"summary_large_image\" \/>\n<meta name=\"twitter:creator\" content=\"@agencia_infra\" \/>\n<meta name=\"twitter:site\" content=\"@agencia_infra\" \/>\n<meta name=\"twitter:label1\" content=\"Escrito por\" \/>\n\t<meta name=\"twitter:data1\" content=\"Ag\u00eancia iNFRA\" \/>\n\t<meta name=\"twitter:label2\" content=\"Est. tempo de leitura\" \/>\n\t<meta name=\"twitter:data2\" content=\"2 minutos\" \/>\n<script type=\"application\/ld+json\" class=\"yoast-schema-graph\">{\"@context\":\"https:\/\/schema.org\",\"@graph\":[{\"@type\":\"Article\",\"@id\":\"https:\/\/agenciainfra.com\/blog\/soberania-nacional-em-minerais-criticos-nao-pode-confundida-com-reserva-de-mercado-diz-deputado\/#article\",\"isPartOf\":{\"@id\":\"https:\/\/agenciainfra.com\/blog\/soberania-nacional-em-minerais-criticos-nao-pode-confundida-com-reserva-de-mercado-diz-deputado\/\"},\"author\":{\"name\":\"Ag\u00eancia iNFRA\",\"@id\":\"https:\/\/agenciainfra.com\/blog\/#\/schema\/person\/34af08dff6adea4cb22b06612ba7acfa\"},\"headline\":\"Soberania nacional n\u00e3o pode ser confundida com reserva de mercado para minerais cr\u00edticos, diz deputado\",\"datePublished\":\"2025-08-27T23:35:59+00:00\",\"dateModified\":\"2025-08-28T10:44:04+00:00\",\"mainEntityOfPage\":{\"@id\":\"https:\/\/agenciainfra.com\/blog\/soberania-nacional-em-minerais-criticos-nao-pode-confundida-com-reserva-de-mercado-diz-deputado\/\"},\"wordCount\":436,\"publisher\":{\"@id\":\"https:\/\/agenciainfra.com\/blog\/#organization\"},\"image\":{\"@id\":\"https:\/\/agenciainfra.com\/blog\/soberania-nacional-em-minerais-criticos-nao-pode-confundida-com-reserva-de-mercado-diz-deputado\/#primaryimage\"},\"thumbnailUrl\":\"https:\/\/agenciainfra.com\/blog\/wp-content\/uploads\/2025\/07\/Mineracao-Tomaz-Silva-Agencia-Brasil.jpg\",\"keywords\":[\"Frente Parlamentar da Minera\u00e7\u00e3o Sustent\u00e1vel\",\"Luiz In\u00e1cio Lula da Silva\",\"Minas Gerais\",\"minerais cr\u00edticos\",\"minerais estrat\u00e9gicos\",\"pl 2.780\/2024\",\"Rafael Bitencourt\",\"reserva de mercado\",\"soberania nacional\",\"terras raras\",\"Vale do Jequitinhonha\",\"Z\u00e9 Silva\"],\"articleSection\":[\"Destaque lista\",\"Geral\"],\"inLanguage\":\"pt-BR\",\"copyrightYear\":\"2025\",\"copyrightHolder\":{\"@id\":\"https:\/\/agenciainfra.com\/blog\/#organization\"}},{\"@type\":\"WebPage\",\"@id\":\"https:\/\/agenciainfra.com\/blog\/soberania-nacional-em-minerais-criticos-nao-pode-confundida-com-reserva-de-mercado-diz-deputado\/\",\"url\":\"https:\/\/agenciainfra.com\/blog\/soberania-nacional-em-minerais-criticos-nao-pode-confundida-com-reserva-de-mercado-diz-deputado\/\",\"name\":\"Soberania nacional n\u00e3o pode ser confundida com reserva de mercado para minerais cr\u00edticos, diz deputado - Ag\u00eancia iNFRA\",\"isPartOf\":{\"@id\":\"https:\/\/agenciainfra.com\/blog\/#website\"},\"primaryImageOfPage\":{\"@id\":\"https:\/\/agenciainfra.com\/blog\/soberania-nacional-em-minerais-criticos-nao-pode-confundida-com-reserva-de-mercado-diz-deputado\/#primaryimage\"},\"image\":{\"@id\":\"https:\/\/agenciainfra.com\/blog\/soberania-nacional-em-minerais-criticos-nao-pode-confundida-com-reserva-de-mercado-diz-deputado\/#primaryimage\"},\"thumbnailUrl\":\"https:\/\/agenciainfra.com\/blog\/wp-content\/uploads\/2025\/07\/Mineracao-Tomaz-Silva-Agencia-Brasil.jpg\",\"datePublished\":\"2025-08-27T23:35:59+00:00\",\"dateModified\":\"2025-08-28T10:44:04+00:00\",\"breadcrumb\":{\"@id\":\"https:\/\/agenciainfra.com\/blog\/soberania-nacional-em-minerais-criticos-nao-pode-confundida-com-reserva-de-mercado-diz-deputado\/#breadcrumb\"},\"inLanguage\":\"pt-BR\",\"potentialAction\":[{\"@type\":\"ReadAction\",\"target\":[\"https:\/\/agenciainfra.com\/blog\/soberania-nacional-em-minerais-criticos-nao-pode-confundida-com-reserva-de-mercado-diz-deputado\/\"]}]},{\"@type\":\"ImageObject\",\"inLanguage\":\"pt-BR\",\"@id\":\"https:\/\/agenciainfra.com\/blog\/soberania-nacional-em-minerais-criticos-nao-pode-confundida-com-reserva-de-mercado-diz-deputado\/#primaryimage\",\"url\":\"https:\/\/agenciainfra.com\/blog\/wp-content\/uploads\/2025\/07\/Mineracao-Tomaz-Silva-Agencia-Brasil.jpg\",\"contentUrl\":\"https:\/\/agenciainfra.com\/blog\/wp-content\/uploads\/2025\/07\/Mineracao-Tomaz-Silva-Agencia-Brasil.jpg\",\"width\":1024,\"height\":768,\"caption\":\"Foto: Tomaz Silva\/Ag\u00eancia Brasil\"},{\"@type\":\"BreadcrumbList\",\"@id\":\"https:\/\/agenciainfra.com\/blog\/soberania-nacional-em-minerais-criticos-nao-pode-confundida-com-reserva-de-mercado-diz-deputado\/#breadcrumb\",\"itemListElement\":[{\"@type\":\"ListItem\",\"position\":1,\"name\":\"In\u00edcio\",\"item\":\"https:\/\/agenciainfra.com\/blog\/\"},{\"@type\":\"ListItem\",\"position\":2,\"name\":\"Soberania nacional n\u00e3o pode ser confundida com reserva de mercado para minerais cr\u00edticos, diz deputado\"}]},{\"@type\":\"WebSite\",\"@id\":\"https:\/\/agenciainfra.com\/blog\/#website\",\"url\":\"https:\/\/agenciainfra.com\/blog\/\",\"name\":\"Ag\u00eancia iNFRA\",\"description\":\"Multiplataforma de informa\u00e7\u00e3o jornal\u00edstica refer\u00eancia na \u00e1rea de infraestrutura no Brasil!\",\"publisher\":{\"@id\":\"https:\/\/agenciainfra.com\/blog\/#organization\"},\"potentialAction\":[{\"@type\":\"SearchAction\",\"target\":{\"@type\":\"EntryPoint\",\"urlTemplate\":\"https:\/\/agenciainfra.com\/blog\/?s={search_term_string}\"},\"query-input\":{\"@type\":\"PropertyValueSpecification\",\"valueRequired\":true,\"valueName\":\"search_term_string\"}}],\"inLanguage\":\"pt-BR\"},{\"@type\":\"Organization\",\"@id\":\"https:\/\/agenciainfra.com\/blog\/#organization\",\"name\":\"Ag\u00eancia iNFRA\",\"url\":\"https:\/\/agenciainfra.com\/blog\/\",\"logo\":{\"@type\":\"ImageObject\",\"inLanguage\":\"pt-BR\",\"@id\":\"https:\/\/agenciainfra.com\/blog\/#\/schema\/logo\/image\/\",\"url\":\"https:\/\/agenciainfra.com\/blog\/wp-content\/uploads\/2023\/09\/iNFRA_5-e1761735885940.png\",\"contentUrl\":\"https:\/\/agenciainfra.com\/blog\/wp-content\/uploads\/2023\/09\/iNFRA_5-e1761735885940.png\",\"width\":1672,\"height\":454,\"caption\":\"Ag\u00eancia iNFRA\"},\"image\":{\"@id\":\"https:\/\/agenciainfra.com\/blog\/#\/schema\/logo\/image\/\"},\"sameAs\":[\"https:\/\/www.facebook.com\/ageninfra\",\"https:\/\/x.com\/agencia_infra\",\"https:\/\/www.linkedin.com\/company\/ag\u00eanciainfra\/\",\"https:\/\/www.instagram.com\/agenciainfra\/\"]},{\"@type\":\"Person\",\"@id\":\"https:\/\/agenciainfra.com\/blog\/#\/schema\/person\/34af08dff6adea4cb22b06612ba7acfa\",\"name\":\"Ag\u00eancia iNFRA\",\"image\":{\"@type\":\"ImageObject\",\"inLanguage\":\"pt-BR\",\"@id\":\"https:\/\/agenciainfra.com\/blog\/#\/schema\/person\/image\/\",\"url\":\"https:\/\/secure.gravatar.com\/avatar\/d189e01678f06d8eb84d4e01f08eb848b3fffe3f8443818d3c356c66892f5be8?s=96&d=mm&r=g\",\"contentUrl\":\"https:\/\/secure.gravatar.com\/avatar\/d189e01678f06d8eb84d4e01f08eb848b3fffe3f8443818d3c356c66892f5be8?s=96&d=mm&r=g\",\"caption\":\"Ag\u00eancia iNFRA\"},\"url\":\"https:\/\/agenciainfra.com\/blog\/author\/admin\/\"}]}<\/script>\n<!-- \/ Yoast SEO Premium plugin. -->","yoast_head_json":{"title":"Soberania nacional n\u00e3o pode ser confundida com reserva de mercado para minerais cr\u00edticos, diz deputado - Ag\u00eancia iNFRA","robots":{"index":"index","follow":"follow","max-snippet":"max-snippet:-1","max-image-preview":"max-image-preview:large","max-video-preview":"max-video-preview:-1"},"canonical":"https:\/\/agenciainfra.com\/blog\/soberania-nacional-em-minerais-criticos-nao-pode-confundida-com-reserva-de-mercado-diz-deputado\/","og_locale":"pt_BR","og_type":"article","og_title":"Soberania nacional n\u00e3o pode ser confundida com reserva de mercado para minerais cr\u00edticos, diz deputado","og_description":"Rafael Bitencourt, da Ag\u00eancia iNFRA O deputado federal Z\u00e9 Silva (Solidariedade-MG), que \u00e9 presidente da FPMin (Frente Parlamentar da Minera\u00e7\u00e3o Sustent\u00e1vel), afirmou nesta quarta-feira (27) que a defesa da soberania nacional na explora\u00e7\u00e3o de minerais cr\u00edticos n\u00e3o pode resultar na cria\u00e7\u00e3o de reserva de mercado para empresas nacionais. Isso, segundo ele, inibiria a chegada de [&hellip;]","og_url":"https:\/\/agenciainfra.com\/blog\/soberania-nacional-em-minerais-criticos-nao-pode-confundida-com-reserva-de-mercado-diz-deputado\/","og_site_name":"Ag\u00eancia iNFRA","article_publisher":"https:\/\/www.facebook.com\/ageninfra","article_published_time":"2025-08-27T23:35:59+00:00","article_modified_time":"2025-08-28T10:44:04+00:00","og_image":[{"width":1024,"height":768,"url":"https:\/\/agenciainfra.com\/blog\/wp-content\/uploads\/2025\/07\/Mineracao-Tomaz-Silva-Agencia-Brasil.jpg","type":"image\/jpeg"}],"author":"Ag\u00eancia iNFRA","twitter_card":"summary_large_image","twitter_creator":"@agencia_infra","twitter_site":"@agencia_infra","twitter_misc":{"Escrito por":"Ag\u00eancia iNFRA","Est. tempo de leitura":"2 minutos"},"schema":{"@context":"https:\/\/schema.org","@graph":[{"@type":"Article","@id":"https:\/\/agenciainfra.com\/blog\/soberania-nacional-em-minerais-criticos-nao-pode-confundida-com-reserva-de-mercado-diz-deputado\/#article","isPartOf":{"@id":"https:\/\/agenciainfra.com\/blog\/soberania-nacional-em-minerais-criticos-nao-pode-confundida-com-reserva-de-mercado-diz-deputado\/"},"author":{"name":"Ag\u00eancia iNFRA","@id":"https:\/\/agenciainfra.com\/blog\/#\/schema\/person\/34af08dff6adea4cb22b06612ba7acfa"},"headline":"Soberania nacional n\u00e3o pode ser confundida com reserva de mercado para minerais cr\u00edticos, diz deputado","datePublished":"2025-08-27T23:35:59+00:00","dateModified":"2025-08-28T10:44:04+00:00","mainEntityOfPage":{"@id":"https:\/\/agenciainfra.com\/blog\/soberania-nacional-em-minerais-criticos-nao-pode-confundida-com-reserva-de-mercado-diz-deputado\/"},"wordCount":436,"publisher":{"@id":"https:\/\/agenciainfra.com\/blog\/#organization"},"image":{"@id":"https:\/\/agenciainfra.com\/blog\/soberania-nacional-em-minerais-criticos-nao-pode-confundida-com-reserva-de-mercado-diz-deputado\/#primaryimage"},"thumbnailUrl":"https:\/\/agenciainfra.com\/blog\/wp-content\/uploads\/2025\/07\/Mineracao-Tomaz-Silva-Agencia-Brasil.jpg","keywords":["Frente Parlamentar da Minera\u00e7\u00e3o Sustent\u00e1vel","Luiz In\u00e1cio Lula da Silva","Minas Gerais","minerais cr\u00edticos","minerais estrat\u00e9gicos","pl 2.780\/2024","Rafael Bitencourt","reserva de mercado","soberania nacional","terras raras","Vale do Jequitinhonha","Z\u00e9 Silva"],"articleSection":["Destaque lista","Geral"],"inLanguage":"pt-BR","copyrightYear":"2025","copyrightHolder":{"@id":"https:\/\/agenciainfra.com\/blog\/#organization"}},{"@type":"WebPage","@id":"https:\/\/agenciainfra.com\/blog\/soberania-nacional-em-minerais-criticos-nao-pode-confundida-com-reserva-de-mercado-diz-deputado\/","url":"https:\/\/agenciainfra.com\/blog\/soberania-nacional-em-minerais-criticos-nao-pode-confundida-com-reserva-de-mercado-diz-deputado\/","name":"Soberania nacional n\u00e3o pode ser confundida com reserva de mercado para minerais cr\u00edticos, diz deputado - Ag\u00eancia iNFRA","isPartOf":{"@id":"https:\/\/agenciainfra.com\/blog\/#website"},"primaryImageOfPage":{"@id":"https:\/\/agenciainfra.com\/blog\/soberania-nacional-em-minerais-criticos-nao-pode-confundida-com-reserva-de-mercado-diz-deputado\/#primaryimage"},"image":{"@id":"https:\/\/agenciainfra.com\/blog\/soberania-nacional-em-minerais-criticos-nao-pode-confundida-com-reserva-de-mercado-diz-deputado\/#primaryimage"},"thumbnailUrl":"https:\/\/agenciainfra.com\/blog\/wp-content\/uploads\/2025\/07\/Mineracao-Tomaz-Silva-Agencia-Brasil.jpg","datePublished":"2025-08-27T23:35:59+00:00","dateModified":"2025-08-28T10:44:04+00:00","breadcrumb":{"@id":"https:\/\/agenciainfra.com\/blog\/soberania-nacional-em-minerais-criticos-nao-pode-confundida-com-reserva-de-mercado-diz-deputado\/#breadcrumb"},"inLanguage":"pt-BR","potentialAction":[{"@type":"ReadAction","target":["https:\/\/agenciainfra.com\/blog\/soberania-nacional-em-minerais-criticos-nao-pode-confundida-com-reserva-de-mercado-diz-deputado\/"]}]},{"@type":"ImageObject","inLanguage":"pt-BR","@id":"https:\/\/agenciainfra.com\/blog\/soberania-nacional-em-minerais-criticos-nao-pode-confundida-com-reserva-de-mercado-diz-deputado\/#primaryimage","url":"https:\/\/agenciainfra.com\/blog\/wp-content\/uploads\/2025\/07\/Mineracao-Tomaz-Silva-Agencia-Brasil.jpg","contentUrl":"https:\/\/agenciainfra.com\/blog\/wp-content\/uploads\/2025\/07\/Mineracao-Tomaz-Silva-Agencia-Brasil.jpg","width":1024,"height":768,"caption":"Foto: Tomaz Silva\/Ag\u00eancia Brasil"},{"@type":"BreadcrumbList","@id":"https:\/\/agenciainfra.com\/blog\/soberania-nacional-em-minerais-criticos-nao-pode-confundida-com-reserva-de-mercado-diz-deputado\/#breadcrumb","itemListElement":[{"@type":"ListItem","position":1,"name":"In\u00edcio","item":"https:\/\/agenciainfra.com\/blog\/"},{"@type":"ListItem","position":2,"name":"Soberania nacional n\u00e3o pode ser confundida com reserva de mercado para minerais cr\u00edticos, diz deputado"}]},{"@type":"WebSite","@id":"https:\/\/agenciainfra.com\/blog\/#website","url":"https:\/\/agenciainfra.com\/blog\/","name":"Ag\u00eancia iNFRA","description":"Multiplataforma de informa\u00e7\u00e3o jornal\u00edstica refer\u00eancia na \u00e1rea de infraestrutura no Brasil!","publisher":{"@id":"https:\/\/agenciainfra.com\/blog\/#organization"},"potentialAction":[{"@type":"SearchAction","target":{"@type":"EntryPoint","urlTemplate":"https:\/\/agenciainfra.com\/blog\/?s={search_term_string}"},"query-input":{"@type":"PropertyValueSpecification","valueRequired":true,"valueName":"search_term_string"}}],"inLanguage":"pt-BR"},{"@type":"Organization","@id":"https:\/\/agenciainfra.com\/blog\/#organization","name":"Ag\u00eancia iNFRA","url":"https:\/\/agenciainfra.com\/blog\/","logo":{"@type":"ImageObject","inLanguage":"pt-BR","@id":"https:\/\/agenciainfra.com\/blog\/#\/schema\/logo\/image\/","url":"https:\/\/agenciainfra.com\/blog\/wp-content\/uploads\/2023\/09\/iNFRA_5-e1761735885940.png","contentUrl":"https:\/\/agenciainfra.com\/blog\/wp-content\/uploads\/2023\/09\/iNFRA_5-e1761735885940.png","width":1672,"height":454,"caption":"Ag\u00eancia iNFRA"},"image":{"@id":"https:\/\/agenciainfra.com\/blog\/#\/schema\/logo\/image\/"},"sameAs":["https:\/\/www.facebook.com\/ageninfra","https:\/\/x.com\/agencia_infra","https:\/\/www.linkedin.com\/company\/ag\u00eanciainfra\/","https:\/\/www.instagram.com\/agenciainfra\/"]},{"@type":"Person","@id":"https:\/\/agenciainfra.com\/blog\/#\/schema\/person\/34af08dff6adea4cb22b06612ba7acfa","name":"Ag\u00eancia iNFRA","image":{"@type":"ImageObject","inLanguage":"pt-BR","@id":"https:\/\/agenciainfra.com\/blog\/#\/schema\/person\/image\/","url":"https:\/\/secure.gravatar.com\/avatar\/d189e01678f06d8eb84d4e01f08eb848b3fffe3f8443818d3c356c66892f5be8?s=96&d=mm&r=g","contentUrl":"https:\/\/secure.gravatar.com\/avatar\/d189e01678f06d8eb84d4e01f08eb848b3fffe3f8443818d3c356c66892f5be8?s=96&d=mm&r=g","caption":"Ag\u00eancia iNFRA"},"url":"https:\/\/agenciainfra.com\/blog\/author\/admin\/"}]}},"_links":{"self":[{"href":"https:\/\/agenciainfra.com\/blog\/wp-json\/wp\/v2\/posts\/26834","targetHints":{"allow":["GET"]}}],"collection":[{"href":"https:\/\/agenciainfra.com\/blog\/wp-json\/wp\/v2\/posts"}],"about":[{"href":"https:\/\/agenciainfra.com\/blog\/wp-json\/wp\/v2\/types\/post"}],"author":[{"embeddable":true,"href":"https:\/\/agenciainfra.com\/blog\/wp-json\/wp\/v2\/users\/1"}],"replies":[{"embeddable":true,"href":"https:\/\/agenciainfra.com\/blog\/wp-json\/wp\/v2\/comments?post=26834"}],"version-history":[{"count":3,"href":"https:\/\/agenciainfra.com\/blog\/wp-json\/wp\/v2\/posts\/26834\/revisions"}],"predecessor-version":[{"id":26842,"href":"https:\/\/agenciainfra.com\/blog\/wp-json\/wp\/v2\/posts\/26834\/revisions\/26842"}],"wp:featuredmedia":[{"embeddable":true,"href":"https:\/\/agenciainfra.com\/blog\/wp-json\/wp\/v2\/media\/25663"}],"wp:attachment":[{"href":"https:\/\/agenciainfra.com\/blog\/wp-json\/wp\/v2\/media?parent=26834"}],"wp:term":[{"taxonomy":"category","embeddable":true,"href":"https:\/\/agenciainfra.com\/blog\/wp-json\/wp\/v2\/categories?post=26834"},{"taxonomy":"post_tag","embeddable":true,"href":"https:\/\/agenciainfra.com\/blog\/wp-json\/wp\/v2\/tags?post=26834"}],"curies":[{"name":"wp","href":"https:\/\/api.w.org\/{rel}","templated":true}]}}