{"id":26843,"date":"2025-08-28T08:08:38","date_gmt":"2025-08-28T11:08:38","guid":{"rendered":"https:\/\/agenciainfra.com\/blog\/?p=26843"},"modified":"2025-08-28T16:05:45","modified_gmt":"2025-08-28T19:05:45","slug":"exigencias-sobre-leilao-do-tunel-santos-guaruja-nao-afetam-cronograma","status":"publish","type":"post","link":"https:\/\/agenciainfra.com\/blog\/exigencias-sobre-leilao-do-tunel-santos-guaruja-nao-afetam-cronograma\/","title":{"rendered":"Exig\u00eancias sobre leil\u00e3o do t\u00fanel Santos-Guaruj\u00e1 n\u00e3o afetam cronograma"},"content":{"rendered":"\n<p class=\"has-text-align-right\"><strong>da Ag\u00eancia iNFRA<\/strong><\/p>\n\n\n\n<p>O TCU (Tribunal de Contas da Uni\u00e3o) realizou nesta quarta-feira (27) reuni\u00e3o para discutir os aprimoramentos \u00e0 modelagem do conv\u00eanio de delega\u00e7\u00e3o da PPP (Parceria P\u00fablico-Privada) do t\u00fanel Santos-Guaruj\u00e1. Conduzida pelo ministro relator do caso no tribunal, Bruno Dantas, o encontro reuniu representantes do governo federal, do governo de S\u00e3o Paulo e da APS (Autoridade Portu\u00e1ria de Santos) e tratou das condicionantes estabelecidas pelo \u00f3rg\u00e3o de controle ao projeto.\u00a0<br><br>No processo, Dantas determinou que os ajustes sejam feitos no conv\u00eanio de delega\u00e7\u00e3o que foi firmado para o empreendimento, que devem ser cumpridos antes da libera\u00e7\u00e3o de recursos federais. &#8220;O ministro Bruno Dantas ressaltou, contudo, que a atua\u00e7\u00e3o preventiva do TCU n\u00e3o implicar\u00e1 em qualquer altera\u00e7\u00e3o do cronograma do leil\u00e3o, previsto para o dia 5 de setembro de 2025, nem em modifica\u00e7\u00f5es no edital j\u00e1 publicado&#8221;, disse a corte em nota.\u00a0<br><br>Como <a href=\"https:\/\/agenciainfra.com\/blog\/tcu-pede-explicacao-sobre-fragilidade-em-projeto-do-tunel-santos-guaruja\/\">mostrou<\/a> a\u00a0<strong>Ag\u00eancia iNFRA<\/strong>, na semana passada, Dantas havia determinado que os envolvidos no projeto se manifestassem sobre \u201cpotenciais fragilidades\u201d na modelagem do empreedimento. Na ocasi\u00e3o, a interven\u00e7\u00e3o foi classificada\u00a0pelo governo de S\u00e3o Paulo como \u201cparte natural\u201d do processo.<br><br>O despacho de Dantas teve como base um\u00a0relat\u00f3rio da AudPortoFerrovia (Unidade de Auditoria Especializada em Infraestrutura Portu\u00e1ria\u00a0e Ferrovi\u00e1ria) da corte. Os auditores do TCU levantaram, por exemplo, que a modelagem prev\u00ea revers\u00e3o exclusiva da titularidade ao estado de S\u00e3o Paulo ao fim da concess\u00e3o, apesar de a obra se situar integralmente sobre bens da Uni\u00e3o e contar com aporte federal \u201crelevante\u201d. \u00a0<br><br>\u201cA previs\u00e3o contraria o entendimento da Secretaria do Patrim\u00f4nio da Uni\u00e3o (SPU), segundo o qual o ativo deve reverter \u00e0 Uni\u00e3o, e impede a classifica\u00e7\u00e3o do aporte da APS como investimento\u201d, descreve o despacho do ministro sobre a avalia\u00e7\u00e3o da unidade do tribunal.<\/p>\n","protected":false},"excerpt":{"rendered":"<p>da Ag\u00eancia iNFRA O TCU (Tribunal de Contas da Uni\u00e3o) realizou nesta quarta-feira (27) reuni\u00e3o para discutir os aprimoramentos \u00e0 modelagem do conv\u00eanio de delega\u00e7\u00e3o da PPP (Parceria P\u00fablico-Privada) do t\u00fanel Santos-Guaruj\u00e1. Conduzida pelo ministro relator do caso no tribunal, Bruno Dantas, o encontro reuniu representantes do governo federal, do governo de S\u00e3o Paulo e [&hellip;]<\/p>\n","protected":false},"author":1,"featured_media":26844,"comment_status":"closed","ping_status":"closed","sticky":false,"template":"","format":"standard","meta":{"_monsterinsights_skip_tracking":false,"_monsterinsights_sitenote_active":false,"_monsterinsights_sitenote_note":"","_monsterinsights_sitenote_category":0,"footnotes":""},"categories":[7250,1,7],"tags":[6854,4918,396,260,18,927,5535],"class_list":["post-26843","post","type-post","status-publish","format-standard","has-post-thumbnail","hentry","category-destaque-lista","category-geral","category-infratransporte","tag-aps","tag-autoridade-portuaria-de-santos","tag-bruno-dantas","tag-porto-de-santos","tag-tcu","tag-tribunal-de-contas-da-uniao","tag-tunel-santos-guaruja"],"yoast_head":"<!-- This site is optimized with the Yoast SEO Premium plugin v25.4 (Yoast SEO v26.0) - https:\/\/yoast.com\/wordpress\/plugins\/seo\/ -->\n<title>Exig\u00eancias sobre leil\u00e3o do t\u00fanel Santos-Guaruj\u00e1 n\u00e3o afetam cronograma - Ag\u00eancia iNFRA<\/title>\n<meta name=\"robots\" content=\"index, follow, max-snippet:-1, max-image-preview:large, max-video-preview:-1\" \/>\n<link rel=\"canonical\" href=\"https:\/\/agenciainfra.com\/blog\/exigencias-sobre-leilao-do-tunel-santos-guaruja-nao-afetam-cronograma\/\" \/>\n<meta property=\"og:locale\" content=\"pt_BR\" \/>\n<meta property=\"og:type\" content=\"article\" \/>\n<meta property=\"og:title\" content=\"Exig\u00eancias sobre leil\u00e3o do t\u00fanel Santos-Guaruj\u00e1 n\u00e3o afetam cronograma\" \/>\n<meta property=\"og:description\" content=\"da Ag\u00eancia iNFRA O TCU (Tribunal de Contas da Uni\u00e3o) realizou nesta quarta-feira (27) reuni\u00e3o para discutir os aprimoramentos \u00e0 modelagem do conv\u00eanio de delega\u00e7\u00e3o da PPP (Parceria P\u00fablico-Privada) do t\u00fanel Santos-Guaruj\u00e1. Conduzida pelo ministro relator do caso no tribunal, Bruno Dantas, o encontro reuniu representantes do governo federal, do governo de S\u00e3o Paulo e [&hellip;]\" \/>\n<meta property=\"og:url\" content=\"https:\/\/agenciainfra.com\/blog\/exigencias-sobre-leilao-do-tunel-santos-guaruja-nao-afetam-cronograma\/\" \/>\n<meta property=\"og:site_name\" content=\"Ag\u00eancia iNFRA\" \/>\n<meta property=\"article:publisher\" content=\"https:\/\/www.facebook.com\/ageninfra\" \/>\n<meta property=\"article:published_time\" content=\"2025-08-28T11:08:38+00:00\" \/>\n<meta property=\"article:modified_time\" content=\"2025-08-28T19:05:45+00:00\" \/>\n<meta property=\"og:image\" content=\"https:\/\/agenciainfra.com\/blog\/wp-content\/uploads\/2025\/08\/porto-de-santos-foto-ricardo-stuckert-presidencia-da-republica.jpg\" \/>\n\t<meta property=\"og:image:width\" content=\"1280\" \/>\n\t<meta property=\"og:image:height\" content=\"745\" \/>\n\t<meta property=\"og:image:type\" content=\"image\/jpeg\" \/>\n<meta name=\"author\" content=\"Ag\u00eancia iNFRA\" \/>\n<meta name=\"twitter:card\" content=\"summary_large_image\" \/>\n<meta name=\"twitter:creator\" content=\"@agencia_infra\" \/>\n<meta name=\"twitter:site\" content=\"@agencia_infra\" \/>\n<meta name=\"twitter:label1\" content=\"Escrito por\" \/>\n\t<meta name=\"twitter:data1\" content=\"Ag\u00eancia iNFRA\" \/>\n\t<meta name=\"twitter:label2\" content=\"Est. tempo de leitura\" \/>\n\t<meta name=\"twitter:data2\" content=\"2 minutos\" \/>\n<script type=\"application\/ld+json\" class=\"yoast-schema-graph\">{\"@context\":\"https:\/\/schema.org\",\"@graph\":[{\"@type\":\"Article\",\"@id\":\"https:\/\/agenciainfra.com\/blog\/exigencias-sobre-leilao-do-tunel-santos-guaruja-nao-afetam-cronograma\/#article\",\"isPartOf\":{\"@id\":\"https:\/\/agenciainfra.com\/blog\/exigencias-sobre-leilao-do-tunel-santos-guaruja-nao-afetam-cronograma\/\"},\"author\":{\"name\":\"Ag\u00eancia iNFRA\",\"@id\":\"https:\/\/agenciainfra.com\/blog\/#\/schema\/person\/34af08dff6adea4cb22b06612ba7acfa\"},\"headline\":\"Exig\u00eancias sobre leil\u00e3o do t\u00fanel Santos-Guaruj\u00e1 n\u00e3o afetam cronograma\",\"datePublished\":\"2025-08-28T11:08:38+00:00\",\"dateModified\":\"2025-08-28T19:05:45+00:00\",\"mainEntityOfPage\":{\"@id\":\"https:\/\/agenciainfra.com\/blog\/exigencias-sobre-leilao-do-tunel-santos-guaruja-nao-afetam-cronograma\/\"},\"wordCount\":333,\"publisher\":{\"@id\":\"https:\/\/agenciainfra.com\/blog\/#organization\"},\"image\":{\"@id\":\"https:\/\/agenciainfra.com\/blog\/exigencias-sobre-leilao-do-tunel-santos-guaruja-nao-afetam-cronograma\/#primaryimage\"},\"thumbnailUrl\":\"https:\/\/agenciainfra.com\/blog\/wp-content\/uploads\/2025\/08\/porto-de-santos-foto-ricardo-stuckert-presidencia-da-republica.jpg\",\"keywords\":[\"APS\",\"Autoridade Portu\u00e1ria de Santos\",\"Bruno Dantas\",\"Porto de Santos\",\"TCU\",\"Tribunal de Contas da Uni\u00e3o\",\"t\u00fanel Santos-Guaruj\u00e1\"],\"articleSection\":[\"Destaque lista\",\"Geral\",\"iNFRATransporte\"],\"inLanguage\":\"pt-BR\",\"copyrightYear\":\"2025\",\"copyrightHolder\":{\"@id\":\"https:\/\/agenciainfra.com\/blog\/#organization\"}},{\"@type\":\"WebPage\",\"@id\":\"https:\/\/agenciainfra.com\/blog\/exigencias-sobre-leilao-do-tunel-santos-guaruja-nao-afetam-cronograma\/\",\"url\":\"https:\/\/agenciainfra.com\/blog\/exigencias-sobre-leilao-do-tunel-santos-guaruja-nao-afetam-cronograma\/\",\"name\":\"Exig\u00eancias sobre leil\u00e3o do t\u00fanel Santos-Guaruj\u00e1 n\u00e3o afetam cronograma - Ag\u00eancia iNFRA\",\"isPartOf\":{\"@id\":\"https:\/\/agenciainfra.com\/blog\/#website\"},\"primaryImageOfPage\":{\"@id\":\"https:\/\/agenciainfra.com\/blog\/exigencias-sobre-leilao-do-tunel-santos-guaruja-nao-afetam-cronograma\/#primaryimage\"},\"image\":{\"@id\":\"https:\/\/agenciainfra.com\/blog\/exigencias-sobre-leilao-do-tunel-santos-guaruja-nao-afetam-cronograma\/#primaryimage\"},\"thumbnailUrl\":\"https:\/\/agenciainfra.com\/blog\/wp-content\/uploads\/2025\/08\/porto-de-santos-foto-ricardo-stuckert-presidencia-da-republica.jpg\",\"datePublished\":\"2025-08-28T11:08:38+00:00\",\"dateModified\":\"2025-08-28T19:05:45+00:00\",\"breadcrumb\":{\"@id\":\"https:\/\/agenciainfra.com\/blog\/exigencias-sobre-leilao-do-tunel-santos-guaruja-nao-afetam-cronograma\/#breadcrumb\"},\"inLanguage\":\"pt-BR\",\"potentialAction\":[{\"@type\":\"ReadAction\",\"target\":[\"https:\/\/agenciainfra.com\/blog\/exigencias-sobre-leilao-do-tunel-santos-guaruja-nao-afetam-cronograma\/\"]}]},{\"@type\":\"ImageObject\",\"inLanguage\":\"pt-BR\",\"@id\":\"https:\/\/agenciainfra.com\/blog\/exigencias-sobre-leilao-do-tunel-santos-guaruja-nao-afetam-cronograma\/#primaryimage\",\"url\":\"https:\/\/agenciainfra.com\/blog\/wp-content\/uploads\/2025\/08\/porto-de-santos-foto-ricardo-stuckert-presidencia-da-republica.jpg\",\"contentUrl\":\"https:\/\/agenciainfra.com\/blog\/wp-content\/uploads\/2025\/08\/porto-de-santos-foto-ricardo-stuckert-presidencia-da-republica.jpg\",\"width\":1280,\"height\":745,\"caption\":\"Foto: Ricardo Stuckert\/Presid\u00eancia da Rep\u00fablica\"},{\"@type\":\"BreadcrumbList\",\"@id\":\"https:\/\/agenciainfra.com\/blog\/exigencias-sobre-leilao-do-tunel-santos-guaruja-nao-afetam-cronograma\/#breadcrumb\",\"itemListElement\":[{\"@type\":\"ListItem\",\"position\":1,\"name\":\"In\u00edcio\",\"item\":\"https:\/\/agenciainfra.com\/blog\/\"},{\"@type\":\"ListItem\",\"position\":2,\"name\":\"Exig\u00eancias sobre leil\u00e3o do t\u00fanel Santos-Guaruj\u00e1 n\u00e3o afetam cronograma\"}]},{\"@type\":\"WebSite\",\"@id\":\"https:\/\/agenciainfra.com\/blog\/#website\",\"url\":\"https:\/\/agenciainfra.com\/blog\/\",\"name\":\"Ag\u00eancia iNFRA\",\"description\":\"Multiplataforma de informa\u00e7\u00e3o jornal\u00edstica refer\u00eancia na \u00e1rea de infraestrutura no Brasil!\",\"publisher\":{\"@id\":\"https:\/\/agenciainfra.com\/blog\/#organization\"},\"potentialAction\":[{\"@type\":\"SearchAction\",\"target\":{\"@type\":\"EntryPoint\",\"urlTemplate\":\"https:\/\/agenciainfra.com\/blog\/?s={search_term_string}\"},\"query-input\":{\"@type\":\"PropertyValueSpecification\",\"valueRequired\":true,\"valueName\":\"search_term_string\"}}],\"inLanguage\":\"pt-BR\"},{\"@type\":\"Organization\",\"@id\":\"https:\/\/agenciainfra.com\/blog\/#organization\",\"name\":\"Ag\u00eancia iNFRA\",\"url\":\"https:\/\/agenciainfra.com\/blog\/\",\"logo\":{\"@type\":\"ImageObject\",\"inLanguage\":\"pt-BR\",\"@id\":\"https:\/\/agenciainfra.com\/blog\/#\/schema\/logo\/image\/\",\"url\":\"https:\/\/agenciainfra.com\/blog\/wp-content\/uploads\/2023\/09\/iNFRA_5-e1761735885940.png\",\"contentUrl\":\"https:\/\/agenciainfra.com\/blog\/wp-content\/uploads\/2023\/09\/iNFRA_5-e1761735885940.png\",\"width\":1672,\"height\":454,\"caption\":\"Ag\u00eancia iNFRA\"},\"image\":{\"@id\":\"https:\/\/agenciainfra.com\/blog\/#\/schema\/logo\/image\/\"},\"sameAs\":[\"https:\/\/www.facebook.com\/ageninfra\",\"https:\/\/x.com\/agencia_infra\",\"https:\/\/www.linkedin.com\/company\/ag\u00eanciainfra\/\",\"https:\/\/www.instagram.com\/agenciainfra\/\"]},{\"@type\":\"Person\",\"@id\":\"https:\/\/agenciainfra.com\/blog\/#\/schema\/person\/34af08dff6adea4cb22b06612ba7acfa\",\"name\":\"Ag\u00eancia iNFRA\",\"image\":{\"@type\":\"ImageObject\",\"inLanguage\":\"pt-BR\",\"@id\":\"https:\/\/agenciainfra.com\/blog\/#\/schema\/person\/image\/\",\"url\":\"https:\/\/secure.gravatar.com\/avatar\/d189e01678f06d8eb84d4e01f08eb848b3fffe3f8443818d3c356c66892f5be8?s=96&d=mm&r=g\",\"contentUrl\":\"https:\/\/secure.gravatar.com\/avatar\/d189e01678f06d8eb84d4e01f08eb848b3fffe3f8443818d3c356c66892f5be8?s=96&d=mm&r=g\",\"caption\":\"Ag\u00eancia iNFRA\"},\"url\":\"https:\/\/agenciainfra.com\/blog\/author\/admin\/\"}]}<\/script>\n<!-- \/ Yoast SEO Premium plugin. -->","yoast_head_json":{"title":"Exig\u00eancias sobre leil\u00e3o do t\u00fanel Santos-Guaruj\u00e1 n\u00e3o afetam cronograma - Ag\u00eancia iNFRA","robots":{"index":"index","follow":"follow","max-snippet":"max-snippet:-1","max-image-preview":"max-image-preview:large","max-video-preview":"max-video-preview:-1"},"canonical":"https:\/\/agenciainfra.com\/blog\/exigencias-sobre-leilao-do-tunel-santos-guaruja-nao-afetam-cronograma\/","og_locale":"pt_BR","og_type":"article","og_title":"Exig\u00eancias sobre leil\u00e3o do t\u00fanel Santos-Guaruj\u00e1 n\u00e3o afetam cronograma","og_description":"da Ag\u00eancia iNFRA O TCU (Tribunal de Contas da Uni\u00e3o) realizou nesta quarta-feira (27) reuni\u00e3o para discutir os aprimoramentos \u00e0 modelagem do conv\u00eanio de delega\u00e7\u00e3o da PPP (Parceria P\u00fablico-Privada) do t\u00fanel Santos-Guaruj\u00e1. Conduzida pelo ministro relator do caso no tribunal, Bruno Dantas, o encontro reuniu representantes do governo federal, do governo de S\u00e3o Paulo e [&hellip;]","og_url":"https:\/\/agenciainfra.com\/blog\/exigencias-sobre-leilao-do-tunel-santos-guaruja-nao-afetam-cronograma\/","og_site_name":"Ag\u00eancia iNFRA","article_publisher":"https:\/\/www.facebook.com\/ageninfra","article_published_time":"2025-08-28T11:08:38+00:00","article_modified_time":"2025-08-28T19:05:45+00:00","og_image":[{"width":1280,"height":745,"url":"https:\/\/agenciainfra.com\/blog\/wp-content\/uploads\/2025\/08\/porto-de-santos-foto-ricardo-stuckert-presidencia-da-republica.jpg","type":"image\/jpeg"}],"author":"Ag\u00eancia iNFRA","twitter_card":"summary_large_image","twitter_creator":"@agencia_infra","twitter_site":"@agencia_infra","twitter_misc":{"Escrito por":"Ag\u00eancia iNFRA","Est. tempo de leitura":"2 minutos"},"schema":{"@context":"https:\/\/schema.org","@graph":[{"@type":"Article","@id":"https:\/\/agenciainfra.com\/blog\/exigencias-sobre-leilao-do-tunel-santos-guaruja-nao-afetam-cronograma\/#article","isPartOf":{"@id":"https:\/\/agenciainfra.com\/blog\/exigencias-sobre-leilao-do-tunel-santos-guaruja-nao-afetam-cronograma\/"},"author":{"name":"Ag\u00eancia iNFRA","@id":"https:\/\/agenciainfra.com\/blog\/#\/schema\/person\/34af08dff6adea4cb22b06612ba7acfa"},"headline":"Exig\u00eancias sobre leil\u00e3o do t\u00fanel Santos-Guaruj\u00e1 n\u00e3o afetam cronograma","datePublished":"2025-08-28T11:08:38+00:00","dateModified":"2025-08-28T19:05:45+00:00","mainEntityOfPage":{"@id":"https:\/\/agenciainfra.com\/blog\/exigencias-sobre-leilao-do-tunel-santos-guaruja-nao-afetam-cronograma\/"},"wordCount":333,"publisher":{"@id":"https:\/\/agenciainfra.com\/blog\/#organization"},"image":{"@id":"https:\/\/agenciainfra.com\/blog\/exigencias-sobre-leilao-do-tunel-santos-guaruja-nao-afetam-cronograma\/#primaryimage"},"thumbnailUrl":"https:\/\/agenciainfra.com\/blog\/wp-content\/uploads\/2025\/08\/porto-de-santos-foto-ricardo-stuckert-presidencia-da-republica.jpg","keywords":["APS","Autoridade Portu\u00e1ria de Santos","Bruno Dantas","Porto de Santos","TCU","Tribunal de Contas da Uni\u00e3o","t\u00fanel Santos-Guaruj\u00e1"],"articleSection":["Destaque lista","Geral","iNFRATransporte"],"inLanguage":"pt-BR","copyrightYear":"2025","copyrightHolder":{"@id":"https:\/\/agenciainfra.com\/blog\/#organization"}},{"@type":"WebPage","@id":"https:\/\/agenciainfra.com\/blog\/exigencias-sobre-leilao-do-tunel-santos-guaruja-nao-afetam-cronograma\/","url":"https:\/\/agenciainfra.com\/blog\/exigencias-sobre-leilao-do-tunel-santos-guaruja-nao-afetam-cronograma\/","name":"Exig\u00eancias sobre leil\u00e3o do t\u00fanel Santos-Guaruj\u00e1 n\u00e3o afetam cronograma - Ag\u00eancia iNFRA","isPartOf":{"@id":"https:\/\/agenciainfra.com\/blog\/#website"},"primaryImageOfPage":{"@id":"https:\/\/agenciainfra.com\/blog\/exigencias-sobre-leilao-do-tunel-santos-guaruja-nao-afetam-cronograma\/#primaryimage"},"image":{"@id":"https:\/\/agenciainfra.com\/blog\/exigencias-sobre-leilao-do-tunel-santos-guaruja-nao-afetam-cronograma\/#primaryimage"},"thumbnailUrl":"https:\/\/agenciainfra.com\/blog\/wp-content\/uploads\/2025\/08\/porto-de-santos-foto-ricardo-stuckert-presidencia-da-republica.jpg","datePublished":"2025-08-28T11:08:38+00:00","dateModified":"2025-08-28T19:05:45+00:00","breadcrumb":{"@id":"https:\/\/agenciainfra.com\/blog\/exigencias-sobre-leilao-do-tunel-santos-guaruja-nao-afetam-cronograma\/#breadcrumb"},"inLanguage":"pt-BR","potentialAction":[{"@type":"ReadAction","target":["https:\/\/agenciainfra.com\/blog\/exigencias-sobre-leilao-do-tunel-santos-guaruja-nao-afetam-cronograma\/"]}]},{"@type":"ImageObject","inLanguage":"pt-BR","@id":"https:\/\/agenciainfra.com\/blog\/exigencias-sobre-leilao-do-tunel-santos-guaruja-nao-afetam-cronograma\/#primaryimage","url":"https:\/\/agenciainfra.com\/blog\/wp-content\/uploads\/2025\/08\/porto-de-santos-foto-ricardo-stuckert-presidencia-da-republica.jpg","contentUrl":"https:\/\/agenciainfra.com\/blog\/wp-content\/uploads\/2025\/08\/porto-de-santos-foto-ricardo-stuckert-presidencia-da-republica.jpg","width":1280,"height":745,"caption":"Foto: Ricardo Stuckert\/Presid\u00eancia da Rep\u00fablica"},{"@type":"BreadcrumbList","@id":"https:\/\/agenciainfra.com\/blog\/exigencias-sobre-leilao-do-tunel-santos-guaruja-nao-afetam-cronograma\/#breadcrumb","itemListElement":[{"@type":"ListItem","position":1,"name":"In\u00edcio","item":"https:\/\/agenciainfra.com\/blog\/"},{"@type":"ListItem","position":2,"name":"Exig\u00eancias sobre leil\u00e3o do t\u00fanel Santos-Guaruj\u00e1 n\u00e3o afetam cronograma"}]},{"@type":"WebSite","@id":"https:\/\/agenciainfra.com\/blog\/#website","url":"https:\/\/agenciainfra.com\/blog\/","name":"Ag\u00eancia iNFRA","description":"Multiplataforma de informa\u00e7\u00e3o jornal\u00edstica refer\u00eancia na \u00e1rea de infraestrutura no Brasil!","publisher":{"@id":"https:\/\/agenciainfra.com\/blog\/#organization"},"potentialAction":[{"@type":"SearchAction","target":{"@type":"EntryPoint","urlTemplate":"https:\/\/agenciainfra.com\/blog\/?s={search_term_string}"},"query-input":{"@type":"PropertyValueSpecification","valueRequired":true,"valueName":"search_term_string"}}],"inLanguage":"pt-BR"},{"@type":"Organization","@id":"https:\/\/agenciainfra.com\/blog\/#organization","name":"Ag\u00eancia iNFRA","url":"https:\/\/agenciainfra.com\/blog\/","logo":{"@type":"ImageObject","inLanguage":"pt-BR","@id":"https:\/\/agenciainfra.com\/blog\/#\/schema\/logo\/image\/","url":"https:\/\/agenciainfra.com\/blog\/wp-content\/uploads\/2023\/09\/iNFRA_5-e1761735885940.png","contentUrl":"https:\/\/agenciainfra.com\/blog\/wp-content\/uploads\/2023\/09\/iNFRA_5-e1761735885940.png","width":1672,"height":454,"caption":"Ag\u00eancia iNFRA"},"image":{"@id":"https:\/\/agenciainfra.com\/blog\/#\/schema\/logo\/image\/"},"sameAs":["https:\/\/www.facebook.com\/ageninfra","https:\/\/x.com\/agencia_infra","https:\/\/www.linkedin.com\/company\/ag\u00eanciainfra\/","https:\/\/www.instagram.com\/agenciainfra\/"]},{"@type":"Person","@id":"https:\/\/agenciainfra.com\/blog\/#\/schema\/person\/34af08dff6adea4cb22b06612ba7acfa","name":"Ag\u00eancia iNFRA","image":{"@type":"ImageObject","inLanguage":"pt-BR","@id":"https:\/\/agenciainfra.com\/blog\/#\/schema\/person\/image\/","url":"https:\/\/secure.gravatar.com\/avatar\/d189e01678f06d8eb84d4e01f08eb848b3fffe3f8443818d3c356c66892f5be8?s=96&d=mm&r=g","contentUrl":"https:\/\/secure.gravatar.com\/avatar\/d189e01678f06d8eb84d4e01f08eb848b3fffe3f8443818d3c356c66892f5be8?s=96&d=mm&r=g","caption":"Ag\u00eancia iNFRA"},"url":"https:\/\/agenciainfra.com\/blog\/author\/admin\/"}]}},"_links":{"self":[{"href":"https:\/\/agenciainfra.com\/blog\/wp-json\/wp\/v2\/posts\/26843","targetHints":{"allow":["GET"]}}],"collection":[{"href":"https:\/\/agenciainfra.com\/blog\/wp-json\/wp\/v2\/posts"}],"about":[{"href":"https:\/\/agenciainfra.com\/blog\/wp-json\/wp\/v2\/types\/post"}],"author":[{"embeddable":true,"href":"https:\/\/agenciainfra.com\/blog\/wp-json\/wp\/v2\/users\/1"}],"replies":[{"embeddable":true,"href":"https:\/\/agenciainfra.com\/blog\/wp-json\/wp\/v2\/comments?post=26843"}],"version-history":[{"count":1,"href":"https:\/\/agenciainfra.com\/blog\/wp-json\/wp\/v2\/posts\/26843\/revisions"}],"predecessor-version":[{"id":26845,"href":"https:\/\/agenciainfra.com\/blog\/wp-json\/wp\/v2\/posts\/26843\/revisions\/26845"}],"wp:featuredmedia":[{"embeddable":true,"href":"https:\/\/agenciainfra.com\/blog\/wp-json\/wp\/v2\/media\/26844"}],"wp:attachment":[{"href":"https:\/\/agenciainfra.com\/blog\/wp-json\/wp\/v2\/media?parent=26843"}],"wp:term":[{"taxonomy":"category","embeddable":true,"href":"https:\/\/agenciainfra.com\/blog\/wp-json\/wp\/v2\/categories?post=26843"},{"taxonomy":"post_tag","embeddable":true,"href":"https:\/\/agenciainfra.com\/blog\/wp-json\/wp\/v2\/tags?post=26843"}],"curies":[{"name":"wp","href":"https:\/\/api.w.org\/{rel}","templated":true}]}}