{"id":26846,"date":"2025-08-28T09:15:52","date_gmt":"2025-08-28T12:15:52","guid":{"rendered":"https:\/\/agenciainfra.com\/blog\/?p=26846"},"modified":"2025-08-28T16:06:24","modified_gmt":"2025-08-28T19:06:24","slug":"concessao-do-metro-em-recife-deve-focar-populacao-nao-o-funcionario","status":"publish","type":"post","link":"https:\/\/agenciainfra.com\/blog\/concessao-do-metro-em-recife-deve-focar-populacao-nao-o-funcionario\/","title":{"rendered":"&#8216;Concess\u00e3o do metr\u00f4 em Recife deve focar popula\u00e7\u00e3o, n\u00e3o o funcion\u00e1rio&#8217;"},"content":{"rendered":"\n<p class=\"has-text-align-right\"><strong>da Ag\u00eancia iNFRA<\/strong><\/p>\n\n\n\n<p>O ministro da Casa Civil, Rui Costa, disse nesta quarta-feira (27) que o foco do projeto de concess\u00e3o do metr\u00f4 de Recife (PE), hoje operado\u00a0pela CBTU (Companhia Brasileira de Trens Urbanos), deve ser a popula\u00e7\u00e3o atendida. \u201cO foco n\u00e3o pode ser o funcion\u00e1rio, seja ele p\u00fablico ou privado. O foco tem que ser a popula\u00e7\u00e3o. N\u00e3o pode ser o funcion\u00e1rio p\u00fablico e n\u00e3o pode ser a empresa\u201d, afirmou\u00a0Costa em refer\u00eancia a cr\u00edticas de funcion\u00e1rios da CBTU ao projeto.\u00a0<br><br>Tanto Costa quanto o ministro das Cidades, Jader Filho, indicaram que a iniciativa de concess\u00e3o est\u00e1 caminhando dentro do governo. \u201cN\u00f3s precisamos da seguran\u00e7a jur\u00eddica para poder trazer recursos, criar PPP [Parceria P\u00fablico-Privada] e fazer outros investimentos, concess\u00f5es, como n\u00f3s estamos agora em curso, por exemplo, com a concess\u00e3o do transporte do metr\u00f4 de Recife\u201d, disse Jader.<br><br>As declara\u00e7\u00f5es foram dadas durante o Conex\u00e3o ANPTrilhos 2025, realizado em Bras\u00edlia pela ANPTrilhos (Associa\u00e7\u00e3o Nacional dos Transportadores de Passageiros sobre Trilhos), cuja transmiss\u00e3o pode ser vista\u00a0<a href=\"https:\/\/agenciainfra.us14.list-manage.com\/track\/click?u=d460dd1bcf9ba0ae040e1fc0f&amp;id=390afd93da&amp;e=c099169394\" target=\"_blank\" rel=\"noreferrer noopener\">neste link<\/a>.<br><br>A concess\u00e3o do metr\u00f4 que atende a regi\u00e3o metropolitana de Recife teve as condi\u00e7\u00f5es aprovadas em maio pelo CPPI (Conselho do Programa de Parcerias de Investimentos) da Casa Civil. Os estudos ser\u00e3o de responsabilidade do BNDES (Banco Nacional de Desenvolvimento Social e Econ\u00f4mico) e a ideia \u00e9 que o projeto seja uma PPP (Parceria P\u00fablico-Privada).<br><br>Costa mencionou tamb\u00e9m que o sistema atualmente ofertado \u00e9 um exemplo do que n\u00e3o deve ser oferecido ao cidad\u00e3o, al\u00e9m de ter um custo \u201calt\u00edssimo\u201d para a Uni\u00e3o em subs\u00eddios e para o estado de Pernambuco. Segundo o ministro,\u00a0o transporte p\u00fablico da regi\u00e3o hoje consome cerca de R$ 1,3 bilh\u00e3o, entre o que a Uni\u00e3o e o estado precisam aportar. \u201cIsso por um transporte de \u00f4nibus e metr\u00f4 de VLT de p\u00e9ssima qualidade, p\u00e9ssimo para a popula\u00e7\u00e3o. Ent\u00e3o, est\u00e1 tudo errado\u201d, afirmou o ministro da Casa Civil.\u00a0<br><br>Com o avan\u00e7o do plano, h\u00e1 grande chance de o leil\u00e3o ocorrer no fim do pr\u00f3ximo ano, \u00faltimo do mandato atual do presidente Luiz In\u00e1cio Lula da Silva. O metr\u00f4 de Belo Horizonte passou por processo semelhante durante o governo Bolsonaro, com leil\u00e3o realizado em dezembro de 2022, no final da gest\u00e3o passada. Quando Lula assumiu, houve press\u00e3o do PT e\u00a0dos trabalhadores da CBTU para o governo petista interromper o processo, mas a concess\u00e3o segue mantida.\u00a0<br><br>Durante o evento da ANPTrilhos, o ministro da Casa Civil fez ainda um \u201calerta\u201d aos empres\u00e1rios\u00a0de \u00f4nibus de\u00a0transporte p\u00fablico sobre a necessidade de integra\u00e7\u00e3o do sistema atual. \u201cEu alerto o sistema de \u00f4nibus. Eu tenho dito aos empres\u00e1rios de \u00f4nibus, se definitivamente n\u00f3s n\u00e3o integrarmos\u00a0o sistema de \u00f4nibus, j\u00e1 j\u00e1 vai ficar mais barato integrar com outro modelo desses aplicativos de servi\u00e7os, porque assim j\u00e1 \u00e9 feito em outros pa\u00edses. Ent\u00e3o \u00e9 preciso pensar na \u00faltima milha de forma adequada e compatibilizando custos e a integra\u00e7\u00e3o\u201d, afirmou Costa.\u00a0<br><br>Jader Filho, das Cidades, tamb\u00e9m fez cr\u00edticas ao modelo atual de transporte de passageiros, que caminha para o colapso. \u201dO que n\u00f3s\u00a0mapeamos hoje l\u00e1 dentro do Minist\u00e9rio das Cidades\u00a0\u00e9 que, se n\u00e3o mudarmos essa rota, n\u00f3s estamos de fato a caminho de um colapso\u201d, disse o ministro, que ainda\u00a0mencionou a dificuldade gerada pela\u00a0baixa qualidade de projetos que eram apresentados ao governo federal, o que fez a pasta buscar estrutura\u00e7\u00f5es do\u00a0BNDES.\u00a0\u201cBNDES j\u00e1 chegou a conclus\u00e3o de 200 projetos que est\u00e3o sendo estruturados para as 21 regi\u00f5es metropolitanas espalhadas pelo Brasil\u201d, disse o ministro, indicando que as estimativas iniciais para investimentos giram entre os R$ 400 bilh\u00f5es e R$ 600 bilh\u00f5es nas pr\u00f3ximas tr\u00eas d\u00e9cadas.<\/p>\n","protected":false},"excerpt":{"rendered":"<p>da Ag\u00eancia iNFRA O ministro da Casa Civil, Rui Costa, disse nesta quarta-feira (27) que o foco do projeto de concess\u00e3o do metr\u00f4 de Recife (PE), hoje operado\u00a0pela CBTU (Companhia Brasileira de Trens Urbanos), deve ser a popula\u00e7\u00e3o atendida. \u201cO foco n\u00e3o pode ser o funcion\u00e1rio, seja ele p\u00fablico ou privado. O foco tem que [&hellip;]<\/p>\n","protected":false},"author":1,"featured_media":26847,"comment_status":"closed","ping_status":"closed","sticky":false,"template":"","format":"standard","meta":{"_monsterinsights_skip_tracking":false,"_monsterinsights_sitenote_active":false,"_monsterinsights_sitenote_note":"","_monsterinsights_sitenote_category":0,"footnotes":""},"categories":[7250,1,7],"tags":[2380,103,1344,3198,14788,6605,15029,786,479,2526],"class_list":["post-26846","post","type-post","status-publish","format-standard","has-post-thumbnail","hentry","category-destaque-lista","category-geral","category-infratransporte","tag-anptrilhos","tag-bndes","tag-casa-civil","tag-cbtu","tag-conexao-anptrilhos","tag-jader-filho","tag-metro-de-recife","tag-programa-de-parcerias-de-investimentos","tag-rui-costa","tag-transporte-de-passageiros"],"yoast_head":"<!-- This site is optimized with the Yoast SEO Premium plugin v25.4 (Yoast SEO v26.0) - https:\/\/yoast.com\/wordpress\/plugins\/seo\/ -->\n<title>&#039;Concess\u00e3o do metr\u00f4 em Recife deve focar popula\u00e7\u00e3o, n\u00e3o o funcion\u00e1rio&#039; - Ag\u00eancia iNFRA<\/title>\n<meta name=\"robots\" content=\"index, follow, max-snippet:-1, max-image-preview:large, max-video-preview:-1\" \/>\n<link rel=\"canonical\" href=\"https:\/\/agenciainfra.com\/blog\/concessao-do-metro-em-recife-deve-focar-populacao-nao-o-funcionario\/\" \/>\n<meta property=\"og:locale\" content=\"pt_BR\" \/>\n<meta property=\"og:type\" content=\"article\" \/>\n<meta property=\"og:title\" content=\"&#039;Concess\u00e3o do metr\u00f4 em Recife deve focar popula\u00e7\u00e3o, n\u00e3o o funcion\u00e1rio&#039;\" \/>\n<meta property=\"og:description\" content=\"da Ag\u00eancia iNFRA O ministro da Casa Civil, Rui Costa, disse nesta quarta-feira (27) que o foco do projeto de concess\u00e3o do metr\u00f4 de Recife (PE), hoje operado\u00a0pela CBTU (Companhia Brasileira de Trens Urbanos), deve ser a popula\u00e7\u00e3o atendida. \u201cO foco n\u00e3o pode ser o funcion\u00e1rio, seja ele p\u00fablico ou privado. O foco tem que [&hellip;]\" \/>\n<meta property=\"og:url\" content=\"https:\/\/agenciainfra.com\/blog\/concessao-do-metro-em-recife-deve-focar-populacao-nao-o-funcionario\/\" \/>\n<meta property=\"og:site_name\" content=\"Ag\u00eancia iNFRA\" \/>\n<meta property=\"article:publisher\" content=\"https:\/\/www.facebook.com\/ageninfra\" \/>\n<meta property=\"article:published_time\" content=\"2025-08-28T12:15:52+00:00\" \/>\n<meta property=\"article:modified_time\" content=\"2025-08-28T19:06:24+00:00\" \/>\n<meta property=\"og:image\" content=\"https:\/\/agenciainfra.com\/blog\/wp-content\/uploads\/2025\/08\/rui-costa-foto-anptrilhos-reproducao.png\" \/>\n\t<meta property=\"og:image:width\" content=\"1150\" \/>\n\t<meta property=\"og:image:height\" content=\"650\" \/>\n\t<meta property=\"og:image:type\" content=\"image\/png\" \/>\n<meta name=\"author\" content=\"Ag\u00eancia iNFRA\" \/>\n<meta name=\"twitter:card\" content=\"summary_large_image\" \/>\n<meta name=\"twitter:creator\" content=\"@agencia_infra\" \/>\n<meta name=\"twitter:site\" content=\"@agencia_infra\" \/>\n<meta name=\"twitter:label1\" content=\"Escrito por\" \/>\n\t<meta name=\"twitter:data1\" content=\"Ag\u00eancia iNFRA\" \/>\n\t<meta name=\"twitter:label2\" content=\"Est. tempo de leitura\" \/>\n\t<meta name=\"twitter:data2\" content=\"3 minutos\" \/>\n<script type=\"application\/ld+json\" class=\"yoast-schema-graph\">{\"@context\":\"https:\/\/schema.org\",\"@graph\":[{\"@type\":\"Article\",\"@id\":\"https:\/\/agenciainfra.com\/blog\/concessao-do-metro-em-recife-deve-focar-populacao-nao-o-funcionario\/#article\",\"isPartOf\":{\"@id\":\"https:\/\/agenciainfra.com\/blog\/concessao-do-metro-em-recife-deve-focar-populacao-nao-o-funcionario\/\"},\"author\":{\"name\":\"Ag\u00eancia iNFRA\",\"@id\":\"https:\/\/agenciainfra.com\/blog\/#\/schema\/person\/34af08dff6adea4cb22b06612ba7acfa\"},\"headline\":\"&#8216;Concess\u00e3o do metr\u00f4 em Recife deve focar popula\u00e7\u00e3o, n\u00e3o o funcion\u00e1rio&#8217;\",\"datePublished\":\"2025-08-28T12:15:52+00:00\",\"dateModified\":\"2025-08-28T19:06:24+00:00\",\"mainEntityOfPage\":{\"@id\":\"https:\/\/agenciainfra.com\/blog\/concessao-do-metro-em-recife-deve-focar-populacao-nao-o-funcionario\/\"},\"wordCount\":682,\"publisher\":{\"@id\":\"https:\/\/agenciainfra.com\/blog\/#organization\"},\"image\":{\"@id\":\"https:\/\/agenciainfra.com\/blog\/concessao-do-metro-em-recife-deve-focar-populacao-nao-o-funcionario\/#primaryimage\"},\"thumbnailUrl\":\"https:\/\/agenciainfra.com\/blog\/wp-content\/uploads\/2025\/08\/rui-costa-foto-anptrilhos-reproducao.png\",\"keywords\":[\"ANPTrilhos\",\"BNDES\",\"Casa Civil\",\"CBTU\",\"Conex\u00e3o ANPTrilhos\",\"Jader Filho\",\"metr\u00f4 de Recife\",\"Programa de Parcerias de Investimentos\",\"Rui Costa\",\"transporte de passageiros\"],\"articleSection\":[\"Destaque lista\",\"Geral\",\"iNFRATransporte\"],\"inLanguage\":\"pt-BR\",\"copyrightYear\":\"2025\",\"copyrightHolder\":{\"@id\":\"https:\/\/agenciainfra.com\/blog\/#organization\"}},{\"@type\":\"WebPage\",\"@id\":\"https:\/\/agenciainfra.com\/blog\/concessao-do-metro-em-recife-deve-focar-populacao-nao-o-funcionario\/\",\"url\":\"https:\/\/agenciainfra.com\/blog\/concessao-do-metro-em-recife-deve-focar-populacao-nao-o-funcionario\/\",\"name\":\"'Concess\u00e3o do metr\u00f4 em Recife deve focar popula\u00e7\u00e3o, n\u00e3o o funcion\u00e1rio' - Ag\u00eancia iNFRA\",\"isPartOf\":{\"@id\":\"https:\/\/agenciainfra.com\/blog\/#website\"},\"primaryImageOfPage\":{\"@id\":\"https:\/\/agenciainfra.com\/blog\/concessao-do-metro-em-recife-deve-focar-populacao-nao-o-funcionario\/#primaryimage\"},\"image\":{\"@id\":\"https:\/\/agenciainfra.com\/blog\/concessao-do-metro-em-recife-deve-focar-populacao-nao-o-funcionario\/#primaryimage\"},\"thumbnailUrl\":\"https:\/\/agenciainfra.com\/blog\/wp-content\/uploads\/2025\/08\/rui-costa-foto-anptrilhos-reproducao.png\",\"datePublished\":\"2025-08-28T12:15:52+00:00\",\"dateModified\":\"2025-08-28T19:06:24+00:00\",\"breadcrumb\":{\"@id\":\"https:\/\/agenciainfra.com\/blog\/concessao-do-metro-em-recife-deve-focar-populacao-nao-o-funcionario\/#breadcrumb\"},\"inLanguage\":\"pt-BR\",\"potentialAction\":[{\"@type\":\"ReadAction\",\"target\":[\"https:\/\/agenciainfra.com\/blog\/concessao-do-metro-em-recife-deve-focar-populacao-nao-o-funcionario\/\"]}]},{\"@type\":\"ImageObject\",\"inLanguage\":\"pt-BR\",\"@id\":\"https:\/\/agenciainfra.com\/blog\/concessao-do-metro-em-recife-deve-focar-populacao-nao-o-funcionario\/#primaryimage\",\"url\":\"https:\/\/agenciainfra.com\/blog\/wp-content\/uploads\/2025\/08\/rui-costa-foto-anptrilhos-reproducao.png\",\"contentUrl\":\"https:\/\/agenciainfra.com\/blog\/wp-content\/uploads\/2025\/08\/rui-costa-foto-anptrilhos-reproducao.png\",\"width\":1150,\"height\":650,\"caption\":\"Foto: ANPTrilhos\/Reprodu\u00e7\u00e3o\"},{\"@type\":\"BreadcrumbList\",\"@id\":\"https:\/\/agenciainfra.com\/blog\/concessao-do-metro-em-recife-deve-focar-populacao-nao-o-funcionario\/#breadcrumb\",\"itemListElement\":[{\"@type\":\"ListItem\",\"position\":1,\"name\":\"In\u00edcio\",\"item\":\"https:\/\/agenciainfra.com\/blog\/\"},{\"@type\":\"ListItem\",\"position\":2,\"name\":\"&#8216;Concess\u00e3o do metr\u00f4 em Recife deve focar popula\u00e7\u00e3o, n\u00e3o o funcion\u00e1rio&#8217;\"}]},{\"@type\":\"WebSite\",\"@id\":\"https:\/\/agenciainfra.com\/blog\/#website\",\"url\":\"https:\/\/agenciainfra.com\/blog\/\",\"name\":\"Ag\u00eancia iNFRA\",\"description\":\"Multiplataforma de informa\u00e7\u00e3o jornal\u00edstica refer\u00eancia na \u00e1rea de infraestrutura no Brasil!\",\"publisher\":{\"@id\":\"https:\/\/agenciainfra.com\/blog\/#organization\"},\"potentialAction\":[{\"@type\":\"SearchAction\",\"target\":{\"@type\":\"EntryPoint\",\"urlTemplate\":\"https:\/\/agenciainfra.com\/blog\/?s={search_term_string}\"},\"query-input\":{\"@type\":\"PropertyValueSpecification\",\"valueRequired\":true,\"valueName\":\"search_term_string\"}}],\"inLanguage\":\"pt-BR\"},{\"@type\":\"Organization\",\"@id\":\"https:\/\/agenciainfra.com\/blog\/#organization\",\"name\":\"Ag\u00eancia iNFRA\",\"url\":\"https:\/\/agenciainfra.com\/blog\/\",\"logo\":{\"@type\":\"ImageObject\",\"inLanguage\":\"pt-BR\",\"@id\":\"https:\/\/agenciainfra.com\/blog\/#\/schema\/logo\/image\/\",\"url\":\"https:\/\/agenciainfra.com\/blog\/wp-content\/uploads\/2023\/09\/iNFRA_5-e1761735885940.png\",\"contentUrl\":\"https:\/\/agenciainfra.com\/blog\/wp-content\/uploads\/2023\/09\/iNFRA_5-e1761735885940.png\",\"width\":1672,\"height\":454,\"caption\":\"Ag\u00eancia iNFRA\"},\"image\":{\"@id\":\"https:\/\/agenciainfra.com\/blog\/#\/schema\/logo\/image\/\"},\"sameAs\":[\"https:\/\/www.facebook.com\/ageninfra\",\"https:\/\/x.com\/agencia_infra\",\"https:\/\/www.linkedin.com\/company\/ag\u00eanciainfra\/\",\"https:\/\/www.instagram.com\/agenciainfra\/\"]},{\"@type\":\"Person\",\"@id\":\"https:\/\/agenciainfra.com\/blog\/#\/schema\/person\/34af08dff6adea4cb22b06612ba7acfa\",\"name\":\"Ag\u00eancia iNFRA\",\"image\":{\"@type\":\"ImageObject\",\"inLanguage\":\"pt-BR\",\"@id\":\"https:\/\/agenciainfra.com\/blog\/#\/schema\/person\/image\/\",\"url\":\"https:\/\/secure.gravatar.com\/avatar\/d189e01678f06d8eb84d4e01f08eb848b3fffe3f8443818d3c356c66892f5be8?s=96&d=mm&r=g\",\"contentUrl\":\"https:\/\/secure.gravatar.com\/avatar\/d189e01678f06d8eb84d4e01f08eb848b3fffe3f8443818d3c356c66892f5be8?s=96&d=mm&r=g\",\"caption\":\"Ag\u00eancia iNFRA\"},\"url\":\"https:\/\/agenciainfra.com\/blog\/author\/admin\/\"}]}<\/script>\n<!-- \/ Yoast SEO Premium plugin. -->","yoast_head_json":{"title":"'Concess\u00e3o do metr\u00f4 em Recife deve focar popula\u00e7\u00e3o, n\u00e3o o funcion\u00e1rio' - Ag\u00eancia iNFRA","robots":{"index":"index","follow":"follow","max-snippet":"max-snippet:-1","max-image-preview":"max-image-preview:large","max-video-preview":"max-video-preview:-1"},"canonical":"https:\/\/agenciainfra.com\/blog\/concessao-do-metro-em-recife-deve-focar-populacao-nao-o-funcionario\/","og_locale":"pt_BR","og_type":"article","og_title":"'Concess\u00e3o do metr\u00f4 em Recife deve focar popula\u00e7\u00e3o, n\u00e3o o funcion\u00e1rio'","og_description":"da Ag\u00eancia iNFRA O ministro da Casa Civil, Rui Costa, disse nesta quarta-feira (27) que o foco do projeto de concess\u00e3o do metr\u00f4 de Recife (PE), hoje operado\u00a0pela CBTU (Companhia Brasileira de Trens Urbanos), deve ser a popula\u00e7\u00e3o atendida. \u201cO foco n\u00e3o pode ser o funcion\u00e1rio, seja ele p\u00fablico ou privado. O foco tem que [&hellip;]","og_url":"https:\/\/agenciainfra.com\/blog\/concessao-do-metro-em-recife-deve-focar-populacao-nao-o-funcionario\/","og_site_name":"Ag\u00eancia iNFRA","article_publisher":"https:\/\/www.facebook.com\/ageninfra","article_published_time":"2025-08-28T12:15:52+00:00","article_modified_time":"2025-08-28T19:06:24+00:00","og_image":[{"width":1150,"height":650,"url":"https:\/\/agenciainfra.com\/blog\/wp-content\/uploads\/2025\/08\/rui-costa-foto-anptrilhos-reproducao.png","type":"image\/png"}],"author":"Ag\u00eancia iNFRA","twitter_card":"summary_large_image","twitter_creator":"@agencia_infra","twitter_site":"@agencia_infra","twitter_misc":{"Escrito por":"Ag\u00eancia iNFRA","Est. tempo de leitura":"3 minutos"},"schema":{"@context":"https:\/\/schema.org","@graph":[{"@type":"Article","@id":"https:\/\/agenciainfra.com\/blog\/concessao-do-metro-em-recife-deve-focar-populacao-nao-o-funcionario\/#article","isPartOf":{"@id":"https:\/\/agenciainfra.com\/blog\/concessao-do-metro-em-recife-deve-focar-populacao-nao-o-funcionario\/"},"author":{"name":"Ag\u00eancia iNFRA","@id":"https:\/\/agenciainfra.com\/blog\/#\/schema\/person\/34af08dff6adea4cb22b06612ba7acfa"},"headline":"&#8216;Concess\u00e3o do metr\u00f4 em Recife deve focar popula\u00e7\u00e3o, n\u00e3o o funcion\u00e1rio&#8217;","datePublished":"2025-08-28T12:15:52+00:00","dateModified":"2025-08-28T19:06:24+00:00","mainEntityOfPage":{"@id":"https:\/\/agenciainfra.com\/blog\/concessao-do-metro-em-recife-deve-focar-populacao-nao-o-funcionario\/"},"wordCount":682,"publisher":{"@id":"https:\/\/agenciainfra.com\/blog\/#organization"},"image":{"@id":"https:\/\/agenciainfra.com\/blog\/concessao-do-metro-em-recife-deve-focar-populacao-nao-o-funcionario\/#primaryimage"},"thumbnailUrl":"https:\/\/agenciainfra.com\/blog\/wp-content\/uploads\/2025\/08\/rui-costa-foto-anptrilhos-reproducao.png","keywords":["ANPTrilhos","BNDES","Casa Civil","CBTU","Conex\u00e3o ANPTrilhos","Jader Filho","metr\u00f4 de Recife","Programa de Parcerias de Investimentos","Rui Costa","transporte de passageiros"],"articleSection":["Destaque lista","Geral","iNFRATransporte"],"inLanguage":"pt-BR","copyrightYear":"2025","copyrightHolder":{"@id":"https:\/\/agenciainfra.com\/blog\/#organization"}},{"@type":"WebPage","@id":"https:\/\/agenciainfra.com\/blog\/concessao-do-metro-em-recife-deve-focar-populacao-nao-o-funcionario\/","url":"https:\/\/agenciainfra.com\/blog\/concessao-do-metro-em-recife-deve-focar-populacao-nao-o-funcionario\/","name":"'Concess\u00e3o do metr\u00f4 em Recife deve focar popula\u00e7\u00e3o, n\u00e3o o funcion\u00e1rio' - Ag\u00eancia iNFRA","isPartOf":{"@id":"https:\/\/agenciainfra.com\/blog\/#website"},"primaryImageOfPage":{"@id":"https:\/\/agenciainfra.com\/blog\/concessao-do-metro-em-recife-deve-focar-populacao-nao-o-funcionario\/#primaryimage"},"image":{"@id":"https:\/\/agenciainfra.com\/blog\/concessao-do-metro-em-recife-deve-focar-populacao-nao-o-funcionario\/#primaryimage"},"thumbnailUrl":"https:\/\/agenciainfra.com\/blog\/wp-content\/uploads\/2025\/08\/rui-costa-foto-anptrilhos-reproducao.png","datePublished":"2025-08-28T12:15:52+00:00","dateModified":"2025-08-28T19:06:24+00:00","breadcrumb":{"@id":"https:\/\/agenciainfra.com\/blog\/concessao-do-metro-em-recife-deve-focar-populacao-nao-o-funcionario\/#breadcrumb"},"inLanguage":"pt-BR","potentialAction":[{"@type":"ReadAction","target":["https:\/\/agenciainfra.com\/blog\/concessao-do-metro-em-recife-deve-focar-populacao-nao-o-funcionario\/"]}]},{"@type":"ImageObject","inLanguage":"pt-BR","@id":"https:\/\/agenciainfra.com\/blog\/concessao-do-metro-em-recife-deve-focar-populacao-nao-o-funcionario\/#primaryimage","url":"https:\/\/agenciainfra.com\/blog\/wp-content\/uploads\/2025\/08\/rui-costa-foto-anptrilhos-reproducao.png","contentUrl":"https:\/\/agenciainfra.com\/blog\/wp-content\/uploads\/2025\/08\/rui-costa-foto-anptrilhos-reproducao.png","width":1150,"height":650,"caption":"Foto: ANPTrilhos\/Reprodu\u00e7\u00e3o"},{"@type":"BreadcrumbList","@id":"https:\/\/agenciainfra.com\/blog\/concessao-do-metro-em-recife-deve-focar-populacao-nao-o-funcionario\/#breadcrumb","itemListElement":[{"@type":"ListItem","position":1,"name":"In\u00edcio","item":"https:\/\/agenciainfra.com\/blog\/"},{"@type":"ListItem","position":2,"name":"&#8216;Concess\u00e3o do metr\u00f4 em Recife deve focar popula\u00e7\u00e3o, n\u00e3o o funcion\u00e1rio&#8217;"}]},{"@type":"WebSite","@id":"https:\/\/agenciainfra.com\/blog\/#website","url":"https:\/\/agenciainfra.com\/blog\/","name":"Ag\u00eancia iNFRA","description":"Multiplataforma de informa\u00e7\u00e3o jornal\u00edstica refer\u00eancia na \u00e1rea de infraestrutura no Brasil!","publisher":{"@id":"https:\/\/agenciainfra.com\/blog\/#organization"},"potentialAction":[{"@type":"SearchAction","target":{"@type":"EntryPoint","urlTemplate":"https:\/\/agenciainfra.com\/blog\/?s={search_term_string}"},"query-input":{"@type":"PropertyValueSpecification","valueRequired":true,"valueName":"search_term_string"}}],"inLanguage":"pt-BR"},{"@type":"Organization","@id":"https:\/\/agenciainfra.com\/blog\/#organization","name":"Ag\u00eancia iNFRA","url":"https:\/\/agenciainfra.com\/blog\/","logo":{"@type":"ImageObject","inLanguage":"pt-BR","@id":"https:\/\/agenciainfra.com\/blog\/#\/schema\/logo\/image\/","url":"https:\/\/agenciainfra.com\/blog\/wp-content\/uploads\/2023\/09\/iNFRA_5-e1761735885940.png","contentUrl":"https:\/\/agenciainfra.com\/blog\/wp-content\/uploads\/2023\/09\/iNFRA_5-e1761735885940.png","width":1672,"height":454,"caption":"Ag\u00eancia iNFRA"},"image":{"@id":"https:\/\/agenciainfra.com\/blog\/#\/schema\/logo\/image\/"},"sameAs":["https:\/\/www.facebook.com\/ageninfra","https:\/\/x.com\/agencia_infra","https:\/\/www.linkedin.com\/company\/ag\u00eanciainfra\/","https:\/\/www.instagram.com\/agenciainfra\/"]},{"@type":"Person","@id":"https:\/\/agenciainfra.com\/blog\/#\/schema\/person\/34af08dff6adea4cb22b06612ba7acfa","name":"Ag\u00eancia iNFRA","image":{"@type":"ImageObject","inLanguage":"pt-BR","@id":"https:\/\/agenciainfra.com\/blog\/#\/schema\/person\/image\/","url":"https:\/\/secure.gravatar.com\/avatar\/d189e01678f06d8eb84d4e01f08eb848b3fffe3f8443818d3c356c66892f5be8?s=96&d=mm&r=g","contentUrl":"https:\/\/secure.gravatar.com\/avatar\/d189e01678f06d8eb84d4e01f08eb848b3fffe3f8443818d3c356c66892f5be8?s=96&d=mm&r=g","caption":"Ag\u00eancia iNFRA"},"url":"https:\/\/agenciainfra.com\/blog\/author\/admin\/"}]}},"_links":{"self":[{"href":"https:\/\/agenciainfra.com\/blog\/wp-json\/wp\/v2\/posts\/26846","targetHints":{"allow":["GET"]}}],"collection":[{"href":"https:\/\/agenciainfra.com\/blog\/wp-json\/wp\/v2\/posts"}],"about":[{"href":"https:\/\/agenciainfra.com\/blog\/wp-json\/wp\/v2\/types\/post"}],"author":[{"embeddable":true,"href":"https:\/\/agenciainfra.com\/blog\/wp-json\/wp\/v2\/users\/1"}],"replies":[{"embeddable":true,"href":"https:\/\/agenciainfra.com\/blog\/wp-json\/wp\/v2\/comments?post=26846"}],"version-history":[{"count":1,"href":"https:\/\/agenciainfra.com\/blog\/wp-json\/wp\/v2\/posts\/26846\/revisions"}],"predecessor-version":[{"id":26848,"href":"https:\/\/agenciainfra.com\/blog\/wp-json\/wp\/v2\/posts\/26846\/revisions\/26848"}],"wp:featuredmedia":[{"embeddable":true,"href":"https:\/\/agenciainfra.com\/blog\/wp-json\/wp\/v2\/media\/26847"}],"wp:attachment":[{"href":"https:\/\/agenciainfra.com\/blog\/wp-json\/wp\/v2\/media?parent=26846"}],"wp:term":[{"taxonomy":"category","embeddable":true,"href":"https:\/\/agenciainfra.com\/blog\/wp-json\/wp\/v2\/categories?post=26846"},{"taxonomy":"post_tag","embeddable":true,"href":"https:\/\/agenciainfra.com\/blog\/wp-json\/wp\/v2\/tags?post=26846"}],"curies":[{"name":"wp","href":"https:\/\/api.w.org\/{rel}","templated":true}]}}