{"id":26855,"date":"2025-08-28T10:59:22","date_gmt":"2025-08-28T13:59:22","guid":{"rendered":"https:\/\/agenciainfra.com\/blog\/?p=26855"},"modified":"2025-08-28T11:06:10","modified_gmt":"2025-08-28T14:06:10","slug":"tcu-ve-imprecisao-nos-calculos-da-securitizacao-da-cde-eletrobras","status":"publish","type":"post","link":"https:\/\/agenciainfra.com\/blog\/tcu-ve-imprecisao-nos-calculos-da-securitizacao-da-cde-eletrobras\/","title":{"rendered":"TCU v\u00ea imprecis\u00e3o nos c\u00e1lculos da securitiza\u00e7\u00e3o da CDE-Eletrobras"},"content":{"rendered":"\n<p class=\"has-text-align-right\"><strong>da Ag\u00eancia iNFRA<\/strong><\/p>\n\n\n\n<p>O TCU (Tribunal de Contas da Uni\u00e3o) entendeu que houve imprecis\u00e3o nos c\u00e1lculos para viabilidade da opera\u00e7\u00e3o de antecipa\u00e7\u00e3o de recursos que a Eletrobras deveria aportar na CDE (Conta de Desenvolvimento Energ\u00e9tico) ap\u00f3s a privatiza\u00e7\u00e3o. A securitiza\u00e7\u00e3o, feita em 2024, antecipou R$ 7,8 bilh\u00f5es para quitar os empr\u00e9stimos das contas Covid e de Escassez H\u00eddrica, que eram cobrados nas contas de luz.<\/p>\n\n\n\n<p>A corte julgou parcialmente procedente representa\u00e7\u00e3o apresentada pelo senador Rog\u00e9rio Marinho (PL-RN), l\u00edder da oposi\u00e7\u00e3o no Senado, que afirmava que \u201cerros grosseiros\u201d teriam diminu\u00eddo o valor do benef\u00edcio ao consumidor com a opera\u00e7\u00e3o de R$ 510 milh\u00f5es para cerca de R$ 46 milh\u00f5es. Segundo o TCU, a despeito das falhas de imprecis\u00e3o, n\u00e3o houve erro grosseiro.<\/p>\n\n\n\n<p>Apesar do entendimento, a corte n\u00e3o recomendou a revis\u00e3o dos valores. A decis\u00e3o foi de dar ci\u00eancia dos fatos ao MME (Minist\u00e9rio de Minas e Energia) e a CCEE (C\u00e2mara de Comercializa\u00e7\u00e3o de Energia) acerca de \u201cfalhas de imprecis\u00e3o nos dados utilizados para o c\u00e1lculo inicial do benef\u00edcio\u201d.&nbsp;<\/p>\n\n\n\n<p>Para o tribunal, \u00e9 necess\u00e1ria ado\u00e7\u00e3o de provid\u00eancias para \u201cprover maior robustez aos futuros estudos que fundamentam pol\u00edticas setoriais de alto impacto\u201d. O processo foi arquivado pelo TCU.<\/p>\n","protected":false},"excerpt":{"rendered":"<p>da Ag\u00eancia iNFRA O TCU (Tribunal de Contas da Uni\u00e3o) entendeu que houve imprecis\u00e3o nos c\u00e1lculos para viabilidade da opera\u00e7\u00e3o de antecipa\u00e7\u00e3o de recursos que a Eletrobras deveria aportar na CDE (Conta de Desenvolvimento Energ\u00e9tico) ap\u00f3s a privatiza\u00e7\u00e3o. A securitiza\u00e7\u00e3o, feita em 2024, antecipou R$ 7,8 bilh\u00f5es para quitar os empr\u00e9stimos das contas Covid e [&hellip;]<\/p>\n","protected":false},"author":1,"featured_media":2854,"comment_status":"closed","ping_status":"closed","sticky":false,"template":"","format":"standard","meta":{"_monsterinsights_skip_tracking":false,"_monsterinsights_sitenote_active":false,"_monsterinsights_sitenote_note":"","_monsterinsights_sitenote_category":0,"footnotes":""},"categories":[1,10],"tags":[56,50,3182,12372,11637,18,927],"class_list":["post-26855","post","type-post","status-publish","format-standard","has-post-thumbnail","hentry","category-geral","category-infraenergia","tag-cde","tag-eletrobras","tag-securitizacao","tag-securitizacao-da-cde-eletrobras","tag-securitizacao-da-eletrobras","tag-tcu","tag-tribunal-de-contas-da-uniao"],"yoast_head":"<!-- This site is optimized with the Yoast SEO Premium plugin v25.4 (Yoast SEO v26.0) - https:\/\/yoast.com\/wordpress\/plugins\/seo\/ -->\n<title>TCU v\u00ea imprecis\u00e3o nos c\u00e1lculos da securitiza\u00e7\u00e3o da Eletrobras<\/title>\n<meta name=\"description\" content=\"A opera\u00e7\u00e3o, feita em 2024, antecipou R$ 7,8 bilh\u00f5es em recursos da Eletrobras para quitar os empr\u00e9stimos das contas Covid e Escassez H\u00eddrica\" \/>\n<meta name=\"robots\" content=\"index, follow, max-snippet:-1, max-image-preview:large, max-video-preview:-1\" \/>\n<link rel=\"canonical\" href=\"https:\/\/agenciainfra.com\/blog\/tcu-ve-imprecisao-nos-calculos-da-securitizacao-da-cde-eletrobras\/\" \/>\n<meta property=\"og:locale\" content=\"pt_BR\" \/>\n<meta property=\"og:type\" content=\"article\" \/>\n<meta property=\"og:title\" content=\"TCU v\u00ea imprecis\u00e3o nos c\u00e1lculos da securitiza\u00e7\u00e3o da CDE-Eletrobras\" \/>\n<meta property=\"og:description\" content=\"A opera\u00e7\u00e3o, feita em 2024, antecipou R$ 7,8 bilh\u00f5es em recursos da Eletrobras para quitar os empr\u00e9stimos das contas Covid e Escassez H\u00eddrica\" \/>\n<meta property=\"og:url\" content=\"https:\/\/agenciainfra.com\/blog\/tcu-ve-imprecisao-nos-calculos-da-securitizacao-da-cde-eletrobras\/\" \/>\n<meta property=\"og:site_name\" content=\"Ag\u00eancia iNFRA\" \/>\n<meta property=\"article:publisher\" content=\"https:\/\/www.facebook.com\/ageninfra\" \/>\n<meta property=\"article:published_time\" content=\"2025-08-28T13:59:22+00:00\" \/>\n<meta property=\"article:modified_time\" content=\"2025-08-28T14:06:10+00:00\" \/>\n<meta property=\"og:image\" content=\"https:\/\/agenciainfra.com\/blog\/wp-content\/uploads\/2019\/02\/saulo-cruz-TCU.jpg\" \/>\n\t<meta property=\"og:image:width\" content=\"2048\" \/>\n\t<meta property=\"og:image:height\" content=\"1360\" \/>\n\t<meta property=\"og:image:type\" content=\"image\/jpeg\" \/>\n<meta name=\"author\" content=\"Ag\u00eancia iNFRA\" \/>\n<meta name=\"twitter:card\" content=\"summary_large_image\" \/>\n<meta name=\"twitter:creator\" content=\"@agencia_infra\" \/>\n<meta name=\"twitter:site\" content=\"@agencia_infra\" \/>\n<meta name=\"twitter:label1\" content=\"Escrito por\" \/>\n\t<meta name=\"twitter:data1\" content=\"Ag\u00eancia iNFRA\" \/>\n\t<meta name=\"twitter:label2\" content=\"Est. tempo de leitura\" \/>\n\t<meta name=\"twitter:data2\" content=\"1 minuto\" \/>\n<script type=\"application\/ld+json\" class=\"yoast-schema-graph\">{\"@context\":\"https:\/\/schema.org\",\"@graph\":[{\"@type\":\"Article\",\"@id\":\"https:\/\/agenciainfra.com\/blog\/tcu-ve-imprecisao-nos-calculos-da-securitizacao-da-cde-eletrobras\/#article\",\"isPartOf\":{\"@id\":\"https:\/\/agenciainfra.com\/blog\/tcu-ve-imprecisao-nos-calculos-da-securitizacao-da-cde-eletrobras\/\"},\"author\":{\"name\":\"Ag\u00eancia iNFRA\",\"@id\":\"https:\/\/agenciainfra.com\/blog\/#\/schema\/person\/34af08dff6adea4cb22b06612ba7acfa\"},\"headline\":\"TCU v\u00ea imprecis\u00e3o nos c\u00e1lculos da securitiza\u00e7\u00e3o da CDE-Eletrobras\",\"datePublished\":\"2025-08-28T13:59:22+00:00\",\"dateModified\":\"2025-08-28T14:06:10+00:00\",\"mainEntityOfPage\":{\"@id\":\"https:\/\/agenciainfra.com\/blog\/tcu-ve-imprecisao-nos-calculos-da-securitizacao-da-cde-eletrobras\/\"},\"wordCount\":243,\"publisher\":{\"@id\":\"https:\/\/agenciainfra.com\/blog\/#organization\"},\"image\":{\"@id\":\"https:\/\/agenciainfra.com\/blog\/tcu-ve-imprecisao-nos-calculos-da-securitizacao-da-cde-eletrobras\/#primaryimage\"},\"thumbnailUrl\":\"https:\/\/agenciainfra.com\/blog\/wp-content\/uploads\/2019\/02\/saulo-cruz-TCU-e1763564100249.jpg\",\"keywords\":[\"CDE\",\"Eletrobras\",\"securitiza\u00e7\u00e3o\",\"securitiza\u00e7\u00e3o da cde eletrobras\",\"Securitiza\u00e7\u00e3o da Eletrobras\",\"TCU\",\"Tribunal de Contas da Uni\u00e3o\"],\"articleSection\":[\"Geral\",\"iNFRAEnergia\"],\"inLanguage\":\"pt-BR\",\"copyrightYear\":\"2025\",\"copyrightHolder\":{\"@id\":\"https:\/\/agenciainfra.com\/blog\/#organization\"}},{\"@type\":\"WebPage\",\"@id\":\"https:\/\/agenciainfra.com\/blog\/tcu-ve-imprecisao-nos-calculos-da-securitizacao-da-cde-eletrobras\/\",\"url\":\"https:\/\/agenciainfra.com\/blog\/tcu-ve-imprecisao-nos-calculos-da-securitizacao-da-cde-eletrobras\/\",\"name\":\"TCU v\u00ea imprecis\u00e3o nos c\u00e1lculos da securitiza\u00e7\u00e3o da Eletrobras\",\"isPartOf\":{\"@id\":\"https:\/\/agenciainfra.com\/blog\/#website\"},\"primaryImageOfPage\":{\"@id\":\"https:\/\/agenciainfra.com\/blog\/tcu-ve-imprecisao-nos-calculos-da-securitizacao-da-cde-eletrobras\/#primaryimage\"},\"image\":{\"@id\":\"https:\/\/agenciainfra.com\/blog\/tcu-ve-imprecisao-nos-calculos-da-securitizacao-da-cde-eletrobras\/#primaryimage\"},\"thumbnailUrl\":\"https:\/\/agenciainfra.com\/blog\/wp-content\/uploads\/2019\/02\/saulo-cruz-TCU-e1763564100249.jpg\",\"datePublished\":\"2025-08-28T13:59:22+00:00\",\"dateModified\":\"2025-08-28T14:06:10+00:00\",\"description\":\"A opera\u00e7\u00e3o, feita em 2024, antecipou R$ 7,8 bilh\u00f5es em recursos da Eletrobras para quitar os empr\u00e9stimos das contas Covid e Escassez H\u00eddrica\",\"breadcrumb\":{\"@id\":\"https:\/\/agenciainfra.com\/blog\/tcu-ve-imprecisao-nos-calculos-da-securitizacao-da-cde-eletrobras\/#breadcrumb\"},\"inLanguage\":\"pt-BR\",\"potentialAction\":[{\"@type\":\"ReadAction\",\"target\":[\"https:\/\/agenciainfra.com\/blog\/tcu-ve-imprecisao-nos-calculos-da-securitizacao-da-cde-eletrobras\/\"]}]},{\"@type\":\"ImageObject\",\"inLanguage\":\"pt-BR\",\"@id\":\"https:\/\/agenciainfra.com\/blog\/tcu-ve-imprecisao-nos-calculos-da-securitizacao-da-cde-eletrobras\/#primaryimage\",\"url\":\"https:\/\/agenciainfra.com\/blog\/wp-content\/uploads\/2019\/02\/saulo-cruz-TCU-e1763564100249.jpg\",\"contentUrl\":\"https:\/\/agenciainfra.com\/blog\/wp-content\/uploads\/2019\/02\/saulo-cruz-TCU-e1763564100249.jpg\",\"width\":1280,\"height\":713,\"caption\":\"Foto: Saulo Cruz\/TCU\"},{\"@type\":\"BreadcrumbList\",\"@id\":\"https:\/\/agenciainfra.com\/blog\/tcu-ve-imprecisao-nos-calculos-da-securitizacao-da-cde-eletrobras\/#breadcrumb\",\"itemListElement\":[{\"@type\":\"ListItem\",\"position\":1,\"name\":\"In\u00edcio\",\"item\":\"https:\/\/agenciainfra.com\/blog\/\"},{\"@type\":\"ListItem\",\"position\":2,\"name\":\"TCU v\u00ea imprecis\u00e3o nos c\u00e1lculos da securitiza\u00e7\u00e3o da CDE-Eletrobras\"}]},{\"@type\":\"WebSite\",\"@id\":\"https:\/\/agenciainfra.com\/blog\/#website\",\"url\":\"https:\/\/agenciainfra.com\/blog\/\",\"name\":\"Ag\u00eancia iNFRA\",\"description\":\"Multiplataforma de informa\u00e7\u00e3o jornal\u00edstica refer\u00eancia na \u00e1rea de infraestrutura no Brasil!\",\"publisher\":{\"@id\":\"https:\/\/agenciainfra.com\/blog\/#organization\"},\"potentialAction\":[{\"@type\":\"SearchAction\",\"target\":{\"@type\":\"EntryPoint\",\"urlTemplate\":\"https:\/\/agenciainfra.com\/blog\/?s={search_term_string}\"},\"query-input\":{\"@type\":\"PropertyValueSpecification\",\"valueRequired\":true,\"valueName\":\"search_term_string\"}}],\"inLanguage\":\"pt-BR\"},{\"@type\":\"Organization\",\"@id\":\"https:\/\/agenciainfra.com\/blog\/#organization\",\"name\":\"Ag\u00eancia iNFRA\",\"url\":\"https:\/\/agenciainfra.com\/blog\/\",\"logo\":{\"@type\":\"ImageObject\",\"inLanguage\":\"pt-BR\",\"@id\":\"https:\/\/agenciainfra.com\/blog\/#\/schema\/logo\/image\/\",\"url\":\"https:\/\/agenciainfra.com\/blog\/wp-content\/uploads\/2023\/09\/iNFRA_5-e1761735885940.png\",\"contentUrl\":\"https:\/\/agenciainfra.com\/blog\/wp-content\/uploads\/2023\/09\/iNFRA_5-e1761735885940.png\",\"width\":1672,\"height\":454,\"caption\":\"Ag\u00eancia iNFRA\"},\"image\":{\"@id\":\"https:\/\/agenciainfra.com\/blog\/#\/schema\/logo\/image\/\"},\"sameAs\":[\"https:\/\/www.facebook.com\/ageninfra\",\"https:\/\/x.com\/agencia_infra\",\"https:\/\/www.linkedin.com\/company\/ag\u00eanciainfra\/\",\"https:\/\/www.instagram.com\/agenciainfra\/\"]},{\"@type\":\"Person\",\"@id\":\"https:\/\/agenciainfra.com\/blog\/#\/schema\/person\/34af08dff6adea4cb22b06612ba7acfa\",\"name\":\"Ag\u00eancia iNFRA\",\"image\":{\"@type\":\"ImageObject\",\"inLanguage\":\"pt-BR\",\"@id\":\"https:\/\/agenciainfra.com\/blog\/#\/schema\/person\/image\/\",\"url\":\"https:\/\/secure.gravatar.com\/avatar\/d189e01678f06d8eb84d4e01f08eb848b3fffe3f8443818d3c356c66892f5be8?s=96&d=mm&r=g\",\"contentUrl\":\"https:\/\/secure.gravatar.com\/avatar\/d189e01678f06d8eb84d4e01f08eb848b3fffe3f8443818d3c356c66892f5be8?s=96&d=mm&r=g\",\"caption\":\"Ag\u00eancia iNFRA\"},\"url\":\"https:\/\/agenciainfra.com\/blog\/author\/admin\/\"}]}<\/script>\n<!-- \/ Yoast SEO Premium plugin. -->","yoast_head_json":{"title":"TCU v\u00ea imprecis\u00e3o nos c\u00e1lculos da securitiza\u00e7\u00e3o da Eletrobras","description":"A opera\u00e7\u00e3o, feita em 2024, antecipou R$ 7,8 bilh\u00f5es em recursos da Eletrobras para quitar os empr\u00e9stimos das contas Covid e Escassez H\u00eddrica","robots":{"index":"index","follow":"follow","max-snippet":"max-snippet:-1","max-image-preview":"max-image-preview:large","max-video-preview":"max-video-preview:-1"},"canonical":"https:\/\/agenciainfra.com\/blog\/tcu-ve-imprecisao-nos-calculos-da-securitizacao-da-cde-eletrobras\/","og_locale":"pt_BR","og_type":"article","og_title":"TCU v\u00ea imprecis\u00e3o nos c\u00e1lculos da securitiza\u00e7\u00e3o da CDE-Eletrobras","og_description":"A opera\u00e7\u00e3o, feita em 2024, antecipou R$ 7,8 bilh\u00f5es em recursos da Eletrobras para quitar os empr\u00e9stimos das contas Covid e Escassez H\u00eddrica","og_url":"https:\/\/agenciainfra.com\/blog\/tcu-ve-imprecisao-nos-calculos-da-securitizacao-da-cde-eletrobras\/","og_site_name":"Ag\u00eancia iNFRA","article_publisher":"https:\/\/www.facebook.com\/ageninfra","article_published_time":"2025-08-28T13:59:22+00:00","article_modified_time":"2025-08-28T14:06:10+00:00","og_image":[{"width":2048,"height":1360,"url":"https:\/\/agenciainfra.com\/blog\/wp-content\/uploads\/2019\/02\/saulo-cruz-TCU.jpg","type":"image\/jpeg"}],"author":"Ag\u00eancia iNFRA","twitter_card":"summary_large_image","twitter_creator":"@agencia_infra","twitter_site":"@agencia_infra","twitter_misc":{"Escrito por":"Ag\u00eancia iNFRA","Est. tempo de leitura":"1 minuto"},"schema":{"@context":"https:\/\/schema.org","@graph":[{"@type":"Article","@id":"https:\/\/agenciainfra.com\/blog\/tcu-ve-imprecisao-nos-calculos-da-securitizacao-da-cde-eletrobras\/#article","isPartOf":{"@id":"https:\/\/agenciainfra.com\/blog\/tcu-ve-imprecisao-nos-calculos-da-securitizacao-da-cde-eletrobras\/"},"author":{"name":"Ag\u00eancia iNFRA","@id":"https:\/\/agenciainfra.com\/blog\/#\/schema\/person\/34af08dff6adea4cb22b06612ba7acfa"},"headline":"TCU v\u00ea imprecis\u00e3o nos c\u00e1lculos da securitiza\u00e7\u00e3o da CDE-Eletrobras","datePublished":"2025-08-28T13:59:22+00:00","dateModified":"2025-08-28T14:06:10+00:00","mainEntityOfPage":{"@id":"https:\/\/agenciainfra.com\/blog\/tcu-ve-imprecisao-nos-calculos-da-securitizacao-da-cde-eletrobras\/"},"wordCount":243,"publisher":{"@id":"https:\/\/agenciainfra.com\/blog\/#organization"},"image":{"@id":"https:\/\/agenciainfra.com\/blog\/tcu-ve-imprecisao-nos-calculos-da-securitizacao-da-cde-eletrobras\/#primaryimage"},"thumbnailUrl":"https:\/\/agenciainfra.com\/blog\/wp-content\/uploads\/2019\/02\/saulo-cruz-TCU-e1763564100249.jpg","keywords":["CDE","Eletrobras","securitiza\u00e7\u00e3o","securitiza\u00e7\u00e3o da cde eletrobras","Securitiza\u00e7\u00e3o da Eletrobras","TCU","Tribunal de Contas da Uni\u00e3o"],"articleSection":["Geral","iNFRAEnergia"],"inLanguage":"pt-BR","copyrightYear":"2025","copyrightHolder":{"@id":"https:\/\/agenciainfra.com\/blog\/#organization"}},{"@type":"WebPage","@id":"https:\/\/agenciainfra.com\/blog\/tcu-ve-imprecisao-nos-calculos-da-securitizacao-da-cde-eletrobras\/","url":"https:\/\/agenciainfra.com\/blog\/tcu-ve-imprecisao-nos-calculos-da-securitizacao-da-cde-eletrobras\/","name":"TCU v\u00ea imprecis\u00e3o nos c\u00e1lculos da securitiza\u00e7\u00e3o da Eletrobras","isPartOf":{"@id":"https:\/\/agenciainfra.com\/blog\/#website"},"primaryImageOfPage":{"@id":"https:\/\/agenciainfra.com\/blog\/tcu-ve-imprecisao-nos-calculos-da-securitizacao-da-cde-eletrobras\/#primaryimage"},"image":{"@id":"https:\/\/agenciainfra.com\/blog\/tcu-ve-imprecisao-nos-calculos-da-securitizacao-da-cde-eletrobras\/#primaryimage"},"thumbnailUrl":"https:\/\/agenciainfra.com\/blog\/wp-content\/uploads\/2019\/02\/saulo-cruz-TCU-e1763564100249.jpg","datePublished":"2025-08-28T13:59:22+00:00","dateModified":"2025-08-28T14:06:10+00:00","description":"A opera\u00e7\u00e3o, feita em 2024, antecipou R$ 7,8 bilh\u00f5es em recursos da Eletrobras para quitar os empr\u00e9stimos das contas Covid e Escassez H\u00eddrica","breadcrumb":{"@id":"https:\/\/agenciainfra.com\/blog\/tcu-ve-imprecisao-nos-calculos-da-securitizacao-da-cde-eletrobras\/#breadcrumb"},"inLanguage":"pt-BR","potentialAction":[{"@type":"ReadAction","target":["https:\/\/agenciainfra.com\/blog\/tcu-ve-imprecisao-nos-calculos-da-securitizacao-da-cde-eletrobras\/"]}]},{"@type":"ImageObject","inLanguage":"pt-BR","@id":"https:\/\/agenciainfra.com\/blog\/tcu-ve-imprecisao-nos-calculos-da-securitizacao-da-cde-eletrobras\/#primaryimage","url":"https:\/\/agenciainfra.com\/blog\/wp-content\/uploads\/2019\/02\/saulo-cruz-TCU-e1763564100249.jpg","contentUrl":"https:\/\/agenciainfra.com\/blog\/wp-content\/uploads\/2019\/02\/saulo-cruz-TCU-e1763564100249.jpg","width":1280,"height":713,"caption":"Foto: Saulo Cruz\/TCU"},{"@type":"BreadcrumbList","@id":"https:\/\/agenciainfra.com\/blog\/tcu-ve-imprecisao-nos-calculos-da-securitizacao-da-cde-eletrobras\/#breadcrumb","itemListElement":[{"@type":"ListItem","position":1,"name":"In\u00edcio","item":"https:\/\/agenciainfra.com\/blog\/"},{"@type":"ListItem","position":2,"name":"TCU v\u00ea imprecis\u00e3o nos c\u00e1lculos da securitiza\u00e7\u00e3o da CDE-Eletrobras"}]},{"@type":"WebSite","@id":"https:\/\/agenciainfra.com\/blog\/#website","url":"https:\/\/agenciainfra.com\/blog\/","name":"Ag\u00eancia iNFRA","description":"Multiplataforma de informa\u00e7\u00e3o jornal\u00edstica refer\u00eancia na \u00e1rea de infraestrutura no Brasil!","publisher":{"@id":"https:\/\/agenciainfra.com\/blog\/#organization"},"potentialAction":[{"@type":"SearchAction","target":{"@type":"EntryPoint","urlTemplate":"https:\/\/agenciainfra.com\/blog\/?s={search_term_string}"},"query-input":{"@type":"PropertyValueSpecification","valueRequired":true,"valueName":"search_term_string"}}],"inLanguage":"pt-BR"},{"@type":"Organization","@id":"https:\/\/agenciainfra.com\/blog\/#organization","name":"Ag\u00eancia iNFRA","url":"https:\/\/agenciainfra.com\/blog\/","logo":{"@type":"ImageObject","inLanguage":"pt-BR","@id":"https:\/\/agenciainfra.com\/blog\/#\/schema\/logo\/image\/","url":"https:\/\/agenciainfra.com\/blog\/wp-content\/uploads\/2023\/09\/iNFRA_5-e1761735885940.png","contentUrl":"https:\/\/agenciainfra.com\/blog\/wp-content\/uploads\/2023\/09\/iNFRA_5-e1761735885940.png","width":1672,"height":454,"caption":"Ag\u00eancia iNFRA"},"image":{"@id":"https:\/\/agenciainfra.com\/blog\/#\/schema\/logo\/image\/"},"sameAs":["https:\/\/www.facebook.com\/ageninfra","https:\/\/x.com\/agencia_infra","https:\/\/www.linkedin.com\/company\/ag\u00eanciainfra\/","https:\/\/www.instagram.com\/agenciainfra\/"]},{"@type":"Person","@id":"https:\/\/agenciainfra.com\/blog\/#\/schema\/person\/34af08dff6adea4cb22b06612ba7acfa","name":"Ag\u00eancia iNFRA","image":{"@type":"ImageObject","inLanguage":"pt-BR","@id":"https:\/\/agenciainfra.com\/blog\/#\/schema\/person\/image\/","url":"https:\/\/secure.gravatar.com\/avatar\/d189e01678f06d8eb84d4e01f08eb848b3fffe3f8443818d3c356c66892f5be8?s=96&d=mm&r=g","contentUrl":"https:\/\/secure.gravatar.com\/avatar\/d189e01678f06d8eb84d4e01f08eb848b3fffe3f8443818d3c356c66892f5be8?s=96&d=mm&r=g","caption":"Ag\u00eancia iNFRA"},"url":"https:\/\/agenciainfra.com\/blog\/author\/admin\/"}]}},"_links":{"self":[{"href":"https:\/\/agenciainfra.com\/blog\/wp-json\/wp\/v2\/posts\/26855","targetHints":{"allow":["GET"]}}],"collection":[{"href":"https:\/\/agenciainfra.com\/blog\/wp-json\/wp\/v2\/posts"}],"about":[{"href":"https:\/\/agenciainfra.com\/blog\/wp-json\/wp\/v2\/types\/post"}],"author":[{"embeddable":true,"href":"https:\/\/agenciainfra.com\/blog\/wp-json\/wp\/v2\/users\/1"}],"replies":[{"embeddable":true,"href":"https:\/\/agenciainfra.com\/blog\/wp-json\/wp\/v2\/comments?post=26855"}],"version-history":[{"count":1,"href":"https:\/\/agenciainfra.com\/blog\/wp-json\/wp\/v2\/posts\/26855\/revisions"}],"predecessor-version":[{"id":26856,"href":"https:\/\/agenciainfra.com\/blog\/wp-json\/wp\/v2\/posts\/26855\/revisions\/26856"}],"wp:featuredmedia":[{"embeddable":true,"href":"https:\/\/agenciainfra.com\/blog\/wp-json\/wp\/v2\/media\/2854"}],"wp:attachment":[{"href":"https:\/\/agenciainfra.com\/blog\/wp-json\/wp\/v2\/media?parent=26855"}],"wp:term":[{"taxonomy":"category","embeddable":true,"href":"https:\/\/agenciainfra.com\/blog\/wp-json\/wp\/v2\/categories?post=26855"},{"taxonomy":"post_tag","embeddable":true,"href":"https:\/\/agenciainfra.com\/blog\/wp-json\/wp\/v2\/tags?post=26855"}],"curies":[{"name":"wp","href":"https:\/\/api.w.org\/{rel}","templated":true}]}}