{"id":26857,"date":"2025-08-28T11:18:39","date_gmt":"2025-08-28T14:18:39","guid":{"rendered":"https:\/\/agenciainfra.com\/blog\/?p=26857"},"modified":"2025-08-28T21:07:00","modified_gmt":"2025-08-29T00:07:00","slug":"tcu-rejeita-anular-licenca-previa-da-br-319-am-mas-pede-novas-medidas","status":"publish","type":"post","link":"https:\/\/agenciainfra.com\/blog\/tcu-rejeita-anular-licenca-previa-da-br-319-am-mas-pede-novas-medidas\/","title":{"rendered":"TCU rejeita anular licen\u00e7a pr\u00e9via da BR-319\/AM, mas pede novas medidas"},"content":{"rendered":"\n<p class=\"has-text-align-right\"><strong>da Ag\u00eancia iNFRA<\/strong><\/p>\n\n\n\n<p>Ao analisar processo sobre a licen\u00e7a ambiental da BR-319\/AM nesta quarta-feira (27), os ministros do TCU (Tribunal de Contas da Uni\u00e3o) recomendaram ao Ibama (Instituto Brasileiro do Meio Ambiente e dos Recursos Naturais Renov\u00e1veis) e ao DNIT\u00a0(Departamento Nacional de Infraestrutura de Transportes) que intensifiquem seus esfor\u00e7os para implementar medidas de governan\u00e7a ambiental para as\u00a0licen\u00e7as de futuros empreendimentos na regi\u00e3o.<br><br>No caso julgado pelo plen\u00e1rio, a AudSustentabilidade, unidade de auditoria da corte especializada em Agricultura, Meio Ambiente e Desenvolvimento Sustent\u00e1vel, chegou a recomendar a anula\u00e7\u00e3o da LP (Licen\u00e7a Pr\u00e9via) concedida em 2022 para as obras do trecho do meio na BR-319, que conecta Manaus (AM) e Porto Velho (RO). Os t\u00e9cnicos apontaram &#8220;v\u00edcio na motiva\u00e7\u00e3o&#8221;, dado que o Ibama teria defendido por anos a inviabilidade da pavimenta\u00e7\u00e3o sem a implementa\u00e7\u00e3o pr\u00e9via de uma fiscaliza\u00e7\u00e3o sistem\u00e1tica.\u00a0<br><br>Os ministros, contudo, n\u00e3o seguiram a sugest\u00e3o da \u00e1rea t\u00e9cnica. Para o relator, ministro Walton Alencar, embora os argumentos apresentados pela unidade\u00a0sejam relevantes, a corte n\u00e3o deveria anular a LP tendo vista o &#8220;complexo contexto que envolve o licenciamento ambiental da rodovia BR-319&#8221;. Ele lembrou que a licen\u00e7a pr\u00e9via n\u00e3o autoriza o in\u00edcio das obras, mas estabelece condicionantes a serem cumpridas antes da emiss\u00e3o da LI (Licen\u00e7a de Instala\u00e7\u00e3o).\u00a0Alencar disse ainda que atualmente a licen\u00e7a pr\u00e9via do empreendimento\u00a0est\u00e1 suspensa por decis\u00e3o judicial.\u00a0<br><br>O julgamento do tribunal aconteceu no mesmo dia em que o governo federal tornou sem efeito a cria\u00e7\u00e3o de um colegiado que iria cuidar da coordena\u00e7\u00e3o e da implementa\u00e7\u00e3o de um Plano de A\u00e7\u00e3o para o Fortalecimento da Gest\u00e3o Socioambiental na BR-319\/AM. A\u00a0<a href=\"https:\/\/agenciainfra.us14.list-manage.com\/track\/click?u=d460dd1bcf9ba0ae040e1fc0f&amp;id=18831e51ec&amp;e=c099169394\" target=\"_blank\" rel=\"noreferrer noopener\">portaria<\/a>\u00a0assinada pelo ministro da Casa Civil, Rui Costa, revogou o ato que tratava do\u00a0&#8220;<a href=\"https:\/\/agenciainfra.us14.list-manage.com\/track\/click?u=d460dd1bcf9ba0ae040e1fc0f&amp;id=8b9d249386&amp;e=c099169394\" target=\"_blank\" rel=\"noreferrer noopener\">Plano BR-319<\/a>&#8220;, formalizado apenas oito dias antes, em publica\u00e7\u00e3o de 19 de agosto.\u00a0A reportagem questionou a Casa Civil sobre a motiva\u00e7\u00e3o, mas n\u00e3o teve retorno at\u00e9 o fechamento desta edi\u00e7\u00e3o.<br><br>O plano era baseado em tr\u00eas eixos: 1) a\u00e7\u00f5es emergenciais em governan\u00e7a socioambiental para a regi\u00e3o do entorno da BR-319; 2) avalia\u00e7\u00e3o ambiental estrat\u00e9gica da \u00e1rea de influ\u00eancia da rodovia para a promo\u00e7\u00e3o do desenvolvimento socioambiental da regi\u00e3o; e 3) formula\u00e7\u00e3o de PPP (Parceria P\u00fablico-Privada) para a elabora\u00e7\u00e3o de governan\u00e7a socioambiental de longo prazo na regi\u00e3o do entorno da rodovia.<br><br><strong>&#8220;Caos e danos&#8221;<\/strong>\u00a0<br>No julgamento feito pelo TCU, o relator afirmou que, de certa forma, um resultado que n\u00e3o permitisse a continuidade das obras na BR-319 poderia &#8220;obliterar a mesma possibilidade de acesso \u00e0 regi\u00e3o amaz\u00f4nica&#8221;. &#8220;Isso poderia ser motivo de caos e dano para as popula\u00e7\u00f5es abrangidas pelo transporte, por esse modal rodovi\u00e1rio. \u00c9 um modal que j\u00e1 existe e tem de ser aprimorado, e n\u00e3o suprimido&#8221;, afirmou.\u00a0<br><br>O ministro Bruno Dantas elogiou a serenidade do relator e admitiu ter ficado &#8220;at\u00e9 um pouco perplexo&#8221; com a possibilidade de uma proposta da unidade de auditoria no sentido de que o tribunal decretasse a nulidade de uma licen\u00e7a ambiental. &#8220;Eu nunca vi isso na minha vida. [\u00c9] algo para n\u00f3s estudarmos, quais s\u00e3o as origens desse arroubo de ativismo&#8221;, disse. &#8220;Se algum controle n\u00f3s podemos fazer \u00e9 exatamente na efici\u00eancia da concess\u00e3o das licen\u00e7as ambientais, e aqui n\u00f3s n\u00e3o nos tornamos \u00f3rg\u00e3os censores de licen\u00e7as j\u00e1 concedidas.&#8221;<br><br>O ministro Augusto Nardes tamb\u00e9m elogiou a decis\u00e3o do ministro Walton e disse que iria na mesma linha de Dantas. &#8220;Entendo que o voto demonstra uma coer\u00eancia e uma capacidade de avalia\u00e7\u00e3o com muita propriedade pelo ministro Walton. E eu queria referendar as palavras do ministro Bruno Dantas.&#8221;<br><br>O presidente do TCU, ministro Vital do R\u00eago, afirmou que o corredor \u00e9 fundamental para o escoamento, tanto no transporte de cargas como no de pessoas na regi\u00e3o. &#8220;Eu fiquei realmente impressionado com n\u00f3s discutirmos aqui prazo para licen\u00e7a, enquanto aqui a sugest\u00e3o \u00e9 de revogar uma licen\u00e7a, por isso parabenizo Vossa Excel\u00eancia pela serenidade com que trouxe o processo&#8221;, afirmou.<\/p>\n","protected":false},"excerpt":{"rendered":"<p>da Ag\u00eancia iNFRA Ao analisar processo sobre a licen\u00e7a ambiental da BR-319\/AM nesta quarta-feira (27), os ministros do TCU (Tribunal de Contas da Uni\u00e3o) recomendaram ao Ibama (Instituto Brasileiro do Meio Ambiente e dos Recursos Naturais Renov\u00e1veis) e ao DNIT\u00a0(Departamento Nacional de Infraestrutura de Transportes) que intensifiquem seus esfor\u00e7os para implementar medidas de governan\u00e7a ambiental [&hellip;]<\/p>\n","protected":false},"author":1,"featured_media":26858,"comment_status":"closed","ping_status":"closed","sticky":false,"template":"","format":"standard","meta":{"_monsterinsights_skip_tracking":false,"_monsterinsights_sitenote_active":false,"_monsterinsights_sitenote_note":"","_monsterinsights_sitenote_category":0,"footnotes":""},"categories":[1,7],"tags":[822,1538,396,328,749,696,10546,479,18,860,1204],"class_list":["post-26857","post","type-post","status-publish","format-standard","has-post-thumbnail","hentry","category-geral","category-infratransporte","tag-augusto-nardes","tag-br-319-am","tag-bruno-dantas","tag-dnit","tag-ibama","tag-licenca-ambiental","tag-licenca-previa","tag-rui-costa","tag-tcu","tag-vital-do-rego","tag-walton-alencar"],"yoast_head":"<!-- This site is optimized with the Yoast SEO Premium plugin v25.4 (Yoast SEO v26.0) - https:\/\/yoast.com\/wordpress\/plugins\/seo\/ -->\n<title>TCU rejeita anular licen\u00e7a pr\u00e9via da BR-319\/AM, mas pede novas medidas - Ag\u00eancia iNFRA<\/title>\n<meta name=\"robots\" content=\"index, follow, max-snippet:-1, max-image-preview:large, max-video-preview:-1\" \/>\n<link rel=\"canonical\" href=\"https:\/\/agenciainfra.com\/blog\/tcu-rejeita-anular-licenca-previa-da-br-319-am-mas-pede-novas-medidas\/\" \/>\n<meta property=\"og:locale\" content=\"pt_BR\" \/>\n<meta property=\"og:type\" content=\"article\" \/>\n<meta property=\"og:title\" content=\"TCU rejeita anular licen\u00e7a pr\u00e9via da BR-319\/AM, mas pede novas medidas\" \/>\n<meta property=\"og:description\" content=\"da Ag\u00eancia iNFRA Ao analisar processo sobre a licen\u00e7a ambiental da BR-319\/AM nesta quarta-feira (27), os ministros do TCU (Tribunal de Contas da Uni\u00e3o) recomendaram ao Ibama (Instituto Brasileiro do Meio Ambiente e dos Recursos Naturais Renov\u00e1veis) e ao DNIT\u00a0(Departamento Nacional de Infraestrutura de Transportes) que intensifiquem seus esfor\u00e7os para implementar medidas de governan\u00e7a ambiental [&hellip;]\" \/>\n<meta property=\"og:url\" content=\"https:\/\/agenciainfra.com\/blog\/tcu-rejeita-anular-licenca-previa-da-br-319-am-mas-pede-novas-medidas\/\" \/>\n<meta property=\"og:site_name\" content=\"Ag\u00eancia iNFRA\" \/>\n<meta property=\"article:publisher\" content=\"https:\/\/www.facebook.com\/ageninfra\" \/>\n<meta property=\"article:published_time\" content=\"2025-08-28T14:18:39+00:00\" \/>\n<meta property=\"article:modified_time\" content=\"2025-08-29T00:07:00+00:00\" \/>\n<meta property=\"og:image\" content=\"https:\/\/agenciainfra.com\/blog\/wp-content\/uploads\/2025\/08\/br-319-am-foto-dnit.png\" \/>\n\t<meta property=\"og:image:width\" content=\"1280\" \/>\n\t<meta property=\"og:image:height\" content=\"765\" \/>\n\t<meta property=\"og:image:type\" content=\"image\/png\" \/>\n<meta name=\"author\" content=\"Ag\u00eancia iNFRA\" \/>\n<meta name=\"twitter:card\" content=\"summary_large_image\" \/>\n<meta name=\"twitter:creator\" content=\"@agencia_infra\" \/>\n<meta name=\"twitter:site\" content=\"@agencia_infra\" \/>\n<meta name=\"twitter:label1\" content=\"Escrito por\" \/>\n\t<meta name=\"twitter:data1\" content=\"Ag\u00eancia iNFRA\" \/>\n\t<meta name=\"twitter:label2\" content=\"Est. tempo de leitura\" \/>\n\t<meta name=\"twitter:data2\" content=\"4 minutos\" \/>\n<script type=\"application\/ld+json\" class=\"yoast-schema-graph\">{\"@context\":\"https:\/\/schema.org\",\"@graph\":[{\"@type\":\"Article\",\"@id\":\"https:\/\/agenciainfra.com\/blog\/tcu-rejeita-anular-licenca-previa-da-br-319-am-mas-pede-novas-medidas\/#article\",\"isPartOf\":{\"@id\":\"https:\/\/agenciainfra.com\/blog\/tcu-rejeita-anular-licenca-previa-da-br-319-am-mas-pede-novas-medidas\/\"},\"author\":{\"name\":\"Ag\u00eancia iNFRA\",\"@id\":\"https:\/\/agenciainfra.com\/blog\/#\/schema\/person\/34af08dff6adea4cb22b06612ba7acfa\"},\"headline\":\"TCU rejeita anular licen\u00e7a pr\u00e9via da BR-319\/AM, mas pede novas medidas\",\"datePublished\":\"2025-08-28T14:18:39+00:00\",\"dateModified\":\"2025-08-29T00:07:00+00:00\",\"mainEntityOfPage\":{\"@id\":\"https:\/\/agenciainfra.com\/blog\/tcu-rejeita-anular-licenca-previa-da-br-319-am-mas-pede-novas-medidas\/\"},\"wordCount\":729,\"publisher\":{\"@id\":\"https:\/\/agenciainfra.com\/blog\/#organization\"},\"image\":{\"@id\":\"https:\/\/agenciainfra.com\/blog\/tcu-rejeita-anular-licenca-previa-da-br-319-am-mas-pede-novas-medidas\/#primaryimage\"},\"thumbnailUrl\":\"https:\/\/agenciainfra.com\/blog\/wp-content\/uploads\/2025\/08\/br-319-am-foto-dnit.png\",\"keywords\":[\"Augusto Nardes\",\"BR-319\/AM\",\"Bruno Dantas\",\"DNIT\",\"Ibama\",\"Licen\u00e7a ambiental\",\"licen\u00e7a pr\u00e9via\",\"Rui Costa\",\"TCU\",\"Vital do R\u00eago\",\"Walton Alencar\"],\"articleSection\":[\"Geral\",\"iNFRATransporte\"],\"inLanguage\":\"pt-BR\",\"copyrightYear\":\"2025\",\"copyrightHolder\":{\"@id\":\"https:\/\/agenciainfra.com\/blog\/#organization\"}},{\"@type\":\"WebPage\",\"@id\":\"https:\/\/agenciainfra.com\/blog\/tcu-rejeita-anular-licenca-previa-da-br-319-am-mas-pede-novas-medidas\/\",\"url\":\"https:\/\/agenciainfra.com\/blog\/tcu-rejeita-anular-licenca-previa-da-br-319-am-mas-pede-novas-medidas\/\",\"name\":\"TCU rejeita anular licen\u00e7a pr\u00e9via da BR-319\/AM, mas pede novas medidas - Ag\u00eancia iNFRA\",\"isPartOf\":{\"@id\":\"https:\/\/agenciainfra.com\/blog\/#website\"},\"primaryImageOfPage\":{\"@id\":\"https:\/\/agenciainfra.com\/blog\/tcu-rejeita-anular-licenca-previa-da-br-319-am-mas-pede-novas-medidas\/#primaryimage\"},\"image\":{\"@id\":\"https:\/\/agenciainfra.com\/blog\/tcu-rejeita-anular-licenca-previa-da-br-319-am-mas-pede-novas-medidas\/#primaryimage\"},\"thumbnailUrl\":\"https:\/\/agenciainfra.com\/blog\/wp-content\/uploads\/2025\/08\/br-319-am-foto-dnit.png\",\"datePublished\":\"2025-08-28T14:18:39+00:00\",\"dateModified\":\"2025-08-29T00:07:00+00:00\",\"breadcrumb\":{\"@id\":\"https:\/\/agenciainfra.com\/blog\/tcu-rejeita-anular-licenca-previa-da-br-319-am-mas-pede-novas-medidas\/#breadcrumb\"},\"inLanguage\":\"pt-BR\",\"potentialAction\":[{\"@type\":\"ReadAction\",\"target\":[\"https:\/\/agenciainfra.com\/blog\/tcu-rejeita-anular-licenca-previa-da-br-319-am-mas-pede-novas-medidas\/\"]}]},{\"@type\":\"ImageObject\",\"inLanguage\":\"pt-BR\",\"@id\":\"https:\/\/agenciainfra.com\/blog\/tcu-rejeita-anular-licenca-previa-da-br-319-am-mas-pede-novas-medidas\/#primaryimage\",\"url\":\"https:\/\/agenciainfra.com\/blog\/wp-content\/uploads\/2025\/08\/br-319-am-foto-dnit.png\",\"contentUrl\":\"https:\/\/agenciainfra.com\/blog\/wp-content\/uploads\/2025\/08\/br-319-am-foto-dnit.png\",\"width\":1280,\"height\":765,\"caption\":\"Foto: DNIT\"},{\"@type\":\"BreadcrumbList\",\"@id\":\"https:\/\/agenciainfra.com\/blog\/tcu-rejeita-anular-licenca-previa-da-br-319-am-mas-pede-novas-medidas\/#breadcrumb\",\"itemListElement\":[{\"@type\":\"ListItem\",\"position\":1,\"name\":\"In\u00edcio\",\"item\":\"https:\/\/agenciainfra.com\/blog\/\"},{\"@type\":\"ListItem\",\"position\":2,\"name\":\"TCU rejeita anular licen\u00e7a pr\u00e9via da BR-319\/AM, mas pede novas medidas\"}]},{\"@type\":\"WebSite\",\"@id\":\"https:\/\/agenciainfra.com\/blog\/#website\",\"url\":\"https:\/\/agenciainfra.com\/blog\/\",\"name\":\"Ag\u00eancia iNFRA\",\"description\":\"Multiplataforma de informa\u00e7\u00e3o jornal\u00edstica refer\u00eancia na \u00e1rea de infraestrutura no Brasil!\",\"publisher\":{\"@id\":\"https:\/\/agenciainfra.com\/blog\/#organization\"},\"potentialAction\":[{\"@type\":\"SearchAction\",\"target\":{\"@type\":\"EntryPoint\",\"urlTemplate\":\"https:\/\/agenciainfra.com\/blog\/?s={search_term_string}\"},\"query-input\":{\"@type\":\"PropertyValueSpecification\",\"valueRequired\":true,\"valueName\":\"search_term_string\"}}],\"inLanguage\":\"pt-BR\"},{\"@type\":\"Organization\",\"@id\":\"https:\/\/agenciainfra.com\/blog\/#organization\",\"name\":\"Ag\u00eancia iNFRA\",\"url\":\"https:\/\/agenciainfra.com\/blog\/\",\"logo\":{\"@type\":\"ImageObject\",\"inLanguage\":\"pt-BR\",\"@id\":\"https:\/\/agenciainfra.com\/blog\/#\/schema\/logo\/image\/\",\"url\":\"https:\/\/agenciainfra.com\/blog\/wp-content\/uploads\/2023\/09\/iNFRA_5-e1761735885940.png\",\"contentUrl\":\"https:\/\/agenciainfra.com\/blog\/wp-content\/uploads\/2023\/09\/iNFRA_5-e1761735885940.png\",\"width\":1672,\"height\":454,\"caption\":\"Ag\u00eancia iNFRA\"},\"image\":{\"@id\":\"https:\/\/agenciainfra.com\/blog\/#\/schema\/logo\/image\/\"},\"sameAs\":[\"https:\/\/www.facebook.com\/ageninfra\",\"https:\/\/x.com\/agencia_infra\",\"https:\/\/www.linkedin.com\/company\/ag\u00eanciainfra\/\",\"https:\/\/www.instagram.com\/agenciainfra\/\"]},{\"@type\":\"Person\",\"@id\":\"https:\/\/agenciainfra.com\/blog\/#\/schema\/person\/34af08dff6adea4cb22b06612ba7acfa\",\"name\":\"Ag\u00eancia iNFRA\",\"image\":{\"@type\":\"ImageObject\",\"inLanguage\":\"pt-BR\",\"@id\":\"https:\/\/agenciainfra.com\/blog\/#\/schema\/person\/image\/\",\"url\":\"https:\/\/secure.gravatar.com\/avatar\/d189e01678f06d8eb84d4e01f08eb848b3fffe3f8443818d3c356c66892f5be8?s=96&d=mm&r=g\",\"contentUrl\":\"https:\/\/secure.gravatar.com\/avatar\/d189e01678f06d8eb84d4e01f08eb848b3fffe3f8443818d3c356c66892f5be8?s=96&d=mm&r=g\",\"caption\":\"Ag\u00eancia iNFRA\"},\"url\":\"https:\/\/agenciainfra.com\/blog\/author\/admin\/\"}]}<\/script>\n<!-- \/ Yoast SEO Premium plugin. -->","yoast_head_json":{"title":"TCU rejeita anular licen\u00e7a pr\u00e9via da BR-319\/AM, mas pede novas medidas - Ag\u00eancia iNFRA","robots":{"index":"index","follow":"follow","max-snippet":"max-snippet:-1","max-image-preview":"max-image-preview:large","max-video-preview":"max-video-preview:-1"},"canonical":"https:\/\/agenciainfra.com\/blog\/tcu-rejeita-anular-licenca-previa-da-br-319-am-mas-pede-novas-medidas\/","og_locale":"pt_BR","og_type":"article","og_title":"TCU rejeita anular licen\u00e7a pr\u00e9via da BR-319\/AM, mas pede novas medidas","og_description":"da Ag\u00eancia iNFRA Ao analisar processo sobre a licen\u00e7a ambiental da BR-319\/AM nesta quarta-feira (27), os ministros do TCU (Tribunal de Contas da Uni\u00e3o) recomendaram ao Ibama (Instituto Brasileiro do Meio Ambiente e dos Recursos Naturais Renov\u00e1veis) e ao DNIT\u00a0(Departamento Nacional de Infraestrutura de Transportes) que intensifiquem seus esfor\u00e7os para implementar medidas de governan\u00e7a ambiental [&hellip;]","og_url":"https:\/\/agenciainfra.com\/blog\/tcu-rejeita-anular-licenca-previa-da-br-319-am-mas-pede-novas-medidas\/","og_site_name":"Ag\u00eancia iNFRA","article_publisher":"https:\/\/www.facebook.com\/ageninfra","article_published_time":"2025-08-28T14:18:39+00:00","article_modified_time":"2025-08-29T00:07:00+00:00","og_image":[{"width":1280,"height":765,"url":"https:\/\/agenciainfra.com\/blog\/wp-content\/uploads\/2025\/08\/br-319-am-foto-dnit.png","type":"image\/png"}],"author":"Ag\u00eancia iNFRA","twitter_card":"summary_large_image","twitter_creator":"@agencia_infra","twitter_site":"@agencia_infra","twitter_misc":{"Escrito por":"Ag\u00eancia iNFRA","Est. tempo de leitura":"4 minutos"},"schema":{"@context":"https:\/\/schema.org","@graph":[{"@type":"Article","@id":"https:\/\/agenciainfra.com\/blog\/tcu-rejeita-anular-licenca-previa-da-br-319-am-mas-pede-novas-medidas\/#article","isPartOf":{"@id":"https:\/\/agenciainfra.com\/blog\/tcu-rejeita-anular-licenca-previa-da-br-319-am-mas-pede-novas-medidas\/"},"author":{"name":"Ag\u00eancia iNFRA","@id":"https:\/\/agenciainfra.com\/blog\/#\/schema\/person\/34af08dff6adea4cb22b06612ba7acfa"},"headline":"TCU rejeita anular licen\u00e7a pr\u00e9via da BR-319\/AM, mas pede novas medidas","datePublished":"2025-08-28T14:18:39+00:00","dateModified":"2025-08-29T00:07:00+00:00","mainEntityOfPage":{"@id":"https:\/\/agenciainfra.com\/blog\/tcu-rejeita-anular-licenca-previa-da-br-319-am-mas-pede-novas-medidas\/"},"wordCount":729,"publisher":{"@id":"https:\/\/agenciainfra.com\/blog\/#organization"},"image":{"@id":"https:\/\/agenciainfra.com\/blog\/tcu-rejeita-anular-licenca-previa-da-br-319-am-mas-pede-novas-medidas\/#primaryimage"},"thumbnailUrl":"https:\/\/agenciainfra.com\/blog\/wp-content\/uploads\/2025\/08\/br-319-am-foto-dnit.png","keywords":["Augusto Nardes","BR-319\/AM","Bruno Dantas","DNIT","Ibama","Licen\u00e7a ambiental","licen\u00e7a pr\u00e9via","Rui Costa","TCU","Vital do R\u00eago","Walton Alencar"],"articleSection":["Geral","iNFRATransporte"],"inLanguage":"pt-BR","copyrightYear":"2025","copyrightHolder":{"@id":"https:\/\/agenciainfra.com\/blog\/#organization"}},{"@type":"WebPage","@id":"https:\/\/agenciainfra.com\/blog\/tcu-rejeita-anular-licenca-previa-da-br-319-am-mas-pede-novas-medidas\/","url":"https:\/\/agenciainfra.com\/blog\/tcu-rejeita-anular-licenca-previa-da-br-319-am-mas-pede-novas-medidas\/","name":"TCU rejeita anular licen\u00e7a pr\u00e9via da BR-319\/AM, mas pede novas medidas - Ag\u00eancia iNFRA","isPartOf":{"@id":"https:\/\/agenciainfra.com\/blog\/#website"},"primaryImageOfPage":{"@id":"https:\/\/agenciainfra.com\/blog\/tcu-rejeita-anular-licenca-previa-da-br-319-am-mas-pede-novas-medidas\/#primaryimage"},"image":{"@id":"https:\/\/agenciainfra.com\/blog\/tcu-rejeita-anular-licenca-previa-da-br-319-am-mas-pede-novas-medidas\/#primaryimage"},"thumbnailUrl":"https:\/\/agenciainfra.com\/blog\/wp-content\/uploads\/2025\/08\/br-319-am-foto-dnit.png","datePublished":"2025-08-28T14:18:39+00:00","dateModified":"2025-08-29T00:07:00+00:00","breadcrumb":{"@id":"https:\/\/agenciainfra.com\/blog\/tcu-rejeita-anular-licenca-previa-da-br-319-am-mas-pede-novas-medidas\/#breadcrumb"},"inLanguage":"pt-BR","potentialAction":[{"@type":"ReadAction","target":["https:\/\/agenciainfra.com\/blog\/tcu-rejeita-anular-licenca-previa-da-br-319-am-mas-pede-novas-medidas\/"]}]},{"@type":"ImageObject","inLanguage":"pt-BR","@id":"https:\/\/agenciainfra.com\/blog\/tcu-rejeita-anular-licenca-previa-da-br-319-am-mas-pede-novas-medidas\/#primaryimage","url":"https:\/\/agenciainfra.com\/blog\/wp-content\/uploads\/2025\/08\/br-319-am-foto-dnit.png","contentUrl":"https:\/\/agenciainfra.com\/blog\/wp-content\/uploads\/2025\/08\/br-319-am-foto-dnit.png","width":1280,"height":765,"caption":"Foto: DNIT"},{"@type":"BreadcrumbList","@id":"https:\/\/agenciainfra.com\/blog\/tcu-rejeita-anular-licenca-previa-da-br-319-am-mas-pede-novas-medidas\/#breadcrumb","itemListElement":[{"@type":"ListItem","position":1,"name":"In\u00edcio","item":"https:\/\/agenciainfra.com\/blog\/"},{"@type":"ListItem","position":2,"name":"TCU rejeita anular licen\u00e7a pr\u00e9via da BR-319\/AM, mas pede novas medidas"}]},{"@type":"WebSite","@id":"https:\/\/agenciainfra.com\/blog\/#website","url":"https:\/\/agenciainfra.com\/blog\/","name":"Ag\u00eancia iNFRA","description":"Multiplataforma de informa\u00e7\u00e3o jornal\u00edstica refer\u00eancia na \u00e1rea de infraestrutura no Brasil!","publisher":{"@id":"https:\/\/agenciainfra.com\/blog\/#organization"},"potentialAction":[{"@type":"SearchAction","target":{"@type":"EntryPoint","urlTemplate":"https:\/\/agenciainfra.com\/blog\/?s={search_term_string}"},"query-input":{"@type":"PropertyValueSpecification","valueRequired":true,"valueName":"search_term_string"}}],"inLanguage":"pt-BR"},{"@type":"Organization","@id":"https:\/\/agenciainfra.com\/blog\/#organization","name":"Ag\u00eancia iNFRA","url":"https:\/\/agenciainfra.com\/blog\/","logo":{"@type":"ImageObject","inLanguage":"pt-BR","@id":"https:\/\/agenciainfra.com\/blog\/#\/schema\/logo\/image\/","url":"https:\/\/agenciainfra.com\/blog\/wp-content\/uploads\/2023\/09\/iNFRA_5-e1761735885940.png","contentUrl":"https:\/\/agenciainfra.com\/blog\/wp-content\/uploads\/2023\/09\/iNFRA_5-e1761735885940.png","width":1672,"height":454,"caption":"Ag\u00eancia iNFRA"},"image":{"@id":"https:\/\/agenciainfra.com\/blog\/#\/schema\/logo\/image\/"},"sameAs":["https:\/\/www.facebook.com\/ageninfra","https:\/\/x.com\/agencia_infra","https:\/\/www.linkedin.com\/company\/ag\u00eanciainfra\/","https:\/\/www.instagram.com\/agenciainfra\/"]},{"@type":"Person","@id":"https:\/\/agenciainfra.com\/blog\/#\/schema\/person\/34af08dff6adea4cb22b06612ba7acfa","name":"Ag\u00eancia iNFRA","image":{"@type":"ImageObject","inLanguage":"pt-BR","@id":"https:\/\/agenciainfra.com\/blog\/#\/schema\/person\/image\/","url":"https:\/\/secure.gravatar.com\/avatar\/d189e01678f06d8eb84d4e01f08eb848b3fffe3f8443818d3c356c66892f5be8?s=96&d=mm&r=g","contentUrl":"https:\/\/secure.gravatar.com\/avatar\/d189e01678f06d8eb84d4e01f08eb848b3fffe3f8443818d3c356c66892f5be8?s=96&d=mm&r=g","caption":"Ag\u00eancia iNFRA"},"url":"https:\/\/agenciainfra.com\/blog\/author\/admin\/"}]}},"_links":{"self":[{"href":"https:\/\/agenciainfra.com\/blog\/wp-json\/wp\/v2\/posts\/26857","targetHints":{"allow":["GET"]}}],"collection":[{"href":"https:\/\/agenciainfra.com\/blog\/wp-json\/wp\/v2\/posts"}],"about":[{"href":"https:\/\/agenciainfra.com\/blog\/wp-json\/wp\/v2\/types\/post"}],"author":[{"embeddable":true,"href":"https:\/\/agenciainfra.com\/blog\/wp-json\/wp\/v2\/users\/1"}],"replies":[{"embeddable":true,"href":"https:\/\/agenciainfra.com\/blog\/wp-json\/wp\/v2\/comments?post=26857"}],"version-history":[{"count":1,"href":"https:\/\/agenciainfra.com\/blog\/wp-json\/wp\/v2\/posts\/26857\/revisions"}],"predecessor-version":[{"id":26859,"href":"https:\/\/agenciainfra.com\/blog\/wp-json\/wp\/v2\/posts\/26857\/revisions\/26859"}],"wp:featuredmedia":[{"embeddable":true,"href":"https:\/\/agenciainfra.com\/blog\/wp-json\/wp\/v2\/media\/26858"}],"wp:attachment":[{"href":"https:\/\/agenciainfra.com\/blog\/wp-json\/wp\/v2\/media?parent=26857"}],"wp:term":[{"taxonomy":"category","embeddable":true,"href":"https:\/\/agenciainfra.com\/blog\/wp-json\/wp\/v2\/categories?post=26857"},{"taxonomy":"post_tag","embeddable":true,"href":"https:\/\/agenciainfra.com\/blog\/wp-json\/wp\/v2\/tags?post=26857"}],"curies":[{"name":"wp","href":"https:\/\/api.w.org\/{rel}","templated":true}]}}