{"id":26889,"date":"2025-08-28T18:22:25","date_gmt":"2025-08-28T21:22:25","guid":{"rendered":"https:\/\/agenciainfra.com\/blog\/?p=26889"},"modified":"2025-08-28T18:22:27","modified_gmt":"2025-08-28T21:22:27","slug":"porto-de-vila-do-conde-movimenta-95-mi-de-toneladas-e-lidera-fluxo-no-norte","status":"publish","type":"post","link":"https:\/\/agenciainfra.com\/blog\/porto-de-vila-do-conde-movimenta-95-mi-de-toneladas-e-lidera-fluxo-no-norte\/","title":{"rendered":"Porto de Vila do Conde movimenta 9,5 mi de toneladas e lidera fluxo no Norte"},"content":{"rendered":"\n<p class=\"has-text-align-right\"><strong>da Ag\u00eancia iNFRA<\/strong><\/p>\n\n\n\n<p>O Porto de Vila do Conde, no Par\u00e1, se consolidou como o principal terminal da regi\u00e3o Norte no primeiro semestre de 2025. Segundo dados da ANTAQ (Ag\u00eancia Nacional de Transportes Aquavi\u00e1rios), o porto movimentou 9,5 milh\u00f5es de toneladas, liderando a regi\u00e3o que, no total, transportou 29 milh\u00f5es de toneladas no per\u00edodo.<\/p>\n\n\n\n<p>Atr\u00e1s de Vila do Conde, outros destaques foram os terminais de Santar\u00e9m (7,2 mi\/ton), Santana (1,8 mi\/ton), Bel\u00e9m (1,4 mi\/ton) e Porto Velho (1,2 mi\/ton). A posi\u00e7\u00e3o estrat\u00e9gica desses portos \u00e9 fundamental para o escoamento de produtos agr\u00edcolas, minerais e industriais, conectando a produ\u00e7\u00e3o local aos mercados nacional e internacional.<\/p>\n\n\n\n<p>De janeiro a junho, a soja foi a mercadoria de maior destaque, com 7,7 milh\u00f5es de toneladas transportadas. Esse volume representa 36,5% do total e um crescimento de 11,39% em rela\u00e7\u00e3o ao mesmo per\u00edodo de 2024. Outros itens importantes foram produtos qu\u00edmicos e adubos (2,6 mi\/ton cada), al\u00e9m da bauxita (2,1 mi\/ton) e petr\u00f3leo e derivados (1,2 mi\/ton).<\/p>\n\n\n\n<p>A movimenta\u00e7\u00e3o de cont\u00eaineres tamb\u00e9m apresentou um crescimento expressivo. O volume passou de 5,58 milh\u00f5es para 5,94 milh\u00f5es de toneladas no comparativo entre os primeiros semestres de 2024 e 2025, impulsionado por aprimoramentos log\u00edsticos.<\/p>\n\n\n\n<p>O crescimento se reflete tamb\u00e9m nas importa\u00e7\u00f5es, que registraram alta de 14,67% no semestre. A localiza\u00e7\u00e3o estrat\u00e9gica da regi\u00e3o Norte, pr\u00f3xima ao Arco Norte, oferece uma rota mais competitiva para a Europa, Estados Unidos e \u00c1sia, servindo como uma alternativa eficiente aos portos do Sudeste e Sul do pa\u00eds.<\/p>\n\n\n\n<p><\/p>\n","protected":false},"excerpt":{"rendered":"<p>da Ag\u00eancia iNFRA O Porto de Vila do Conde, no Par\u00e1, se consolidou como o principal terminal da regi\u00e3o Norte no primeiro semestre de 2025. Segundo dados da ANTAQ (Ag\u00eancia Nacional de Transportes Aquavi\u00e1rios), o porto movimentou 9,5 milh\u00f5es de toneladas, liderando a regi\u00e3o que, no total, transportou 29 milh\u00f5es de toneladas no per\u00edodo. Atr\u00e1s [&hellip;]<\/p>\n","protected":false},"author":1,"featured_media":6192,"comment_status":"closed","ping_status":"closed","sticky":false,"template":"","format":"standard","meta":{"_monsterinsights_skip_tracking":false,"_monsterinsights_sitenote_active":false,"_monsterinsights_sitenote_note":"","_monsterinsights_sitenote_category":0,"footnotes":""},"categories":[1,13576],"tags":[86,624,2602,688,1636,4347,15044],"class_list":["post-26889","post","type-post","status-publish","format-standard","has-post-thumbnail","hentry","category-geral","category-giro-infra","tag-antaq","tag-belem","tag-norte","tag-para","tag-porto-de-vila-do-conde","tag-porto-velho","tag-santarem"],"yoast_head":"<!-- This site is optimized with the Yoast SEO Premium plugin v25.4 (Yoast SEO v26.0) - https:\/\/yoast.com\/wordpress\/plugins\/seo\/ -->\n<title>Porto de Vila do Conde movimenta 9,5 mi de toneladas e lidera fluxo no Norte - Ag\u00eancia iNFRA<\/title>\n<meta name=\"robots\" content=\"index, follow, max-snippet:-1, max-image-preview:large, max-video-preview:-1\" \/>\n<link rel=\"canonical\" href=\"https:\/\/agenciainfra.com\/blog\/porto-de-vila-do-conde-movimenta-95-mi-de-toneladas-e-lidera-fluxo-no-norte\/\" \/>\n<meta property=\"og:locale\" content=\"pt_BR\" \/>\n<meta property=\"og:type\" content=\"article\" \/>\n<meta property=\"og:title\" content=\"Porto de Vila do Conde movimenta 9,5 mi de toneladas e lidera fluxo no Norte\" \/>\n<meta property=\"og:description\" content=\"da Ag\u00eancia iNFRA O Porto de Vila do Conde, no Par\u00e1, se consolidou como o principal terminal da regi\u00e3o Norte no primeiro semestre de 2025. Segundo dados da ANTAQ (Ag\u00eancia Nacional de Transportes Aquavi\u00e1rios), o porto movimentou 9,5 milh\u00f5es de toneladas, liderando a regi\u00e3o que, no total, transportou 29 milh\u00f5es de toneladas no per\u00edodo. Atr\u00e1s [&hellip;]\" \/>\n<meta property=\"og:url\" content=\"https:\/\/agenciainfra.com\/blog\/porto-de-vila-do-conde-movimenta-95-mi-de-toneladas-e-lidera-fluxo-no-norte\/\" \/>\n<meta property=\"og:site_name\" content=\"Ag\u00eancia iNFRA\" \/>\n<meta property=\"article:publisher\" content=\"https:\/\/www.facebook.com\/ageninfra\" \/>\n<meta property=\"article:published_time\" content=\"2025-08-28T21:22:25+00:00\" \/>\n<meta property=\"article:modified_time\" content=\"2025-08-28T21:22:27+00:00\" \/>\n<meta property=\"og:image\" content=\"https:\/\/agenciainfra.com\/blog\/wp-content\/uploads\/2020\/10\/vila-do-conde-foto-ppi.jpeg\" \/>\n\t<meta property=\"og:image:width\" content=\"1280\" \/>\n\t<meta property=\"og:image:height\" content=\"853\" \/>\n\t<meta property=\"og:image:type\" content=\"image\/jpeg\" \/>\n<meta name=\"author\" content=\"Ag\u00eancia iNFRA\" \/>\n<meta name=\"twitter:card\" content=\"summary_large_image\" \/>\n<meta name=\"twitter:creator\" content=\"@agencia_infra\" \/>\n<meta name=\"twitter:site\" content=\"@agencia_infra\" \/>\n<meta name=\"twitter:label1\" content=\"Escrito por\" \/>\n\t<meta name=\"twitter:data1\" content=\"Ag\u00eancia iNFRA\" \/>\n\t<meta name=\"twitter:label2\" content=\"Est. tempo de leitura\" \/>\n\t<meta name=\"twitter:data2\" content=\"1 minuto\" \/>\n<script type=\"application\/ld+json\" class=\"yoast-schema-graph\">{\"@context\":\"https:\/\/schema.org\",\"@graph\":[{\"@type\":\"Article\",\"@id\":\"https:\/\/agenciainfra.com\/blog\/porto-de-vila-do-conde-movimenta-95-mi-de-toneladas-e-lidera-fluxo-no-norte\/#article\",\"isPartOf\":{\"@id\":\"https:\/\/agenciainfra.com\/blog\/porto-de-vila-do-conde-movimenta-95-mi-de-toneladas-e-lidera-fluxo-no-norte\/\"},\"author\":{\"name\":\"Ag\u00eancia iNFRA\",\"@id\":\"https:\/\/agenciainfra.com\/blog\/#\/schema\/person\/34af08dff6adea4cb22b06612ba7acfa\"},\"headline\":\"Porto de Vila do Conde movimenta 9,5 mi de toneladas e lidera fluxo no Norte\",\"datePublished\":\"2025-08-28T21:22:25+00:00\",\"dateModified\":\"2025-08-28T21:22:27+00:00\",\"mainEntityOfPage\":{\"@id\":\"https:\/\/agenciainfra.com\/blog\/porto-de-vila-do-conde-movimenta-95-mi-de-toneladas-e-lidera-fluxo-no-norte\/\"},\"wordCount\":280,\"publisher\":{\"@id\":\"https:\/\/agenciainfra.com\/blog\/#organization\"},\"image\":{\"@id\":\"https:\/\/agenciainfra.com\/blog\/porto-de-vila-do-conde-movimenta-95-mi-de-toneladas-e-lidera-fluxo-no-norte\/#primaryimage\"},\"thumbnailUrl\":\"https:\/\/agenciainfra.com\/blog\/wp-content\/uploads\/2020\/10\/vila-do-conde-foto-ppi.jpeg\",\"keywords\":[\"ANTAQ\",\"Bel\u00e9m\",\"Norte\",\"Par\u00e1\",\"Porto de Vila do Conde\",\"Porto Velho\",\"Santar\u00e9m\"],\"articleSection\":[\"Geral\",\"Giro iNFRA\"],\"inLanguage\":\"pt-BR\",\"copyrightYear\":\"2025\",\"copyrightHolder\":{\"@id\":\"https:\/\/agenciainfra.com\/blog\/#organization\"}},{\"@type\":\"WebPage\",\"@id\":\"https:\/\/agenciainfra.com\/blog\/porto-de-vila-do-conde-movimenta-95-mi-de-toneladas-e-lidera-fluxo-no-norte\/\",\"url\":\"https:\/\/agenciainfra.com\/blog\/porto-de-vila-do-conde-movimenta-95-mi-de-toneladas-e-lidera-fluxo-no-norte\/\",\"name\":\"Porto de Vila do Conde movimenta 9,5 mi de toneladas e lidera fluxo no Norte - Ag\u00eancia iNFRA\",\"isPartOf\":{\"@id\":\"https:\/\/agenciainfra.com\/blog\/#website\"},\"primaryImageOfPage\":{\"@id\":\"https:\/\/agenciainfra.com\/blog\/porto-de-vila-do-conde-movimenta-95-mi-de-toneladas-e-lidera-fluxo-no-norte\/#primaryimage\"},\"image\":{\"@id\":\"https:\/\/agenciainfra.com\/blog\/porto-de-vila-do-conde-movimenta-95-mi-de-toneladas-e-lidera-fluxo-no-norte\/#primaryimage\"},\"thumbnailUrl\":\"https:\/\/agenciainfra.com\/blog\/wp-content\/uploads\/2020\/10\/vila-do-conde-foto-ppi.jpeg\",\"datePublished\":\"2025-08-28T21:22:25+00:00\",\"dateModified\":\"2025-08-28T21:22:27+00:00\",\"breadcrumb\":{\"@id\":\"https:\/\/agenciainfra.com\/blog\/porto-de-vila-do-conde-movimenta-95-mi-de-toneladas-e-lidera-fluxo-no-norte\/#breadcrumb\"},\"inLanguage\":\"pt-BR\",\"potentialAction\":[{\"@type\":\"ReadAction\",\"target\":[\"https:\/\/agenciainfra.com\/blog\/porto-de-vila-do-conde-movimenta-95-mi-de-toneladas-e-lidera-fluxo-no-norte\/\"]}]},{\"@type\":\"ImageObject\",\"inLanguage\":\"pt-BR\",\"@id\":\"https:\/\/agenciainfra.com\/blog\/porto-de-vila-do-conde-movimenta-95-mi-de-toneladas-e-lidera-fluxo-no-norte\/#primaryimage\",\"url\":\"https:\/\/agenciainfra.com\/blog\/wp-content\/uploads\/2020\/10\/vila-do-conde-foto-ppi.jpeg\",\"contentUrl\":\"https:\/\/agenciainfra.com\/blog\/wp-content\/uploads\/2020\/10\/vila-do-conde-foto-ppi.jpeg\",\"width\":1280,\"height\":853,\"caption\":\"Foto: Divulga\u00e7\u00e3o\/PPI\"},{\"@type\":\"BreadcrumbList\",\"@id\":\"https:\/\/agenciainfra.com\/blog\/porto-de-vila-do-conde-movimenta-95-mi-de-toneladas-e-lidera-fluxo-no-norte\/#breadcrumb\",\"itemListElement\":[{\"@type\":\"ListItem\",\"position\":1,\"name\":\"In\u00edcio\",\"item\":\"https:\/\/agenciainfra.com\/blog\/\"},{\"@type\":\"ListItem\",\"position\":2,\"name\":\"Porto de Vila do Conde movimenta 9,5 mi de toneladas e lidera fluxo no Norte\"}]},{\"@type\":\"WebSite\",\"@id\":\"https:\/\/agenciainfra.com\/blog\/#website\",\"url\":\"https:\/\/agenciainfra.com\/blog\/\",\"name\":\"Ag\u00eancia iNFRA\",\"description\":\"Multiplataforma de informa\u00e7\u00e3o jornal\u00edstica refer\u00eancia na \u00e1rea de infraestrutura no Brasil!\",\"publisher\":{\"@id\":\"https:\/\/agenciainfra.com\/blog\/#organization\"},\"potentialAction\":[{\"@type\":\"SearchAction\",\"target\":{\"@type\":\"EntryPoint\",\"urlTemplate\":\"https:\/\/agenciainfra.com\/blog\/?s={search_term_string}\"},\"query-input\":{\"@type\":\"PropertyValueSpecification\",\"valueRequired\":true,\"valueName\":\"search_term_string\"}}],\"inLanguage\":\"pt-BR\"},{\"@type\":\"Organization\",\"@id\":\"https:\/\/agenciainfra.com\/blog\/#organization\",\"name\":\"Ag\u00eancia iNFRA\",\"url\":\"https:\/\/agenciainfra.com\/blog\/\",\"logo\":{\"@type\":\"ImageObject\",\"inLanguage\":\"pt-BR\",\"@id\":\"https:\/\/agenciainfra.com\/blog\/#\/schema\/logo\/image\/\",\"url\":\"https:\/\/agenciainfra.com\/blog\/wp-content\/uploads\/2023\/09\/iNFRA_5-e1761735885940.png\",\"contentUrl\":\"https:\/\/agenciainfra.com\/blog\/wp-content\/uploads\/2023\/09\/iNFRA_5-e1761735885940.png\",\"width\":1672,\"height\":454,\"caption\":\"Ag\u00eancia iNFRA\"},\"image\":{\"@id\":\"https:\/\/agenciainfra.com\/blog\/#\/schema\/logo\/image\/\"},\"sameAs\":[\"https:\/\/www.facebook.com\/ageninfra\",\"https:\/\/x.com\/agencia_infra\",\"https:\/\/www.linkedin.com\/company\/ag\u00eanciainfra\/\",\"https:\/\/www.instagram.com\/agenciainfra\/\"]},{\"@type\":\"Person\",\"@id\":\"https:\/\/agenciainfra.com\/blog\/#\/schema\/person\/34af08dff6adea4cb22b06612ba7acfa\",\"name\":\"Ag\u00eancia iNFRA\",\"image\":{\"@type\":\"ImageObject\",\"inLanguage\":\"pt-BR\",\"@id\":\"https:\/\/agenciainfra.com\/blog\/#\/schema\/person\/image\/\",\"url\":\"https:\/\/secure.gravatar.com\/avatar\/d189e01678f06d8eb84d4e01f08eb848b3fffe3f8443818d3c356c66892f5be8?s=96&d=mm&r=g\",\"contentUrl\":\"https:\/\/secure.gravatar.com\/avatar\/d189e01678f06d8eb84d4e01f08eb848b3fffe3f8443818d3c356c66892f5be8?s=96&d=mm&r=g\",\"caption\":\"Ag\u00eancia iNFRA\"},\"url\":\"https:\/\/agenciainfra.com\/blog\/author\/admin\/\"}]}<\/script>\n<!-- \/ Yoast SEO Premium plugin. -->","yoast_head_json":{"title":"Porto de Vila do Conde movimenta 9,5 mi de toneladas e lidera fluxo no Norte - Ag\u00eancia iNFRA","robots":{"index":"index","follow":"follow","max-snippet":"max-snippet:-1","max-image-preview":"max-image-preview:large","max-video-preview":"max-video-preview:-1"},"canonical":"https:\/\/agenciainfra.com\/blog\/porto-de-vila-do-conde-movimenta-95-mi-de-toneladas-e-lidera-fluxo-no-norte\/","og_locale":"pt_BR","og_type":"article","og_title":"Porto de Vila do Conde movimenta 9,5 mi de toneladas e lidera fluxo no Norte","og_description":"da Ag\u00eancia iNFRA O Porto de Vila do Conde, no Par\u00e1, se consolidou como o principal terminal da regi\u00e3o Norte no primeiro semestre de 2025. Segundo dados da ANTAQ (Ag\u00eancia Nacional de Transportes Aquavi\u00e1rios), o porto movimentou 9,5 milh\u00f5es de toneladas, liderando a regi\u00e3o que, no total, transportou 29 milh\u00f5es de toneladas no per\u00edodo. Atr\u00e1s [&hellip;]","og_url":"https:\/\/agenciainfra.com\/blog\/porto-de-vila-do-conde-movimenta-95-mi-de-toneladas-e-lidera-fluxo-no-norte\/","og_site_name":"Ag\u00eancia iNFRA","article_publisher":"https:\/\/www.facebook.com\/ageninfra","article_published_time":"2025-08-28T21:22:25+00:00","article_modified_time":"2025-08-28T21:22:27+00:00","og_image":[{"width":1280,"height":853,"url":"https:\/\/agenciainfra.com\/blog\/wp-content\/uploads\/2020\/10\/vila-do-conde-foto-ppi.jpeg","type":"image\/jpeg"}],"author":"Ag\u00eancia iNFRA","twitter_card":"summary_large_image","twitter_creator":"@agencia_infra","twitter_site":"@agencia_infra","twitter_misc":{"Escrito por":"Ag\u00eancia iNFRA","Est. tempo de leitura":"1 minuto"},"schema":{"@context":"https:\/\/schema.org","@graph":[{"@type":"Article","@id":"https:\/\/agenciainfra.com\/blog\/porto-de-vila-do-conde-movimenta-95-mi-de-toneladas-e-lidera-fluxo-no-norte\/#article","isPartOf":{"@id":"https:\/\/agenciainfra.com\/blog\/porto-de-vila-do-conde-movimenta-95-mi-de-toneladas-e-lidera-fluxo-no-norte\/"},"author":{"name":"Ag\u00eancia iNFRA","@id":"https:\/\/agenciainfra.com\/blog\/#\/schema\/person\/34af08dff6adea4cb22b06612ba7acfa"},"headline":"Porto de Vila do Conde movimenta 9,5 mi de toneladas e lidera fluxo no Norte","datePublished":"2025-08-28T21:22:25+00:00","dateModified":"2025-08-28T21:22:27+00:00","mainEntityOfPage":{"@id":"https:\/\/agenciainfra.com\/blog\/porto-de-vila-do-conde-movimenta-95-mi-de-toneladas-e-lidera-fluxo-no-norte\/"},"wordCount":280,"publisher":{"@id":"https:\/\/agenciainfra.com\/blog\/#organization"},"image":{"@id":"https:\/\/agenciainfra.com\/blog\/porto-de-vila-do-conde-movimenta-95-mi-de-toneladas-e-lidera-fluxo-no-norte\/#primaryimage"},"thumbnailUrl":"https:\/\/agenciainfra.com\/blog\/wp-content\/uploads\/2020\/10\/vila-do-conde-foto-ppi.jpeg","keywords":["ANTAQ","Bel\u00e9m","Norte","Par\u00e1","Porto de Vila do Conde","Porto Velho","Santar\u00e9m"],"articleSection":["Geral","Giro iNFRA"],"inLanguage":"pt-BR","copyrightYear":"2025","copyrightHolder":{"@id":"https:\/\/agenciainfra.com\/blog\/#organization"}},{"@type":"WebPage","@id":"https:\/\/agenciainfra.com\/blog\/porto-de-vila-do-conde-movimenta-95-mi-de-toneladas-e-lidera-fluxo-no-norte\/","url":"https:\/\/agenciainfra.com\/blog\/porto-de-vila-do-conde-movimenta-95-mi-de-toneladas-e-lidera-fluxo-no-norte\/","name":"Porto de Vila do Conde movimenta 9,5 mi de toneladas e lidera fluxo no Norte - Ag\u00eancia iNFRA","isPartOf":{"@id":"https:\/\/agenciainfra.com\/blog\/#website"},"primaryImageOfPage":{"@id":"https:\/\/agenciainfra.com\/blog\/porto-de-vila-do-conde-movimenta-95-mi-de-toneladas-e-lidera-fluxo-no-norte\/#primaryimage"},"image":{"@id":"https:\/\/agenciainfra.com\/blog\/porto-de-vila-do-conde-movimenta-95-mi-de-toneladas-e-lidera-fluxo-no-norte\/#primaryimage"},"thumbnailUrl":"https:\/\/agenciainfra.com\/blog\/wp-content\/uploads\/2020\/10\/vila-do-conde-foto-ppi.jpeg","datePublished":"2025-08-28T21:22:25+00:00","dateModified":"2025-08-28T21:22:27+00:00","breadcrumb":{"@id":"https:\/\/agenciainfra.com\/blog\/porto-de-vila-do-conde-movimenta-95-mi-de-toneladas-e-lidera-fluxo-no-norte\/#breadcrumb"},"inLanguage":"pt-BR","potentialAction":[{"@type":"ReadAction","target":["https:\/\/agenciainfra.com\/blog\/porto-de-vila-do-conde-movimenta-95-mi-de-toneladas-e-lidera-fluxo-no-norte\/"]}]},{"@type":"ImageObject","inLanguage":"pt-BR","@id":"https:\/\/agenciainfra.com\/blog\/porto-de-vila-do-conde-movimenta-95-mi-de-toneladas-e-lidera-fluxo-no-norte\/#primaryimage","url":"https:\/\/agenciainfra.com\/blog\/wp-content\/uploads\/2020\/10\/vila-do-conde-foto-ppi.jpeg","contentUrl":"https:\/\/agenciainfra.com\/blog\/wp-content\/uploads\/2020\/10\/vila-do-conde-foto-ppi.jpeg","width":1280,"height":853,"caption":"Foto: Divulga\u00e7\u00e3o\/PPI"},{"@type":"BreadcrumbList","@id":"https:\/\/agenciainfra.com\/blog\/porto-de-vila-do-conde-movimenta-95-mi-de-toneladas-e-lidera-fluxo-no-norte\/#breadcrumb","itemListElement":[{"@type":"ListItem","position":1,"name":"In\u00edcio","item":"https:\/\/agenciainfra.com\/blog\/"},{"@type":"ListItem","position":2,"name":"Porto de Vila do Conde movimenta 9,5 mi de toneladas e lidera fluxo no Norte"}]},{"@type":"WebSite","@id":"https:\/\/agenciainfra.com\/blog\/#website","url":"https:\/\/agenciainfra.com\/blog\/","name":"Ag\u00eancia iNFRA","description":"Multiplataforma de informa\u00e7\u00e3o jornal\u00edstica refer\u00eancia na \u00e1rea de infraestrutura no Brasil!","publisher":{"@id":"https:\/\/agenciainfra.com\/blog\/#organization"},"potentialAction":[{"@type":"SearchAction","target":{"@type":"EntryPoint","urlTemplate":"https:\/\/agenciainfra.com\/blog\/?s={search_term_string}"},"query-input":{"@type":"PropertyValueSpecification","valueRequired":true,"valueName":"search_term_string"}}],"inLanguage":"pt-BR"},{"@type":"Organization","@id":"https:\/\/agenciainfra.com\/blog\/#organization","name":"Ag\u00eancia iNFRA","url":"https:\/\/agenciainfra.com\/blog\/","logo":{"@type":"ImageObject","inLanguage":"pt-BR","@id":"https:\/\/agenciainfra.com\/blog\/#\/schema\/logo\/image\/","url":"https:\/\/agenciainfra.com\/blog\/wp-content\/uploads\/2023\/09\/iNFRA_5-e1761735885940.png","contentUrl":"https:\/\/agenciainfra.com\/blog\/wp-content\/uploads\/2023\/09\/iNFRA_5-e1761735885940.png","width":1672,"height":454,"caption":"Ag\u00eancia iNFRA"},"image":{"@id":"https:\/\/agenciainfra.com\/blog\/#\/schema\/logo\/image\/"},"sameAs":["https:\/\/www.facebook.com\/ageninfra","https:\/\/x.com\/agencia_infra","https:\/\/www.linkedin.com\/company\/ag\u00eanciainfra\/","https:\/\/www.instagram.com\/agenciainfra\/"]},{"@type":"Person","@id":"https:\/\/agenciainfra.com\/blog\/#\/schema\/person\/34af08dff6adea4cb22b06612ba7acfa","name":"Ag\u00eancia iNFRA","image":{"@type":"ImageObject","inLanguage":"pt-BR","@id":"https:\/\/agenciainfra.com\/blog\/#\/schema\/person\/image\/","url":"https:\/\/secure.gravatar.com\/avatar\/d189e01678f06d8eb84d4e01f08eb848b3fffe3f8443818d3c356c66892f5be8?s=96&d=mm&r=g","contentUrl":"https:\/\/secure.gravatar.com\/avatar\/d189e01678f06d8eb84d4e01f08eb848b3fffe3f8443818d3c356c66892f5be8?s=96&d=mm&r=g","caption":"Ag\u00eancia iNFRA"},"url":"https:\/\/agenciainfra.com\/blog\/author\/admin\/"}]}},"_links":{"self":[{"href":"https:\/\/agenciainfra.com\/blog\/wp-json\/wp\/v2\/posts\/26889","targetHints":{"allow":["GET"]}}],"collection":[{"href":"https:\/\/agenciainfra.com\/blog\/wp-json\/wp\/v2\/posts"}],"about":[{"href":"https:\/\/agenciainfra.com\/blog\/wp-json\/wp\/v2\/types\/post"}],"author":[{"embeddable":true,"href":"https:\/\/agenciainfra.com\/blog\/wp-json\/wp\/v2\/users\/1"}],"replies":[{"embeddable":true,"href":"https:\/\/agenciainfra.com\/blog\/wp-json\/wp\/v2\/comments?post=26889"}],"version-history":[{"count":1,"href":"https:\/\/agenciainfra.com\/blog\/wp-json\/wp\/v2\/posts\/26889\/revisions"}],"predecessor-version":[{"id":26890,"href":"https:\/\/agenciainfra.com\/blog\/wp-json\/wp\/v2\/posts\/26889\/revisions\/26890"}],"wp:featuredmedia":[{"embeddable":true,"href":"https:\/\/agenciainfra.com\/blog\/wp-json\/wp\/v2\/media\/6192"}],"wp:attachment":[{"href":"https:\/\/agenciainfra.com\/blog\/wp-json\/wp\/v2\/media?parent=26889"}],"wp:term":[{"taxonomy":"category","embeddable":true,"href":"https:\/\/agenciainfra.com\/blog\/wp-json\/wp\/v2\/categories?post=26889"},{"taxonomy":"post_tag","embeddable":true,"href":"https:\/\/agenciainfra.com\/blog\/wp-json\/wp\/v2\/tags?post=26889"}],"curies":[{"name":"wp","href":"https:\/\/api.w.org\/{rel}","templated":true}]}}