{"id":26895,"date":"2025-08-28T21:02:39","date_gmt":"2025-08-29T00:02:39","guid":{"rendered":"https:\/\/agenciainfra.com\/blog\/?p=26895"},"modified":"2025-08-29T18:16:13","modified_gmt":"2025-08-29T21:16:13","slug":"tcu-nega-suspender-renovacao-de-concessoes-das-distribuidoras-ate-pagamento-de-multas","status":"publish","type":"post","link":"https:\/\/agenciainfra.com\/blog\/tcu-nega-suspender-renovacao-de-concessoes-das-distribuidoras-ate-pagamento-de-multas\/","title":{"rendered":"TCU nega suspender renova\u00e7\u00e3o de concess\u00f5es das distribuidoras at\u00e9 pagamento de multas"},"content":{"rendered":"\n<p class=\"has-text-align-right\"><strong>La\u00eds Carregosa, da Ag\u00eancia iNFRA<\/strong><\/p>\n\n\n\n<p>O ministro do TCU (Tribunal de Contas da Uni\u00e3o) Antonio Anastasia negou um pedido de medida cautelar protocolado pelo Inel (Instituto Nacional de Energia Limpa) para suspender a renova\u00e7\u00e3o das concess\u00f5es de distribui\u00e7\u00e3o e revogar os contratos j\u00e1 assinados com \u201cdistribuidoras inadimplentes\u201d at\u00e9 que as empresas paguem multas contratuais e setoriais.<\/p>\n\n\n\n<p>Em despacho assinado na quarta-feira (27), Anastasia disse que n\u00e3o h\u00e1 urg\u00eancia para uma medida cautelar. O ministro determinou o retorno do processo \u00e0 \u00e1rea t\u00e9cnica para an\u00e1lise de m\u00e9rito, incluindo eventual adequa\u00e7\u00e3o para exigir o pagamento de multas como condicionante para as renova\u00e7\u00f5es.<\/p>\n\n\n\n<p>No entanto, o ministro pondera que a maior parte das a\u00e7\u00f5es est\u00e1 sendo discutida no Judici\u00e1rio \u201ce, portanto, a rigor, seu pagamento n\u00e3o \u00e9 plenamente exig\u00edvel no momento\u201d.<\/p>\n\n\n\n<p>Anastasia afirma ainda que, segundo an\u00e1lise da unidade t\u00e9cnica, \u201cnem mesmo a poss\u00edvel renova\u00e7\u00e3o impedir\u00e1 que os valores atinentes a penalidades sejam cobrados com o uso dos instrumentos legais dispon\u00edveis, devendo, por certo, incidir os devidos juros e corre\u00e7\u00e3o monet\u00e1ria sobre as quantias a serem pagas\u201d.<\/p>\n\n\n\n<p><strong>Pagamento das multas<\/strong><br>O debate sobre o pagamento das multas contratuais e setoriais \u00e0 ANEEL (Ag\u00eancia Nacional de Energia El\u00e9trica) surgiu durante a aprova\u00e7\u00e3o da minuta de contrato para renova\u00e7\u00e3o das concess\u00f5es de 19 distribuidoras de energia com vencimento at\u00e9 2031, em fevereiro.<\/p>\n\n\n\n<p>Na ocasi\u00e3o, a relatora do processo, a diretora Agnes Costa, incluiu uma recomenda\u00e7\u00e3o para que o MME (Minist\u00e9rio de Minas e Energia) avaliasse exigir o pagamento de multas pelas concession\u00e1rias. Segundo a relatora, as penalidades somam R$ 944 milh\u00f5es em multas n\u00e3o recolhidas.<\/p>\n\n\n\n<p>\u00c0 <strong>Ag\u00eancia iNFRA<\/strong>, o diretor-executivo de regula\u00e7\u00e3o da Abradee (Associa\u00e7\u00e3o Brasileira dos Distribuidores de Energia El\u00e9trica), Ricardo Brand\u00e3o, afirmou que a distribuidora \u00e9 obrigada a pagar as multas ap\u00f3s dez dias do tr\u00e2nsito em julgado da decis\u00e3o judicial, perdendo o direito a repasses da CDE (Conta de Desenvolvimento Energ\u00e9tico) e a reajustes tarif\u00e1rios caso fique inadimplente.<\/p>\n\n\n\n<p>\u201cNo final das contas, o que est\u00e1 se pedindo \u00e9 para a empresa desistir de uma a\u00e7\u00e3o judicial, que \u00e9 um direito que ela tem \u2013 ela tem direito de impugnar uma multa na Justi\u00e7a \u2013 para exercer um outro direito de prorroga\u00e7\u00e3o das concess\u00f5es. Por isso que o decreto [que permite as renova\u00e7\u00f5es] n\u00e3o tem essa exig\u00eancia\u201d, afirmou.<\/p>\n\n\n\n<p><\/p>\n","protected":false},"excerpt":{"rendered":"<p>La\u00eds Carregosa, da Ag\u00eancia iNFRA O ministro do TCU (Tribunal de Contas da Uni\u00e3o) Antonio Anastasia negou um pedido de medida cautelar protocolado pelo Inel (Instituto Nacional de Energia Limpa) para suspender a renova\u00e7\u00e3o das concess\u00f5es de distribui\u00e7\u00e3o e revogar os contratos j\u00e1 assinados com \u201cdistribuidoras inadimplentes\u201d at\u00e9 que as empresas paguem multas contratuais e [&hellip;]<\/p>\n","protected":false},"author":1,"featured_media":17877,"comment_status":"closed","ping_status":"closed","sticky":false,"template":"","format":"standard","meta":{"_monsterinsights_skip_tracking":false,"_monsterinsights_sitenote_active":false,"_monsterinsights_sitenote_note":"","_monsterinsights_sitenote_category":0,"footnotes":""},"categories":[7250,1,10],"tags":[53,3252,13132,18],"class_list":["post-26895","post","type-post","status-publish","format-standard","has-post-thumbnail","hentry","category-destaque-lista","category-geral","category-infraenergia","tag-aneel","tag-antonio-anastasia","tag-lais-carregosa","tag-tcu"],"yoast_head":"<!-- This site is optimized with the Yoast SEO Premium plugin v25.4 (Yoast SEO v26.0) - https:\/\/yoast.com\/wordpress\/plugins\/seo\/ -->\n<title>TCU nega suspender renova\u00e7\u00e3o de concess\u00f5es das distribuidoras at\u00e9 pagamento de multas - Ag\u00eancia iNFRA<\/title>\n<meta name=\"robots\" content=\"index, follow, max-snippet:-1, max-image-preview:large, max-video-preview:-1\" \/>\n<link rel=\"canonical\" href=\"https:\/\/agenciainfra.com\/blog\/tcu-nega-suspender-renovacao-de-concessoes-das-distribuidoras-ate-pagamento-de-multas\/\" \/>\n<meta property=\"og:locale\" content=\"pt_BR\" \/>\n<meta property=\"og:type\" content=\"article\" \/>\n<meta property=\"og:title\" content=\"TCU nega suspender renova\u00e7\u00e3o de concess\u00f5es das distribuidoras at\u00e9 pagamento de multas\" \/>\n<meta property=\"og:description\" content=\"La\u00eds Carregosa, da Ag\u00eancia iNFRA O ministro do TCU (Tribunal de Contas da Uni\u00e3o) Antonio Anastasia negou um pedido de medida cautelar protocolado pelo Inel (Instituto Nacional de Energia Limpa) para suspender a renova\u00e7\u00e3o das concess\u00f5es de distribui\u00e7\u00e3o e revogar os contratos j\u00e1 assinados com \u201cdistribuidoras inadimplentes\u201d at\u00e9 que as empresas paguem multas contratuais e [&hellip;]\" \/>\n<meta property=\"og:url\" content=\"https:\/\/agenciainfra.com\/blog\/tcu-nega-suspender-renovacao-de-concessoes-das-distribuidoras-ate-pagamento-de-multas\/\" \/>\n<meta property=\"og:site_name\" content=\"Ag\u00eancia iNFRA\" \/>\n<meta property=\"article:publisher\" content=\"https:\/\/www.facebook.com\/ageninfra\" \/>\n<meta property=\"article:published_time\" content=\"2025-08-29T00:02:39+00:00\" \/>\n<meta property=\"article:modified_time\" content=\"2025-08-29T21:16:13+00:00\" \/>\n<meta property=\"og:image\" content=\"https:\/\/agenciainfra.com\/blog\/wp-content\/uploads\/2024\/07\/antonio-anastasia-foto-tcu-samuel-figueira-2.jpg\" \/>\n\t<meta property=\"og:image:width\" content=\"1202\" \/>\n\t<meta property=\"og:image:height\" content=\"801\" \/>\n\t<meta property=\"og:image:type\" content=\"image\/jpeg\" \/>\n<meta name=\"author\" content=\"Ag\u00eancia iNFRA\" \/>\n<meta name=\"twitter:card\" content=\"summary_large_image\" \/>\n<meta name=\"twitter:creator\" content=\"@agencia_infra\" \/>\n<meta name=\"twitter:site\" content=\"@agencia_infra\" \/>\n<meta name=\"twitter:label1\" content=\"Escrito por\" \/>\n\t<meta name=\"twitter:data1\" content=\"Ag\u00eancia iNFRA\" \/>\n\t<meta name=\"twitter:label2\" content=\"Est. tempo de leitura\" \/>\n\t<meta name=\"twitter:data2\" content=\"2 minutos\" \/>\n<script type=\"application\/ld+json\" class=\"yoast-schema-graph\">{\"@context\":\"https:\/\/schema.org\",\"@graph\":[{\"@type\":\"Article\",\"@id\":\"https:\/\/agenciainfra.com\/blog\/tcu-nega-suspender-renovacao-de-concessoes-das-distribuidoras-ate-pagamento-de-multas\/#article\",\"isPartOf\":{\"@id\":\"https:\/\/agenciainfra.com\/blog\/tcu-nega-suspender-renovacao-de-concessoes-das-distribuidoras-ate-pagamento-de-multas\/\"},\"author\":{\"name\":\"Ag\u00eancia iNFRA\",\"@id\":\"https:\/\/agenciainfra.com\/blog\/#\/schema\/person\/34af08dff6adea4cb22b06612ba7acfa\"},\"headline\":\"TCU nega suspender renova\u00e7\u00e3o de concess\u00f5es das distribuidoras at\u00e9 pagamento de multas\",\"datePublished\":\"2025-08-29T00:02:39+00:00\",\"dateModified\":\"2025-08-29T21:16:13+00:00\",\"mainEntityOfPage\":{\"@id\":\"https:\/\/agenciainfra.com\/blog\/tcu-nega-suspender-renovacao-de-concessoes-das-distribuidoras-ate-pagamento-de-multas\/\"},\"wordCount\":428,\"publisher\":{\"@id\":\"https:\/\/agenciainfra.com\/blog\/#organization\"},\"image\":{\"@id\":\"https:\/\/agenciainfra.com\/blog\/tcu-nega-suspender-renovacao-de-concessoes-das-distribuidoras-ate-pagamento-de-multas\/#primaryimage\"},\"thumbnailUrl\":\"https:\/\/agenciainfra.com\/blog\/wp-content\/uploads\/2024\/07\/antonio-anastasia-foto-tcu-samuel-figueira-2.jpg\",\"keywords\":[\"ANEEL\",\"Antonio Anastasia\",\"Lais Carregosa\",\"TCU\"],\"articleSection\":[\"Destaque lista\",\"Geral\",\"iNFRAEnergia\"],\"inLanguage\":\"pt-BR\",\"copyrightYear\":\"2025\",\"copyrightHolder\":{\"@id\":\"https:\/\/agenciainfra.com\/blog\/#organization\"}},{\"@type\":\"WebPage\",\"@id\":\"https:\/\/agenciainfra.com\/blog\/tcu-nega-suspender-renovacao-de-concessoes-das-distribuidoras-ate-pagamento-de-multas\/\",\"url\":\"https:\/\/agenciainfra.com\/blog\/tcu-nega-suspender-renovacao-de-concessoes-das-distribuidoras-ate-pagamento-de-multas\/\",\"name\":\"TCU nega suspender renova\u00e7\u00e3o de concess\u00f5es das distribuidoras at\u00e9 pagamento de multas - Ag\u00eancia iNFRA\",\"isPartOf\":{\"@id\":\"https:\/\/agenciainfra.com\/blog\/#website\"},\"primaryImageOfPage\":{\"@id\":\"https:\/\/agenciainfra.com\/blog\/tcu-nega-suspender-renovacao-de-concessoes-das-distribuidoras-ate-pagamento-de-multas\/#primaryimage\"},\"image\":{\"@id\":\"https:\/\/agenciainfra.com\/blog\/tcu-nega-suspender-renovacao-de-concessoes-das-distribuidoras-ate-pagamento-de-multas\/#primaryimage\"},\"thumbnailUrl\":\"https:\/\/agenciainfra.com\/blog\/wp-content\/uploads\/2024\/07\/antonio-anastasia-foto-tcu-samuel-figueira-2.jpg\",\"datePublished\":\"2025-08-29T00:02:39+00:00\",\"dateModified\":\"2025-08-29T21:16:13+00:00\",\"breadcrumb\":{\"@id\":\"https:\/\/agenciainfra.com\/blog\/tcu-nega-suspender-renovacao-de-concessoes-das-distribuidoras-ate-pagamento-de-multas\/#breadcrumb\"},\"inLanguage\":\"pt-BR\",\"potentialAction\":[{\"@type\":\"ReadAction\",\"target\":[\"https:\/\/agenciainfra.com\/blog\/tcu-nega-suspender-renovacao-de-concessoes-das-distribuidoras-ate-pagamento-de-multas\/\"]}]},{\"@type\":\"ImageObject\",\"inLanguage\":\"pt-BR\",\"@id\":\"https:\/\/agenciainfra.com\/blog\/tcu-nega-suspender-renovacao-de-concessoes-das-distribuidoras-ate-pagamento-de-multas\/#primaryimage\",\"url\":\"https:\/\/agenciainfra.com\/blog\/wp-content\/uploads\/2024\/07\/antonio-anastasia-foto-tcu-samuel-figueira-2.jpg\",\"contentUrl\":\"https:\/\/agenciainfra.com\/blog\/wp-content\/uploads\/2024\/07\/antonio-anastasia-foto-tcu-samuel-figueira-2.jpg\",\"width\":1202,\"height\":801,\"caption\":\"Foto: Samuel Figueira\/TCU\"},{\"@type\":\"BreadcrumbList\",\"@id\":\"https:\/\/agenciainfra.com\/blog\/tcu-nega-suspender-renovacao-de-concessoes-das-distribuidoras-ate-pagamento-de-multas\/#breadcrumb\",\"itemListElement\":[{\"@type\":\"ListItem\",\"position\":1,\"name\":\"In\u00edcio\",\"item\":\"https:\/\/agenciainfra.com\/blog\/\"},{\"@type\":\"ListItem\",\"position\":2,\"name\":\"TCU nega suspender renova\u00e7\u00e3o de concess\u00f5es das distribuidoras at\u00e9 pagamento de multas\"}]},{\"@type\":\"WebSite\",\"@id\":\"https:\/\/agenciainfra.com\/blog\/#website\",\"url\":\"https:\/\/agenciainfra.com\/blog\/\",\"name\":\"Ag\u00eancia iNFRA\",\"description\":\"Multiplataforma de informa\u00e7\u00e3o jornal\u00edstica refer\u00eancia na \u00e1rea de infraestrutura no Brasil!\",\"publisher\":{\"@id\":\"https:\/\/agenciainfra.com\/blog\/#organization\"},\"potentialAction\":[{\"@type\":\"SearchAction\",\"target\":{\"@type\":\"EntryPoint\",\"urlTemplate\":\"https:\/\/agenciainfra.com\/blog\/?s={search_term_string}\"},\"query-input\":{\"@type\":\"PropertyValueSpecification\",\"valueRequired\":true,\"valueName\":\"search_term_string\"}}],\"inLanguage\":\"pt-BR\"},{\"@type\":\"Organization\",\"@id\":\"https:\/\/agenciainfra.com\/blog\/#organization\",\"name\":\"Ag\u00eancia iNFRA\",\"url\":\"https:\/\/agenciainfra.com\/blog\/\",\"logo\":{\"@type\":\"ImageObject\",\"inLanguage\":\"pt-BR\",\"@id\":\"https:\/\/agenciainfra.com\/blog\/#\/schema\/logo\/image\/\",\"url\":\"https:\/\/agenciainfra.com\/blog\/wp-content\/uploads\/2023\/09\/iNFRA_5-e1761735885940.png\",\"contentUrl\":\"https:\/\/agenciainfra.com\/blog\/wp-content\/uploads\/2023\/09\/iNFRA_5-e1761735885940.png\",\"width\":1672,\"height\":454,\"caption\":\"Ag\u00eancia iNFRA\"},\"image\":{\"@id\":\"https:\/\/agenciainfra.com\/blog\/#\/schema\/logo\/image\/\"},\"sameAs\":[\"https:\/\/www.facebook.com\/ageninfra\",\"https:\/\/x.com\/agencia_infra\",\"https:\/\/www.linkedin.com\/company\/ag\u00eanciainfra\/\",\"https:\/\/www.instagram.com\/agenciainfra\/\"]},{\"@type\":\"Person\",\"@id\":\"https:\/\/agenciainfra.com\/blog\/#\/schema\/person\/34af08dff6adea4cb22b06612ba7acfa\",\"name\":\"Ag\u00eancia iNFRA\",\"image\":{\"@type\":\"ImageObject\",\"inLanguage\":\"pt-BR\",\"@id\":\"https:\/\/agenciainfra.com\/blog\/#\/schema\/person\/image\/\",\"url\":\"https:\/\/secure.gravatar.com\/avatar\/d189e01678f06d8eb84d4e01f08eb848b3fffe3f8443818d3c356c66892f5be8?s=96&d=mm&r=g\",\"contentUrl\":\"https:\/\/secure.gravatar.com\/avatar\/d189e01678f06d8eb84d4e01f08eb848b3fffe3f8443818d3c356c66892f5be8?s=96&d=mm&r=g\",\"caption\":\"Ag\u00eancia iNFRA\"},\"url\":\"https:\/\/agenciainfra.com\/blog\/author\/admin\/\"}]}<\/script>\n<!-- \/ Yoast SEO Premium plugin. -->","yoast_head_json":{"title":"TCU nega suspender renova\u00e7\u00e3o de concess\u00f5es das distribuidoras at\u00e9 pagamento de multas - Ag\u00eancia iNFRA","robots":{"index":"index","follow":"follow","max-snippet":"max-snippet:-1","max-image-preview":"max-image-preview:large","max-video-preview":"max-video-preview:-1"},"canonical":"https:\/\/agenciainfra.com\/blog\/tcu-nega-suspender-renovacao-de-concessoes-das-distribuidoras-ate-pagamento-de-multas\/","og_locale":"pt_BR","og_type":"article","og_title":"TCU nega suspender renova\u00e7\u00e3o de concess\u00f5es das distribuidoras at\u00e9 pagamento de multas","og_description":"La\u00eds Carregosa, da Ag\u00eancia iNFRA O ministro do TCU (Tribunal de Contas da Uni\u00e3o) Antonio Anastasia negou um pedido de medida cautelar protocolado pelo Inel (Instituto Nacional de Energia Limpa) para suspender a renova\u00e7\u00e3o das concess\u00f5es de distribui\u00e7\u00e3o e revogar os contratos j\u00e1 assinados com \u201cdistribuidoras inadimplentes\u201d at\u00e9 que as empresas paguem multas contratuais e [&hellip;]","og_url":"https:\/\/agenciainfra.com\/blog\/tcu-nega-suspender-renovacao-de-concessoes-das-distribuidoras-ate-pagamento-de-multas\/","og_site_name":"Ag\u00eancia iNFRA","article_publisher":"https:\/\/www.facebook.com\/ageninfra","article_published_time":"2025-08-29T00:02:39+00:00","article_modified_time":"2025-08-29T21:16:13+00:00","og_image":[{"width":1202,"height":801,"url":"https:\/\/agenciainfra.com\/blog\/wp-content\/uploads\/2024\/07\/antonio-anastasia-foto-tcu-samuel-figueira-2.jpg","type":"image\/jpeg"}],"author":"Ag\u00eancia iNFRA","twitter_card":"summary_large_image","twitter_creator":"@agencia_infra","twitter_site":"@agencia_infra","twitter_misc":{"Escrito por":"Ag\u00eancia iNFRA","Est. tempo de leitura":"2 minutos"},"schema":{"@context":"https:\/\/schema.org","@graph":[{"@type":"Article","@id":"https:\/\/agenciainfra.com\/blog\/tcu-nega-suspender-renovacao-de-concessoes-das-distribuidoras-ate-pagamento-de-multas\/#article","isPartOf":{"@id":"https:\/\/agenciainfra.com\/blog\/tcu-nega-suspender-renovacao-de-concessoes-das-distribuidoras-ate-pagamento-de-multas\/"},"author":{"name":"Ag\u00eancia iNFRA","@id":"https:\/\/agenciainfra.com\/blog\/#\/schema\/person\/34af08dff6adea4cb22b06612ba7acfa"},"headline":"TCU nega suspender renova\u00e7\u00e3o de concess\u00f5es das distribuidoras at\u00e9 pagamento de multas","datePublished":"2025-08-29T00:02:39+00:00","dateModified":"2025-08-29T21:16:13+00:00","mainEntityOfPage":{"@id":"https:\/\/agenciainfra.com\/blog\/tcu-nega-suspender-renovacao-de-concessoes-das-distribuidoras-ate-pagamento-de-multas\/"},"wordCount":428,"publisher":{"@id":"https:\/\/agenciainfra.com\/blog\/#organization"},"image":{"@id":"https:\/\/agenciainfra.com\/blog\/tcu-nega-suspender-renovacao-de-concessoes-das-distribuidoras-ate-pagamento-de-multas\/#primaryimage"},"thumbnailUrl":"https:\/\/agenciainfra.com\/blog\/wp-content\/uploads\/2024\/07\/antonio-anastasia-foto-tcu-samuel-figueira-2.jpg","keywords":["ANEEL","Antonio Anastasia","Lais Carregosa","TCU"],"articleSection":["Destaque lista","Geral","iNFRAEnergia"],"inLanguage":"pt-BR","copyrightYear":"2025","copyrightHolder":{"@id":"https:\/\/agenciainfra.com\/blog\/#organization"}},{"@type":"WebPage","@id":"https:\/\/agenciainfra.com\/blog\/tcu-nega-suspender-renovacao-de-concessoes-das-distribuidoras-ate-pagamento-de-multas\/","url":"https:\/\/agenciainfra.com\/blog\/tcu-nega-suspender-renovacao-de-concessoes-das-distribuidoras-ate-pagamento-de-multas\/","name":"TCU nega suspender renova\u00e7\u00e3o de concess\u00f5es das distribuidoras at\u00e9 pagamento de multas - Ag\u00eancia iNFRA","isPartOf":{"@id":"https:\/\/agenciainfra.com\/blog\/#website"},"primaryImageOfPage":{"@id":"https:\/\/agenciainfra.com\/blog\/tcu-nega-suspender-renovacao-de-concessoes-das-distribuidoras-ate-pagamento-de-multas\/#primaryimage"},"image":{"@id":"https:\/\/agenciainfra.com\/blog\/tcu-nega-suspender-renovacao-de-concessoes-das-distribuidoras-ate-pagamento-de-multas\/#primaryimage"},"thumbnailUrl":"https:\/\/agenciainfra.com\/blog\/wp-content\/uploads\/2024\/07\/antonio-anastasia-foto-tcu-samuel-figueira-2.jpg","datePublished":"2025-08-29T00:02:39+00:00","dateModified":"2025-08-29T21:16:13+00:00","breadcrumb":{"@id":"https:\/\/agenciainfra.com\/blog\/tcu-nega-suspender-renovacao-de-concessoes-das-distribuidoras-ate-pagamento-de-multas\/#breadcrumb"},"inLanguage":"pt-BR","potentialAction":[{"@type":"ReadAction","target":["https:\/\/agenciainfra.com\/blog\/tcu-nega-suspender-renovacao-de-concessoes-das-distribuidoras-ate-pagamento-de-multas\/"]}]},{"@type":"ImageObject","inLanguage":"pt-BR","@id":"https:\/\/agenciainfra.com\/blog\/tcu-nega-suspender-renovacao-de-concessoes-das-distribuidoras-ate-pagamento-de-multas\/#primaryimage","url":"https:\/\/agenciainfra.com\/blog\/wp-content\/uploads\/2024\/07\/antonio-anastasia-foto-tcu-samuel-figueira-2.jpg","contentUrl":"https:\/\/agenciainfra.com\/blog\/wp-content\/uploads\/2024\/07\/antonio-anastasia-foto-tcu-samuel-figueira-2.jpg","width":1202,"height":801,"caption":"Foto: Samuel Figueira\/TCU"},{"@type":"BreadcrumbList","@id":"https:\/\/agenciainfra.com\/blog\/tcu-nega-suspender-renovacao-de-concessoes-das-distribuidoras-ate-pagamento-de-multas\/#breadcrumb","itemListElement":[{"@type":"ListItem","position":1,"name":"In\u00edcio","item":"https:\/\/agenciainfra.com\/blog\/"},{"@type":"ListItem","position":2,"name":"TCU nega suspender renova\u00e7\u00e3o de concess\u00f5es das distribuidoras at\u00e9 pagamento de multas"}]},{"@type":"WebSite","@id":"https:\/\/agenciainfra.com\/blog\/#website","url":"https:\/\/agenciainfra.com\/blog\/","name":"Ag\u00eancia iNFRA","description":"Multiplataforma de informa\u00e7\u00e3o jornal\u00edstica refer\u00eancia na \u00e1rea de infraestrutura no Brasil!","publisher":{"@id":"https:\/\/agenciainfra.com\/blog\/#organization"},"potentialAction":[{"@type":"SearchAction","target":{"@type":"EntryPoint","urlTemplate":"https:\/\/agenciainfra.com\/blog\/?s={search_term_string}"},"query-input":{"@type":"PropertyValueSpecification","valueRequired":true,"valueName":"search_term_string"}}],"inLanguage":"pt-BR"},{"@type":"Organization","@id":"https:\/\/agenciainfra.com\/blog\/#organization","name":"Ag\u00eancia iNFRA","url":"https:\/\/agenciainfra.com\/blog\/","logo":{"@type":"ImageObject","inLanguage":"pt-BR","@id":"https:\/\/agenciainfra.com\/blog\/#\/schema\/logo\/image\/","url":"https:\/\/agenciainfra.com\/blog\/wp-content\/uploads\/2023\/09\/iNFRA_5-e1761735885940.png","contentUrl":"https:\/\/agenciainfra.com\/blog\/wp-content\/uploads\/2023\/09\/iNFRA_5-e1761735885940.png","width":1672,"height":454,"caption":"Ag\u00eancia iNFRA"},"image":{"@id":"https:\/\/agenciainfra.com\/blog\/#\/schema\/logo\/image\/"},"sameAs":["https:\/\/www.facebook.com\/ageninfra","https:\/\/x.com\/agencia_infra","https:\/\/www.linkedin.com\/company\/ag\u00eanciainfra\/","https:\/\/www.instagram.com\/agenciainfra\/"]},{"@type":"Person","@id":"https:\/\/agenciainfra.com\/blog\/#\/schema\/person\/34af08dff6adea4cb22b06612ba7acfa","name":"Ag\u00eancia iNFRA","image":{"@type":"ImageObject","inLanguage":"pt-BR","@id":"https:\/\/agenciainfra.com\/blog\/#\/schema\/person\/image\/","url":"https:\/\/secure.gravatar.com\/avatar\/d189e01678f06d8eb84d4e01f08eb848b3fffe3f8443818d3c356c66892f5be8?s=96&d=mm&r=g","contentUrl":"https:\/\/secure.gravatar.com\/avatar\/d189e01678f06d8eb84d4e01f08eb848b3fffe3f8443818d3c356c66892f5be8?s=96&d=mm&r=g","caption":"Ag\u00eancia iNFRA"},"url":"https:\/\/agenciainfra.com\/blog\/author\/admin\/"}]}},"_links":{"self":[{"href":"https:\/\/agenciainfra.com\/blog\/wp-json\/wp\/v2\/posts\/26895","targetHints":{"allow":["GET"]}}],"collection":[{"href":"https:\/\/agenciainfra.com\/blog\/wp-json\/wp\/v2\/posts"}],"about":[{"href":"https:\/\/agenciainfra.com\/blog\/wp-json\/wp\/v2\/types\/post"}],"author":[{"embeddable":true,"href":"https:\/\/agenciainfra.com\/blog\/wp-json\/wp\/v2\/users\/1"}],"replies":[{"embeddable":true,"href":"https:\/\/agenciainfra.com\/blog\/wp-json\/wp\/v2\/comments?post=26895"}],"version-history":[{"count":1,"href":"https:\/\/agenciainfra.com\/blog\/wp-json\/wp\/v2\/posts\/26895\/revisions"}],"predecessor-version":[{"id":26896,"href":"https:\/\/agenciainfra.com\/blog\/wp-json\/wp\/v2\/posts\/26895\/revisions\/26896"}],"wp:featuredmedia":[{"embeddable":true,"href":"https:\/\/agenciainfra.com\/blog\/wp-json\/wp\/v2\/media\/17877"}],"wp:attachment":[{"href":"https:\/\/agenciainfra.com\/blog\/wp-json\/wp\/v2\/media?parent=26895"}],"wp:term":[{"taxonomy":"category","embeddable":true,"href":"https:\/\/agenciainfra.com\/blog\/wp-json\/wp\/v2\/categories?post=26895"},{"taxonomy":"post_tag","embeddable":true,"href":"https:\/\/agenciainfra.com\/blog\/wp-json\/wp\/v2\/tags?post=26895"}],"curies":[{"name":"wp","href":"https:\/\/api.w.org\/{rel}","templated":true}]}}