{"id":26932,"date":"2025-08-30T10:00:00","date_gmt":"2025-08-30T13:00:00","guid":{"rendered":"https:\/\/agenciainfra.com\/blog\/?p=26932"},"modified":"2025-09-02T08:58:33","modified_gmt":"2025-09-02T11:58:33","slug":"em-dez-anos-concessoes-ferroviarias-passaram-por-renovacoes-frustracao-e-novas-tentativas-de-acordo","status":"publish","type":"post","link":"https:\/\/agenciainfra.com\/blog\/em-dez-anos-concessoes-ferroviarias-passaram-por-renovacoes-frustracao-e-novas-tentativas-de-acordo\/","title":{"rendered":"Em dez anos, concess\u00f5es ferrovi\u00e1rias passaram por renova\u00e7\u00f5es, frustra\u00e7\u00e3o e novas tentativas de acordo"},"content":{"rendered":"\n<p class=\"has-text-align-right\"><strong>da Ag\u00eancia iNFRA<\/strong><\/p>\n\n\n\n<p>As concess\u00f5es ferrovi\u00e1rias iniciaram em 2015 um processo de renova\u00e7\u00e3o antecipada de seus contratos, que venciam a partir de 2026, alegando que seria a melhor maneira de retomar investimentos no setor que vinham minguando. Diferentes governos entendiam que tamb\u00e9m seria uma forma de tentar melhorar a regula\u00e7\u00e3o setorial para uma maior concorr\u00eancia, o que os contratos originais tornavam dif\u00edcil.<\/p>\n\n\n\n<p>As renova\u00e7\u00f5es deslancharam a partir de 2019, com os projetos da Rumo Malha Paulista, da Vale e da MRS Log\u00edstica, todos conclu\u00eddos no governo de Jair Bolsonaro, sob a tutela do ent\u00e3o ministro da Infraestrutura, Tarc\u00edsio de Freitas, atual governador de S\u00e3o Paulo. An\u00fancios de bilh\u00f5es em investimentos eram feitos e tamb\u00e9m de garantia de maior competi\u00e7\u00e3o com contratos mais modernos.<\/p>\n\n\n\n<p>Mas, j\u00e1 no final do governo passado, os primeiros sinais de problemas apareceram. As empresas que renovaram se uniram para pedir mudan\u00e7as em seus contratos, o que era terminantemente proibido pelas regras da renova\u00e7\u00e3o, alegando que projetos defasados pela demora da renova\u00e7\u00e3o impediriam a execu\u00e7\u00e3o dentro dos prazos. Clientes do setor seguiram reclamando da falta de competi\u00e7\u00e3o e de atendimento para o transporte de suas mercadorias, mesmo nas concess\u00f5es renovadas.<\/p>\n\n\n\n<p>Com a demanda das concession\u00e1rias por repactua\u00e7\u00e3o j\u00e1 em andamento, a chegada do governo atual colocou um novo componente nessa disputa. No Minist\u00e9rio dos Transportes, comandado por Renan Filho, a avalia\u00e7\u00e3o \u00e9 que as renova\u00e7\u00f5es ferrovi\u00e1rias do governo passado foram realizadas por valores muito abaixo do que deveriam, gerando benef\u00edcios indevidos \u00e0s concession\u00e1rias, que negam qualquer irregularidade.<\/p>\n\n\n\n<p>Ainda em 2023, quando do lan\u00e7amento do Novo PAC (Programa de Acelera\u00e7\u00e3o do Crescimento), o ministro Rui Costa, da Casa Civil, chegou a falar em obter R$ 30 bilh\u00f5es com essas repactua\u00e7\u00f5es de contratos. \u201cO Renan [Filho] est\u00e1 identificando e renegociando todos os contratos [de ferrovias] vencidos e que est\u00e3o a vencer para que seja restitu\u00eddo ao povo brasileiro o valor devido por essas renova\u00e7\u00f5es. A estimativa \u00e9 que possamos chegar a um pouco mais de R$ 30 bilh\u00f5es de recursos que ser\u00e3o investidos na malha ferrovi\u00e1ria nacional\u201d, disse Costa no evento em 2023.<\/p>\n\n\n\n<p>Ao longo do tempo, no entanto, esses n\u00fameros foram sendo revistos, sempre para baixo. As duas empresas que aceitaram repactuar, Rumo e MRS, os valores obtidos est\u00e3o estimados na casa dos R$ 3 bilh\u00f5es. Para isso, elas conseguiram flexibilizar obriga\u00e7\u00f5es contratuais previstas no contrato. Com a Vale, a estimativa seria de mais R$ 11 bilh\u00f5es, sendo que R$ 4 bilh\u00f5es foram adiantados no ano passado pela empresa (com cl\u00e1usula de devolu\u00e7\u00e3o em caso de n\u00e3o acordo).<\/p>\n\n\n\n<p><\/p>\n","protected":false},"excerpt":{"rendered":"<p>da Ag\u00eancia iNFRA As concess\u00f5es ferrovi\u00e1rias iniciaram em 2015 um processo de renova\u00e7\u00e3o antecipada de seus contratos, que venciam a partir de 2026, alegando que seria a melhor maneira de retomar investimentos no setor que vinham minguando. Diferentes governos entendiam que tamb\u00e9m seria uma forma de tentar melhorar a regula\u00e7\u00e3o setorial para uma maior concorr\u00eancia, [&hellip;]<\/p>\n","protected":false},"author":1,"featured_media":9315,"comment_status":"closed","ping_status":"closed","sticky":false,"template":"","format":"standard","meta":{"_monsterinsights_skip_tracking":false,"_monsterinsights_sitenote_active":false,"_monsterinsights_sitenote_note":"","_monsterinsights_sitenote_category":0,"footnotes":""},"categories":[1,7],"tags":[563,120,32,16,81,5992,15066,6248,8181,83],"class_list":["post-26932","post","type-post","status-publish","format-standard","has-post-thumbnail","hentry","category-geral","category-infratransporte","tag-concessoes-ferroviarias","tag-ferrovias","tag-investimentos","tag-ministerio-dos-transportes","tag-mrs","tag-novo-pac","tag-regulacao-de-ferrovias","tag-renan-filho","tag-renovacao-de-concessoes-ferroviarias","tag-vale"],"yoast_head":"<!-- This site is optimized with the Yoast SEO Premium plugin v25.4 (Yoast SEO v26.0) - https:\/\/yoast.com\/wordpress\/plugins\/seo\/ -->\n<title>Em dez anos, concess\u00f5es ferrovi\u00e1rias passaram por renova\u00e7\u00f5es, frustra\u00e7\u00e3o e novas tentativas de acordo - Ag\u00eancia iNFRA<\/title>\n<meta name=\"robots\" content=\"index, follow, max-snippet:-1, max-image-preview:large, max-video-preview:-1\" \/>\n<link rel=\"canonical\" href=\"https:\/\/agenciainfra.com\/blog\/em-dez-anos-concessoes-ferroviarias-passaram-por-renovacoes-frustracao-e-novas-tentativas-de-acordo\/\" \/>\n<meta property=\"og:locale\" content=\"pt_BR\" \/>\n<meta property=\"og:type\" content=\"article\" \/>\n<meta property=\"og:title\" content=\"Em dez anos, concess\u00f5es ferrovi\u00e1rias passaram por renova\u00e7\u00f5es, frustra\u00e7\u00e3o e novas tentativas de acordo\" \/>\n<meta property=\"og:description\" content=\"da Ag\u00eancia iNFRA As concess\u00f5es ferrovi\u00e1rias iniciaram em 2015 um processo de renova\u00e7\u00e3o antecipada de seus contratos, que venciam a partir de 2026, alegando que seria a melhor maneira de retomar investimentos no setor que vinham minguando. Diferentes governos entendiam que tamb\u00e9m seria uma forma de tentar melhorar a regula\u00e7\u00e3o setorial para uma maior concorr\u00eancia, [&hellip;]\" \/>\n<meta property=\"og:url\" content=\"https:\/\/agenciainfra.com\/blog\/em-dez-anos-concessoes-ferroviarias-passaram-por-renovacoes-frustracao-e-novas-tentativas-de-acordo\/\" \/>\n<meta property=\"og:site_name\" content=\"Ag\u00eancia iNFRA\" \/>\n<meta property=\"article:publisher\" content=\"https:\/\/www.facebook.com\/ageninfra\" \/>\n<meta property=\"article:published_time\" content=\"2025-08-30T13:00:00+00:00\" \/>\n<meta property=\"article:modified_time\" content=\"2025-09-02T11:58:33+00:00\" \/>\n<meta property=\"og:image\" content=\"https:\/\/agenciainfra.com\/blog\/wp-content\/uploads\/2022\/01\/ferrovias-foto-creative-commons.png\" \/>\n\t<meta property=\"og:image:width\" content=\"1280\" \/>\n\t<meta property=\"og:image:height\" content=\"858\" \/>\n\t<meta property=\"og:image:type\" content=\"image\/png\" \/>\n<meta name=\"author\" content=\"Ag\u00eancia iNFRA\" \/>\n<meta name=\"twitter:card\" content=\"summary_large_image\" \/>\n<meta name=\"twitter:creator\" content=\"@agencia_infra\" \/>\n<meta name=\"twitter:site\" content=\"@agencia_infra\" \/>\n<meta name=\"twitter:label1\" content=\"Escrito por\" \/>\n\t<meta name=\"twitter:data1\" content=\"Ag\u00eancia iNFRA\" \/>\n\t<meta name=\"twitter:label2\" content=\"Est. tempo de leitura\" \/>\n\t<meta name=\"twitter:data2\" content=\"2 minutos\" \/>\n<script type=\"application\/ld+json\" class=\"yoast-schema-graph\">{\"@context\":\"https:\/\/schema.org\",\"@graph\":[{\"@type\":\"Article\",\"@id\":\"https:\/\/agenciainfra.com\/blog\/em-dez-anos-concessoes-ferroviarias-passaram-por-renovacoes-frustracao-e-novas-tentativas-de-acordo\/#article\",\"isPartOf\":{\"@id\":\"https:\/\/agenciainfra.com\/blog\/em-dez-anos-concessoes-ferroviarias-passaram-por-renovacoes-frustracao-e-novas-tentativas-de-acordo\/\"},\"author\":{\"name\":\"Ag\u00eancia iNFRA\",\"@id\":\"https:\/\/agenciainfra.com\/blog\/#\/schema\/person\/34af08dff6adea4cb22b06612ba7acfa\"},\"headline\":\"Em dez anos, concess\u00f5es ferrovi\u00e1rias passaram por renova\u00e7\u00f5es, frustra\u00e7\u00e3o e novas tentativas de acordo\",\"datePublished\":\"2025-08-30T13:00:00+00:00\",\"dateModified\":\"2025-09-02T11:58:33+00:00\",\"mainEntityOfPage\":{\"@id\":\"https:\/\/agenciainfra.com\/blog\/em-dez-anos-concessoes-ferroviarias-passaram-por-renovacoes-frustracao-e-novas-tentativas-de-acordo\/\"},\"wordCount\":477,\"publisher\":{\"@id\":\"https:\/\/agenciainfra.com\/blog\/#organization\"},\"image\":{\"@id\":\"https:\/\/agenciainfra.com\/blog\/em-dez-anos-concessoes-ferroviarias-passaram-por-renovacoes-frustracao-e-novas-tentativas-de-acordo\/#primaryimage\"},\"thumbnailUrl\":\"https:\/\/agenciainfra.com\/blog\/wp-content\/uploads\/2022\/01\/ferrovias-foto-creative-commons.png\",\"keywords\":[\"concess\u00f5es ferrovi\u00e1rias\",\"Ferrovias\",\"Investimentos\",\"minist\u00e9rio dos transportes\",\"MRS\",\"Novo PAC\",\"regula\u00e7\u00e3o de ferrovias\",\"Renan Filho\",\"Renova\u00e7\u00e3o de Concess\u00f5es Ferrovi\u00e1rias\",\"Vale\"],\"articleSection\":[\"Geral\",\"iNFRATransporte\"],\"inLanguage\":\"pt-BR\",\"copyrightYear\":\"2025\",\"copyrightHolder\":{\"@id\":\"https:\/\/agenciainfra.com\/blog\/#organization\"}},{\"@type\":\"WebPage\",\"@id\":\"https:\/\/agenciainfra.com\/blog\/em-dez-anos-concessoes-ferroviarias-passaram-por-renovacoes-frustracao-e-novas-tentativas-de-acordo\/\",\"url\":\"https:\/\/agenciainfra.com\/blog\/em-dez-anos-concessoes-ferroviarias-passaram-por-renovacoes-frustracao-e-novas-tentativas-de-acordo\/\",\"name\":\"Em dez anos, concess\u00f5es ferrovi\u00e1rias passaram por renova\u00e7\u00f5es, frustra\u00e7\u00e3o e novas tentativas de acordo - Ag\u00eancia iNFRA\",\"isPartOf\":{\"@id\":\"https:\/\/agenciainfra.com\/blog\/#website\"},\"primaryImageOfPage\":{\"@id\":\"https:\/\/agenciainfra.com\/blog\/em-dez-anos-concessoes-ferroviarias-passaram-por-renovacoes-frustracao-e-novas-tentativas-de-acordo\/#primaryimage\"},\"image\":{\"@id\":\"https:\/\/agenciainfra.com\/blog\/em-dez-anos-concessoes-ferroviarias-passaram-por-renovacoes-frustracao-e-novas-tentativas-de-acordo\/#primaryimage\"},\"thumbnailUrl\":\"https:\/\/agenciainfra.com\/blog\/wp-content\/uploads\/2022\/01\/ferrovias-foto-creative-commons.png\",\"datePublished\":\"2025-08-30T13:00:00+00:00\",\"dateModified\":\"2025-09-02T11:58:33+00:00\",\"breadcrumb\":{\"@id\":\"https:\/\/agenciainfra.com\/blog\/em-dez-anos-concessoes-ferroviarias-passaram-por-renovacoes-frustracao-e-novas-tentativas-de-acordo\/#breadcrumb\"},\"inLanguage\":\"pt-BR\",\"potentialAction\":[{\"@type\":\"ReadAction\",\"target\":[\"https:\/\/agenciainfra.com\/blog\/em-dez-anos-concessoes-ferroviarias-passaram-por-renovacoes-frustracao-e-novas-tentativas-de-acordo\/\"]}]},{\"@type\":\"ImageObject\",\"inLanguage\":\"pt-BR\",\"@id\":\"https:\/\/agenciainfra.com\/blog\/em-dez-anos-concessoes-ferroviarias-passaram-por-renovacoes-frustracao-e-novas-tentativas-de-acordo\/#primaryimage\",\"url\":\"https:\/\/agenciainfra.com\/blog\/wp-content\/uploads\/2022\/01\/ferrovias-foto-creative-commons.png\",\"contentUrl\":\"https:\/\/agenciainfra.com\/blog\/wp-content\/uploads\/2022\/01\/ferrovias-foto-creative-commons.png\",\"width\":1280,\"height\":858,\"caption\":\"Foto: Creative Commons\"},{\"@type\":\"BreadcrumbList\",\"@id\":\"https:\/\/agenciainfra.com\/blog\/em-dez-anos-concessoes-ferroviarias-passaram-por-renovacoes-frustracao-e-novas-tentativas-de-acordo\/#breadcrumb\",\"itemListElement\":[{\"@type\":\"ListItem\",\"position\":1,\"name\":\"In\u00edcio\",\"item\":\"https:\/\/agenciainfra.com\/blog\/\"},{\"@type\":\"ListItem\",\"position\":2,\"name\":\"Em dez anos, concess\u00f5es ferrovi\u00e1rias passaram por renova\u00e7\u00f5es, frustra\u00e7\u00e3o e novas tentativas de acordo\"}]},{\"@type\":\"WebSite\",\"@id\":\"https:\/\/agenciainfra.com\/blog\/#website\",\"url\":\"https:\/\/agenciainfra.com\/blog\/\",\"name\":\"Ag\u00eancia iNFRA\",\"description\":\"Multiplataforma de informa\u00e7\u00e3o jornal\u00edstica refer\u00eancia na \u00e1rea de infraestrutura no Brasil!\",\"publisher\":{\"@id\":\"https:\/\/agenciainfra.com\/blog\/#organization\"},\"potentialAction\":[{\"@type\":\"SearchAction\",\"target\":{\"@type\":\"EntryPoint\",\"urlTemplate\":\"https:\/\/agenciainfra.com\/blog\/?s={search_term_string}\"},\"query-input\":{\"@type\":\"PropertyValueSpecification\",\"valueRequired\":true,\"valueName\":\"search_term_string\"}}],\"inLanguage\":\"pt-BR\"},{\"@type\":\"Organization\",\"@id\":\"https:\/\/agenciainfra.com\/blog\/#organization\",\"name\":\"Ag\u00eancia iNFRA\",\"url\":\"https:\/\/agenciainfra.com\/blog\/\",\"logo\":{\"@type\":\"ImageObject\",\"inLanguage\":\"pt-BR\",\"@id\":\"https:\/\/agenciainfra.com\/blog\/#\/schema\/logo\/image\/\",\"url\":\"https:\/\/agenciainfra.com\/blog\/wp-content\/uploads\/2023\/09\/iNFRA_5-e1761735885940.png\",\"contentUrl\":\"https:\/\/agenciainfra.com\/blog\/wp-content\/uploads\/2023\/09\/iNFRA_5-e1761735885940.png\",\"width\":1672,\"height\":454,\"caption\":\"Ag\u00eancia iNFRA\"},\"image\":{\"@id\":\"https:\/\/agenciainfra.com\/blog\/#\/schema\/logo\/image\/\"},\"sameAs\":[\"https:\/\/www.facebook.com\/ageninfra\",\"https:\/\/x.com\/agencia_infra\",\"https:\/\/www.linkedin.com\/company\/ag\u00eanciainfra\/\",\"https:\/\/www.instagram.com\/agenciainfra\/\"]},{\"@type\":\"Person\",\"@id\":\"https:\/\/agenciainfra.com\/blog\/#\/schema\/person\/34af08dff6adea4cb22b06612ba7acfa\",\"name\":\"Ag\u00eancia iNFRA\",\"image\":{\"@type\":\"ImageObject\",\"inLanguage\":\"pt-BR\",\"@id\":\"https:\/\/agenciainfra.com\/blog\/#\/schema\/person\/image\/\",\"url\":\"https:\/\/secure.gravatar.com\/avatar\/d189e01678f06d8eb84d4e01f08eb848b3fffe3f8443818d3c356c66892f5be8?s=96&d=mm&r=g\",\"contentUrl\":\"https:\/\/secure.gravatar.com\/avatar\/d189e01678f06d8eb84d4e01f08eb848b3fffe3f8443818d3c356c66892f5be8?s=96&d=mm&r=g\",\"caption\":\"Ag\u00eancia iNFRA\"},\"url\":\"https:\/\/agenciainfra.com\/blog\/author\/admin\/\"}]}<\/script>\n<!-- \/ Yoast SEO Premium plugin. -->","yoast_head_json":{"title":"Em dez anos, concess\u00f5es ferrovi\u00e1rias passaram por renova\u00e7\u00f5es, frustra\u00e7\u00e3o e novas tentativas de acordo - Ag\u00eancia iNFRA","robots":{"index":"index","follow":"follow","max-snippet":"max-snippet:-1","max-image-preview":"max-image-preview:large","max-video-preview":"max-video-preview:-1"},"canonical":"https:\/\/agenciainfra.com\/blog\/em-dez-anos-concessoes-ferroviarias-passaram-por-renovacoes-frustracao-e-novas-tentativas-de-acordo\/","og_locale":"pt_BR","og_type":"article","og_title":"Em dez anos, concess\u00f5es ferrovi\u00e1rias passaram por renova\u00e7\u00f5es, frustra\u00e7\u00e3o e novas tentativas de acordo","og_description":"da Ag\u00eancia iNFRA As concess\u00f5es ferrovi\u00e1rias iniciaram em 2015 um processo de renova\u00e7\u00e3o antecipada de seus contratos, que venciam a partir de 2026, alegando que seria a melhor maneira de retomar investimentos no setor que vinham minguando. Diferentes governos entendiam que tamb\u00e9m seria uma forma de tentar melhorar a regula\u00e7\u00e3o setorial para uma maior concorr\u00eancia, [&hellip;]","og_url":"https:\/\/agenciainfra.com\/blog\/em-dez-anos-concessoes-ferroviarias-passaram-por-renovacoes-frustracao-e-novas-tentativas-de-acordo\/","og_site_name":"Ag\u00eancia iNFRA","article_publisher":"https:\/\/www.facebook.com\/ageninfra","article_published_time":"2025-08-30T13:00:00+00:00","article_modified_time":"2025-09-02T11:58:33+00:00","og_image":[{"width":1280,"height":858,"url":"https:\/\/agenciainfra.com\/blog\/wp-content\/uploads\/2022\/01\/ferrovias-foto-creative-commons.png","type":"image\/png"}],"author":"Ag\u00eancia iNFRA","twitter_card":"summary_large_image","twitter_creator":"@agencia_infra","twitter_site":"@agencia_infra","twitter_misc":{"Escrito por":"Ag\u00eancia iNFRA","Est. tempo de leitura":"2 minutos"},"schema":{"@context":"https:\/\/schema.org","@graph":[{"@type":"Article","@id":"https:\/\/agenciainfra.com\/blog\/em-dez-anos-concessoes-ferroviarias-passaram-por-renovacoes-frustracao-e-novas-tentativas-de-acordo\/#article","isPartOf":{"@id":"https:\/\/agenciainfra.com\/blog\/em-dez-anos-concessoes-ferroviarias-passaram-por-renovacoes-frustracao-e-novas-tentativas-de-acordo\/"},"author":{"name":"Ag\u00eancia iNFRA","@id":"https:\/\/agenciainfra.com\/blog\/#\/schema\/person\/34af08dff6adea4cb22b06612ba7acfa"},"headline":"Em dez anos, concess\u00f5es ferrovi\u00e1rias passaram por renova\u00e7\u00f5es, frustra\u00e7\u00e3o e novas tentativas de acordo","datePublished":"2025-08-30T13:00:00+00:00","dateModified":"2025-09-02T11:58:33+00:00","mainEntityOfPage":{"@id":"https:\/\/agenciainfra.com\/blog\/em-dez-anos-concessoes-ferroviarias-passaram-por-renovacoes-frustracao-e-novas-tentativas-de-acordo\/"},"wordCount":477,"publisher":{"@id":"https:\/\/agenciainfra.com\/blog\/#organization"},"image":{"@id":"https:\/\/agenciainfra.com\/blog\/em-dez-anos-concessoes-ferroviarias-passaram-por-renovacoes-frustracao-e-novas-tentativas-de-acordo\/#primaryimage"},"thumbnailUrl":"https:\/\/agenciainfra.com\/blog\/wp-content\/uploads\/2022\/01\/ferrovias-foto-creative-commons.png","keywords":["concess\u00f5es ferrovi\u00e1rias","Ferrovias","Investimentos","minist\u00e9rio dos transportes","MRS","Novo PAC","regula\u00e7\u00e3o de ferrovias","Renan Filho","Renova\u00e7\u00e3o de Concess\u00f5es Ferrovi\u00e1rias","Vale"],"articleSection":["Geral","iNFRATransporte"],"inLanguage":"pt-BR","copyrightYear":"2025","copyrightHolder":{"@id":"https:\/\/agenciainfra.com\/blog\/#organization"}},{"@type":"WebPage","@id":"https:\/\/agenciainfra.com\/blog\/em-dez-anos-concessoes-ferroviarias-passaram-por-renovacoes-frustracao-e-novas-tentativas-de-acordo\/","url":"https:\/\/agenciainfra.com\/blog\/em-dez-anos-concessoes-ferroviarias-passaram-por-renovacoes-frustracao-e-novas-tentativas-de-acordo\/","name":"Em dez anos, concess\u00f5es ferrovi\u00e1rias passaram por renova\u00e7\u00f5es, frustra\u00e7\u00e3o e novas tentativas de acordo - Ag\u00eancia iNFRA","isPartOf":{"@id":"https:\/\/agenciainfra.com\/blog\/#website"},"primaryImageOfPage":{"@id":"https:\/\/agenciainfra.com\/blog\/em-dez-anos-concessoes-ferroviarias-passaram-por-renovacoes-frustracao-e-novas-tentativas-de-acordo\/#primaryimage"},"image":{"@id":"https:\/\/agenciainfra.com\/blog\/em-dez-anos-concessoes-ferroviarias-passaram-por-renovacoes-frustracao-e-novas-tentativas-de-acordo\/#primaryimage"},"thumbnailUrl":"https:\/\/agenciainfra.com\/blog\/wp-content\/uploads\/2022\/01\/ferrovias-foto-creative-commons.png","datePublished":"2025-08-30T13:00:00+00:00","dateModified":"2025-09-02T11:58:33+00:00","breadcrumb":{"@id":"https:\/\/agenciainfra.com\/blog\/em-dez-anos-concessoes-ferroviarias-passaram-por-renovacoes-frustracao-e-novas-tentativas-de-acordo\/#breadcrumb"},"inLanguage":"pt-BR","potentialAction":[{"@type":"ReadAction","target":["https:\/\/agenciainfra.com\/blog\/em-dez-anos-concessoes-ferroviarias-passaram-por-renovacoes-frustracao-e-novas-tentativas-de-acordo\/"]}]},{"@type":"ImageObject","inLanguage":"pt-BR","@id":"https:\/\/agenciainfra.com\/blog\/em-dez-anos-concessoes-ferroviarias-passaram-por-renovacoes-frustracao-e-novas-tentativas-de-acordo\/#primaryimage","url":"https:\/\/agenciainfra.com\/blog\/wp-content\/uploads\/2022\/01\/ferrovias-foto-creative-commons.png","contentUrl":"https:\/\/agenciainfra.com\/blog\/wp-content\/uploads\/2022\/01\/ferrovias-foto-creative-commons.png","width":1280,"height":858,"caption":"Foto: Creative Commons"},{"@type":"BreadcrumbList","@id":"https:\/\/agenciainfra.com\/blog\/em-dez-anos-concessoes-ferroviarias-passaram-por-renovacoes-frustracao-e-novas-tentativas-de-acordo\/#breadcrumb","itemListElement":[{"@type":"ListItem","position":1,"name":"In\u00edcio","item":"https:\/\/agenciainfra.com\/blog\/"},{"@type":"ListItem","position":2,"name":"Em dez anos, concess\u00f5es ferrovi\u00e1rias passaram por renova\u00e7\u00f5es, frustra\u00e7\u00e3o e novas tentativas de acordo"}]},{"@type":"WebSite","@id":"https:\/\/agenciainfra.com\/blog\/#website","url":"https:\/\/agenciainfra.com\/blog\/","name":"Ag\u00eancia iNFRA","description":"Multiplataforma de informa\u00e7\u00e3o jornal\u00edstica refer\u00eancia na \u00e1rea de infraestrutura no Brasil!","publisher":{"@id":"https:\/\/agenciainfra.com\/blog\/#organization"},"potentialAction":[{"@type":"SearchAction","target":{"@type":"EntryPoint","urlTemplate":"https:\/\/agenciainfra.com\/blog\/?s={search_term_string}"},"query-input":{"@type":"PropertyValueSpecification","valueRequired":true,"valueName":"search_term_string"}}],"inLanguage":"pt-BR"},{"@type":"Organization","@id":"https:\/\/agenciainfra.com\/blog\/#organization","name":"Ag\u00eancia iNFRA","url":"https:\/\/agenciainfra.com\/blog\/","logo":{"@type":"ImageObject","inLanguage":"pt-BR","@id":"https:\/\/agenciainfra.com\/blog\/#\/schema\/logo\/image\/","url":"https:\/\/agenciainfra.com\/blog\/wp-content\/uploads\/2023\/09\/iNFRA_5-e1761735885940.png","contentUrl":"https:\/\/agenciainfra.com\/blog\/wp-content\/uploads\/2023\/09\/iNFRA_5-e1761735885940.png","width":1672,"height":454,"caption":"Ag\u00eancia iNFRA"},"image":{"@id":"https:\/\/agenciainfra.com\/blog\/#\/schema\/logo\/image\/"},"sameAs":["https:\/\/www.facebook.com\/ageninfra","https:\/\/x.com\/agencia_infra","https:\/\/www.linkedin.com\/company\/ag\u00eanciainfra\/","https:\/\/www.instagram.com\/agenciainfra\/"]},{"@type":"Person","@id":"https:\/\/agenciainfra.com\/blog\/#\/schema\/person\/34af08dff6adea4cb22b06612ba7acfa","name":"Ag\u00eancia iNFRA","image":{"@type":"ImageObject","inLanguage":"pt-BR","@id":"https:\/\/agenciainfra.com\/blog\/#\/schema\/person\/image\/","url":"https:\/\/secure.gravatar.com\/avatar\/d189e01678f06d8eb84d4e01f08eb848b3fffe3f8443818d3c356c66892f5be8?s=96&d=mm&r=g","contentUrl":"https:\/\/secure.gravatar.com\/avatar\/d189e01678f06d8eb84d4e01f08eb848b3fffe3f8443818d3c356c66892f5be8?s=96&d=mm&r=g","caption":"Ag\u00eancia iNFRA"},"url":"https:\/\/agenciainfra.com\/blog\/author\/admin\/"}]}},"_links":{"self":[{"href":"https:\/\/agenciainfra.com\/blog\/wp-json\/wp\/v2\/posts\/26932","targetHints":{"allow":["GET"]}}],"collection":[{"href":"https:\/\/agenciainfra.com\/blog\/wp-json\/wp\/v2\/posts"}],"about":[{"href":"https:\/\/agenciainfra.com\/blog\/wp-json\/wp\/v2\/types\/post"}],"author":[{"embeddable":true,"href":"https:\/\/agenciainfra.com\/blog\/wp-json\/wp\/v2\/users\/1"}],"replies":[{"embeddable":true,"href":"https:\/\/agenciainfra.com\/blog\/wp-json\/wp\/v2\/comments?post=26932"}],"version-history":[{"count":1,"href":"https:\/\/agenciainfra.com\/blog\/wp-json\/wp\/v2\/posts\/26932\/revisions"}],"predecessor-version":[{"id":26933,"href":"https:\/\/agenciainfra.com\/blog\/wp-json\/wp\/v2\/posts\/26932\/revisions\/26933"}],"wp:featuredmedia":[{"embeddable":true,"href":"https:\/\/agenciainfra.com\/blog\/wp-json\/wp\/v2\/media\/9315"}],"wp:attachment":[{"href":"https:\/\/agenciainfra.com\/blog\/wp-json\/wp\/v2\/media?parent=26932"}],"wp:term":[{"taxonomy":"category","embeddable":true,"href":"https:\/\/agenciainfra.com\/blog\/wp-json\/wp\/v2\/categories?post=26932"},{"taxonomy":"post_tag","embeddable":true,"href":"https:\/\/agenciainfra.com\/blog\/wp-json\/wp\/v2\/tags?post=26932"}],"curies":[{"name":"wp","href":"https:\/\/api.w.org\/{rel}","templated":true}]}}