{"id":2694,"date":"2018-12-13T11:26:02","date_gmt":"2018-12-13T14:26:02","guid":{"rendered":"http:\/\/www.agenciainfra.com\/blog\/?p=2694"},"modified":"2018-12-13T11:26:02","modified_gmt":"2018-12-13T14:26:02","slug":"pl-preve-liberar-construcao-simplificada-de-ferrovias-por-autorizacao","status":"publish","type":"post","link":"https:\/\/agenciainfra.com\/blog\/pl-preve-liberar-construcao-simplificada-de-ferrovias-por-autorizacao\/","title":{"rendered":"PL prev\u00ea liberar constru\u00e7\u00e3o simplificada de ferrovias, por autoriza\u00e7\u00e3o"},"content":{"rendered":"<p>&nbsp;<\/p>\n<div>\n<h5 style=\"text-align: right;\"><strong>Dimmi Amora e Bernardo Gonzaga,\u00a0da Ag\u00eancia iNFRA<\/strong><\/h5>\n<p>A CAE (Comiss\u00e3o de Assuntos Econ\u00f4micos) do Senado aprovou nesta ter\u00e7a-feira (11) parecer da senadora L\u00facia V\u00e2nia (PSDB-GO), com pequenas emendas, ao Projeto de Lei do Senado 257\/2018, do senador Jos\u00e9 Serra (PSDB\/SP), prev\u00ea transformar o sistema de ferrovias do pa\u00eds, de carga e de passageiros, mudando a forma como elas s\u00e3o tratadas pela legisla\u00e7\u00e3o e liberando a constru\u00e7\u00e3o num processo simplificado, de autoriza\u00e7\u00e3o.<\/p>\n<p>Pela proposta,\u00a0o sistema ferrovi\u00e1rio deixaria de ser um servi\u00e7o p\u00fablico para se tornar uma atividade econ\u00f4mica, o que liberaria o estado de regular tarifas e presta\u00e7\u00e3o de servi\u00e7os, ficando apenas na fiscaliza\u00e7\u00e3o de abusos praticados pelos prestadores de servi\u00e7os. O projeto tem a simpatia de parte da equipe do novo presidente Jair Bolsonaro.<\/p>\n<p>N\u00e3o sendo servi\u00e7o p\u00fablico, o projeto prev\u00ea que o estado possa fazer uma autoriza\u00e7\u00e3o direta para qualquer empresa que desejar investir no setor. Esse modelo, j\u00e1 \u00e9 utilizado no sistema portu\u00e1rio, em que as empresas pedem autoriza\u00e7\u00e3o para um terminal\u00a0que \u00e9 explorado por elas por conta e risco, o chamado TUP.<\/p>\n<p>Com 69 artigos, o projeto mudaria radicalmente o panorama dos investimentos ferrovi\u00e1rios no pa\u00eds, cujo sistema extremamente estatizado tem mostrado baixos resultados, de acordo com a defesa da proposta.<\/p>\n<p>O projeto se assemelha ao modelo que o pr\u00f3prio pa\u00eds utilizou at\u00e9 o s\u00e9culo XIX, cujos estudos do professor William Summerhill, da Universidade da Calif\u00f3rnia (EUA), mostraram que foi o per\u00edodo com maior produ\u00e7\u00e3o de ferrovias no pa\u00eds e se tornaram fator preponderante para o desenvolvimento do Brasil no s\u00e9culo XX.<\/p>\n<p><strong>Assimetria de informa\u00e7\u00f5es\u00a0<\/strong><br \/>\nOs consultores legislativos do Senado Marcus Kleber e Liliane Colares explicam que o atual modelo de concess\u00e3o de ferrovias tem se mostrado falho devido \u00e0 assimetria de informa\u00e7\u00e3o entre o governo e os investidores, o que acaba levando a projetos de alto risco e o vencedor acaba sendo uma empresa que tem poder de barganha para renegociar posteriormente o contrato.<\/p>\n<p>O projeto tenta reduzir alguns dos riscos comuns a esse tipo de empreendimento em que o risco \u00e9 todo do concession\u00e1rio, entre eles o problema de desapropria\u00e7\u00f5es. A proposta cria incentivos \u00e0 participa\u00e7\u00e3o na sociedade dos propriet\u00e1rios dos terrenos e impede que os \u00faltimos propriet\u00e1rios de terrenos possam impedir sua desapropria\u00e7\u00e3o.<\/p>\n<p>Outro mecanismo criado \u00e9 o da explora\u00e7\u00e3o conjunta da ferrovia e com os ganhos imobili\u00e1rios. Pelo modelo, a empresa ferrovi\u00e1ria poderia desenvolver projetos de constru\u00e7\u00e3o residenciais, de lojas ou outros onde estivessem os trilhos e esta\u00e7\u00f5es. No modelo de concess\u00e3o, essa modalidade \u00e9 mais complexa.<\/p>\n<p>Em v\u00e1rios pa\u00edses do mundo, o desenvolvimento de projetos de trens de alta velocidade \u00e9 baseado em estrat\u00e9gias como essa, o que chegou a ser pedido ao governo brasileiro mas n\u00e3o atendido na modelagem do Trem de Alta Velocidade entre Rio de Janeiro e S\u00e3o Paulo, por exemplo.<\/p>\n<p>De acordo com os consultores, o risco de concorr\u00eancia predat\u00f3ria entre projetos estaria mitigado pelo fato de que, no pa\u00eds, hoje h\u00e1 completa car\u00eancia de sistemas ferrovi\u00e1rios. Para eles, o natural seria que os projetos flu\u00edssem primeiro para as zonas onde h\u00e1 demanda mas n\u00e3o h\u00e1 ferrovia, antes de haver uma concorr\u00eancia entre ferrovias.<\/p>\n<p>Tamb\u00e9m foi proposto\u00a0no PL um modelo de autoridade para fazer a autoregula\u00e7\u00e3o econ\u00f4mica e evitar que abusos tenham que ser resolvidos diretamente nas ag\u00eancias reguladoras.<\/p>\n<p>O consultor Frederico Bussinger, ex-secret\u00e1rio executivo do minist\u00e9rio dos Transportes, escreveu um artigo com coment\u00e1rios sobre a proposta, que ele considera um caminho adequado para o sistema ferrovi\u00e1rio. O texto est\u00e1\u00a0<a href=\"https:\/\/agenciainfra.us14.list-manage.com\/track\/click?u=d460dd1bcf9ba0ae040e1fc0f&amp;id=577accbd14&amp;e=a9f6aff5bf\" target=\"_blank\" rel=\"noopener\" data-saferedirecturl=\"https:\/\/www.google.com\/url?q=https:\/\/agenciainfra.us14.list-manage.com\/track\/click?u%3Dd460dd1bcf9ba0ae040e1fc0f%26id%3D577accbd14%26e%3Da9f6aff5bf&amp;source=gmail&amp;ust=1544647033535000&amp;usg=AFQjCNHtCJdiN9NbrvUwTKwYnAuJckCgxA\">neste link<\/a>.<\/p>\n<p>A proposta ainda teria que passar pelas comiss\u00f5es de Infraestrutura e de Constitui\u00e7\u00e3o e Justi\u00e7a, onde tem car\u00e1ter terminativo, antes de ir para a C\u00e2mara.<\/p>\n<\/div>\n","protected":false},"excerpt":{"rendered":"<p>&nbsp; Dimmi Amora e Bernardo Gonzaga,\u00a0da Ag\u00eancia iNFRA A CAE (Comiss\u00e3o de Assuntos Econ\u00f4micos) do Senado aprovou nesta ter\u00e7a-feira (11) parecer da senadora L\u00facia V\u00e2nia (PSDB-GO), com pequenas emendas, ao Projeto de Lei do Senado 257\/2018, do senador Jos\u00e9 Serra (PSDB\/SP), prev\u00ea transformar o sistema de ferrovias do pa\u00eds, de carga e de passageiros, mudando [&hellip;]<\/p>\n","protected":false},"author":1,"featured_media":2024,"comment_status":"closed","ping_status":"open","sticky":false,"template":"","format":"standard","meta":{"_monsterinsights_skip_tracking":false,"_monsterinsights_sitenote_active":false,"_monsterinsights_sitenote_note":"","_monsterinsights_sitenote_category":0,"footnotes":""},"categories":[7],"tags":[704,705,22,79,34,706,123],"class_list":["post-2694","post","type-post","status-publish","format-standard","has-post-thumbnail","hentry","category-infratransporte","tag-autorizacao","tag-cae","tag-concessao","tag-ferrovia","tag-infraestrutura","tag-projeto-de-lei","tag-senado"],"yoast_head":"<!-- This site is optimized with the Yoast SEO Premium plugin v25.4 (Yoast SEO v26.0) - https:\/\/yoast.com\/wordpress\/plugins\/seo\/ -->\n<title>PL prev\u00ea liberar constru\u00e7\u00e3o simplificada de ferrovias, por autoriza\u00e7\u00e3o - Ag\u00eancia iNFRA<\/title>\n<meta name=\"robots\" content=\"index, follow, max-snippet:-1, max-image-preview:large, max-video-preview:-1\" \/>\n<link rel=\"canonical\" href=\"https:\/\/agenciainfra.com\/blog\/pl-preve-liberar-construcao-simplificada-de-ferrovias-por-autorizacao\/\" \/>\n<meta property=\"og:locale\" content=\"pt_BR\" \/>\n<meta property=\"og:type\" content=\"article\" \/>\n<meta property=\"og:title\" content=\"PL prev\u00ea liberar constru\u00e7\u00e3o simplificada de ferrovias, por autoriza\u00e7\u00e3o\" \/>\n<meta property=\"og:description\" content=\"&nbsp; Dimmi Amora e Bernardo Gonzaga,\u00a0da Ag\u00eancia iNFRA A CAE (Comiss\u00e3o de Assuntos Econ\u00f4micos) do Senado aprovou nesta ter\u00e7a-feira (11) parecer da senadora L\u00facia V\u00e2nia (PSDB-GO), com pequenas emendas, ao Projeto de Lei do Senado 257\/2018, do senador Jos\u00e9 Serra (PSDB\/SP), prev\u00ea transformar o sistema de ferrovias do pa\u00eds, de carga e de passageiros, mudando [&hellip;]\" \/>\n<meta property=\"og:url\" content=\"https:\/\/agenciainfra.com\/blog\/pl-preve-liberar-construcao-simplificada-de-ferrovias-por-autorizacao\/\" \/>\n<meta property=\"og:site_name\" content=\"Ag\u00eancia iNFRA\" \/>\n<meta property=\"article:publisher\" content=\"https:\/\/www.facebook.com\/ageninfra\" \/>\n<meta property=\"article:published_time\" content=\"2018-12-13T14:26:02+00:00\" \/>\n<meta property=\"og:image\" content=\"https:\/\/agenciainfra.com\/blog\/wp-content\/uploads\/2018\/07\/fiol_gondiberto_filho_valec.jpg\" \/>\n\t<meta property=\"og:image:width\" content=\"207\" \/>\n\t<meta property=\"og:image:height\" content=\"138\" \/>\n\t<meta property=\"og:image:type\" content=\"image\/jpeg\" \/>\n<meta name=\"author\" content=\"Ag\u00eancia iNFRA\" \/>\n<meta name=\"twitter:card\" content=\"summary_large_image\" \/>\n<meta name=\"twitter:creator\" content=\"@agencia_infra\" \/>\n<meta name=\"twitter:site\" content=\"@agencia_infra\" \/>\n<meta name=\"twitter:label1\" content=\"Escrito por\" \/>\n\t<meta name=\"twitter:data1\" content=\"Ag\u00eancia iNFRA\" \/>\n\t<meta name=\"twitter:label2\" content=\"Est. tempo de leitura\" \/>\n\t<meta name=\"twitter:data2\" content=\"3 minutos\" \/>\n<script type=\"application\/ld+json\" class=\"yoast-schema-graph\">{\"@context\":\"https:\/\/schema.org\",\"@graph\":[{\"@type\":\"Article\",\"@id\":\"https:\/\/agenciainfra.com\/blog\/pl-preve-liberar-construcao-simplificada-de-ferrovias-por-autorizacao\/#article\",\"isPartOf\":{\"@id\":\"https:\/\/agenciainfra.com\/blog\/pl-preve-liberar-construcao-simplificada-de-ferrovias-por-autorizacao\/\"},\"author\":{\"name\":\"Ag\u00eancia iNFRA\",\"@id\":\"https:\/\/agenciainfra.com\/blog\/#\/schema\/person\/34af08dff6adea4cb22b06612ba7acfa\"},\"headline\":\"PL prev\u00ea liberar constru\u00e7\u00e3o simplificada de ferrovias, por autoriza\u00e7\u00e3o\",\"datePublished\":\"2018-12-13T14:26:02+00:00\",\"mainEntityOfPage\":{\"@id\":\"https:\/\/agenciainfra.com\/blog\/pl-preve-liberar-construcao-simplificada-de-ferrovias-por-autorizacao\/\"},\"wordCount\":681,\"publisher\":{\"@id\":\"https:\/\/agenciainfra.com\/blog\/#organization\"},\"image\":{\"@id\":\"https:\/\/agenciainfra.com\/blog\/pl-preve-liberar-construcao-simplificada-de-ferrovias-por-autorizacao\/#primaryimage\"},\"thumbnailUrl\":\"https:\/\/agenciainfra.com\/blog\/wp-content\/uploads\/2018\/07\/fiol_gondiberto_filho_valec.jpg\",\"keywords\":[\"autoriza\u00e7\u00e3o\",\"CAE\",\"Concess\u00e3o\",\"Ferrovia\",\"Infraestrutura\",\"Projeto de Lei\",\"senado\"],\"articleSection\":[\"iNFRATransporte\"],\"inLanguage\":\"pt-BR\",\"copyrightYear\":\"2018\",\"copyrightHolder\":{\"@id\":\"https:\/\/agenciainfra.com\/blog\/#organization\"}},{\"@type\":\"WebPage\",\"@id\":\"https:\/\/agenciainfra.com\/blog\/pl-preve-liberar-construcao-simplificada-de-ferrovias-por-autorizacao\/\",\"url\":\"https:\/\/agenciainfra.com\/blog\/pl-preve-liberar-construcao-simplificada-de-ferrovias-por-autorizacao\/\",\"name\":\"PL prev\u00ea liberar constru\u00e7\u00e3o simplificada de ferrovias, por autoriza\u00e7\u00e3o - Ag\u00eancia iNFRA\",\"isPartOf\":{\"@id\":\"https:\/\/agenciainfra.com\/blog\/#website\"},\"primaryImageOfPage\":{\"@id\":\"https:\/\/agenciainfra.com\/blog\/pl-preve-liberar-construcao-simplificada-de-ferrovias-por-autorizacao\/#primaryimage\"},\"image\":{\"@id\":\"https:\/\/agenciainfra.com\/blog\/pl-preve-liberar-construcao-simplificada-de-ferrovias-por-autorizacao\/#primaryimage\"},\"thumbnailUrl\":\"https:\/\/agenciainfra.com\/blog\/wp-content\/uploads\/2018\/07\/fiol_gondiberto_filho_valec.jpg\",\"datePublished\":\"2018-12-13T14:26:02+00:00\",\"breadcrumb\":{\"@id\":\"https:\/\/agenciainfra.com\/blog\/pl-preve-liberar-construcao-simplificada-de-ferrovias-por-autorizacao\/#breadcrumb\"},\"inLanguage\":\"pt-BR\",\"potentialAction\":[{\"@type\":\"ReadAction\",\"target\":[\"https:\/\/agenciainfra.com\/blog\/pl-preve-liberar-construcao-simplificada-de-ferrovias-por-autorizacao\/\"]}]},{\"@type\":\"ImageObject\",\"inLanguage\":\"pt-BR\",\"@id\":\"https:\/\/agenciainfra.com\/blog\/pl-preve-liberar-construcao-simplificada-de-ferrovias-por-autorizacao\/#primaryimage\",\"url\":\"https:\/\/agenciainfra.com\/blog\/wp-content\/uploads\/2018\/07\/fiol_gondiberto_filho_valec.jpg\",\"contentUrl\":\"https:\/\/agenciainfra.com\/blog\/wp-content\/uploads\/2018\/07\/fiol_gondiberto_filho_valec.jpg\",\"width\":207,\"height\":138},{\"@type\":\"BreadcrumbList\",\"@id\":\"https:\/\/agenciainfra.com\/blog\/pl-preve-liberar-construcao-simplificada-de-ferrovias-por-autorizacao\/#breadcrumb\",\"itemListElement\":[{\"@type\":\"ListItem\",\"position\":1,\"name\":\"In\u00edcio\",\"item\":\"https:\/\/agenciainfra.com\/blog\/\"},{\"@type\":\"ListItem\",\"position\":2,\"name\":\"PL prev\u00ea liberar constru\u00e7\u00e3o simplificada de ferrovias, por autoriza\u00e7\u00e3o\"}]},{\"@type\":\"WebSite\",\"@id\":\"https:\/\/agenciainfra.com\/blog\/#website\",\"url\":\"https:\/\/agenciainfra.com\/blog\/\",\"name\":\"Ag\u00eancia iNFRA\",\"description\":\"Multiplataforma de informa\u00e7\u00e3o jornal\u00edstica refer\u00eancia na \u00e1rea de infraestrutura no Brasil!\",\"publisher\":{\"@id\":\"https:\/\/agenciainfra.com\/blog\/#organization\"},\"potentialAction\":[{\"@type\":\"SearchAction\",\"target\":{\"@type\":\"EntryPoint\",\"urlTemplate\":\"https:\/\/agenciainfra.com\/blog\/?s={search_term_string}\"},\"query-input\":{\"@type\":\"PropertyValueSpecification\",\"valueRequired\":true,\"valueName\":\"search_term_string\"}}],\"inLanguage\":\"pt-BR\"},{\"@type\":\"Organization\",\"@id\":\"https:\/\/agenciainfra.com\/blog\/#organization\",\"name\":\"Ag\u00eancia iNFRA\",\"url\":\"https:\/\/agenciainfra.com\/blog\/\",\"logo\":{\"@type\":\"ImageObject\",\"inLanguage\":\"pt-BR\",\"@id\":\"https:\/\/agenciainfra.com\/blog\/#\/schema\/logo\/image\/\",\"url\":\"https:\/\/agenciainfra.com\/blog\/wp-content\/uploads\/2023\/09\/iNFRA_5-e1761735885940.png\",\"contentUrl\":\"https:\/\/agenciainfra.com\/blog\/wp-content\/uploads\/2023\/09\/iNFRA_5-e1761735885940.png\",\"width\":1672,\"height\":454,\"caption\":\"Ag\u00eancia iNFRA\"},\"image\":{\"@id\":\"https:\/\/agenciainfra.com\/blog\/#\/schema\/logo\/image\/\"},\"sameAs\":[\"https:\/\/www.facebook.com\/ageninfra\",\"https:\/\/x.com\/agencia_infra\",\"https:\/\/www.linkedin.com\/company\/ag\u00eanciainfra\/\",\"https:\/\/www.instagram.com\/agenciainfra\/\"]},{\"@type\":\"Person\",\"@id\":\"https:\/\/agenciainfra.com\/blog\/#\/schema\/person\/34af08dff6adea4cb22b06612ba7acfa\",\"name\":\"Ag\u00eancia iNFRA\",\"image\":{\"@type\":\"ImageObject\",\"inLanguage\":\"pt-BR\",\"@id\":\"https:\/\/agenciainfra.com\/blog\/#\/schema\/person\/image\/\",\"url\":\"https:\/\/secure.gravatar.com\/avatar\/d189e01678f06d8eb84d4e01f08eb848b3fffe3f8443818d3c356c66892f5be8?s=96&d=mm&r=g\",\"contentUrl\":\"https:\/\/secure.gravatar.com\/avatar\/d189e01678f06d8eb84d4e01f08eb848b3fffe3f8443818d3c356c66892f5be8?s=96&d=mm&r=g\",\"caption\":\"Ag\u00eancia iNFRA\"},\"url\":\"https:\/\/agenciainfra.com\/blog\/author\/admin\/\"}]}<\/script>\n<!-- \/ Yoast SEO Premium plugin. -->","yoast_head_json":{"title":"PL prev\u00ea liberar constru\u00e7\u00e3o simplificada de ferrovias, por autoriza\u00e7\u00e3o - Ag\u00eancia iNFRA","robots":{"index":"index","follow":"follow","max-snippet":"max-snippet:-1","max-image-preview":"max-image-preview:large","max-video-preview":"max-video-preview:-1"},"canonical":"https:\/\/agenciainfra.com\/blog\/pl-preve-liberar-construcao-simplificada-de-ferrovias-por-autorizacao\/","og_locale":"pt_BR","og_type":"article","og_title":"PL prev\u00ea liberar constru\u00e7\u00e3o simplificada de ferrovias, por autoriza\u00e7\u00e3o","og_description":"&nbsp; Dimmi Amora e Bernardo Gonzaga,\u00a0da Ag\u00eancia iNFRA A CAE (Comiss\u00e3o de Assuntos Econ\u00f4micos) do Senado aprovou nesta ter\u00e7a-feira (11) parecer da senadora L\u00facia V\u00e2nia (PSDB-GO), com pequenas emendas, ao Projeto de Lei do Senado 257\/2018, do senador Jos\u00e9 Serra (PSDB\/SP), prev\u00ea transformar o sistema de ferrovias do pa\u00eds, de carga e de passageiros, mudando [&hellip;]","og_url":"https:\/\/agenciainfra.com\/blog\/pl-preve-liberar-construcao-simplificada-de-ferrovias-por-autorizacao\/","og_site_name":"Ag\u00eancia iNFRA","article_publisher":"https:\/\/www.facebook.com\/ageninfra","article_published_time":"2018-12-13T14:26:02+00:00","og_image":[{"width":207,"height":138,"url":"https:\/\/agenciainfra.com\/blog\/wp-content\/uploads\/2018\/07\/fiol_gondiberto_filho_valec.jpg","type":"image\/jpeg"}],"author":"Ag\u00eancia iNFRA","twitter_card":"summary_large_image","twitter_creator":"@agencia_infra","twitter_site":"@agencia_infra","twitter_misc":{"Escrito por":"Ag\u00eancia iNFRA","Est. tempo de leitura":"3 minutos"},"schema":{"@context":"https:\/\/schema.org","@graph":[{"@type":"Article","@id":"https:\/\/agenciainfra.com\/blog\/pl-preve-liberar-construcao-simplificada-de-ferrovias-por-autorizacao\/#article","isPartOf":{"@id":"https:\/\/agenciainfra.com\/blog\/pl-preve-liberar-construcao-simplificada-de-ferrovias-por-autorizacao\/"},"author":{"name":"Ag\u00eancia iNFRA","@id":"https:\/\/agenciainfra.com\/blog\/#\/schema\/person\/34af08dff6adea4cb22b06612ba7acfa"},"headline":"PL prev\u00ea liberar constru\u00e7\u00e3o simplificada de ferrovias, por autoriza\u00e7\u00e3o","datePublished":"2018-12-13T14:26:02+00:00","mainEntityOfPage":{"@id":"https:\/\/agenciainfra.com\/blog\/pl-preve-liberar-construcao-simplificada-de-ferrovias-por-autorizacao\/"},"wordCount":681,"publisher":{"@id":"https:\/\/agenciainfra.com\/blog\/#organization"},"image":{"@id":"https:\/\/agenciainfra.com\/blog\/pl-preve-liberar-construcao-simplificada-de-ferrovias-por-autorizacao\/#primaryimage"},"thumbnailUrl":"https:\/\/agenciainfra.com\/blog\/wp-content\/uploads\/2018\/07\/fiol_gondiberto_filho_valec.jpg","keywords":["autoriza\u00e7\u00e3o","CAE","Concess\u00e3o","Ferrovia","Infraestrutura","Projeto de Lei","senado"],"articleSection":["iNFRATransporte"],"inLanguage":"pt-BR","copyrightYear":"2018","copyrightHolder":{"@id":"https:\/\/agenciainfra.com\/blog\/#organization"}},{"@type":"WebPage","@id":"https:\/\/agenciainfra.com\/blog\/pl-preve-liberar-construcao-simplificada-de-ferrovias-por-autorizacao\/","url":"https:\/\/agenciainfra.com\/blog\/pl-preve-liberar-construcao-simplificada-de-ferrovias-por-autorizacao\/","name":"PL prev\u00ea liberar constru\u00e7\u00e3o simplificada de ferrovias, por autoriza\u00e7\u00e3o - Ag\u00eancia iNFRA","isPartOf":{"@id":"https:\/\/agenciainfra.com\/blog\/#website"},"primaryImageOfPage":{"@id":"https:\/\/agenciainfra.com\/blog\/pl-preve-liberar-construcao-simplificada-de-ferrovias-por-autorizacao\/#primaryimage"},"image":{"@id":"https:\/\/agenciainfra.com\/blog\/pl-preve-liberar-construcao-simplificada-de-ferrovias-por-autorizacao\/#primaryimage"},"thumbnailUrl":"https:\/\/agenciainfra.com\/blog\/wp-content\/uploads\/2018\/07\/fiol_gondiberto_filho_valec.jpg","datePublished":"2018-12-13T14:26:02+00:00","breadcrumb":{"@id":"https:\/\/agenciainfra.com\/blog\/pl-preve-liberar-construcao-simplificada-de-ferrovias-por-autorizacao\/#breadcrumb"},"inLanguage":"pt-BR","potentialAction":[{"@type":"ReadAction","target":["https:\/\/agenciainfra.com\/blog\/pl-preve-liberar-construcao-simplificada-de-ferrovias-por-autorizacao\/"]}]},{"@type":"ImageObject","inLanguage":"pt-BR","@id":"https:\/\/agenciainfra.com\/blog\/pl-preve-liberar-construcao-simplificada-de-ferrovias-por-autorizacao\/#primaryimage","url":"https:\/\/agenciainfra.com\/blog\/wp-content\/uploads\/2018\/07\/fiol_gondiberto_filho_valec.jpg","contentUrl":"https:\/\/agenciainfra.com\/blog\/wp-content\/uploads\/2018\/07\/fiol_gondiberto_filho_valec.jpg","width":207,"height":138},{"@type":"BreadcrumbList","@id":"https:\/\/agenciainfra.com\/blog\/pl-preve-liberar-construcao-simplificada-de-ferrovias-por-autorizacao\/#breadcrumb","itemListElement":[{"@type":"ListItem","position":1,"name":"In\u00edcio","item":"https:\/\/agenciainfra.com\/blog\/"},{"@type":"ListItem","position":2,"name":"PL prev\u00ea liberar constru\u00e7\u00e3o simplificada de ferrovias, por autoriza\u00e7\u00e3o"}]},{"@type":"WebSite","@id":"https:\/\/agenciainfra.com\/blog\/#website","url":"https:\/\/agenciainfra.com\/blog\/","name":"Ag\u00eancia iNFRA","description":"Multiplataforma de informa\u00e7\u00e3o jornal\u00edstica refer\u00eancia na \u00e1rea de infraestrutura no Brasil!","publisher":{"@id":"https:\/\/agenciainfra.com\/blog\/#organization"},"potentialAction":[{"@type":"SearchAction","target":{"@type":"EntryPoint","urlTemplate":"https:\/\/agenciainfra.com\/blog\/?s={search_term_string}"},"query-input":{"@type":"PropertyValueSpecification","valueRequired":true,"valueName":"search_term_string"}}],"inLanguage":"pt-BR"},{"@type":"Organization","@id":"https:\/\/agenciainfra.com\/blog\/#organization","name":"Ag\u00eancia iNFRA","url":"https:\/\/agenciainfra.com\/blog\/","logo":{"@type":"ImageObject","inLanguage":"pt-BR","@id":"https:\/\/agenciainfra.com\/blog\/#\/schema\/logo\/image\/","url":"https:\/\/agenciainfra.com\/blog\/wp-content\/uploads\/2023\/09\/iNFRA_5-e1761735885940.png","contentUrl":"https:\/\/agenciainfra.com\/blog\/wp-content\/uploads\/2023\/09\/iNFRA_5-e1761735885940.png","width":1672,"height":454,"caption":"Ag\u00eancia iNFRA"},"image":{"@id":"https:\/\/agenciainfra.com\/blog\/#\/schema\/logo\/image\/"},"sameAs":["https:\/\/www.facebook.com\/ageninfra","https:\/\/x.com\/agencia_infra","https:\/\/www.linkedin.com\/company\/ag\u00eanciainfra\/","https:\/\/www.instagram.com\/agenciainfra\/"]},{"@type":"Person","@id":"https:\/\/agenciainfra.com\/blog\/#\/schema\/person\/34af08dff6adea4cb22b06612ba7acfa","name":"Ag\u00eancia iNFRA","image":{"@type":"ImageObject","inLanguage":"pt-BR","@id":"https:\/\/agenciainfra.com\/blog\/#\/schema\/person\/image\/","url":"https:\/\/secure.gravatar.com\/avatar\/d189e01678f06d8eb84d4e01f08eb848b3fffe3f8443818d3c356c66892f5be8?s=96&d=mm&r=g","contentUrl":"https:\/\/secure.gravatar.com\/avatar\/d189e01678f06d8eb84d4e01f08eb848b3fffe3f8443818d3c356c66892f5be8?s=96&d=mm&r=g","caption":"Ag\u00eancia iNFRA"},"url":"https:\/\/agenciainfra.com\/blog\/author\/admin\/"}]}},"_links":{"self":[{"href":"https:\/\/agenciainfra.com\/blog\/wp-json\/wp\/v2\/posts\/2694","targetHints":{"allow":["GET"]}}],"collection":[{"href":"https:\/\/agenciainfra.com\/blog\/wp-json\/wp\/v2\/posts"}],"about":[{"href":"https:\/\/agenciainfra.com\/blog\/wp-json\/wp\/v2\/types\/post"}],"author":[{"embeddable":true,"href":"https:\/\/agenciainfra.com\/blog\/wp-json\/wp\/v2\/users\/1"}],"replies":[{"embeddable":true,"href":"https:\/\/agenciainfra.com\/blog\/wp-json\/wp\/v2\/comments?post=2694"}],"version-history":[{"count":0,"href":"https:\/\/agenciainfra.com\/blog\/wp-json\/wp\/v2\/posts\/2694\/revisions"}],"wp:featuredmedia":[{"embeddable":true,"href":"https:\/\/agenciainfra.com\/blog\/wp-json\/wp\/v2\/media\/2024"}],"wp:attachment":[{"href":"https:\/\/agenciainfra.com\/blog\/wp-json\/wp\/v2\/media?parent=2694"}],"wp:term":[{"taxonomy":"category","embeddable":true,"href":"https:\/\/agenciainfra.com\/blog\/wp-json\/wp\/v2\/categories?post=2694"},{"taxonomy":"post_tag","embeddable":true,"href":"https:\/\/agenciainfra.com\/blog\/wp-json\/wp\/v2\/tags?post=2694"}],"curies":[{"name":"wp","href":"https:\/\/api.w.org\/{rel}","templated":true}]}}