{"id":26972,"date":"2025-09-01T09:00:00","date_gmt":"2025-09-01T12:00:00","guid":{"rendered":"https:\/\/agenciainfra.com\/blog\/?p=26972"},"modified":"2025-09-02T10:18:59","modified_gmt":"2025-09-02T13:18:59","slug":"agentes-veem-aumento-de-demanda-para-contratacao-no-lrcap-apos-atrasos","status":"publish","type":"post","link":"https:\/\/agenciainfra.com\/blog\/agentes-veem-aumento-de-demanda-para-contratacao-no-lrcap-apos-atrasos\/","title":{"rendered":"Agentes veem aumento de demanda para contrata\u00e7\u00e3o no LRCAP ap\u00f3s atrasos"},"content":{"rendered":"\n<p class=\"has-text-align-right\"><strong>Geraldo Campos Jr., Lais Carregosa e Marisa Wanzeller, da Ag\u00eancia iNFRA<\/strong><\/p>\n\n\n\n<p>A expectativa do setor para a contrata\u00e7\u00e3o de pot\u00eancia no LRCAP (Leil\u00e3o de Reserva de Capacidade na forma de Pot\u00eancia) aumentou de uma demanda m\u00e1xima de 15 GW (gigawatts) para at\u00e9 25 GW, segundo especialistas e agentes do setor consultados pela\u00a0<strong>Ag\u00eancia iNFRA<\/strong>. Dentre os motivos, est\u00e1 o atraso na realiza\u00e7\u00e3o do certame e a maior sinaliza\u00e7\u00e3o de necessidade de pot\u00eancia no sistema.<br><br>Um estudo realizado pela Thymos Consultoria d\u00e1 conta de que a necessidade de pot\u00eancia a ser contratada no leil\u00e3o deve alcan\u00e7ar at\u00e9 25 GW visando a garantir a confiabilidade do sistema el\u00e9trico nacional entre 2026 e 2030. O CEO da consultoria, Jo\u00e3o Carlos Mello, aponta que as estimativas anteriores ficavam entre 10 GW e 15 GW, mas que o atraso no certame elevou a demanda. O leil\u00e3o estava previsto inicialmente para 2024, foi adiado para 2025 e, agora, est\u00e1 agendado para mar\u00e7o de 2026.<br><br>Mello ressalta, contudo, que a \u201cdemanda real\u201d \u00e9 uma decis\u00e3o do governo. \u201cO governo \u00e9 quem sabe qual o risco que ele quer correr. Porque isso \u00e9 importante. Isso n\u00e3o \u00e9 um leil\u00e3o de compra das distribuidoras. \u00c9 um leil\u00e3o que o governo faz para manter a confiabilidade do sistema. Ent\u00e3o, est\u00e1 na m\u00e3o do governo, do ONS [Operador Nacional do Sistema El\u00e9trico], da EPE [Empresa de Pesquisa Energ\u00e9tica]&#8221;, afirmou \u00e0\u00a0<strong>Ag\u00eancia iNFRA<\/strong>.<br><br>O presidente da Abraget (Associa\u00e7\u00e3o Brasileira de Geradoras Termel\u00e9tricas), Xisto Vieira, disse que a associa\u00e7\u00e3o tem trabalhado com uma perspectiva para o LRCAP de 23 GW, com base no estudo da Thymos, e que este seria o necess\u00e1rio para assegurar a confiabilidade do sistema at\u00e9 2030. \u201cAntes t\u00ednhamos a previs\u00e3o de 16 GW considerando as t\u00e9rmicas descontratadas, mas isso era at\u00e9 2028. Com o atraso do leil\u00e3o, isso muda.\u201d<br><br>J\u00e1 o s\u00f3cio-fundador do CBIE (Centro Brasileiro de Infraestrutura), Adriano Pires, acredita que a \u201ccereja do bolo\u201d do LRCAP \u00e9 a demanda de contrata\u00e7\u00e3o, que ser\u00e1 conhecida ap\u00f3s a consulta p\u00fablica.\u00a0\u00a0Al\u00e9m disso, a reparti\u00e7\u00e3o da demanda entre as fontes tamb\u00e9m gera expectativa, diz Pires.<br><br>\u201cVamos ver se o governo vem com um n\u00famero que seja aderente ao que o mercado precisa. Na minha opini\u00e3o, tem que ser um leil\u00e3o que contrate mais de 10 GW, entre 10 GW e 13 GW\u201d, disse Adriano Pires. Para o economista, a fonte que melhor endere\u00e7a o problema de pot\u00eancia \u00e9 o g\u00e1s natural.<br><br><strong>Produtos<\/strong><br>Na avalia\u00e7\u00e3o do diretor de Energia da Abiape (Associa\u00e7\u00e3o Brasileira dos Investidores em Autoprodu\u00e7\u00e3o de Energia), Paulo Sehn, a amplia\u00e7\u00e3o dos produtos no novo modelo de LRCAP apontam para um aumento na expectativa do governo de atendimento de pot\u00eancia. Foram inclu\u00eddas usinas termel\u00e9tricas a carv\u00e3o e a \u00f3leo combust\u00edvel para atendimento no curto prazo.<br><br>\u201cAntes, a gente estava muito concentrado na quest\u00e3o de g\u00e1s natural e de hidrel\u00e9trica. Agora eu acho que o minist\u00e9rio v\u00ea um pouco mais al\u00e9m, uma necessidade de contratar talvez uma demanda maior do que era na vis\u00e3o do ano passado\u201d, declarou.<br><br>Sehn chama aten\u00e7\u00e3o para estudos recentes do ONS (Operador Nacional do Sistema El\u00e9trico), que \u201ctrouxeram um sentimento de precisar de mais pot\u00eancia do que a gente imaginava\u201d, que anteciparam proje\u00e7\u00f5es para o curto prazo.<br><br>\u201c[O ONS] j\u00e1 trazia uma quest\u00e3o de necessidade de 5 GW para 2026, no ano que vem. Esse n\u00famero antes era projetado para 2027 e 2028. Agora, obviamente s\u00e3o cen\u00e1rios um pouco mais cr\u00edticos, mas o ONS j\u00e1 traz isso para 2026 nos seus estudos\u201d, afirmou o diretor da Abiape.<br><br><strong>Insufici\u00eancia de pot\u00eancia<\/strong><br>Segundo o ONS, no horizonte at\u00e9 2029 o risco de insufici\u00eancia da oferta de pot\u00eancia crescer\u00e1 a cada ano, violando os crit\u00e9rios de garantia de suprimento, conforme dados do PEN (Plano da Opera\u00e7\u00e3o Energ\u00e9tica) 2025.<br><br>Na compara\u00e7\u00e3o com o PEN de 2024, o estudo deste ano mostra um aumento no d\u00e9ficit de pot\u00eancia para todos os anos do pr\u00f3ximo ciclo. Em 2029, por exemplo, o risco de insufici\u00eancia de pot\u00eancia no sistema atinge os 90% caso novas contrata\u00e7\u00f5es n\u00e3o sejam feitas, segundo o plano.<br><br>O ONS recomendou \u201ca realiza\u00e7\u00e3o de leil\u00f5es anuais de reserva de capacidade na forma de pot\u00eancia, uma vez que os estudos do PEN 2024 j\u00e1 indicaram viola\u00e7\u00e3o dos crit\u00e9rios de garantia de suprimento de pot\u00eancia em 2025, e os resultados do PEN 2025 mostram aprofundamento das viola\u00e7\u00f5es com o decorrer dos anos avaliados\u201d, diz no estudo.\u00a0<br><br>O operador tamb\u00e9m chama aten\u00e7\u00e3o especial para o fato de que novas cargas, como de data centers e de hidrog\u00eanio verde, devem agravar o d\u00e9ficit de pot\u00eancia do sistema no per\u00edodo de ponta \u2013 quando a demanda por energia aumenta e a gera\u00e7\u00e3o das fontes solar e e\u00f3lica cai.<\/p>\n","protected":false},"excerpt":{"rendered":"<p>Geraldo Campos Jr., Lais Carregosa e Marisa Wanzeller, da Ag\u00eancia iNFRA A expectativa do setor para a contrata\u00e7\u00e3o de pot\u00eancia no LRCAP (Leil\u00e3o de Reserva de Capacidade na forma de Pot\u00eancia) aumentou de uma demanda m\u00e1xima de 15 GW (gigawatts) para at\u00e9 25 GW, segundo especialistas e agentes do setor consultados pela\u00a0Ag\u00eancia iNFRA. Dentre os [&hellip;]<\/p>\n","protected":false},"author":1,"featured_media":7459,"comment_status":"closed","ping_status":"closed","sticky":false,"template":"","format":"standard","meta":{"_monsterinsights_skip_tracking":false,"_monsterinsights_sitenote_active":false,"_monsterinsights_sitenote_note":"","_monsterinsights_sitenote_category":0,"footnotes":""},"categories":[1,10],"tags":[1198,724,2005,907,11594,1855,13132,5246,9822,7366,14972,54,15086,1155],"class_list":["post-26972","post","type-post","status-publish","format-standard","has-post-thumbnail","hentry","category-geral","category-infraenergia","tag-abiape","tag-abraget","tag-adriano-pires","tag-cbie","tag-geraldo-campos-jr","tag-joao-carlos-mello","tag-lais-carregosa","tag-leilao-de-reserva-de-capacidade","tag-lrcap","tag-marisa-wanzeller","tag-paulo-sehn","tag-setor-eletrico","tag-thymos-consultoria","tag-xisto-vieira"],"yoast_head":"<!-- This site is optimized with the Yoast SEO Premium plugin v25.4 (Yoast SEO v26.0) - https:\/\/yoast.com\/wordpress\/plugins\/seo\/ -->\n<title>Agentes veem aumento de demanda para contrata\u00e7\u00e3o no LRCAP ap\u00f3s atrasos - Ag\u00eancia iNFRA<\/title>\n<meta name=\"robots\" content=\"index, follow, max-snippet:-1, max-image-preview:large, max-video-preview:-1\" \/>\n<link rel=\"canonical\" href=\"https:\/\/agenciainfra.com\/blog\/agentes-veem-aumento-de-demanda-para-contratacao-no-lrcap-apos-atrasos\/\" \/>\n<meta property=\"og:locale\" content=\"pt_BR\" \/>\n<meta property=\"og:type\" content=\"article\" \/>\n<meta property=\"og:title\" content=\"Agentes veem aumento de demanda para contrata\u00e7\u00e3o no LRCAP ap\u00f3s atrasos\" \/>\n<meta property=\"og:description\" content=\"Geraldo Campos Jr., Lais Carregosa e Marisa Wanzeller, da Ag\u00eancia iNFRA A expectativa do setor para a contrata\u00e7\u00e3o de pot\u00eancia no LRCAP (Leil\u00e3o de Reserva de Capacidade na forma de Pot\u00eancia) aumentou de uma demanda m\u00e1xima de 15 GW (gigawatts) para at\u00e9 25 GW, segundo especialistas e agentes do setor consultados pela\u00a0Ag\u00eancia iNFRA. Dentre os [&hellip;]\" \/>\n<meta property=\"og:url\" content=\"https:\/\/agenciainfra.com\/blog\/agentes-veem-aumento-de-demanda-para-contratacao-no-lrcap-apos-atrasos\/\" \/>\n<meta property=\"og:site_name\" content=\"Ag\u00eancia iNFRA\" \/>\n<meta property=\"article:publisher\" content=\"https:\/\/www.facebook.com\/ageninfra\" \/>\n<meta property=\"article:published_time\" content=\"2025-09-01T12:00:00+00:00\" \/>\n<meta property=\"article:modified_time\" content=\"2025-09-02T13:18:59+00:00\" \/>\n<meta property=\"og:image\" content=\"https:\/\/agenciainfra.com\/blog\/wp-content\/uploads\/2021\/06\/hidreletrica-foto-cope-divulgacao-e1750264164468.png\" \/>\n\t<meta property=\"og:image:width\" content=\"1280\" \/>\n\t<meta property=\"og:image:height\" content=\"768\" \/>\n\t<meta property=\"og:image:type\" content=\"image\/png\" \/>\n<meta name=\"author\" content=\"Ag\u00eancia iNFRA\" \/>\n<meta name=\"twitter:card\" content=\"summary_large_image\" \/>\n<meta name=\"twitter:creator\" content=\"@agencia_infra\" \/>\n<meta name=\"twitter:site\" content=\"@agencia_infra\" \/>\n<meta name=\"twitter:label1\" content=\"Escrito por\" \/>\n\t<meta name=\"twitter:data1\" content=\"Ag\u00eancia iNFRA\" \/>\n\t<meta name=\"twitter:label2\" content=\"Est. tempo de leitura\" \/>\n\t<meta name=\"twitter:data2\" content=\"4 minutos\" \/>\n<script type=\"application\/ld+json\" class=\"yoast-schema-graph\">{\"@context\":\"https:\/\/schema.org\",\"@graph\":[{\"@type\":\"Article\",\"@id\":\"https:\/\/agenciainfra.com\/blog\/agentes-veem-aumento-de-demanda-para-contratacao-no-lrcap-apos-atrasos\/#article\",\"isPartOf\":{\"@id\":\"https:\/\/agenciainfra.com\/blog\/agentes-veem-aumento-de-demanda-para-contratacao-no-lrcap-apos-atrasos\/\"},\"author\":{\"name\":\"Ag\u00eancia iNFRA\",\"@id\":\"https:\/\/agenciainfra.com\/blog\/#\/schema\/person\/34af08dff6adea4cb22b06612ba7acfa\"},\"headline\":\"Agentes veem aumento de demanda para contrata\u00e7\u00e3o no LRCAP ap\u00f3s atrasos\",\"datePublished\":\"2025-09-01T12:00:00+00:00\",\"dateModified\":\"2025-09-02T13:18:59+00:00\",\"mainEntityOfPage\":{\"@id\":\"https:\/\/agenciainfra.com\/blog\/agentes-veem-aumento-de-demanda-para-contratacao-no-lrcap-apos-atrasos\/\"},\"wordCount\":849,\"publisher\":{\"@id\":\"https:\/\/agenciainfra.com\/blog\/#organization\"},\"image\":{\"@id\":\"https:\/\/agenciainfra.com\/blog\/agentes-veem-aumento-de-demanda-para-contratacao-no-lrcap-apos-atrasos\/#primaryimage\"},\"thumbnailUrl\":\"https:\/\/agenciainfra.com\/blog\/wp-content\/uploads\/2021\/06\/hidreletrica-foto-cope-divulgacao-e1750264164468.png\",\"keywords\":[\"Abiape\",\"abraget\",\"Adriano Pires\",\"CBIE\",\"Geraldo Campos Jr.\",\"Jo\u00e3o Carlos Mello\",\"Lais Carregosa\",\"leil\u00e3o de reserva de capacidade\",\"LRCAP\",\"Marisa Wanzeller\",\"Paulo Sehn\",\"Setor El\u00e9trico\",\"Thymos Consultoria\",\"Xisto Vieira\"],\"articleSection\":[\"Geral\",\"iNFRAEnergia\"],\"inLanguage\":\"pt-BR\",\"copyrightYear\":\"2025\",\"copyrightHolder\":{\"@id\":\"https:\/\/agenciainfra.com\/blog\/#organization\"}},{\"@type\":\"WebPage\",\"@id\":\"https:\/\/agenciainfra.com\/blog\/agentes-veem-aumento-de-demanda-para-contratacao-no-lrcap-apos-atrasos\/\",\"url\":\"https:\/\/agenciainfra.com\/blog\/agentes-veem-aumento-de-demanda-para-contratacao-no-lrcap-apos-atrasos\/\",\"name\":\"Agentes veem aumento de demanda para contrata\u00e7\u00e3o no LRCAP ap\u00f3s atrasos - Ag\u00eancia iNFRA\",\"isPartOf\":{\"@id\":\"https:\/\/agenciainfra.com\/blog\/#website\"},\"primaryImageOfPage\":{\"@id\":\"https:\/\/agenciainfra.com\/blog\/agentes-veem-aumento-de-demanda-para-contratacao-no-lrcap-apos-atrasos\/#primaryimage\"},\"image\":{\"@id\":\"https:\/\/agenciainfra.com\/blog\/agentes-veem-aumento-de-demanda-para-contratacao-no-lrcap-apos-atrasos\/#primaryimage\"},\"thumbnailUrl\":\"https:\/\/agenciainfra.com\/blog\/wp-content\/uploads\/2021\/06\/hidreletrica-foto-cope-divulgacao-e1750264164468.png\",\"datePublished\":\"2025-09-01T12:00:00+00:00\",\"dateModified\":\"2025-09-02T13:18:59+00:00\",\"breadcrumb\":{\"@id\":\"https:\/\/agenciainfra.com\/blog\/agentes-veem-aumento-de-demanda-para-contratacao-no-lrcap-apos-atrasos\/#breadcrumb\"},\"inLanguage\":\"pt-BR\",\"potentialAction\":[{\"@type\":\"ReadAction\",\"target\":[\"https:\/\/agenciainfra.com\/blog\/agentes-veem-aumento-de-demanda-para-contratacao-no-lrcap-apos-atrasos\/\"]}]},{\"@type\":\"ImageObject\",\"inLanguage\":\"pt-BR\",\"@id\":\"https:\/\/agenciainfra.com\/blog\/agentes-veem-aumento-de-demanda-para-contratacao-no-lrcap-apos-atrasos\/#primaryimage\",\"url\":\"https:\/\/agenciainfra.com\/blog\/wp-content\/uploads\/2021\/06\/hidreletrica-foto-cope-divulgacao-e1750264164468.png\",\"contentUrl\":\"https:\/\/agenciainfra.com\/blog\/wp-content\/uploads\/2021\/06\/hidreletrica-foto-cope-divulgacao-e1750264164468.png\",\"width\":1280,\"height\":768,\"caption\":\"Foto: Cope\/Divulga\u00e7\u00e3o\"},{\"@type\":\"BreadcrumbList\",\"@id\":\"https:\/\/agenciainfra.com\/blog\/agentes-veem-aumento-de-demanda-para-contratacao-no-lrcap-apos-atrasos\/#breadcrumb\",\"itemListElement\":[{\"@type\":\"ListItem\",\"position\":1,\"name\":\"In\u00edcio\",\"item\":\"https:\/\/agenciainfra.com\/blog\/\"},{\"@type\":\"ListItem\",\"position\":2,\"name\":\"Agentes veem aumento de demanda para contrata\u00e7\u00e3o no LRCAP ap\u00f3s atrasos\"}]},{\"@type\":\"WebSite\",\"@id\":\"https:\/\/agenciainfra.com\/blog\/#website\",\"url\":\"https:\/\/agenciainfra.com\/blog\/\",\"name\":\"Ag\u00eancia iNFRA\",\"description\":\"Multiplataforma de informa\u00e7\u00e3o jornal\u00edstica refer\u00eancia na \u00e1rea de infraestrutura no Brasil!\",\"publisher\":{\"@id\":\"https:\/\/agenciainfra.com\/blog\/#organization\"},\"potentialAction\":[{\"@type\":\"SearchAction\",\"target\":{\"@type\":\"EntryPoint\",\"urlTemplate\":\"https:\/\/agenciainfra.com\/blog\/?s={search_term_string}\"},\"query-input\":{\"@type\":\"PropertyValueSpecification\",\"valueRequired\":true,\"valueName\":\"search_term_string\"}}],\"inLanguage\":\"pt-BR\"},{\"@type\":\"Organization\",\"@id\":\"https:\/\/agenciainfra.com\/blog\/#organization\",\"name\":\"Ag\u00eancia iNFRA\",\"url\":\"https:\/\/agenciainfra.com\/blog\/\",\"logo\":{\"@type\":\"ImageObject\",\"inLanguage\":\"pt-BR\",\"@id\":\"https:\/\/agenciainfra.com\/blog\/#\/schema\/logo\/image\/\",\"url\":\"https:\/\/agenciainfra.com\/blog\/wp-content\/uploads\/2023\/09\/iNFRA_5-e1761735885940.png\",\"contentUrl\":\"https:\/\/agenciainfra.com\/blog\/wp-content\/uploads\/2023\/09\/iNFRA_5-e1761735885940.png\",\"width\":1672,\"height\":454,\"caption\":\"Ag\u00eancia iNFRA\"},\"image\":{\"@id\":\"https:\/\/agenciainfra.com\/blog\/#\/schema\/logo\/image\/\"},\"sameAs\":[\"https:\/\/www.facebook.com\/ageninfra\",\"https:\/\/x.com\/agencia_infra\",\"https:\/\/www.linkedin.com\/company\/ag\u00eanciainfra\/\",\"https:\/\/www.instagram.com\/agenciainfra\/\"]},{\"@type\":\"Person\",\"@id\":\"https:\/\/agenciainfra.com\/blog\/#\/schema\/person\/34af08dff6adea4cb22b06612ba7acfa\",\"name\":\"Ag\u00eancia iNFRA\",\"image\":{\"@type\":\"ImageObject\",\"inLanguage\":\"pt-BR\",\"@id\":\"https:\/\/agenciainfra.com\/blog\/#\/schema\/person\/image\/\",\"url\":\"https:\/\/secure.gravatar.com\/avatar\/d189e01678f06d8eb84d4e01f08eb848b3fffe3f8443818d3c356c66892f5be8?s=96&d=mm&r=g\",\"contentUrl\":\"https:\/\/secure.gravatar.com\/avatar\/d189e01678f06d8eb84d4e01f08eb848b3fffe3f8443818d3c356c66892f5be8?s=96&d=mm&r=g\",\"caption\":\"Ag\u00eancia iNFRA\"},\"url\":\"https:\/\/agenciainfra.com\/blog\/author\/admin\/\"}]}<\/script>\n<!-- \/ Yoast SEO Premium plugin. -->","yoast_head_json":{"title":"Agentes veem aumento de demanda para contrata\u00e7\u00e3o no LRCAP ap\u00f3s atrasos - Ag\u00eancia iNFRA","robots":{"index":"index","follow":"follow","max-snippet":"max-snippet:-1","max-image-preview":"max-image-preview:large","max-video-preview":"max-video-preview:-1"},"canonical":"https:\/\/agenciainfra.com\/blog\/agentes-veem-aumento-de-demanda-para-contratacao-no-lrcap-apos-atrasos\/","og_locale":"pt_BR","og_type":"article","og_title":"Agentes veem aumento de demanda para contrata\u00e7\u00e3o no LRCAP ap\u00f3s atrasos","og_description":"Geraldo Campos Jr., Lais Carregosa e Marisa Wanzeller, da Ag\u00eancia iNFRA A expectativa do setor para a contrata\u00e7\u00e3o de pot\u00eancia no LRCAP (Leil\u00e3o de Reserva de Capacidade na forma de Pot\u00eancia) aumentou de uma demanda m\u00e1xima de 15 GW (gigawatts) para at\u00e9 25 GW, segundo especialistas e agentes do setor consultados pela\u00a0Ag\u00eancia iNFRA. Dentre os [&hellip;]","og_url":"https:\/\/agenciainfra.com\/blog\/agentes-veem-aumento-de-demanda-para-contratacao-no-lrcap-apos-atrasos\/","og_site_name":"Ag\u00eancia iNFRA","article_publisher":"https:\/\/www.facebook.com\/ageninfra","article_published_time":"2025-09-01T12:00:00+00:00","article_modified_time":"2025-09-02T13:18:59+00:00","og_image":[{"width":1280,"height":768,"url":"https:\/\/agenciainfra.com\/blog\/wp-content\/uploads\/2021\/06\/hidreletrica-foto-cope-divulgacao-e1750264164468.png","type":"image\/png"}],"author":"Ag\u00eancia iNFRA","twitter_card":"summary_large_image","twitter_creator":"@agencia_infra","twitter_site":"@agencia_infra","twitter_misc":{"Escrito por":"Ag\u00eancia iNFRA","Est. tempo de leitura":"4 minutos"},"schema":{"@context":"https:\/\/schema.org","@graph":[{"@type":"Article","@id":"https:\/\/agenciainfra.com\/blog\/agentes-veem-aumento-de-demanda-para-contratacao-no-lrcap-apos-atrasos\/#article","isPartOf":{"@id":"https:\/\/agenciainfra.com\/blog\/agentes-veem-aumento-de-demanda-para-contratacao-no-lrcap-apos-atrasos\/"},"author":{"name":"Ag\u00eancia iNFRA","@id":"https:\/\/agenciainfra.com\/blog\/#\/schema\/person\/34af08dff6adea4cb22b06612ba7acfa"},"headline":"Agentes veem aumento de demanda para contrata\u00e7\u00e3o no LRCAP ap\u00f3s atrasos","datePublished":"2025-09-01T12:00:00+00:00","dateModified":"2025-09-02T13:18:59+00:00","mainEntityOfPage":{"@id":"https:\/\/agenciainfra.com\/blog\/agentes-veem-aumento-de-demanda-para-contratacao-no-lrcap-apos-atrasos\/"},"wordCount":849,"publisher":{"@id":"https:\/\/agenciainfra.com\/blog\/#organization"},"image":{"@id":"https:\/\/agenciainfra.com\/blog\/agentes-veem-aumento-de-demanda-para-contratacao-no-lrcap-apos-atrasos\/#primaryimage"},"thumbnailUrl":"https:\/\/agenciainfra.com\/blog\/wp-content\/uploads\/2021\/06\/hidreletrica-foto-cope-divulgacao-e1750264164468.png","keywords":["Abiape","abraget","Adriano Pires","CBIE","Geraldo Campos Jr.","Jo\u00e3o Carlos Mello","Lais Carregosa","leil\u00e3o de reserva de capacidade","LRCAP","Marisa Wanzeller","Paulo Sehn","Setor El\u00e9trico","Thymos Consultoria","Xisto Vieira"],"articleSection":["Geral","iNFRAEnergia"],"inLanguage":"pt-BR","copyrightYear":"2025","copyrightHolder":{"@id":"https:\/\/agenciainfra.com\/blog\/#organization"}},{"@type":"WebPage","@id":"https:\/\/agenciainfra.com\/blog\/agentes-veem-aumento-de-demanda-para-contratacao-no-lrcap-apos-atrasos\/","url":"https:\/\/agenciainfra.com\/blog\/agentes-veem-aumento-de-demanda-para-contratacao-no-lrcap-apos-atrasos\/","name":"Agentes veem aumento de demanda para contrata\u00e7\u00e3o no LRCAP ap\u00f3s atrasos - Ag\u00eancia iNFRA","isPartOf":{"@id":"https:\/\/agenciainfra.com\/blog\/#website"},"primaryImageOfPage":{"@id":"https:\/\/agenciainfra.com\/blog\/agentes-veem-aumento-de-demanda-para-contratacao-no-lrcap-apos-atrasos\/#primaryimage"},"image":{"@id":"https:\/\/agenciainfra.com\/blog\/agentes-veem-aumento-de-demanda-para-contratacao-no-lrcap-apos-atrasos\/#primaryimage"},"thumbnailUrl":"https:\/\/agenciainfra.com\/blog\/wp-content\/uploads\/2021\/06\/hidreletrica-foto-cope-divulgacao-e1750264164468.png","datePublished":"2025-09-01T12:00:00+00:00","dateModified":"2025-09-02T13:18:59+00:00","breadcrumb":{"@id":"https:\/\/agenciainfra.com\/blog\/agentes-veem-aumento-de-demanda-para-contratacao-no-lrcap-apos-atrasos\/#breadcrumb"},"inLanguage":"pt-BR","potentialAction":[{"@type":"ReadAction","target":["https:\/\/agenciainfra.com\/blog\/agentes-veem-aumento-de-demanda-para-contratacao-no-lrcap-apos-atrasos\/"]}]},{"@type":"ImageObject","inLanguage":"pt-BR","@id":"https:\/\/agenciainfra.com\/blog\/agentes-veem-aumento-de-demanda-para-contratacao-no-lrcap-apos-atrasos\/#primaryimage","url":"https:\/\/agenciainfra.com\/blog\/wp-content\/uploads\/2021\/06\/hidreletrica-foto-cope-divulgacao-e1750264164468.png","contentUrl":"https:\/\/agenciainfra.com\/blog\/wp-content\/uploads\/2021\/06\/hidreletrica-foto-cope-divulgacao-e1750264164468.png","width":1280,"height":768,"caption":"Foto: Cope\/Divulga\u00e7\u00e3o"},{"@type":"BreadcrumbList","@id":"https:\/\/agenciainfra.com\/blog\/agentes-veem-aumento-de-demanda-para-contratacao-no-lrcap-apos-atrasos\/#breadcrumb","itemListElement":[{"@type":"ListItem","position":1,"name":"In\u00edcio","item":"https:\/\/agenciainfra.com\/blog\/"},{"@type":"ListItem","position":2,"name":"Agentes veem aumento de demanda para contrata\u00e7\u00e3o no LRCAP ap\u00f3s atrasos"}]},{"@type":"WebSite","@id":"https:\/\/agenciainfra.com\/blog\/#website","url":"https:\/\/agenciainfra.com\/blog\/","name":"Ag\u00eancia iNFRA","description":"Multiplataforma de informa\u00e7\u00e3o jornal\u00edstica refer\u00eancia na \u00e1rea de infraestrutura no Brasil!","publisher":{"@id":"https:\/\/agenciainfra.com\/blog\/#organization"},"potentialAction":[{"@type":"SearchAction","target":{"@type":"EntryPoint","urlTemplate":"https:\/\/agenciainfra.com\/blog\/?s={search_term_string}"},"query-input":{"@type":"PropertyValueSpecification","valueRequired":true,"valueName":"search_term_string"}}],"inLanguage":"pt-BR"},{"@type":"Organization","@id":"https:\/\/agenciainfra.com\/blog\/#organization","name":"Ag\u00eancia iNFRA","url":"https:\/\/agenciainfra.com\/blog\/","logo":{"@type":"ImageObject","inLanguage":"pt-BR","@id":"https:\/\/agenciainfra.com\/blog\/#\/schema\/logo\/image\/","url":"https:\/\/agenciainfra.com\/blog\/wp-content\/uploads\/2023\/09\/iNFRA_5-e1761735885940.png","contentUrl":"https:\/\/agenciainfra.com\/blog\/wp-content\/uploads\/2023\/09\/iNFRA_5-e1761735885940.png","width":1672,"height":454,"caption":"Ag\u00eancia iNFRA"},"image":{"@id":"https:\/\/agenciainfra.com\/blog\/#\/schema\/logo\/image\/"},"sameAs":["https:\/\/www.facebook.com\/ageninfra","https:\/\/x.com\/agencia_infra","https:\/\/www.linkedin.com\/company\/ag\u00eanciainfra\/","https:\/\/www.instagram.com\/agenciainfra\/"]},{"@type":"Person","@id":"https:\/\/agenciainfra.com\/blog\/#\/schema\/person\/34af08dff6adea4cb22b06612ba7acfa","name":"Ag\u00eancia iNFRA","image":{"@type":"ImageObject","inLanguage":"pt-BR","@id":"https:\/\/agenciainfra.com\/blog\/#\/schema\/person\/image\/","url":"https:\/\/secure.gravatar.com\/avatar\/d189e01678f06d8eb84d4e01f08eb848b3fffe3f8443818d3c356c66892f5be8?s=96&d=mm&r=g","contentUrl":"https:\/\/secure.gravatar.com\/avatar\/d189e01678f06d8eb84d4e01f08eb848b3fffe3f8443818d3c356c66892f5be8?s=96&d=mm&r=g","caption":"Ag\u00eancia iNFRA"},"url":"https:\/\/agenciainfra.com\/blog\/author\/admin\/"}]}},"_links":{"self":[{"href":"https:\/\/agenciainfra.com\/blog\/wp-json\/wp\/v2\/posts\/26972","targetHints":{"allow":["GET"]}}],"collection":[{"href":"https:\/\/agenciainfra.com\/blog\/wp-json\/wp\/v2\/posts"}],"about":[{"href":"https:\/\/agenciainfra.com\/blog\/wp-json\/wp\/v2\/types\/post"}],"author":[{"embeddable":true,"href":"https:\/\/agenciainfra.com\/blog\/wp-json\/wp\/v2\/users\/1"}],"replies":[{"embeddable":true,"href":"https:\/\/agenciainfra.com\/blog\/wp-json\/wp\/v2\/comments?post=26972"}],"version-history":[{"count":2,"href":"https:\/\/agenciainfra.com\/blog\/wp-json\/wp\/v2\/posts\/26972\/revisions"}],"predecessor-version":[{"id":27058,"href":"https:\/\/agenciainfra.com\/blog\/wp-json\/wp\/v2\/posts\/26972\/revisions\/27058"}],"wp:featuredmedia":[{"embeddable":true,"href":"https:\/\/agenciainfra.com\/blog\/wp-json\/wp\/v2\/media\/7459"}],"wp:attachment":[{"href":"https:\/\/agenciainfra.com\/blog\/wp-json\/wp\/v2\/media?parent=26972"}],"wp:term":[{"taxonomy":"category","embeddable":true,"href":"https:\/\/agenciainfra.com\/blog\/wp-json\/wp\/v2\/categories?post=26972"},{"taxonomy":"post_tag","embeddable":true,"href":"https:\/\/agenciainfra.com\/blog\/wp-json\/wp\/v2\/tags?post=26972"}],"curies":[{"name":"wp","href":"https:\/\/api.w.org\/{rel}","templated":true}]}}