{"id":2699,"date":"2018-12-15T04:05:53","date_gmt":"2018-12-15T07:05:53","guid":{"rendered":"http:\/\/www.agenciainfra.com\/blog\/?p=2699"},"modified":"2018-12-14T16:12:47","modified_gmt":"2018-12-14T19:12:47","slug":"equipe-de-transicao-de-energia-entrega-diagnostico-do-setor-a-futuro-ministro","status":"publish","type":"post","link":"https:\/\/agenciainfra.com\/blog\/equipe-de-transicao-de-energia-entrega-diagnostico-do-setor-a-futuro-ministro\/","title":{"rendered":"Equipe de transi\u00e7\u00e3o de energia entrega diagn\u00f3stico do setor a futuro ministro"},"content":{"rendered":"<h5 style=\"text-align: right;\"><strong>Leila Coimbra,\u00a0da Ag\u00eancia iNFRA*<\/strong><\/h5>\n<p>Na reta final dos trabalhos, o grupo de trabalho de Minas e Energia da equipe de transi\u00e7\u00e3o entregou\u00a0um Raio X das \u00e1reas de minera\u00e7\u00e3o, energia el\u00e9trica e petr\u00f3leo e g\u00e1s para o futuro ministro da pasta, almirante Bento Lima Albuquerque J\u00fanior.<\/p>\n<p><strong>Coutinho: tr\u00eas relat\u00f3rios<\/strong><br \/>\nForam elaborados tr\u00eas diferentes relat\u00f3rios, explicou o coordenador do grupo de trabalho de Minas e Energia do futuro governo, Paulo Coutinho: 1) um deles trata das medidas mais imediatas, que ter\u00e3o que ser tomadas nos dez primeiros dias de governo; 2) um outro estabelece cronogramas com objetivos para os seis primeiros meses, um ano e at\u00e9 quatro anos, quando chega ao fim o mandato de Jair Bolsonaro; 3) e um terceiro que \u00e9 mais abrangente, e traz efetivamente o diagn\u00f3stico dos setores da pasta.<\/p>\n<p><strong>Setor foi ouvido<\/strong><br \/>\nSegundo Coutinho, esse diagn\u00f3stico foi feito com base em conversas com os setores: executivos de associa\u00e7\u00f5es, empresas, estatais e \u00f3rg\u00e3os de governo, al\u00e9m de especialistas.<\/p>\n<p>Dentre os principais problemas listados est\u00e3o: o imbr\u00f3glio causado pelo risco hidrol\u00f3gico (GSF), indeniza\u00e7\u00e3o \u00e0s transmissoras por instala\u00e7\u00f5es da rede b\u00e1sica existente (RBSE), licenciamento ambiental e a subven\u00e7\u00e3o do diesel para caminhoneiros. \u201cS\u00e3o todos problemas para ontem\u201d, diz Coutinho.<\/p>\n<p><strong>Viagem a Montevid\u00e9u<\/strong><br \/>\nCoutinho falou sobre os trabalhos da equipe de transi\u00e7\u00e3o durante viagem que fez junto com o ministro de Minas e Energia, Moreira Franco, e o diretor-geral da ANEEL, Andr\u00e9 Pepitone, ao Uruguai, na \u00faltima quarta-feira (12).<\/p>\n<p>Eles participaram da 48\u00aa Reuni\u00e3o Ministerial da OLADE (Organiza\u00e7\u00e3o Latino-Americana de Energia), em Montevid\u00e9u, no Uruguai. O diretor da ag\u00eancia reguladora, Efraim Cruz, tamb\u00e9m participou do encontro, que contou com ainda com a\u00a0presen\u00e7a de mais de 20 ministros de estado dos pa\u00edses pertencentes \u00e0 OLADE.<\/p>\n<p>Segundo o diretor-geral da ANEEL, os principais pontos discutidos na OLADE s\u00e3o a interliga\u00e7\u00e3o energ\u00e9tica da Am\u00e9rica do Sul, e tamb\u00e9m a descarboniza\u00e7\u00e3o da matriz energ\u00e9tica dos pa\u00edses sul-americanos com a gera\u00e7\u00e3o de energia a partir de fontes renov\u00e1veis.<\/p>\n<p>\u201cA OLADE n\u00e3o aponta uma fonte em especial, mas prioriza que cada pa\u00eds desenvolva o seu potencial\u201d, disse Pepitone.<\/p>\n<p>&nbsp;<\/p>\n<h6><em>A Editora viajou a convite da ANEEL*<\/em><\/h6>\n","protected":false},"excerpt":{"rendered":"<p>Leila Coimbra,\u00a0da Ag\u00eancia iNFRA* Na reta final dos trabalhos, o grupo de trabalho de Minas e Energia da equipe de transi\u00e7\u00e3o entregou\u00a0um Raio X das \u00e1reas de minera\u00e7\u00e3o, energia el\u00e9trica e petr\u00f3leo e g\u00e1s para o futuro ministro da pasta, almirante Bento Lima Albuquerque J\u00fanior. Coutinho: tr\u00eas relat\u00f3rios Foram elaborados tr\u00eas diferentes relat\u00f3rios, explicou o [&hellip;]<\/p>\n","protected":false},"author":1,"featured_media":2700,"comment_status":"closed","ping_status":"open","sticky":false,"template":"","format":"standard","meta":{"_monsterinsights_skip_tracking":false,"_monsterinsights_sitenote_active":false,"_monsterinsights_sitenote_note":"","_monsterinsights_sitenote_category":0,"footnotes":""},"categories":[10],"tags":[710,581,25,146,71],"class_list":["post-2699","post","type-post","status-publish","format-standard","has-post-thumbnail","hentry","category-infraenergia","tag-bento-albuquerque","tag-bolsonaro","tag-energia","tag-ministro","tag-mme"],"yoast_head":"<!-- This site is optimized with the Yoast SEO Premium plugin v25.4 (Yoast SEO v26.0) - https:\/\/yoast.com\/wordpress\/plugins\/seo\/ -->\n<title>Equipe de transi\u00e7\u00e3o de energia entrega diagn\u00f3stico do setor a futuro ministro - Ag\u00eancia iNFRA<\/title>\n<meta name=\"robots\" content=\"index, follow, max-snippet:-1, max-image-preview:large, max-video-preview:-1\" \/>\n<link rel=\"canonical\" href=\"https:\/\/agenciainfra.com\/blog\/equipe-de-transicao-de-energia-entrega-diagnostico-do-setor-a-futuro-ministro\/\" \/>\n<meta property=\"og:locale\" content=\"pt_BR\" \/>\n<meta property=\"og:type\" content=\"article\" \/>\n<meta property=\"og:title\" content=\"Equipe de transi\u00e7\u00e3o de energia entrega diagn\u00f3stico do setor a futuro ministro\" \/>\n<meta property=\"og:description\" content=\"Leila Coimbra,\u00a0da Ag\u00eancia iNFRA* Na reta final dos trabalhos, o grupo de trabalho de Minas e Energia da equipe de transi\u00e7\u00e3o entregou\u00a0um Raio X das \u00e1reas de minera\u00e7\u00e3o, energia el\u00e9trica e petr\u00f3leo e g\u00e1s para o futuro ministro da pasta, almirante Bento Lima Albuquerque J\u00fanior. Coutinho: tr\u00eas relat\u00f3rios Foram elaborados tr\u00eas diferentes relat\u00f3rios, explicou o [&hellip;]\" \/>\n<meta property=\"og:url\" content=\"https:\/\/agenciainfra.com\/blog\/equipe-de-transicao-de-energia-entrega-diagnostico-do-setor-a-futuro-ministro\/\" \/>\n<meta property=\"og:site_name\" content=\"Ag\u00eancia iNFRA\" \/>\n<meta property=\"article:publisher\" content=\"https:\/\/www.facebook.com\/ageninfra\" \/>\n<meta property=\"article:published_time\" content=\"2018-12-15T07:05:53+00:00\" \/>\n<meta property=\"og:image\" content=\"https:\/\/agenciainfra.com\/blog\/wp-content\/uploads\/2018\/12\/WhatsApp-Image-2018-12-13-at-22.01.04.jpeg\" \/>\n\t<meta property=\"og:image:width\" content=\"1280\" \/>\n\t<meta property=\"og:image:height\" content=\"960\" \/>\n\t<meta property=\"og:image:type\" content=\"image\/jpeg\" \/>\n<meta name=\"author\" content=\"Ag\u00eancia iNFRA\" \/>\n<meta name=\"twitter:card\" content=\"summary_large_image\" \/>\n<meta name=\"twitter:creator\" content=\"@agencia_infra\" \/>\n<meta name=\"twitter:site\" content=\"@agencia_infra\" \/>\n<meta name=\"twitter:label1\" content=\"Escrito por\" \/>\n\t<meta name=\"twitter:data1\" content=\"Ag\u00eancia iNFRA\" \/>\n\t<meta name=\"twitter:label2\" content=\"Est. tempo de leitura\" \/>\n\t<meta name=\"twitter:data2\" content=\"2 minutos\" \/>\n<script type=\"application\/ld+json\" class=\"yoast-schema-graph\">{\"@context\":\"https:\/\/schema.org\",\"@graph\":[{\"@type\":\"Article\",\"@id\":\"https:\/\/agenciainfra.com\/blog\/equipe-de-transicao-de-energia-entrega-diagnostico-do-setor-a-futuro-ministro\/#article\",\"isPartOf\":{\"@id\":\"https:\/\/agenciainfra.com\/blog\/equipe-de-transicao-de-energia-entrega-diagnostico-do-setor-a-futuro-ministro\/\"},\"author\":{\"name\":\"Ag\u00eancia iNFRA\",\"@id\":\"https:\/\/agenciainfra.com\/blog\/#\/schema\/person\/34af08dff6adea4cb22b06612ba7acfa\"},\"headline\":\"Equipe de transi\u00e7\u00e3o de energia entrega diagn\u00f3stico do setor a futuro ministro\",\"datePublished\":\"2018-12-15T07:05:53+00:00\",\"mainEntityOfPage\":{\"@id\":\"https:\/\/agenciainfra.com\/blog\/equipe-de-transicao-de-energia-entrega-diagnostico-do-setor-a-futuro-ministro\/\"},\"wordCount\":404,\"publisher\":{\"@id\":\"https:\/\/agenciainfra.com\/blog\/#organization\"},\"image\":{\"@id\":\"https:\/\/agenciainfra.com\/blog\/equipe-de-transicao-de-energia-entrega-diagnostico-do-setor-a-futuro-ministro\/#primaryimage\"},\"thumbnailUrl\":\"https:\/\/agenciainfra.com\/blog\/wp-content\/uploads\/2018\/12\/WhatsApp-Image-2018-12-13-at-22.01.04.jpeg\",\"keywords\":[\"bento albuquerque\",\"Bolsonaro\",\"energia\",\"Ministro\",\"MME\"],\"articleSection\":[\"iNFRAEnergia\"],\"inLanguage\":\"pt-BR\",\"copyrightYear\":\"2018\",\"copyrightHolder\":{\"@id\":\"https:\/\/agenciainfra.com\/blog\/#organization\"}},{\"@type\":\"WebPage\",\"@id\":\"https:\/\/agenciainfra.com\/blog\/equipe-de-transicao-de-energia-entrega-diagnostico-do-setor-a-futuro-ministro\/\",\"url\":\"https:\/\/agenciainfra.com\/blog\/equipe-de-transicao-de-energia-entrega-diagnostico-do-setor-a-futuro-ministro\/\",\"name\":\"Equipe de transi\u00e7\u00e3o de energia entrega diagn\u00f3stico do setor a futuro ministro - Ag\u00eancia iNFRA\",\"isPartOf\":{\"@id\":\"https:\/\/agenciainfra.com\/blog\/#website\"},\"primaryImageOfPage\":{\"@id\":\"https:\/\/agenciainfra.com\/blog\/equipe-de-transicao-de-energia-entrega-diagnostico-do-setor-a-futuro-ministro\/#primaryimage\"},\"image\":{\"@id\":\"https:\/\/agenciainfra.com\/blog\/equipe-de-transicao-de-energia-entrega-diagnostico-do-setor-a-futuro-ministro\/#primaryimage\"},\"thumbnailUrl\":\"https:\/\/agenciainfra.com\/blog\/wp-content\/uploads\/2018\/12\/WhatsApp-Image-2018-12-13-at-22.01.04.jpeg\",\"datePublished\":\"2018-12-15T07:05:53+00:00\",\"breadcrumb\":{\"@id\":\"https:\/\/agenciainfra.com\/blog\/equipe-de-transicao-de-energia-entrega-diagnostico-do-setor-a-futuro-ministro\/#breadcrumb\"},\"inLanguage\":\"pt-BR\",\"potentialAction\":[{\"@type\":\"ReadAction\",\"target\":[\"https:\/\/agenciainfra.com\/blog\/equipe-de-transicao-de-energia-entrega-diagnostico-do-setor-a-futuro-ministro\/\"]}]},{\"@type\":\"ImageObject\",\"inLanguage\":\"pt-BR\",\"@id\":\"https:\/\/agenciainfra.com\/blog\/equipe-de-transicao-de-energia-entrega-diagnostico-do-setor-a-futuro-ministro\/#primaryimage\",\"url\":\"https:\/\/agenciainfra.com\/blog\/wp-content\/uploads\/2018\/12\/WhatsApp-Image-2018-12-13-at-22.01.04.jpeg\",\"contentUrl\":\"https:\/\/agenciainfra.com\/blog\/wp-content\/uploads\/2018\/12\/WhatsApp-Image-2018-12-13-at-22.01.04.jpeg\",\"width\":1280,\"height\":960},{\"@type\":\"BreadcrumbList\",\"@id\":\"https:\/\/agenciainfra.com\/blog\/equipe-de-transicao-de-energia-entrega-diagnostico-do-setor-a-futuro-ministro\/#breadcrumb\",\"itemListElement\":[{\"@type\":\"ListItem\",\"position\":1,\"name\":\"In\u00edcio\",\"item\":\"https:\/\/agenciainfra.com\/blog\/\"},{\"@type\":\"ListItem\",\"position\":2,\"name\":\"Equipe de transi\u00e7\u00e3o de energia entrega diagn\u00f3stico do setor a futuro ministro\"}]},{\"@type\":\"WebSite\",\"@id\":\"https:\/\/agenciainfra.com\/blog\/#website\",\"url\":\"https:\/\/agenciainfra.com\/blog\/\",\"name\":\"Ag\u00eancia iNFRA\",\"description\":\"Multiplataforma de informa\u00e7\u00e3o jornal\u00edstica refer\u00eancia na \u00e1rea de infraestrutura no Brasil!\",\"publisher\":{\"@id\":\"https:\/\/agenciainfra.com\/blog\/#organization\"},\"potentialAction\":[{\"@type\":\"SearchAction\",\"target\":{\"@type\":\"EntryPoint\",\"urlTemplate\":\"https:\/\/agenciainfra.com\/blog\/?s={search_term_string}\"},\"query-input\":{\"@type\":\"PropertyValueSpecification\",\"valueRequired\":true,\"valueName\":\"search_term_string\"}}],\"inLanguage\":\"pt-BR\"},{\"@type\":\"Organization\",\"@id\":\"https:\/\/agenciainfra.com\/blog\/#organization\",\"name\":\"Ag\u00eancia iNFRA\",\"url\":\"https:\/\/agenciainfra.com\/blog\/\",\"logo\":{\"@type\":\"ImageObject\",\"inLanguage\":\"pt-BR\",\"@id\":\"https:\/\/agenciainfra.com\/blog\/#\/schema\/logo\/image\/\",\"url\":\"https:\/\/agenciainfra.com\/blog\/wp-content\/uploads\/2023\/09\/iNFRA_5-e1761735885940.png\",\"contentUrl\":\"https:\/\/agenciainfra.com\/blog\/wp-content\/uploads\/2023\/09\/iNFRA_5-e1761735885940.png\",\"width\":1672,\"height\":454,\"caption\":\"Ag\u00eancia iNFRA\"},\"image\":{\"@id\":\"https:\/\/agenciainfra.com\/blog\/#\/schema\/logo\/image\/\"},\"sameAs\":[\"https:\/\/www.facebook.com\/ageninfra\",\"https:\/\/x.com\/agencia_infra\",\"https:\/\/www.linkedin.com\/company\/ag\u00eanciainfra\/\",\"https:\/\/www.instagram.com\/agenciainfra\/\"]},{\"@type\":\"Person\",\"@id\":\"https:\/\/agenciainfra.com\/blog\/#\/schema\/person\/34af08dff6adea4cb22b06612ba7acfa\",\"name\":\"Ag\u00eancia iNFRA\",\"image\":{\"@type\":\"ImageObject\",\"inLanguage\":\"pt-BR\",\"@id\":\"https:\/\/agenciainfra.com\/blog\/#\/schema\/person\/image\/\",\"url\":\"https:\/\/secure.gravatar.com\/avatar\/d189e01678f06d8eb84d4e01f08eb848b3fffe3f8443818d3c356c66892f5be8?s=96&d=mm&r=g\",\"contentUrl\":\"https:\/\/secure.gravatar.com\/avatar\/d189e01678f06d8eb84d4e01f08eb848b3fffe3f8443818d3c356c66892f5be8?s=96&d=mm&r=g\",\"caption\":\"Ag\u00eancia iNFRA\"},\"url\":\"https:\/\/agenciainfra.com\/blog\/author\/admin\/\"}]}<\/script>\n<!-- \/ Yoast SEO Premium plugin. -->","yoast_head_json":{"title":"Equipe de transi\u00e7\u00e3o de energia entrega diagn\u00f3stico do setor a futuro ministro - Ag\u00eancia iNFRA","robots":{"index":"index","follow":"follow","max-snippet":"max-snippet:-1","max-image-preview":"max-image-preview:large","max-video-preview":"max-video-preview:-1"},"canonical":"https:\/\/agenciainfra.com\/blog\/equipe-de-transicao-de-energia-entrega-diagnostico-do-setor-a-futuro-ministro\/","og_locale":"pt_BR","og_type":"article","og_title":"Equipe de transi\u00e7\u00e3o de energia entrega diagn\u00f3stico do setor a futuro ministro","og_description":"Leila Coimbra,\u00a0da Ag\u00eancia iNFRA* Na reta final dos trabalhos, o grupo de trabalho de Minas e Energia da equipe de transi\u00e7\u00e3o entregou\u00a0um Raio X das \u00e1reas de minera\u00e7\u00e3o, energia el\u00e9trica e petr\u00f3leo e g\u00e1s para o futuro ministro da pasta, almirante Bento Lima Albuquerque J\u00fanior. Coutinho: tr\u00eas relat\u00f3rios Foram elaborados tr\u00eas diferentes relat\u00f3rios, explicou o [&hellip;]","og_url":"https:\/\/agenciainfra.com\/blog\/equipe-de-transicao-de-energia-entrega-diagnostico-do-setor-a-futuro-ministro\/","og_site_name":"Ag\u00eancia iNFRA","article_publisher":"https:\/\/www.facebook.com\/ageninfra","article_published_time":"2018-12-15T07:05:53+00:00","og_image":[{"width":1280,"height":960,"url":"https:\/\/agenciainfra.com\/blog\/wp-content\/uploads\/2018\/12\/WhatsApp-Image-2018-12-13-at-22.01.04.jpeg","type":"image\/jpeg"}],"author":"Ag\u00eancia iNFRA","twitter_card":"summary_large_image","twitter_creator":"@agencia_infra","twitter_site":"@agencia_infra","twitter_misc":{"Escrito por":"Ag\u00eancia iNFRA","Est. tempo de leitura":"2 minutos"},"schema":{"@context":"https:\/\/schema.org","@graph":[{"@type":"Article","@id":"https:\/\/agenciainfra.com\/blog\/equipe-de-transicao-de-energia-entrega-diagnostico-do-setor-a-futuro-ministro\/#article","isPartOf":{"@id":"https:\/\/agenciainfra.com\/blog\/equipe-de-transicao-de-energia-entrega-diagnostico-do-setor-a-futuro-ministro\/"},"author":{"name":"Ag\u00eancia iNFRA","@id":"https:\/\/agenciainfra.com\/blog\/#\/schema\/person\/34af08dff6adea4cb22b06612ba7acfa"},"headline":"Equipe de transi\u00e7\u00e3o de energia entrega diagn\u00f3stico do setor a futuro ministro","datePublished":"2018-12-15T07:05:53+00:00","mainEntityOfPage":{"@id":"https:\/\/agenciainfra.com\/blog\/equipe-de-transicao-de-energia-entrega-diagnostico-do-setor-a-futuro-ministro\/"},"wordCount":404,"publisher":{"@id":"https:\/\/agenciainfra.com\/blog\/#organization"},"image":{"@id":"https:\/\/agenciainfra.com\/blog\/equipe-de-transicao-de-energia-entrega-diagnostico-do-setor-a-futuro-ministro\/#primaryimage"},"thumbnailUrl":"https:\/\/agenciainfra.com\/blog\/wp-content\/uploads\/2018\/12\/WhatsApp-Image-2018-12-13-at-22.01.04.jpeg","keywords":["bento albuquerque","Bolsonaro","energia","Ministro","MME"],"articleSection":["iNFRAEnergia"],"inLanguage":"pt-BR","copyrightYear":"2018","copyrightHolder":{"@id":"https:\/\/agenciainfra.com\/blog\/#organization"}},{"@type":"WebPage","@id":"https:\/\/agenciainfra.com\/blog\/equipe-de-transicao-de-energia-entrega-diagnostico-do-setor-a-futuro-ministro\/","url":"https:\/\/agenciainfra.com\/blog\/equipe-de-transicao-de-energia-entrega-diagnostico-do-setor-a-futuro-ministro\/","name":"Equipe de transi\u00e7\u00e3o de energia entrega diagn\u00f3stico do setor a futuro ministro - Ag\u00eancia iNFRA","isPartOf":{"@id":"https:\/\/agenciainfra.com\/blog\/#website"},"primaryImageOfPage":{"@id":"https:\/\/agenciainfra.com\/blog\/equipe-de-transicao-de-energia-entrega-diagnostico-do-setor-a-futuro-ministro\/#primaryimage"},"image":{"@id":"https:\/\/agenciainfra.com\/blog\/equipe-de-transicao-de-energia-entrega-diagnostico-do-setor-a-futuro-ministro\/#primaryimage"},"thumbnailUrl":"https:\/\/agenciainfra.com\/blog\/wp-content\/uploads\/2018\/12\/WhatsApp-Image-2018-12-13-at-22.01.04.jpeg","datePublished":"2018-12-15T07:05:53+00:00","breadcrumb":{"@id":"https:\/\/agenciainfra.com\/blog\/equipe-de-transicao-de-energia-entrega-diagnostico-do-setor-a-futuro-ministro\/#breadcrumb"},"inLanguage":"pt-BR","potentialAction":[{"@type":"ReadAction","target":["https:\/\/agenciainfra.com\/blog\/equipe-de-transicao-de-energia-entrega-diagnostico-do-setor-a-futuro-ministro\/"]}]},{"@type":"ImageObject","inLanguage":"pt-BR","@id":"https:\/\/agenciainfra.com\/blog\/equipe-de-transicao-de-energia-entrega-diagnostico-do-setor-a-futuro-ministro\/#primaryimage","url":"https:\/\/agenciainfra.com\/blog\/wp-content\/uploads\/2018\/12\/WhatsApp-Image-2018-12-13-at-22.01.04.jpeg","contentUrl":"https:\/\/agenciainfra.com\/blog\/wp-content\/uploads\/2018\/12\/WhatsApp-Image-2018-12-13-at-22.01.04.jpeg","width":1280,"height":960},{"@type":"BreadcrumbList","@id":"https:\/\/agenciainfra.com\/blog\/equipe-de-transicao-de-energia-entrega-diagnostico-do-setor-a-futuro-ministro\/#breadcrumb","itemListElement":[{"@type":"ListItem","position":1,"name":"In\u00edcio","item":"https:\/\/agenciainfra.com\/blog\/"},{"@type":"ListItem","position":2,"name":"Equipe de transi\u00e7\u00e3o de energia entrega diagn\u00f3stico do setor a futuro ministro"}]},{"@type":"WebSite","@id":"https:\/\/agenciainfra.com\/blog\/#website","url":"https:\/\/agenciainfra.com\/blog\/","name":"Ag\u00eancia iNFRA","description":"Multiplataforma de informa\u00e7\u00e3o jornal\u00edstica refer\u00eancia na \u00e1rea de infraestrutura no Brasil!","publisher":{"@id":"https:\/\/agenciainfra.com\/blog\/#organization"},"potentialAction":[{"@type":"SearchAction","target":{"@type":"EntryPoint","urlTemplate":"https:\/\/agenciainfra.com\/blog\/?s={search_term_string}"},"query-input":{"@type":"PropertyValueSpecification","valueRequired":true,"valueName":"search_term_string"}}],"inLanguage":"pt-BR"},{"@type":"Organization","@id":"https:\/\/agenciainfra.com\/blog\/#organization","name":"Ag\u00eancia iNFRA","url":"https:\/\/agenciainfra.com\/blog\/","logo":{"@type":"ImageObject","inLanguage":"pt-BR","@id":"https:\/\/agenciainfra.com\/blog\/#\/schema\/logo\/image\/","url":"https:\/\/agenciainfra.com\/blog\/wp-content\/uploads\/2023\/09\/iNFRA_5-e1761735885940.png","contentUrl":"https:\/\/agenciainfra.com\/blog\/wp-content\/uploads\/2023\/09\/iNFRA_5-e1761735885940.png","width":1672,"height":454,"caption":"Ag\u00eancia iNFRA"},"image":{"@id":"https:\/\/agenciainfra.com\/blog\/#\/schema\/logo\/image\/"},"sameAs":["https:\/\/www.facebook.com\/ageninfra","https:\/\/x.com\/agencia_infra","https:\/\/www.linkedin.com\/company\/ag\u00eanciainfra\/","https:\/\/www.instagram.com\/agenciainfra\/"]},{"@type":"Person","@id":"https:\/\/agenciainfra.com\/blog\/#\/schema\/person\/34af08dff6adea4cb22b06612ba7acfa","name":"Ag\u00eancia iNFRA","image":{"@type":"ImageObject","inLanguage":"pt-BR","@id":"https:\/\/agenciainfra.com\/blog\/#\/schema\/person\/image\/","url":"https:\/\/secure.gravatar.com\/avatar\/d189e01678f06d8eb84d4e01f08eb848b3fffe3f8443818d3c356c66892f5be8?s=96&d=mm&r=g","contentUrl":"https:\/\/secure.gravatar.com\/avatar\/d189e01678f06d8eb84d4e01f08eb848b3fffe3f8443818d3c356c66892f5be8?s=96&d=mm&r=g","caption":"Ag\u00eancia iNFRA"},"url":"https:\/\/agenciainfra.com\/blog\/author\/admin\/"}]}},"_links":{"self":[{"href":"https:\/\/agenciainfra.com\/blog\/wp-json\/wp\/v2\/posts\/2699","targetHints":{"allow":["GET"]}}],"collection":[{"href":"https:\/\/agenciainfra.com\/blog\/wp-json\/wp\/v2\/posts"}],"about":[{"href":"https:\/\/agenciainfra.com\/blog\/wp-json\/wp\/v2\/types\/post"}],"author":[{"embeddable":true,"href":"https:\/\/agenciainfra.com\/blog\/wp-json\/wp\/v2\/users\/1"}],"replies":[{"embeddable":true,"href":"https:\/\/agenciainfra.com\/blog\/wp-json\/wp\/v2\/comments?post=2699"}],"version-history":[{"count":0,"href":"https:\/\/agenciainfra.com\/blog\/wp-json\/wp\/v2\/posts\/2699\/revisions"}],"wp:featuredmedia":[{"embeddable":true,"href":"https:\/\/agenciainfra.com\/blog\/wp-json\/wp\/v2\/media\/2700"}],"wp:attachment":[{"href":"https:\/\/agenciainfra.com\/blog\/wp-json\/wp\/v2\/media?parent=2699"}],"wp:term":[{"taxonomy":"category","embeddable":true,"href":"https:\/\/agenciainfra.com\/blog\/wp-json\/wp\/v2\/categories?post=2699"},{"taxonomy":"post_tag","embeddable":true,"href":"https:\/\/agenciainfra.com\/blog\/wp-json\/wp\/v2\/tags?post=2699"}],"curies":[{"name":"wp","href":"https:\/\/api.w.org\/{rel}","templated":true}]}}