{"id":26992,"date":"2025-09-01T13:36:04","date_gmt":"2025-09-01T16:36:04","guid":{"rendered":"https:\/\/agenciainfra.com\/blog\/?p=26992"},"modified":"2025-09-01T13:41:39","modified_gmt":"2025-09-01T16:41:39","slug":"demanda-global-por-carga-aerea-tem-alta-de-55-em-julho-diz-iata","status":"publish","type":"post","link":"https:\/\/agenciainfra.com\/blog\/demanda-global-por-carga-aerea-tem-alta-de-55-em-julho-diz-iata\/","title":{"rendered":"Demanda global por carga a\u00e9rea tem alta de 5,5% em julho, diz Iata"},"content":{"rendered":"\n<p class=\"has-text-align-right\"><strong>da Ag\u00eancia iNFRA<\/strong><\/p>\n\n\n\n<p>A demanda total por transporte de carga a\u00e9rea cresceu em julho 5,5% na compara\u00e7\u00e3o com o mesmo m\u00eas de 2024. Os dados s\u00e3o da Iata (Associa\u00e7\u00e3o de Transporte A\u00e9reo Internacional). De acordo com a entidade, a capacidade registrou um aumento de 3,9%, em rela\u00e7\u00e3o com julho do ano anterior.<\/p>\n\n\n\n<p>Ainda segundo a associa\u00e7\u00e3o, a maioria das principais rotas comerciais apresentou alta, com exce\u00e7\u00e3o da rota \u00c1sia-Am\u00e9rica do Norte, que registrou uma queda de 1% na compara\u00e7\u00e3o com o mesmo per\u00edodo de 2024. &#8220;Uma queda acentuada no com\u00e9rcio eletr\u00f4nico, com o fim das isen\u00e7\u00f5es dos EUA para pequenas remessas, que provavelmente foi compensada pelos transportadores que anteciparam o envio de mercadorias antes do aumento das tarifas de importa\u00e7\u00e3o para o pa\u00eds&#8221;, observou o diretor-geral da Iata, Willie Walsh.<\/p>\n\n\n\n<p>Para Walsh, o impacto das mudan\u00e7as nas pol\u00edticas comerciais norte-americanas ficar\u00e1 mais claro nos dados de agosto. No entanto, o executivo indica que \u00e9 importante acompanhar toda a rede global. &#8220;Um quinto da carga a\u00e9rea viaja na rota comercial Europa-\u00c1sia, que registrou 29 meses de expans\u00e3o consecutiva, com um crescimento de 13,5% em rela\u00e7\u00e3o a julho do ano anterior&#8221;, afirmou.<\/p>\n\n\n\n<p>A Iata destacou alguns fatores relativos aos n\u00fameros divulgados, como a queda de 9,1% no pre\u00e7o do combust\u00edvel de avia\u00e7\u00e3o, em rela\u00e7\u00e3o ao mesmo per\u00edodo do ano passado \u2013&nbsp;por\u00e9m 4,3% acima do registrado em junho deste ano. Outro fator apontado \u00e9 a diminui\u00e7\u00e3o da manufatura global em julho, com uma queda para 49,66 do PMI \u2013&nbsp;a segunda vez desde janeiro em que o n\u00edvel de crescimento fica abaixo de 50 pontos.<\/p>\n\n\n\n<p>J\u00e1 as novas encomendas de exporta\u00e7\u00e3o mostram uma diminui\u00e7\u00e3o da confian\u00e7a em meio ao cen\u00e1rio de incertezas trazido pela nova pol\u00edtica comercial dos EUA, permanecendo negativas, em 48,2 pontos, pelo quarto m\u00eas seguido.<\/p>\n","protected":false},"excerpt":{"rendered":"<p>da Ag\u00eancia iNFRA A demanda total por transporte de carga a\u00e9rea cresceu em julho 5,5% na compara\u00e7\u00e3o com o mesmo m\u00eas de 2024. Os dados s\u00e3o da Iata (Associa\u00e7\u00e3o de Transporte A\u00e9reo Internacional). De acordo com a entidade, a capacidade registrou um aumento de 3,9%, em rela\u00e7\u00e3o com julho do ano anterior. Ainda segundo a [&hellip;]<\/p>\n","protected":false},"author":1,"featured_media":5791,"comment_status":"closed","ping_status":"closed","sticky":false,"template":"","format":"standard","meta":{"_monsterinsights_skip_tracking":false,"_monsterinsights_sitenote_active":false,"_monsterinsights_sitenote_note":"","_monsterinsights_sitenote_category":0,"footnotes":""},"categories":[1,13576],"tags":[15101,1390,65,14138,940,14137],"class_list":["post-26992","post","type-post","status-publish","format-standard","has-post-thumbnail","hentry","category-geral","category-giro-infra","tag-carga-aerea","tag-iata","tag-pmi","tag-politica-comercial-dos-eua","tag-transporte-de-carga","tag-willie-walsh"],"yoast_head":"<!-- This site is optimized with the Yoast SEO Premium plugin v25.4 (Yoast SEO v26.0) - https:\/\/yoast.com\/wordpress\/plugins\/seo\/ -->\n<title>Demanda global por carga a\u00e9rea tem alta de 5,5% em julho, diz Iata - Ag\u00eancia iNFRA<\/title>\n<meta name=\"robots\" content=\"index, follow, max-snippet:-1, max-image-preview:large, max-video-preview:-1\" \/>\n<link rel=\"canonical\" href=\"https:\/\/agenciainfra.com\/blog\/demanda-global-por-carga-aerea-tem-alta-de-55-em-julho-diz-iata\/\" \/>\n<meta property=\"og:locale\" content=\"pt_BR\" \/>\n<meta property=\"og:type\" content=\"article\" \/>\n<meta property=\"og:title\" content=\"Demanda global por carga a\u00e9rea tem alta de 5,5% em julho, diz Iata\" \/>\n<meta property=\"og:description\" content=\"da Ag\u00eancia iNFRA A demanda total por transporte de carga a\u00e9rea cresceu em julho 5,5% na compara\u00e7\u00e3o com o mesmo m\u00eas de 2024. Os dados s\u00e3o da Iata (Associa\u00e7\u00e3o de Transporte A\u00e9reo Internacional). De acordo com a entidade, a capacidade registrou um aumento de 3,9%, em rela\u00e7\u00e3o com julho do ano anterior. Ainda segundo a [&hellip;]\" \/>\n<meta property=\"og:url\" content=\"https:\/\/agenciainfra.com\/blog\/demanda-global-por-carga-aerea-tem-alta-de-55-em-julho-diz-iata\/\" \/>\n<meta property=\"og:site_name\" content=\"Ag\u00eancia iNFRA\" \/>\n<meta property=\"article:publisher\" content=\"https:\/\/www.facebook.com\/ageninfra\" \/>\n<meta property=\"article:published_time\" content=\"2025-09-01T16:36:04+00:00\" \/>\n<meta property=\"article:modified_time\" content=\"2025-09-01T16:41:39+00:00\" \/>\n<meta property=\"og:image\" content=\"https:\/\/agenciainfra.com\/blog\/wp-content\/uploads\/2020\/09\/aviao-por-do-sol-foto-dominio-publico.jpg\" \/>\n\t<meta property=\"og:image:width\" content=\"1280\" \/>\n\t<meta property=\"og:image:height\" content=\"789\" \/>\n\t<meta property=\"og:image:type\" content=\"image\/jpeg\" \/>\n<meta name=\"author\" content=\"Ag\u00eancia iNFRA\" \/>\n<meta name=\"twitter:card\" content=\"summary_large_image\" \/>\n<meta name=\"twitter:creator\" content=\"@agencia_infra\" \/>\n<meta name=\"twitter:site\" content=\"@agencia_infra\" \/>\n<meta name=\"twitter:label1\" content=\"Escrito por\" \/>\n\t<meta name=\"twitter:data1\" content=\"Ag\u00eancia iNFRA\" \/>\n\t<meta name=\"twitter:label2\" content=\"Est. tempo de leitura\" \/>\n\t<meta name=\"twitter:data2\" content=\"2 minutos\" \/>\n<script type=\"application\/ld+json\" class=\"yoast-schema-graph\">{\"@context\":\"https:\/\/schema.org\",\"@graph\":[{\"@type\":\"Article\",\"@id\":\"https:\/\/agenciainfra.com\/blog\/demanda-global-por-carga-aerea-tem-alta-de-55-em-julho-diz-iata\/#article\",\"isPartOf\":{\"@id\":\"https:\/\/agenciainfra.com\/blog\/demanda-global-por-carga-aerea-tem-alta-de-55-em-julho-diz-iata\/\"},\"author\":{\"name\":\"Ag\u00eancia iNFRA\",\"@id\":\"https:\/\/agenciainfra.com\/blog\/#\/schema\/person\/34af08dff6adea4cb22b06612ba7acfa\"},\"headline\":\"Demanda global por carga a\u00e9rea tem alta de 5,5% em julho, diz Iata\",\"datePublished\":\"2025-09-01T16:36:04+00:00\",\"dateModified\":\"2025-09-01T16:41:39+00:00\",\"mainEntityOfPage\":{\"@id\":\"https:\/\/agenciainfra.com\/blog\/demanda-global-por-carga-aerea-tem-alta-de-55-em-julho-diz-iata\/\"},\"wordCount\":334,\"publisher\":{\"@id\":\"https:\/\/agenciainfra.com\/blog\/#organization\"},\"image\":{\"@id\":\"https:\/\/agenciainfra.com\/blog\/demanda-global-por-carga-aerea-tem-alta-de-55-em-julho-diz-iata\/#primaryimage\"},\"thumbnailUrl\":\"https:\/\/agenciainfra.com\/blog\/wp-content\/uploads\/2020\/09\/aviao-por-do-sol-foto-dominio-publico.jpg\",\"keywords\":[\"carga a\u00e9rea\",\"IATA\",\"PMI\",\"pol\u00edtica comercial dos EUA\",\"transporte de carga\",\"Willie Walsh\"],\"articleSection\":[\"Geral\",\"Giro iNFRA\"],\"inLanguage\":\"pt-BR\",\"copyrightYear\":\"2025\",\"copyrightHolder\":{\"@id\":\"https:\/\/agenciainfra.com\/blog\/#organization\"}},{\"@type\":\"WebPage\",\"@id\":\"https:\/\/agenciainfra.com\/blog\/demanda-global-por-carga-aerea-tem-alta-de-55-em-julho-diz-iata\/\",\"url\":\"https:\/\/agenciainfra.com\/blog\/demanda-global-por-carga-aerea-tem-alta-de-55-em-julho-diz-iata\/\",\"name\":\"Demanda global por carga a\u00e9rea tem alta de 5,5% em julho, diz Iata - Ag\u00eancia iNFRA\",\"isPartOf\":{\"@id\":\"https:\/\/agenciainfra.com\/blog\/#website\"},\"primaryImageOfPage\":{\"@id\":\"https:\/\/agenciainfra.com\/blog\/demanda-global-por-carga-aerea-tem-alta-de-55-em-julho-diz-iata\/#primaryimage\"},\"image\":{\"@id\":\"https:\/\/agenciainfra.com\/blog\/demanda-global-por-carga-aerea-tem-alta-de-55-em-julho-diz-iata\/#primaryimage\"},\"thumbnailUrl\":\"https:\/\/agenciainfra.com\/blog\/wp-content\/uploads\/2020\/09\/aviao-por-do-sol-foto-dominio-publico.jpg\",\"datePublished\":\"2025-09-01T16:36:04+00:00\",\"dateModified\":\"2025-09-01T16:41:39+00:00\",\"breadcrumb\":{\"@id\":\"https:\/\/agenciainfra.com\/blog\/demanda-global-por-carga-aerea-tem-alta-de-55-em-julho-diz-iata\/#breadcrumb\"},\"inLanguage\":\"pt-BR\",\"potentialAction\":[{\"@type\":\"ReadAction\",\"target\":[\"https:\/\/agenciainfra.com\/blog\/demanda-global-por-carga-aerea-tem-alta-de-55-em-julho-diz-iata\/\"]}]},{\"@type\":\"ImageObject\",\"inLanguage\":\"pt-BR\",\"@id\":\"https:\/\/agenciainfra.com\/blog\/demanda-global-por-carga-aerea-tem-alta-de-55-em-julho-diz-iata\/#primaryimage\",\"url\":\"https:\/\/agenciainfra.com\/blog\/wp-content\/uploads\/2020\/09\/aviao-por-do-sol-foto-dominio-publico.jpg\",\"contentUrl\":\"https:\/\/agenciainfra.com\/blog\/wp-content\/uploads\/2020\/09\/aviao-por-do-sol-foto-dominio-publico.jpg\",\"width\":1280,\"height\":789,\"caption\":\"Foto: Dom\u00ednio p\u00fablico\"},{\"@type\":\"BreadcrumbList\",\"@id\":\"https:\/\/agenciainfra.com\/blog\/demanda-global-por-carga-aerea-tem-alta-de-55-em-julho-diz-iata\/#breadcrumb\",\"itemListElement\":[{\"@type\":\"ListItem\",\"position\":1,\"name\":\"In\u00edcio\",\"item\":\"https:\/\/agenciainfra.com\/blog\/\"},{\"@type\":\"ListItem\",\"position\":2,\"name\":\"Demanda global por carga a\u00e9rea tem alta de 5,5% em julho, diz Iata\"}]},{\"@type\":\"WebSite\",\"@id\":\"https:\/\/agenciainfra.com\/blog\/#website\",\"url\":\"https:\/\/agenciainfra.com\/blog\/\",\"name\":\"Ag\u00eancia iNFRA\",\"description\":\"Multiplataforma de informa\u00e7\u00e3o jornal\u00edstica refer\u00eancia na \u00e1rea de infraestrutura no Brasil!\",\"publisher\":{\"@id\":\"https:\/\/agenciainfra.com\/blog\/#organization\"},\"potentialAction\":[{\"@type\":\"SearchAction\",\"target\":{\"@type\":\"EntryPoint\",\"urlTemplate\":\"https:\/\/agenciainfra.com\/blog\/?s={search_term_string}\"},\"query-input\":{\"@type\":\"PropertyValueSpecification\",\"valueRequired\":true,\"valueName\":\"search_term_string\"}}],\"inLanguage\":\"pt-BR\"},{\"@type\":\"Organization\",\"@id\":\"https:\/\/agenciainfra.com\/blog\/#organization\",\"name\":\"Ag\u00eancia iNFRA\",\"url\":\"https:\/\/agenciainfra.com\/blog\/\",\"logo\":{\"@type\":\"ImageObject\",\"inLanguage\":\"pt-BR\",\"@id\":\"https:\/\/agenciainfra.com\/blog\/#\/schema\/logo\/image\/\",\"url\":\"https:\/\/agenciainfra.com\/blog\/wp-content\/uploads\/2023\/09\/iNFRA_5-e1761735885940.png\",\"contentUrl\":\"https:\/\/agenciainfra.com\/blog\/wp-content\/uploads\/2023\/09\/iNFRA_5-e1761735885940.png\",\"width\":1672,\"height\":454,\"caption\":\"Ag\u00eancia iNFRA\"},\"image\":{\"@id\":\"https:\/\/agenciainfra.com\/blog\/#\/schema\/logo\/image\/\"},\"sameAs\":[\"https:\/\/www.facebook.com\/ageninfra\",\"https:\/\/x.com\/agencia_infra\",\"https:\/\/www.linkedin.com\/company\/ag\u00eanciainfra\/\",\"https:\/\/www.instagram.com\/agenciainfra\/\"]},{\"@type\":\"Person\",\"@id\":\"https:\/\/agenciainfra.com\/blog\/#\/schema\/person\/34af08dff6adea4cb22b06612ba7acfa\",\"name\":\"Ag\u00eancia iNFRA\",\"image\":{\"@type\":\"ImageObject\",\"inLanguage\":\"pt-BR\",\"@id\":\"https:\/\/agenciainfra.com\/blog\/#\/schema\/person\/image\/\",\"url\":\"https:\/\/secure.gravatar.com\/avatar\/d189e01678f06d8eb84d4e01f08eb848b3fffe3f8443818d3c356c66892f5be8?s=96&d=mm&r=g\",\"contentUrl\":\"https:\/\/secure.gravatar.com\/avatar\/d189e01678f06d8eb84d4e01f08eb848b3fffe3f8443818d3c356c66892f5be8?s=96&d=mm&r=g\",\"caption\":\"Ag\u00eancia iNFRA\"},\"url\":\"https:\/\/agenciainfra.com\/blog\/author\/admin\/\"}]}<\/script>\n<!-- \/ Yoast SEO Premium plugin. -->","yoast_head_json":{"title":"Demanda global por carga a\u00e9rea tem alta de 5,5% em julho, diz Iata - Ag\u00eancia iNFRA","robots":{"index":"index","follow":"follow","max-snippet":"max-snippet:-1","max-image-preview":"max-image-preview:large","max-video-preview":"max-video-preview:-1"},"canonical":"https:\/\/agenciainfra.com\/blog\/demanda-global-por-carga-aerea-tem-alta-de-55-em-julho-diz-iata\/","og_locale":"pt_BR","og_type":"article","og_title":"Demanda global por carga a\u00e9rea tem alta de 5,5% em julho, diz Iata","og_description":"da Ag\u00eancia iNFRA A demanda total por transporte de carga a\u00e9rea cresceu em julho 5,5% na compara\u00e7\u00e3o com o mesmo m\u00eas de 2024. Os dados s\u00e3o da Iata (Associa\u00e7\u00e3o de Transporte A\u00e9reo Internacional). De acordo com a entidade, a capacidade registrou um aumento de 3,9%, em rela\u00e7\u00e3o com julho do ano anterior. Ainda segundo a [&hellip;]","og_url":"https:\/\/agenciainfra.com\/blog\/demanda-global-por-carga-aerea-tem-alta-de-55-em-julho-diz-iata\/","og_site_name":"Ag\u00eancia iNFRA","article_publisher":"https:\/\/www.facebook.com\/ageninfra","article_published_time":"2025-09-01T16:36:04+00:00","article_modified_time":"2025-09-01T16:41:39+00:00","og_image":[{"width":1280,"height":789,"url":"https:\/\/agenciainfra.com\/blog\/wp-content\/uploads\/2020\/09\/aviao-por-do-sol-foto-dominio-publico.jpg","type":"image\/jpeg"}],"author":"Ag\u00eancia iNFRA","twitter_card":"summary_large_image","twitter_creator":"@agencia_infra","twitter_site":"@agencia_infra","twitter_misc":{"Escrito por":"Ag\u00eancia iNFRA","Est. tempo de leitura":"2 minutos"},"schema":{"@context":"https:\/\/schema.org","@graph":[{"@type":"Article","@id":"https:\/\/agenciainfra.com\/blog\/demanda-global-por-carga-aerea-tem-alta-de-55-em-julho-diz-iata\/#article","isPartOf":{"@id":"https:\/\/agenciainfra.com\/blog\/demanda-global-por-carga-aerea-tem-alta-de-55-em-julho-diz-iata\/"},"author":{"name":"Ag\u00eancia iNFRA","@id":"https:\/\/agenciainfra.com\/blog\/#\/schema\/person\/34af08dff6adea4cb22b06612ba7acfa"},"headline":"Demanda global por carga a\u00e9rea tem alta de 5,5% em julho, diz Iata","datePublished":"2025-09-01T16:36:04+00:00","dateModified":"2025-09-01T16:41:39+00:00","mainEntityOfPage":{"@id":"https:\/\/agenciainfra.com\/blog\/demanda-global-por-carga-aerea-tem-alta-de-55-em-julho-diz-iata\/"},"wordCount":334,"publisher":{"@id":"https:\/\/agenciainfra.com\/blog\/#organization"},"image":{"@id":"https:\/\/agenciainfra.com\/blog\/demanda-global-por-carga-aerea-tem-alta-de-55-em-julho-diz-iata\/#primaryimage"},"thumbnailUrl":"https:\/\/agenciainfra.com\/blog\/wp-content\/uploads\/2020\/09\/aviao-por-do-sol-foto-dominio-publico.jpg","keywords":["carga a\u00e9rea","IATA","PMI","pol\u00edtica comercial dos EUA","transporte de carga","Willie Walsh"],"articleSection":["Geral","Giro iNFRA"],"inLanguage":"pt-BR","copyrightYear":"2025","copyrightHolder":{"@id":"https:\/\/agenciainfra.com\/blog\/#organization"}},{"@type":"WebPage","@id":"https:\/\/agenciainfra.com\/blog\/demanda-global-por-carga-aerea-tem-alta-de-55-em-julho-diz-iata\/","url":"https:\/\/agenciainfra.com\/blog\/demanda-global-por-carga-aerea-tem-alta-de-55-em-julho-diz-iata\/","name":"Demanda global por carga a\u00e9rea tem alta de 5,5% em julho, diz Iata - Ag\u00eancia iNFRA","isPartOf":{"@id":"https:\/\/agenciainfra.com\/blog\/#website"},"primaryImageOfPage":{"@id":"https:\/\/agenciainfra.com\/blog\/demanda-global-por-carga-aerea-tem-alta-de-55-em-julho-diz-iata\/#primaryimage"},"image":{"@id":"https:\/\/agenciainfra.com\/blog\/demanda-global-por-carga-aerea-tem-alta-de-55-em-julho-diz-iata\/#primaryimage"},"thumbnailUrl":"https:\/\/agenciainfra.com\/blog\/wp-content\/uploads\/2020\/09\/aviao-por-do-sol-foto-dominio-publico.jpg","datePublished":"2025-09-01T16:36:04+00:00","dateModified":"2025-09-01T16:41:39+00:00","breadcrumb":{"@id":"https:\/\/agenciainfra.com\/blog\/demanda-global-por-carga-aerea-tem-alta-de-55-em-julho-diz-iata\/#breadcrumb"},"inLanguage":"pt-BR","potentialAction":[{"@type":"ReadAction","target":["https:\/\/agenciainfra.com\/blog\/demanda-global-por-carga-aerea-tem-alta-de-55-em-julho-diz-iata\/"]}]},{"@type":"ImageObject","inLanguage":"pt-BR","@id":"https:\/\/agenciainfra.com\/blog\/demanda-global-por-carga-aerea-tem-alta-de-55-em-julho-diz-iata\/#primaryimage","url":"https:\/\/agenciainfra.com\/blog\/wp-content\/uploads\/2020\/09\/aviao-por-do-sol-foto-dominio-publico.jpg","contentUrl":"https:\/\/agenciainfra.com\/blog\/wp-content\/uploads\/2020\/09\/aviao-por-do-sol-foto-dominio-publico.jpg","width":1280,"height":789,"caption":"Foto: Dom\u00ednio p\u00fablico"},{"@type":"BreadcrumbList","@id":"https:\/\/agenciainfra.com\/blog\/demanda-global-por-carga-aerea-tem-alta-de-55-em-julho-diz-iata\/#breadcrumb","itemListElement":[{"@type":"ListItem","position":1,"name":"In\u00edcio","item":"https:\/\/agenciainfra.com\/blog\/"},{"@type":"ListItem","position":2,"name":"Demanda global por carga a\u00e9rea tem alta de 5,5% em julho, diz Iata"}]},{"@type":"WebSite","@id":"https:\/\/agenciainfra.com\/blog\/#website","url":"https:\/\/agenciainfra.com\/blog\/","name":"Ag\u00eancia iNFRA","description":"Multiplataforma de informa\u00e7\u00e3o jornal\u00edstica refer\u00eancia na \u00e1rea de infraestrutura no Brasil!","publisher":{"@id":"https:\/\/agenciainfra.com\/blog\/#organization"},"potentialAction":[{"@type":"SearchAction","target":{"@type":"EntryPoint","urlTemplate":"https:\/\/agenciainfra.com\/blog\/?s={search_term_string}"},"query-input":{"@type":"PropertyValueSpecification","valueRequired":true,"valueName":"search_term_string"}}],"inLanguage":"pt-BR"},{"@type":"Organization","@id":"https:\/\/agenciainfra.com\/blog\/#organization","name":"Ag\u00eancia iNFRA","url":"https:\/\/agenciainfra.com\/blog\/","logo":{"@type":"ImageObject","inLanguage":"pt-BR","@id":"https:\/\/agenciainfra.com\/blog\/#\/schema\/logo\/image\/","url":"https:\/\/agenciainfra.com\/blog\/wp-content\/uploads\/2023\/09\/iNFRA_5-e1761735885940.png","contentUrl":"https:\/\/agenciainfra.com\/blog\/wp-content\/uploads\/2023\/09\/iNFRA_5-e1761735885940.png","width":1672,"height":454,"caption":"Ag\u00eancia iNFRA"},"image":{"@id":"https:\/\/agenciainfra.com\/blog\/#\/schema\/logo\/image\/"},"sameAs":["https:\/\/www.facebook.com\/ageninfra","https:\/\/x.com\/agencia_infra","https:\/\/www.linkedin.com\/company\/ag\u00eanciainfra\/","https:\/\/www.instagram.com\/agenciainfra\/"]},{"@type":"Person","@id":"https:\/\/agenciainfra.com\/blog\/#\/schema\/person\/34af08dff6adea4cb22b06612ba7acfa","name":"Ag\u00eancia iNFRA","image":{"@type":"ImageObject","inLanguage":"pt-BR","@id":"https:\/\/agenciainfra.com\/blog\/#\/schema\/person\/image\/","url":"https:\/\/secure.gravatar.com\/avatar\/d189e01678f06d8eb84d4e01f08eb848b3fffe3f8443818d3c356c66892f5be8?s=96&d=mm&r=g","contentUrl":"https:\/\/secure.gravatar.com\/avatar\/d189e01678f06d8eb84d4e01f08eb848b3fffe3f8443818d3c356c66892f5be8?s=96&d=mm&r=g","caption":"Ag\u00eancia iNFRA"},"url":"https:\/\/agenciainfra.com\/blog\/author\/admin\/"}]}},"_links":{"self":[{"href":"https:\/\/agenciainfra.com\/blog\/wp-json\/wp\/v2\/posts\/26992","targetHints":{"allow":["GET"]}}],"collection":[{"href":"https:\/\/agenciainfra.com\/blog\/wp-json\/wp\/v2\/posts"}],"about":[{"href":"https:\/\/agenciainfra.com\/blog\/wp-json\/wp\/v2\/types\/post"}],"author":[{"embeddable":true,"href":"https:\/\/agenciainfra.com\/blog\/wp-json\/wp\/v2\/users\/1"}],"replies":[{"embeddable":true,"href":"https:\/\/agenciainfra.com\/blog\/wp-json\/wp\/v2\/comments?post=26992"}],"version-history":[{"count":2,"href":"https:\/\/agenciainfra.com\/blog\/wp-json\/wp\/v2\/posts\/26992\/revisions"}],"predecessor-version":[{"id":26996,"href":"https:\/\/agenciainfra.com\/blog\/wp-json\/wp\/v2\/posts\/26992\/revisions\/26996"}],"wp:featuredmedia":[{"embeddable":true,"href":"https:\/\/agenciainfra.com\/blog\/wp-json\/wp\/v2\/media\/5791"}],"wp:attachment":[{"href":"https:\/\/agenciainfra.com\/blog\/wp-json\/wp\/v2\/media?parent=26992"}],"wp:term":[{"taxonomy":"category","embeddable":true,"href":"https:\/\/agenciainfra.com\/blog\/wp-json\/wp\/v2\/categories?post=26992"},{"taxonomy":"post_tag","embeddable":true,"href":"https:\/\/agenciainfra.com\/blog\/wp-json\/wp\/v2\/tags?post=26992"}],"curies":[{"name":"wp","href":"https:\/\/api.w.org\/{rel}","templated":true}]}}