{"id":27003,"date":"2025-09-01T15:38:42","date_gmt":"2025-09-01T18:38:42","guid":{"rendered":"https:\/\/agenciainfra.com\/blog\/?p=27003"},"modified":"2025-09-02T11:43:35","modified_gmt":"2025-09-02T14:43:35","slug":"novos-diretores-da-aneel-assinam-termos-de-posse-nesta-segunda-feira-1o","status":"publish","type":"post","link":"https:\/\/agenciainfra.com\/blog\/novos-diretores-da-aneel-assinam-termos-de-posse-nesta-segunda-feira-1o\/","title":{"rendered":"Novos diretores da ANEEL assinam termos de posse nesta segunda-feira (1\u00ba)"},"content":{"rendered":"\n<p class=\"has-text-align-right\"><strong>Marisa Wanzeller, da Ag\u00eancia iNFRA<\/strong><\/p>\n\n\n\n<p>Os novos diretores da ANEEL (Ag\u00eancia Nacional de Energia El\u00e9trica), Gentil Nogueira e Willamy Frota, devem assinar os termos de posse nesta segunda-feira (1\u00ba), disseram fontes \u00e0 <strong>Ag\u00eancia iNFRA<\/strong>. J\u00e1 a cerim\u00f4nia \u00e9 prevista para o dia 16 de setembro.&nbsp;<\/p>\n\n\n\n<p>Embora assinem os termos ainda na segunda-feira, os diretores n\u00e3o devem participar da reuni\u00e3o colegiada da diretoria nesta ter\u00e7a-feira (2), que ocorrer\u00e1 s\u00f3 com o diretor-geral, Sandoval Feitosa, e os diretores Fernando Mosna e Agnes Costa. Os processos relatados pelos diretores substitutos, Daniel Danna e Ivo Nazareno, foram retirados de pauta.&nbsp;<\/p>\n\n\n\n<p><strong>ANP<\/strong><br>Os novos diretores da ANP (Ag\u00eancia Nacional do Petr\u00f3leo, G\u00e1s Natural e Biocombust\u00edveis), Artur Watt e Pietro Mendes, j\u00e1 assinaram os termos de posse na \u00faltima sexta-feira (29). A cerim\u00f4nia deve ocorrer nesta sexta-feira (5), \u00e0s 10h, no Centro Cultural FGV, no Rio de Janeiro.<\/p>\n\n\n\n<p><\/p>\n","protected":false},"excerpt":{"rendered":"<p>Marisa Wanzeller, da Ag\u00eancia iNFRA Os novos diretores da ANEEL (Ag\u00eancia Nacional de Energia El\u00e9trica), Gentil Nogueira e Willamy Frota, devem assinar os termos de posse nesta segunda-feira (1\u00ba), disseram fontes \u00e0 Ag\u00eancia iNFRA. J\u00e1 a cerim\u00f4nia \u00e9 prevista para o dia 16 de setembro.&nbsp; Embora assinem os termos ainda na segunda-feira, os diretores n\u00e3o [&hellip;]<\/p>\n","protected":false},"author":1,"featured_media":26474,"comment_status":"closed","ping_status":"closed","sticky":false,"template":"","format":"standard","meta":{"_monsterinsights_skip_tracking":false,"_monsterinsights_sitenote_active":false,"_monsterinsights_sitenote_note":"","_monsterinsights_sitenote_category":0,"footnotes":""},"categories":[1,10],"tags":[1101,9541,9543,6781,15104,12610,6335,15105,11892],"class_list":["post-27003","post","type-post","status-publish","format-standard","has-post-thumbnail","hentry","category-geral","category-infraenergia","tag-anp","tag-artur-watt","tag-diretoria-da-aneel","tag-gentil-nogueira","tag-indicados-as-agencias","tag-novos-diretores","tag-pietro-mendes","tag-posse-na-aneel","tag-willamy-frota"],"yoast_head":"<!-- This site is optimized with the Yoast SEO Premium plugin v25.4 (Yoast SEO v26.0) - https:\/\/yoast.com\/wordpress\/plugins\/seo\/ -->\n<title>Novos diretores da ANEEL assinam termos de posse nesta segunda-feira (1\u00ba) - Ag\u00eancia iNFRA<\/title>\n<meta name=\"robots\" content=\"index, follow, max-snippet:-1, max-image-preview:large, max-video-preview:-1\" \/>\n<link rel=\"canonical\" href=\"https:\/\/agenciainfra.com\/blog\/novos-diretores-da-aneel-assinam-termos-de-posse-nesta-segunda-feira-1o\/\" \/>\n<meta property=\"og:locale\" content=\"pt_BR\" \/>\n<meta property=\"og:type\" content=\"article\" \/>\n<meta property=\"og:title\" content=\"Novos diretores da ANEEL assinam termos de posse nesta segunda-feira (1\u00ba)\" \/>\n<meta property=\"og:description\" content=\"Marisa Wanzeller, da Ag\u00eancia iNFRA Os novos diretores da ANEEL (Ag\u00eancia Nacional de Energia El\u00e9trica), Gentil Nogueira e Willamy Frota, devem assinar os termos de posse nesta segunda-feira (1\u00ba), disseram fontes \u00e0 Ag\u00eancia iNFRA. J\u00e1 a cerim\u00f4nia \u00e9 prevista para o dia 16 de setembro.&nbsp; Embora assinem os termos ainda na segunda-feira, os diretores n\u00e3o [&hellip;]\" \/>\n<meta property=\"og:url\" content=\"https:\/\/agenciainfra.com\/blog\/novos-diretores-da-aneel-assinam-termos-de-posse-nesta-segunda-feira-1o\/\" \/>\n<meta property=\"og:site_name\" content=\"Ag\u00eancia iNFRA\" \/>\n<meta property=\"article:publisher\" content=\"https:\/\/www.facebook.com\/ageninfra\" \/>\n<meta property=\"article:published_time\" content=\"2025-09-01T18:38:42+00:00\" \/>\n<meta property=\"article:modified_time\" content=\"2025-09-02T14:43:35+00:00\" \/>\n<meta property=\"og:image\" content=\"https:\/\/agenciainfra.com\/blog\/wp-content\/uploads\/2025\/08\/pietro-mendes-artur-watt-marcos-rogerio-willamy-frota-e-gentil-nogueira-foto-saulo-cruz-agencia-senado.jpg\" \/>\n\t<meta property=\"og:image:width\" content=\"1280\" \/>\n\t<meta property=\"og:image:height\" content=\"853\" \/>\n\t<meta property=\"og:image:type\" content=\"image\/jpeg\" \/>\n<meta name=\"author\" content=\"Ag\u00eancia iNFRA\" \/>\n<meta name=\"twitter:card\" content=\"summary_large_image\" \/>\n<meta name=\"twitter:creator\" content=\"@agencia_infra\" \/>\n<meta name=\"twitter:site\" content=\"@agencia_infra\" \/>\n<meta name=\"twitter:label1\" content=\"Escrito por\" \/>\n\t<meta name=\"twitter:data1\" content=\"Ag\u00eancia iNFRA\" \/>\n\t<meta name=\"twitter:label2\" content=\"Est. tempo de leitura\" \/>\n\t<meta name=\"twitter:data2\" content=\"1 minuto\" \/>\n<script type=\"application\/ld+json\" class=\"yoast-schema-graph\">{\"@context\":\"https:\/\/schema.org\",\"@graph\":[{\"@type\":\"Article\",\"@id\":\"https:\/\/agenciainfra.com\/blog\/novos-diretores-da-aneel-assinam-termos-de-posse-nesta-segunda-feira-1o\/#article\",\"isPartOf\":{\"@id\":\"https:\/\/agenciainfra.com\/blog\/novos-diretores-da-aneel-assinam-termos-de-posse-nesta-segunda-feira-1o\/\"},\"author\":{\"name\":\"Ag\u00eancia iNFRA\",\"@id\":\"https:\/\/agenciainfra.com\/blog\/#\/schema\/person\/34af08dff6adea4cb22b06612ba7acfa\"},\"headline\":\"Novos diretores da ANEEL assinam termos de posse nesta segunda-feira (1\u00ba)\",\"datePublished\":\"2025-09-01T18:38:42+00:00\",\"dateModified\":\"2025-09-02T14:43:35+00:00\",\"mainEntityOfPage\":{\"@id\":\"https:\/\/agenciainfra.com\/blog\/novos-diretores-da-aneel-assinam-termos-de-posse-nesta-segunda-feira-1o\/\"},\"wordCount\":160,\"publisher\":{\"@id\":\"https:\/\/agenciainfra.com\/blog\/#organization\"},\"image\":{\"@id\":\"https:\/\/agenciainfra.com\/blog\/novos-diretores-da-aneel-assinam-termos-de-posse-nesta-segunda-feira-1o\/#primaryimage\"},\"thumbnailUrl\":\"https:\/\/agenciainfra.com\/blog\/wp-content\/uploads\/2025\/08\/pietro-mendes-artur-watt-marcos-rogerio-willamy-frota-e-gentil-nogueira-foto-saulo-cruz-agencia-senado.jpg\",\"keywords\":[\"ANP\",\"Artur Watt\",\"Diretoria da ANEEL\",\"Gentil Nogueira\",\"indicados \u00e0s ag\u00eancias\",\"novos diretores\",\"Pietro Mendes\",\"posse na ANEEL\",\"Willamy Frota\"],\"articleSection\":[\"Geral\",\"iNFRAEnergia\"],\"inLanguage\":\"pt-BR\",\"copyrightYear\":\"2025\",\"copyrightHolder\":{\"@id\":\"https:\/\/agenciainfra.com\/blog\/#organization\"}},{\"@type\":\"WebPage\",\"@id\":\"https:\/\/agenciainfra.com\/blog\/novos-diretores-da-aneel-assinam-termos-de-posse-nesta-segunda-feira-1o\/\",\"url\":\"https:\/\/agenciainfra.com\/blog\/novos-diretores-da-aneel-assinam-termos-de-posse-nesta-segunda-feira-1o\/\",\"name\":\"Novos diretores da ANEEL assinam termos de posse nesta segunda-feira (1\u00ba) - Ag\u00eancia iNFRA\",\"isPartOf\":{\"@id\":\"https:\/\/agenciainfra.com\/blog\/#website\"},\"primaryImageOfPage\":{\"@id\":\"https:\/\/agenciainfra.com\/blog\/novos-diretores-da-aneel-assinam-termos-de-posse-nesta-segunda-feira-1o\/#primaryimage\"},\"image\":{\"@id\":\"https:\/\/agenciainfra.com\/blog\/novos-diretores-da-aneel-assinam-termos-de-posse-nesta-segunda-feira-1o\/#primaryimage\"},\"thumbnailUrl\":\"https:\/\/agenciainfra.com\/blog\/wp-content\/uploads\/2025\/08\/pietro-mendes-artur-watt-marcos-rogerio-willamy-frota-e-gentil-nogueira-foto-saulo-cruz-agencia-senado.jpg\",\"datePublished\":\"2025-09-01T18:38:42+00:00\",\"dateModified\":\"2025-09-02T14:43:35+00:00\",\"breadcrumb\":{\"@id\":\"https:\/\/agenciainfra.com\/blog\/novos-diretores-da-aneel-assinam-termos-de-posse-nesta-segunda-feira-1o\/#breadcrumb\"},\"inLanguage\":\"pt-BR\",\"potentialAction\":[{\"@type\":\"ReadAction\",\"target\":[\"https:\/\/agenciainfra.com\/blog\/novos-diretores-da-aneel-assinam-termos-de-posse-nesta-segunda-feira-1o\/\"]}]},{\"@type\":\"ImageObject\",\"inLanguage\":\"pt-BR\",\"@id\":\"https:\/\/agenciainfra.com\/blog\/novos-diretores-da-aneel-assinam-termos-de-posse-nesta-segunda-feira-1o\/#primaryimage\",\"url\":\"https:\/\/agenciainfra.com\/blog\/wp-content\/uploads\/2025\/08\/pietro-mendes-artur-watt-marcos-rogerio-willamy-frota-e-gentil-nogueira-foto-saulo-cruz-agencia-senado.jpg\",\"contentUrl\":\"https:\/\/agenciainfra.com\/blog\/wp-content\/uploads\/2025\/08\/pietro-mendes-artur-watt-marcos-rogerio-willamy-frota-e-gentil-nogueira-foto-saulo-cruz-agencia-senado.jpg\",\"width\":1280,\"height\":853,\"caption\":\"Foto: Saulo Cruz\/Ag\u00eancia Senado\"},{\"@type\":\"BreadcrumbList\",\"@id\":\"https:\/\/agenciainfra.com\/blog\/novos-diretores-da-aneel-assinam-termos-de-posse-nesta-segunda-feira-1o\/#breadcrumb\",\"itemListElement\":[{\"@type\":\"ListItem\",\"position\":1,\"name\":\"In\u00edcio\",\"item\":\"https:\/\/agenciainfra.com\/blog\/\"},{\"@type\":\"ListItem\",\"position\":2,\"name\":\"Novos diretores da ANEEL assinam termos de posse nesta segunda-feira (1\u00ba)\"}]},{\"@type\":\"WebSite\",\"@id\":\"https:\/\/agenciainfra.com\/blog\/#website\",\"url\":\"https:\/\/agenciainfra.com\/blog\/\",\"name\":\"Ag\u00eancia iNFRA\",\"description\":\"Multiplataforma de informa\u00e7\u00e3o jornal\u00edstica refer\u00eancia na \u00e1rea de infraestrutura no Brasil!\",\"publisher\":{\"@id\":\"https:\/\/agenciainfra.com\/blog\/#organization\"},\"potentialAction\":[{\"@type\":\"SearchAction\",\"target\":{\"@type\":\"EntryPoint\",\"urlTemplate\":\"https:\/\/agenciainfra.com\/blog\/?s={search_term_string}\"},\"query-input\":{\"@type\":\"PropertyValueSpecification\",\"valueRequired\":true,\"valueName\":\"search_term_string\"}}],\"inLanguage\":\"pt-BR\"},{\"@type\":\"Organization\",\"@id\":\"https:\/\/agenciainfra.com\/blog\/#organization\",\"name\":\"Ag\u00eancia iNFRA\",\"url\":\"https:\/\/agenciainfra.com\/blog\/\",\"logo\":{\"@type\":\"ImageObject\",\"inLanguage\":\"pt-BR\",\"@id\":\"https:\/\/agenciainfra.com\/blog\/#\/schema\/logo\/image\/\",\"url\":\"https:\/\/agenciainfra.com\/blog\/wp-content\/uploads\/2023\/09\/iNFRA_5-e1761735885940.png\",\"contentUrl\":\"https:\/\/agenciainfra.com\/blog\/wp-content\/uploads\/2023\/09\/iNFRA_5-e1761735885940.png\",\"width\":1672,\"height\":454,\"caption\":\"Ag\u00eancia iNFRA\"},\"image\":{\"@id\":\"https:\/\/agenciainfra.com\/blog\/#\/schema\/logo\/image\/\"},\"sameAs\":[\"https:\/\/www.facebook.com\/ageninfra\",\"https:\/\/x.com\/agencia_infra\",\"https:\/\/www.linkedin.com\/company\/ag\u00eanciainfra\/\",\"https:\/\/www.instagram.com\/agenciainfra\/\"]},{\"@type\":\"Person\",\"@id\":\"https:\/\/agenciainfra.com\/blog\/#\/schema\/person\/34af08dff6adea4cb22b06612ba7acfa\",\"name\":\"Ag\u00eancia iNFRA\",\"image\":{\"@type\":\"ImageObject\",\"inLanguage\":\"pt-BR\",\"@id\":\"https:\/\/agenciainfra.com\/blog\/#\/schema\/person\/image\/\",\"url\":\"https:\/\/secure.gravatar.com\/avatar\/d189e01678f06d8eb84d4e01f08eb848b3fffe3f8443818d3c356c66892f5be8?s=96&d=mm&r=g\",\"contentUrl\":\"https:\/\/secure.gravatar.com\/avatar\/d189e01678f06d8eb84d4e01f08eb848b3fffe3f8443818d3c356c66892f5be8?s=96&d=mm&r=g\",\"caption\":\"Ag\u00eancia iNFRA\"},\"url\":\"https:\/\/agenciainfra.com\/blog\/author\/admin\/\"}]}<\/script>\n<!-- \/ Yoast SEO Premium plugin. -->","yoast_head_json":{"title":"Novos diretores da ANEEL assinam termos de posse nesta segunda-feira (1\u00ba) - Ag\u00eancia iNFRA","robots":{"index":"index","follow":"follow","max-snippet":"max-snippet:-1","max-image-preview":"max-image-preview:large","max-video-preview":"max-video-preview:-1"},"canonical":"https:\/\/agenciainfra.com\/blog\/novos-diretores-da-aneel-assinam-termos-de-posse-nesta-segunda-feira-1o\/","og_locale":"pt_BR","og_type":"article","og_title":"Novos diretores da ANEEL assinam termos de posse nesta segunda-feira (1\u00ba)","og_description":"Marisa Wanzeller, da Ag\u00eancia iNFRA Os novos diretores da ANEEL (Ag\u00eancia Nacional de Energia El\u00e9trica), Gentil Nogueira e Willamy Frota, devem assinar os termos de posse nesta segunda-feira (1\u00ba), disseram fontes \u00e0 Ag\u00eancia iNFRA. J\u00e1 a cerim\u00f4nia \u00e9 prevista para o dia 16 de setembro.&nbsp; Embora assinem os termos ainda na segunda-feira, os diretores n\u00e3o [&hellip;]","og_url":"https:\/\/agenciainfra.com\/blog\/novos-diretores-da-aneel-assinam-termos-de-posse-nesta-segunda-feira-1o\/","og_site_name":"Ag\u00eancia iNFRA","article_publisher":"https:\/\/www.facebook.com\/ageninfra","article_published_time":"2025-09-01T18:38:42+00:00","article_modified_time":"2025-09-02T14:43:35+00:00","og_image":[{"width":1280,"height":853,"url":"https:\/\/agenciainfra.com\/blog\/wp-content\/uploads\/2025\/08\/pietro-mendes-artur-watt-marcos-rogerio-willamy-frota-e-gentil-nogueira-foto-saulo-cruz-agencia-senado.jpg","type":"image\/jpeg"}],"author":"Ag\u00eancia iNFRA","twitter_card":"summary_large_image","twitter_creator":"@agencia_infra","twitter_site":"@agencia_infra","twitter_misc":{"Escrito por":"Ag\u00eancia iNFRA","Est. tempo de leitura":"1 minuto"},"schema":{"@context":"https:\/\/schema.org","@graph":[{"@type":"Article","@id":"https:\/\/agenciainfra.com\/blog\/novos-diretores-da-aneel-assinam-termos-de-posse-nesta-segunda-feira-1o\/#article","isPartOf":{"@id":"https:\/\/agenciainfra.com\/blog\/novos-diretores-da-aneel-assinam-termos-de-posse-nesta-segunda-feira-1o\/"},"author":{"name":"Ag\u00eancia iNFRA","@id":"https:\/\/agenciainfra.com\/blog\/#\/schema\/person\/34af08dff6adea4cb22b06612ba7acfa"},"headline":"Novos diretores da ANEEL assinam termos de posse nesta segunda-feira (1\u00ba)","datePublished":"2025-09-01T18:38:42+00:00","dateModified":"2025-09-02T14:43:35+00:00","mainEntityOfPage":{"@id":"https:\/\/agenciainfra.com\/blog\/novos-diretores-da-aneel-assinam-termos-de-posse-nesta-segunda-feira-1o\/"},"wordCount":160,"publisher":{"@id":"https:\/\/agenciainfra.com\/blog\/#organization"},"image":{"@id":"https:\/\/agenciainfra.com\/blog\/novos-diretores-da-aneel-assinam-termos-de-posse-nesta-segunda-feira-1o\/#primaryimage"},"thumbnailUrl":"https:\/\/agenciainfra.com\/blog\/wp-content\/uploads\/2025\/08\/pietro-mendes-artur-watt-marcos-rogerio-willamy-frota-e-gentil-nogueira-foto-saulo-cruz-agencia-senado.jpg","keywords":["ANP","Artur Watt","Diretoria da ANEEL","Gentil Nogueira","indicados \u00e0s ag\u00eancias","novos diretores","Pietro Mendes","posse na ANEEL","Willamy Frota"],"articleSection":["Geral","iNFRAEnergia"],"inLanguage":"pt-BR","copyrightYear":"2025","copyrightHolder":{"@id":"https:\/\/agenciainfra.com\/blog\/#organization"}},{"@type":"WebPage","@id":"https:\/\/agenciainfra.com\/blog\/novos-diretores-da-aneel-assinam-termos-de-posse-nesta-segunda-feira-1o\/","url":"https:\/\/agenciainfra.com\/blog\/novos-diretores-da-aneel-assinam-termos-de-posse-nesta-segunda-feira-1o\/","name":"Novos diretores da ANEEL assinam termos de posse nesta segunda-feira (1\u00ba) - Ag\u00eancia iNFRA","isPartOf":{"@id":"https:\/\/agenciainfra.com\/blog\/#website"},"primaryImageOfPage":{"@id":"https:\/\/agenciainfra.com\/blog\/novos-diretores-da-aneel-assinam-termos-de-posse-nesta-segunda-feira-1o\/#primaryimage"},"image":{"@id":"https:\/\/agenciainfra.com\/blog\/novos-diretores-da-aneel-assinam-termos-de-posse-nesta-segunda-feira-1o\/#primaryimage"},"thumbnailUrl":"https:\/\/agenciainfra.com\/blog\/wp-content\/uploads\/2025\/08\/pietro-mendes-artur-watt-marcos-rogerio-willamy-frota-e-gentil-nogueira-foto-saulo-cruz-agencia-senado.jpg","datePublished":"2025-09-01T18:38:42+00:00","dateModified":"2025-09-02T14:43:35+00:00","breadcrumb":{"@id":"https:\/\/agenciainfra.com\/blog\/novos-diretores-da-aneel-assinam-termos-de-posse-nesta-segunda-feira-1o\/#breadcrumb"},"inLanguage":"pt-BR","potentialAction":[{"@type":"ReadAction","target":["https:\/\/agenciainfra.com\/blog\/novos-diretores-da-aneel-assinam-termos-de-posse-nesta-segunda-feira-1o\/"]}]},{"@type":"ImageObject","inLanguage":"pt-BR","@id":"https:\/\/agenciainfra.com\/blog\/novos-diretores-da-aneel-assinam-termos-de-posse-nesta-segunda-feira-1o\/#primaryimage","url":"https:\/\/agenciainfra.com\/blog\/wp-content\/uploads\/2025\/08\/pietro-mendes-artur-watt-marcos-rogerio-willamy-frota-e-gentil-nogueira-foto-saulo-cruz-agencia-senado.jpg","contentUrl":"https:\/\/agenciainfra.com\/blog\/wp-content\/uploads\/2025\/08\/pietro-mendes-artur-watt-marcos-rogerio-willamy-frota-e-gentil-nogueira-foto-saulo-cruz-agencia-senado.jpg","width":1280,"height":853,"caption":"Foto: Saulo Cruz\/Ag\u00eancia Senado"},{"@type":"BreadcrumbList","@id":"https:\/\/agenciainfra.com\/blog\/novos-diretores-da-aneel-assinam-termos-de-posse-nesta-segunda-feira-1o\/#breadcrumb","itemListElement":[{"@type":"ListItem","position":1,"name":"In\u00edcio","item":"https:\/\/agenciainfra.com\/blog\/"},{"@type":"ListItem","position":2,"name":"Novos diretores da ANEEL assinam termos de posse nesta segunda-feira (1\u00ba)"}]},{"@type":"WebSite","@id":"https:\/\/agenciainfra.com\/blog\/#website","url":"https:\/\/agenciainfra.com\/blog\/","name":"Ag\u00eancia iNFRA","description":"Multiplataforma de informa\u00e7\u00e3o jornal\u00edstica refer\u00eancia na \u00e1rea de infraestrutura no Brasil!","publisher":{"@id":"https:\/\/agenciainfra.com\/blog\/#organization"},"potentialAction":[{"@type":"SearchAction","target":{"@type":"EntryPoint","urlTemplate":"https:\/\/agenciainfra.com\/blog\/?s={search_term_string}"},"query-input":{"@type":"PropertyValueSpecification","valueRequired":true,"valueName":"search_term_string"}}],"inLanguage":"pt-BR"},{"@type":"Organization","@id":"https:\/\/agenciainfra.com\/blog\/#organization","name":"Ag\u00eancia iNFRA","url":"https:\/\/agenciainfra.com\/blog\/","logo":{"@type":"ImageObject","inLanguage":"pt-BR","@id":"https:\/\/agenciainfra.com\/blog\/#\/schema\/logo\/image\/","url":"https:\/\/agenciainfra.com\/blog\/wp-content\/uploads\/2023\/09\/iNFRA_5-e1761735885940.png","contentUrl":"https:\/\/agenciainfra.com\/blog\/wp-content\/uploads\/2023\/09\/iNFRA_5-e1761735885940.png","width":1672,"height":454,"caption":"Ag\u00eancia iNFRA"},"image":{"@id":"https:\/\/agenciainfra.com\/blog\/#\/schema\/logo\/image\/"},"sameAs":["https:\/\/www.facebook.com\/ageninfra","https:\/\/x.com\/agencia_infra","https:\/\/www.linkedin.com\/company\/ag\u00eanciainfra\/","https:\/\/www.instagram.com\/agenciainfra\/"]},{"@type":"Person","@id":"https:\/\/agenciainfra.com\/blog\/#\/schema\/person\/34af08dff6adea4cb22b06612ba7acfa","name":"Ag\u00eancia iNFRA","image":{"@type":"ImageObject","inLanguage":"pt-BR","@id":"https:\/\/agenciainfra.com\/blog\/#\/schema\/person\/image\/","url":"https:\/\/secure.gravatar.com\/avatar\/d189e01678f06d8eb84d4e01f08eb848b3fffe3f8443818d3c356c66892f5be8?s=96&d=mm&r=g","contentUrl":"https:\/\/secure.gravatar.com\/avatar\/d189e01678f06d8eb84d4e01f08eb848b3fffe3f8443818d3c356c66892f5be8?s=96&d=mm&r=g","caption":"Ag\u00eancia iNFRA"},"url":"https:\/\/agenciainfra.com\/blog\/author\/admin\/"}]}},"_links":{"self":[{"href":"https:\/\/agenciainfra.com\/blog\/wp-json\/wp\/v2\/posts\/27003","targetHints":{"allow":["GET"]}}],"collection":[{"href":"https:\/\/agenciainfra.com\/blog\/wp-json\/wp\/v2\/posts"}],"about":[{"href":"https:\/\/agenciainfra.com\/blog\/wp-json\/wp\/v2\/types\/post"}],"author":[{"embeddable":true,"href":"https:\/\/agenciainfra.com\/blog\/wp-json\/wp\/v2\/users\/1"}],"replies":[{"embeddable":true,"href":"https:\/\/agenciainfra.com\/blog\/wp-json\/wp\/v2\/comments?post=27003"}],"version-history":[{"count":3,"href":"https:\/\/agenciainfra.com\/blog\/wp-json\/wp\/v2\/posts\/27003\/revisions"}],"predecessor-version":[{"id":27014,"href":"https:\/\/agenciainfra.com\/blog\/wp-json\/wp\/v2\/posts\/27003\/revisions\/27014"}],"wp:featuredmedia":[{"embeddable":true,"href":"https:\/\/agenciainfra.com\/blog\/wp-json\/wp\/v2\/media\/26474"}],"wp:attachment":[{"href":"https:\/\/agenciainfra.com\/blog\/wp-json\/wp\/v2\/media?parent=27003"}],"wp:term":[{"taxonomy":"category","embeddable":true,"href":"https:\/\/agenciainfra.com\/blog\/wp-json\/wp\/v2\/categories?post=27003"},{"taxonomy":"post_tag","embeddable":true,"href":"https:\/\/agenciainfra.com\/blog\/wp-json\/wp\/v2\/tags?post=27003"}],"curies":[{"name":"wp","href":"https:\/\/api.w.org\/{rel}","templated":true}]}}